{"id":87800,"date":"2020-06-19T15:19:26","date_gmt":"2020-06-19T22:19:26","guid":{"rendered":"https:\/\/www.sonoraenequipo.com.mx\/?p=87800"},"modified":"2020-06-19T15:19:26","modified_gmt":"2020-06-19T22:19:26","slug":"hermosillo-consulta-implan-sobre-implementacion-de-ciclovias-emergentes","status":"publish","type":"post","link":"https:\/\/www.sonoraenequipo.com.mx\/hermosillo-consulta-implan-sobre-implementacion-de-ciclovias-emergentes\/","title":{"rendered":"HERMOSILLO.Consulta IMPLAN sobre implementaci\u00f3n de ciclov\u00edas emergentes"},"content":{"rendered":"<p>HERMOSILLO, SONORA,MX.\u2500El Gobierno de Hermosillo, encabezado por la alcaldesa Celida L\u00f3pez C\u00e1rdenas, a trav\u00e9s del IMPLAN, lanz\u00f3 una consulta digital para definir las vialidades donde se podr\u00edan implementar ciclov\u00edas emergentes, en busca de que m\u00e1s ciudadanos se trasladen a sus destinos en bicicleta y disminuir el riesgo de contagio de Covid-19 en el transporte urbano.<\/p>\n<p>&nbsp;<\/p>\n<p>Guadalupe Pe\u00f1\u00fa\u00f1uri Soto, titular del Instituto Municipal de Planeaci\u00f3n Urbana y del Espacio P\u00fablico (IMPLAN), inform\u00f3 que esto por la necesidad de dar una mayor seguridad a los usuarios de bicicleta ya existentes en la ciudad y tambi\u00e9n para dar una alternativa a quienes usan otros medios de trasporte como los camiones para que puedan moverse de una forma m\u00e1s segura, eficiente y econ\u00f3mica a trasladarse donde hay aglomeraciones y es m\u00e1s f\u00e1cil contagiarse\u201d,<\/p>\n<p>&nbsp;<\/p>\n<p>Sabemos que la infraestructura que existe en la ciudad no es suficiente para que los ciclistas se sientan seguros, dijo, por lo tanto al hacer ciclov\u00edas emergentes ampl\u00eda la red con una mayor interconexi\u00f3n y nos permite utilizar vialidades que son altamente demandadas, pero que por sus caracter\u00edsticas no han podido tener un ciclocarril.<\/p>\n<p>&nbsp;<\/p>\n<p>\u201cLa encuesta busca medir qu\u00e9 tanta demanda hay de este servicio, cu\u00e1les son las vialidades que m\u00e1s requieren de esta estrategia, si son m\u00e1s mujeres u hombres los que lo utilizar\u00edan, y otros datos que son importantes para poder priorizar al momento de llevar a cabo las acciones\u201d, explic\u00f3 Pe\u00f1\u00fa\u00f1uri Soto.<\/p>\n<p>&nbsp;<\/p>\n<p>Es aprovechar esta coyuntura de que en estos momentos haya disminuido mucho el tr\u00e1fico vehicular, abund\u00f3, entonces hay carriles que est\u00e1n pr\u00e1cticamente desocupados, que se pueden usar como ciclocarriles emergentes, adem\u00e1s de que despu\u00e9s de las 6 de la tarde no se puede salir en autom\u00f3vil, pero s\u00ed se puede en bicicleta.<\/p>\n<p>&nbsp;<\/p>\n<p>La encuesta en l\u00ednea estar\u00e1 disponible hasta el lunes de la pr\u00f3xima semana y con base a los resultados iniciar\u00e1n las estrategias de implementaci\u00f3n en las vialidades que los ciudadanos decidan que son prioritarias.<\/p>\n<p>&nbsp;<\/p>\n<p>Por su parte, Alfonso L\u00f3pez, dirigente de la organizaci\u00f3n Vigilantes del Transporte, manifest\u00f3 que le parece muy buena estrategia debido a que cada vez cambiar\u00e1 m\u00e1s la pir\u00e1mide de la movilidad en la ciudad y expres\u00f3 que recomienda a los ciudadanos el uso de la bicicleta como una sana manera de trasladarse.<\/p>\n<p>&nbsp;<\/p>\n<p>Para acceder a la plataforma, entra a <a href=\"https:\/\/bit.ly\/CicloviasEmergentes\">https:\/\/bit.ly\/CicloviasEmergentes<\/a><\/p>\n<p>&nbsp;<\/p>\n","protected":false},"excerpt":{"rendered":"<p>HERMOSILLO, SONORA,MX.\u2500El Gobierno de Hermosillo, encabezado por la alcaldesa Celida L\u00f3pez C\u00e1rdenas, a trav\u00e9s del&#8230;<\/p>\n","protected":false},"author":1,"featured_media":87801,"comment_status":"open","ping_status":"open","sticky":false,"template":"","format":"standard","meta":{"_monsterinsights_skip_tracking":false,"_monsterinsights_sitenote_active":false,"_monsterinsights_sitenote_note":"","_monsterinsights_sitenote_category":0,"footnotes":""},"categories":[4],"tags":[4297],"class_list":["post"],"yoast_head":" \n<title>Sonora en Equipo. HERMOSILLO.Consulta IMPLAN sobre implementaci\u00f3n de ciclov\u00edas emergentes Municipios<\/title>\n<meta name=\"description\" content=\"HERMOSILLO, SONORA,MX.\u2500El Gobierno de Hermosillo, encabezado por la alcaldesa Celida L\u00f3pez C\u00e1rdenas, a trav\u00e9s del IMPLAN, lanz\u00f3 una consulta digital para En Sonora en Equipo publicamos toda la informaci\u00f3n de Sonora, M\u00e9xico y el Mundo de manera oportuna y busca que la libertad de expresi\u00f3n sea real. Visita nuestro medio informativo publicado desde Hermosillo, Sonora. %\" \/>\n<meta name=\"robots\" content=\"index, follow, max-snippet:-1, max-image-preview:large, max-video-preview:-1\" \/>\n<link rel=\"canonical\" href=\"https:\/\/www.sonoraenequipo.com.mx\/hermosillo-consulta-implan-sobre-implementacion-de-ciclovias-emergentes\/\" \/>\n<meta property=\"og:locale\" content=\"es_ES\" \/>\n<meta property=\"og:type\" content=\"article\" \/>\n<meta property=\"og:title\" content=\"Sonora en Equipo. HERMOSILLO.Consulta IMPLAN sobre implementaci\u00f3n de ciclov\u00edas emergentes Municipios\" \/>\n<meta property=\"og:description\" content=\"HERMOSILLO, SONORA,MX.\u2500El Gobierno de Hermosillo, encabezado por la alcaldesa Celida L\u00f3pez C\u00e1rdenas, a trav\u00e9s del IMPLAN, lanz\u00f3 una consulta digital para En Sonora en Equipo publicamos toda la informaci\u00f3n de Sonora, M\u00e9xico y el Mundo de manera oportuna y busca que la libertad de expresi\u00f3n sea real. Visita nuestro medio informativo publicado desde Hermosillo, Sonora. %\" \/>\n<meta property=\"og:url\" content=\"https:\/\/www.sonoraenequipo.com.mx\/hermosillo-consulta-implan-sobre-implementacion-de-ciclovias-emergentes\/\" \/>\n<meta property=\"og:site_name\" content=\"Sonora en Equipo.\" \/>\n<meta property=\"article:publisher\" content=\"https:\/\/www.facebook.com\/SonoraEE\/\" \/>\n<meta property=\"article:author\" content=\"https:\/\/www.facebook.com\/SonoraEE\" \/>\n<meta property=\"article:published_time\" content=\"2020-06-19T22:19:26+00:00\" \/>\n<meta property=\"og:image\" content=\"https:\/\/www.sonoraenequipo.com.mx\/storage\/2020\/06\/ciclov\u00edas.jpg\" \/>\n\t<meta property=\"og:image:width\" content=\"600\" \/>\n\t<meta property=\"og:image:height\" content=\"400\" \/>\n\t<meta property=\"og:image:type\" content=\"image\/jpeg\" \/>\n<meta name=\"author\" content=\"enequipo\" \/>\n<meta name=\"twitter:card\" content=\"summary_large_image\" \/>\n<meta name=\"twitter:creator\" content=\"@sonoraenequipo\" \/>\n<meta name=\"twitter:site\" content=\"@sonoraenequipo\" \/>\n<meta name=\"twitter:label1\" content=\"Escrito por\" \/>\n\t<meta name=\"twitter:data1\" content=\"enequipo\" \/>\n\t<meta name=\"twitter:label2\" content=\"Tiempo de lectura\" \/>\n\t<meta name=\"twitter:data2\" content=\"2 minutos\" \/>\n<script type=\"application\/ld+json\" class=\"yoast-schema-graph\">{\"@context\":\"https:\/\/schema.org\",\"@graph\":[{\"@type\":\"Article\",\"@id\":\"https:\/\/www.sonoraenequipo.com.mx\/hermosillo-consulta-implan-sobre-implementacion-de-ciclovias-emergentes\/#article\",\"isPartOf\":{\"@id\":\"https:\/\/www.sonoraenequipo.com.mx\/hermosillo-consulta-implan-sobre-implementacion-de-ciclovias-emergentes\/\"},\"author\":{\"name\":\"enequipo\",\"@id\":\"https:\/\/www.sonoraenequipo.com.mx\/#\/schema\/person\/50102df0fb23a8fa9e8effad8fa81386\"},\"headline\":\"HERMOSILLO.Consulta IMPLAN sobre implementaci\u00f3n de ciclov\u00edas emergentes\",\"datePublished\":\"2020-06-19T22:19:26+00:00\",\"mainEntityOfPage\":{\"@id\":\"https:\/\/www.sonoraenequipo.com.mx\/hermosillo-consulta-implan-sobre-implementacion-de-ciclovias-emergentes\/\"},\"wordCount\":439,\"commentCount\":0,\"publisher\":{\"@id\":\"https:\/\/www.sonoraenequipo.com.mx\/#organization\"},\"image\":{\"@id\":\"https:\/\/www.sonoraenequipo.com.mx\/hermosillo-consulta-implan-sobre-implementacion-de-ciclovias-emergentes\/#primaryimage\"},\"thumbnailUrl\":\"https:\/\/www.sonoraenequipo.com.mx\/storage\/2020\/06\/ciclov\u00edas.jpg\",\"keywords\":[\"C\u00e9lida L\u00f3pez C\u00e1rdenas\"],\"articleSection\":[\"Municipios\"],\"inLanguage\":\"es\",\"potentialAction\":[{\"@type\":\"CommentAction\",\"name\":\"Comment\",\"target\":[\"https:\/\/www.sonoraenequipo.com.mx\/hermosillo-consulta-implan-sobre-implementacion-de-ciclovias-emergentes\/#respond\"]}]},{\"@type\":\"WebPage\",\"@id\":\"https:\/\/www.sonoraenequipo.com.mx\/hermosillo-consulta-implan-sobre-implementacion-de-ciclovias-emergentes\/\",\"url\":\"https:\/\/www.sonoraenequipo.com.mx\/hermosillo-consulta-implan-sobre-implementacion-de-ciclovias-emergentes\/\",\"name\":\"Sonora en Equipo. HERMOSILLO.Consulta IMPLAN sobre implementaci\u00f3n de ciclov\u00edas emergentes Municipios\",\"isPartOf\":{\"@id\":\"https:\/\/www.sonoraenequipo.com.mx\/#website\"},\"primaryImageOfPage\":{\"@id\":\"https:\/\/www.sonoraenequipo.com.mx\/hermosillo-consulta-implan-sobre-implementacion-de-ciclovias-emergentes\/#primaryimage\"},\"image\":{\"@id\":\"https:\/\/www.sonoraenequipo.com.mx\/hermosillo-consulta-implan-sobre-implementacion-de-ciclovias-emergentes\/#primaryimage\"},\"thumbnailUrl\":\"https:\/\/www.sonoraenequipo.com.mx\/storage\/2020\/06\/ciclov\u00edas.jpg\",\"datePublished\":\"2020-06-19T22:19:26+00:00\",\"description\":\"HERMOSILLO, SONORA,MX.\u2500El Gobierno de Hermosillo, encabezado por la alcaldesa Celida L\u00f3pez C\u00e1rdenas, a trav\u00e9s del IMPLAN, lanz\u00f3 una consulta digital para En Sonora en Equipo publicamos toda la informaci\u00f3n de Sonora, M\u00e9xico y el Mundo de manera oportuna y busca que la libertad de expresi\u00f3n sea real. Visita nuestro medio informativo publicado desde Hermosillo, Sonora. %\",\"breadcrumb\":{\"@id\":\"https:\/\/www.sonoraenequipo.com.mx\/hermosillo-consulta-implan-sobre-implementacion-de-ciclovias-emergentes\/#breadcrumb\"},\"inLanguage\":\"es\",\"potentialAction\":[{\"@type\":\"ReadAction\",\"target\":[\"https:\/\/www.sonoraenequipo.com.mx\/hermosillo-consulta-implan-sobre-implementacion-de-ciclovias-emergentes\/\"]}]},{\"@type\":\"ImageObject\",\"inLanguage\":\"es\",\"@id\":\"https:\/\/www.sonoraenequipo.com.mx\/hermosillo-consulta-implan-sobre-implementacion-de-ciclovias-emergentes\/#primaryimage\",\"url\":\"https:\/\/www.sonoraenequipo.com.mx\/storage\/2020\/06\/ciclov\u00edas.jpg\",\"contentUrl\":\"https:\/\/www.sonoraenequipo.com.mx\/storage\/2020\/06\/ciclov\u00edas.jpg\",\"width\":600,\"height\":400},{\"@type\":\"BreadcrumbList\",\"@id\":\"https:\/\/www.sonoraenequipo.com.mx\/hermosillo-consulta-implan-sobre-implementacion-de-ciclovias-emergentes\/#breadcrumb\",\"itemListElement\":[{\"@type\":\"ListItem\",\"position\":1,\"name\":\"Portada\",\"item\":\"https:\/\/www.sonoraenequipo.com.mx\/\"},{\"@type\":\"ListItem\",\"position\":2,\"name\":\"HERMOSILLO.Consulta IMPLAN sobre implementaci\u00f3n de ciclov\u00edas emergentes\"}]},{\"@type\":\"WebSite\",\"@id\":\"https:\/\/www.sonoraenequipo.com.mx\/#website\",\"url\":\"https:\/\/www.sonoraenequipo.com.mx\/\",\"name\":\"Sonora en Equipo.\",\"description\":\"Diario en l\u00ednea con Noticias desde Hermosillo, Sonora\",\"publisher\":{\"@id\":\"https:\/\/www.sonoraenequipo.com.mx\/#organization\"},\"potentialAction\":[{\"@type\":\"SearchAction\",\"target\":{\"@type\":\"EntryPoint\",\"urlTemplate\":\"https:\/\/www.sonoraenequipo.com.mx\/?s={search_term_string}\"},\"query-input\":{\"@type\":\"PropertyValueSpecification\",\"valueRequired\":true,\"valueName\":\"search_term_string\"}}],\"inLanguage\":\"es\"},{\"@type\":\"Organization\",\"@id\":\"https:\/\/www.sonoraenequipo.com.mx\/#organization\",\"name\":\"Sonoraenequipo.com.mx\",\"url\":\"https:\/\/www.sonoraenequipo.com.mx\/\",\"logo\":{\"@type\":\"ImageObject\",\"inLanguage\":\"es\",\"@id\":\"https:\/\/www.sonoraenequipo.com.mx\/#\/schema\/logo\/image\/\",\"url\":\"https:\/\/www.sonoraenequipo.com.mx\/storage\/2019\/01\/sonoraenequipo_opt.png\",\"contentUrl\":\"https:\/\/www.sonoraenequipo.com.mx\/storage\/2019\/01\/sonoraenequipo_opt.png\",\"width\":375,\"height\":125,\"caption\":\"Sonoraenequipo.com.mx\"},\"image\":{\"@id\":\"https:\/\/www.sonoraenequipo.com.mx\/#\/schema\/logo\/image\/\"},\"sameAs\":[\"https:\/\/www.facebook.com\/SonoraEE\/\",\"https:\/\/x.com\/sonoraenequipo\",\"https:\/\/www.youtube.com\/channel\/UC338nW-lPEYmJQs4ZABQ1SQ\"]},{\"@type\":\"Person\",\"@id\":\"https:\/\/www.sonoraenequipo.com.mx\/#\/schema\/person\/50102df0fb23a8fa9e8effad8fa81386\",\"name\":\"enequipo\",\"image\":{\"@type\":\"ImageObject\",\"inLanguage\":\"es\",\"@id\":\"https:\/\/www.sonoraenequipo.com.mx\/#\/schema\/person\/image\/\",\"url\":\"https:\/\/secure.gravatar.com\/avatar\/049821681b589dabc0bc20695993ccebb09f5b5d4d790cd9251b97faac7c652b?s=96&d=blank&r=g\",\"contentUrl\":\"https:\/\/secure.gravatar.com\/avatar\/049821681b589dabc0bc20695993ccebb09f5b5d4d790cd9251b97faac7c652b?s=96&d=blank&r=g\",\"caption\":\"enequipo\"},\"sameAs\":[\"https:\/\/www.facebook.com\/SonoraEE\"]}]}<\/script>\n ","yoast_head_json":{"title":"Sonora en Equipo. HERMOSILLO.Consulta IMPLAN sobre implementaci\u00f3n de ciclov\u00edas emergentes Municipios","description":"HERMOSILLO, SONORA,MX.\u2500El Gobierno de Hermosillo, encabezado por la alcaldesa Celida L\u00f3pez C\u00e1rdenas, a trav\u00e9s del IMPLAN, lanz\u00f3 una consulta digital para En Sonora en Equipo publicamos toda la informaci\u00f3n de Sonora, M\u00e9xico y el Mundo de manera oportuna y busca que la libertad de expresi\u00f3n sea real. Visita nuestro medio informativo publicado desde Hermosillo, Sonora. %","robots":{"index":"index","follow":"follow","max-snippet":"max-snippet:-1","max-image-preview":"max-image-preview:large","max-video-preview":"max-video-preview:-1"},"canonical":"https:\/\/www.sonoraenequipo.com.mx\/hermosillo-consulta-implan-sobre-implementacion-de-ciclovias-emergentes\/","og_locale":"es_ES","og_type":"article","og_title":"Sonora en Equipo. HERMOSILLO.Consulta IMPLAN sobre implementaci\u00f3n de ciclov\u00edas emergentes Municipios","og_description":"HERMOSILLO, SONORA,MX.\u2500El Gobierno de Hermosillo, encabezado por la alcaldesa Celida L\u00f3pez C\u00e1rdenas, a trav\u00e9s del IMPLAN, lanz\u00f3 una consulta digital para En Sonora en Equipo publicamos toda la informaci\u00f3n de Sonora, M\u00e9xico y el Mundo de manera oportuna y busca que la libertad de expresi\u00f3n sea real. Visita nuestro medio informativo publicado desde Hermosillo, Sonora. %","og_url":"https:\/\/www.sonoraenequipo.com.mx\/hermosillo-consulta-implan-sobre-implementacion-de-ciclovias-emergentes\/","og_site_name":"Sonora en Equipo.","article_publisher":"https:\/\/www.facebook.com\/SonoraEE\/","article_author":"https:\/\/www.facebook.com\/SonoraEE","article_published_time":"2020-06-19T22:19:26+00:00","og_image":[{"width":600,"height":400,"url":"https:\/\/www.sonoraenequipo.com.mx\/storage\/2020\/06\/ciclov\u00edas.jpg","type":"image\/jpeg"}],"author":"enequipo","twitter_card":"summary_large_image","twitter_creator":"@sonoraenequipo","twitter_site":"@sonoraenequipo","twitter_misc":{"Escrito por":"enequipo","Tiempo de lectura":"2 minutos"},"schema":{"@context":"https:\/\/schema.org","@graph":[{"@type":"Article","@id":"https:\/\/www.sonoraenequipo.com.mx\/hermosillo-consulta-implan-sobre-implementacion-de-ciclovias-emergentes\/#article","isPartOf":{"@id":"https:\/\/www.sonoraenequipo.com.mx\/hermosillo-consulta-implan-sobre-implementacion-de-ciclovias-emergentes\/"},"author":{"name":"enequipo","@id":"https:\/\/www.sonoraenequipo.com.mx\/#\/schema\/person\/50102df0fb23a8fa9e8effad8fa81386"},"headline":"HERMOSILLO.Consulta IMPLAN sobre implementaci\u00f3n de ciclov\u00edas emergentes","datePublished":"2020-06-19T22:19:26+00:00","mainEntityOfPage":{"@id":"https:\/\/www.sonoraenequipo.com.mx\/hermosillo-consulta-implan-sobre-implementacion-de-ciclovias-emergentes\/"},"wordCount":439,"commentCount":0,"publisher":{"@id":"https:\/\/www.sonoraenequipo.com.mx\/#organization"},"image":{"@id":"https:\/\/www.sonoraenequipo.com.mx\/hermosillo-consulta-implan-sobre-implementacion-de-ciclovias-emergentes\/#primaryimage"},"thumbnailUrl":"https:\/\/www.sonoraenequipo.com.mx\/storage\/2020\/06\/ciclov\u00edas.jpg","keywords":["C\u00e9lida L\u00f3pez C\u00e1rdenas"],"articleSection":["Municipios"],"inLanguage":"es","potentialAction":[{"@type":"CommentAction","name":"Comment","target":["https:\/\/www.sonoraenequipo.com.mx\/hermosillo-consulta-implan-sobre-implementacion-de-ciclovias-emergentes\/#respond"]}]},{"@type":"WebPage","@id":"https:\/\/www.sonoraenequipo.com.mx\/hermosillo-consulta-implan-sobre-implementacion-de-ciclovias-emergentes\/","url":"https:\/\/www.sonoraenequipo.com.mx\/hermosillo-consulta-implan-sobre-implementacion-de-ciclovias-emergentes\/","name":"Sonora en Equipo. HERMOSILLO.Consulta IMPLAN sobre implementaci\u00f3n de ciclov\u00edas emergentes Municipios","isPartOf":{"@id":"https:\/\/www.sonoraenequipo.com.mx\/#website"},"primaryImageOfPage":{"@id":"https:\/\/www.sonoraenequipo.com.mx\/hermosillo-consulta-implan-sobre-implementacion-de-ciclovias-emergentes\/#primaryimage"},"image":{"@id":"https:\/\/www.sonoraenequipo.com.mx\/hermosillo-consulta-implan-sobre-implementacion-de-ciclovias-emergentes\/#primaryimage"},"thumbnailUrl":"https:\/\/www.sonoraenequipo.com.mx\/storage\/2020\/06\/ciclov\u00edas.jpg","datePublished":"2020-06-19T22:19:26+00:00","description":"HERMOSILLO, SONORA,MX.\u2500El Gobierno de Hermosillo, encabezado por la alcaldesa Celida L\u00f3pez C\u00e1rdenas, a trav\u00e9s del IMPLAN, lanz\u00f3 una consulta digital para En Sonora en Equipo publicamos toda la informaci\u00f3n de Sonora, M\u00e9xico y el Mundo de manera oportuna y busca que la libertad de expresi\u00f3n sea real. Visita nuestro medio informativo publicado desde Hermosillo, Sonora. %","breadcrumb":{"@id":"https:\/\/www.sonoraenequipo.com.mx\/hermosillo-consulta-implan-sobre-implementacion-de-ciclovias-emergentes\/#breadcrumb"},"inLanguage":"es","potentialAction":[{"@type":"ReadAction","target":["https:\/\/www.sonoraenequipo.com.mx\/hermosillo-consulta-implan-sobre-implementacion-de-ciclovias-emergentes\/"]}]},{"@type":"ImageObject","inLanguage":"es","@id":"https:\/\/www.sonoraenequipo.com.mx\/hermosillo-consulta-implan-sobre-implementacion-de-ciclovias-emergentes\/#primaryimage","url":"https:\/\/www.sonoraenequipo.com.mx\/storage\/2020\/06\/ciclov\u00edas.jpg","contentUrl":"https:\/\/www.sonoraenequipo.com.mx\/storage\/2020\/06\/ciclov\u00edas.jpg","width":600,"height":400},{"@type":"BreadcrumbList","@id":"https:\/\/www.sonoraenequipo.com.mx\/hermosillo-consulta-implan-sobre-implementacion-de-ciclovias-emergentes\/#breadcrumb","itemListElement":[{"@type":"ListItem","position":1,"name":"Portada","item":"https:\/\/www.sonoraenequipo.com.mx\/"},{"@type":"ListItem","position":2,"name":"HERMOSILLO.Consulta IMPLAN sobre implementaci\u00f3n de ciclov\u00edas emergentes"}]},{"@type":"WebSite","@id":"https:\/\/www.sonoraenequipo.com.mx\/#website","url":"https:\/\/www.sonoraenequipo.com.mx\/","name":"Sonora en Equipo.","description":"Diario en l\u00ednea con Noticias desde Hermosillo, Sonora","publisher":{"@id":"https:\/\/www.sonoraenequipo.com.mx\/#organization"},"potentialAction":[{"@type":"SearchAction","target":{"@type":"EntryPoint","urlTemplate":"https:\/\/www.sonoraenequipo.com.mx\/?s={search_term_string}"},"query-input":{"@type":"PropertyValueSpecification","valueRequired":true,"valueName":"search_term_string"}}],"inLanguage":"es"},{"@type":"Organization","@id":"https:\/\/www.sonoraenequipo.com.mx\/#organization","name":"Sonoraenequipo.com.mx","url":"https:\/\/www.sonoraenequipo.com.mx\/","logo":{"@type":"ImageObject","inLanguage":"es","@id":"https:\/\/www.sonoraenequipo.com.mx\/#\/schema\/logo\/image\/","url":"https:\/\/www.sonoraenequipo.com.mx\/storage\/2019\/01\/sonoraenequipo_opt.png","contentUrl":"https:\/\/www.sonoraenequipo.com.mx\/storage\/2019\/01\/sonoraenequipo_opt.png","width":375,"height":125,"caption":"Sonoraenequipo.com.mx"},"image":{"@id":"https:\/\/www.sonoraenequipo.com.mx\/#\/schema\/logo\/image\/"},"sameAs":["https:\/\/www.facebook.com\/SonoraEE\/","https:\/\/x.com\/sonoraenequipo","https:\/\/www.youtube.com\/channel\/UC338nW-lPEYmJQs4ZABQ1SQ"]},{"@type":"Person","@id":"https:\/\/www.sonoraenequipo.com.mx\/#\/schema\/person\/50102df0fb23a8fa9e8effad8fa81386","name":"enequipo","image":{"@type":"ImageObject","inLanguage":"es","@id":"https:\/\/www.sonoraenequipo.com.mx\/#\/schema\/person\/image\/","url":"https:\/\/secure.gravatar.com\/avatar\/049821681b589dabc0bc20695993ccebb09f5b5d4d790cd9251b97faac7c652b?s=96&d=blank&r=g","contentUrl":"https:\/\/secure.gravatar.com\/avatar\/049821681b589dabc0bc20695993ccebb09f5b5d4d790cd9251b97faac7c652b?s=96&d=blank&r=g","caption":"enequipo"},"sameAs":["https:\/\/www.facebook.com\/SonoraEE"]}]}},"jetpack_featured_media_url":"https:\/\/www.sonoraenequipo.com.mx\/storage\/2020\/06\/ciclov\u00edas.jpg","_links":{"self":[{"href":"https:\/\/www.sonoraenequipo.com.mx\/api\/wp\/v2\/posts\/87800","targetHints":{"allow":["GET"]}}],"collection":[{"href":"https:\/\/www.sonoraenequipo.com.mx\/api\/wp\/v2\/posts"}],"about":[{"href":"https:\/\/www.sonoraenequipo.com.mx\/api\/wp\/v2\/types\/post"}],"author":[{"embeddable":true,"href":"https:\/\/www.sonoraenequipo.com.mx\/api\/wp\/v2\/users\/1"}],"replies":[{"embeddable":true,"href":"https:\/\/www.sonoraenequipo.com.mx\/api\/wp\/v2\/comments?post=87800"}],"version-history":[{"count":0,"href":"https:\/\/www.sonoraenequipo.com.mx\/api\/wp\/v2\/posts\/87800\/revisions"}],"wp:featuredmedia":[{"embeddable":true,"href":"https:\/\/www.sonoraenequipo.com.mx\/api\/wp\/v2\/media\/87801"}],"wp:attachment":[{"href":"https:\/\/www.sonoraenequipo.com.mx\/api\/wp\/v2\/media?parent=87800"}],"wp:term":[{"taxonomy":"category","embeddable":true,"href":"https:\/\/www.sonoraenequipo.com.mx\/api\/wp\/v2\/categories?post=87800"},{"taxonomy":"post_tag","embeddable":true,"href":"https:\/\/www.sonoraenequipo.com.mx\/api\/wp\/v2\/tags?post=87800"}],"curies":[{"name":"wp","href":"https:\/\/api.w.org\/{rel}","templated":true}]}}