{"id":87803,"date":"2020-06-19T15:38:11","date_gmt":"2020-06-19T22:38:11","guid":{"rendered":"https:\/\/www.sonoraenequipo.com.mx\/?p=87803"},"modified":"2020-06-19T15:38:11","modified_gmt":"2020-06-19T22:38:11","slug":"concluye-ciclo-escolar-2019-2020-en-educacion-basica-en-sonora","status":"publish","type":"post","link":"https:\/\/www.sonoraenequipo.com.mx\/concluye-ciclo-escolar-2019-2020-en-educacion-basica-en-sonora\/","title":{"rendered":"Concluye ciclo escolar 2019-2020 en educaci\u00f3n B\u00e1sica en Sonora"},"content":{"rendered":"<p>Concluye ciclo escolar 2019-2020 en educaci\u00f3n B\u00e1sica<\/p>\n<p>&gt;&gt;Calificaciones y certificados estar\u00e1n disponibles en l\u00ednea<\/p>\n<p>&nbsp;<\/p>\n<p>HERMOSILLO, SONORA,MX.\u2500 Concluimos un ciclo escolar diferente en educaci\u00f3n B\u00e1sica, que nos puso grandes retos pero tambi\u00e9n en la ruta de trabajar con muchos desaf\u00edos, un ciclo en el que le cumplimos a la ni\u00f1ez sonorense y las expectativas de la sociedad, afirm\u00f3 Jos\u00e9 V\u00edctor Guerrero Gonz\u00e1lez, secretario de Educaci\u00f3n y Cultura.<\/p>\n<p>&nbsp;<\/p>\n<p>En videoconferencia, el titular de la SEC dialog\u00f3 con jefes de sector, supervisores, directores de escuela, maestras, maestros, madres y padres de familia, a trav\u00e9s de la cuenta de la gobernadora Claudia Pavlovich Arellano en el programa \u201cDespacho Abierto\u201d.<\/p>\n<p>&nbsp;<\/p>\n<p>Guerrero Gonz\u00e1lez expres\u00f3 el reconocimiento de parte de la gobernadora Pavlovich y quienes integran la SEC, porque se demostr\u00f3, en un ciclo escolar at\u00edpico, que cuando se quiere se puede, utilizando la creatividad y la voluntad para realizar las cosas, a\u00fan en las condiciones m\u00e1s dif\u00edciles.<\/p>\n<p>&nbsp;<\/p>\n<p>\u201cConcluimos un ciclo escolar diferente en el que transitamos con algunas dificultades pero lo terminamos de manera satisfactoria\u201d, afirm\u00f3.<\/p>\n<p>&nbsp;<\/p>\n<p>Guerrero Gonz\u00e1lez detall\u00f3 que las \u00faltimas dos semanas el sector educativo las ha dedicado, exclusivamente, a aspectos de car\u00e1cter administrativo, tiempo en el que maestras y maestros realizaron la valoraci\u00f3n del ciclo escolar y han registrado sus calificaciones en el portal www.yoremia.gob.mx.<\/p>\n<p>&nbsp;<\/p>\n<p>\u201cA partir de este d\u00eda, podemos ofrecerles a los padres y madres de familia las boletas de calificaci\u00f3n para consulta e impresi\u00f3n en este portal Yoremia y, a partir de este d\u00eda, tambi\u00e9n estamos elaborando los certificados de preescolar, primaria y secundaria, una vez que ya tenemos las boletas de calificaciones y los promedios de cada uno de los ni\u00f1os de tercero de preescolar, sexto de primaria y tercero de secundaria; e inmediatamente se ir\u00e1n poniendo a disposici\u00f3n de los padres de familia\u201d, precis\u00f3.<\/p>\n<p>&nbsp;<\/p>\n<p>Lo que sigue, continu\u00f3, de acuerdo al ajuste de calendario, emitido a trav\u00e9s del secretario de Educaci\u00f3n P\u00fablica, es un receso escolar que inicia el 22 de junio y termina el viernes 17 de julio.<\/p>\n<p>&nbsp;<\/p>\n<p>El secretario de Educaci\u00f3n y Cultura inform\u00f3 que al concluir el receso se tiene proyectado llevar a cabo varias capacitaciones y la realizaci\u00f3n de un Consejo T\u00e9cnico Escolar entre el 20 y 31 de julio, con fecha de referencia para iniciar el pr\u00f3ximo ciclo escolar el 10 de agosto, siempre y cuando las condiciones est\u00e1n dadas para hacerlo.<\/p>\n<p>&nbsp;<\/p>\n<p>Guerrero Gonz\u00e1lez indic\u00f3 que en el ciclo escolar que concluye realizaron cosas importantes como fue la construcci\u00f3n de 10 nuevas escuelas en municipios del sur del estado, as\u00ed como la reposici\u00f3n de 40 unidades del transporte escolar y se continu\u00f3 entregando los uniformes escolares de manera gratuita.<\/p>\n<p>&nbsp;<\/p>\n<p>Anunci\u00f3 que se continuar\u00e1 el equipamiento, la rehabilitaci\u00f3n de espacios y consolidaci\u00f3n de espacios educativos, como son la construcci\u00f3n de escuelas en Pueblo Yaqui, Bacobampo y en Santa Ana, adem\u00e1s de que se rehabilitar\u00e1 la escuela primaria de \u00c1lamos que es un monumento hist\u00f3rico que acumula 200 a\u00f1os de antig\u00fcedad.<\/p>\n<p>&nbsp;<\/p>\n<p>El secretario de Educaci\u00f3n y Cultura resalt\u00f3 que para los sonorenses la educaci\u00f3n ha sido un orgullo y a pesar de la contingencia sanitaria, Sonora se ubica hoy en la primera posici\u00f3n nacional en Matem\u00e1ticas y Lenguaje y Comunicaci\u00f3n, de acuerdo al resultado de la Prueba Planea Sonora 2020, como lo inform\u00f3 la gobernadora Claudia Pavlovich Arellano.<\/p>\n<p>&nbsp;<\/p>\n<p>Indic\u00f3 que este logro es resultado del esfuerzo conjunto entre maestros, directores y estudiantes, por lo que los felicit\u00f3 por ubicar a Sonora en el primer lugar en el pa\u00eds.<\/p>\n<p>&nbsp;<\/p>\n<p>Guerrero Gonz\u00e1lez reiter\u00f3 que no es posible realizar ceremonias de graduaci\u00f3n, por la contingencia que se vive en el pa\u00eds a causa del coronavirus y exhort\u00f3 a la comunidad escolar a ser cuidadosos, respetuosos y atender el llamado de la gobernadora Claudia Pavlovich de mantener todas las medidas de prevenci\u00f3n y cuidado de la salud, en beneficio de la ni\u00f1ez sonorense.<\/p>\n<p>Fecha de Publicaci\u00f3n 19\/jun\/2020<\/p>\n","protected":false},"excerpt":{"rendered":"<p>Concluye ciclo escolar 2019-2020 en educaci\u00f3n B\u00e1sica &gt;&gt;Calificaciones y certificados estar\u00e1n disponibles en l\u00ednea &nbsp;&#8230;<\/p>\n","protected":false},"author":1,"featured_media":87804,"comment_status":"open","ping_status":"open","sticky":false,"template":"","format":"standard","meta":{"_monsterinsights_skip_tracking":false,"_monsterinsights_sitenote_active":false,"_monsterinsights_sitenote_note":"","_monsterinsights_sitenote_category":0,"footnotes":""},"categories":[22],"tags":[],"class_list":["post"],"yoast_head":" \n<title>Sonora en Equipo. Concluye ciclo escolar 2019-2020 en educaci\u00f3n B\u00e1sica en Sonora Sonora<\/title>\n<meta name=\"description\" content=\"Concluye ciclo escolar 2019-2020 en educaci\u00f3n B\u00e1sica &gt;&gt;Calificaciones y certificados estar\u00e1n disponibles en l\u00ednea &nbsp; HERMOSILLO, SONORA,MX.\u2500 En Sonora en Equipo publicamos toda la informaci\u00f3n de Sonora, M\u00e9xico y el Mundo de manera oportuna y busca que la libertad de expresi\u00f3n sea real. Visita nuestro medio informativo publicado desde Hermosillo, Sonora. %\" \/>\n<meta name=\"robots\" content=\"index, follow, max-snippet:-1, max-image-preview:large, max-video-preview:-1\" \/>\n<link rel=\"canonical\" href=\"https:\/\/www.sonoraenequipo.com.mx\/concluye-ciclo-escolar-2019-2020-en-educacion-basica-en-sonora\/\" \/>\n<meta property=\"og:locale\" content=\"es_ES\" \/>\n<meta property=\"og:type\" content=\"article\" \/>\n<meta property=\"og:title\" content=\"Sonora en Equipo. Concluye ciclo escolar 2019-2020 en educaci\u00f3n B\u00e1sica en Sonora Sonora\" \/>\n<meta property=\"og:description\" content=\"Concluye ciclo escolar 2019-2020 en educaci\u00f3n B\u00e1sica &gt;&gt;Calificaciones y certificados estar\u00e1n disponibles en l\u00ednea &nbsp; HERMOSILLO, SONORA,MX.\u2500 En Sonora en Equipo publicamos toda la informaci\u00f3n de Sonora, M\u00e9xico y el Mundo de manera oportuna y busca que la libertad de expresi\u00f3n sea real. Visita nuestro medio informativo publicado desde Hermosillo, Sonora. %\" \/>\n<meta property=\"og:url\" content=\"https:\/\/www.sonoraenequipo.com.mx\/concluye-ciclo-escolar-2019-2020-en-educacion-basica-en-sonora\/\" \/>\n<meta property=\"og:site_name\" content=\"Sonora en Equipo.\" \/>\n<meta property=\"article:publisher\" content=\"https:\/\/www.facebook.com\/SonoraEE\/\" \/>\n<meta property=\"article:author\" content=\"https:\/\/www.facebook.com\/SonoraEE\" \/>\n<meta property=\"article:published_time\" content=\"2020-06-19T22:38:11+00:00\" \/>\n<meta property=\"og:image\" content=\"https:\/\/www.sonoraenequipo.com.mx\/storage\/2020\/06\/victor-guerrero2.jpg\" \/>\n\t<meta property=\"og:image:width\" content=\"600\" \/>\n\t<meta property=\"og:image:height\" content=\"400\" \/>\n\t<meta property=\"og:image:type\" content=\"image\/jpeg\" \/>\n<meta name=\"author\" content=\"enequipo\" \/>\n<meta name=\"twitter:card\" content=\"summary_large_image\" \/>\n<meta name=\"twitter:creator\" content=\"@sonoraenequipo\" \/>\n<meta name=\"twitter:site\" content=\"@sonoraenequipo\" \/>\n<meta name=\"twitter:label1\" content=\"Escrito por\" \/>\n\t<meta name=\"twitter:data1\" content=\"enequipo\" \/>\n\t<meta name=\"twitter:label2\" content=\"Tiempo de lectura\" \/>\n\t<meta name=\"twitter:data2\" content=\"4 minutos\" \/>\n<script type=\"application\/ld+json\" class=\"yoast-schema-graph\">{\"@context\":\"https:\/\/schema.org\",\"@graph\":[{\"@type\":\"Article\",\"@id\":\"https:\/\/www.sonoraenequipo.com.mx\/concluye-ciclo-escolar-2019-2020-en-educacion-basica-en-sonora\/#article\",\"isPartOf\":{\"@id\":\"https:\/\/www.sonoraenequipo.com.mx\/concluye-ciclo-escolar-2019-2020-en-educacion-basica-en-sonora\/\"},\"author\":{\"name\":\"enequipo\",\"@id\":\"https:\/\/www.sonoraenequipo.com.mx\/#\/schema\/person\/50102df0fb23a8fa9e8effad8fa81386\"},\"headline\":\"Concluye ciclo escolar 2019-2020 en educaci\u00f3n B\u00e1sica en Sonora\",\"datePublished\":\"2020-06-19T22:38:11+00:00\",\"mainEntityOfPage\":{\"@id\":\"https:\/\/www.sonoraenequipo.com.mx\/concluye-ciclo-escolar-2019-2020-en-educacion-basica-en-sonora\/\"},\"wordCount\":718,\"commentCount\":0,\"publisher\":{\"@id\":\"https:\/\/www.sonoraenequipo.com.mx\/#organization\"},\"image\":{\"@id\":\"https:\/\/www.sonoraenequipo.com.mx\/concluye-ciclo-escolar-2019-2020-en-educacion-basica-en-sonora\/#primaryimage\"},\"thumbnailUrl\":\"https:\/\/www.sonoraenequipo.com.mx\/storage\/2020\/06\/victor-guerrero2.jpg\",\"articleSection\":[\"Sonora\"],\"inLanguage\":\"es\",\"potentialAction\":[{\"@type\":\"CommentAction\",\"name\":\"Comment\",\"target\":[\"https:\/\/www.sonoraenequipo.com.mx\/concluye-ciclo-escolar-2019-2020-en-educacion-basica-en-sonora\/#respond\"]}]},{\"@type\":\"WebPage\",\"@id\":\"https:\/\/www.sonoraenequipo.com.mx\/concluye-ciclo-escolar-2019-2020-en-educacion-basica-en-sonora\/\",\"url\":\"https:\/\/www.sonoraenequipo.com.mx\/concluye-ciclo-escolar-2019-2020-en-educacion-basica-en-sonora\/\",\"name\":\"Sonora en Equipo. Concluye ciclo escolar 2019-2020 en educaci\u00f3n B\u00e1sica en Sonora Sonora\",\"isPartOf\":{\"@id\":\"https:\/\/www.sonoraenequipo.com.mx\/#website\"},\"primaryImageOfPage\":{\"@id\":\"https:\/\/www.sonoraenequipo.com.mx\/concluye-ciclo-escolar-2019-2020-en-educacion-basica-en-sonora\/#primaryimage\"},\"image\":{\"@id\":\"https:\/\/www.sonoraenequipo.com.mx\/concluye-ciclo-escolar-2019-2020-en-educacion-basica-en-sonora\/#primaryimage\"},\"thumbnailUrl\":\"https:\/\/www.sonoraenequipo.com.mx\/storage\/2020\/06\/victor-guerrero2.jpg\",\"datePublished\":\"2020-06-19T22:38:11+00:00\",\"description\":\"Concluye ciclo escolar 2019-2020 en educaci\u00f3n B\u00e1sica &gt;&gt;Calificaciones y certificados estar\u00e1n disponibles en l\u00ednea &nbsp; HERMOSILLO, SONORA,MX.\u2500 En Sonora en Equipo publicamos toda la informaci\u00f3n de Sonora, M\u00e9xico y el Mundo de manera oportuna y busca que la libertad de expresi\u00f3n sea real. Visita nuestro medio informativo publicado desde Hermosillo, Sonora. %\",\"breadcrumb\":{\"@id\":\"https:\/\/www.sonoraenequipo.com.mx\/concluye-ciclo-escolar-2019-2020-en-educacion-basica-en-sonora\/#breadcrumb\"},\"inLanguage\":\"es\",\"potentialAction\":[{\"@type\":\"ReadAction\",\"target\":[\"https:\/\/www.sonoraenequipo.com.mx\/concluye-ciclo-escolar-2019-2020-en-educacion-basica-en-sonora\/\"]}]},{\"@type\":\"ImageObject\",\"inLanguage\":\"es\",\"@id\":\"https:\/\/www.sonoraenequipo.com.mx\/concluye-ciclo-escolar-2019-2020-en-educacion-basica-en-sonora\/#primaryimage\",\"url\":\"https:\/\/www.sonoraenequipo.com.mx\/storage\/2020\/06\/victor-guerrero2.jpg\",\"contentUrl\":\"https:\/\/www.sonoraenequipo.com.mx\/storage\/2020\/06\/victor-guerrero2.jpg\",\"width\":600,\"height\":400},{\"@type\":\"BreadcrumbList\",\"@id\":\"https:\/\/www.sonoraenequipo.com.mx\/concluye-ciclo-escolar-2019-2020-en-educacion-basica-en-sonora\/#breadcrumb\",\"itemListElement\":[{\"@type\":\"ListItem\",\"position\":1,\"name\":\"Portada\",\"item\":\"https:\/\/www.sonoraenequipo.com.mx\/\"},{\"@type\":\"ListItem\",\"position\":2,\"name\":\"Concluye ciclo escolar 2019-2020 en educaci\u00f3n B\u00e1sica en Sonora\"}]},{\"@type\":\"WebSite\",\"@id\":\"https:\/\/www.sonoraenequipo.com.mx\/#website\",\"url\":\"https:\/\/www.sonoraenequipo.com.mx\/\",\"name\":\"Sonora en Equipo.\",\"description\":\"Diario en l\u00ednea con Noticias desde Hermosillo, Sonora\",\"publisher\":{\"@id\":\"https:\/\/www.sonoraenequipo.com.mx\/#organization\"},\"potentialAction\":[{\"@type\":\"SearchAction\",\"target\":{\"@type\":\"EntryPoint\",\"urlTemplate\":\"https:\/\/www.sonoraenequipo.com.mx\/?s={search_term_string}\"},\"query-input\":{\"@type\":\"PropertyValueSpecification\",\"valueRequired\":true,\"valueName\":\"search_term_string\"}}],\"inLanguage\":\"es\"},{\"@type\":\"Organization\",\"@id\":\"https:\/\/www.sonoraenequipo.com.mx\/#organization\",\"name\":\"Sonoraenequipo.com.mx\",\"url\":\"https:\/\/www.sonoraenequipo.com.mx\/\",\"logo\":{\"@type\":\"ImageObject\",\"inLanguage\":\"es\",\"@id\":\"https:\/\/www.sonoraenequipo.com.mx\/#\/schema\/logo\/image\/\",\"url\":\"https:\/\/www.sonoraenequipo.com.mx\/storage\/2019\/01\/sonoraenequipo_opt.png\",\"contentUrl\":\"https:\/\/www.sonoraenequipo.com.mx\/storage\/2019\/01\/sonoraenequipo_opt.png\",\"width\":375,\"height\":125,\"caption\":\"Sonoraenequipo.com.mx\"},\"image\":{\"@id\":\"https:\/\/www.sonoraenequipo.com.mx\/#\/schema\/logo\/image\/\"},\"sameAs\":[\"https:\/\/www.facebook.com\/SonoraEE\/\",\"https:\/\/x.com\/sonoraenequipo\",\"https:\/\/www.youtube.com\/channel\/UC338nW-lPEYmJQs4ZABQ1SQ\"]},{\"@type\":\"Person\",\"@id\":\"https:\/\/www.sonoraenequipo.com.mx\/#\/schema\/person\/50102df0fb23a8fa9e8effad8fa81386\",\"name\":\"enequipo\",\"image\":{\"@type\":\"ImageObject\",\"inLanguage\":\"es\",\"@id\":\"https:\/\/www.sonoraenequipo.com.mx\/#\/schema\/person\/image\/\",\"url\":\"https:\/\/secure.gravatar.com\/avatar\/049821681b589dabc0bc20695993ccebb09f5b5d4d790cd9251b97faac7c652b?s=96&d=blank&r=g\",\"contentUrl\":\"https:\/\/secure.gravatar.com\/avatar\/049821681b589dabc0bc20695993ccebb09f5b5d4d790cd9251b97faac7c652b?s=96&d=blank&r=g\",\"caption\":\"enequipo\"},\"sameAs\":[\"https:\/\/www.facebook.com\/SonoraEE\"]}]}<\/script>\n ","yoast_head_json":{"title":"Sonora en Equipo. Concluye ciclo escolar 2019-2020 en educaci\u00f3n B\u00e1sica en Sonora Sonora","description":"Concluye ciclo escolar 2019-2020 en educaci\u00f3n B\u00e1sica &gt;&gt;Calificaciones y certificados estar\u00e1n disponibles en l\u00ednea &nbsp; HERMOSILLO, SONORA,MX.\u2500 En Sonora en Equipo publicamos toda la informaci\u00f3n de Sonora, M\u00e9xico y el Mundo de manera oportuna y busca que la libertad de expresi\u00f3n sea real. Visita nuestro medio informativo publicado desde Hermosillo, Sonora. %","robots":{"index":"index","follow":"follow","max-snippet":"max-snippet:-1","max-image-preview":"max-image-preview:large","max-video-preview":"max-video-preview:-1"},"canonical":"https:\/\/www.sonoraenequipo.com.mx\/concluye-ciclo-escolar-2019-2020-en-educacion-basica-en-sonora\/","og_locale":"es_ES","og_type":"article","og_title":"Sonora en Equipo. Concluye ciclo escolar 2019-2020 en educaci\u00f3n B\u00e1sica en Sonora Sonora","og_description":"Concluye ciclo escolar 2019-2020 en educaci\u00f3n B\u00e1sica &gt;&gt;Calificaciones y certificados estar\u00e1n disponibles en l\u00ednea &nbsp; HERMOSILLO, SONORA,MX.\u2500 En Sonora en Equipo publicamos toda la informaci\u00f3n de Sonora, M\u00e9xico y el Mundo de manera oportuna y busca que la libertad de expresi\u00f3n sea real. Visita nuestro medio informativo publicado desde Hermosillo, Sonora. %","og_url":"https:\/\/www.sonoraenequipo.com.mx\/concluye-ciclo-escolar-2019-2020-en-educacion-basica-en-sonora\/","og_site_name":"Sonora en Equipo.","article_publisher":"https:\/\/www.facebook.com\/SonoraEE\/","article_author":"https:\/\/www.facebook.com\/SonoraEE","article_published_time":"2020-06-19T22:38:11+00:00","og_image":[{"width":600,"height":400,"url":"https:\/\/www.sonoraenequipo.com.mx\/storage\/2020\/06\/victor-guerrero2.jpg","type":"image\/jpeg"}],"author":"enequipo","twitter_card":"summary_large_image","twitter_creator":"@sonoraenequipo","twitter_site":"@sonoraenequipo","twitter_misc":{"Escrito por":"enequipo","Tiempo de lectura":"4 minutos"},"schema":{"@context":"https:\/\/schema.org","@graph":[{"@type":"Article","@id":"https:\/\/www.sonoraenequipo.com.mx\/concluye-ciclo-escolar-2019-2020-en-educacion-basica-en-sonora\/#article","isPartOf":{"@id":"https:\/\/www.sonoraenequipo.com.mx\/concluye-ciclo-escolar-2019-2020-en-educacion-basica-en-sonora\/"},"author":{"name":"enequipo","@id":"https:\/\/www.sonoraenequipo.com.mx\/#\/schema\/person\/50102df0fb23a8fa9e8effad8fa81386"},"headline":"Concluye ciclo escolar 2019-2020 en educaci\u00f3n B\u00e1sica en Sonora","datePublished":"2020-06-19T22:38:11+00:00","mainEntityOfPage":{"@id":"https:\/\/www.sonoraenequipo.com.mx\/concluye-ciclo-escolar-2019-2020-en-educacion-basica-en-sonora\/"},"wordCount":718,"commentCount":0,"publisher":{"@id":"https:\/\/www.sonoraenequipo.com.mx\/#organization"},"image":{"@id":"https:\/\/www.sonoraenequipo.com.mx\/concluye-ciclo-escolar-2019-2020-en-educacion-basica-en-sonora\/#primaryimage"},"thumbnailUrl":"https:\/\/www.sonoraenequipo.com.mx\/storage\/2020\/06\/victor-guerrero2.jpg","articleSection":["Sonora"],"inLanguage":"es","potentialAction":[{"@type":"CommentAction","name":"Comment","target":["https:\/\/www.sonoraenequipo.com.mx\/concluye-ciclo-escolar-2019-2020-en-educacion-basica-en-sonora\/#respond"]}]},{"@type":"WebPage","@id":"https:\/\/www.sonoraenequipo.com.mx\/concluye-ciclo-escolar-2019-2020-en-educacion-basica-en-sonora\/","url":"https:\/\/www.sonoraenequipo.com.mx\/concluye-ciclo-escolar-2019-2020-en-educacion-basica-en-sonora\/","name":"Sonora en Equipo. Concluye ciclo escolar 2019-2020 en educaci\u00f3n B\u00e1sica en Sonora Sonora","isPartOf":{"@id":"https:\/\/www.sonoraenequipo.com.mx\/#website"},"primaryImageOfPage":{"@id":"https:\/\/www.sonoraenequipo.com.mx\/concluye-ciclo-escolar-2019-2020-en-educacion-basica-en-sonora\/#primaryimage"},"image":{"@id":"https:\/\/www.sonoraenequipo.com.mx\/concluye-ciclo-escolar-2019-2020-en-educacion-basica-en-sonora\/#primaryimage"},"thumbnailUrl":"https:\/\/www.sonoraenequipo.com.mx\/storage\/2020\/06\/victor-guerrero2.jpg","datePublished":"2020-06-19T22:38:11+00:00","description":"Concluye ciclo escolar 2019-2020 en educaci\u00f3n B\u00e1sica &gt;&gt;Calificaciones y certificados estar\u00e1n disponibles en l\u00ednea &nbsp; HERMOSILLO, SONORA,MX.\u2500 En Sonora en Equipo publicamos toda la informaci\u00f3n de Sonora, M\u00e9xico y el Mundo de manera oportuna y busca que la libertad de expresi\u00f3n sea real. Visita nuestro medio informativo publicado desde Hermosillo, Sonora. %","breadcrumb":{"@id":"https:\/\/www.sonoraenequipo.com.mx\/concluye-ciclo-escolar-2019-2020-en-educacion-basica-en-sonora\/#breadcrumb"},"inLanguage":"es","potentialAction":[{"@type":"ReadAction","target":["https:\/\/www.sonoraenequipo.com.mx\/concluye-ciclo-escolar-2019-2020-en-educacion-basica-en-sonora\/"]}]},{"@type":"ImageObject","inLanguage":"es","@id":"https:\/\/www.sonoraenequipo.com.mx\/concluye-ciclo-escolar-2019-2020-en-educacion-basica-en-sonora\/#primaryimage","url":"https:\/\/www.sonoraenequipo.com.mx\/storage\/2020\/06\/victor-guerrero2.jpg","contentUrl":"https:\/\/www.sonoraenequipo.com.mx\/storage\/2020\/06\/victor-guerrero2.jpg","width":600,"height":400},{"@type":"BreadcrumbList","@id":"https:\/\/www.sonoraenequipo.com.mx\/concluye-ciclo-escolar-2019-2020-en-educacion-basica-en-sonora\/#breadcrumb","itemListElement":[{"@type":"ListItem","position":1,"name":"Portada","item":"https:\/\/www.sonoraenequipo.com.mx\/"},{"@type":"ListItem","position":2,"name":"Concluye ciclo escolar 2019-2020 en educaci\u00f3n B\u00e1sica en Sonora"}]},{"@type":"WebSite","@id":"https:\/\/www.sonoraenequipo.com.mx\/#website","url":"https:\/\/www.sonoraenequipo.com.mx\/","name":"Sonora en Equipo.","description":"Diario en l\u00ednea con Noticias desde Hermosillo, Sonora","publisher":{"@id":"https:\/\/www.sonoraenequipo.com.mx\/#organization"},"potentialAction":[{"@type":"SearchAction","target":{"@type":"EntryPoint","urlTemplate":"https:\/\/www.sonoraenequipo.com.mx\/?s={search_term_string}"},"query-input":{"@type":"PropertyValueSpecification","valueRequired":true,"valueName":"search_term_string"}}],"inLanguage":"es"},{"@type":"Organization","@id":"https:\/\/www.sonoraenequipo.com.mx\/#organization","name":"Sonoraenequipo.com.mx","url":"https:\/\/www.sonoraenequipo.com.mx\/","logo":{"@type":"ImageObject","inLanguage":"es","@id":"https:\/\/www.sonoraenequipo.com.mx\/#\/schema\/logo\/image\/","url":"https:\/\/www.sonoraenequipo.com.mx\/storage\/2019\/01\/sonoraenequipo_opt.png","contentUrl":"https:\/\/www.sonoraenequipo.com.mx\/storage\/2019\/01\/sonoraenequipo_opt.png","width":375,"height":125,"caption":"Sonoraenequipo.com.mx"},"image":{"@id":"https:\/\/www.sonoraenequipo.com.mx\/#\/schema\/logo\/image\/"},"sameAs":["https:\/\/www.facebook.com\/SonoraEE\/","https:\/\/x.com\/sonoraenequipo","https:\/\/www.youtube.com\/channel\/UC338nW-lPEYmJQs4ZABQ1SQ"]},{"@type":"Person","@id":"https:\/\/www.sonoraenequipo.com.mx\/#\/schema\/person\/50102df0fb23a8fa9e8effad8fa81386","name":"enequipo","image":{"@type":"ImageObject","inLanguage":"es","@id":"https:\/\/www.sonoraenequipo.com.mx\/#\/schema\/person\/image\/","url":"https:\/\/secure.gravatar.com\/avatar\/049821681b589dabc0bc20695993ccebb09f5b5d4d790cd9251b97faac7c652b?s=96&d=blank&r=g","contentUrl":"https:\/\/secure.gravatar.com\/avatar\/049821681b589dabc0bc20695993ccebb09f5b5d4d790cd9251b97faac7c652b?s=96&d=blank&r=g","caption":"enequipo"},"sameAs":["https:\/\/www.facebook.com\/SonoraEE"]}]}},"jetpack_featured_media_url":"https:\/\/www.sonoraenequipo.com.mx\/storage\/2020\/06\/victor-guerrero2.jpg","_links":{"self":[{"href":"https:\/\/www.sonoraenequipo.com.mx\/api\/wp\/v2\/posts\/87803","targetHints":{"allow":["GET"]}}],"collection":[{"href":"https:\/\/www.sonoraenequipo.com.mx\/api\/wp\/v2\/posts"}],"about":[{"href":"https:\/\/www.sonoraenequipo.com.mx\/api\/wp\/v2\/types\/post"}],"author":[{"embeddable":true,"href":"https:\/\/www.sonoraenequipo.com.mx\/api\/wp\/v2\/users\/1"}],"replies":[{"embeddable":true,"href":"https:\/\/www.sonoraenequipo.com.mx\/api\/wp\/v2\/comments?post=87803"}],"version-history":[{"count":0,"href":"https:\/\/www.sonoraenequipo.com.mx\/api\/wp\/v2\/posts\/87803\/revisions"}],"wp:featuredmedia":[{"embeddable":true,"href":"https:\/\/www.sonoraenequipo.com.mx\/api\/wp\/v2\/media\/87804"}],"wp:attachment":[{"href":"https:\/\/www.sonoraenequipo.com.mx\/api\/wp\/v2\/media?parent=87803"}],"wp:term":[{"taxonomy":"category","embeddable":true,"href":"https:\/\/www.sonoraenequipo.com.mx\/api\/wp\/v2\/categories?post=87803"},{"taxonomy":"post_tag","embeddable":true,"href":"https:\/\/www.sonoraenequipo.com.mx\/api\/wp\/v2\/tags?post=87803"}],"curies":[{"name":"wp","href":"https:\/\/api.w.org\/{rel}","templated":true}]}}