{"id":87810,"date":"2020-06-19T18:29:02","date_gmt":"2020-06-20T01:29:02","guid":{"rendered":"https:\/\/www.sonoraenequipo.com.mx\/?p=87810"},"modified":"2020-06-19T18:29:02","modified_gmt":"2020-06-20T01:29:02","slug":"reconoce-gobernadora-labor-de-congregaciones-religiosas-dentro-del-pacto-para-que-siga-sonora","status":"publish","type":"post","link":"https:\/\/www.sonoraenequipo.com.mx\/reconoce-gobernadora-labor-de-congregaciones-religiosas-dentro-del-pacto-para-que-siga-sonora\/","title":{"rendered":"Reconoce Gobernadora labor de congregaciones religiosas dentro del Pacto \u00abPara Que Siga Sonora\u00bb"},"content":{"rendered":"<h4>&gt;&gt;Se re\u00fane de manera virtual con pastores y l\u00edderes religiosos<\/h4>\n<p>&nbsp;<\/p>\n<p>HERMOSILLO, SONORA,MX.\u2500 El acompa\u00f1amiento espiritual que las distintas congregaciones religiosas pueden dar a las y los sonorenses durante la contingencia por Covid-19 es sumamente valioso ya que ofrecen alivio a quienes se han enfermado o han perdido a un ser querido a causa de este virus, destac\u00f3 la gobernadora Claudia Pavlovich Arellano al subrayar la importancia de esta labor dentro del Pacto Para Que Siga Sonora. <\/p>\n<p>&nbsp;<\/p>\n<p>&nbsp;<\/p>\n<p>Acompa\u00f1ada por el secretario de Gobierno Miguel Ernesto Pompa Corella, Natalia Rivera Grijalva, jefa de la oficina del Ejecutivo y varios funcionarios, la gobernadora Pavlovich sostuvo un encuentro en video conferencia con pastores de diferentes congregaciones religiosas, a quienes reconoci\u00f3 su importante labor para que las y los sonorenses conserven la salud espiritual, en esta etapa de la contingencia sanitaria que ha generado incertidumbre e intranquilidad en la poblaci\u00f3n.<\/p>\n<p>&nbsp;<\/p>\n<p>&nbsp;<\/p>\n<p>\u0093Decirles a todos que el acompa\u00f1amiento espiritual que ustedes pueden brindar es muy importante, actualmente hay un duelo, hay gente que ha perdido a su familia, a seres queridos, ha perdido su trabajo, su proyecto de vida, la oportunidad de estar con sus seres queridos, han perdido muchas cosas, en este momento la fe y esperanza que ustedes pueden transmitir es lo que nos va sacar adelante\u0094, indic\u00f3.<\/p>\n<p>&nbsp;<\/p>\n<p>&nbsp;<\/p>\n<p>Miguel Pompa Corella, secretario de Gobierno, coment\u00f3 que aunque se est\u00e1 dando una reapertura gradual de la econom\u00eda bajo los lineamientos federales, se ha asumido la responsabilidad como estado para velar, en todas las etapas de la contingencia, por la salud de las y los sonorenses.<\/p>\n<p>&nbsp;<\/p>\n<p>&nbsp;<\/p>\n<p>\u0093Sepan que desde el Gobierno, a pesar de esta apertura gradual, no hemos dejado la responsabilidad nuestra de estar velando por la salud de la ciudadan\u00eda, para que se hagan responsables por s\u00ed mismos y con esto hacer una barrera individual pero tambi\u00e9n de evitar propagar el contagio hacia otras personas\u0094, se\u00f1al\u00f3.<\/p>\n<p>&nbsp;<\/p>\n<p>&nbsp;<\/p>\n<p>Una de las representantes de una agrupaci\u00f3n religiosa, la pastora Hilda Cambust\u00f3n, de la congregaci\u00f3n Tierra F\u00e9rtil, agradeci\u00f3 a la gobernadora Pavlovich por las medidas que oportunamente tom\u00f3 desde antes del inicio de la pandemia, las cuales van enfocadas al resguardo de la salud de la poblaci\u00f3n.<\/p>\n<p>&nbsp;<\/p>\n<p>&nbsp;<\/p>\n<p>\u0093Nuestro trabajo es solidario a su gobierno, nuestras congregaciones est\u00e1n instruidas para ayudar, estamos ante usted para firmar nuestro compromiso de apoyo en tantas familias que est\u00e1n pasando situaciones desesperantes\u0094, expres\u00f3.<\/p>\n<p>&nbsp;<\/p>\n<p>&nbsp;<\/p>\n<p>Por su parte, el pastor Daniel Moreno, presidente de la Alianza de Pastores de Hermosillo, reiter\u00f3 el apoyo de las distintas congregaciones al trabajo de la gobernadora Pavlovich para difundir las acciones preventivas a sus feligreses y brindar ayuda espiritual a quienes lo requieren en estos dif\u00edciles momentos. \u0093Estamos con usted, no dejamos de orar por nuestro gobierno, estamos caminando con ustedes\u0094, dijo.<\/p>\n<p>&nbsp;<\/p>\n<p>&nbsp;<\/p>\n<p>Enrique Clausen Iberri, secretario de Salud, manifest\u00f3 la voluntad del Gobierno del Estado para mantener un enlace con las organizaciones religiosas, para hacer de su conocimiento todas las acciones que se est\u00e1n haciendo por parte de las autoridades durante la contingencia sanitaria.<\/p>\n<p>&nbsp;<\/p>\n<p>&nbsp;<\/p>\n<p>\u0093Gracias por lo de no te fatigues, gracias por todo eso, yo me pongo en la mejor disposici\u00f3n para tener un enlace, y hacerles llegar todo lo que hemos estado viendo, todos los manuales que tenemos para la nueva realidad, para el camino del ma\u00f1ana, y se los podemos estar actualizando para que ustedes tengan acceso a ello\u0094, resalt\u00f3.<\/p>\n<p>&nbsp;<\/p>\n<p>&nbsp;<\/p>\n<p>Manuel Puebla, secretario de Desarrollo Social en Sonora, inform\u00f3 que como parte del Plan Emergente de Seguridad Alimentaria, se han entregado 91 mil 258 paquetes alimentarios en el estado, de los cuales, 68 mil 870 fueron apoyo de Sedesson y 22 mil 388 donativos de distintos sectores que se han sumado al Pacto Social Para Que Siga Sonora convocado por la gobernadora Pavlovich, beneficiando a 182 mil 516 personas.<\/p>\n<p>&nbsp;<\/p>\n<p>&nbsp;<\/p>\n<p>En la reuni\u00f3n, el doctor Gerardo \u00c1lvarez Hern\u00e1ndez, director general de Promoci\u00f3n a la Salud y Prevenci\u00f3n de Enfermedades, present\u00f3 un informe actualizado de la situaci\u00f3n de la pandemia en Sonora e hizo hincapi\u00e9 en la necesidad de que las personas permanezcan el mayor tiempo posible en sus casas para evitar saturaci\u00f3n en hospitales.<\/p>\n<p>&nbsp;<\/p>\n<p>Fecha de Publicaci\u00f3n 19\/jun\/2020<\/p>\n<p>&nbsp;<\/p>\n","protected":false},"excerpt":{"rendered":"<p>&gt;&gt;Se re\u00fane de manera virtual con pastores y l\u00edderes religiosos &nbsp; HERMOSILLO, SONORA,MX.\u2500 El acompa\u00f1amiento&#8230;<\/p>\n","protected":false},"author":1,"featured_media":87811,"comment_status":"open","ping_status":"open","sticky":false,"template":"","format":"standard","meta":{"_monsterinsights_skip_tracking":false,"_monsterinsights_sitenote_active":false,"_monsterinsights_sitenote_note":"","_monsterinsights_sitenote_category":0,"footnotes":""},"categories":[22],"tags":[116,2954],"class_list":["post"],"yoast_head":" \n<title>Sonora en Equipo. Reconoce Gobernadora labor de congregaciones religiosas dentro del Pacto &quot;Para Que Siga Sonora&quot; Sonora<\/title>\n<meta name=\"description\" content=\"&gt;&gt;Se re\u00fane de manera virtual con pastores y l\u00edderes religiosos &nbsp; HERMOSILLO, SONORA,MX.\u2500 El acompa\u00f1amiento espiritual que las distintas En Sonora en Equipo publicamos toda la informaci\u00f3n de Sonora, M\u00e9xico y el Mundo de manera oportuna y busca que la libertad de expresi\u00f3n sea real. Visita nuestro medio informativo publicado desde Hermosillo, Sonora. %\" \/>\n<meta name=\"robots\" content=\"index, follow, max-snippet:-1, max-image-preview:large, max-video-preview:-1\" \/>\n<link rel=\"canonical\" href=\"https:\/\/www.sonoraenequipo.com.mx\/reconoce-gobernadora-labor-de-congregaciones-religiosas-dentro-del-pacto-para-que-siga-sonora\/\" \/>\n<meta property=\"og:locale\" content=\"es_ES\" \/>\n<meta property=\"og:type\" content=\"article\" \/>\n<meta property=\"og:title\" content=\"Sonora en Equipo. Reconoce Gobernadora labor de congregaciones religiosas dentro del Pacto &quot;Para Que Siga Sonora&quot; Sonora\" \/>\n<meta property=\"og:description\" content=\"&gt;&gt;Se re\u00fane de manera virtual con pastores y l\u00edderes religiosos &nbsp; HERMOSILLO, SONORA,MX.\u2500 El acompa\u00f1amiento espiritual que las distintas En Sonora en Equipo publicamos toda la informaci\u00f3n de Sonora, M\u00e9xico y el Mundo de manera oportuna y busca que la libertad de expresi\u00f3n sea real. Visita nuestro medio informativo publicado desde Hermosillo, Sonora. %\" \/>\n<meta property=\"og:url\" content=\"https:\/\/www.sonoraenequipo.com.mx\/reconoce-gobernadora-labor-de-congregaciones-religiosas-dentro-del-pacto-para-que-siga-sonora\/\" \/>\n<meta property=\"og:site_name\" content=\"Sonora en Equipo.\" \/>\n<meta property=\"article:publisher\" content=\"https:\/\/www.facebook.com\/SonoraEE\/\" \/>\n<meta property=\"article:author\" content=\"https:\/\/www.facebook.com\/SonoraEE\" \/>\n<meta property=\"article:published_time\" content=\"2020-06-20T01:29:02+00:00\" \/>\n<meta property=\"og:image\" content=\"https:\/\/www.sonoraenequipo.com.mx\/storage\/2020\/06\/cpa190620.jpg\" \/>\n\t<meta property=\"og:image:width\" content=\"600\" \/>\n\t<meta property=\"og:image:height\" content=\"400\" \/>\n\t<meta property=\"og:image:type\" content=\"image\/jpeg\" \/>\n<meta name=\"author\" content=\"enequipo\" \/>\n<meta name=\"twitter:card\" content=\"summary_large_image\" \/>\n<meta name=\"twitter:creator\" content=\"@sonoraenequipo\" \/>\n<meta name=\"twitter:site\" content=\"@sonoraenequipo\" \/>\n<meta name=\"twitter:label1\" content=\"Escrito por\" \/>\n\t<meta name=\"twitter:data1\" content=\"enequipo\" \/>\n\t<meta name=\"twitter:label2\" content=\"Tiempo de lectura\" \/>\n\t<meta name=\"twitter:data2\" content=\"4 minutos\" \/>\n<script type=\"application\/ld+json\" class=\"yoast-schema-graph\">{\"@context\":\"https:\/\/schema.org\",\"@graph\":[{\"@type\":\"Article\",\"@id\":\"https:\/\/www.sonoraenequipo.com.mx\/reconoce-gobernadora-labor-de-congregaciones-religiosas-dentro-del-pacto-para-que-siga-sonora\/#article\",\"isPartOf\":{\"@id\":\"https:\/\/www.sonoraenequipo.com.mx\/reconoce-gobernadora-labor-de-congregaciones-religiosas-dentro-del-pacto-para-que-siga-sonora\/\"},\"author\":{\"name\":\"enequipo\",\"@id\":\"https:\/\/www.sonoraenequipo.com.mx\/#\/schema\/person\/50102df0fb23a8fa9e8effad8fa81386\"},\"headline\":\"Reconoce Gobernadora labor de congregaciones religiosas dentro del Pacto \u00abPara Que Siga Sonora\u00bb\",\"datePublished\":\"2020-06-20T01:29:02+00:00\",\"mainEntityOfPage\":{\"@id\":\"https:\/\/www.sonoraenequipo.com.mx\/reconoce-gobernadora-labor-de-congregaciones-religiosas-dentro-del-pacto-para-que-siga-sonora\/\"},\"wordCount\":741,\"commentCount\":0,\"publisher\":{\"@id\":\"https:\/\/www.sonoraenequipo.com.mx\/#organization\"},\"image\":{\"@id\":\"https:\/\/www.sonoraenequipo.com.mx\/reconoce-gobernadora-labor-de-congregaciones-religiosas-dentro-del-pacto-para-que-siga-sonora\/#primaryimage\"},\"thumbnailUrl\":\"https:\/\/www.sonoraenequipo.com.mx\/storage\/2020\/06\/cpa190620.jpg\",\"keywords\":[\"claudia pavlovich\",\"gobernadora\"],\"articleSection\":[\"Sonora\"],\"inLanguage\":\"es\",\"potentialAction\":[{\"@type\":\"CommentAction\",\"name\":\"Comment\",\"target\":[\"https:\/\/www.sonoraenequipo.com.mx\/reconoce-gobernadora-labor-de-congregaciones-religiosas-dentro-del-pacto-para-que-siga-sonora\/#respond\"]}]},{\"@type\":\"WebPage\",\"@id\":\"https:\/\/www.sonoraenequipo.com.mx\/reconoce-gobernadora-labor-de-congregaciones-religiosas-dentro-del-pacto-para-que-siga-sonora\/\",\"url\":\"https:\/\/www.sonoraenequipo.com.mx\/reconoce-gobernadora-labor-de-congregaciones-religiosas-dentro-del-pacto-para-que-siga-sonora\/\",\"name\":\"Sonora en Equipo. Reconoce Gobernadora labor de congregaciones religiosas dentro del Pacto \\\"Para Que Siga Sonora\\\" Sonora\",\"isPartOf\":{\"@id\":\"https:\/\/www.sonoraenequipo.com.mx\/#website\"},\"primaryImageOfPage\":{\"@id\":\"https:\/\/www.sonoraenequipo.com.mx\/reconoce-gobernadora-labor-de-congregaciones-religiosas-dentro-del-pacto-para-que-siga-sonora\/#primaryimage\"},\"image\":{\"@id\":\"https:\/\/www.sonoraenequipo.com.mx\/reconoce-gobernadora-labor-de-congregaciones-religiosas-dentro-del-pacto-para-que-siga-sonora\/#primaryimage\"},\"thumbnailUrl\":\"https:\/\/www.sonoraenequipo.com.mx\/storage\/2020\/06\/cpa190620.jpg\",\"datePublished\":\"2020-06-20T01:29:02+00:00\",\"description\":\"&gt;&gt;Se re\u00fane de manera virtual con pastores y l\u00edderes religiosos &nbsp; HERMOSILLO, SONORA,MX.\u2500 El acompa\u00f1amiento espiritual que las distintas En Sonora en Equipo publicamos toda la informaci\u00f3n de Sonora, M\u00e9xico y el Mundo de manera oportuna y busca que la libertad de expresi\u00f3n sea real. Visita nuestro medio informativo publicado desde Hermosillo, Sonora. %\",\"breadcrumb\":{\"@id\":\"https:\/\/www.sonoraenequipo.com.mx\/reconoce-gobernadora-labor-de-congregaciones-religiosas-dentro-del-pacto-para-que-siga-sonora\/#breadcrumb\"},\"inLanguage\":\"es\",\"potentialAction\":[{\"@type\":\"ReadAction\",\"target\":[\"https:\/\/www.sonoraenequipo.com.mx\/reconoce-gobernadora-labor-de-congregaciones-religiosas-dentro-del-pacto-para-que-siga-sonora\/\"]}]},{\"@type\":\"ImageObject\",\"inLanguage\":\"es\",\"@id\":\"https:\/\/www.sonoraenequipo.com.mx\/reconoce-gobernadora-labor-de-congregaciones-religiosas-dentro-del-pacto-para-que-siga-sonora\/#primaryimage\",\"url\":\"https:\/\/www.sonoraenequipo.com.mx\/storage\/2020\/06\/cpa190620.jpg\",\"contentUrl\":\"https:\/\/www.sonoraenequipo.com.mx\/storage\/2020\/06\/cpa190620.jpg\",\"width\":600,\"height\":400},{\"@type\":\"BreadcrumbList\",\"@id\":\"https:\/\/www.sonoraenequipo.com.mx\/reconoce-gobernadora-labor-de-congregaciones-religiosas-dentro-del-pacto-para-que-siga-sonora\/#breadcrumb\",\"itemListElement\":[{\"@type\":\"ListItem\",\"position\":1,\"name\":\"Portada\",\"item\":\"https:\/\/www.sonoraenequipo.com.mx\/\"},{\"@type\":\"ListItem\",\"position\":2,\"name\":\"Reconoce Gobernadora labor de congregaciones religiosas dentro del Pacto \u00abPara Que Siga Sonora\u00bb\"}]},{\"@type\":\"WebSite\",\"@id\":\"https:\/\/www.sonoraenequipo.com.mx\/#website\",\"url\":\"https:\/\/www.sonoraenequipo.com.mx\/\",\"name\":\"Sonora en Equipo.\",\"description\":\"Diario en l\u00ednea con Noticias desde Hermosillo, Sonora\",\"publisher\":{\"@id\":\"https:\/\/www.sonoraenequipo.com.mx\/#organization\"},\"potentialAction\":[{\"@type\":\"SearchAction\",\"target\":{\"@type\":\"EntryPoint\",\"urlTemplate\":\"https:\/\/www.sonoraenequipo.com.mx\/?s={search_term_string}\"},\"query-input\":{\"@type\":\"PropertyValueSpecification\",\"valueRequired\":true,\"valueName\":\"search_term_string\"}}],\"inLanguage\":\"es\"},{\"@type\":\"Organization\",\"@id\":\"https:\/\/www.sonoraenequipo.com.mx\/#organization\",\"name\":\"Sonoraenequipo.com.mx\",\"url\":\"https:\/\/www.sonoraenequipo.com.mx\/\",\"logo\":{\"@type\":\"ImageObject\",\"inLanguage\":\"es\",\"@id\":\"https:\/\/www.sonoraenequipo.com.mx\/#\/schema\/logo\/image\/\",\"url\":\"https:\/\/www.sonoraenequipo.com.mx\/storage\/2019\/01\/sonoraenequipo_opt.png\",\"contentUrl\":\"https:\/\/www.sonoraenequipo.com.mx\/storage\/2019\/01\/sonoraenequipo_opt.png\",\"width\":375,\"height\":125,\"caption\":\"Sonoraenequipo.com.mx\"},\"image\":{\"@id\":\"https:\/\/www.sonoraenequipo.com.mx\/#\/schema\/logo\/image\/\"},\"sameAs\":[\"https:\/\/www.facebook.com\/SonoraEE\/\",\"https:\/\/x.com\/sonoraenequipo\",\"https:\/\/www.youtube.com\/channel\/UC338nW-lPEYmJQs4ZABQ1SQ\"]},{\"@type\":\"Person\",\"@id\":\"https:\/\/www.sonoraenequipo.com.mx\/#\/schema\/person\/50102df0fb23a8fa9e8effad8fa81386\",\"name\":\"enequipo\",\"image\":{\"@type\":\"ImageObject\",\"inLanguage\":\"es\",\"@id\":\"https:\/\/www.sonoraenequipo.com.mx\/#\/schema\/person\/image\/\",\"url\":\"https:\/\/secure.gravatar.com\/avatar\/049821681b589dabc0bc20695993ccebb09f5b5d4d790cd9251b97faac7c652b?s=96&d=blank&r=g\",\"contentUrl\":\"https:\/\/secure.gravatar.com\/avatar\/049821681b589dabc0bc20695993ccebb09f5b5d4d790cd9251b97faac7c652b?s=96&d=blank&r=g\",\"caption\":\"enequipo\"},\"sameAs\":[\"https:\/\/www.facebook.com\/SonoraEE\"]}]}<\/script>\n ","yoast_head_json":{"title":"Sonora en Equipo. Reconoce Gobernadora labor de congregaciones religiosas dentro del Pacto \"Para Que Siga Sonora\" Sonora","description":"&gt;&gt;Se re\u00fane de manera virtual con pastores y l\u00edderes religiosos &nbsp; HERMOSILLO, SONORA,MX.\u2500 El acompa\u00f1amiento espiritual que las distintas En Sonora en Equipo publicamos toda la informaci\u00f3n de Sonora, M\u00e9xico y el Mundo de manera oportuna y busca que la libertad de expresi\u00f3n sea real. Visita nuestro medio informativo publicado desde Hermosillo, Sonora. %","robots":{"index":"index","follow":"follow","max-snippet":"max-snippet:-1","max-image-preview":"max-image-preview:large","max-video-preview":"max-video-preview:-1"},"canonical":"https:\/\/www.sonoraenequipo.com.mx\/reconoce-gobernadora-labor-de-congregaciones-religiosas-dentro-del-pacto-para-que-siga-sonora\/","og_locale":"es_ES","og_type":"article","og_title":"Sonora en Equipo. Reconoce Gobernadora labor de congregaciones religiosas dentro del Pacto \"Para Que Siga Sonora\" Sonora","og_description":"&gt;&gt;Se re\u00fane de manera virtual con pastores y l\u00edderes religiosos &nbsp; HERMOSILLO, SONORA,MX.\u2500 El acompa\u00f1amiento espiritual que las distintas En Sonora en Equipo publicamos toda la informaci\u00f3n de Sonora, M\u00e9xico y el Mundo de manera oportuna y busca que la libertad de expresi\u00f3n sea real. Visita nuestro medio informativo publicado desde Hermosillo, Sonora. %","og_url":"https:\/\/www.sonoraenequipo.com.mx\/reconoce-gobernadora-labor-de-congregaciones-religiosas-dentro-del-pacto-para-que-siga-sonora\/","og_site_name":"Sonora en Equipo.","article_publisher":"https:\/\/www.facebook.com\/SonoraEE\/","article_author":"https:\/\/www.facebook.com\/SonoraEE","article_published_time":"2020-06-20T01:29:02+00:00","og_image":[{"width":600,"height":400,"url":"https:\/\/www.sonoraenequipo.com.mx\/storage\/2020\/06\/cpa190620.jpg","type":"image\/jpeg"}],"author":"enequipo","twitter_card":"summary_large_image","twitter_creator":"@sonoraenequipo","twitter_site":"@sonoraenequipo","twitter_misc":{"Escrito por":"enequipo","Tiempo de lectura":"4 minutos"},"schema":{"@context":"https:\/\/schema.org","@graph":[{"@type":"Article","@id":"https:\/\/www.sonoraenequipo.com.mx\/reconoce-gobernadora-labor-de-congregaciones-religiosas-dentro-del-pacto-para-que-siga-sonora\/#article","isPartOf":{"@id":"https:\/\/www.sonoraenequipo.com.mx\/reconoce-gobernadora-labor-de-congregaciones-religiosas-dentro-del-pacto-para-que-siga-sonora\/"},"author":{"name":"enequipo","@id":"https:\/\/www.sonoraenequipo.com.mx\/#\/schema\/person\/50102df0fb23a8fa9e8effad8fa81386"},"headline":"Reconoce Gobernadora labor de congregaciones religiosas dentro del Pacto \u00abPara Que Siga Sonora\u00bb","datePublished":"2020-06-20T01:29:02+00:00","mainEntityOfPage":{"@id":"https:\/\/www.sonoraenequipo.com.mx\/reconoce-gobernadora-labor-de-congregaciones-religiosas-dentro-del-pacto-para-que-siga-sonora\/"},"wordCount":741,"commentCount":0,"publisher":{"@id":"https:\/\/www.sonoraenequipo.com.mx\/#organization"},"image":{"@id":"https:\/\/www.sonoraenequipo.com.mx\/reconoce-gobernadora-labor-de-congregaciones-religiosas-dentro-del-pacto-para-que-siga-sonora\/#primaryimage"},"thumbnailUrl":"https:\/\/www.sonoraenequipo.com.mx\/storage\/2020\/06\/cpa190620.jpg","keywords":["claudia pavlovich","gobernadora"],"articleSection":["Sonora"],"inLanguage":"es","potentialAction":[{"@type":"CommentAction","name":"Comment","target":["https:\/\/www.sonoraenequipo.com.mx\/reconoce-gobernadora-labor-de-congregaciones-religiosas-dentro-del-pacto-para-que-siga-sonora\/#respond"]}]},{"@type":"WebPage","@id":"https:\/\/www.sonoraenequipo.com.mx\/reconoce-gobernadora-labor-de-congregaciones-religiosas-dentro-del-pacto-para-que-siga-sonora\/","url":"https:\/\/www.sonoraenequipo.com.mx\/reconoce-gobernadora-labor-de-congregaciones-religiosas-dentro-del-pacto-para-que-siga-sonora\/","name":"Sonora en Equipo. Reconoce Gobernadora labor de congregaciones religiosas dentro del Pacto \"Para Que Siga Sonora\" Sonora","isPartOf":{"@id":"https:\/\/www.sonoraenequipo.com.mx\/#website"},"primaryImageOfPage":{"@id":"https:\/\/www.sonoraenequipo.com.mx\/reconoce-gobernadora-labor-de-congregaciones-religiosas-dentro-del-pacto-para-que-siga-sonora\/#primaryimage"},"image":{"@id":"https:\/\/www.sonoraenequipo.com.mx\/reconoce-gobernadora-labor-de-congregaciones-religiosas-dentro-del-pacto-para-que-siga-sonora\/#primaryimage"},"thumbnailUrl":"https:\/\/www.sonoraenequipo.com.mx\/storage\/2020\/06\/cpa190620.jpg","datePublished":"2020-06-20T01:29:02+00:00","description":"&gt;&gt;Se re\u00fane de manera virtual con pastores y l\u00edderes religiosos &nbsp; HERMOSILLO, SONORA,MX.\u2500 El acompa\u00f1amiento espiritual que las distintas En Sonora en Equipo publicamos toda la informaci\u00f3n de Sonora, M\u00e9xico y el Mundo de manera oportuna y busca que la libertad de expresi\u00f3n sea real. Visita nuestro medio informativo publicado desde Hermosillo, Sonora. %","breadcrumb":{"@id":"https:\/\/www.sonoraenequipo.com.mx\/reconoce-gobernadora-labor-de-congregaciones-religiosas-dentro-del-pacto-para-que-siga-sonora\/#breadcrumb"},"inLanguage":"es","potentialAction":[{"@type":"ReadAction","target":["https:\/\/www.sonoraenequipo.com.mx\/reconoce-gobernadora-labor-de-congregaciones-religiosas-dentro-del-pacto-para-que-siga-sonora\/"]}]},{"@type":"ImageObject","inLanguage":"es","@id":"https:\/\/www.sonoraenequipo.com.mx\/reconoce-gobernadora-labor-de-congregaciones-religiosas-dentro-del-pacto-para-que-siga-sonora\/#primaryimage","url":"https:\/\/www.sonoraenequipo.com.mx\/storage\/2020\/06\/cpa190620.jpg","contentUrl":"https:\/\/www.sonoraenequipo.com.mx\/storage\/2020\/06\/cpa190620.jpg","width":600,"height":400},{"@type":"BreadcrumbList","@id":"https:\/\/www.sonoraenequipo.com.mx\/reconoce-gobernadora-labor-de-congregaciones-religiosas-dentro-del-pacto-para-que-siga-sonora\/#breadcrumb","itemListElement":[{"@type":"ListItem","position":1,"name":"Portada","item":"https:\/\/www.sonoraenequipo.com.mx\/"},{"@type":"ListItem","position":2,"name":"Reconoce Gobernadora labor de congregaciones religiosas dentro del Pacto \u00abPara Que Siga Sonora\u00bb"}]},{"@type":"WebSite","@id":"https:\/\/www.sonoraenequipo.com.mx\/#website","url":"https:\/\/www.sonoraenequipo.com.mx\/","name":"Sonora en Equipo.","description":"Diario en l\u00ednea con Noticias desde Hermosillo, Sonora","publisher":{"@id":"https:\/\/www.sonoraenequipo.com.mx\/#organization"},"potentialAction":[{"@type":"SearchAction","target":{"@type":"EntryPoint","urlTemplate":"https:\/\/www.sonoraenequipo.com.mx\/?s={search_term_string}"},"query-input":{"@type":"PropertyValueSpecification","valueRequired":true,"valueName":"search_term_string"}}],"inLanguage":"es"},{"@type":"Organization","@id":"https:\/\/www.sonoraenequipo.com.mx\/#organization","name":"Sonoraenequipo.com.mx","url":"https:\/\/www.sonoraenequipo.com.mx\/","logo":{"@type":"ImageObject","inLanguage":"es","@id":"https:\/\/www.sonoraenequipo.com.mx\/#\/schema\/logo\/image\/","url":"https:\/\/www.sonoraenequipo.com.mx\/storage\/2019\/01\/sonoraenequipo_opt.png","contentUrl":"https:\/\/www.sonoraenequipo.com.mx\/storage\/2019\/01\/sonoraenequipo_opt.png","width":375,"height":125,"caption":"Sonoraenequipo.com.mx"},"image":{"@id":"https:\/\/www.sonoraenequipo.com.mx\/#\/schema\/logo\/image\/"},"sameAs":["https:\/\/www.facebook.com\/SonoraEE\/","https:\/\/x.com\/sonoraenequipo","https:\/\/www.youtube.com\/channel\/UC338nW-lPEYmJQs4ZABQ1SQ"]},{"@type":"Person","@id":"https:\/\/www.sonoraenequipo.com.mx\/#\/schema\/person\/50102df0fb23a8fa9e8effad8fa81386","name":"enequipo","image":{"@type":"ImageObject","inLanguage":"es","@id":"https:\/\/www.sonoraenequipo.com.mx\/#\/schema\/person\/image\/","url":"https:\/\/secure.gravatar.com\/avatar\/049821681b589dabc0bc20695993ccebb09f5b5d4d790cd9251b97faac7c652b?s=96&d=blank&r=g","contentUrl":"https:\/\/secure.gravatar.com\/avatar\/049821681b589dabc0bc20695993ccebb09f5b5d4d790cd9251b97faac7c652b?s=96&d=blank&r=g","caption":"enequipo"},"sameAs":["https:\/\/www.facebook.com\/SonoraEE"]}]}},"jetpack_featured_media_url":"https:\/\/www.sonoraenequipo.com.mx\/storage\/2020\/06\/cpa190620.jpg","_links":{"self":[{"href":"https:\/\/www.sonoraenequipo.com.mx\/api\/wp\/v2\/posts\/87810","targetHints":{"allow":["GET"]}}],"collection":[{"href":"https:\/\/www.sonoraenequipo.com.mx\/api\/wp\/v2\/posts"}],"about":[{"href":"https:\/\/www.sonoraenequipo.com.mx\/api\/wp\/v2\/types\/post"}],"author":[{"embeddable":true,"href":"https:\/\/www.sonoraenequipo.com.mx\/api\/wp\/v2\/users\/1"}],"replies":[{"embeddable":true,"href":"https:\/\/www.sonoraenequipo.com.mx\/api\/wp\/v2\/comments?post=87810"}],"version-history":[{"count":0,"href":"https:\/\/www.sonoraenequipo.com.mx\/api\/wp\/v2\/posts\/87810\/revisions"}],"wp:featuredmedia":[{"embeddable":true,"href":"https:\/\/www.sonoraenequipo.com.mx\/api\/wp\/v2\/media\/87811"}],"wp:attachment":[{"href":"https:\/\/www.sonoraenequipo.com.mx\/api\/wp\/v2\/media?parent=87810"}],"wp:term":[{"taxonomy":"category","embeddable":true,"href":"https:\/\/www.sonoraenequipo.com.mx\/api\/wp\/v2\/categories?post=87810"},{"taxonomy":"post_tag","embeddable":true,"href":"https:\/\/www.sonoraenequipo.com.mx\/api\/wp\/v2\/tags?post=87810"}],"curies":[{"name":"wp","href":"https:\/\/api.w.org\/{rel}","templated":true}]}}