{"id":87813,"date":"2020-06-19T18:55:34","date_gmt":"2020-06-20T01:55:34","guid":{"rendered":"https:\/\/www.sonoraenequipo.com.mx\/?p=87813"},"modified":"2020-06-19T18:55:34","modified_gmt":"2020-06-20T01:55:34","slug":"define-ine-estrategia-de-regreso-escalonado-a-actividades-presenciales","status":"publish","type":"post","link":"https:\/\/www.sonoraenequipo.com.mx\/define-ine-estrategia-de-regreso-escalonado-a-actividades-presenciales\/","title":{"rendered":"Define INE estrategia de regreso escalonado \u00a0a actividades presenciales"},"content":{"rendered":"<h4><\/h4>\n<h4>&gt;&gt;La pandemia no debe ser pretexto para alterar o vulnerar a nuestra democracia: Lorenzo C\u00f3rdova<\/h4>\n<p>&nbsp;<\/p>\n<p>CIUDAD DE M\u00c9XICO.\u2500 El Instituto Nacional Electoral (INE) se ha mantenido activo y presente en la vida p\u00fablica a pesar de la emergencia sanitaria, destac\u00f3 el Consejero Presidente, Lorenzo C\u00f3rdova Vianello, al precisar que la instituci\u00f3n ha continuado con sus funciones y con el cumplimiento de su mandato constitucional.<\/p>\n<p>&nbsp;<\/p>\n<p>Durante la presentaci\u00f3n en el Consejo General del Informe sobre las acciones realizadas para enfrentar la pandemia del virus SARS-CoV-2 (COVID-19) y la estrategia de regreso a actividades presenciales, C\u00f3rdova Vianello enfatiz\u00f3 que \u201ccontribuir a la adecuada garant\u00eda del derecho a la salud no es una obligaci\u00f3n que est\u00e9 confrontada con el ejercicio de los derechos pol\u00edticos ni con la certeza de los procesos electorales\u201d.<\/p>\n<p>&nbsp;<\/p>\n<p>Para el INE, dijo, la pandemia generada por el COVID-19 es una situaci\u00f3n de emergencia que \u201cno debe ser pretexto para alterar o vulnerar a nuestra democracia constitucional, ni para mermar la divisi\u00f3n de poderes y, menos a\u00fan, para confundir a las autoridades electorales con los actores pol\u00edticos\u201d.<\/p>\n<p>&nbsp;<\/p>\n<p>En la presentaci\u00f3n del Informe, el Secretario Ejecutivo del INE, Edmundo Jacobo Molina, mencion\u00f3 que el objetivo de la estrategia de regreso a actividades presenciales es coordinar acciones que permitan el retorno del personal a su lugar de trabajo de manera ordenada y minimizando el riesgo de contagio.<\/p>\n<p>&nbsp;<\/p>\n<p>Se busca que el personal que requiera realizar actividades en las instalaciones del INE, pueda hacerlo de manera paulatina, conforme se vaya abatiendo la pandemia y se vaya levantando la emergencia sanitaria, de acuerdo con diversos indicadores.<\/p>\n<p>&nbsp;<\/p>\n<p>\u201cLa estrategia persigue que el Instituto realice un retorno escalonado que minimice el riesgo de contagio, priorizando la salud de las personas y la ejecuci\u00f3n de los servicios que brindamos a la ciudadan\u00eda, mediante la difusi\u00f3n de l\u00edneas de acci\u00f3n que requieran actividad presencial\u201d.<\/p>\n<p>&nbsp;<\/p>\n<p>Con la implementaci\u00f3n de esta estrategia, el INE busca la reanudaci\u00f3n de los servicios asociados a la Credencial para Votar con Fotograf\u00eda; la operaci\u00f3n sobre procesos electorales de Coahuila e Hidalgo, as\u00ed como del Proceso Electoral Federal 2020-2021; el registro de nuevos partidos pol\u00edticos y otras actividades cotidianas inherentes a las funciones del Instituto.<\/p>\n<p>&nbsp;<\/p>\n<p>El Secretario Ejecutivo destac\u00f3 que, para la reanudaci\u00f3n de los procesos electorales de Coahuila e Hidalgo, el Instituto requiere un plazo m\u00ednimo de 70 d\u00edas para la realizaci\u00f3n de actividades previas a la Jornada Electoral, por lo que la fecha ser\u00e1 definida una vez que se tenga condiciones sanitarias que permitan su celebraci\u00f3n en ambas entidades.<\/p>\n<p>&nbsp;<\/p>\n<p>\u201cEste es el tiempo requerido para que las autoridades electorales puedan garantizar a la ciudadan\u00eda y a quienes contiendan por los cargos p\u00fablicos, el ejercicio pleno de sus derechos y la certeza y calidad previstas en la norma electoral\u201d, dijo Jacobo.<\/p>\n<p>&nbsp;<\/p>\n<p><strong>M\u00f3dulos equipados para reapertura<\/strong><\/p>\n<p>&nbsp;<\/p>\n<p>Por su parte, la Consejera Dania Ravel declar\u00f3 que resulta fundamental garantizar las condiciones sanitarias de los M\u00f3dulos de Atenci\u00f3n Ciudadana (MAC), debido al elevado n\u00famero de ciudadanos y ciudadanas que acuden a realizar tr\u00e1mites.<\/p>\n<p>&nbsp;<\/p>\n<p>Por ello, agreg\u00f3, son valiosas las actividades de la Direcci\u00f3n Ejecutiva del Registro Federal de Electores, que en concordancia con las Juntas Locales Ejecutivas han preparado los insumos sanitarios para que, a la fecha, el 99.3% de los m\u00f3dulos fijos se encuentren listos y equipados.<\/p>\n<p>&nbsp;<\/p>\n<p>\u201cCon esta cifra podemos advertir que estamos preparados para reanudar las actividades en estos M\u00f3dulos de Atenci\u00f3n Ciudadana, de manera paulatina\u201d, aclar\u00f3.<\/p>\n<p>&nbsp;<\/p>\n<p>Durante la sesi\u00f3n, el pleno aprob\u00f3 la actualizaci\u00f3n del Programa de Trabajo de la Comisi\u00f3n Temporal de Vinculaci\u00f3n con Mexicanos Residentes en el Extranjero y An\u00e1lisis de las Modalidades de su Voto, y determin\u00f3 la procedencia constitucional y legal de las modificaciones a los Documentos B\u00e1sicos de Movimiento Ciudadano.<\/p>\n<p>&nbsp;<\/p>\n<p>Asimismo, asign\u00f3 el tiempo en Radio y Televisi\u00f3n a las autoridades electorales para el tercer trimestre de 2020, mediante la aplicaci\u00f3n de criterios espec\u00edficos de distribuci\u00f3n.<\/p>\n<p>&nbsp;<\/p>\n<p>Fecha de Publicaci\u00f3n 19\/jun\/2020<\/p>\n<p>&nbsp;<\/p>\n","protected":false},"excerpt":{"rendered":"<p>&gt;&gt;La pandemia no debe ser pretexto para alterar o vulnerar a nuestra democracia: Lorenzo C\u00f3rdova&#8230;<\/p>\n","protected":false},"author":1,"featured_media":40092,"comment_status":"open","ping_status":"open","sticky":false,"template":"","format":"standard","meta":{"_monsterinsights_skip_tracking":false,"_monsterinsights_sitenote_active":false,"_monsterinsights_sitenote_note":"","_monsterinsights_sitenote_category":0,"footnotes":""},"categories":[5],"tags":[],"class_list":["post"],"yoast_head":" \n<title>Sonora en Equipo. Define INE estrategia de regreso escalonado \u00a0a actividades presenciales Rep\u00fablica<\/title>\n<meta name=\"description\" content=\"&gt;&gt;La pandemia no debe ser pretexto para alterar o vulnerar a nuestra democracia: Lorenzo C\u00f3rdova &nbsp; CIUDAD DE M\u00c9XICO.\u2500 El Instituto Nacional En Sonora en Equipo publicamos toda la informaci\u00f3n de Sonora, M\u00e9xico y el Mundo de manera oportuna y busca que la libertad de expresi\u00f3n sea real. Visita nuestro medio informativo publicado desde Hermosillo, Sonora. %\" \/>\n<meta name=\"robots\" content=\"index, follow, max-snippet:-1, max-image-preview:large, max-video-preview:-1\" \/>\n<link rel=\"canonical\" href=\"https:\/\/www.sonoraenequipo.com.mx\/define-ine-estrategia-de-regreso-escalonado-a-actividades-presenciales\/\" \/>\n<meta property=\"og:locale\" content=\"es_ES\" \/>\n<meta property=\"og:type\" content=\"article\" \/>\n<meta property=\"og:title\" content=\"Sonora en Equipo. Define INE estrategia de regreso escalonado \u00a0a actividades presenciales Rep\u00fablica\" \/>\n<meta property=\"og:description\" content=\"&gt;&gt;La pandemia no debe ser pretexto para alterar o vulnerar a nuestra democracia: Lorenzo C\u00f3rdova &nbsp; CIUDAD DE M\u00c9XICO.\u2500 El Instituto Nacional En Sonora en Equipo publicamos toda la informaci\u00f3n de Sonora, M\u00e9xico y el Mundo de manera oportuna y busca que la libertad de expresi\u00f3n sea real. Visita nuestro medio informativo publicado desde Hermosillo, Sonora. %\" \/>\n<meta property=\"og:url\" content=\"https:\/\/www.sonoraenequipo.com.mx\/define-ine-estrategia-de-regreso-escalonado-a-actividades-presenciales\/\" \/>\n<meta property=\"og:site_name\" content=\"Sonora en Equipo.\" \/>\n<meta property=\"article:publisher\" content=\"https:\/\/www.facebook.com\/SonoraEE\/\" \/>\n<meta property=\"article:author\" content=\"https:\/\/www.facebook.com\/SonoraEE\" \/>\n<meta property=\"article:published_time\" content=\"2020-06-20T01:55:34+00:00\" \/>\n<meta property=\"og:image\" content=\"https:\/\/www.sonoraenequipo.com.mx\/storage\/2018\/07\/lorenzo-cordova-resultado-ine_opt.jpg\" \/>\n\t<meta property=\"og:image:width\" content=\"677\" \/>\n\t<meta property=\"og:image:height\" content=\"450\" \/>\n\t<meta property=\"og:image:type\" content=\"image\/jpeg\" \/>\n<meta name=\"author\" content=\"enequipo\" \/>\n<meta name=\"twitter:card\" content=\"summary_large_image\" \/>\n<meta name=\"twitter:creator\" content=\"@sonoraenequipo\" \/>\n<meta name=\"twitter:site\" content=\"@sonoraenequipo\" \/>\n<meta name=\"twitter:label1\" content=\"Escrito por\" \/>\n\t<meta name=\"twitter:data1\" content=\"enequipo\" \/>\n\t<meta name=\"twitter:label2\" content=\"Tiempo de lectura\" \/>\n\t<meta name=\"twitter:data2\" content=\"4 minutos\" \/>\n<script type=\"application\/ld+json\" class=\"yoast-schema-graph\">{\"@context\":\"https:\/\/schema.org\",\"@graph\":[{\"@type\":\"Article\",\"@id\":\"https:\/\/www.sonoraenequipo.com.mx\/define-ine-estrategia-de-regreso-escalonado-a-actividades-presenciales\/#article\",\"isPartOf\":{\"@id\":\"https:\/\/www.sonoraenequipo.com.mx\/define-ine-estrategia-de-regreso-escalonado-a-actividades-presenciales\/\"},\"author\":{\"name\":\"enequipo\",\"@id\":\"https:\/\/www.sonoraenequipo.com.mx\/#\/schema\/person\/50102df0fb23a8fa9e8effad8fa81386\"},\"headline\":\"Define INE estrategia de regreso escalonado \u00a0a actividades presenciales\",\"datePublished\":\"2020-06-20T01:55:34+00:00\",\"mainEntityOfPage\":{\"@id\":\"https:\/\/www.sonoraenequipo.com.mx\/define-ine-estrategia-de-regreso-escalonado-a-actividades-presenciales\/\"},\"wordCount\":719,\"commentCount\":0,\"publisher\":{\"@id\":\"https:\/\/www.sonoraenequipo.com.mx\/#organization\"},\"image\":{\"@id\":\"https:\/\/www.sonoraenequipo.com.mx\/define-ine-estrategia-de-regreso-escalonado-a-actividades-presenciales\/#primaryimage\"},\"thumbnailUrl\":\"https:\/\/www.sonoraenequipo.com.mx\/storage\/2018\/07\/lorenzo-cordova-resultado-ine_opt.jpg\",\"articleSection\":[\"Rep\u00fablica\"],\"inLanguage\":\"es\",\"potentialAction\":[{\"@type\":\"CommentAction\",\"name\":\"Comment\",\"target\":[\"https:\/\/www.sonoraenequipo.com.mx\/define-ine-estrategia-de-regreso-escalonado-a-actividades-presenciales\/#respond\"]}]},{\"@type\":\"WebPage\",\"@id\":\"https:\/\/www.sonoraenequipo.com.mx\/define-ine-estrategia-de-regreso-escalonado-a-actividades-presenciales\/\",\"url\":\"https:\/\/www.sonoraenequipo.com.mx\/define-ine-estrategia-de-regreso-escalonado-a-actividades-presenciales\/\",\"name\":\"Sonora en Equipo. Define INE estrategia de regreso escalonado \u00a0a actividades presenciales Rep\u00fablica\",\"isPartOf\":{\"@id\":\"https:\/\/www.sonoraenequipo.com.mx\/#website\"},\"primaryImageOfPage\":{\"@id\":\"https:\/\/www.sonoraenequipo.com.mx\/define-ine-estrategia-de-regreso-escalonado-a-actividades-presenciales\/#primaryimage\"},\"image\":{\"@id\":\"https:\/\/www.sonoraenequipo.com.mx\/define-ine-estrategia-de-regreso-escalonado-a-actividades-presenciales\/#primaryimage\"},\"thumbnailUrl\":\"https:\/\/www.sonoraenequipo.com.mx\/storage\/2018\/07\/lorenzo-cordova-resultado-ine_opt.jpg\",\"datePublished\":\"2020-06-20T01:55:34+00:00\",\"description\":\"&gt;&gt;La pandemia no debe ser pretexto para alterar o vulnerar a nuestra democracia: Lorenzo C\u00f3rdova &nbsp; CIUDAD DE M\u00c9XICO.\u2500 El Instituto Nacional En Sonora en Equipo publicamos toda la informaci\u00f3n de Sonora, M\u00e9xico y el Mundo de manera oportuna y busca que la libertad de expresi\u00f3n sea real. Visita nuestro medio informativo publicado desde Hermosillo, Sonora. %\",\"breadcrumb\":{\"@id\":\"https:\/\/www.sonoraenequipo.com.mx\/define-ine-estrategia-de-regreso-escalonado-a-actividades-presenciales\/#breadcrumb\"},\"inLanguage\":\"es\",\"potentialAction\":[{\"@type\":\"ReadAction\",\"target\":[\"https:\/\/www.sonoraenequipo.com.mx\/define-ine-estrategia-de-regreso-escalonado-a-actividades-presenciales\/\"]}]},{\"@type\":\"ImageObject\",\"inLanguage\":\"es\",\"@id\":\"https:\/\/www.sonoraenequipo.com.mx\/define-ine-estrategia-de-regreso-escalonado-a-actividades-presenciales\/#primaryimage\",\"url\":\"https:\/\/www.sonoraenequipo.com.mx\/storage\/2018\/07\/lorenzo-cordova-resultado-ine_opt.jpg\",\"contentUrl\":\"https:\/\/www.sonoraenequipo.com.mx\/storage\/2018\/07\/lorenzo-cordova-resultado-ine_opt.jpg\",\"width\":677,\"height\":450},{\"@type\":\"BreadcrumbList\",\"@id\":\"https:\/\/www.sonoraenequipo.com.mx\/define-ine-estrategia-de-regreso-escalonado-a-actividades-presenciales\/#breadcrumb\",\"itemListElement\":[{\"@type\":\"ListItem\",\"position\":1,\"name\":\"Portada\",\"item\":\"https:\/\/www.sonoraenequipo.com.mx\/\"},{\"@type\":\"ListItem\",\"position\":2,\"name\":\"Define INE estrategia de regreso escalonado \u00a0a actividades presenciales\"}]},{\"@type\":\"WebSite\",\"@id\":\"https:\/\/www.sonoraenequipo.com.mx\/#website\",\"url\":\"https:\/\/www.sonoraenequipo.com.mx\/\",\"name\":\"Sonora en Equipo.\",\"description\":\"Diario en l\u00ednea con Noticias desde Hermosillo, Sonora\",\"publisher\":{\"@id\":\"https:\/\/www.sonoraenequipo.com.mx\/#organization\"},\"potentialAction\":[{\"@type\":\"SearchAction\",\"target\":{\"@type\":\"EntryPoint\",\"urlTemplate\":\"https:\/\/www.sonoraenequipo.com.mx\/?s={search_term_string}\"},\"query-input\":{\"@type\":\"PropertyValueSpecification\",\"valueRequired\":true,\"valueName\":\"search_term_string\"}}],\"inLanguage\":\"es\"},{\"@type\":\"Organization\",\"@id\":\"https:\/\/www.sonoraenequipo.com.mx\/#organization\",\"name\":\"Sonoraenequipo.com.mx\",\"url\":\"https:\/\/www.sonoraenequipo.com.mx\/\",\"logo\":{\"@type\":\"ImageObject\",\"inLanguage\":\"es\",\"@id\":\"https:\/\/www.sonoraenequipo.com.mx\/#\/schema\/logo\/image\/\",\"url\":\"https:\/\/www.sonoraenequipo.com.mx\/storage\/2019\/01\/sonoraenequipo_opt.png\",\"contentUrl\":\"https:\/\/www.sonoraenequipo.com.mx\/storage\/2019\/01\/sonoraenequipo_opt.png\",\"width\":375,\"height\":125,\"caption\":\"Sonoraenequipo.com.mx\"},\"image\":{\"@id\":\"https:\/\/www.sonoraenequipo.com.mx\/#\/schema\/logo\/image\/\"},\"sameAs\":[\"https:\/\/www.facebook.com\/SonoraEE\/\",\"https:\/\/x.com\/sonoraenequipo\",\"https:\/\/www.youtube.com\/channel\/UC338nW-lPEYmJQs4ZABQ1SQ\"]},{\"@type\":\"Person\",\"@id\":\"https:\/\/www.sonoraenequipo.com.mx\/#\/schema\/person\/50102df0fb23a8fa9e8effad8fa81386\",\"name\":\"enequipo\",\"image\":{\"@type\":\"ImageObject\",\"inLanguage\":\"es\",\"@id\":\"https:\/\/www.sonoraenequipo.com.mx\/#\/schema\/person\/image\/\",\"url\":\"https:\/\/secure.gravatar.com\/avatar\/049821681b589dabc0bc20695993ccebb09f5b5d4d790cd9251b97faac7c652b?s=96&d=blank&r=g\",\"contentUrl\":\"https:\/\/secure.gravatar.com\/avatar\/049821681b589dabc0bc20695993ccebb09f5b5d4d790cd9251b97faac7c652b?s=96&d=blank&r=g\",\"caption\":\"enequipo\"},\"sameAs\":[\"https:\/\/www.facebook.com\/SonoraEE\"]}]}<\/script>\n ","yoast_head_json":{"title":"Sonora en Equipo. Define INE estrategia de regreso escalonado \u00a0a actividades presenciales Rep\u00fablica","description":"&gt;&gt;La pandemia no debe ser pretexto para alterar o vulnerar a nuestra democracia: Lorenzo C\u00f3rdova &nbsp; CIUDAD DE M\u00c9XICO.\u2500 El Instituto Nacional En Sonora en Equipo publicamos toda la informaci\u00f3n de Sonora, M\u00e9xico y el Mundo de manera oportuna y busca que la libertad de expresi\u00f3n sea real. Visita nuestro medio informativo publicado desde Hermosillo, Sonora. %","robots":{"index":"index","follow":"follow","max-snippet":"max-snippet:-1","max-image-preview":"max-image-preview:large","max-video-preview":"max-video-preview:-1"},"canonical":"https:\/\/www.sonoraenequipo.com.mx\/define-ine-estrategia-de-regreso-escalonado-a-actividades-presenciales\/","og_locale":"es_ES","og_type":"article","og_title":"Sonora en Equipo. Define INE estrategia de regreso escalonado \u00a0a actividades presenciales Rep\u00fablica","og_description":"&gt;&gt;La pandemia no debe ser pretexto para alterar o vulnerar a nuestra democracia: Lorenzo C\u00f3rdova &nbsp; CIUDAD DE M\u00c9XICO.\u2500 El Instituto Nacional En Sonora en Equipo publicamos toda la informaci\u00f3n de Sonora, M\u00e9xico y el Mundo de manera oportuna y busca que la libertad de expresi\u00f3n sea real. Visita nuestro medio informativo publicado desde Hermosillo, Sonora. %","og_url":"https:\/\/www.sonoraenequipo.com.mx\/define-ine-estrategia-de-regreso-escalonado-a-actividades-presenciales\/","og_site_name":"Sonora en Equipo.","article_publisher":"https:\/\/www.facebook.com\/SonoraEE\/","article_author":"https:\/\/www.facebook.com\/SonoraEE","article_published_time":"2020-06-20T01:55:34+00:00","og_image":[{"width":677,"height":450,"url":"https:\/\/www.sonoraenequipo.com.mx\/storage\/2018\/07\/lorenzo-cordova-resultado-ine_opt.jpg","type":"image\/jpeg"}],"author":"enequipo","twitter_card":"summary_large_image","twitter_creator":"@sonoraenequipo","twitter_site":"@sonoraenequipo","twitter_misc":{"Escrito por":"enequipo","Tiempo de lectura":"4 minutos"},"schema":{"@context":"https:\/\/schema.org","@graph":[{"@type":"Article","@id":"https:\/\/www.sonoraenequipo.com.mx\/define-ine-estrategia-de-regreso-escalonado-a-actividades-presenciales\/#article","isPartOf":{"@id":"https:\/\/www.sonoraenequipo.com.mx\/define-ine-estrategia-de-regreso-escalonado-a-actividades-presenciales\/"},"author":{"name":"enequipo","@id":"https:\/\/www.sonoraenequipo.com.mx\/#\/schema\/person\/50102df0fb23a8fa9e8effad8fa81386"},"headline":"Define INE estrategia de regreso escalonado \u00a0a actividades presenciales","datePublished":"2020-06-20T01:55:34+00:00","mainEntityOfPage":{"@id":"https:\/\/www.sonoraenequipo.com.mx\/define-ine-estrategia-de-regreso-escalonado-a-actividades-presenciales\/"},"wordCount":719,"commentCount":0,"publisher":{"@id":"https:\/\/www.sonoraenequipo.com.mx\/#organization"},"image":{"@id":"https:\/\/www.sonoraenequipo.com.mx\/define-ine-estrategia-de-regreso-escalonado-a-actividades-presenciales\/#primaryimage"},"thumbnailUrl":"https:\/\/www.sonoraenequipo.com.mx\/storage\/2018\/07\/lorenzo-cordova-resultado-ine_opt.jpg","articleSection":["Rep\u00fablica"],"inLanguage":"es","potentialAction":[{"@type":"CommentAction","name":"Comment","target":["https:\/\/www.sonoraenequipo.com.mx\/define-ine-estrategia-de-regreso-escalonado-a-actividades-presenciales\/#respond"]}]},{"@type":"WebPage","@id":"https:\/\/www.sonoraenequipo.com.mx\/define-ine-estrategia-de-regreso-escalonado-a-actividades-presenciales\/","url":"https:\/\/www.sonoraenequipo.com.mx\/define-ine-estrategia-de-regreso-escalonado-a-actividades-presenciales\/","name":"Sonora en Equipo. Define INE estrategia de regreso escalonado \u00a0a actividades presenciales Rep\u00fablica","isPartOf":{"@id":"https:\/\/www.sonoraenequipo.com.mx\/#website"},"primaryImageOfPage":{"@id":"https:\/\/www.sonoraenequipo.com.mx\/define-ine-estrategia-de-regreso-escalonado-a-actividades-presenciales\/#primaryimage"},"image":{"@id":"https:\/\/www.sonoraenequipo.com.mx\/define-ine-estrategia-de-regreso-escalonado-a-actividades-presenciales\/#primaryimage"},"thumbnailUrl":"https:\/\/www.sonoraenequipo.com.mx\/storage\/2018\/07\/lorenzo-cordova-resultado-ine_opt.jpg","datePublished":"2020-06-20T01:55:34+00:00","description":"&gt;&gt;La pandemia no debe ser pretexto para alterar o vulnerar a nuestra democracia: Lorenzo C\u00f3rdova &nbsp; CIUDAD DE M\u00c9XICO.\u2500 El Instituto Nacional En Sonora en Equipo publicamos toda la informaci\u00f3n de Sonora, M\u00e9xico y el Mundo de manera oportuna y busca que la libertad de expresi\u00f3n sea real. Visita nuestro medio informativo publicado desde Hermosillo, Sonora. %","breadcrumb":{"@id":"https:\/\/www.sonoraenequipo.com.mx\/define-ine-estrategia-de-regreso-escalonado-a-actividades-presenciales\/#breadcrumb"},"inLanguage":"es","potentialAction":[{"@type":"ReadAction","target":["https:\/\/www.sonoraenequipo.com.mx\/define-ine-estrategia-de-regreso-escalonado-a-actividades-presenciales\/"]}]},{"@type":"ImageObject","inLanguage":"es","@id":"https:\/\/www.sonoraenequipo.com.mx\/define-ine-estrategia-de-regreso-escalonado-a-actividades-presenciales\/#primaryimage","url":"https:\/\/www.sonoraenequipo.com.mx\/storage\/2018\/07\/lorenzo-cordova-resultado-ine_opt.jpg","contentUrl":"https:\/\/www.sonoraenequipo.com.mx\/storage\/2018\/07\/lorenzo-cordova-resultado-ine_opt.jpg","width":677,"height":450},{"@type":"BreadcrumbList","@id":"https:\/\/www.sonoraenequipo.com.mx\/define-ine-estrategia-de-regreso-escalonado-a-actividades-presenciales\/#breadcrumb","itemListElement":[{"@type":"ListItem","position":1,"name":"Portada","item":"https:\/\/www.sonoraenequipo.com.mx\/"},{"@type":"ListItem","position":2,"name":"Define INE estrategia de regreso escalonado \u00a0a actividades presenciales"}]},{"@type":"WebSite","@id":"https:\/\/www.sonoraenequipo.com.mx\/#website","url":"https:\/\/www.sonoraenequipo.com.mx\/","name":"Sonora en Equipo.","description":"Diario en l\u00ednea con Noticias desde Hermosillo, Sonora","publisher":{"@id":"https:\/\/www.sonoraenequipo.com.mx\/#organization"},"potentialAction":[{"@type":"SearchAction","target":{"@type":"EntryPoint","urlTemplate":"https:\/\/www.sonoraenequipo.com.mx\/?s={search_term_string}"},"query-input":{"@type":"PropertyValueSpecification","valueRequired":true,"valueName":"search_term_string"}}],"inLanguage":"es"},{"@type":"Organization","@id":"https:\/\/www.sonoraenequipo.com.mx\/#organization","name":"Sonoraenequipo.com.mx","url":"https:\/\/www.sonoraenequipo.com.mx\/","logo":{"@type":"ImageObject","inLanguage":"es","@id":"https:\/\/www.sonoraenequipo.com.mx\/#\/schema\/logo\/image\/","url":"https:\/\/www.sonoraenequipo.com.mx\/storage\/2019\/01\/sonoraenequipo_opt.png","contentUrl":"https:\/\/www.sonoraenequipo.com.mx\/storage\/2019\/01\/sonoraenequipo_opt.png","width":375,"height":125,"caption":"Sonoraenequipo.com.mx"},"image":{"@id":"https:\/\/www.sonoraenequipo.com.mx\/#\/schema\/logo\/image\/"},"sameAs":["https:\/\/www.facebook.com\/SonoraEE\/","https:\/\/x.com\/sonoraenequipo","https:\/\/www.youtube.com\/channel\/UC338nW-lPEYmJQs4ZABQ1SQ"]},{"@type":"Person","@id":"https:\/\/www.sonoraenequipo.com.mx\/#\/schema\/person\/50102df0fb23a8fa9e8effad8fa81386","name":"enequipo","image":{"@type":"ImageObject","inLanguage":"es","@id":"https:\/\/www.sonoraenequipo.com.mx\/#\/schema\/person\/image\/","url":"https:\/\/secure.gravatar.com\/avatar\/049821681b589dabc0bc20695993ccebb09f5b5d4d790cd9251b97faac7c652b?s=96&d=blank&r=g","contentUrl":"https:\/\/secure.gravatar.com\/avatar\/049821681b589dabc0bc20695993ccebb09f5b5d4d790cd9251b97faac7c652b?s=96&d=blank&r=g","caption":"enequipo"},"sameAs":["https:\/\/www.facebook.com\/SonoraEE"]}]}},"jetpack_featured_media_url":"https:\/\/www.sonoraenequipo.com.mx\/storage\/2018\/07\/lorenzo-cordova-resultado-ine_opt.jpg","_links":{"self":[{"href":"https:\/\/www.sonoraenequipo.com.mx\/api\/wp\/v2\/posts\/87813","targetHints":{"allow":["GET"]}}],"collection":[{"href":"https:\/\/www.sonoraenequipo.com.mx\/api\/wp\/v2\/posts"}],"about":[{"href":"https:\/\/www.sonoraenequipo.com.mx\/api\/wp\/v2\/types\/post"}],"author":[{"embeddable":true,"href":"https:\/\/www.sonoraenequipo.com.mx\/api\/wp\/v2\/users\/1"}],"replies":[{"embeddable":true,"href":"https:\/\/www.sonoraenequipo.com.mx\/api\/wp\/v2\/comments?post=87813"}],"version-history":[{"count":0,"href":"https:\/\/www.sonoraenequipo.com.mx\/api\/wp\/v2\/posts\/87813\/revisions"}],"wp:featuredmedia":[{"embeddable":true,"href":"https:\/\/www.sonoraenequipo.com.mx\/api\/wp\/v2\/media\/40092"}],"wp:attachment":[{"href":"https:\/\/www.sonoraenequipo.com.mx\/api\/wp\/v2\/media?parent=87813"}],"wp:term":[{"taxonomy":"category","embeddable":true,"href":"https:\/\/www.sonoraenequipo.com.mx\/api\/wp\/v2\/categories?post=87813"},{"taxonomy":"post_tag","embeddable":true,"href":"https:\/\/www.sonoraenequipo.com.mx\/api\/wp\/v2\/tags?post=87813"}],"curies":[{"name":"wp","href":"https:\/\/api.w.org\/{rel}","templated":true}]}}