{"id":87832,"date":"2020-06-19T07:20:08","date_gmt":"2020-06-19T14:20:08","guid":{"rendered":"https:\/\/www.sonoraenequipo.com.mx\/?p=87832"},"modified":"2020-06-19T21:01:46","modified_gmt":"2020-06-20T04:01:46","slug":"ningun-pais-del-mundo-tiene-datos-reales-de-muertes-y-casos-de-covid-19-en-sus-territorios-salud","status":"publish","type":"post","link":"https:\/\/www.sonoraenequipo.com.mx\/ningun-pais-del-mundo-tiene-datos-reales-de-muertes-y-casos-de-covid-19-en-sus-territorios-salud\/","title":{"rendered":"Ning\u00fan pa\u00eds del mundo tiene datos reales de muertes y casos de COVID-19 en sus territorios: Salud"},"content":{"rendered":"<p>CIUDAD DE M\u00c9XICO. MX. \u2014 La Secretar\u00eda de Salud asegur\u00f3 este jueves que ning\u00fan pa\u00eds conoce los datos reales relacionados con la propagaci\u00f3n del COVID-19 en sus territorios.<\/p>\n<p>&nbsp;<\/p>\n<p>&nbsp;<\/p>\n<p> <\/p>\n<p>&nbsp;<\/p>\n<p><em>\u201cLa meta de la vigilancia epidemiol\u00f3gica no es contar casos. En ninguna parte del mundo se tiene un n\u00famero de la realidad del tama\u00f1o de la epidemia\u201d<\/em>, manifest\u00f3 Hugo L\u00f3pez-Gatell, subsecretario de Prevenci\u00f3n y Promoci\u00f3n de la Salud.<\/p>\n<p>&nbsp;<\/p>\n<p>&nbsp;<\/p>\n<p><em>\u201cEn M\u00e9xico tenemos como preferencia decirlo expl\u00edcitamente. No voy a criticar a ninguno de los otros pa\u00edses del mundo, pero no he identificado que los voceros y voceras en otras partes del mundo est\u00e9n tan convencidos de esta idea, de decirlo expl\u00edcitamente, aunque es cierto (el desconocimiento de los datos)\u201d,<\/em> continu\u00f3.<\/p>\n<p>&nbsp;<\/p>\n<p>&nbsp;<\/p>\n<p>El doctor en Epidemiolog\u00eda coment\u00f3 que en el pa\u00eds no se tiene una cifra real ni en el n\u00famero de casos confirmador del virus ni en el n\u00famero de muertes por este.<\/p>\n<p>&nbsp;<\/p>\n<p>Sin embargo, el funcionario federal expuso que la inexistencia de dichas cifras no entorpece la posibilidad de identificar los patrones de ocurrencia de la pandemia; es decir, la velocidad con la que crece en los estados, la disponibilidad hospitalaria y los identificaci\u00f3n de los grupos m\u00e1s vulnerables.<\/p>\n<p>&nbsp;<\/p>\n<p>M\u00e9xico report\u00f3 este d\u00eda el mayor aumento diario tanto en casos confirmados como en casos activos por COVID-19, de acuerdo con datos de Salud.<\/p>\n<p>&nbsp;<\/p>\n<p>Dicha dependencia inform\u00f3 que los casos confirmados ascendieron a 165 mil 455, de los cuales 23 mil 528 son activos -es decir, que presentaron s\u00edntomas del virus en los \u00faltimos 14 d\u00edas-, inform\u00f3 Jos\u00e9 Luis Alom\u00eda, director general de Epidemiolog\u00eda.<\/p>\n<p>&nbsp;<\/p>\n<p>Adem\u00e1s, las muertes por por el nuevo coronavirus SARS-COV-2 aumentaron a 19 mil 747 en el pa\u00eds.<\/p>\n<p>&nbsp;<\/p>\n<p>Mientras tanto, los casos sospechosos acumulados de la enfermedad COVID-19 aumentaron a 59 mil 778.<\/p>\n<p>&nbsp;<\/p>\n<p>(PUBLICADO EL 18\/06\/2020)<\/p>\n","protected":false},"excerpt":{"rendered":"<p>CIUDAD DE M\u00c9XICO. MX. \u2014 La Secretar\u00eda de Salud asegur\u00f3 este jueves que ning\u00fan pa\u00eds&#8230;<\/p>\n","protected":false},"author":1,"featured_media":87735,"comment_status":"open","ping_status":"open","sticky":false,"template":"","format":"standard","meta":{"_monsterinsights_skip_tracking":false,"_monsterinsights_sitenote_active":false,"_monsterinsights_sitenote_note":"","_monsterinsights_sitenote_category":0,"footnotes":""},"categories":[3,2922],"tags":[],"class_list":["post"],"yoast_head":" \n<title>Sonora en Equipo. Ning\u00fan pa\u00eds del mundo tiene datos reales de muertes y casos de COVID-19 en sus territorios: Salud Pandemia<\/title>\n<meta name=\"description\" content=\"CIUDAD DE M\u00c9XICO. MX. \u2014 La Secretar\u00eda de Salud asegur\u00f3 este jueves que ning\u00fan pa\u00eds conoce los datos reales relacionados con la propagaci\u00f3n del COVID-19 en En Sonora en Equipo publicamos toda la informaci\u00f3n de Sonora, M\u00e9xico y el Mundo de manera oportuna y busca que la libertad de expresi\u00f3n sea real. Visita nuestro medio informativo publicado desde Hermosillo, Sonora. %\" \/>\n<meta name=\"robots\" content=\"index, follow, max-snippet:-1, max-image-preview:large, max-video-preview:-1\" \/>\n<link rel=\"canonical\" href=\"https:\/\/www.sonoraenequipo.com.mx\/ningun-pais-del-mundo-tiene-datos-reales-de-muertes-y-casos-de-covid-19-en-sus-territorios-salud\/\" \/>\n<meta property=\"og:locale\" content=\"es_ES\" \/>\n<meta property=\"og:type\" content=\"article\" \/>\n<meta property=\"og:title\" content=\"Sonora en Equipo. Ning\u00fan pa\u00eds del mundo tiene datos reales de muertes y casos de COVID-19 en sus territorios: Salud Pandemia\" \/>\n<meta property=\"og:description\" content=\"CIUDAD DE M\u00c9XICO. MX. \u2014 La Secretar\u00eda de Salud asegur\u00f3 este jueves que ning\u00fan pa\u00eds conoce los datos reales relacionados con la propagaci\u00f3n del COVID-19 en En Sonora en Equipo publicamos toda la informaci\u00f3n de Sonora, M\u00e9xico y el Mundo de manera oportuna y busca que la libertad de expresi\u00f3n sea real. Visita nuestro medio informativo publicado desde Hermosillo, Sonora. %\" \/>\n<meta property=\"og:url\" content=\"https:\/\/www.sonoraenequipo.com.mx\/ningun-pais-del-mundo-tiene-datos-reales-de-muertes-y-casos-de-covid-19-en-sus-territorios-salud\/\" \/>\n<meta property=\"og:site_name\" content=\"Sonora en Equipo.\" \/>\n<meta property=\"article:publisher\" content=\"https:\/\/www.facebook.com\/SonoraEE\/\" \/>\n<meta property=\"article:author\" content=\"https:\/\/www.facebook.com\/SonoraEE\" \/>\n<meta property=\"article:published_time\" content=\"2020-06-19T14:20:08+00:00\" \/>\n<meta property=\"article:modified_time\" content=\"2020-06-20T04:01:46+00:00\" \/>\n<meta property=\"og:image\" content=\"https:\/\/www.sonoraenequipo.com.mx\/storage\/2020\/06\/lopezgatell_opt5.jpg\" \/>\n\t<meta property=\"og:image:width\" content=\"643\" \/>\n\t<meta property=\"og:image:height\" content=\"400\" \/>\n\t<meta property=\"og:image:type\" content=\"image\/jpeg\" \/>\n<meta name=\"author\" content=\"enequipo\" \/>\n<meta name=\"twitter:card\" content=\"summary_large_image\" \/>\n<meta name=\"twitter:creator\" content=\"@sonoraenequipo\" \/>\n<meta name=\"twitter:site\" content=\"@sonoraenequipo\" \/>\n<meta name=\"twitter:label1\" content=\"Escrito por\" \/>\n\t<meta name=\"twitter:data1\" content=\"enequipo\" \/>\n\t<meta name=\"twitter:label2\" content=\"Tiempo de lectura\" \/>\n\t<meta name=\"twitter:data2\" content=\"2 minutos\" \/>\n<script type=\"application\/ld+json\" class=\"yoast-schema-graph\">{\"@context\":\"https:\/\/schema.org\",\"@graph\":[{\"@type\":\"Article\",\"@id\":\"https:\/\/www.sonoraenequipo.com.mx\/ningun-pais-del-mundo-tiene-datos-reales-de-muertes-y-casos-de-covid-19-en-sus-territorios-salud\/#article\",\"isPartOf\":{\"@id\":\"https:\/\/www.sonoraenequipo.com.mx\/ningun-pais-del-mundo-tiene-datos-reales-de-muertes-y-casos-de-covid-19-en-sus-territorios-salud\/\"},\"author\":{\"name\":\"enequipo\",\"@id\":\"https:\/\/www.sonoraenequipo.com.mx\/#\/schema\/person\/50102df0fb23a8fa9e8effad8fa81386\"},\"headline\":\"Ning\u00fan pa\u00eds del mundo tiene datos reales de muertes y casos de COVID-19 en sus territorios: Salud\",\"datePublished\":\"2020-06-19T14:20:08+00:00\",\"dateModified\":\"2020-06-20T04:01:46+00:00\",\"mainEntityOfPage\":{\"@id\":\"https:\/\/www.sonoraenequipo.com.mx\/ningun-pais-del-mundo-tiene-datos-reales-de-muertes-y-casos-de-covid-19-en-sus-territorios-salud\/\"},\"wordCount\":346,\"commentCount\":0,\"publisher\":{\"@id\":\"https:\/\/www.sonoraenequipo.com.mx\/#organization\"},\"image\":{\"@id\":\"https:\/\/www.sonoraenequipo.com.mx\/ningun-pais-del-mundo-tiene-datos-reales-de-muertes-y-casos-de-covid-19-en-sus-territorios-salud\/#primaryimage\"},\"thumbnailUrl\":\"https:\/\/www.sonoraenequipo.com.mx\/storage\/2020\/06\/lopezgatell_opt5.jpg\",\"articleSection\":[\"MUNDO\",\"Pandemia\"],\"inLanguage\":\"es\",\"potentialAction\":[{\"@type\":\"CommentAction\",\"name\":\"Comment\",\"target\":[\"https:\/\/www.sonoraenequipo.com.mx\/ningun-pais-del-mundo-tiene-datos-reales-de-muertes-y-casos-de-covid-19-en-sus-territorios-salud\/#respond\"]}]},{\"@type\":\"WebPage\",\"@id\":\"https:\/\/www.sonoraenequipo.com.mx\/ningun-pais-del-mundo-tiene-datos-reales-de-muertes-y-casos-de-covid-19-en-sus-territorios-salud\/\",\"url\":\"https:\/\/www.sonoraenequipo.com.mx\/ningun-pais-del-mundo-tiene-datos-reales-de-muertes-y-casos-de-covid-19-en-sus-territorios-salud\/\",\"name\":\"Sonora en Equipo. Ning\u00fan pa\u00eds del mundo tiene datos reales de muertes y casos de COVID-19 en sus territorios: Salud Pandemia\",\"isPartOf\":{\"@id\":\"https:\/\/www.sonoraenequipo.com.mx\/#website\"},\"primaryImageOfPage\":{\"@id\":\"https:\/\/www.sonoraenequipo.com.mx\/ningun-pais-del-mundo-tiene-datos-reales-de-muertes-y-casos-de-covid-19-en-sus-territorios-salud\/#primaryimage\"},\"image\":{\"@id\":\"https:\/\/www.sonoraenequipo.com.mx\/ningun-pais-del-mundo-tiene-datos-reales-de-muertes-y-casos-de-covid-19-en-sus-territorios-salud\/#primaryimage\"},\"thumbnailUrl\":\"https:\/\/www.sonoraenequipo.com.mx\/storage\/2020\/06\/lopezgatell_opt5.jpg\",\"datePublished\":\"2020-06-19T14:20:08+00:00\",\"dateModified\":\"2020-06-20T04:01:46+00:00\",\"description\":\"CIUDAD DE M\u00c9XICO. MX. \u2014 La Secretar\u00eda de Salud asegur\u00f3 este jueves que ning\u00fan pa\u00eds conoce los datos reales relacionados con la propagaci\u00f3n del COVID-19 en En Sonora en Equipo publicamos toda la informaci\u00f3n de Sonora, M\u00e9xico y el Mundo de manera oportuna y busca que la libertad de expresi\u00f3n sea real. Visita nuestro medio informativo publicado desde Hermosillo, Sonora. %\",\"breadcrumb\":{\"@id\":\"https:\/\/www.sonoraenequipo.com.mx\/ningun-pais-del-mundo-tiene-datos-reales-de-muertes-y-casos-de-covid-19-en-sus-territorios-salud\/#breadcrumb\"},\"inLanguage\":\"es\",\"potentialAction\":[{\"@type\":\"ReadAction\",\"target\":[\"https:\/\/www.sonoraenequipo.com.mx\/ningun-pais-del-mundo-tiene-datos-reales-de-muertes-y-casos-de-covid-19-en-sus-territorios-salud\/\"]}]},{\"@type\":\"ImageObject\",\"inLanguage\":\"es\",\"@id\":\"https:\/\/www.sonoraenequipo.com.mx\/ningun-pais-del-mundo-tiene-datos-reales-de-muertes-y-casos-de-covid-19-en-sus-territorios-salud\/#primaryimage\",\"url\":\"https:\/\/www.sonoraenequipo.com.mx\/storage\/2020\/06\/lopezgatell_opt5.jpg\",\"contentUrl\":\"https:\/\/www.sonoraenequipo.com.mx\/storage\/2020\/06\/lopezgatell_opt5.jpg\",\"width\":643,\"height\":400},{\"@type\":\"BreadcrumbList\",\"@id\":\"https:\/\/www.sonoraenequipo.com.mx\/ningun-pais-del-mundo-tiene-datos-reales-de-muertes-y-casos-de-covid-19-en-sus-territorios-salud\/#breadcrumb\",\"itemListElement\":[{\"@type\":\"ListItem\",\"position\":1,\"name\":\"Portada\",\"item\":\"https:\/\/www.sonoraenequipo.com.mx\/\"},{\"@type\":\"ListItem\",\"position\":2,\"name\":\"Ning\u00fan pa\u00eds del mundo tiene datos reales de muertes y casos de COVID-19 en sus territorios: Salud\"}]},{\"@type\":\"WebSite\",\"@id\":\"https:\/\/www.sonoraenequipo.com.mx\/#website\",\"url\":\"https:\/\/www.sonoraenequipo.com.mx\/\",\"name\":\"Sonora en Equipo.\",\"description\":\"Diario en l\u00ednea con Noticias desde Hermosillo, Sonora\",\"publisher\":{\"@id\":\"https:\/\/www.sonoraenequipo.com.mx\/#organization\"},\"potentialAction\":[{\"@type\":\"SearchAction\",\"target\":{\"@type\":\"EntryPoint\",\"urlTemplate\":\"https:\/\/www.sonoraenequipo.com.mx\/?s={search_term_string}\"},\"query-input\":{\"@type\":\"PropertyValueSpecification\",\"valueRequired\":true,\"valueName\":\"search_term_string\"}}],\"inLanguage\":\"es\"},{\"@type\":\"Organization\",\"@id\":\"https:\/\/www.sonoraenequipo.com.mx\/#organization\",\"name\":\"Sonoraenequipo.com.mx\",\"url\":\"https:\/\/www.sonoraenequipo.com.mx\/\",\"logo\":{\"@type\":\"ImageObject\",\"inLanguage\":\"es\",\"@id\":\"https:\/\/www.sonoraenequipo.com.mx\/#\/schema\/logo\/image\/\",\"url\":\"https:\/\/www.sonoraenequipo.com.mx\/storage\/2019\/01\/sonoraenequipo_opt.png\",\"contentUrl\":\"https:\/\/www.sonoraenequipo.com.mx\/storage\/2019\/01\/sonoraenequipo_opt.png\",\"width\":375,\"height\":125,\"caption\":\"Sonoraenequipo.com.mx\"},\"image\":{\"@id\":\"https:\/\/www.sonoraenequipo.com.mx\/#\/schema\/logo\/image\/\"},\"sameAs\":[\"https:\/\/www.facebook.com\/SonoraEE\/\",\"https:\/\/x.com\/sonoraenequipo\",\"https:\/\/www.youtube.com\/channel\/UC338nW-lPEYmJQs4ZABQ1SQ\"]},{\"@type\":\"Person\",\"@id\":\"https:\/\/www.sonoraenequipo.com.mx\/#\/schema\/person\/50102df0fb23a8fa9e8effad8fa81386\",\"name\":\"enequipo\",\"image\":{\"@type\":\"ImageObject\",\"inLanguage\":\"es\",\"@id\":\"https:\/\/www.sonoraenequipo.com.mx\/#\/schema\/person\/image\/\",\"url\":\"https:\/\/secure.gravatar.com\/avatar\/049821681b589dabc0bc20695993ccebb09f5b5d4d790cd9251b97faac7c652b?s=96&d=blank&r=g\",\"contentUrl\":\"https:\/\/secure.gravatar.com\/avatar\/049821681b589dabc0bc20695993ccebb09f5b5d4d790cd9251b97faac7c652b?s=96&d=blank&r=g\",\"caption\":\"enequipo\"},\"sameAs\":[\"https:\/\/www.facebook.com\/SonoraEE\"]}]}<\/script>\n ","yoast_head_json":{"title":"Sonora en Equipo. Ning\u00fan pa\u00eds del mundo tiene datos reales de muertes y casos de COVID-19 en sus territorios: Salud Pandemia","description":"CIUDAD DE M\u00c9XICO. MX. \u2014 La Secretar\u00eda de Salud asegur\u00f3 este jueves que ning\u00fan pa\u00eds conoce los datos reales relacionados con la propagaci\u00f3n del COVID-19 en En Sonora en Equipo publicamos toda la informaci\u00f3n de Sonora, M\u00e9xico y el Mundo de manera oportuna y busca que la libertad de expresi\u00f3n sea real. Visita nuestro medio informativo publicado desde Hermosillo, Sonora. %","robots":{"index":"index","follow":"follow","max-snippet":"max-snippet:-1","max-image-preview":"max-image-preview:large","max-video-preview":"max-video-preview:-1"},"canonical":"https:\/\/www.sonoraenequipo.com.mx\/ningun-pais-del-mundo-tiene-datos-reales-de-muertes-y-casos-de-covid-19-en-sus-territorios-salud\/","og_locale":"es_ES","og_type":"article","og_title":"Sonora en Equipo. Ning\u00fan pa\u00eds del mundo tiene datos reales de muertes y casos de COVID-19 en sus territorios: Salud Pandemia","og_description":"CIUDAD DE M\u00c9XICO. MX. \u2014 La Secretar\u00eda de Salud asegur\u00f3 este jueves que ning\u00fan pa\u00eds conoce los datos reales relacionados con la propagaci\u00f3n del COVID-19 en En Sonora en Equipo publicamos toda la informaci\u00f3n de Sonora, M\u00e9xico y el Mundo de manera oportuna y busca que la libertad de expresi\u00f3n sea real. Visita nuestro medio informativo publicado desde Hermosillo, Sonora. %","og_url":"https:\/\/www.sonoraenequipo.com.mx\/ningun-pais-del-mundo-tiene-datos-reales-de-muertes-y-casos-de-covid-19-en-sus-territorios-salud\/","og_site_name":"Sonora en Equipo.","article_publisher":"https:\/\/www.facebook.com\/SonoraEE\/","article_author":"https:\/\/www.facebook.com\/SonoraEE","article_published_time":"2020-06-19T14:20:08+00:00","article_modified_time":"2020-06-20T04:01:46+00:00","og_image":[{"width":643,"height":400,"url":"https:\/\/www.sonoraenequipo.com.mx\/storage\/2020\/06\/lopezgatell_opt5.jpg","type":"image\/jpeg"}],"author":"enequipo","twitter_card":"summary_large_image","twitter_creator":"@sonoraenequipo","twitter_site":"@sonoraenequipo","twitter_misc":{"Escrito por":"enequipo","Tiempo de lectura":"2 minutos"},"schema":{"@context":"https:\/\/schema.org","@graph":[{"@type":"Article","@id":"https:\/\/www.sonoraenequipo.com.mx\/ningun-pais-del-mundo-tiene-datos-reales-de-muertes-y-casos-de-covid-19-en-sus-territorios-salud\/#article","isPartOf":{"@id":"https:\/\/www.sonoraenequipo.com.mx\/ningun-pais-del-mundo-tiene-datos-reales-de-muertes-y-casos-de-covid-19-en-sus-territorios-salud\/"},"author":{"name":"enequipo","@id":"https:\/\/www.sonoraenequipo.com.mx\/#\/schema\/person\/50102df0fb23a8fa9e8effad8fa81386"},"headline":"Ning\u00fan pa\u00eds del mundo tiene datos reales de muertes y casos de COVID-19 en sus territorios: Salud","datePublished":"2020-06-19T14:20:08+00:00","dateModified":"2020-06-20T04:01:46+00:00","mainEntityOfPage":{"@id":"https:\/\/www.sonoraenequipo.com.mx\/ningun-pais-del-mundo-tiene-datos-reales-de-muertes-y-casos-de-covid-19-en-sus-territorios-salud\/"},"wordCount":346,"commentCount":0,"publisher":{"@id":"https:\/\/www.sonoraenequipo.com.mx\/#organization"},"image":{"@id":"https:\/\/www.sonoraenequipo.com.mx\/ningun-pais-del-mundo-tiene-datos-reales-de-muertes-y-casos-de-covid-19-en-sus-territorios-salud\/#primaryimage"},"thumbnailUrl":"https:\/\/www.sonoraenequipo.com.mx\/storage\/2020\/06\/lopezgatell_opt5.jpg","articleSection":["MUNDO","Pandemia"],"inLanguage":"es","potentialAction":[{"@type":"CommentAction","name":"Comment","target":["https:\/\/www.sonoraenequipo.com.mx\/ningun-pais-del-mundo-tiene-datos-reales-de-muertes-y-casos-de-covid-19-en-sus-territorios-salud\/#respond"]}]},{"@type":"WebPage","@id":"https:\/\/www.sonoraenequipo.com.mx\/ningun-pais-del-mundo-tiene-datos-reales-de-muertes-y-casos-de-covid-19-en-sus-territorios-salud\/","url":"https:\/\/www.sonoraenequipo.com.mx\/ningun-pais-del-mundo-tiene-datos-reales-de-muertes-y-casos-de-covid-19-en-sus-territorios-salud\/","name":"Sonora en Equipo. Ning\u00fan pa\u00eds del mundo tiene datos reales de muertes y casos de COVID-19 en sus territorios: Salud Pandemia","isPartOf":{"@id":"https:\/\/www.sonoraenequipo.com.mx\/#website"},"primaryImageOfPage":{"@id":"https:\/\/www.sonoraenequipo.com.mx\/ningun-pais-del-mundo-tiene-datos-reales-de-muertes-y-casos-de-covid-19-en-sus-territorios-salud\/#primaryimage"},"image":{"@id":"https:\/\/www.sonoraenequipo.com.mx\/ningun-pais-del-mundo-tiene-datos-reales-de-muertes-y-casos-de-covid-19-en-sus-territorios-salud\/#primaryimage"},"thumbnailUrl":"https:\/\/www.sonoraenequipo.com.mx\/storage\/2020\/06\/lopezgatell_opt5.jpg","datePublished":"2020-06-19T14:20:08+00:00","dateModified":"2020-06-20T04:01:46+00:00","description":"CIUDAD DE M\u00c9XICO. MX. \u2014 La Secretar\u00eda de Salud asegur\u00f3 este jueves que ning\u00fan pa\u00eds conoce los datos reales relacionados con la propagaci\u00f3n del COVID-19 en En Sonora en Equipo publicamos toda la informaci\u00f3n de Sonora, M\u00e9xico y el Mundo de manera oportuna y busca que la libertad de expresi\u00f3n sea real. Visita nuestro medio informativo publicado desde Hermosillo, Sonora. %","breadcrumb":{"@id":"https:\/\/www.sonoraenequipo.com.mx\/ningun-pais-del-mundo-tiene-datos-reales-de-muertes-y-casos-de-covid-19-en-sus-territorios-salud\/#breadcrumb"},"inLanguage":"es","potentialAction":[{"@type":"ReadAction","target":["https:\/\/www.sonoraenequipo.com.mx\/ningun-pais-del-mundo-tiene-datos-reales-de-muertes-y-casos-de-covid-19-en-sus-territorios-salud\/"]}]},{"@type":"ImageObject","inLanguage":"es","@id":"https:\/\/www.sonoraenequipo.com.mx\/ningun-pais-del-mundo-tiene-datos-reales-de-muertes-y-casos-de-covid-19-en-sus-territorios-salud\/#primaryimage","url":"https:\/\/www.sonoraenequipo.com.mx\/storage\/2020\/06\/lopezgatell_opt5.jpg","contentUrl":"https:\/\/www.sonoraenequipo.com.mx\/storage\/2020\/06\/lopezgatell_opt5.jpg","width":643,"height":400},{"@type":"BreadcrumbList","@id":"https:\/\/www.sonoraenequipo.com.mx\/ningun-pais-del-mundo-tiene-datos-reales-de-muertes-y-casos-de-covid-19-en-sus-territorios-salud\/#breadcrumb","itemListElement":[{"@type":"ListItem","position":1,"name":"Portada","item":"https:\/\/www.sonoraenequipo.com.mx\/"},{"@type":"ListItem","position":2,"name":"Ning\u00fan pa\u00eds del mundo tiene datos reales de muertes y casos de COVID-19 en sus territorios: Salud"}]},{"@type":"WebSite","@id":"https:\/\/www.sonoraenequipo.com.mx\/#website","url":"https:\/\/www.sonoraenequipo.com.mx\/","name":"Sonora en Equipo.","description":"Diario en l\u00ednea con Noticias desde Hermosillo, Sonora","publisher":{"@id":"https:\/\/www.sonoraenequipo.com.mx\/#organization"},"potentialAction":[{"@type":"SearchAction","target":{"@type":"EntryPoint","urlTemplate":"https:\/\/www.sonoraenequipo.com.mx\/?s={search_term_string}"},"query-input":{"@type":"PropertyValueSpecification","valueRequired":true,"valueName":"search_term_string"}}],"inLanguage":"es"},{"@type":"Organization","@id":"https:\/\/www.sonoraenequipo.com.mx\/#organization","name":"Sonoraenequipo.com.mx","url":"https:\/\/www.sonoraenequipo.com.mx\/","logo":{"@type":"ImageObject","inLanguage":"es","@id":"https:\/\/www.sonoraenequipo.com.mx\/#\/schema\/logo\/image\/","url":"https:\/\/www.sonoraenequipo.com.mx\/storage\/2019\/01\/sonoraenequipo_opt.png","contentUrl":"https:\/\/www.sonoraenequipo.com.mx\/storage\/2019\/01\/sonoraenequipo_opt.png","width":375,"height":125,"caption":"Sonoraenequipo.com.mx"},"image":{"@id":"https:\/\/www.sonoraenequipo.com.mx\/#\/schema\/logo\/image\/"},"sameAs":["https:\/\/www.facebook.com\/SonoraEE\/","https:\/\/x.com\/sonoraenequipo","https:\/\/www.youtube.com\/channel\/UC338nW-lPEYmJQs4ZABQ1SQ"]},{"@type":"Person","@id":"https:\/\/www.sonoraenequipo.com.mx\/#\/schema\/person\/50102df0fb23a8fa9e8effad8fa81386","name":"enequipo","image":{"@type":"ImageObject","inLanguage":"es","@id":"https:\/\/www.sonoraenequipo.com.mx\/#\/schema\/person\/image\/","url":"https:\/\/secure.gravatar.com\/avatar\/049821681b589dabc0bc20695993ccebb09f5b5d4d790cd9251b97faac7c652b?s=96&d=blank&r=g","contentUrl":"https:\/\/secure.gravatar.com\/avatar\/049821681b589dabc0bc20695993ccebb09f5b5d4d790cd9251b97faac7c652b?s=96&d=blank&r=g","caption":"enequipo"},"sameAs":["https:\/\/www.facebook.com\/SonoraEE"]}]}},"jetpack_featured_media_url":"https:\/\/www.sonoraenequipo.com.mx\/storage\/2020\/06\/lopezgatell_opt5.jpg","_links":{"self":[{"href":"https:\/\/www.sonoraenequipo.com.mx\/api\/wp\/v2\/posts\/87832","targetHints":{"allow":["GET"]}}],"collection":[{"href":"https:\/\/www.sonoraenequipo.com.mx\/api\/wp\/v2\/posts"}],"about":[{"href":"https:\/\/www.sonoraenequipo.com.mx\/api\/wp\/v2\/types\/post"}],"author":[{"embeddable":true,"href":"https:\/\/www.sonoraenequipo.com.mx\/api\/wp\/v2\/users\/1"}],"replies":[{"embeddable":true,"href":"https:\/\/www.sonoraenequipo.com.mx\/api\/wp\/v2\/comments?post=87832"}],"version-history":[{"count":0,"href":"https:\/\/www.sonoraenequipo.com.mx\/api\/wp\/v2\/posts\/87832\/revisions"}],"wp:featuredmedia":[{"embeddable":true,"href":"https:\/\/www.sonoraenequipo.com.mx\/api\/wp\/v2\/media\/87735"}],"wp:attachment":[{"href":"https:\/\/www.sonoraenequipo.com.mx\/api\/wp\/v2\/media?parent=87832"}],"wp:term":[{"taxonomy":"category","embeddable":true,"href":"https:\/\/www.sonoraenequipo.com.mx\/api\/wp\/v2\/categories?post=87832"},{"taxonomy":"post_tag","embeddable":true,"href":"https:\/\/www.sonoraenequipo.com.mx\/api\/wp\/v2\/tags?post=87832"}],"curies":[{"name":"wp","href":"https:\/\/api.w.org\/{rel}","templated":true}]}}