{"id":87983,"date":"2020-06-22T12:24:47","date_gmt":"2020-06-22T19:24:47","guid":{"rendered":"https:\/\/www.sonoraenequipo.com.mx\/?p=87983"},"modified":"2020-06-22T11:34:01","modified_gmt":"2020-06-22T18:34:01","slug":"mas-de-dos-millones-de-ninos-regresaron-a-la-escuela-en-francia","status":"publish","type":"post","link":"https:\/\/www.sonoraenequipo.com.mx\/mas-de-dos-millones-de-ninos-regresaron-a-la-escuela-en-francia\/","title":{"rendered":"M\u00e1s de dos millones de ni\u00f1os regresaron a la escuela en Francia"},"content":{"rendered":"<p>PAR\u00cdS, FRANCIA. \u2014 Las instituciones educativas que ense\u00f1an a alumnos de preescolar, primaria y secundaria se unieron a la reapertura gradual por la que transita el pa\u00eds, tras m\u00e1s de tres meses inactivas debido a la pandemia. Fiesta de la M\u00fasica en Par\u00eds en el centro de las cr\u00edticas por no seguir los protocolos de bioseguridad en medio del Covid-19. En otras noticias, las autoridades de salud de Alemania reportaron un incremento del 60% en la tasa de contagios de pa\u00eds.<\/p>\n<p>&nbsp;<\/p>\n<p>&nbsp;<\/p>\n<p> <\/p>\n<p>&nbsp;<\/p>\n<p>&nbsp;<\/p>\n<p>Luego de permanecer cerradas desde el 16 de marzo, y para alegr\u00eda de muchos padres, los centros educativos en Francia reabrieron sus puertas a cerca de 2,8 millones de estudiantes, en medio de la reapertura gradual que inici\u00f3 el gobierno a mediados de mayo.<\/p>\n<p>&nbsp;<\/p>\n<p>&nbsp;<\/p>\n<p><em>\u00abLlor\u00e9 de alegr\u00eda cuando recib\u00ed la confirmaci\u00f3n de la maestra de que mis dos hijos regresar\u00edan a la escuela a tiempo completo\u00bb,<\/em> dijo No\u00e9mie de Niza.<\/p>\n<p>&nbsp;<\/p>\n<p>&nbsp;<\/p>\n<p>Seg\u00fan las \u00faltimas cifras del Ministerio de Educaci\u00f3n del pa\u00eds, solo 1,8 millones de ni\u00f1os de primaria, de un total de 6,7 millones, volvieron a la escuela y la mayor\u00eda no a tiempo completo, mientras las instituciones intermedias recibieron solo 600.000 de 3.3 millones de estudiantes.<\/p>\n<p>&nbsp;<\/p>\n<p>&nbsp;<\/p>\n<p>El objetivo principal del ministro de Educaci\u00f3n, Jean-Michel Blanquer, sin embargo, es que el total de estudiantes asistan en las pr\u00f3ximas dos semanas a las escuelas de forma presencial antes del receso de vacaciones de verano. <em>\u00abNo se puede dejar a los alumnos sin clase de marzo a septiembre\u00bb,<\/em> explic\u00f3 en una entrevista a la emisora &#8216;France Inter&#8217;.<\/p>\n<p><a class=\"twitter-timeline\" data-width=\"640\" data-height=\"960\" data-dnt=\"true\" href=\"https:\/\/twitter.com\/jmblanquer?ref_src=twsrc%5Etfw\">Tweets by jmblanquer<\/a><script async src=\"https:\/\/platform.twitter.com\/widgets.js\" charset=\"utf-8\"><\/script><\/p>\n<p>Este regreso paulatino a las aulas ha seguido la flexibilizaci\u00f3n de un estricto protocolo de salud inicialmente dirigido a las escuelas. Para los ni\u00f1os que est\u00e9n en jardines infantiles ya no hay reglas de distanciamiento social. Entre tanto, en las escuelas primarias, se recomienda dejar una distancia de un metro, mientras en las escuelas intermedias, cuando no es posible guardar ese espacio, los estudiantes deber\u00e1n usar tapabocas.<\/p>\n<p>&nbsp;<\/p>\n<p>&nbsp;<\/p>\n<p>Si bien el 14 de junio el presidente Emmanuel Macron declar\u00f3 que el regreso a la escuela ser\u00eda obligatorio, el Ministerio de Educaci\u00f3n ha dado a entender que no se impondr\u00e1n sanciones contra las familias que se nieguen a enviar a sus hijos a clases antes de las vacaciones de verano.<\/p>\n<p>&nbsp;<\/p>\n<p>&nbsp;<\/p>\n<h3>Centroam\u00e9rica registra r\u00e9cord de casos de Covid-19<\/h3>\n<p>&nbsp;<\/p>\n<p>&nbsp;<\/p>\n<p>Con restricciones a la movilidad y cierres econ\u00f3micos, seis pa\u00edses centroamericanos sumaron esta semana m\u00e1s de 13.100 casos y 281 fallecidos, acumulando 59.885 contagios y 1.564 muertes, con alertas de sobrecarga de unos sistemas sanitarios fr\u00e1giles, en naciones cuyos habitantes viven en su mayor\u00eda de las remesas, por la falta de oportunidades y la violencia exacerbada.<\/p>\n<p>&nbsp;<\/p>\n<p>&nbsp;<\/p>\n<p>Panam\u00e1, con poco m\u00e1s de cuatro millones de habitantes, alcanz\u00f3 los 26.030 casos, el mayor n\u00famero de la regi\u00f3n, y 501 muertes. \u00abEl coronavirus se introdujo con fuerza en los barrios pobres y hacinados, donde est\u00e1 la gente que m\u00e1s incumple con las medidas de protecci\u00f3n debido a hambre, informalidad laboral, menor escolaridad (&#8230;), agreg\u00f3 Xavier Saenz-Llorens, asesor del Ministerio de Salud paname\u00f1o.<\/p>\n<p>&nbsp;<\/p>\n<p>&nbsp;<\/p>\n<p>Guatemala, con 16,3 millones de habitantes, tambi\u00e9n registr\u00f3 cifras r\u00e9cords de muertes diarias con 34 el 19 de junio y 31 el 20, para acumular 531 fallecidos, la mayor de la regi\u00f3n, y 13.145 contagios detectados desde el 13 de marzo pasado.<\/p>\n<p>&nbsp;<\/p>\n<p>&nbsp;<\/p>\n<p>(PUBLICADO EL 22\/06\/2020 \/Andrea Rinc\u00f3n )<\/p>\n","protected":false},"excerpt":{"rendered":"<p>PAR\u00cdS, FRANCIA. \u2014 Las instituciones educativas que ense\u00f1an a alumnos de preescolar, primaria y secundaria&#8230;<\/p>\n","protected":false},"author":1,"featured_media":87985,"comment_status":"open","ping_status":"open","sticky":false,"template":"","format":"standard","meta":{"_monsterinsights_skip_tracking":false,"_monsterinsights_sitenote_active":false,"_monsterinsights_sitenote_note":"","_monsterinsights_sitenote_category":0,"footnotes":""},"categories":[3],"tags":[],"class_list":["post"],"yoast_head":" \n<title>Sonora en Equipo. M\u00e1s de dos millones de ni\u00f1os regresaron a la escuela en Francia MUNDO<\/title>\n<meta name=\"description\" content=\"PAR\u00cdS, FRANCIA. \u2014 Las instituciones educativas que ense\u00f1an a alumnos de preescolar, primaria y secundaria se unieron a la reapertura gradual por la que En Sonora en Equipo publicamos toda la informaci\u00f3n de Sonora, M\u00e9xico y el Mundo de manera oportuna y busca que la libertad de expresi\u00f3n sea real. Visita nuestro medio informativo publicado desde Hermosillo, Sonora. %\" \/>\n<meta name=\"robots\" content=\"index, follow, max-snippet:-1, max-image-preview:large, max-video-preview:-1\" \/>\n<link rel=\"canonical\" href=\"https:\/\/www.sonoraenequipo.com.mx\/mas-de-dos-millones-de-ninos-regresaron-a-la-escuela-en-francia\/\" \/>\n<meta property=\"og:locale\" content=\"es_ES\" \/>\n<meta property=\"og:type\" content=\"article\" \/>\n<meta property=\"og:title\" content=\"Sonora en Equipo. M\u00e1s de dos millones de ni\u00f1os regresaron a la escuela en Francia MUNDO\" \/>\n<meta property=\"og:description\" content=\"PAR\u00cdS, FRANCIA. \u2014 Las instituciones educativas que ense\u00f1an a alumnos de preescolar, primaria y secundaria se unieron a la reapertura gradual por la que En Sonora en Equipo publicamos toda la informaci\u00f3n de Sonora, M\u00e9xico y el Mundo de manera oportuna y busca que la libertad de expresi\u00f3n sea real. Visita nuestro medio informativo publicado desde Hermosillo, Sonora. %\" \/>\n<meta property=\"og:url\" content=\"https:\/\/www.sonoraenequipo.com.mx\/mas-de-dos-millones-de-ninos-regresaron-a-la-escuela-en-francia\/\" \/>\n<meta property=\"og:site_name\" content=\"Sonora en Equipo.\" \/>\n<meta property=\"article:publisher\" content=\"https:\/\/www.facebook.com\/SonoraEE\/\" \/>\n<meta property=\"article:author\" content=\"https:\/\/www.facebook.com\/SonoraEE\" \/>\n<meta property=\"article:published_time\" content=\"2020-06-22T19:24:47+00:00\" \/>\n<meta property=\"og:image\" content=\"https:\/\/www.sonoraenequipo.com.mx\/storage\/2020\/06\/ni\u00f1os-regresan-a-clases_opt1.jpg\" \/>\n\t<meta property=\"og:image:width\" content=\"804\" \/>\n\t<meta property=\"og:image:height\" content=\"452\" \/>\n\t<meta property=\"og:image:type\" content=\"image\/jpeg\" \/>\n<meta name=\"author\" content=\"enequipo\" \/>\n<meta name=\"twitter:card\" content=\"summary_large_image\" \/>\n<meta name=\"twitter:creator\" content=\"@sonoraenequipo\" \/>\n<meta name=\"twitter:site\" content=\"@sonoraenequipo\" \/>\n<meta name=\"twitter:label1\" content=\"Escrito por\" \/>\n\t<meta name=\"twitter:data1\" content=\"enequipo\" \/>\n\t<meta name=\"twitter:label2\" content=\"Tiempo de lectura\" \/>\n\t<meta name=\"twitter:data2\" content=\"3 minutos\" \/>\n<script type=\"application\/ld+json\" class=\"yoast-schema-graph\">{\"@context\":\"https:\/\/schema.org\",\"@graph\":[{\"@type\":\"Article\",\"@id\":\"https:\/\/www.sonoraenequipo.com.mx\/mas-de-dos-millones-de-ninos-regresaron-a-la-escuela-en-francia\/#article\",\"isPartOf\":{\"@id\":\"https:\/\/www.sonoraenequipo.com.mx\/mas-de-dos-millones-de-ninos-regresaron-a-la-escuela-en-francia\/\"},\"author\":{\"name\":\"enequipo\",\"@id\":\"https:\/\/www.sonoraenequipo.com.mx\/#\/schema\/person\/50102df0fb23a8fa9e8effad8fa81386\"},\"headline\":\"M\u00e1s de dos millones de ni\u00f1os regresaron a la escuela en Francia\",\"datePublished\":\"2020-06-22T19:24:47+00:00\",\"mainEntityOfPage\":{\"@id\":\"https:\/\/www.sonoraenequipo.com.mx\/mas-de-dos-millones-de-ninos-regresaron-a-la-escuela-en-francia\/\"},\"wordCount\":605,\"commentCount\":0,\"publisher\":{\"@id\":\"https:\/\/www.sonoraenequipo.com.mx\/#organization\"},\"image\":{\"@id\":\"https:\/\/www.sonoraenequipo.com.mx\/mas-de-dos-millones-de-ninos-regresaron-a-la-escuela-en-francia\/#primaryimage\"},\"thumbnailUrl\":\"https:\/\/www.sonoraenequipo.com.mx\/storage\/2020\/06\/ni\u00f1os-regresan-a-clases_opt1.jpg\",\"articleSection\":[\"MUNDO\"],\"inLanguage\":\"es\",\"potentialAction\":[{\"@type\":\"CommentAction\",\"name\":\"Comment\",\"target\":[\"https:\/\/www.sonoraenequipo.com.mx\/mas-de-dos-millones-de-ninos-regresaron-a-la-escuela-en-francia\/#respond\"]}]},{\"@type\":\"WebPage\",\"@id\":\"https:\/\/www.sonoraenequipo.com.mx\/mas-de-dos-millones-de-ninos-regresaron-a-la-escuela-en-francia\/\",\"url\":\"https:\/\/www.sonoraenequipo.com.mx\/mas-de-dos-millones-de-ninos-regresaron-a-la-escuela-en-francia\/\",\"name\":\"Sonora en Equipo. M\u00e1s de dos millones de ni\u00f1os regresaron a la escuela en Francia MUNDO\",\"isPartOf\":{\"@id\":\"https:\/\/www.sonoraenequipo.com.mx\/#website\"},\"primaryImageOfPage\":{\"@id\":\"https:\/\/www.sonoraenequipo.com.mx\/mas-de-dos-millones-de-ninos-regresaron-a-la-escuela-en-francia\/#primaryimage\"},\"image\":{\"@id\":\"https:\/\/www.sonoraenequipo.com.mx\/mas-de-dos-millones-de-ninos-regresaron-a-la-escuela-en-francia\/#primaryimage\"},\"thumbnailUrl\":\"https:\/\/www.sonoraenequipo.com.mx\/storage\/2020\/06\/ni\u00f1os-regresan-a-clases_opt1.jpg\",\"datePublished\":\"2020-06-22T19:24:47+00:00\",\"description\":\"PAR\u00cdS, FRANCIA. \u2014 Las instituciones educativas que ense\u00f1an a alumnos de preescolar, primaria y secundaria se unieron a la reapertura gradual por la que En Sonora en Equipo publicamos toda la informaci\u00f3n de Sonora, M\u00e9xico y el Mundo de manera oportuna y busca que la libertad de expresi\u00f3n sea real. Visita nuestro medio informativo publicado desde Hermosillo, Sonora. %\",\"breadcrumb\":{\"@id\":\"https:\/\/www.sonoraenequipo.com.mx\/mas-de-dos-millones-de-ninos-regresaron-a-la-escuela-en-francia\/#breadcrumb\"},\"inLanguage\":\"es\",\"potentialAction\":[{\"@type\":\"ReadAction\",\"target\":[\"https:\/\/www.sonoraenequipo.com.mx\/mas-de-dos-millones-de-ninos-regresaron-a-la-escuela-en-francia\/\"]}]},{\"@type\":\"ImageObject\",\"inLanguage\":\"es\",\"@id\":\"https:\/\/www.sonoraenequipo.com.mx\/mas-de-dos-millones-de-ninos-regresaron-a-la-escuela-en-francia\/#primaryimage\",\"url\":\"https:\/\/www.sonoraenequipo.com.mx\/storage\/2020\/06\/ni\u00f1os-regresan-a-clases_opt1.jpg\",\"contentUrl\":\"https:\/\/www.sonoraenequipo.com.mx\/storage\/2020\/06\/ni\u00f1os-regresan-a-clases_opt1.jpg\",\"width\":804,\"height\":452},{\"@type\":\"BreadcrumbList\",\"@id\":\"https:\/\/www.sonoraenequipo.com.mx\/mas-de-dos-millones-de-ninos-regresaron-a-la-escuela-en-francia\/#breadcrumb\",\"itemListElement\":[{\"@type\":\"ListItem\",\"position\":1,\"name\":\"Portada\",\"item\":\"https:\/\/www.sonoraenequipo.com.mx\/\"},{\"@type\":\"ListItem\",\"position\":2,\"name\":\"M\u00e1s de dos millones de ni\u00f1os regresaron a la escuela en Francia\"}]},{\"@type\":\"WebSite\",\"@id\":\"https:\/\/www.sonoraenequipo.com.mx\/#website\",\"url\":\"https:\/\/www.sonoraenequipo.com.mx\/\",\"name\":\"Sonora en Equipo.\",\"description\":\"Diario en l\u00ednea con Noticias desde Hermosillo, Sonora\",\"publisher\":{\"@id\":\"https:\/\/www.sonoraenequipo.com.mx\/#organization\"},\"potentialAction\":[{\"@type\":\"SearchAction\",\"target\":{\"@type\":\"EntryPoint\",\"urlTemplate\":\"https:\/\/www.sonoraenequipo.com.mx\/?s={search_term_string}\"},\"query-input\":{\"@type\":\"PropertyValueSpecification\",\"valueRequired\":true,\"valueName\":\"search_term_string\"}}],\"inLanguage\":\"es\"},{\"@type\":\"Organization\",\"@id\":\"https:\/\/www.sonoraenequipo.com.mx\/#organization\",\"name\":\"Sonoraenequipo.com.mx\",\"url\":\"https:\/\/www.sonoraenequipo.com.mx\/\",\"logo\":{\"@type\":\"ImageObject\",\"inLanguage\":\"es\",\"@id\":\"https:\/\/www.sonoraenequipo.com.mx\/#\/schema\/logo\/image\/\",\"url\":\"https:\/\/www.sonoraenequipo.com.mx\/storage\/2019\/01\/sonoraenequipo_opt.png\",\"contentUrl\":\"https:\/\/www.sonoraenequipo.com.mx\/storage\/2019\/01\/sonoraenequipo_opt.png\",\"width\":375,\"height\":125,\"caption\":\"Sonoraenequipo.com.mx\"},\"image\":{\"@id\":\"https:\/\/www.sonoraenequipo.com.mx\/#\/schema\/logo\/image\/\"},\"sameAs\":[\"https:\/\/www.facebook.com\/SonoraEE\/\",\"https:\/\/x.com\/sonoraenequipo\",\"https:\/\/www.youtube.com\/channel\/UC338nW-lPEYmJQs4ZABQ1SQ\"]},{\"@type\":\"Person\",\"@id\":\"https:\/\/www.sonoraenequipo.com.mx\/#\/schema\/person\/50102df0fb23a8fa9e8effad8fa81386\",\"name\":\"enequipo\",\"image\":{\"@type\":\"ImageObject\",\"inLanguage\":\"es\",\"@id\":\"https:\/\/www.sonoraenequipo.com.mx\/#\/schema\/person\/image\/\",\"url\":\"https:\/\/secure.gravatar.com\/avatar\/049821681b589dabc0bc20695993ccebb09f5b5d4d790cd9251b97faac7c652b?s=96&d=blank&r=g\",\"contentUrl\":\"https:\/\/secure.gravatar.com\/avatar\/049821681b589dabc0bc20695993ccebb09f5b5d4d790cd9251b97faac7c652b?s=96&d=blank&r=g\",\"caption\":\"enequipo\"},\"sameAs\":[\"https:\/\/www.facebook.com\/SonoraEE\"]}]}<\/script>\n ","yoast_head_json":{"title":"Sonora en Equipo. M\u00e1s de dos millones de ni\u00f1os regresaron a la escuela en Francia MUNDO","description":"PAR\u00cdS, FRANCIA. \u2014 Las instituciones educativas que ense\u00f1an a alumnos de preescolar, primaria y secundaria se unieron a la reapertura gradual por la que En Sonora en Equipo publicamos toda la informaci\u00f3n de Sonora, M\u00e9xico y el Mundo de manera oportuna y busca que la libertad de expresi\u00f3n sea real. Visita nuestro medio informativo publicado desde Hermosillo, Sonora. %","robots":{"index":"index","follow":"follow","max-snippet":"max-snippet:-1","max-image-preview":"max-image-preview:large","max-video-preview":"max-video-preview:-1"},"canonical":"https:\/\/www.sonoraenequipo.com.mx\/mas-de-dos-millones-de-ninos-regresaron-a-la-escuela-en-francia\/","og_locale":"es_ES","og_type":"article","og_title":"Sonora en Equipo. M\u00e1s de dos millones de ni\u00f1os regresaron a la escuela en Francia MUNDO","og_description":"PAR\u00cdS, FRANCIA. \u2014 Las instituciones educativas que ense\u00f1an a alumnos de preescolar, primaria y secundaria se unieron a la reapertura gradual por la que En Sonora en Equipo publicamos toda la informaci\u00f3n de Sonora, M\u00e9xico y el Mundo de manera oportuna y busca que la libertad de expresi\u00f3n sea real. Visita nuestro medio informativo publicado desde Hermosillo, Sonora. %","og_url":"https:\/\/www.sonoraenequipo.com.mx\/mas-de-dos-millones-de-ninos-regresaron-a-la-escuela-en-francia\/","og_site_name":"Sonora en Equipo.","article_publisher":"https:\/\/www.facebook.com\/SonoraEE\/","article_author":"https:\/\/www.facebook.com\/SonoraEE","article_published_time":"2020-06-22T19:24:47+00:00","og_image":[{"width":804,"height":452,"url":"https:\/\/www.sonoraenequipo.com.mx\/storage\/2020\/06\/ni\u00f1os-regresan-a-clases_opt1.jpg","type":"image\/jpeg"}],"author":"enequipo","twitter_card":"summary_large_image","twitter_creator":"@sonoraenequipo","twitter_site":"@sonoraenequipo","twitter_misc":{"Escrito por":"enequipo","Tiempo de lectura":"3 minutos"},"schema":{"@context":"https:\/\/schema.org","@graph":[{"@type":"Article","@id":"https:\/\/www.sonoraenequipo.com.mx\/mas-de-dos-millones-de-ninos-regresaron-a-la-escuela-en-francia\/#article","isPartOf":{"@id":"https:\/\/www.sonoraenequipo.com.mx\/mas-de-dos-millones-de-ninos-regresaron-a-la-escuela-en-francia\/"},"author":{"name":"enequipo","@id":"https:\/\/www.sonoraenequipo.com.mx\/#\/schema\/person\/50102df0fb23a8fa9e8effad8fa81386"},"headline":"M\u00e1s de dos millones de ni\u00f1os regresaron a la escuela en Francia","datePublished":"2020-06-22T19:24:47+00:00","mainEntityOfPage":{"@id":"https:\/\/www.sonoraenequipo.com.mx\/mas-de-dos-millones-de-ninos-regresaron-a-la-escuela-en-francia\/"},"wordCount":605,"commentCount":0,"publisher":{"@id":"https:\/\/www.sonoraenequipo.com.mx\/#organization"},"image":{"@id":"https:\/\/www.sonoraenequipo.com.mx\/mas-de-dos-millones-de-ninos-regresaron-a-la-escuela-en-francia\/#primaryimage"},"thumbnailUrl":"https:\/\/www.sonoraenequipo.com.mx\/storage\/2020\/06\/ni\u00f1os-regresan-a-clases_opt1.jpg","articleSection":["MUNDO"],"inLanguage":"es","potentialAction":[{"@type":"CommentAction","name":"Comment","target":["https:\/\/www.sonoraenequipo.com.mx\/mas-de-dos-millones-de-ninos-regresaron-a-la-escuela-en-francia\/#respond"]}]},{"@type":"WebPage","@id":"https:\/\/www.sonoraenequipo.com.mx\/mas-de-dos-millones-de-ninos-regresaron-a-la-escuela-en-francia\/","url":"https:\/\/www.sonoraenequipo.com.mx\/mas-de-dos-millones-de-ninos-regresaron-a-la-escuela-en-francia\/","name":"Sonora en Equipo. M\u00e1s de dos millones de ni\u00f1os regresaron a la escuela en Francia MUNDO","isPartOf":{"@id":"https:\/\/www.sonoraenequipo.com.mx\/#website"},"primaryImageOfPage":{"@id":"https:\/\/www.sonoraenequipo.com.mx\/mas-de-dos-millones-de-ninos-regresaron-a-la-escuela-en-francia\/#primaryimage"},"image":{"@id":"https:\/\/www.sonoraenequipo.com.mx\/mas-de-dos-millones-de-ninos-regresaron-a-la-escuela-en-francia\/#primaryimage"},"thumbnailUrl":"https:\/\/www.sonoraenequipo.com.mx\/storage\/2020\/06\/ni\u00f1os-regresan-a-clases_opt1.jpg","datePublished":"2020-06-22T19:24:47+00:00","description":"PAR\u00cdS, FRANCIA. \u2014 Las instituciones educativas que ense\u00f1an a alumnos de preescolar, primaria y secundaria se unieron a la reapertura gradual por la que En Sonora en Equipo publicamos toda la informaci\u00f3n de Sonora, M\u00e9xico y el Mundo de manera oportuna y busca que la libertad de expresi\u00f3n sea real. Visita nuestro medio informativo publicado desde Hermosillo, Sonora. %","breadcrumb":{"@id":"https:\/\/www.sonoraenequipo.com.mx\/mas-de-dos-millones-de-ninos-regresaron-a-la-escuela-en-francia\/#breadcrumb"},"inLanguage":"es","potentialAction":[{"@type":"ReadAction","target":["https:\/\/www.sonoraenequipo.com.mx\/mas-de-dos-millones-de-ninos-regresaron-a-la-escuela-en-francia\/"]}]},{"@type":"ImageObject","inLanguage":"es","@id":"https:\/\/www.sonoraenequipo.com.mx\/mas-de-dos-millones-de-ninos-regresaron-a-la-escuela-en-francia\/#primaryimage","url":"https:\/\/www.sonoraenequipo.com.mx\/storage\/2020\/06\/ni\u00f1os-regresan-a-clases_opt1.jpg","contentUrl":"https:\/\/www.sonoraenequipo.com.mx\/storage\/2020\/06\/ni\u00f1os-regresan-a-clases_opt1.jpg","width":804,"height":452},{"@type":"BreadcrumbList","@id":"https:\/\/www.sonoraenequipo.com.mx\/mas-de-dos-millones-de-ninos-regresaron-a-la-escuela-en-francia\/#breadcrumb","itemListElement":[{"@type":"ListItem","position":1,"name":"Portada","item":"https:\/\/www.sonoraenequipo.com.mx\/"},{"@type":"ListItem","position":2,"name":"M\u00e1s de dos millones de ni\u00f1os regresaron a la escuela en Francia"}]},{"@type":"WebSite","@id":"https:\/\/www.sonoraenequipo.com.mx\/#website","url":"https:\/\/www.sonoraenequipo.com.mx\/","name":"Sonora en Equipo.","description":"Diario en l\u00ednea con Noticias desde Hermosillo, Sonora","publisher":{"@id":"https:\/\/www.sonoraenequipo.com.mx\/#organization"},"potentialAction":[{"@type":"SearchAction","target":{"@type":"EntryPoint","urlTemplate":"https:\/\/www.sonoraenequipo.com.mx\/?s={search_term_string}"},"query-input":{"@type":"PropertyValueSpecification","valueRequired":true,"valueName":"search_term_string"}}],"inLanguage":"es"},{"@type":"Organization","@id":"https:\/\/www.sonoraenequipo.com.mx\/#organization","name":"Sonoraenequipo.com.mx","url":"https:\/\/www.sonoraenequipo.com.mx\/","logo":{"@type":"ImageObject","inLanguage":"es","@id":"https:\/\/www.sonoraenequipo.com.mx\/#\/schema\/logo\/image\/","url":"https:\/\/www.sonoraenequipo.com.mx\/storage\/2019\/01\/sonoraenequipo_opt.png","contentUrl":"https:\/\/www.sonoraenequipo.com.mx\/storage\/2019\/01\/sonoraenequipo_opt.png","width":375,"height":125,"caption":"Sonoraenequipo.com.mx"},"image":{"@id":"https:\/\/www.sonoraenequipo.com.mx\/#\/schema\/logo\/image\/"},"sameAs":["https:\/\/www.facebook.com\/SonoraEE\/","https:\/\/x.com\/sonoraenequipo","https:\/\/www.youtube.com\/channel\/UC338nW-lPEYmJQs4ZABQ1SQ"]},{"@type":"Person","@id":"https:\/\/www.sonoraenequipo.com.mx\/#\/schema\/person\/50102df0fb23a8fa9e8effad8fa81386","name":"enequipo","image":{"@type":"ImageObject","inLanguage":"es","@id":"https:\/\/www.sonoraenequipo.com.mx\/#\/schema\/person\/image\/","url":"https:\/\/secure.gravatar.com\/avatar\/049821681b589dabc0bc20695993ccebb09f5b5d4d790cd9251b97faac7c652b?s=96&d=blank&r=g","contentUrl":"https:\/\/secure.gravatar.com\/avatar\/049821681b589dabc0bc20695993ccebb09f5b5d4d790cd9251b97faac7c652b?s=96&d=blank&r=g","caption":"enequipo"},"sameAs":["https:\/\/www.facebook.com\/SonoraEE"]}]}},"jetpack_featured_media_url":"https:\/\/www.sonoraenequipo.com.mx\/storage\/2020\/06\/ni\u00f1os-regresan-a-clases_opt1.jpg","_links":{"self":[{"href":"https:\/\/www.sonoraenequipo.com.mx\/api\/wp\/v2\/posts\/87983","targetHints":{"allow":["GET"]}}],"collection":[{"href":"https:\/\/www.sonoraenequipo.com.mx\/api\/wp\/v2\/posts"}],"about":[{"href":"https:\/\/www.sonoraenequipo.com.mx\/api\/wp\/v2\/types\/post"}],"author":[{"embeddable":true,"href":"https:\/\/www.sonoraenequipo.com.mx\/api\/wp\/v2\/users\/1"}],"replies":[{"embeddable":true,"href":"https:\/\/www.sonoraenequipo.com.mx\/api\/wp\/v2\/comments?post=87983"}],"version-history":[{"count":0,"href":"https:\/\/www.sonoraenequipo.com.mx\/api\/wp\/v2\/posts\/87983\/revisions"}],"wp:featuredmedia":[{"embeddable":true,"href":"https:\/\/www.sonoraenequipo.com.mx\/api\/wp\/v2\/media\/87985"}],"wp:attachment":[{"href":"https:\/\/www.sonoraenequipo.com.mx\/api\/wp\/v2\/media?parent=87983"}],"wp:term":[{"taxonomy":"category","embeddable":true,"href":"https:\/\/www.sonoraenequipo.com.mx\/api\/wp\/v2\/categories?post=87983"},{"taxonomy":"post_tag","embeddable":true,"href":"https:\/\/www.sonoraenequipo.com.mx\/api\/wp\/v2\/tags?post=87983"}],"curies":[{"name":"wp","href":"https:\/\/api.w.org\/{rel}","templated":true}]}}