{"id":87996,"date":"2020-06-22T15:06:57","date_gmt":"2020-06-22T22:06:57","guid":{"rendered":"https:\/\/www.sonoraenequipo.com.mx\/?p=87996"},"modified":"2020-06-22T15:06:57","modified_gmt":"2020-06-22T22:06:57","slug":"la-tasa-de-reproduccion-del-virus-en-alemania-se-dispara","status":"publish","type":"post","link":"https:\/\/www.sonoraenequipo.com.mx\/la-tasa-de-reproduccion-del-virus-en-alemania-se-dispara\/","title":{"rendered":"La tasa de reproducci\u00f3n del virus en Alemania se dispara"},"content":{"rendered":"<p>FR\u00c1NCFORT, ALEMANIA. \u2014 La tasa de reproducci\u00f3n del coronavirus en Alemania se dispar\u00f3 a 2,88 el domingo desde 1,79 el d\u00eda anterior, dijeron autoridades sanitarias, mostrando que las infecciones est\u00e1n en aumento por encima del nivel necesario para contener la enfermedad a largo plazo.<\/p>\n<p>&nbsp;<\/p>\n<p> <\/p>\n<p>La subida conlleva la posibilidad de que se vuelvan a aplicar restricciones a la actividad en la mayor econom\u00eda europea, un rev\u00e9s para un pa\u00eds que hasta ahora hab\u00eda sido ampliamente visto como exitoso en controlar la propagaci\u00f3n del coronavirus y mantener el total de muertos bajo.<\/p>\n<p>&nbsp;<\/p>\n<p>A fin de lograr que la pandemia siga controlada, Alemania requiere que la tasa de reproducci\u00f3n caiga debajo de uno. La tasa de 2,88, publicada por el Instituto Robert Koch (RKI) de salud p\u00fablica, significa que por cada 100 personas que contraen el virus, otras 288 se infectar\u00e1n.<\/p>\n<p>&nbsp;<\/p>\n<p>La canciller Angela Merkel prefer\u00eda mantener las medidas de aislamiento durante m\u00e1s tiempo pero en semanas recientes alivi\u00f3 gradualmente las restricciones ante la presi\u00f3n de los pol\u00edticos regionales para revitalizar la econom\u00eda.<\/p>\n<p>&nbsp;<\/p>\n<p>&nbsp;<\/p>\n<p>El pa\u00eds se esfuerza para lograr que las personas adhieran a las reglas de aislamiento en lugares donde fueron impuestas. El fin de semana, las autoridades de Goettingen recurrieron a la polic\u00eda antidisturbios para poner en vigor normas de cuarentena.<\/p>\n<p>&nbsp;<\/p>\n<p>Los \u00faltimos brotes ocurrieron en hogares para ancianos, hospitales, instituciones para asilados y refugiados, plantas procesadoras de carne y compa\u00f1\u00edas log\u00edsticas, entre trabajadores estacionales de la cosecha y en conexi\u00f3n con eventos religiosos, seg\u00fan el RKI.<\/p>\n<p>&nbsp;<\/p>\n<p>(PUBLICADO EL 22\/06\/2020 \/ Informaci\u00f3n de Edward Taylor; editado en espa\u00f1ol por Gabriel Burin)<\/p>\n","protected":false},"excerpt":{"rendered":"<p>FR\u00c1NCFORT, ALEMANIA. \u2014 La tasa de reproducci\u00f3n del coronavirus en Alemania se dispar\u00f3 a 2,88&#8230;<\/p>\n","protected":false},"author":1,"featured_media":87997,"comment_status":"open","ping_status":"open","sticky":false,"template":"","format":"standard","meta":{"_monsterinsights_skip_tracking":false,"_monsterinsights_sitenote_active":false,"_monsterinsights_sitenote_note":"","_monsterinsights_sitenote_category":0,"footnotes":""},"categories":[3],"tags":[],"class_list":["post"],"yoast_head":" \n<title>Sonora en Equipo. La tasa de reproducci\u00f3n del virus en Alemania se dispara MUNDO<\/title>\n<meta name=\"description\" content=\"FR\u00c1NCFORT, ALEMANIA. \u2014 La tasa de reproducci\u00f3n del coronavirus en Alemania se dispar\u00f3 a 2,88 el domingo desde 1,79 el d\u00eda anterior, dijeron autoridades En Sonora en Equipo publicamos toda la informaci\u00f3n de Sonora, M\u00e9xico y el Mundo de manera oportuna y busca que la libertad de expresi\u00f3n sea real. Visita nuestro medio informativo publicado desde Hermosillo, Sonora. %\" \/>\n<meta name=\"robots\" content=\"index, follow, max-snippet:-1, max-image-preview:large, max-video-preview:-1\" \/>\n<link rel=\"canonical\" href=\"https:\/\/www.sonoraenequipo.com.mx\/la-tasa-de-reproduccion-del-virus-en-alemania-se-dispara\/\" \/>\n<meta property=\"og:locale\" content=\"es_ES\" \/>\n<meta property=\"og:type\" content=\"article\" \/>\n<meta property=\"og:title\" content=\"Sonora en Equipo. La tasa de reproducci\u00f3n del virus en Alemania se dispara MUNDO\" \/>\n<meta property=\"og:description\" content=\"FR\u00c1NCFORT, ALEMANIA. \u2014 La tasa de reproducci\u00f3n del coronavirus en Alemania se dispar\u00f3 a 2,88 el domingo desde 1,79 el d\u00eda anterior, dijeron autoridades En Sonora en Equipo publicamos toda la informaci\u00f3n de Sonora, M\u00e9xico y el Mundo de manera oportuna y busca que la libertad de expresi\u00f3n sea real. Visita nuestro medio informativo publicado desde Hermosillo, Sonora. %\" \/>\n<meta property=\"og:url\" content=\"https:\/\/www.sonoraenequipo.com.mx\/la-tasa-de-reproduccion-del-virus-en-alemania-se-dispara\/\" \/>\n<meta property=\"og:site_name\" content=\"Sonora en Equipo.\" \/>\n<meta property=\"article:publisher\" content=\"https:\/\/www.facebook.com\/SonoraEE\/\" \/>\n<meta property=\"article:author\" content=\"https:\/\/www.facebook.com\/SonoraEE\" \/>\n<meta property=\"article:published_time\" content=\"2020-06-22T22:06:57+00:00\" \/>\n<meta property=\"og:image\" content=\"https:\/\/www.sonoraenequipo.com.mx\/storage\/2020\/06\/OMS-alerta2206_opt2.jpg\" \/>\n\t<meta property=\"og:image:width\" content=\"710\" \/>\n\t<meta property=\"og:image:height\" content=\"400\" \/>\n\t<meta property=\"og:image:type\" content=\"image\/jpeg\" \/>\n<meta name=\"author\" content=\"enequipo\" \/>\n<meta name=\"twitter:card\" content=\"summary_large_image\" \/>\n<meta name=\"twitter:creator\" content=\"@sonoraenequipo\" \/>\n<meta name=\"twitter:site\" content=\"@sonoraenequipo\" \/>\n<meta name=\"twitter:label1\" content=\"Escrito por\" \/>\n\t<meta name=\"twitter:data1\" content=\"enequipo\" \/>\n\t<meta name=\"twitter:label2\" content=\"Tiempo de lectura\" \/>\n\t<meta name=\"twitter:data2\" content=\"1 minuto\" \/>\n<script type=\"application\/ld+json\" class=\"yoast-schema-graph\">{\"@context\":\"https:\/\/schema.org\",\"@graph\":[{\"@type\":\"Article\",\"@id\":\"https:\/\/www.sonoraenequipo.com.mx\/la-tasa-de-reproduccion-del-virus-en-alemania-se-dispara\/#article\",\"isPartOf\":{\"@id\":\"https:\/\/www.sonoraenequipo.com.mx\/la-tasa-de-reproduccion-del-virus-en-alemania-se-dispara\/\"},\"author\":{\"name\":\"enequipo\",\"@id\":\"https:\/\/www.sonoraenequipo.com.mx\/#\/schema\/person\/50102df0fb23a8fa9e8effad8fa81386\"},\"headline\":\"La tasa de reproducci\u00f3n del virus en Alemania se dispara\",\"datePublished\":\"2020-06-22T22:06:57+00:00\",\"mainEntityOfPage\":{\"@id\":\"https:\/\/www.sonoraenequipo.com.mx\/la-tasa-de-reproduccion-del-virus-en-alemania-se-dispara\/\"},\"wordCount\":296,\"commentCount\":0,\"publisher\":{\"@id\":\"https:\/\/www.sonoraenequipo.com.mx\/#organization\"},\"image\":{\"@id\":\"https:\/\/www.sonoraenequipo.com.mx\/la-tasa-de-reproduccion-del-virus-en-alemania-se-dispara\/#primaryimage\"},\"thumbnailUrl\":\"https:\/\/www.sonoraenequipo.com.mx\/storage\/2020\/06\/OMS-alerta2206_opt2.jpg\",\"articleSection\":[\"MUNDO\"],\"inLanguage\":\"es\",\"potentialAction\":[{\"@type\":\"CommentAction\",\"name\":\"Comment\",\"target\":[\"https:\/\/www.sonoraenequipo.com.mx\/la-tasa-de-reproduccion-del-virus-en-alemania-se-dispara\/#respond\"]}]},{\"@type\":\"WebPage\",\"@id\":\"https:\/\/www.sonoraenequipo.com.mx\/la-tasa-de-reproduccion-del-virus-en-alemania-se-dispara\/\",\"url\":\"https:\/\/www.sonoraenequipo.com.mx\/la-tasa-de-reproduccion-del-virus-en-alemania-se-dispara\/\",\"name\":\"Sonora en Equipo. La tasa de reproducci\u00f3n del virus en Alemania se dispara MUNDO\",\"isPartOf\":{\"@id\":\"https:\/\/www.sonoraenequipo.com.mx\/#website\"},\"primaryImageOfPage\":{\"@id\":\"https:\/\/www.sonoraenequipo.com.mx\/la-tasa-de-reproduccion-del-virus-en-alemania-se-dispara\/#primaryimage\"},\"image\":{\"@id\":\"https:\/\/www.sonoraenequipo.com.mx\/la-tasa-de-reproduccion-del-virus-en-alemania-se-dispara\/#primaryimage\"},\"thumbnailUrl\":\"https:\/\/www.sonoraenequipo.com.mx\/storage\/2020\/06\/OMS-alerta2206_opt2.jpg\",\"datePublished\":\"2020-06-22T22:06:57+00:00\",\"description\":\"FR\u00c1NCFORT, ALEMANIA. \u2014 La tasa de reproducci\u00f3n del coronavirus en Alemania se dispar\u00f3 a 2,88 el domingo desde 1,79 el d\u00eda anterior, dijeron autoridades En Sonora en Equipo publicamos toda la informaci\u00f3n de Sonora, M\u00e9xico y el Mundo de manera oportuna y busca que la libertad de expresi\u00f3n sea real. Visita nuestro medio informativo publicado desde Hermosillo, Sonora. %\",\"breadcrumb\":{\"@id\":\"https:\/\/www.sonoraenequipo.com.mx\/la-tasa-de-reproduccion-del-virus-en-alemania-se-dispara\/#breadcrumb\"},\"inLanguage\":\"es\",\"potentialAction\":[{\"@type\":\"ReadAction\",\"target\":[\"https:\/\/www.sonoraenequipo.com.mx\/la-tasa-de-reproduccion-del-virus-en-alemania-se-dispara\/\"]}]},{\"@type\":\"ImageObject\",\"inLanguage\":\"es\",\"@id\":\"https:\/\/www.sonoraenequipo.com.mx\/la-tasa-de-reproduccion-del-virus-en-alemania-se-dispara\/#primaryimage\",\"url\":\"https:\/\/www.sonoraenequipo.com.mx\/storage\/2020\/06\/OMS-alerta2206_opt2.jpg\",\"contentUrl\":\"https:\/\/www.sonoraenequipo.com.mx\/storage\/2020\/06\/OMS-alerta2206_opt2.jpg\",\"width\":710,\"height\":400},{\"@type\":\"BreadcrumbList\",\"@id\":\"https:\/\/www.sonoraenequipo.com.mx\/la-tasa-de-reproduccion-del-virus-en-alemania-se-dispara\/#breadcrumb\",\"itemListElement\":[{\"@type\":\"ListItem\",\"position\":1,\"name\":\"Portada\",\"item\":\"https:\/\/www.sonoraenequipo.com.mx\/\"},{\"@type\":\"ListItem\",\"position\":2,\"name\":\"La tasa de reproducci\u00f3n del virus en Alemania se dispara\"}]},{\"@type\":\"WebSite\",\"@id\":\"https:\/\/www.sonoraenequipo.com.mx\/#website\",\"url\":\"https:\/\/www.sonoraenequipo.com.mx\/\",\"name\":\"Sonora en Equipo.\",\"description\":\"Diario en l\u00ednea con Noticias desde Hermosillo, Sonora\",\"publisher\":{\"@id\":\"https:\/\/www.sonoraenequipo.com.mx\/#organization\"},\"potentialAction\":[{\"@type\":\"SearchAction\",\"target\":{\"@type\":\"EntryPoint\",\"urlTemplate\":\"https:\/\/www.sonoraenequipo.com.mx\/?s={search_term_string}\"},\"query-input\":{\"@type\":\"PropertyValueSpecification\",\"valueRequired\":true,\"valueName\":\"search_term_string\"}}],\"inLanguage\":\"es\"},{\"@type\":\"Organization\",\"@id\":\"https:\/\/www.sonoraenequipo.com.mx\/#organization\",\"name\":\"Sonoraenequipo.com.mx\",\"url\":\"https:\/\/www.sonoraenequipo.com.mx\/\",\"logo\":{\"@type\":\"ImageObject\",\"inLanguage\":\"es\",\"@id\":\"https:\/\/www.sonoraenequipo.com.mx\/#\/schema\/logo\/image\/\",\"url\":\"https:\/\/www.sonoraenequipo.com.mx\/storage\/2019\/01\/sonoraenequipo_opt.png\",\"contentUrl\":\"https:\/\/www.sonoraenequipo.com.mx\/storage\/2019\/01\/sonoraenequipo_opt.png\",\"width\":375,\"height\":125,\"caption\":\"Sonoraenequipo.com.mx\"},\"image\":{\"@id\":\"https:\/\/www.sonoraenequipo.com.mx\/#\/schema\/logo\/image\/\"},\"sameAs\":[\"https:\/\/www.facebook.com\/SonoraEE\/\",\"https:\/\/x.com\/sonoraenequipo\",\"https:\/\/www.youtube.com\/channel\/UC338nW-lPEYmJQs4ZABQ1SQ\"]},{\"@type\":\"Person\",\"@id\":\"https:\/\/www.sonoraenequipo.com.mx\/#\/schema\/person\/50102df0fb23a8fa9e8effad8fa81386\",\"name\":\"enequipo\",\"image\":{\"@type\":\"ImageObject\",\"inLanguage\":\"es\",\"@id\":\"https:\/\/www.sonoraenequipo.com.mx\/#\/schema\/person\/image\/\",\"url\":\"https:\/\/secure.gravatar.com\/avatar\/049821681b589dabc0bc20695993ccebb09f5b5d4d790cd9251b97faac7c652b?s=96&d=blank&r=g\",\"contentUrl\":\"https:\/\/secure.gravatar.com\/avatar\/049821681b589dabc0bc20695993ccebb09f5b5d4d790cd9251b97faac7c652b?s=96&d=blank&r=g\",\"caption\":\"enequipo\"},\"sameAs\":[\"https:\/\/www.facebook.com\/SonoraEE\"]}]}<\/script>\n ","yoast_head_json":{"title":"Sonora en Equipo. La tasa de reproducci\u00f3n del virus en Alemania se dispara MUNDO","description":"FR\u00c1NCFORT, ALEMANIA. \u2014 La tasa de reproducci\u00f3n del coronavirus en Alemania se dispar\u00f3 a 2,88 el domingo desde 1,79 el d\u00eda anterior, dijeron autoridades En Sonora en Equipo publicamos toda la informaci\u00f3n de Sonora, M\u00e9xico y el Mundo de manera oportuna y busca que la libertad de expresi\u00f3n sea real. Visita nuestro medio informativo publicado desde Hermosillo, Sonora. %","robots":{"index":"index","follow":"follow","max-snippet":"max-snippet:-1","max-image-preview":"max-image-preview:large","max-video-preview":"max-video-preview:-1"},"canonical":"https:\/\/www.sonoraenequipo.com.mx\/la-tasa-de-reproduccion-del-virus-en-alemania-se-dispara\/","og_locale":"es_ES","og_type":"article","og_title":"Sonora en Equipo. La tasa de reproducci\u00f3n del virus en Alemania se dispara MUNDO","og_description":"FR\u00c1NCFORT, ALEMANIA. \u2014 La tasa de reproducci\u00f3n del coronavirus en Alemania se dispar\u00f3 a 2,88 el domingo desde 1,79 el d\u00eda anterior, dijeron autoridades En Sonora en Equipo publicamos toda la informaci\u00f3n de Sonora, M\u00e9xico y el Mundo de manera oportuna y busca que la libertad de expresi\u00f3n sea real. Visita nuestro medio informativo publicado desde Hermosillo, Sonora. %","og_url":"https:\/\/www.sonoraenequipo.com.mx\/la-tasa-de-reproduccion-del-virus-en-alemania-se-dispara\/","og_site_name":"Sonora en Equipo.","article_publisher":"https:\/\/www.facebook.com\/SonoraEE\/","article_author":"https:\/\/www.facebook.com\/SonoraEE","article_published_time":"2020-06-22T22:06:57+00:00","og_image":[{"width":710,"height":400,"url":"https:\/\/www.sonoraenequipo.com.mx\/storage\/2020\/06\/OMS-alerta2206_opt2.jpg","type":"image\/jpeg"}],"author":"enequipo","twitter_card":"summary_large_image","twitter_creator":"@sonoraenequipo","twitter_site":"@sonoraenequipo","twitter_misc":{"Escrito por":"enequipo","Tiempo de lectura":"1 minuto"},"schema":{"@context":"https:\/\/schema.org","@graph":[{"@type":"Article","@id":"https:\/\/www.sonoraenequipo.com.mx\/la-tasa-de-reproduccion-del-virus-en-alemania-se-dispara\/#article","isPartOf":{"@id":"https:\/\/www.sonoraenequipo.com.mx\/la-tasa-de-reproduccion-del-virus-en-alemania-se-dispara\/"},"author":{"name":"enequipo","@id":"https:\/\/www.sonoraenequipo.com.mx\/#\/schema\/person\/50102df0fb23a8fa9e8effad8fa81386"},"headline":"La tasa de reproducci\u00f3n del virus en Alemania se dispara","datePublished":"2020-06-22T22:06:57+00:00","mainEntityOfPage":{"@id":"https:\/\/www.sonoraenequipo.com.mx\/la-tasa-de-reproduccion-del-virus-en-alemania-se-dispara\/"},"wordCount":296,"commentCount":0,"publisher":{"@id":"https:\/\/www.sonoraenequipo.com.mx\/#organization"},"image":{"@id":"https:\/\/www.sonoraenequipo.com.mx\/la-tasa-de-reproduccion-del-virus-en-alemania-se-dispara\/#primaryimage"},"thumbnailUrl":"https:\/\/www.sonoraenequipo.com.mx\/storage\/2020\/06\/OMS-alerta2206_opt2.jpg","articleSection":["MUNDO"],"inLanguage":"es","potentialAction":[{"@type":"CommentAction","name":"Comment","target":["https:\/\/www.sonoraenequipo.com.mx\/la-tasa-de-reproduccion-del-virus-en-alemania-se-dispara\/#respond"]}]},{"@type":"WebPage","@id":"https:\/\/www.sonoraenequipo.com.mx\/la-tasa-de-reproduccion-del-virus-en-alemania-se-dispara\/","url":"https:\/\/www.sonoraenequipo.com.mx\/la-tasa-de-reproduccion-del-virus-en-alemania-se-dispara\/","name":"Sonora en Equipo. La tasa de reproducci\u00f3n del virus en Alemania se dispara MUNDO","isPartOf":{"@id":"https:\/\/www.sonoraenequipo.com.mx\/#website"},"primaryImageOfPage":{"@id":"https:\/\/www.sonoraenequipo.com.mx\/la-tasa-de-reproduccion-del-virus-en-alemania-se-dispara\/#primaryimage"},"image":{"@id":"https:\/\/www.sonoraenequipo.com.mx\/la-tasa-de-reproduccion-del-virus-en-alemania-se-dispara\/#primaryimage"},"thumbnailUrl":"https:\/\/www.sonoraenequipo.com.mx\/storage\/2020\/06\/OMS-alerta2206_opt2.jpg","datePublished":"2020-06-22T22:06:57+00:00","description":"FR\u00c1NCFORT, ALEMANIA. \u2014 La tasa de reproducci\u00f3n del coronavirus en Alemania se dispar\u00f3 a 2,88 el domingo desde 1,79 el d\u00eda anterior, dijeron autoridades En Sonora en Equipo publicamos toda la informaci\u00f3n de Sonora, M\u00e9xico y el Mundo de manera oportuna y busca que la libertad de expresi\u00f3n sea real. Visita nuestro medio informativo publicado desde Hermosillo, Sonora. %","breadcrumb":{"@id":"https:\/\/www.sonoraenequipo.com.mx\/la-tasa-de-reproduccion-del-virus-en-alemania-se-dispara\/#breadcrumb"},"inLanguage":"es","potentialAction":[{"@type":"ReadAction","target":["https:\/\/www.sonoraenequipo.com.mx\/la-tasa-de-reproduccion-del-virus-en-alemania-se-dispara\/"]}]},{"@type":"ImageObject","inLanguage":"es","@id":"https:\/\/www.sonoraenequipo.com.mx\/la-tasa-de-reproduccion-del-virus-en-alemania-se-dispara\/#primaryimage","url":"https:\/\/www.sonoraenequipo.com.mx\/storage\/2020\/06\/OMS-alerta2206_opt2.jpg","contentUrl":"https:\/\/www.sonoraenequipo.com.mx\/storage\/2020\/06\/OMS-alerta2206_opt2.jpg","width":710,"height":400},{"@type":"BreadcrumbList","@id":"https:\/\/www.sonoraenequipo.com.mx\/la-tasa-de-reproduccion-del-virus-en-alemania-se-dispara\/#breadcrumb","itemListElement":[{"@type":"ListItem","position":1,"name":"Portada","item":"https:\/\/www.sonoraenequipo.com.mx\/"},{"@type":"ListItem","position":2,"name":"La tasa de reproducci\u00f3n del virus en Alemania se dispara"}]},{"@type":"WebSite","@id":"https:\/\/www.sonoraenequipo.com.mx\/#website","url":"https:\/\/www.sonoraenequipo.com.mx\/","name":"Sonora en Equipo.","description":"Diario en l\u00ednea con Noticias desde Hermosillo, Sonora","publisher":{"@id":"https:\/\/www.sonoraenequipo.com.mx\/#organization"},"potentialAction":[{"@type":"SearchAction","target":{"@type":"EntryPoint","urlTemplate":"https:\/\/www.sonoraenequipo.com.mx\/?s={search_term_string}"},"query-input":{"@type":"PropertyValueSpecification","valueRequired":true,"valueName":"search_term_string"}}],"inLanguage":"es"},{"@type":"Organization","@id":"https:\/\/www.sonoraenequipo.com.mx\/#organization","name":"Sonoraenequipo.com.mx","url":"https:\/\/www.sonoraenequipo.com.mx\/","logo":{"@type":"ImageObject","inLanguage":"es","@id":"https:\/\/www.sonoraenequipo.com.mx\/#\/schema\/logo\/image\/","url":"https:\/\/www.sonoraenequipo.com.mx\/storage\/2019\/01\/sonoraenequipo_opt.png","contentUrl":"https:\/\/www.sonoraenequipo.com.mx\/storage\/2019\/01\/sonoraenequipo_opt.png","width":375,"height":125,"caption":"Sonoraenequipo.com.mx"},"image":{"@id":"https:\/\/www.sonoraenequipo.com.mx\/#\/schema\/logo\/image\/"},"sameAs":["https:\/\/www.facebook.com\/SonoraEE\/","https:\/\/x.com\/sonoraenequipo","https:\/\/www.youtube.com\/channel\/UC338nW-lPEYmJQs4ZABQ1SQ"]},{"@type":"Person","@id":"https:\/\/www.sonoraenequipo.com.mx\/#\/schema\/person\/50102df0fb23a8fa9e8effad8fa81386","name":"enequipo","image":{"@type":"ImageObject","inLanguage":"es","@id":"https:\/\/www.sonoraenequipo.com.mx\/#\/schema\/person\/image\/","url":"https:\/\/secure.gravatar.com\/avatar\/049821681b589dabc0bc20695993ccebb09f5b5d4d790cd9251b97faac7c652b?s=96&d=blank&r=g","contentUrl":"https:\/\/secure.gravatar.com\/avatar\/049821681b589dabc0bc20695993ccebb09f5b5d4d790cd9251b97faac7c652b?s=96&d=blank&r=g","caption":"enequipo"},"sameAs":["https:\/\/www.facebook.com\/SonoraEE"]}]}},"jetpack_featured_media_url":"https:\/\/www.sonoraenequipo.com.mx\/storage\/2020\/06\/OMS-alerta2206_opt2.jpg","_links":{"self":[{"href":"https:\/\/www.sonoraenequipo.com.mx\/api\/wp\/v2\/posts\/87996","targetHints":{"allow":["GET"]}}],"collection":[{"href":"https:\/\/www.sonoraenequipo.com.mx\/api\/wp\/v2\/posts"}],"about":[{"href":"https:\/\/www.sonoraenequipo.com.mx\/api\/wp\/v2\/types\/post"}],"author":[{"embeddable":true,"href":"https:\/\/www.sonoraenequipo.com.mx\/api\/wp\/v2\/users\/1"}],"replies":[{"embeddable":true,"href":"https:\/\/www.sonoraenequipo.com.mx\/api\/wp\/v2\/comments?post=87996"}],"version-history":[{"count":0,"href":"https:\/\/www.sonoraenequipo.com.mx\/api\/wp\/v2\/posts\/87996\/revisions"}],"wp:featuredmedia":[{"embeddable":true,"href":"https:\/\/www.sonoraenequipo.com.mx\/api\/wp\/v2\/media\/87997"}],"wp:attachment":[{"href":"https:\/\/www.sonoraenequipo.com.mx\/api\/wp\/v2\/media?parent=87996"}],"wp:term":[{"taxonomy":"category","embeddable":true,"href":"https:\/\/www.sonoraenequipo.com.mx\/api\/wp\/v2\/categories?post=87996"},{"taxonomy":"post_tag","embeddable":true,"href":"https:\/\/www.sonoraenequipo.com.mx\/api\/wp\/v2\/tags?post=87996"}],"curies":[{"name":"wp","href":"https:\/\/api.w.org\/{rel}","templated":true}]}}