{"id":88017,"date":"2020-06-22T17:50:28","date_gmt":"2020-06-23T00:50:28","guid":{"rendered":"https:\/\/www.sonoraenequipo.com.mx\/?p=88017"},"modified":"2020-06-22T17:15:19","modified_gmt":"2020-06-23T00:15:19","slug":"llega-caso-duarte-a-suprema-corte","status":"publish","type":"post","link":"https:\/\/www.sonoraenequipo.com.mx\/llega-caso-duarte-a-suprema-corte\/","title":{"rendered":"Llega caso Duarte a Suprema Corte"},"content":{"rendered":"<p>CIUDAD DE M\u00c9XICO.- El caso del exgobernador de Veracruz, Javier Duarte de Ochoa, lleg\u00f3 a la Suprema Corte de Justicia de la Naci\u00f3n (SCJN). Un recurso de revisi\u00f3n tramitado por el titular de la Unidad de Inteligencia Financiera (UIF), Santiago Nieto, llev\u00f3 el reclamo contra la orden de un tribunal federal para permitirle a Javier Duarte impugnar su condena de nueve a\u00f1os de prisi\u00f3n.<\/p>\n<p>&nbsp;<\/p>\n<p>&nbsp;<\/p>\n<p> <\/p>\n<p>&nbsp;<\/p>\n<p>En el recurso, la UIF pidi\u00f3 a la Corte declarar si Duarte pod\u00eda apelar su sentencia, y fue turnado a la ministra Margarita R\u00edos Farjat.<\/p>\n<p>&nbsp;<\/p>\n<p>&nbsp;<\/p>\n<p>Sin embargo, el recurso de apelaci\u00f3n de Javier Duarte ya fue tramitado en cumplimiento a una sentencia de amparo y resuelto en mayo pasado con una resoluci\u00f3n que confirm\u00f3 la pena de prisi\u00f3n, pero revoc\u00f3 el decomiso decretado y mantiene m\u00e1s de 40 bienes inmuebles en resguardo de la Fiscal\u00eda General de la Rep\u00fablica (FGR).<\/p>\n<p>&nbsp;<\/p>\n<p>Fuentes federales explicaron que esto ocurri\u00f3 debido a la demora en las notificaciones del recurso de revisi\u00f3n de la UIF, que no llegaron a tiempo para impedir la apelaci\u00f3n.<\/p>\n<p>&nbsp;<\/p>\n<p>&nbsp;<\/p>\n<p>En consecuencia, indicaron, se prev\u00e9 que la Corte entre al estudio de la sentencia en la que se concedi\u00f3 el amparo a Duarte para que pudiera apelar y, sobre ello, que declare si la apelaci\u00f3n en la que se confirm\u00f3 su pena de prisi\u00f3n por nueve a\u00f1os es legal, pues se dict\u00f3 antes de que el M\u00e1ximo Tribunal pudiera pronunciarse al respecto.<\/p>\n<p>&nbsp;<\/p>\n<p>&nbsp;<\/p>\n<p>La sentencia de apelaci\u00f3n fue emitida por el Tercer Tribunal Unitario en materia Penal en la Ciudad de M\u00e9xico, y con ella se supon\u00eda destrabado el tr\u00e1mite que la defensa de Duarte hizo desde 2018.<\/p>\n<p>&nbsp;<\/p>\n<p>&nbsp;<\/p>\n<p>Con esa apelaci\u00f3n, Javier Duarte busc\u00f3 echar abajo una sentencia emitida el 26 de septiembre de 2018, que fue el resultado de un procedimiento abreviado en el que el exgobernador pact\u00f3 con la FGR declararse culpable a cambio de la imposici\u00f3n de una pena m\u00ednima.<\/p>\n<p>&nbsp;<\/p>\n<p>&nbsp;<\/p>\n<p>Para ello, la FGR modific\u00f3 su acusaci\u00f3n por delincuencia organizada a asociaci\u00f3n delictuosa, delito menor y lavado de dinero.<\/p>\n<p>&nbsp;<\/p>\n<p>&nbsp;<\/p>\n<p>En consecuencia, Duarte fue condenado a nueve a\u00f1os de prisi\u00f3n, al decomiso de 40 propiedades y pagar una multa de 58 mil pesos.<\/p>\n<p>&nbsp;<\/p>\n<p>&nbsp;<\/p>\n<p>El tribunal unitario \u00fanicamente dej\u00f3 sin efecto el decomiso de los inmuebles porque hay otras acusaciones contra excolaboradores de Duarte de Ochoa y diversos litigios pendientes, tal como ocurri\u00f3 con un departamento que fue parte de este decomiso pero que era propiedad de Mois\u00e9s Mansur, identificado como principal operador del exmandatario estatal.<\/p>\n<p>&nbsp;<\/p>\n<p>&nbsp;<\/p>\n<p>Mansur gan\u00f3 un amparo mediante el cual se orden\u00f3 la devoluci\u00f3n de dicho inmueble.<\/p>\n<p>&nbsp;<\/p>\n<p>&nbsp;<\/p>\n<p>Este a\u00f1o, el exgobernador cumplir\u00e1 tres a\u00f1os en el Reclusorio Norte, que se tomar\u00e1n en cuenta como parte de su pena, por lo que le restan seis. Al cumplir la mitad, podr\u00e1 solicitar libertad anticipada.<\/p>\n<p>&nbsp;<\/p>\n<p>&nbsp;<\/p>\n<p>En este tiempo, su excolaborador Javier Nava fue detenido por lavado de dinero, pero lleva su proceso en libertad.<\/p>\n<p>&nbsp;<\/p>\n<p>&nbsp;<\/p>\n<p>En tanto, su exesposa, Karime Mac\u00edas, fue aprehendida en Londres, donde se inici\u00f3 su proceso de extradici\u00f3n.<\/p>\n<p>&nbsp;<\/p>\n<p>&nbsp;<\/p>\n<p>Como parte de la disoluci\u00f3n del matrimonio, Duarte y Mac\u00edas acordaron una pensi\u00f3n alimenticia, la guarda y custodia a favor de la madre de los tres hijos y un r\u00e9gimen de visitas y convivencias que el exgobernador podr\u00e1 ejercer viajando a Londres o cuando sus hijos vengan a M\u00e9xico.<\/p>\n<p>&nbsp;<\/p>\n<p>(PUBLICADO EL 22\/06\/2020)<\/p>\n","protected":false},"excerpt":{"rendered":"<p>CIUDAD DE M\u00c9XICO.- El caso del exgobernador de Veracruz, Javier Duarte de Ochoa, lleg\u00f3 a&#8230;<\/p>\n","protected":false},"author":1,"featured_media":87971,"comment_status":"open","ping_status":"open","sticky":false,"template":"","format":"standard","meta":{"_monsterinsights_skip_tracking":false,"_monsterinsights_sitenote_active":false,"_monsterinsights_sitenote_note":"","_monsterinsights_sitenote_category":0,"footnotes":""},"categories":[5],"tags":[],"class_list":["post"],"yoast_head":" \n<title>Sonora en Equipo. Llega caso Duarte a Suprema Corte Rep\u00fablica<\/title>\n<meta name=\"description\" content=\"CIUDAD DE M\u00c9XICO.- El caso del exgobernador de Veracruz, Javier Duarte de Ochoa, lleg\u00f3 a la Suprema Corte de Justicia de la Naci\u00f3n (SCJN). Un recurso de En Sonora en Equipo publicamos toda la informaci\u00f3n de Sonora, M\u00e9xico y el Mundo de manera oportuna y busca que la libertad de expresi\u00f3n sea real. Visita nuestro medio informativo publicado desde Hermosillo, Sonora. %\" \/>\n<meta name=\"robots\" content=\"index, follow, max-snippet:-1, max-image-preview:large, max-video-preview:-1\" \/>\n<link rel=\"canonical\" href=\"https:\/\/www.sonoraenequipo.com.mx\/llega-caso-duarte-a-suprema-corte\/\" \/>\n<meta property=\"og:locale\" content=\"es_ES\" \/>\n<meta property=\"og:type\" content=\"article\" \/>\n<meta property=\"og:title\" content=\"Sonora en Equipo. Llega caso Duarte a Suprema Corte Rep\u00fablica\" \/>\n<meta property=\"og:description\" content=\"CIUDAD DE M\u00c9XICO.- El caso del exgobernador de Veracruz, Javier Duarte de Ochoa, lleg\u00f3 a la Suprema Corte de Justicia de la Naci\u00f3n (SCJN). Un recurso de En Sonora en Equipo publicamos toda la informaci\u00f3n de Sonora, M\u00e9xico y el Mundo de manera oportuna y busca que la libertad de expresi\u00f3n sea real. Visita nuestro medio informativo publicado desde Hermosillo, Sonora. %\" \/>\n<meta property=\"og:url\" content=\"https:\/\/www.sonoraenequipo.com.mx\/llega-caso-duarte-a-suprema-corte\/\" \/>\n<meta property=\"og:site_name\" content=\"Sonora en Equipo.\" \/>\n<meta property=\"article:publisher\" content=\"https:\/\/www.facebook.com\/SonoraEE\/\" \/>\n<meta property=\"article:author\" content=\"https:\/\/www.facebook.com\/SonoraEE\" \/>\n<meta property=\"article:published_time\" content=\"2020-06-23T00:50:28+00:00\" \/>\n<meta property=\"og:image\" content=\"https:\/\/www.sonoraenequipo.com.mx\/storage\/2020\/06\/javier-duarte-vinculan_opt.jpg\" \/>\n\t<meta property=\"og:image:width\" content=\"715\" \/>\n\t<meta property=\"og:image:height\" content=\"400\" \/>\n\t<meta property=\"og:image:type\" content=\"image\/jpeg\" \/>\n<meta name=\"author\" content=\"enequipo\" \/>\n<meta name=\"twitter:card\" content=\"summary_large_image\" \/>\n<meta name=\"twitter:creator\" content=\"@sonoraenequipo\" \/>\n<meta name=\"twitter:site\" content=\"@sonoraenequipo\" \/>\n<meta name=\"twitter:label1\" content=\"Escrito por\" \/>\n\t<meta name=\"twitter:data1\" content=\"enequipo\" \/>\n\t<meta name=\"twitter:label2\" content=\"Tiempo de lectura\" \/>\n\t<meta name=\"twitter:data2\" content=\"3 minutos\" \/>\n<script type=\"application\/ld+json\" class=\"yoast-schema-graph\">{\"@context\":\"https:\/\/schema.org\",\"@graph\":[{\"@type\":\"Article\",\"@id\":\"https:\/\/www.sonoraenequipo.com.mx\/llega-caso-duarte-a-suprema-corte\/#article\",\"isPartOf\":{\"@id\":\"https:\/\/www.sonoraenequipo.com.mx\/llega-caso-duarte-a-suprema-corte\/\"},\"author\":{\"name\":\"enequipo\",\"@id\":\"https:\/\/www.sonoraenequipo.com.mx\/#\/schema\/person\/50102df0fb23a8fa9e8effad8fa81386\"},\"headline\":\"Llega caso Duarte a Suprema Corte\",\"datePublished\":\"2020-06-23T00:50:28+00:00\",\"mainEntityOfPage\":{\"@id\":\"https:\/\/www.sonoraenequipo.com.mx\/llega-caso-duarte-a-suprema-corte\/\"},\"wordCount\":617,\"commentCount\":0,\"publisher\":{\"@id\":\"https:\/\/www.sonoraenequipo.com.mx\/#organization\"},\"image\":{\"@id\":\"https:\/\/www.sonoraenequipo.com.mx\/llega-caso-duarte-a-suprema-corte\/#primaryimage\"},\"thumbnailUrl\":\"https:\/\/www.sonoraenequipo.com.mx\/storage\/2020\/06\/javier-duarte-vinculan_opt.jpg\",\"articleSection\":[\"Rep\u00fablica\"],\"inLanguage\":\"es\",\"potentialAction\":[{\"@type\":\"CommentAction\",\"name\":\"Comment\",\"target\":[\"https:\/\/www.sonoraenequipo.com.mx\/llega-caso-duarte-a-suprema-corte\/#respond\"]}]},{\"@type\":\"WebPage\",\"@id\":\"https:\/\/www.sonoraenequipo.com.mx\/llega-caso-duarte-a-suprema-corte\/\",\"url\":\"https:\/\/www.sonoraenequipo.com.mx\/llega-caso-duarte-a-suprema-corte\/\",\"name\":\"Sonora en Equipo. Llega caso Duarte a Suprema Corte Rep\u00fablica\",\"isPartOf\":{\"@id\":\"https:\/\/www.sonoraenequipo.com.mx\/#website\"},\"primaryImageOfPage\":{\"@id\":\"https:\/\/www.sonoraenequipo.com.mx\/llega-caso-duarte-a-suprema-corte\/#primaryimage\"},\"image\":{\"@id\":\"https:\/\/www.sonoraenequipo.com.mx\/llega-caso-duarte-a-suprema-corte\/#primaryimage\"},\"thumbnailUrl\":\"https:\/\/www.sonoraenequipo.com.mx\/storage\/2020\/06\/javier-duarte-vinculan_opt.jpg\",\"datePublished\":\"2020-06-23T00:50:28+00:00\",\"description\":\"CIUDAD DE M\u00c9XICO.- El caso del exgobernador de Veracruz, Javier Duarte de Ochoa, lleg\u00f3 a la Suprema Corte de Justicia de la Naci\u00f3n (SCJN). Un recurso de En Sonora en Equipo publicamos toda la informaci\u00f3n de Sonora, M\u00e9xico y el Mundo de manera oportuna y busca que la libertad de expresi\u00f3n sea real. Visita nuestro medio informativo publicado desde Hermosillo, Sonora. %\",\"breadcrumb\":{\"@id\":\"https:\/\/www.sonoraenequipo.com.mx\/llega-caso-duarte-a-suprema-corte\/#breadcrumb\"},\"inLanguage\":\"es\",\"potentialAction\":[{\"@type\":\"ReadAction\",\"target\":[\"https:\/\/www.sonoraenequipo.com.mx\/llega-caso-duarte-a-suprema-corte\/\"]}]},{\"@type\":\"ImageObject\",\"inLanguage\":\"es\",\"@id\":\"https:\/\/www.sonoraenequipo.com.mx\/llega-caso-duarte-a-suprema-corte\/#primaryimage\",\"url\":\"https:\/\/www.sonoraenequipo.com.mx\/storage\/2020\/06\/javier-duarte-vinculan_opt.jpg\",\"contentUrl\":\"https:\/\/www.sonoraenequipo.com.mx\/storage\/2020\/06\/javier-duarte-vinculan_opt.jpg\",\"width\":715,\"height\":400},{\"@type\":\"BreadcrumbList\",\"@id\":\"https:\/\/www.sonoraenequipo.com.mx\/llega-caso-duarte-a-suprema-corte\/#breadcrumb\",\"itemListElement\":[{\"@type\":\"ListItem\",\"position\":1,\"name\":\"Portada\",\"item\":\"https:\/\/www.sonoraenequipo.com.mx\/\"},{\"@type\":\"ListItem\",\"position\":2,\"name\":\"Llega caso Duarte a Suprema Corte\"}]},{\"@type\":\"WebSite\",\"@id\":\"https:\/\/www.sonoraenequipo.com.mx\/#website\",\"url\":\"https:\/\/www.sonoraenequipo.com.mx\/\",\"name\":\"Sonora en Equipo.\",\"description\":\"Diario en l\u00ednea con Noticias desde Hermosillo, Sonora\",\"publisher\":{\"@id\":\"https:\/\/www.sonoraenequipo.com.mx\/#organization\"},\"potentialAction\":[{\"@type\":\"SearchAction\",\"target\":{\"@type\":\"EntryPoint\",\"urlTemplate\":\"https:\/\/www.sonoraenequipo.com.mx\/?s={search_term_string}\"},\"query-input\":{\"@type\":\"PropertyValueSpecification\",\"valueRequired\":true,\"valueName\":\"search_term_string\"}}],\"inLanguage\":\"es\"},{\"@type\":\"Organization\",\"@id\":\"https:\/\/www.sonoraenequipo.com.mx\/#organization\",\"name\":\"Sonoraenequipo.com.mx\",\"url\":\"https:\/\/www.sonoraenequipo.com.mx\/\",\"logo\":{\"@type\":\"ImageObject\",\"inLanguage\":\"es\",\"@id\":\"https:\/\/www.sonoraenequipo.com.mx\/#\/schema\/logo\/image\/\",\"url\":\"https:\/\/www.sonoraenequipo.com.mx\/storage\/2019\/01\/sonoraenequipo_opt.png\",\"contentUrl\":\"https:\/\/www.sonoraenequipo.com.mx\/storage\/2019\/01\/sonoraenequipo_opt.png\",\"width\":375,\"height\":125,\"caption\":\"Sonoraenequipo.com.mx\"},\"image\":{\"@id\":\"https:\/\/www.sonoraenequipo.com.mx\/#\/schema\/logo\/image\/\"},\"sameAs\":[\"https:\/\/www.facebook.com\/SonoraEE\/\",\"https:\/\/x.com\/sonoraenequipo\",\"https:\/\/www.youtube.com\/channel\/UC338nW-lPEYmJQs4ZABQ1SQ\"]},{\"@type\":\"Person\",\"@id\":\"https:\/\/www.sonoraenequipo.com.mx\/#\/schema\/person\/50102df0fb23a8fa9e8effad8fa81386\",\"name\":\"enequipo\",\"image\":{\"@type\":\"ImageObject\",\"inLanguage\":\"es\",\"@id\":\"https:\/\/www.sonoraenequipo.com.mx\/#\/schema\/person\/image\/\",\"url\":\"https:\/\/secure.gravatar.com\/avatar\/049821681b589dabc0bc20695993ccebb09f5b5d4d790cd9251b97faac7c652b?s=96&d=blank&r=g\",\"contentUrl\":\"https:\/\/secure.gravatar.com\/avatar\/049821681b589dabc0bc20695993ccebb09f5b5d4d790cd9251b97faac7c652b?s=96&d=blank&r=g\",\"caption\":\"enequipo\"},\"sameAs\":[\"https:\/\/www.facebook.com\/SonoraEE\"]}]}<\/script>\n ","yoast_head_json":{"title":"Sonora en Equipo. Llega caso Duarte a Suprema Corte Rep\u00fablica","description":"CIUDAD DE M\u00c9XICO.- El caso del exgobernador de Veracruz, Javier Duarte de Ochoa, lleg\u00f3 a la Suprema Corte de Justicia de la Naci\u00f3n (SCJN). Un recurso de En Sonora en Equipo publicamos toda la informaci\u00f3n de Sonora, M\u00e9xico y el Mundo de manera oportuna y busca que la libertad de expresi\u00f3n sea real. Visita nuestro medio informativo publicado desde Hermosillo, Sonora. %","robots":{"index":"index","follow":"follow","max-snippet":"max-snippet:-1","max-image-preview":"max-image-preview:large","max-video-preview":"max-video-preview:-1"},"canonical":"https:\/\/www.sonoraenequipo.com.mx\/llega-caso-duarte-a-suprema-corte\/","og_locale":"es_ES","og_type":"article","og_title":"Sonora en Equipo. Llega caso Duarte a Suprema Corte Rep\u00fablica","og_description":"CIUDAD DE M\u00c9XICO.- El caso del exgobernador de Veracruz, Javier Duarte de Ochoa, lleg\u00f3 a la Suprema Corte de Justicia de la Naci\u00f3n (SCJN). Un recurso de En Sonora en Equipo publicamos toda la informaci\u00f3n de Sonora, M\u00e9xico y el Mundo de manera oportuna y busca que la libertad de expresi\u00f3n sea real. Visita nuestro medio informativo publicado desde Hermosillo, Sonora. %","og_url":"https:\/\/www.sonoraenequipo.com.mx\/llega-caso-duarte-a-suprema-corte\/","og_site_name":"Sonora en Equipo.","article_publisher":"https:\/\/www.facebook.com\/SonoraEE\/","article_author":"https:\/\/www.facebook.com\/SonoraEE","article_published_time":"2020-06-23T00:50:28+00:00","og_image":[{"width":715,"height":400,"url":"https:\/\/www.sonoraenequipo.com.mx\/storage\/2020\/06\/javier-duarte-vinculan_opt.jpg","type":"image\/jpeg"}],"author":"enequipo","twitter_card":"summary_large_image","twitter_creator":"@sonoraenequipo","twitter_site":"@sonoraenequipo","twitter_misc":{"Escrito por":"enequipo","Tiempo de lectura":"3 minutos"},"schema":{"@context":"https:\/\/schema.org","@graph":[{"@type":"Article","@id":"https:\/\/www.sonoraenequipo.com.mx\/llega-caso-duarte-a-suprema-corte\/#article","isPartOf":{"@id":"https:\/\/www.sonoraenequipo.com.mx\/llega-caso-duarte-a-suprema-corte\/"},"author":{"name":"enequipo","@id":"https:\/\/www.sonoraenequipo.com.mx\/#\/schema\/person\/50102df0fb23a8fa9e8effad8fa81386"},"headline":"Llega caso Duarte a Suprema Corte","datePublished":"2020-06-23T00:50:28+00:00","mainEntityOfPage":{"@id":"https:\/\/www.sonoraenequipo.com.mx\/llega-caso-duarte-a-suprema-corte\/"},"wordCount":617,"commentCount":0,"publisher":{"@id":"https:\/\/www.sonoraenequipo.com.mx\/#organization"},"image":{"@id":"https:\/\/www.sonoraenequipo.com.mx\/llega-caso-duarte-a-suprema-corte\/#primaryimage"},"thumbnailUrl":"https:\/\/www.sonoraenequipo.com.mx\/storage\/2020\/06\/javier-duarte-vinculan_opt.jpg","articleSection":["Rep\u00fablica"],"inLanguage":"es","potentialAction":[{"@type":"CommentAction","name":"Comment","target":["https:\/\/www.sonoraenequipo.com.mx\/llega-caso-duarte-a-suprema-corte\/#respond"]}]},{"@type":"WebPage","@id":"https:\/\/www.sonoraenequipo.com.mx\/llega-caso-duarte-a-suprema-corte\/","url":"https:\/\/www.sonoraenequipo.com.mx\/llega-caso-duarte-a-suprema-corte\/","name":"Sonora en Equipo. Llega caso Duarte a Suprema Corte Rep\u00fablica","isPartOf":{"@id":"https:\/\/www.sonoraenequipo.com.mx\/#website"},"primaryImageOfPage":{"@id":"https:\/\/www.sonoraenequipo.com.mx\/llega-caso-duarte-a-suprema-corte\/#primaryimage"},"image":{"@id":"https:\/\/www.sonoraenequipo.com.mx\/llega-caso-duarte-a-suprema-corte\/#primaryimage"},"thumbnailUrl":"https:\/\/www.sonoraenequipo.com.mx\/storage\/2020\/06\/javier-duarte-vinculan_opt.jpg","datePublished":"2020-06-23T00:50:28+00:00","description":"CIUDAD DE M\u00c9XICO.- El caso del exgobernador de Veracruz, Javier Duarte de Ochoa, lleg\u00f3 a la Suprema Corte de Justicia de la Naci\u00f3n (SCJN). Un recurso de En Sonora en Equipo publicamos toda la informaci\u00f3n de Sonora, M\u00e9xico y el Mundo de manera oportuna y busca que la libertad de expresi\u00f3n sea real. Visita nuestro medio informativo publicado desde Hermosillo, Sonora. %","breadcrumb":{"@id":"https:\/\/www.sonoraenequipo.com.mx\/llega-caso-duarte-a-suprema-corte\/#breadcrumb"},"inLanguage":"es","potentialAction":[{"@type":"ReadAction","target":["https:\/\/www.sonoraenequipo.com.mx\/llega-caso-duarte-a-suprema-corte\/"]}]},{"@type":"ImageObject","inLanguage":"es","@id":"https:\/\/www.sonoraenequipo.com.mx\/llega-caso-duarte-a-suprema-corte\/#primaryimage","url":"https:\/\/www.sonoraenequipo.com.mx\/storage\/2020\/06\/javier-duarte-vinculan_opt.jpg","contentUrl":"https:\/\/www.sonoraenequipo.com.mx\/storage\/2020\/06\/javier-duarte-vinculan_opt.jpg","width":715,"height":400},{"@type":"BreadcrumbList","@id":"https:\/\/www.sonoraenequipo.com.mx\/llega-caso-duarte-a-suprema-corte\/#breadcrumb","itemListElement":[{"@type":"ListItem","position":1,"name":"Portada","item":"https:\/\/www.sonoraenequipo.com.mx\/"},{"@type":"ListItem","position":2,"name":"Llega caso Duarte a Suprema Corte"}]},{"@type":"WebSite","@id":"https:\/\/www.sonoraenequipo.com.mx\/#website","url":"https:\/\/www.sonoraenequipo.com.mx\/","name":"Sonora en Equipo.","description":"Diario en l\u00ednea con Noticias desde Hermosillo, Sonora","publisher":{"@id":"https:\/\/www.sonoraenequipo.com.mx\/#organization"},"potentialAction":[{"@type":"SearchAction","target":{"@type":"EntryPoint","urlTemplate":"https:\/\/www.sonoraenequipo.com.mx\/?s={search_term_string}"},"query-input":{"@type":"PropertyValueSpecification","valueRequired":true,"valueName":"search_term_string"}}],"inLanguage":"es"},{"@type":"Organization","@id":"https:\/\/www.sonoraenequipo.com.mx\/#organization","name":"Sonoraenequipo.com.mx","url":"https:\/\/www.sonoraenequipo.com.mx\/","logo":{"@type":"ImageObject","inLanguage":"es","@id":"https:\/\/www.sonoraenequipo.com.mx\/#\/schema\/logo\/image\/","url":"https:\/\/www.sonoraenequipo.com.mx\/storage\/2019\/01\/sonoraenequipo_opt.png","contentUrl":"https:\/\/www.sonoraenequipo.com.mx\/storage\/2019\/01\/sonoraenequipo_opt.png","width":375,"height":125,"caption":"Sonoraenequipo.com.mx"},"image":{"@id":"https:\/\/www.sonoraenequipo.com.mx\/#\/schema\/logo\/image\/"},"sameAs":["https:\/\/www.facebook.com\/SonoraEE\/","https:\/\/x.com\/sonoraenequipo","https:\/\/www.youtube.com\/channel\/UC338nW-lPEYmJQs4ZABQ1SQ"]},{"@type":"Person","@id":"https:\/\/www.sonoraenequipo.com.mx\/#\/schema\/person\/50102df0fb23a8fa9e8effad8fa81386","name":"enequipo","image":{"@type":"ImageObject","inLanguage":"es","@id":"https:\/\/www.sonoraenequipo.com.mx\/#\/schema\/person\/image\/","url":"https:\/\/secure.gravatar.com\/avatar\/049821681b589dabc0bc20695993ccebb09f5b5d4d790cd9251b97faac7c652b?s=96&d=blank&r=g","contentUrl":"https:\/\/secure.gravatar.com\/avatar\/049821681b589dabc0bc20695993ccebb09f5b5d4d790cd9251b97faac7c652b?s=96&d=blank&r=g","caption":"enequipo"},"sameAs":["https:\/\/www.facebook.com\/SonoraEE"]}]}},"jetpack_featured_media_url":"https:\/\/www.sonoraenequipo.com.mx\/storage\/2020\/06\/javier-duarte-vinculan_opt.jpg","_links":{"self":[{"href":"https:\/\/www.sonoraenequipo.com.mx\/api\/wp\/v2\/posts\/88017","targetHints":{"allow":["GET"]}}],"collection":[{"href":"https:\/\/www.sonoraenequipo.com.mx\/api\/wp\/v2\/posts"}],"about":[{"href":"https:\/\/www.sonoraenequipo.com.mx\/api\/wp\/v2\/types\/post"}],"author":[{"embeddable":true,"href":"https:\/\/www.sonoraenequipo.com.mx\/api\/wp\/v2\/users\/1"}],"replies":[{"embeddable":true,"href":"https:\/\/www.sonoraenequipo.com.mx\/api\/wp\/v2\/comments?post=88017"}],"version-history":[{"count":0,"href":"https:\/\/www.sonoraenequipo.com.mx\/api\/wp\/v2\/posts\/88017\/revisions"}],"wp:featuredmedia":[{"embeddable":true,"href":"https:\/\/www.sonoraenequipo.com.mx\/api\/wp\/v2\/media\/87971"}],"wp:attachment":[{"href":"https:\/\/www.sonoraenequipo.com.mx\/api\/wp\/v2\/media?parent=88017"}],"wp:term":[{"taxonomy":"category","embeddable":true,"href":"https:\/\/www.sonoraenequipo.com.mx\/api\/wp\/v2\/categories?post=88017"},{"taxonomy":"post_tag","embeddable":true,"href":"https:\/\/www.sonoraenequipo.com.mx\/api\/wp\/v2\/tags?post=88017"}],"curies":[{"name":"wp","href":"https:\/\/api.w.org\/{rel}","templated":true}]}}