{"id":88019,"date":"2020-06-22T18:45:05","date_gmt":"2020-06-23T01:45:05","guid":{"rendered":"https:\/\/www.sonoraenequipo.com.mx\/?p=88019"},"modified":"2020-06-22T22:56:24","modified_gmt":"2020-06-23T05:56:24","slug":"cofece-va-a-la-corte-contra-decreto-de-sener","status":"publish","type":"post","link":"https:\/\/www.sonoraenequipo.com.mx\/cofece-va-a-la-corte-contra-decreto-de-sener\/","title":{"rendered":"COFECE va a la Corte contra decreto de SENER"},"content":{"rendered":"<p>CIUDAD DE M\u00c9XICO.\u2500 La Comisi\u00f3n Federal de Competencia Econ\u00f3mica (Cofece) anunci\u00f3 este lunes que va contra la Secretar\u00eda de Energ\u00eda por su nueva pol\u00edtica el\u00e9ctrica que frena la inversi\u00f3n privada en energ\u00edas limpias o renovables. <\/p>\n<p>El anuncio de la controversia constitucional ante la Suprema Corte de Justicia, llega apenas unas horas despu\u00e9s de que, esta misma ma\u00f1ana, en su habitual conferencia ante medios de comunicaci\u00f3n, el presidente L\u00f3pez Obrador incluyera a la Cofece, junto al INE y al Conapred, en su particular lista de organismos aut\u00f3nomos que \u201cno sirven\u201d, \u201csimulan\u201d y que \u201cla gente no conoce\u201d.<\/p>\n<p>Por medio de un comunicado, la Cofece explic\u00f3 que el motivo de la controversia ante la justicia es porque considera que la nueva Pol\u00edtica de Confiabilidad, Seguridad, Continuidad y Calidad en el Sistema El\u00e9ctrico Nacional, emitida por la Sener el pasado 15 de mayo, \u201cviolenta los principios fundamentales de competencia y libre concurrencia\u201d.<\/p>\n<p>La comisi\u00f3n antimonopolios se\u00f1al\u00f3 que esa nueva pol\u00edtica \u201cafecta de manera grave la estructura econ\u00f3mica del sector de electricidad, \u201cya que elimina la posibilidad de que \u00e9ste opere en condiciones de competencia y eficiencia\u201d.<\/p>\n<p>Hoy, la cr\u00edtica estuvo centrada en buena medida en el Instituto Nacional Electoral (INE), al que acus\u00f3 de ser \u201cel aparato de organizaci\u00f3n de elecciones m\u00e1s caro del mundo\u201d, pero tambi\u00e9n habl\u00f3 del trabajo de la Cofece.<\/p>\n<p>L\u00f3pez Obrador cont\u00f3 en su conferencia el caso de una empresa que fue acusada de pr\u00e1cticas monop\u00f3licas y que particip\u00f3 en una licitaci\u00f3n p\u00fablica. Este caso, seg\u00fan el mandatario, estuvo dos a\u00f1os en investigaci\u00f3n de la Cofece sin que \u00e9sta emitiera ning\u00fan fallo.<\/p>\n<p>\u201cEn m\u00e1s de dos a\u00f1os no hab\u00edan podido resolver una denuncia. Entonces, \u00bfqu\u00e9 hacen? \u00bfa qu\u00e9 se dedican?\u201d, cuestion\u00f3 el mandatario.<\/p>\n<p>Fecha de Publicaci\u00f3n 22\/jun\/2020<\/p>\n","protected":false},"excerpt":{"rendered":"<p>CIUDAD DE M\u00c9XICO.\u2500 La Comisi\u00f3n Federal de Competencia Econ\u00f3mica (Cofece) anunci\u00f3 este lunes que va&#8230;<\/p>\n","protected":false},"author":1,"featured_media":87162,"comment_status":"open","ping_status":"open","sticky":false,"template":"","format":"standard","meta":{"_monsterinsights_skip_tracking":false,"_monsterinsights_sitenote_active":false,"_monsterinsights_sitenote_note":"","_monsterinsights_sitenote_category":0,"footnotes":""},"categories":[5],"tags":[1838,4510],"class_list":["post"],"yoast_head":" \n<title>Sonora en Equipo. COFECE va a la Corte contra decreto de SENER Rep\u00fablica<\/title>\n<meta name=\"description\" content=\"CIUDAD DE M\u00c9XICO.\u2500 La Comisi\u00f3n Federal de Competencia Econ\u00f3mica (Cofece) anunci\u00f3 este lunes que va contra la Secretar\u00eda de Energ\u00eda por su nueva pol\u00edtica En Sonora en Equipo publicamos toda la informaci\u00f3n de Sonora, M\u00e9xico y el Mundo de manera oportuna y busca que la libertad de expresi\u00f3n sea real. Visita nuestro medio informativo publicado desde Hermosillo, Sonora. %\" \/>\n<meta name=\"robots\" content=\"index, follow, max-snippet:-1, max-image-preview:large, max-video-preview:-1\" \/>\n<link rel=\"canonical\" href=\"https:\/\/www.sonoraenequipo.com.mx\/cofece-va-a-la-corte-contra-decreto-de-sener\/\" \/>\n<meta property=\"og:locale\" content=\"es_ES\" \/>\n<meta property=\"og:type\" content=\"article\" \/>\n<meta property=\"og:title\" content=\"Sonora en Equipo. COFECE va a la Corte contra decreto de SENER Rep\u00fablica\" \/>\n<meta property=\"og:description\" content=\"CIUDAD DE M\u00c9XICO.\u2500 La Comisi\u00f3n Federal de Competencia Econ\u00f3mica (Cofece) anunci\u00f3 este lunes que va contra la Secretar\u00eda de Energ\u00eda por su nueva pol\u00edtica En Sonora en Equipo publicamos toda la informaci\u00f3n de Sonora, M\u00e9xico y el Mundo de manera oportuna y busca que la libertad de expresi\u00f3n sea real. Visita nuestro medio informativo publicado desde Hermosillo, Sonora. %\" \/>\n<meta property=\"og:url\" content=\"https:\/\/www.sonoraenequipo.com.mx\/cofece-va-a-la-corte-contra-decreto-de-sener\/\" \/>\n<meta property=\"og:site_name\" content=\"Sonora en Equipo.\" \/>\n<meta property=\"article:publisher\" content=\"https:\/\/www.facebook.com\/SonoraEE\/\" \/>\n<meta property=\"article:author\" content=\"https:\/\/www.facebook.com\/SonoraEE\" \/>\n<meta property=\"article:published_time\" content=\"2020-06-23T01:45:05+00:00\" \/>\n<meta property=\"article:modified_time\" content=\"2020-06-23T05:56:24+00:00\" \/>\n<meta property=\"og:image\" content=\"https:\/\/www.sonoraenequipo.com.mx\/storage\/2020\/06\/cfe_energia-alterna_opt1.jpg\" \/>\n\t<meta property=\"og:image:width\" content=\"900\" \/>\n\t<meta property=\"og:image:height\" content=\"600\" \/>\n\t<meta property=\"og:image:type\" content=\"image\/jpeg\" \/>\n<meta name=\"author\" content=\"enequipo\" \/>\n<meta name=\"twitter:card\" content=\"summary_large_image\" \/>\n<meta name=\"twitter:creator\" content=\"@sonoraenequipo\" \/>\n<meta name=\"twitter:site\" content=\"@sonoraenequipo\" \/>\n<meta name=\"twitter:label1\" content=\"Escrito por\" \/>\n\t<meta name=\"twitter:data1\" content=\"enequipo\" \/>\n\t<meta name=\"twitter:label2\" content=\"Tiempo de lectura\" \/>\n\t<meta name=\"twitter:data2\" content=\"2 minutos\" \/>\n<script type=\"application\/ld+json\" class=\"yoast-schema-graph\">{\"@context\":\"https:\/\/schema.org\",\"@graph\":[{\"@type\":\"Article\",\"@id\":\"https:\/\/www.sonoraenequipo.com.mx\/cofece-va-a-la-corte-contra-decreto-de-sener\/#article\",\"isPartOf\":{\"@id\":\"https:\/\/www.sonoraenequipo.com.mx\/cofece-va-a-la-corte-contra-decreto-de-sener\/\"},\"author\":{\"name\":\"enequipo\",\"@id\":\"https:\/\/www.sonoraenequipo.com.mx\/#\/schema\/person\/50102df0fb23a8fa9e8effad8fa81386\"},\"headline\":\"COFECE va a la Corte contra decreto de SENER\",\"datePublished\":\"2020-06-23T01:45:05+00:00\",\"dateModified\":\"2020-06-23T05:56:24+00:00\",\"mainEntityOfPage\":{\"@id\":\"https:\/\/www.sonoraenequipo.com.mx\/cofece-va-a-la-corte-contra-decreto-de-sener\/\"},\"wordCount\":333,\"commentCount\":0,\"publisher\":{\"@id\":\"https:\/\/www.sonoraenequipo.com.mx\/#organization\"},\"image\":{\"@id\":\"https:\/\/www.sonoraenequipo.com.mx\/cofece-va-a-la-corte-contra-decreto-de-sener\/#primaryimage\"},\"thumbnailUrl\":\"https:\/\/www.sonoraenequipo.com.mx\/storage\/2020\/06\/cfe_energia-alterna_opt1.jpg\",\"keywords\":[\"COFECE\",\"SENER\"],\"articleSection\":[\"Rep\u00fablica\"],\"inLanguage\":\"es\",\"potentialAction\":[{\"@type\":\"CommentAction\",\"name\":\"Comment\",\"target\":[\"https:\/\/www.sonoraenequipo.com.mx\/cofece-va-a-la-corte-contra-decreto-de-sener\/#respond\"]}]},{\"@type\":\"WebPage\",\"@id\":\"https:\/\/www.sonoraenequipo.com.mx\/cofece-va-a-la-corte-contra-decreto-de-sener\/\",\"url\":\"https:\/\/www.sonoraenequipo.com.mx\/cofece-va-a-la-corte-contra-decreto-de-sener\/\",\"name\":\"Sonora en Equipo. COFECE va a la Corte contra decreto de SENER Rep\u00fablica\",\"isPartOf\":{\"@id\":\"https:\/\/www.sonoraenequipo.com.mx\/#website\"},\"primaryImageOfPage\":{\"@id\":\"https:\/\/www.sonoraenequipo.com.mx\/cofece-va-a-la-corte-contra-decreto-de-sener\/#primaryimage\"},\"image\":{\"@id\":\"https:\/\/www.sonoraenequipo.com.mx\/cofece-va-a-la-corte-contra-decreto-de-sener\/#primaryimage\"},\"thumbnailUrl\":\"https:\/\/www.sonoraenequipo.com.mx\/storage\/2020\/06\/cfe_energia-alterna_opt1.jpg\",\"datePublished\":\"2020-06-23T01:45:05+00:00\",\"dateModified\":\"2020-06-23T05:56:24+00:00\",\"description\":\"CIUDAD DE M\u00c9XICO.\u2500 La Comisi\u00f3n Federal de Competencia Econ\u00f3mica (Cofece) anunci\u00f3 este lunes que va contra la Secretar\u00eda de Energ\u00eda por su nueva pol\u00edtica En Sonora en Equipo publicamos toda la informaci\u00f3n de Sonora, M\u00e9xico y el Mundo de manera oportuna y busca que la libertad de expresi\u00f3n sea real. Visita nuestro medio informativo publicado desde Hermosillo, Sonora. %\",\"breadcrumb\":{\"@id\":\"https:\/\/www.sonoraenequipo.com.mx\/cofece-va-a-la-corte-contra-decreto-de-sener\/#breadcrumb\"},\"inLanguage\":\"es\",\"potentialAction\":[{\"@type\":\"ReadAction\",\"target\":[\"https:\/\/www.sonoraenequipo.com.mx\/cofece-va-a-la-corte-contra-decreto-de-sener\/\"]}]},{\"@type\":\"ImageObject\",\"inLanguage\":\"es\",\"@id\":\"https:\/\/www.sonoraenequipo.com.mx\/cofece-va-a-la-corte-contra-decreto-de-sener\/#primaryimage\",\"url\":\"https:\/\/www.sonoraenequipo.com.mx\/storage\/2020\/06\/cfe_energia-alterna_opt1.jpg\",\"contentUrl\":\"https:\/\/www.sonoraenequipo.com.mx\/storage\/2020\/06\/cfe_energia-alterna_opt1.jpg\",\"width\":900,\"height\":600},{\"@type\":\"BreadcrumbList\",\"@id\":\"https:\/\/www.sonoraenequipo.com.mx\/cofece-va-a-la-corte-contra-decreto-de-sener\/#breadcrumb\",\"itemListElement\":[{\"@type\":\"ListItem\",\"position\":1,\"name\":\"Portada\",\"item\":\"https:\/\/www.sonoraenequipo.com.mx\/\"},{\"@type\":\"ListItem\",\"position\":2,\"name\":\"COFECE va a la Corte contra decreto de SENER\"}]},{\"@type\":\"WebSite\",\"@id\":\"https:\/\/www.sonoraenequipo.com.mx\/#website\",\"url\":\"https:\/\/www.sonoraenequipo.com.mx\/\",\"name\":\"Sonora en Equipo.\",\"description\":\"Diario en l\u00ednea con Noticias desde Hermosillo, Sonora\",\"publisher\":{\"@id\":\"https:\/\/www.sonoraenequipo.com.mx\/#organization\"},\"potentialAction\":[{\"@type\":\"SearchAction\",\"target\":{\"@type\":\"EntryPoint\",\"urlTemplate\":\"https:\/\/www.sonoraenequipo.com.mx\/?s={search_term_string}\"},\"query-input\":{\"@type\":\"PropertyValueSpecification\",\"valueRequired\":true,\"valueName\":\"search_term_string\"}}],\"inLanguage\":\"es\"},{\"@type\":\"Organization\",\"@id\":\"https:\/\/www.sonoraenequipo.com.mx\/#organization\",\"name\":\"Sonoraenequipo.com.mx\",\"url\":\"https:\/\/www.sonoraenequipo.com.mx\/\",\"logo\":{\"@type\":\"ImageObject\",\"inLanguage\":\"es\",\"@id\":\"https:\/\/www.sonoraenequipo.com.mx\/#\/schema\/logo\/image\/\",\"url\":\"https:\/\/www.sonoraenequipo.com.mx\/storage\/2019\/01\/sonoraenequipo_opt.png\",\"contentUrl\":\"https:\/\/www.sonoraenequipo.com.mx\/storage\/2019\/01\/sonoraenequipo_opt.png\",\"width\":375,\"height\":125,\"caption\":\"Sonoraenequipo.com.mx\"},\"image\":{\"@id\":\"https:\/\/www.sonoraenequipo.com.mx\/#\/schema\/logo\/image\/\"},\"sameAs\":[\"https:\/\/www.facebook.com\/SonoraEE\/\",\"https:\/\/x.com\/sonoraenequipo\",\"https:\/\/www.youtube.com\/channel\/UC338nW-lPEYmJQs4ZABQ1SQ\"]},{\"@type\":\"Person\",\"@id\":\"https:\/\/www.sonoraenequipo.com.mx\/#\/schema\/person\/50102df0fb23a8fa9e8effad8fa81386\",\"name\":\"enequipo\",\"image\":{\"@type\":\"ImageObject\",\"inLanguage\":\"es\",\"@id\":\"https:\/\/www.sonoraenequipo.com.mx\/#\/schema\/person\/image\/\",\"url\":\"https:\/\/secure.gravatar.com\/avatar\/049821681b589dabc0bc20695993ccebb09f5b5d4d790cd9251b97faac7c652b?s=96&d=blank&r=g\",\"contentUrl\":\"https:\/\/secure.gravatar.com\/avatar\/049821681b589dabc0bc20695993ccebb09f5b5d4d790cd9251b97faac7c652b?s=96&d=blank&r=g\",\"caption\":\"enequipo\"},\"sameAs\":[\"https:\/\/www.facebook.com\/SonoraEE\"]}]}<\/script>\n ","yoast_head_json":{"title":"Sonora en Equipo. COFECE va a la Corte contra decreto de SENER Rep\u00fablica","description":"CIUDAD DE M\u00c9XICO.\u2500 La Comisi\u00f3n Federal de Competencia Econ\u00f3mica (Cofece) anunci\u00f3 este lunes que va contra la Secretar\u00eda de Energ\u00eda por su nueva pol\u00edtica En Sonora en Equipo publicamos toda la informaci\u00f3n de Sonora, M\u00e9xico y el Mundo de manera oportuna y busca que la libertad de expresi\u00f3n sea real. Visita nuestro medio informativo publicado desde Hermosillo, Sonora. %","robots":{"index":"index","follow":"follow","max-snippet":"max-snippet:-1","max-image-preview":"max-image-preview:large","max-video-preview":"max-video-preview:-1"},"canonical":"https:\/\/www.sonoraenequipo.com.mx\/cofece-va-a-la-corte-contra-decreto-de-sener\/","og_locale":"es_ES","og_type":"article","og_title":"Sonora en Equipo. COFECE va a la Corte contra decreto de SENER Rep\u00fablica","og_description":"CIUDAD DE M\u00c9XICO.\u2500 La Comisi\u00f3n Federal de Competencia Econ\u00f3mica (Cofece) anunci\u00f3 este lunes que va contra la Secretar\u00eda de Energ\u00eda por su nueva pol\u00edtica En Sonora en Equipo publicamos toda la informaci\u00f3n de Sonora, M\u00e9xico y el Mundo de manera oportuna y busca que la libertad de expresi\u00f3n sea real. Visita nuestro medio informativo publicado desde Hermosillo, Sonora. %","og_url":"https:\/\/www.sonoraenequipo.com.mx\/cofece-va-a-la-corte-contra-decreto-de-sener\/","og_site_name":"Sonora en Equipo.","article_publisher":"https:\/\/www.facebook.com\/SonoraEE\/","article_author":"https:\/\/www.facebook.com\/SonoraEE","article_published_time":"2020-06-23T01:45:05+00:00","article_modified_time":"2020-06-23T05:56:24+00:00","og_image":[{"width":900,"height":600,"url":"https:\/\/www.sonoraenequipo.com.mx\/storage\/2020\/06\/cfe_energia-alterna_opt1.jpg","type":"image\/jpeg"}],"author":"enequipo","twitter_card":"summary_large_image","twitter_creator":"@sonoraenequipo","twitter_site":"@sonoraenequipo","twitter_misc":{"Escrito por":"enequipo","Tiempo de lectura":"2 minutos"},"schema":{"@context":"https:\/\/schema.org","@graph":[{"@type":"Article","@id":"https:\/\/www.sonoraenequipo.com.mx\/cofece-va-a-la-corte-contra-decreto-de-sener\/#article","isPartOf":{"@id":"https:\/\/www.sonoraenequipo.com.mx\/cofece-va-a-la-corte-contra-decreto-de-sener\/"},"author":{"name":"enequipo","@id":"https:\/\/www.sonoraenequipo.com.mx\/#\/schema\/person\/50102df0fb23a8fa9e8effad8fa81386"},"headline":"COFECE va a la Corte contra decreto de SENER","datePublished":"2020-06-23T01:45:05+00:00","dateModified":"2020-06-23T05:56:24+00:00","mainEntityOfPage":{"@id":"https:\/\/www.sonoraenequipo.com.mx\/cofece-va-a-la-corte-contra-decreto-de-sener\/"},"wordCount":333,"commentCount":0,"publisher":{"@id":"https:\/\/www.sonoraenequipo.com.mx\/#organization"},"image":{"@id":"https:\/\/www.sonoraenequipo.com.mx\/cofece-va-a-la-corte-contra-decreto-de-sener\/#primaryimage"},"thumbnailUrl":"https:\/\/www.sonoraenequipo.com.mx\/storage\/2020\/06\/cfe_energia-alterna_opt1.jpg","keywords":["COFECE","SENER"],"articleSection":["Rep\u00fablica"],"inLanguage":"es","potentialAction":[{"@type":"CommentAction","name":"Comment","target":["https:\/\/www.sonoraenequipo.com.mx\/cofece-va-a-la-corte-contra-decreto-de-sener\/#respond"]}]},{"@type":"WebPage","@id":"https:\/\/www.sonoraenequipo.com.mx\/cofece-va-a-la-corte-contra-decreto-de-sener\/","url":"https:\/\/www.sonoraenequipo.com.mx\/cofece-va-a-la-corte-contra-decreto-de-sener\/","name":"Sonora en Equipo. COFECE va a la Corte contra decreto de SENER Rep\u00fablica","isPartOf":{"@id":"https:\/\/www.sonoraenequipo.com.mx\/#website"},"primaryImageOfPage":{"@id":"https:\/\/www.sonoraenequipo.com.mx\/cofece-va-a-la-corte-contra-decreto-de-sener\/#primaryimage"},"image":{"@id":"https:\/\/www.sonoraenequipo.com.mx\/cofece-va-a-la-corte-contra-decreto-de-sener\/#primaryimage"},"thumbnailUrl":"https:\/\/www.sonoraenequipo.com.mx\/storage\/2020\/06\/cfe_energia-alterna_opt1.jpg","datePublished":"2020-06-23T01:45:05+00:00","dateModified":"2020-06-23T05:56:24+00:00","description":"CIUDAD DE M\u00c9XICO.\u2500 La Comisi\u00f3n Federal de Competencia Econ\u00f3mica (Cofece) anunci\u00f3 este lunes que va contra la Secretar\u00eda de Energ\u00eda por su nueva pol\u00edtica En Sonora en Equipo publicamos toda la informaci\u00f3n de Sonora, M\u00e9xico y el Mundo de manera oportuna y busca que la libertad de expresi\u00f3n sea real. Visita nuestro medio informativo publicado desde Hermosillo, Sonora. %","breadcrumb":{"@id":"https:\/\/www.sonoraenequipo.com.mx\/cofece-va-a-la-corte-contra-decreto-de-sener\/#breadcrumb"},"inLanguage":"es","potentialAction":[{"@type":"ReadAction","target":["https:\/\/www.sonoraenequipo.com.mx\/cofece-va-a-la-corte-contra-decreto-de-sener\/"]}]},{"@type":"ImageObject","inLanguage":"es","@id":"https:\/\/www.sonoraenequipo.com.mx\/cofece-va-a-la-corte-contra-decreto-de-sener\/#primaryimage","url":"https:\/\/www.sonoraenequipo.com.mx\/storage\/2020\/06\/cfe_energia-alterna_opt1.jpg","contentUrl":"https:\/\/www.sonoraenequipo.com.mx\/storage\/2020\/06\/cfe_energia-alterna_opt1.jpg","width":900,"height":600},{"@type":"BreadcrumbList","@id":"https:\/\/www.sonoraenequipo.com.mx\/cofece-va-a-la-corte-contra-decreto-de-sener\/#breadcrumb","itemListElement":[{"@type":"ListItem","position":1,"name":"Portada","item":"https:\/\/www.sonoraenequipo.com.mx\/"},{"@type":"ListItem","position":2,"name":"COFECE va a la Corte contra decreto de SENER"}]},{"@type":"WebSite","@id":"https:\/\/www.sonoraenequipo.com.mx\/#website","url":"https:\/\/www.sonoraenequipo.com.mx\/","name":"Sonora en Equipo.","description":"Diario en l\u00ednea con Noticias desde Hermosillo, Sonora","publisher":{"@id":"https:\/\/www.sonoraenequipo.com.mx\/#organization"},"potentialAction":[{"@type":"SearchAction","target":{"@type":"EntryPoint","urlTemplate":"https:\/\/www.sonoraenequipo.com.mx\/?s={search_term_string}"},"query-input":{"@type":"PropertyValueSpecification","valueRequired":true,"valueName":"search_term_string"}}],"inLanguage":"es"},{"@type":"Organization","@id":"https:\/\/www.sonoraenequipo.com.mx\/#organization","name":"Sonoraenequipo.com.mx","url":"https:\/\/www.sonoraenequipo.com.mx\/","logo":{"@type":"ImageObject","inLanguage":"es","@id":"https:\/\/www.sonoraenequipo.com.mx\/#\/schema\/logo\/image\/","url":"https:\/\/www.sonoraenequipo.com.mx\/storage\/2019\/01\/sonoraenequipo_opt.png","contentUrl":"https:\/\/www.sonoraenequipo.com.mx\/storage\/2019\/01\/sonoraenequipo_opt.png","width":375,"height":125,"caption":"Sonoraenequipo.com.mx"},"image":{"@id":"https:\/\/www.sonoraenequipo.com.mx\/#\/schema\/logo\/image\/"},"sameAs":["https:\/\/www.facebook.com\/SonoraEE\/","https:\/\/x.com\/sonoraenequipo","https:\/\/www.youtube.com\/channel\/UC338nW-lPEYmJQs4ZABQ1SQ"]},{"@type":"Person","@id":"https:\/\/www.sonoraenequipo.com.mx\/#\/schema\/person\/50102df0fb23a8fa9e8effad8fa81386","name":"enequipo","image":{"@type":"ImageObject","inLanguage":"es","@id":"https:\/\/www.sonoraenequipo.com.mx\/#\/schema\/person\/image\/","url":"https:\/\/secure.gravatar.com\/avatar\/049821681b589dabc0bc20695993ccebb09f5b5d4d790cd9251b97faac7c652b?s=96&d=blank&r=g","contentUrl":"https:\/\/secure.gravatar.com\/avatar\/049821681b589dabc0bc20695993ccebb09f5b5d4d790cd9251b97faac7c652b?s=96&d=blank&r=g","caption":"enequipo"},"sameAs":["https:\/\/www.facebook.com\/SonoraEE"]}]}},"jetpack_featured_media_url":"https:\/\/www.sonoraenequipo.com.mx\/storage\/2020\/06\/cfe_energia-alterna_opt1.jpg","_links":{"self":[{"href":"https:\/\/www.sonoraenequipo.com.mx\/api\/wp\/v2\/posts\/88019","targetHints":{"allow":["GET"]}}],"collection":[{"href":"https:\/\/www.sonoraenequipo.com.mx\/api\/wp\/v2\/posts"}],"about":[{"href":"https:\/\/www.sonoraenequipo.com.mx\/api\/wp\/v2\/types\/post"}],"author":[{"embeddable":true,"href":"https:\/\/www.sonoraenequipo.com.mx\/api\/wp\/v2\/users\/1"}],"replies":[{"embeddable":true,"href":"https:\/\/www.sonoraenequipo.com.mx\/api\/wp\/v2\/comments?post=88019"}],"version-history":[{"count":0,"href":"https:\/\/www.sonoraenequipo.com.mx\/api\/wp\/v2\/posts\/88019\/revisions"}],"wp:featuredmedia":[{"embeddable":true,"href":"https:\/\/www.sonoraenequipo.com.mx\/api\/wp\/v2\/media\/87162"}],"wp:attachment":[{"href":"https:\/\/www.sonoraenequipo.com.mx\/api\/wp\/v2\/media?parent=88019"}],"wp:term":[{"taxonomy":"category","embeddable":true,"href":"https:\/\/www.sonoraenequipo.com.mx\/api\/wp\/v2\/categories?post=88019"},{"taxonomy":"post_tag","embeddable":true,"href":"https:\/\/www.sonoraenequipo.com.mx\/api\/wp\/v2\/tags?post=88019"}],"curies":[{"name":"wp","href":"https:\/\/api.w.org\/{rel}","templated":true}]}}