{"id":88029,"date":"2020-06-22T20:06:33","date_gmt":"2020-06-23T03:06:33","guid":{"rendered":"https:\/\/www.sonoraenequipo.com.mx\/?p=88029"},"modified":"2020-06-22T20:06:33","modified_gmt":"2020-06-23T03:06:33","slug":"anuncia-sec-periodo-extraordinario-de-registro-para-examen-de-asignacion-de-espacios-en-bachillerato-2","status":"publish","type":"post","link":"https:\/\/www.sonoraenequipo.com.mx\/anuncia-sec-periodo-extraordinario-de-registro-para-examen-de-asignacion-de-espacios-en-bachillerato-2\/","title":{"rendered":"Anuncia SEC per\u00edodo extraordinario de registro para examen de asignaci\u00f3n de espacios en bachillerato"},"content":{"rendered":"<p>Habr\u00e1 per\u00edodo extraordinario de registro para examen de asignaci\u00f3n de espacios en bachillerato<\/p>\n<p>&nbsp;<\/p>\n<p>&nbsp;<\/p>\n<p>HERMOSILLO, SONORA,MX.\u2500 Integrantes de la Comisi\u00f3n Estatal para la Planeaci\u00f3n y programaci\u00f3n de la Educaci\u00f3n Media Superior de Sonora aprobaron un per\u00edodo extraordinario de registro, del 22 al 24 de junio, para presentar el examen de asignaci\u00f3n de espacios en bachillerato para estudiantes que no se inscribieron en el portal www.prepasonora.gob.mx.<\/p>\n<p>&nbsp;<\/p>\n<p>V\u00edctor Guerrero Gonz\u00e1lez, secretario de Educaci\u00f3n y Cultura, dijo que este per\u00edodo se abri\u00f3 a fin de que tuvieran oportunidad de realizar el examen estudiantes que egresan de secundaria y no hicieron el tr\u00e1mite en la fecha prevista anteriormente.<\/p>\n<p>&nbsp;<\/p>\n<p>Subray\u00f3 que este registro extraordinario es importante ya que permitir\u00e1 dar iguales oportunidades a todos los estudiantes que proseguir\u00e1n sus estudios en una preparatoria p\u00fablica y se construir\u00e1 una base de datos para determinar quienes podr\u00e1n realizar examen en l\u00ednea desde su hogar o requerir\u00e1n el apoyo de instalaciones oficiales para ello.<\/p>\n<p>&nbsp;<\/p>\n<p>En el periodo ordinaro, indic\u00f3 Guerrero Gonz\u00e1lez, se registraron 38 mil 232 alumnos de los cuales 35 mil 580 son de planteles p\u00fablicos y 2 mil 652 de planteles privados y faltan de registrarse 9 mil 206 alumnos, de los cuales 5 mil 924 corresponden a secundarias p\u00fablicas y 3 mil 282 a secundarias privadas.<\/p>\n<p>&nbsp;<\/p>\n<p>\u201cTodos los aspirantes de escuelas secundarias p\u00fablicas y privadas que no se registraron en el periodo ordinario, tienen la oportunidad de hacerlo en este registro extraordinario en el portal: www.prepasonora.gob.mx de la Secretar\u00eda de Educaci\u00f3n y Cultura, el cual deber\u00e1 de realizarse \u00fanicamente desde una computadora con acceso a internet, no en dispositivos m\u00f3viles\u201d, precis\u00f3.<\/p>\n<p>&nbsp;<\/p>\n<p>Concluido el registro extraordinario, los alumnos deber\u00e1n estar atentos, del 25 al 27 de julio, para atender todas las disposiciones de los siguientes procesos en la p\u00e1gina oficial: www.prepasonora.edu.mx.<\/p>\n<p>&nbsp;<\/p>\n<p>On\u00e9simo Mariscales Delgadillo, subsecretario de Educaci\u00f3n Media Superior y Superior del Estado de Sonora, inform\u00f3 que el periodo de aplicaci\u00f3n del examen EXANI-I de CENEVAL ser\u00e1 del 1 al 15 de agosto, previa autorizaci\u00f3n del Comit\u00e9 Estatal de Salud derivado de la emergencia sanitaria.<\/p>\n<p>Fecha de Publicaci\u00f3n 22\/jun\/2020<\/p>\n","protected":false},"excerpt":{"rendered":"<p>Habr\u00e1 per\u00edodo extraordinario de registro para examen de asignaci\u00f3n de espacios en bachillerato &nbsp; &nbsp;&#8230;<\/p>\n","protected":false},"author":1,"featured_media":88030,"comment_status":"open","ping_status":"open","sticky":false,"template":"","format":"standard","meta":{"_monsterinsights_skip_tracking":false,"_monsterinsights_sitenote_active":false,"_monsterinsights_sitenote_note":"","_monsterinsights_sitenote_category":0,"footnotes":""},"categories":[22],"tags":[3304],"class_list":["post"],"yoast_head":" \n<title>Sonora en Equipo. Anuncia SEC per\u00edodo extraordinario de registro para examen de asignaci\u00f3n de espacios en bachillerato Sonora<\/title>\n<meta name=\"description\" content=\"Habr\u00e1 per\u00edodo extraordinario de registro para examen de asignaci\u00f3n de espacios en bachillerato &nbsp; &nbsp; HERMOSILLO, SONORA,MX.\u2500 Integrantes de la En Sonora en Equipo publicamos toda la informaci\u00f3n de Sonora, M\u00e9xico y el Mundo de manera oportuna y busca que la libertad de expresi\u00f3n sea real. Visita nuestro medio informativo publicado desde Hermosillo, Sonora. %\" \/>\n<meta name=\"robots\" content=\"index, follow, max-snippet:-1, max-image-preview:large, max-video-preview:-1\" \/>\n<link rel=\"canonical\" href=\"https:\/\/www.sonoraenequipo.com.mx\/anuncia-sec-periodo-extraordinario-de-registro-para-examen-de-asignacion-de-espacios-en-bachillerato-2\/\" \/>\n<meta property=\"og:locale\" content=\"es_ES\" \/>\n<meta property=\"og:type\" content=\"article\" \/>\n<meta property=\"og:title\" content=\"Sonora en Equipo. Anuncia SEC per\u00edodo extraordinario de registro para examen de asignaci\u00f3n de espacios en bachillerato Sonora\" \/>\n<meta property=\"og:description\" content=\"Habr\u00e1 per\u00edodo extraordinario de registro para examen de asignaci\u00f3n de espacios en bachillerato &nbsp; &nbsp; HERMOSILLO, SONORA,MX.\u2500 Integrantes de la En Sonora en Equipo publicamos toda la informaci\u00f3n de Sonora, M\u00e9xico y el Mundo de manera oportuna y busca que la libertad de expresi\u00f3n sea real. Visita nuestro medio informativo publicado desde Hermosillo, Sonora. %\" \/>\n<meta property=\"og:url\" content=\"https:\/\/www.sonoraenequipo.com.mx\/anuncia-sec-periodo-extraordinario-de-registro-para-examen-de-asignacion-de-espacios-en-bachillerato-2\/\" \/>\n<meta property=\"og:site_name\" content=\"Sonora en Equipo.\" \/>\n<meta property=\"article:publisher\" content=\"https:\/\/www.facebook.com\/SonoraEE\/\" \/>\n<meta property=\"article:author\" content=\"https:\/\/www.facebook.com\/SonoraEE\" \/>\n<meta property=\"article:published_time\" content=\"2020-06-23T03:06:33+00:00\" \/>\n<meta property=\"og:image\" content=\"https:\/\/www.sonoraenequipo.com.mx\/storage\/2020\/06\/victor-guerrero3.jpg\" \/>\n\t<meta property=\"og:image:width\" content=\"600\" \/>\n\t<meta property=\"og:image:height\" content=\"400\" \/>\n\t<meta property=\"og:image:type\" content=\"image\/jpeg\" \/>\n<meta name=\"author\" content=\"enequipo\" \/>\n<meta name=\"twitter:card\" content=\"summary_large_image\" \/>\n<meta name=\"twitter:creator\" content=\"@sonoraenequipo\" \/>\n<meta name=\"twitter:site\" content=\"@sonoraenequipo\" \/>\n<meta name=\"twitter:label1\" content=\"Escrito por\" \/>\n\t<meta name=\"twitter:data1\" content=\"enequipo\" \/>\n\t<meta name=\"twitter:label2\" content=\"Tiempo de lectura\" \/>\n\t<meta name=\"twitter:data2\" content=\"2 minutos\" \/>\n<script type=\"application\/ld+json\" class=\"yoast-schema-graph\">{\"@context\":\"https:\/\/schema.org\",\"@graph\":[{\"@type\":\"Article\",\"@id\":\"https:\/\/www.sonoraenequipo.com.mx\/anuncia-sec-periodo-extraordinario-de-registro-para-examen-de-asignacion-de-espacios-en-bachillerato-2\/#article\",\"isPartOf\":{\"@id\":\"https:\/\/www.sonoraenequipo.com.mx\/anuncia-sec-periodo-extraordinario-de-registro-para-examen-de-asignacion-de-espacios-en-bachillerato-2\/\"},\"author\":{\"name\":\"enequipo\",\"@id\":\"https:\/\/www.sonoraenequipo.com.mx\/#\/schema\/person\/50102df0fb23a8fa9e8effad8fa81386\"},\"headline\":\"Anuncia SEC per\u00edodo extraordinario de registro para examen de asignaci\u00f3n de espacios en bachillerato\",\"datePublished\":\"2020-06-23T03:06:33+00:00\",\"mainEntityOfPage\":{\"@id\":\"https:\/\/www.sonoraenequipo.com.mx\/anuncia-sec-periodo-extraordinario-de-registro-para-examen-de-asignacion-de-espacios-en-bachillerato-2\/\"},\"wordCount\":390,\"commentCount\":0,\"publisher\":{\"@id\":\"https:\/\/www.sonoraenequipo.com.mx\/#organization\"},\"image\":{\"@id\":\"https:\/\/www.sonoraenequipo.com.mx\/anuncia-sec-periodo-extraordinario-de-registro-para-examen-de-asignacion-de-espacios-en-bachillerato-2\/#primaryimage\"},\"thumbnailUrl\":\"https:\/\/www.sonoraenequipo.com.mx\/storage\/2020\/06\/victor-guerrero3.jpg\",\"keywords\":[\"COBACH\"],\"articleSection\":[\"Sonora\"],\"inLanguage\":\"es\",\"potentialAction\":[{\"@type\":\"CommentAction\",\"name\":\"Comment\",\"target\":[\"https:\/\/www.sonoraenequipo.com.mx\/anuncia-sec-periodo-extraordinario-de-registro-para-examen-de-asignacion-de-espacios-en-bachillerato-2\/#respond\"]}]},{\"@type\":\"WebPage\",\"@id\":\"https:\/\/www.sonoraenequipo.com.mx\/anuncia-sec-periodo-extraordinario-de-registro-para-examen-de-asignacion-de-espacios-en-bachillerato-2\/\",\"url\":\"https:\/\/www.sonoraenequipo.com.mx\/anuncia-sec-periodo-extraordinario-de-registro-para-examen-de-asignacion-de-espacios-en-bachillerato-2\/\",\"name\":\"Sonora en Equipo. Anuncia SEC per\u00edodo extraordinario de registro para examen de asignaci\u00f3n de espacios en bachillerato Sonora\",\"isPartOf\":{\"@id\":\"https:\/\/www.sonoraenequipo.com.mx\/#website\"},\"primaryImageOfPage\":{\"@id\":\"https:\/\/www.sonoraenequipo.com.mx\/anuncia-sec-periodo-extraordinario-de-registro-para-examen-de-asignacion-de-espacios-en-bachillerato-2\/#primaryimage\"},\"image\":{\"@id\":\"https:\/\/www.sonoraenequipo.com.mx\/anuncia-sec-periodo-extraordinario-de-registro-para-examen-de-asignacion-de-espacios-en-bachillerato-2\/#primaryimage\"},\"thumbnailUrl\":\"https:\/\/www.sonoraenequipo.com.mx\/storage\/2020\/06\/victor-guerrero3.jpg\",\"datePublished\":\"2020-06-23T03:06:33+00:00\",\"description\":\"Habr\u00e1 per\u00edodo extraordinario de registro para examen de asignaci\u00f3n de espacios en bachillerato &nbsp; &nbsp; HERMOSILLO, SONORA,MX.\u2500 Integrantes de la En Sonora en Equipo publicamos toda la informaci\u00f3n de Sonora, M\u00e9xico y el Mundo de manera oportuna y busca que la libertad de expresi\u00f3n sea real. Visita nuestro medio informativo publicado desde Hermosillo, Sonora. %\",\"breadcrumb\":{\"@id\":\"https:\/\/www.sonoraenequipo.com.mx\/anuncia-sec-periodo-extraordinario-de-registro-para-examen-de-asignacion-de-espacios-en-bachillerato-2\/#breadcrumb\"},\"inLanguage\":\"es\",\"potentialAction\":[{\"@type\":\"ReadAction\",\"target\":[\"https:\/\/www.sonoraenequipo.com.mx\/anuncia-sec-periodo-extraordinario-de-registro-para-examen-de-asignacion-de-espacios-en-bachillerato-2\/\"]}]},{\"@type\":\"ImageObject\",\"inLanguage\":\"es\",\"@id\":\"https:\/\/www.sonoraenequipo.com.mx\/anuncia-sec-periodo-extraordinario-de-registro-para-examen-de-asignacion-de-espacios-en-bachillerato-2\/#primaryimage\",\"url\":\"https:\/\/www.sonoraenequipo.com.mx\/storage\/2020\/06\/victor-guerrero3.jpg\",\"contentUrl\":\"https:\/\/www.sonoraenequipo.com.mx\/storage\/2020\/06\/victor-guerrero3.jpg\",\"width\":600,\"height\":400},{\"@type\":\"BreadcrumbList\",\"@id\":\"https:\/\/www.sonoraenequipo.com.mx\/anuncia-sec-periodo-extraordinario-de-registro-para-examen-de-asignacion-de-espacios-en-bachillerato-2\/#breadcrumb\",\"itemListElement\":[{\"@type\":\"ListItem\",\"position\":1,\"name\":\"Portada\",\"item\":\"https:\/\/www.sonoraenequipo.com.mx\/\"},{\"@type\":\"ListItem\",\"position\":2,\"name\":\"Anuncia SEC per\u00edodo extraordinario de registro para examen de asignaci\u00f3n de espacios en bachillerato\"}]},{\"@type\":\"WebSite\",\"@id\":\"https:\/\/www.sonoraenequipo.com.mx\/#website\",\"url\":\"https:\/\/www.sonoraenequipo.com.mx\/\",\"name\":\"Sonora en Equipo.\",\"description\":\"Diario en l\u00ednea con Noticias desde Hermosillo, Sonora\",\"publisher\":{\"@id\":\"https:\/\/www.sonoraenequipo.com.mx\/#organization\"},\"potentialAction\":[{\"@type\":\"SearchAction\",\"target\":{\"@type\":\"EntryPoint\",\"urlTemplate\":\"https:\/\/www.sonoraenequipo.com.mx\/?s={search_term_string}\"},\"query-input\":{\"@type\":\"PropertyValueSpecification\",\"valueRequired\":true,\"valueName\":\"search_term_string\"}}],\"inLanguage\":\"es\"},{\"@type\":\"Organization\",\"@id\":\"https:\/\/www.sonoraenequipo.com.mx\/#organization\",\"name\":\"Sonoraenequipo.com.mx\",\"url\":\"https:\/\/www.sonoraenequipo.com.mx\/\",\"logo\":{\"@type\":\"ImageObject\",\"inLanguage\":\"es\",\"@id\":\"https:\/\/www.sonoraenequipo.com.mx\/#\/schema\/logo\/image\/\",\"url\":\"https:\/\/www.sonoraenequipo.com.mx\/storage\/2019\/01\/sonoraenequipo_opt.png\",\"contentUrl\":\"https:\/\/www.sonoraenequipo.com.mx\/storage\/2019\/01\/sonoraenequipo_opt.png\",\"width\":375,\"height\":125,\"caption\":\"Sonoraenequipo.com.mx\"},\"image\":{\"@id\":\"https:\/\/www.sonoraenequipo.com.mx\/#\/schema\/logo\/image\/\"},\"sameAs\":[\"https:\/\/www.facebook.com\/SonoraEE\/\",\"https:\/\/x.com\/sonoraenequipo\",\"https:\/\/www.youtube.com\/channel\/UC338nW-lPEYmJQs4ZABQ1SQ\"]},{\"@type\":\"Person\",\"@id\":\"https:\/\/www.sonoraenequipo.com.mx\/#\/schema\/person\/50102df0fb23a8fa9e8effad8fa81386\",\"name\":\"enequipo\",\"image\":{\"@type\":\"ImageObject\",\"inLanguage\":\"es\",\"@id\":\"https:\/\/www.sonoraenequipo.com.mx\/#\/schema\/person\/image\/\",\"url\":\"https:\/\/secure.gravatar.com\/avatar\/049821681b589dabc0bc20695993ccebb09f5b5d4d790cd9251b97faac7c652b?s=96&d=blank&r=g\",\"contentUrl\":\"https:\/\/secure.gravatar.com\/avatar\/049821681b589dabc0bc20695993ccebb09f5b5d4d790cd9251b97faac7c652b?s=96&d=blank&r=g\",\"caption\":\"enequipo\"},\"sameAs\":[\"https:\/\/www.facebook.com\/SonoraEE\"]}]}<\/script>\n ","yoast_head_json":{"title":"Sonora en Equipo. Anuncia SEC per\u00edodo extraordinario de registro para examen de asignaci\u00f3n de espacios en bachillerato Sonora","description":"Habr\u00e1 per\u00edodo extraordinario de registro para examen de asignaci\u00f3n de espacios en bachillerato &nbsp; &nbsp; HERMOSILLO, SONORA,MX.\u2500 Integrantes de la En Sonora en Equipo publicamos toda la informaci\u00f3n de Sonora, M\u00e9xico y el Mundo de manera oportuna y busca que la libertad de expresi\u00f3n sea real. Visita nuestro medio informativo publicado desde Hermosillo, Sonora. %","robots":{"index":"index","follow":"follow","max-snippet":"max-snippet:-1","max-image-preview":"max-image-preview:large","max-video-preview":"max-video-preview:-1"},"canonical":"https:\/\/www.sonoraenequipo.com.mx\/anuncia-sec-periodo-extraordinario-de-registro-para-examen-de-asignacion-de-espacios-en-bachillerato-2\/","og_locale":"es_ES","og_type":"article","og_title":"Sonora en Equipo. Anuncia SEC per\u00edodo extraordinario de registro para examen de asignaci\u00f3n de espacios en bachillerato Sonora","og_description":"Habr\u00e1 per\u00edodo extraordinario de registro para examen de asignaci\u00f3n de espacios en bachillerato &nbsp; &nbsp; HERMOSILLO, SONORA,MX.\u2500 Integrantes de la En Sonora en Equipo publicamos toda la informaci\u00f3n de Sonora, M\u00e9xico y el Mundo de manera oportuna y busca que la libertad de expresi\u00f3n sea real. Visita nuestro medio informativo publicado desde Hermosillo, Sonora. %","og_url":"https:\/\/www.sonoraenequipo.com.mx\/anuncia-sec-periodo-extraordinario-de-registro-para-examen-de-asignacion-de-espacios-en-bachillerato-2\/","og_site_name":"Sonora en Equipo.","article_publisher":"https:\/\/www.facebook.com\/SonoraEE\/","article_author":"https:\/\/www.facebook.com\/SonoraEE","article_published_time":"2020-06-23T03:06:33+00:00","og_image":[{"width":600,"height":400,"url":"https:\/\/www.sonoraenequipo.com.mx\/storage\/2020\/06\/victor-guerrero3.jpg","type":"image\/jpeg"}],"author":"enequipo","twitter_card":"summary_large_image","twitter_creator":"@sonoraenequipo","twitter_site":"@sonoraenequipo","twitter_misc":{"Escrito por":"enequipo","Tiempo de lectura":"2 minutos"},"schema":{"@context":"https:\/\/schema.org","@graph":[{"@type":"Article","@id":"https:\/\/www.sonoraenequipo.com.mx\/anuncia-sec-periodo-extraordinario-de-registro-para-examen-de-asignacion-de-espacios-en-bachillerato-2\/#article","isPartOf":{"@id":"https:\/\/www.sonoraenequipo.com.mx\/anuncia-sec-periodo-extraordinario-de-registro-para-examen-de-asignacion-de-espacios-en-bachillerato-2\/"},"author":{"name":"enequipo","@id":"https:\/\/www.sonoraenequipo.com.mx\/#\/schema\/person\/50102df0fb23a8fa9e8effad8fa81386"},"headline":"Anuncia SEC per\u00edodo extraordinario de registro para examen de asignaci\u00f3n de espacios en bachillerato","datePublished":"2020-06-23T03:06:33+00:00","mainEntityOfPage":{"@id":"https:\/\/www.sonoraenequipo.com.mx\/anuncia-sec-periodo-extraordinario-de-registro-para-examen-de-asignacion-de-espacios-en-bachillerato-2\/"},"wordCount":390,"commentCount":0,"publisher":{"@id":"https:\/\/www.sonoraenequipo.com.mx\/#organization"},"image":{"@id":"https:\/\/www.sonoraenequipo.com.mx\/anuncia-sec-periodo-extraordinario-de-registro-para-examen-de-asignacion-de-espacios-en-bachillerato-2\/#primaryimage"},"thumbnailUrl":"https:\/\/www.sonoraenequipo.com.mx\/storage\/2020\/06\/victor-guerrero3.jpg","keywords":["COBACH"],"articleSection":["Sonora"],"inLanguage":"es","potentialAction":[{"@type":"CommentAction","name":"Comment","target":["https:\/\/www.sonoraenequipo.com.mx\/anuncia-sec-periodo-extraordinario-de-registro-para-examen-de-asignacion-de-espacios-en-bachillerato-2\/#respond"]}]},{"@type":"WebPage","@id":"https:\/\/www.sonoraenequipo.com.mx\/anuncia-sec-periodo-extraordinario-de-registro-para-examen-de-asignacion-de-espacios-en-bachillerato-2\/","url":"https:\/\/www.sonoraenequipo.com.mx\/anuncia-sec-periodo-extraordinario-de-registro-para-examen-de-asignacion-de-espacios-en-bachillerato-2\/","name":"Sonora en Equipo. Anuncia SEC per\u00edodo extraordinario de registro para examen de asignaci\u00f3n de espacios en bachillerato Sonora","isPartOf":{"@id":"https:\/\/www.sonoraenequipo.com.mx\/#website"},"primaryImageOfPage":{"@id":"https:\/\/www.sonoraenequipo.com.mx\/anuncia-sec-periodo-extraordinario-de-registro-para-examen-de-asignacion-de-espacios-en-bachillerato-2\/#primaryimage"},"image":{"@id":"https:\/\/www.sonoraenequipo.com.mx\/anuncia-sec-periodo-extraordinario-de-registro-para-examen-de-asignacion-de-espacios-en-bachillerato-2\/#primaryimage"},"thumbnailUrl":"https:\/\/www.sonoraenequipo.com.mx\/storage\/2020\/06\/victor-guerrero3.jpg","datePublished":"2020-06-23T03:06:33+00:00","description":"Habr\u00e1 per\u00edodo extraordinario de registro para examen de asignaci\u00f3n de espacios en bachillerato &nbsp; &nbsp; HERMOSILLO, SONORA,MX.\u2500 Integrantes de la En Sonora en Equipo publicamos toda la informaci\u00f3n de Sonora, M\u00e9xico y el Mundo de manera oportuna y busca que la libertad de expresi\u00f3n sea real. Visita nuestro medio informativo publicado desde Hermosillo, Sonora. %","breadcrumb":{"@id":"https:\/\/www.sonoraenequipo.com.mx\/anuncia-sec-periodo-extraordinario-de-registro-para-examen-de-asignacion-de-espacios-en-bachillerato-2\/#breadcrumb"},"inLanguage":"es","potentialAction":[{"@type":"ReadAction","target":["https:\/\/www.sonoraenequipo.com.mx\/anuncia-sec-periodo-extraordinario-de-registro-para-examen-de-asignacion-de-espacios-en-bachillerato-2\/"]}]},{"@type":"ImageObject","inLanguage":"es","@id":"https:\/\/www.sonoraenequipo.com.mx\/anuncia-sec-periodo-extraordinario-de-registro-para-examen-de-asignacion-de-espacios-en-bachillerato-2\/#primaryimage","url":"https:\/\/www.sonoraenequipo.com.mx\/storage\/2020\/06\/victor-guerrero3.jpg","contentUrl":"https:\/\/www.sonoraenequipo.com.mx\/storage\/2020\/06\/victor-guerrero3.jpg","width":600,"height":400},{"@type":"BreadcrumbList","@id":"https:\/\/www.sonoraenequipo.com.mx\/anuncia-sec-periodo-extraordinario-de-registro-para-examen-de-asignacion-de-espacios-en-bachillerato-2\/#breadcrumb","itemListElement":[{"@type":"ListItem","position":1,"name":"Portada","item":"https:\/\/www.sonoraenequipo.com.mx\/"},{"@type":"ListItem","position":2,"name":"Anuncia SEC per\u00edodo extraordinario de registro para examen de asignaci\u00f3n de espacios en bachillerato"}]},{"@type":"WebSite","@id":"https:\/\/www.sonoraenequipo.com.mx\/#website","url":"https:\/\/www.sonoraenequipo.com.mx\/","name":"Sonora en Equipo.","description":"Diario en l\u00ednea con Noticias desde Hermosillo, Sonora","publisher":{"@id":"https:\/\/www.sonoraenequipo.com.mx\/#organization"},"potentialAction":[{"@type":"SearchAction","target":{"@type":"EntryPoint","urlTemplate":"https:\/\/www.sonoraenequipo.com.mx\/?s={search_term_string}"},"query-input":{"@type":"PropertyValueSpecification","valueRequired":true,"valueName":"search_term_string"}}],"inLanguage":"es"},{"@type":"Organization","@id":"https:\/\/www.sonoraenequipo.com.mx\/#organization","name":"Sonoraenequipo.com.mx","url":"https:\/\/www.sonoraenequipo.com.mx\/","logo":{"@type":"ImageObject","inLanguage":"es","@id":"https:\/\/www.sonoraenequipo.com.mx\/#\/schema\/logo\/image\/","url":"https:\/\/www.sonoraenequipo.com.mx\/storage\/2019\/01\/sonoraenequipo_opt.png","contentUrl":"https:\/\/www.sonoraenequipo.com.mx\/storage\/2019\/01\/sonoraenequipo_opt.png","width":375,"height":125,"caption":"Sonoraenequipo.com.mx"},"image":{"@id":"https:\/\/www.sonoraenequipo.com.mx\/#\/schema\/logo\/image\/"},"sameAs":["https:\/\/www.facebook.com\/SonoraEE\/","https:\/\/x.com\/sonoraenequipo","https:\/\/www.youtube.com\/channel\/UC338nW-lPEYmJQs4ZABQ1SQ"]},{"@type":"Person","@id":"https:\/\/www.sonoraenequipo.com.mx\/#\/schema\/person\/50102df0fb23a8fa9e8effad8fa81386","name":"enequipo","image":{"@type":"ImageObject","inLanguage":"es","@id":"https:\/\/www.sonoraenequipo.com.mx\/#\/schema\/person\/image\/","url":"https:\/\/secure.gravatar.com\/avatar\/049821681b589dabc0bc20695993ccebb09f5b5d4d790cd9251b97faac7c652b?s=96&d=blank&r=g","contentUrl":"https:\/\/secure.gravatar.com\/avatar\/049821681b589dabc0bc20695993ccebb09f5b5d4d790cd9251b97faac7c652b?s=96&d=blank&r=g","caption":"enequipo"},"sameAs":["https:\/\/www.facebook.com\/SonoraEE"]}]}},"jetpack_featured_media_url":"https:\/\/www.sonoraenequipo.com.mx\/storage\/2020\/06\/victor-guerrero3.jpg","_links":{"self":[{"href":"https:\/\/www.sonoraenequipo.com.mx\/api\/wp\/v2\/posts\/88029","targetHints":{"allow":["GET"]}}],"collection":[{"href":"https:\/\/www.sonoraenequipo.com.mx\/api\/wp\/v2\/posts"}],"about":[{"href":"https:\/\/www.sonoraenequipo.com.mx\/api\/wp\/v2\/types\/post"}],"author":[{"embeddable":true,"href":"https:\/\/www.sonoraenequipo.com.mx\/api\/wp\/v2\/users\/1"}],"replies":[{"embeddable":true,"href":"https:\/\/www.sonoraenequipo.com.mx\/api\/wp\/v2\/comments?post=88029"}],"version-history":[{"count":0,"href":"https:\/\/www.sonoraenequipo.com.mx\/api\/wp\/v2\/posts\/88029\/revisions"}],"wp:featuredmedia":[{"embeddable":true,"href":"https:\/\/www.sonoraenequipo.com.mx\/api\/wp\/v2\/media\/88030"}],"wp:attachment":[{"href":"https:\/\/www.sonoraenequipo.com.mx\/api\/wp\/v2\/media?parent=88029"}],"wp:term":[{"taxonomy":"category","embeddable":true,"href":"https:\/\/www.sonoraenequipo.com.mx\/api\/wp\/v2\/categories?post=88029"},{"taxonomy":"post_tag","embeddable":true,"href":"https:\/\/www.sonoraenequipo.com.mx\/api\/wp\/v2\/tags?post=88029"}],"curies":[{"name":"wp","href":"https:\/\/api.w.org\/{rel}","templated":true}]}}