{"id":88032,"date":"2020-06-22T20:18:33","date_gmt":"2020-06-23T03:18:33","guid":{"rendered":"https:\/\/www.sonoraenequipo.com.mx\/?p=88032"},"modified":"2020-06-22T20:29:34","modified_gmt":"2020-06-23T03:29:34","slug":"88032-2","status":"publish","type":"post","link":"https:\/\/www.sonoraenequipo.com.mx\/88032-2\/","title":{"rendered":"Gobernadora Pavlovich convoca a corresponsabilidad ciudadana ante altos contagios por Covid-19"},"content":{"rendered":"<h4>&gt;&gt;Sonora se encuentra en riesgo de saturaci\u00f3n de hospitales, dice<\/h4>\n<p>Hermosillo, Sonora, junio 22 de 2020. Con un crecimiento acelerado de contagios por Covid-19, Sonora lleg\u00f3 al momento en que ya no es posible ser ap\u00e1tico a las medidas de prevenci\u00f3n, pensando que esta enfermedad va a afectar a otros y no a los nuestros, por lo que es momento de asumir todos, sociedad y gobierno la corresponsabilidad en la batalla contra esta pandemia, destac\u00f3 la gobernadora Claudia Pavlovich Arellano. <\/p>\n<p>En un video difundido a trav\u00e9s de sus redes sociales, la mandataria estatal interactu\u00f3 con el doctor Gerardo \u00c1lvarez Hern\u00e1ndez, director de Promoci\u00f3n a la Salud y Prevenci\u00f3n de Enfermedades en Sonora, para resolver dudas de las y los ciudadanos respecto a la situaci\u00f3n actual del Covid-19 en la entidad.<\/p>\n<p>La gobernadora Pavlovich resalt\u00f3 la gravedad de la situaci\u00f3n de la pandemia en Sonora, ante un crecimiento exponencial de casos y, lamentablemente, de fallecimientos, frente a los cuales ni autoridades ni ciudadanos se pueden quedar cruzados de brazos.<\/p>\n<p>\u201cCreo que no me equivoco al afirmar que el n\u00famero de muertes y casos nuevos que nos reportaba el secretario de Salud este viernes y s\u00e1bado a todos nos dej\u00f3 impactados: en solo dos d\u00edas se confirmaron m\u00e1s de 700 casos nuevos y se registraron 60 fallecimientos, sesenta hombres y mujeres que perdieron la batalla frente a este virus. Ellos y el n\u00famero creciente de sonorenses que est\u00e1 requiriendo hospitalizaci\u00f3n no nos permite cruzarnos de brazos, ni al gobierno ni a los ciudadanos\u201d, indic\u00f3.<\/p>\n<p>La titular del Ejecutivo Estatal resalt\u00f3 que las y los sonorenses tienen la valent\u00eda y el coraje para soportar veranos de 48 grados cent\u00edgrados e inviernos por debajo de los cero grados, para hacer producir el desierto y ser l\u00edderes en todo, por lo que llam\u00f3 la poblaci\u00f3n a poner todo su esfuerzo para hacer frente a este virus.<\/p>\n<p>\u201cHoy nos toca como sonorenses poner por encima de todo esa f\u00e9rrea voluntad que nos caracteriza y, con disciplina, retomar juntos la ruta de la prevenci\u00f3n y el autocuidado. Te invito a que hagamos un frente com\u00fan contra el Covid, un frente de corresponsabilidad, un frente para cuidarnos y cuidar a los nuestros; contener a este virus depende de ti, depende de nosotros, depende de todos\u201d, se\u00f1al\u00f3.<\/p>\n<p>El doctor Gerardo \u00c1lvarez Hern\u00e1ndez, director de Promoci\u00f3n a la Salud y Prevenci\u00f3n de Enfermedades en Sonora, mostr\u00f3 la distribuci\u00f3n espacial del Covid-19 en Hermosillo, Cajeme, San Luis R\u00edo Colorado, Nogales y Navojoa y a\u00f1adi\u00f3 que el incremento de la propagaci\u00f3n del virus obedece a la alta movilidad en estos municipios.<\/p>\n<p>\u201cSonora se encuentra en la etapa cr\u00edtica de la epidemia de Covid-19; los contagios, enfermos y defunciones se incrementar\u00e1n en las principales ciudades del estado, la movilidad poblacional se asocia directamente al incremento, hay riesgo m\u00e1ximo de saturaci\u00f3n hospitalaria debido a mayor incidencia y severidad del virus\u201d, coment\u00f3 \u00c1lvarez Hern\u00e1ndez.<\/p>\n<p>Tras escuchar la explicaci\u00f3n del panorama actual del estado, la gobernadora pidi\u00f3 al especialista responder puntualmente las inquietudes que han llegado a trav\u00e9s de mensajes en sus redes sociales, desde qu\u00e9\u00a0 hacer ante los primeros s\u00edntomas de Covid-19, el uso de cubrebocas, la validez de las pruebas r\u00e1pidas y hasta qu\u00e9 hacer con un familiar positivo al contagio, y, con base en estas recomendaciones, la mandataria estatal refrend\u00f3 el llamado a las y los sonorenses a retomar junto con las autoridades, el camino de la prevenci\u00f3n.<\/p>\n<p>Fecha de Publicaci\u00f3n 22\/jun\/2020<\/p>\n","protected":false},"excerpt":{"rendered":"<p>&gt;&gt;Sonora se encuentra en riesgo de saturaci\u00f3n de hospitales, dice Hermosillo, Sonora, junio 22 de&#8230;<\/p>\n","protected":false},"author":1,"featured_media":88033,"comment_status":"open","ping_status":"open","sticky":false,"template":"","format":"standard","meta":{"_monsterinsights_skip_tracking":false,"_monsterinsights_sitenote_active":false,"_monsterinsights_sitenote_note":"","_monsterinsights_sitenote_category":0,"footnotes":""},"categories":[22],"tags":[4249,1182],"class_list":["post"],"yoast_head":" \n<title>Sonora en Equipo. Gobernadora Pavlovich convoca a corresponsabilidad ciudadana ante altos contagios por Covid-19 Sonora<\/title>\n<meta name=\"description\" content=\"&gt;&gt;Sonora se encuentra en riesgo de saturaci\u00f3n de hospitales, dice Hermosillo, Sonora, junio 22 de 2020. Con un crecimiento acelerado de contagios En Sonora en Equipo publicamos toda la informaci\u00f3n de Sonora, M\u00e9xico y el Mundo de manera oportuna y busca que la libertad de expresi\u00f3n sea real. Visita nuestro medio informativo publicado desde Hermosillo, Sonora. %\" \/>\n<meta name=\"robots\" content=\"index, follow, max-snippet:-1, max-image-preview:large, max-video-preview:-1\" \/>\n<link rel=\"canonical\" href=\"https:\/\/www.sonoraenequipo.com.mx\/88032-2\/\" \/>\n<meta property=\"og:locale\" content=\"es_ES\" \/>\n<meta property=\"og:type\" content=\"article\" \/>\n<meta property=\"og:title\" content=\"Sonora en Equipo. Gobernadora Pavlovich convoca a corresponsabilidad ciudadana ante altos contagios por Covid-19 Sonora\" \/>\n<meta property=\"og:description\" content=\"&gt;&gt;Sonora se encuentra en riesgo de saturaci\u00f3n de hospitales, dice Hermosillo, Sonora, junio 22 de 2020. Con un crecimiento acelerado de contagios En Sonora en Equipo publicamos toda la informaci\u00f3n de Sonora, M\u00e9xico y el Mundo de manera oportuna y busca que la libertad de expresi\u00f3n sea real. Visita nuestro medio informativo publicado desde Hermosillo, Sonora. %\" \/>\n<meta property=\"og:url\" content=\"https:\/\/www.sonoraenequipo.com.mx\/88032-2\/\" \/>\n<meta property=\"og:site_name\" content=\"Sonora en Equipo.\" \/>\n<meta property=\"article:publisher\" content=\"https:\/\/www.facebook.com\/SonoraEE\/\" \/>\n<meta property=\"article:author\" content=\"https:\/\/www.facebook.com\/SonoraEE\" \/>\n<meta property=\"article:published_time\" content=\"2020-06-23T03:18:33+00:00\" \/>\n<meta property=\"article:modified_time\" content=\"2020-06-23T03:29:34+00:00\" \/>\n<meta property=\"og:image\" content=\"https:\/\/www.sonoraenequipo.com.mx\/storage\/2020\/06\/cpa220620.jpg\" \/>\n\t<meta property=\"og:image:width\" content=\"600\" \/>\n\t<meta property=\"og:image:height\" content=\"400\" \/>\n\t<meta property=\"og:image:type\" content=\"image\/jpeg\" \/>\n<meta name=\"author\" content=\"enequipo\" \/>\n<meta name=\"twitter:card\" content=\"summary_large_image\" \/>\n<meta name=\"twitter:creator\" content=\"@sonoraenequipo\" \/>\n<meta name=\"twitter:site\" content=\"@sonoraenequipo\" \/>\n<meta name=\"twitter:label1\" content=\"Escrito por\" \/>\n\t<meta name=\"twitter:data1\" content=\"enequipo\" \/>\n\t<meta name=\"twitter:label2\" content=\"Tiempo de lectura\" \/>\n\t<meta name=\"twitter:data2\" content=\"3 minutos\" \/>\n<script type=\"application\/ld+json\" class=\"yoast-schema-graph\">{\"@context\":\"https:\/\/schema.org\",\"@graph\":[{\"@type\":\"Article\",\"@id\":\"https:\/\/www.sonoraenequipo.com.mx\/88032-2\/#article\",\"isPartOf\":{\"@id\":\"https:\/\/www.sonoraenequipo.com.mx\/88032-2\/\"},\"author\":{\"name\":\"enequipo\",\"@id\":\"https:\/\/www.sonoraenequipo.com.mx\/#\/schema\/person\/50102df0fb23a8fa9e8effad8fa81386\"},\"headline\":\"Gobernadora Pavlovich convoca a corresponsabilidad ciudadana ante altos contagios por Covid-19\",\"datePublished\":\"2020-06-23T03:18:33+00:00\",\"dateModified\":\"2020-06-23T03:29:34+00:00\",\"mainEntityOfPage\":{\"@id\":\"https:\/\/www.sonoraenequipo.com.mx\/88032-2\/\"},\"wordCount\":618,\"commentCount\":0,\"publisher\":{\"@id\":\"https:\/\/www.sonoraenequipo.com.mx\/#organization\"},\"image\":{\"@id\":\"https:\/\/www.sonoraenequipo.com.mx\/88032-2\/#primaryimage\"},\"thumbnailUrl\":\"https:\/\/www.sonoraenequipo.com.mx\/storage\/2020\/06\/cpa220620.jpg\",\"keywords\":[\"covid\",\"Gobernadora Claudia Pavlovich\"],\"articleSection\":[\"Sonora\"],\"inLanguage\":\"es\",\"potentialAction\":[{\"@type\":\"CommentAction\",\"name\":\"Comment\",\"target\":[\"https:\/\/www.sonoraenequipo.com.mx\/88032-2\/#respond\"]}]},{\"@type\":\"WebPage\",\"@id\":\"https:\/\/www.sonoraenequipo.com.mx\/88032-2\/\",\"url\":\"https:\/\/www.sonoraenequipo.com.mx\/88032-2\/\",\"name\":\"Sonora en Equipo. Gobernadora Pavlovich convoca a corresponsabilidad ciudadana ante altos contagios por Covid-19 Sonora\",\"isPartOf\":{\"@id\":\"https:\/\/www.sonoraenequipo.com.mx\/#website\"},\"primaryImageOfPage\":{\"@id\":\"https:\/\/www.sonoraenequipo.com.mx\/88032-2\/#primaryimage\"},\"image\":{\"@id\":\"https:\/\/www.sonoraenequipo.com.mx\/88032-2\/#primaryimage\"},\"thumbnailUrl\":\"https:\/\/www.sonoraenequipo.com.mx\/storage\/2020\/06\/cpa220620.jpg\",\"datePublished\":\"2020-06-23T03:18:33+00:00\",\"dateModified\":\"2020-06-23T03:29:34+00:00\",\"description\":\"&gt;&gt;Sonora se encuentra en riesgo de saturaci\u00f3n de hospitales, dice Hermosillo, Sonora, junio 22 de 2020. Con un crecimiento acelerado de contagios En Sonora en Equipo publicamos toda la informaci\u00f3n de Sonora, M\u00e9xico y el Mundo de manera oportuna y busca que la libertad de expresi\u00f3n sea real. Visita nuestro medio informativo publicado desde Hermosillo, Sonora. %\",\"breadcrumb\":{\"@id\":\"https:\/\/www.sonoraenequipo.com.mx\/88032-2\/#breadcrumb\"},\"inLanguage\":\"es\",\"potentialAction\":[{\"@type\":\"ReadAction\",\"target\":[\"https:\/\/www.sonoraenequipo.com.mx\/88032-2\/\"]}]},{\"@type\":\"ImageObject\",\"inLanguage\":\"es\",\"@id\":\"https:\/\/www.sonoraenequipo.com.mx\/88032-2\/#primaryimage\",\"url\":\"https:\/\/www.sonoraenequipo.com.mx\/storage\/2020\/06\/cpa220620.jpg\",\"contentUrl\":\"https:\/\/www.sonoraenequipo.com.mx\/storage\/2020\/06\/cpa220620.jpg\",\"width\":600,\"height\":400},{\"@type\":\"BreadcrumbList\",\"@id\":\"https:\/\/www.sonoraenequipo.com.mx\/88032-2\/#breadcrumb\",\"itemListElement\":[{\"@type\":\"ListItem\",\"position\":1,\"name\":\"Portada\",\"item\":\"https:\/\/www.sonoraenequipo.com.mx\/\"},{\"@type\":\"ListItem\",\"position\":2,\"name\":\"Gobernadora Pavlovich convoca a corresponsabilidad ciudadana ante altos contagios por Covid-19\"}]},{\"@type\":\"WebSite\",\"@id\":\"https:\/\/www.sonoraenequipo.com.mx\/#website\",\"url\":\"https:\/\/www.sonoraenequipo.com.mx\/\",\"name\":\"Sonora en Equipo.\",\"description\":\"Diario en l\u00ednea con Noticias desde Hermosillo, Sonora\",\"publisher\":{\"@id\":\"https:\/\/www.sonoraenequipo.com.mx\/#organization\"},\"potentialAction\":[{\"@type\":\"SearchAction\",\"target\":{\"@type\":\"EntryPoint\",\"urlTemplate\":\"https:\/\/www.sonoraenequipo.com.mx\/?s={search_term_string}\"},\"query-input\":{\"@type\":\"PropertyValueSpecification\",\"valueRequired\":true,\"valueName\":\"search_term_string\"}}],\"inLanguage\":\"es\"},{\"@type\":\"Organization\",\"@id\":\"https:\/\/www.sonoraenequipo.com.mx\/#organization\",\"name\":\"Sonoraenequipo.com.mx\",\"url\":\"https:\/\/www.sonoraenequipo.com.mx\/\",\"logo\":{\"@type\":\"ImageObject\",\"inLanguage\":\"es\",\"@id\":\"https:\/\/www.sonoraenequipo.com.mx\/#\/schema\/logo\/image\/\",\"url\":\"https:\/\/www.sonoraenequipo.com.mx\/storage\/2019\/01\/sonoraenequipo_opt.png\",\"contentUrl\":\"https:\/\/www.sonoraenequipo.com.mx\/storage\/2019\/01\/sonoraenequipo_opt.png\",\"width\":375,\"height\":125,\"caption\":\"Sonoraenequipo.com.mx\"},\"image\":{\"@id\":\"https:\/\/www.sonoraenequipo.com.mx\/#\/schema\/logo\/image\/\"},\"sameAs\":[\"https:\/\/www.facebook.com\/SonoraEE\/\",\"https:\/\/x.com\/sonoraenequipo\",\"https:\/\/www.youtube.com\/channel\/UC338nW-lPEYmJQs4ZABQ1SQ\"]},{\"@type\":\"Person\",\"@id\":\"https:\/\/www.sonoraenequipo.com.mx\/#\/schema\/person\/50102df0fb23a8fa9e8effad8fa81386\",\"name\":\"enequipo\",\"image\":{\"@type\":\"ImageObject\",\"inLanguage\":\"es\",\"@id\":\"https:\/\/www.sonoraenequipo.com.mx\/#\/schema\/person\/image\/\",\"url\":\"https:\/\/secure.gravatar.com\/avatar\/049821681b589dabc0bc20695993ccebb09f5b5d4d790cd9251b97faac7c652b?s=96&d=blank&r=g\",\"contentUrl\":\"https:\/\/secure.gravatar.com\/avatar\/049821681b589dabc0bc20695993ccebb09f5b5d4d790cd9251b97faac7c652b?s=96&d=blank&r=g\",\"caption\":\"enequipo\"},\"sameAs\":[\"https:\/\/www.facebook.com\/SonoraEE\"]}]}<\/script>\n ","yoast_head_json":{"title":"Sonora en Equipo. Gobernadora Pavlovich convoca a corresponsabilidad ciudadana ante altos contagios por Covid-19 Sonora","description":"&gt;&gt;Sonora se encuentra en riesgo de saturaci\u00f3n de hospitales, dice Hermosillo, Sonora, junio 22 de 2020. Con un crecimiento acelerado de contagios En Sonora en Equipo publicamos toda la informaci\u00f3n de Sonora, M\u00e9xico y el Mundo de manera oportuna y busca que la libertad de expresi\u00f3n sea real. Visita nuestro medio informativo publicado desde Hermosillo, Sonora. %","robots":{"index":"index","follow":"follow","max-snippet":"max-snippet:-1","max-image-preview":"max-image-preview:large","max-video-preview":"max-video-preview:-1"},"canonical":"https:\/\/www.sonoraenequipo.com.mx\/88032-2\/","og_locale":"es_ES","og_type":"article","og_title":"Sonora en Equipo. Gobernadora Pavlovich convoca a corresponsabilidad ciudadana ante altos contagios por Covid-19 Sonora","og_description":"&gt;&gt;Sonora se encuentra en riesgo de saturaci\u00f3n de hospitales, dice Hermosillo, Sonora, junio 22 de 2020. Con un crecimiento acelerado de contagios En Sonora en Equipo publicamos toda la informaci\u00f3n de Sonora, M\u00e9xico y el Mundo de manera oportuna y busca que la libertad de expresi\u00f3n sea real. Visita nuestro medio informativo publicado desde Hermosillo, Sonora. %","og_url":"https:\/\/www.sonoraenequipo.com.mx\/88032-2\/","og_site_name":"Sonora en Equipo.","article_publisher":"https:\/\/www.facebook.com\/SonoraEE\/","article_author":"https:\/\/www.facebook.com\/SonoraEE","article_published_time":"2020-06-23T03:18:33+00:00","article_modified_time":"2020-06-23T03:29:34+00:00","og_image":[{"width":600,"height":400,"url":"https:\/\/www.sonoraenequipo.com.mx\/storage\/2020\/06\/cpa220620.jpg","type":"image\/jpeg"}],"author":"enequipo","twitter_card":"summary_large_image","twitter_creator":"@sonoraenequipo","twitter_site":"@sonoraenequipo","twitter_misc":{"Escrito por":"enequipo","Tiempo de lectura":"3 minutos"},"schema":{"@context":"https:\/\/schema.org","@graph":[{"@type":"Article","@id":"https:\/\/www.sonoraenequipo.com.mx\/88032-2\/#article","isPartOf":{"@id":"https:\/\/www.sonoraenequipo.com.mx\/88032-2\/"},"author":{"name":"enequipo","@id":"https:\/\/www.sonoraenequipo.com.mx\/#\/schema\/person\/50102df0fb23a8fa9e8effad8fa81386"},"headline":"Gobernadora Pavlovich convoca a corresponsabilidad ciudadana ante altos contagios por Covid-19","datePublished":"2020-06-23T03:18:33+00:00","dateModified":"2020-06-23T03:29:34+00:00","mainEntityOfPage":{"@id":"https:\/\/www.sonoraenequipo.com.mx\/88032-2\/"},"wordCount":618,"commentCount":0,"publisher":{"@id":"https:\/\/www.sonoraenequipo.com.mx\/#organization"},"image":{"@id":"https:\/\/www.sonoraenequipo.com.mx\/88032-2\/#primaryimage"},"thumbnailUrl":"https:\/\/www.sonoraenequipo.com.mx\/storage\/2020\/06\/cpa220620.jpg","keywords":["covid","Gobernadora Claudia Pavlovich"],"articleSection":["Sonora"],"inLanguage":"es","potentialAction":[{"@type":"CommentAction","name":"Comment","target":["https:\/\/www.sonoraenequipo.com.mx\/88032-2\/#respond"]}]},{"@type":"WebPage","@id":"https:\/\/www.sonoraenequipo.com.mx\/88032-2\/","url":"https:\/\/www.sonoraenequipo.com.mx\/88032-2\/","name":"Sonora en Equipo. Gobernadora Pavlovich convoca a corresponsabilidad ciudadana ante altos contagios por Covid-19 Sonora","isPartOf":{"@id":"https:\/\/www.sonoraenequipo.com.mx\/#website"},"primaryImageOfPage":{"@id":"https:\/\/www.sonoraenequipo.com.mx\/88032-2\/#primaryimage"},"image":{"@id":"https:\/\/www.sonoraenequipo.com.mx\/88032-2\/#primaryimage"},"thumbnailUrl":"https:\/\/www.sonoraenequipo.com.mx\/storage\/2020\/06\/cpa220620.jpg","datePublished":"2020-06-23T03:18:33+00:00","dateModified":"2020-06-23T03:29:34+00:00","description":"&gt;&gt;Sonora se encuentra en riesgo de saturaci\u00f3n de hospitales, dice Hermosillo, Sonora, junio 22 de 2020. Con un crecimiento acelerado de contagios En Sonora en Equipo publicamos toda la informaci\u00f3n de Sonora, M\u00e9xico y el Mundo de manera oportuna y busca que la libertad de expresi\u00f3n sea real. Visita nuestro medio informativo publicado desde Hermosillo, Sonora. %","breadcrumb":{"@id":"https:\/\/www.sonoraenequipo.com.mx\/88032-2\/#breadcrumb"},"inLanguage":"es","potentialAction":[{"@type":"ReadAction","target":["https:\/\/www.sonoraenequipo.com.mx\/88032-2\/"]}]},{"@type":"ImageObject","inLanguage":"es","@id":"https:\/\/www.sonoraenequipo.com.mx\/88032-2\/#primaryimage","url":"https:\/\/www.sonoraenequipo.com.mx\/storage\/2020\/06\/cpa220620.jpg","contentUrl":"https:\/\/www.sonoraenequipo.com.mx\/storage\/2020\/06\/cpa220620.jpg","width":600,"height":400},{"@type":"BreadcrumbList","@id":"https:\/\/www.sonoraenequipo.com.mx\/88032-2\/#breadcrumb","itemListElement":[{"@type":"ListItem","position":1,"name":"Portada","item":"https:\/\/www.sonoraenequipo.com.mx\/"},{"@type":"ListItem","position":2,"name":"Gobernadora Pavlovich convoca a corresponsabilidad ciudadana ante altos contagios por Covid-19"}]},{"@type":"WebSite","@id":"https:\/\/www.sonoraenequipo.com.mx\/#website","url":"https:\/\/www.sonoraenequipo.com.mx\/","name":"Sonora en Equipo.","description":"Diario en l\u00ednea con Noticias desde Hermosillo, Sonora","publisher":{"@id":"https:\/\/www.sonoraenequipo.com.mx\/#organization"},"potentialAction":[{"@type":"SearchAction","target":{"@type":"EntryPoint","urlTemplate":"https:\/\/www.sonoraenequipo.com.mx\/?s={search_term_string}"},"query-input":{"@type":"PropertyValueSpecification","valueRequired":true,"valueName":"search_term_string"}}],"inLanguage":"es"},{"@type":"Organization","@id":"https:\/\/www.sonoraenequipo.com.mx\/#organization","name":"Sonoraenequipo.com.mx","url":"https:\/\/www.sonoraenequipo.com.mx\/","logo":{"@type":"ImageObject","inLanguage":"es","@id":"https:\/\/www.sonoraenequipo.com.mx\/#\/schema\/logo\/image\/","url":"https:\/\/www.sonoraenequipo.com.mx\/storage\/2019\/01\/sonoraenequipo_opt.png","contentUrl":"https:\/\/www.sonoraenequipo.com.mx\/storage\/2019\/01\/sonoraenequipo_opt.png","width":375,"height":125,"caption":"Sonoraenequipo.com.mx"},"image":{"@id":"https:\/\/www.sonoraenequipo.com.mx\/#\/schema\/logo\/image\/"},"sameAs":["https:\/\/www.facebook.com\/SonoraEE\/","https:\/\/x.com\/sonoraenequipo","https:\/\/www.youtube.com\/channel\/UC338nW-lPEYmJQs4ZABQ1SQ"]},{"@type":"Person","@id":"https:\/\/www.sonoraenequipo.com.mx\/#\/schema\/person\/50102df0fb23a8fa9e8effad8fa81386","name":"enequipo","image":{"@type":"ImageObject","inLanguage":"es","@id":"https:\/\/www.sonoraenequipo.com.mx\/#\/schema\/person\/image\/","url":"https:\/\/secure.gravatar.com\/avatar\/049821681b589dabc0bc20695993ccebb09f5b5d4d790cd9251b97faac7c652b?s=96&d=blank&r=g","contentUrl":"https:\/\/secure.gravatar.com\/avatar\/049821681b589dabc0bc20695993ccebb09f5b5d4d790cd9251b97faac7c652b?s=96&d=blank&r=g","caption":"enequipo"},"sameAs":["https:\/\/www.facebook.com\/SonoraEE"]}]}},"jetpack_featured_media_url":"https:\/\/www.sonoraenequipo.com.mx\/storage\/2020\/06\/cpa220620.jpg","_links":{"self":[{"href":"https:\/\/www.sonoraenequipo.com.mx\/api\/wp\/v2\/posts\/88032","targetHints":{"allow":["GET"]}}],"collection":[{"href":"https:\/\/www.sonoraenequipo.com.mx\/api\/wp\/v2\/posts"}],"about":[{"href":"https:\/\/www.sonoraenequipo.com.mx\/api\/wp\/v2\/types\/post"}],"author":[{"embeddable":true,"href":"https:\/\/www.sonoraenequipo.com.mx\/api\/wp\/v2\/users\/1"}],"replies":[{"embeddable":true,"href":"https:\/\/www.sonoraenequipo.com.mx\/api\/wp\/v2\/comments?post=88032"}],"version-history":[{"count":0,"href":"https:\/\/www.sonoraenequipo.com.mx\/api\/wp\/v2\/posts\/88032\/revisions"}],"wp:featuredmedia":[{"embeddable":true,"href":"https:\/\/www.sonoraenequipo.com.mx\/api\/wp\/v2\/media\/88033"}],"wp:attachment":[{"href":"https:\/\/www.sonoraenequipo.com.mx\/api\/wp\/v2\/media?parent=88032"}],"wp:term":[{"taxonomy":"category","embeddable":true,"href":"https:\/\/www.sonoraenequipo.com.mx\/api\/wp\/v2\/categories?post=88032"},{"taxonomy":"post_tag","embeddable":true,"href":"https:\/\/www.sonoraenequipo.com.mx\/api\/wp\/v2\/tags?post=88032"}],"curies":[{"name":"wp","href":"https:\/\/api.w.org\/{rel}","templated":true}]}}