{"id":88044,"date":"2020-06-22T23:00:32","date_gmt":"2020-06-23T06:00:32","guid":{"rendered":"https:\/\/www.sonoraenequipo.com.mx\/?p=88044"},"modified":"2020-06-22T23:00:32","modified_gmt":"2020-06-23T06:00:32","slug":"tiene-sonora-la-jornada-de-decesos-mas-alta-en-98-dias-de-pandemia-con-39","status":"publish","type":"post","link":"https:\/\/www.sonoraenequipo.com.mx\/tiene-sonora-la-jornada-de-decesos-mas-alta-en-98-dias-de-pandemia-con-39\/","title":{"rendered":"Tiene Sonora la Jornada de decesos m\u00e1s alta en 98 d\u00edas de pandemia con 39"},"content":{"rendered":"<p>Tiene Sonora la Jornada de decesos m\u00e1s alta en 98 d\u00edas de pandemia con 39<\/p>\n<p>&nbsp;<\/p>\n<h4>&gt;&gt;Debemos extremar medidas de confinamiento: Enrique Clausen<\/h4>\n<p>HERMOSILLO, SONORA,MX.\u2500 Sonora registr\u00f3 este d\u00eda 22 de junio la jornada de decesos m\u00e1s alta desde el inicio de la pandemia el 16 de marzo cuando se registro el primer caso\u00a0 en la entidad en Hermosillo, desde entonces a la fecha suman 98 d\u00edas, este lunes se presentaron adem\u00e1s 185 nuevos casos con los decesos suman 621 fallecimientos y con los nuevos casos se acumulan 6 mil 894 casos confirmados. <\/p>\n<p><img loading=\"lazy\" decoding=\"async\" class=\"size-medium  x-center\" src=\"https:\/\/www.sonoraenequipo.com.mx\/storage\/2020\/06\/decesos220620-600x320.jpg\" alt=\"\" width=\"600\" height=\"320\" \/><\/p>\n<p><img loading=\"lazy\" decoding=\"async\" class=\"size-medium  x-center\" src=\"https:\/\/www.sonoraenequipo.com.mx\/storage\/2020\/06\/casos2206220-600x324.jpg\" alt=\"\" width=\"600\" height=\"324\" \/><\/p>\n<p><img loading=\"lazy\" decoding=\"async\" class=\"size-medium  x-center\" src=\"https:\/\/www.sonoraenequipo.com.mx\/storage\/2020\/06\/tabla-220620-600x332.jpg\" alt=\"\" width=\"600\" height=\"332\" \/>Entre los casos de hoy se confirmaron tres mujeres embarazadas m\u00e1s\u00a0 Hermosillo, Nogales y Santa Ana con los cuales suman 60<\/p>\n<p>De igual forma 60 trabajadarores de la salud resultaron contagiados<\/p>\n<p>Hermosillo 27, Cajeme 12, Nogales 10, resto inaudible.<\/p>\n<p>Tras dar los datos el secretario de salud Enrique Clausen Iberri dijo que Sonora sigue en rojo\u00a0 y llam\u00f3 a extremar las medidas de confinamiento. Mucha gente anda en la calle, coment\u00f3, sin saber que puede traer covid y de igual forma andar contagiando. Debemos \u00a0de anticiparnos a lo que puede venir se\u00f1al\u00f3 por eso debemos cuidarnos nosotros mismos qued\u00e1ndonos en casa\u00a0 para evitar que se acaben las camas y ventiladores y mermar al personal de salud recomend\u00f3 hacer de cuenta que toda la gente que anda en la calle tiene covid y cuidarnos. Qu\u00e9date en casa insisti\u00f3.<\/p>\n<p>Fecha de Publicaci\u00f3n 22\/jun\/2020<\/p>\n","protected":false},"excerpt":{"rendered":"<p>Tiene Sonora la Jornada de decesos m\u00e1s alta en 98 d\u00edas de pandemia con 39&#8230;<\/p>\n","protected":false},"author":1,"featured_media":88046,"comment_status":"open","ping_status":"open","sticky":false,"template":"","format":"standard","meta":{"_monsterinsights_skip_tracking":false,"_monsterinsights_sitenote_active":false,"_monsterinsights_sitenote_note":"","_monsterinsights_sitenote_category":0,"footnotes":""},"categories":[22],"tags":[4249,3289],"class_list":["post"],"yoast_head":" \n<title>Sonora en Equipo. Tiene Sonora la Jornada de decesos m\u00e1s alta en 98 d\u00edas de pandemia con 39 Sonora<\/title>\n<meta name=\"description\" content=\"Tiene Sonora la Jornada de decesos m\u00e1s alta en 98 d\u00edas de pandemia con 39 &nbsp; &gt;&gt;Debemos extremar medidas de confinamiento: Enrique Clausen En Sonora en Equipo publicamos toda la informaci\u00f3n de Sonora, M\u00e9xico y el Mundo de manera oportuna y busca que la libertad de expresi\u00f3n sea real. Visita nuestro medio informativo publicado desde Hermosillo, Sonora. %\" \/>\n<meta name=\"robots\" content=\"index, follow, max-snippet:-1, max-image-preview:large, max-video-preview:-1\" \/>\n<link rel=\"canonical\" href=\"https:\/\/www.sonoraenequipo.com.mx\/tiene-sonora-la-jornada-de-decesos-mas-alta-en-98-dias-de-pandemia-con-39\/\" \/>\n<meta property=\"og:locale\" content=\"es_ES\" \/>\n<meta property=\"og:type\" content=\"article\" \/>\n<meta property=\"og:title\" content=\"Sonora en Equipo. Tiene Sonora la Jornada de decesos m\u00e1s alta en 98 d\u00edas de pandemia con 39 Sonora\" \/>\n<meta property=\"og:description\" content=\"Tiene Sonora la Jornada de decesos m\u00e1s alta en 98 d\u00edas de pandemia con 39 &nbsp; &gt;&gt;Debemos extremar medidas de confinamiento: Enrique Clausen En Sonora en Equipo publicamos toda la informaci\u00f3n de Sonora, M\u00e9xico y el Mundo de manera oportuna y busca que la libertad de expresi\u00f3n sea real. Visita nuestro medio informativo publicado desde Hermosillo, Sonora. %\" \/>\n<meta property=\"og:url\" content=\"https:\/\/www.sonoraenequipo.com.mx\/tiene-sonora-la-jornada-de-decesos-mas-alta-en-98-dias-de-pandemia-con-39\/\" \/>\n<meta property=\"og:site_name\" content=\"Sonora en Equipo.\" \/>\n<meta property=\"article:publisher\" content=\"https:\/\/www.facebook.com\/SonoraEE\/\" \/>\n<meta property=\"article:author\" content=\"https:\/\/www.facebook.com\/SonoraEE\" \/>\n<meta property=\"article:published_time\" content=\"2020-06-23T06:00:32+00:00\" \/>\n<meta property=\"og:image\" content=\"https:\/\/www.sonoraenequipo.com.mx\/storage\/2020\/06\/clausen17.jpg\" \/>\n\t<meta property=\"og:image:width\" content=\"600\" \/>\n\t<meta property=\"og:image:height\" content=\"400\" \/>\n\t<meta property=\"og:image:type\" content=\"image\/jpeg\" \/>\n<meta name=\"author\" content=\"enequipo\" \/>\n<meta name=\"twitter:card\" content=\"summary_large_image\" \/>\n<meta name=\"twitter:creator\" content=\"@sonoraenequipo\" \/>\n<meta name=\"twitter:site\" content=\"@sonoraenequipo\" \/>\n<meta name=\"twitter:label1\" content=\"Escrito por\" \/>\n\t<meta name=\"twitter:data1\" content=\"enequipo\" \/>\n\t<meta name=\"twitter:label2\" content=\"Tiempo de lectura\" \/>\n\t<meta name=\"twitter:data2\" content=\"1 minuto\" \/>\n<script type=\"application\/ld+json\" class=\"yoast-schema-graph\">{\"@context\":\"https:\/\/schema.org\",\"@graph\":[{\"@type\":\"Article\",\"@id\":\"https:\/\/www.sonoraenequipo.com.mx\/tiene-sonora-la-jornada-de-decesos-mas-alta-en-98-dias-de-pandemia-con-39\/#article\",\"isPartOf\":{\"@id\":\"https:\/\/www.sonoraenequipo.com.mx\/tiene-sonora-la-jornada-de-decesos-mas-alta-en-98-dias-de-pandemia-con-39\/\"},\"author\":{\"name\":\"enequipo\",\"@id\":\"https:\/\/www.sonoraenequipo.com.mx\/#\/schema\/person\/50102df0fb23a8fa9e8effad8fa81386\"},\"headline\":\"Tiene Sonora la Jornada de decesos m\u00e1s alta en 98 d\u00edas de pandemia con 39\",\"datePublished\":\"2020-06-23T06:00:32+00:00\",\"mainEntityOfPage\":{\"@id\":\"https:\/\/www.sonoraenequipo.com.mx\/tiene-sonora-la-jornada-de-decesos-mas-alta-en-98-dias-de-pandemia-con-39\/\"},\"wordCount\":249,\"commentCount\":0,\"publisher\":{\"@id\":\"https:\/\/www.sonoraenequipo.com.mx\/#organization\"},\"image\":{\"@id\":\"https:\/\/www.sonoraenequipo.com.mx\/tiene-sonora-la-jornada-de-decesos-mas-alta-en-98-dias-de-pandemia-con-39\/#primaryimage\"},\"thumbnailUrl\":\"https:\/\/www.sonoraenequipo.com.mx\/storage\/2020\/06\/clausen17.jpg\",\"keywords\":[\"covid\",\"ENRIQUE CLAUSEN\"],\"articleSection\":[\"Sonora\"],\"inLanguage\":\"es\",\"potentialAction\":[{\"@type\":\"CommentAction\",\"name\":\"Comment\",\"target\":[\"https:\/\/www.sonoraenequipo.com.mx\/tiene-sonora-la-jornada-de-decesos-mas-alta-en-98-dias-de-pandemia-con-39\/#respond\"]}]},{\"@type\":\"WebPage\",\"@id\":\"https:\/\/www.sonoraenequipo.com.mx\/tiene-sonora-la-jornada-de-decesos-mas-alta-en-98-dias-de-pandemia-con-39\/\",\"url\":\"https:\/\/www.sonoraenequipo.com.mx\/tiene-sonora-la-jornada-de-decesos-mas-alta-en-98-dias-de-pandemia-con-39\/\",\"name\":\"Sonora en Equipo. Tiene Sonora la Jornada de decesos m\u00e1s alta en 98 d\u00edas de pandemia con 39 Sonora\",\"isPartOf\":{\"@id\":\"https:\/\/www.sonoraenequipo.com.mx\/#website\"},\"primaryImageOfPage\":{\"@id\":\"https:\/\/www.sonoraenequipo.com.mx\/tiene-sonora-la-jornada-de-decesos-mas-alta-en-98-dias-de-pandemia-con-39\/#primaryimage\"},\"image\":{\"@id\":\"https:\/\/www.sonoraenequipo.com.mx\/tiene-sonora-la-jornada-de-decesos-mas-alta-en-98-dias-de-pandemia-con-39\/#primaryimage\"},\"thumbnailUrl\":\"https:\/\/www.sonoraenequipo.com.mx\/storage\/2020\/06\/clausen17.jpg\",\"datePublished\":\"2020-06-23T06:00:32+00:00\",\"description\":\"Tiene Sonora la Jornada de decesos m\u00e1s alta en 98 d\u00edas de pandemia con 39 &nbsp; &gt;&gt;Debemos extremar medidas de confinamiento: Enrique Clausen En Sonora en Equipo publicamos toda la informaci\u00f3n de Sonora, M\u00e9xico y el Mundo de manera oportuna y busca que la libertad de expresi\u00f3n sea real. Visita nuestro medio informativo publicado desde Hermosillo, Sonora. %\",\"breadcrumb\":{\"@id\":\"https:\/\/www.sonoraenequipo.com.mx\/tiene-sonora-la-jornada-de-decesos-mas-alta-en-98-dias-de-pandemia-con-39\/#breadcrumb\"},\"inLanguage\":\"es\",\"potentialAction\":[{\"@type\":\"ReadAction\",\"target\":[\"https:\/\/www.sonoraenequipo.com.mx\/tiene-sonora-la-jornada-de-decesos-mas-alta-en-98-dias-de-pandemia-con-39\/\"]}]},{\"@type\":\"ImageObject\",\"inLanguage\":\"es\",\"@id\":\"https:\/\/www.sonoraenequipo.com.mx\/tiene-sonora-la-jornada-de-decesos-mas-alta-en-98-dias-de-pandemia-con-39\/#primaryimage\",\"url\":\"https:\/\/www.sonoraenequipo.com.mx\/storage\/2020\/06\/clausen17.jpg\",\"contentUrl\":\"https:\/\/www.sonoraenequipo.com.mx\/storage\/2020\/06\/clausen17.jpg\",\"width\":600,\"height\":400},{\"@type\":\"BreadcrumbList\",\"@id\":\"https:\/\/www.sonoraenequipo.com.mx\/tiene-sonora-la-jornada-de-decesos-mas-alta-en-98-dias-de-pandemia-con-39\/#breadcrumb\",\"itemListElement\":[{\"@type\":\"ListItem\",\"position\":1,\"name\":\"Portada\",\"item\":\"https:\/\/www.sonoraenequipo.com.mx\/\"},{\"@type\":\"ListItem\",\"position\":2,\"name\":\"Tiene Sonora la Jornada de decesos m\u00e1s alta en 98 d\u00edas de pandemia con 39\"}]},{\"@type\":\"WebSite\",\"@id\":\"https:\/\/www.sonoraenequipo.com.mx\/#website\",\"url\":\"https:\/\/www.sonoraenequipo.com.mx\/\",\"name\":\"Sonora en Equipo.\",\"description\":\"Diario en l\u00ednea con Noticias desde Hermosillo, Sonora\",\"publisher\":{\"@id\":\"https:\/\/www.sonoraenequipo.com.mx\/#organization\"},\"potentialAction\":[{\"@type\":\"SearchAction\",\"target\":{\"@type\":\"EntryPoint\",\"urlTemplate\":\"https:\/\/www.sonoraenequipo.com.mx\/?s={search_term_string}\"},\"query-input\":{\"@type\":\"PropertyValueSpecification\",\"valueRequired\":true,\"valueName\":\"search_term_string\"}}],\"inLanguage\":\"es\"},{\"@type\":\"Organization\",\"@id\":\"https:\/\/www.sonoraenequipo.com.mx\/#organization\",\"name\":\"Sonoraenequipo.com.mx\",\"url\":\"https:\/\/www.sonoraenequipo.com.mx\/\",\"logo\":{\"@type\":\"ImageObject\",\"inLanguage\":\"es\",\"@id\":\"https:\/\/www.sonoraenequipo.com.mx\/#\/schema\/logo\/image\/\",\"url\":\"https:\/\/www.sonoraenequipo.com.mx\/storage\/2019\/01\/sonoraenequipo_opt.png\",\"contentUrl\":\"https:\/\/www.sonoraenequipo.com.mx\/storage\/2019\/01\/sonoraenequipo_opt.png\",\"width\":375,\"height\":125,\"caption\":\"Sonoraenequipo.com.mx\"},\"image\":{\"@id\":\"https:\/\/www.sonoraenequipo.com.mx\/#\/schema\/logo\/image\/\"},\"sameAs\":[\"https:\/\/www.facebook.com\/SonoraEE\/\",\"https:\/\/x.com\/sonoraenequipo\",\"https:\/\/www.youtube.com\/channel\/UC338nW-lPEYmJQs4ZABQ1SQ\"]},{\"@type\":\"Person\",\"@id\":\"https:\/\/www.sonoraenequipo.com.mx\/#\/schema\/person\/50102df0fb23a8fa9e8effad8fa81386\",\"name\":\"enequipo\",\"image\":{\"@type\":\"ImageObject\",\"inLanguage\":\"es\",\"@id\":\"https:\/\/www.sonoraenequipo.com.mx\/#\/schema\/person\/image\/\",\"url\":\"https:\/\/secure.gravatar.com\/avatar\/049821681b589dabc0bc20695993ccebb09f5b5d4d790cd9251b97faac7c652b?s=96&d=blank&r=g\",\"contentUrl\":\"https:\/\/secure.gravatar.com\/avatar\/049821681b589dabc0bc20695993ccebb09f5b5d4d790cd9251b97faac7c652b?s=96&d=blank&r=g\",\"caption\":\"enequipo\"},\"sameAs\":[\"https:\/\/www.facebook.com\/SonoraEE\"]}]}<\/script>\n ","yoast_head_json":{"title":"Sonora en Equipo. Tiene Sonora la Jornada de decesos m\u00e1s alta en 98 d\u00edas de pandemia con 39 Sonora","description":"Tiene Sonora la Jornada de decesos m\u00e1s alta en 98 d\u00edas de pandemia con 39 &nbsp; &gt;&gt;Debemos extremar medidas de confinamiento: Enrique Clausen En Sonora en Equipo publicamos toda la informaci\u00f3n de Sonora, M\u00e9xico y el Mundo de manera oportuna y busca que la libertad de expresi\u00f3n sea real. Visita nuestro medio informativo publicado desde Hermosillo, Sonora. %","robots":{"index":"index","follow":"follow","max-snippet":"max-snippet:-1","max-image-preview":"max-image-preview:large","max-video-preview":"max-video-preview:-1"},"canonical":"https:\/\/www.sonoraenequipo.com.mx\/tiene-sonora-la-jornada-de-decesos-mas-alta-en-98-dias-de-pandemia-con-39\/","og_locale":"es_ES","og_type":"article","og_title":"Sonora en Equipo. Tiene Sonora la Jornada de decesos m\u00e1s alta en 98 d\u00edas de pandemia con 39 Sonora","og_description":"Tiene Sonora la Jornada de decesos m\u00e1s alta en 98 d\u00edas de pandemia con 39 &nbsp; &gt;&gt;Debemos extremar medidas de confinamiento: Enrique Clausen En Sonora en Equipo publicamos toda la informaci\u00f3n de Sonora, M\u00e9xico y el Mundo de manera oportuna y busca que la libertad de expresi\u00f3n sea real. Visita nuestro medio informativo publicado desde Hermosillo, Sonora. %","og_url":"https:\/\/www.sonoraenequipo.com.mx\/tiene-sonora-la-jornada-de-decesos-mas-alta-en-98-dias-de-pandemia-con-39\/","og_site_name":"Sonora en Equipo.","article_publisher":"https:\/\/www.facebook.com\/SonoraEE\/","article_author":"https:\/\/www.facebook.com\/SonoraEE","article_published_time":"2020-06-23T06:00:32+00:00","og_image":[{"width":600,"height":400,"url":"https:\/\/www.sonoraenequipo.com.mx\/storage\/2020\/06\/clausen17.jpg","type":"image\/jpeg"}],"author":"enequipo","twitter_card":"summary_large_image","twitter_creator":"@sonoraenequipo","twitter_site":"@sonoraenequipo","twitter_misc":{"Escrito por":"enequipo","Tiempo de lectura":"1 minuto"},"schema":{"@context":"https:\/\/schema.org","@graph":[{"@type":"Article","@id":"https:\/\/www.sonoraenequipo.com.mx\/tiene-sonora-la-jornada-de-decesos-mas-alta-en-98-dias-de-pandemia-con-39\/#article","isPartOf":{"@id":"https:\/\/www.sonoraenequipo.com.mx\/tiene-sonora-la-jornada-de-decesos-mas-alta-en-98-dias-de-pandemia-con-39\/"},"author":{"name":"enequipo","@id":"https:\/\/www.sonoraenequipo.com.mx\/#\/schema\/person\/50102df0fb23a8fa9e8effad8fa81386"},"headline":"Tiene Sonora la Jornada de decesos m\u00e1s alta en 98 d\u00edas de pandemia con 39","datePublished":"2020-06-23T06:00:32+00:00","mainEntityOfPage":{"@id":"https:\/\/www.sonoraenequipo.com.mx\/tiene-sonora-la-jornada-de-decesos-mas-alta-en-98-dias-de-pandemia-con-39\/"},"wordCount":249,"commentCount":0,"publisher":{"@id":"https:\/\/www.sonoraenequipo.com.mx\/#organization"},"image":{"@id":"https:\/\/www.sonoraenequipo.com.mx\/tiene-sonora-la-jornada-de-decesos-mas-alta-en-98-dias-de-pandemia-con-39\/#primaryimage"},"thumbnailUrl":"https:\/\/www.sonoraenequipo.com.mx\/storage\/2020\/06\/clausen17.jpg","keywords":["covid","ENRIQUE CLAUSEN"],"articleSection":["Sonora"],"inLanguage":"es","potentialAction":[{"@type":"CommentAction","name":"Comment","target":["https:\/\/www.sonoraenequipo.com.mx\/tiene-sonora-la-jornada-de-decesos-mas-alta-en-98-dias-de-pandemia-con-39\/#respond"]}]},{"@type":"WebPage","@id":"https:\/\/www.sonoraenequipo.com.mx\/tiene-sonora-la-jornada-de-decesos-mas-alta-en-98-dias-de-pandemia-con-39\/","url":"https:\/\/www.sonoraenequipo.com.mx\/tiene-sonora-la-jornada-de-decesos-mas-alta-en-98-dias-de-pandemia-con-39\/","name":"Sonora en Equipo. Tiene Sonora la Jornada de decesos m\u00e1s alta en 98 d\u00edas de pandemia con 39 Sonora","isPartOf":{"@id":"https:\/\/www.sonoraenequipo.com.mx\/#website"},"primaryImageOfPage":{"@id":"https:\/\/www.sonoraenequipo.com.mx\/tiene-sonora-la-jornada-de-decesos-mas-alta-en-98-dias-de-pandemia-con-39\/#primaryimage"},"image":{"@id":"https:\/\/www.sonoraenequipo.com.mx\/tiene-sonora-la-jornada-de-decesos-mas-alta-en-98-dias-de-pandemia-con-39\/#primaryimage"},"thumbnailUrl":"https:\/\/www.sonoraenequipo.com.mx\/storage\/2020\/06\/clausen17.jpg","datePublished":"2020-06-23T06:00:32+00:00","description":"Tiene Sonora la Jornada de decesos m\u00e1s alta en 98 d\u00edas de pandemia con 39 &nbsp; &gt;&gt;Debemos extremar medidas de confinamiento: Enrique Clausen En Sonora en Equipo publicamos toda la informaci\u00f3n de Sonora, M\u00e9xico y el Mundo de manera oportuna y busca que la libertad de expresi\u00f3n sea real. Visita nuestro medio informativo publicado desde Hermosillo, Sonora. %","breadcrumb":{"@id":"https:\/\/www.sonoraenequipo.com.mx\/tiene-sonora-la-jornada-de-decesos-mas-alta-en-98-dias-de-pandemia-con-39\/#breadcrumb"},"inLanguage":"es","potentialAction":[{"@type":"ReadAction","target":["https:\/\/www.sonoraenequipo.com.mx\/tiene-sonora-la-jornada-de-decesos-mas-alta-en-98-dias-de-pandemia-con-39\/"]}]},{"@type":"ImageObject","inLanguage":"es","@id":"https:\/\/www.sonoraenequipo.com.mx\/tiene-sonora-la-jornada-de-decesos-mas-alta-en-98-dias-de-pandemia-con-39\/#primaryimage","url":"https:\/\/www.sonoraenequipo.com.mx\/storage\/2020\/06\/clausen17.jpg","contentUrl":"https:\/\/www.sonoraenequipo.com.mx\/storage\/2020\/06\/clausen17.jpg","width":600,"height":400},{"@type":"BreadcrumbList","@id":"https:\/\/www.sonoraenequipo.com.mx\/tiene-sonora-la-jornada-de-decesos-mas-alta-en-98-dias-de-pandemia-con-39\/#breadcrumb","itemListElement":[{"@type":"ListItem","position":1,"name":"Portada","item":"https:\/\/www.sonoraenequipo.com.mx\/"},{"@type":"ListItem","position":2,"name":"Tiene Sonora la Jornada de decesos m\u00e1s alta en 98 d\u00edas de pandemia con 39"}]},{"@type":"WebSite","@id":"https:\/\/www.sonoraenequipo.com.mx\/#website","url":"https:\/\/www.sonoraenequipo.com.mx\/","name":"Sonora en Equipo.","description":"Diario en l\u00ednea con Noticias desde Hermosillo, Sonora","publisher":{"@id":"https:\/\/www.sonoraenequipo.com.mx\/#organization"},"potentialAction":[{"@type":"SearchAction","target":{"@type":"EntryPoint","urlTemplate":"https:\/\/www.sonoraenequipo.com.mx\/?s={search_term_string}"},"query-input":{"@type":"PropertyValueSpecification","valueRequired":true,"valueName":"search_term_string"}}],"inLanguage":"es"},{"@type":"Organization","@id":"https:\/\/www.sonoraenequipo.com.mx\/#organization","name":"Sonoraenequipo.com.mx","url":"https:\/\/www.sonoraenequipo.com.mx\/","logo":{"@type":"ImageObject","inLanguage":"es","@id":"https:\/\/www.sonoraenequipo.com.mx\/#\/schema\/logo\/image\/","url":"https:\/\/www.sonoraenequipo.com.mx\/storage\/2019\/01\/sonoraenequipo_opt.png","contentUrl":"https:\/\/www.sonoraenequipo.com.mx\/storage\/2019\/01\/sonoraenequipo_opt.png","width":375,"height":125,"caption":"Sonoraenequipo.com.mx"},"image":{"@id":"https:\/\/www.sonoraenequipo.com.mx\/#\/schema\/logo\/image\/"},"sameAs":["https:\/\/www.facebook.com\/SonoraEE\/","https:\/\/x.com\/sonoraenequipo","https:\/\/www.youtube.com\/channel\/UC338nW-lPEYmJQs4ZABQ1SQ"]},{"@type":"Person","@id":"https:\/\/www.sonoraenequipo.com.mx\/#\/schema\/person\/50102df0fb23a8fa9e8effad8fa81386","name":"enequipo","image":{"@type":"ImageObject","inLanguage":"es","@id":"https:\/\/www.sonoraenequipo.com.mx\/#\/schema\/person\/image\/","url":"https:\/\/secure.gravatar.com\/avatar\/049821681b589dabc0bc20695993ccebb09f5b5d4d790cd9251b97faac7c652b?s=96&d=blank&r=g","contentUrl":"https:\/\/secure.gravatar.com\/avatar\/049821681b589dabc0bc20695993ccebb09f5b5d4d790cd9251b97faac7c652b?s=96&d=blank&r=g","caption":"enequipo"},"sameAs":["https:\/\/www.facebook.com\/SonoraEE"]}]}},"jetpack_featured_media_url":"https:\/\/www.sonoraenequipo.com.mx\/storage\/2020\/06\/clausen17.jpg","_links":{"self":[{"href":"https:\/\/www.sonoraenequipo.com.mx\/api\/wp\/v2\/posts\/88044","targetHints":{"allow":["GET"]}}],"collection":[{"href":"https:\/\/www.sonoraenequipo.com.mx\/api\/wp\/v2\/posts"}],"about":[{"href":"https:\/\/www.sonoraenequipo.com.mx\/api\/wp\/v2\/types\/post"}],"author":[{"embeddable":true,"href":"https:\/\/www.sonoraenequipo.com.mx\/api\/wp\/v2\/users\/1"}],"replies":[{"embeddable":true,"href":"https:\/\/www.sonoraenequipo.com.mx\/api\/wp\/v2\/comments?post=88044"}],"version-history":[{"count":0,"href":"https:\/\/www.sonoraenequipo.com.mx\/api\/wp\/v2\/posts\/88044\/revisions"}],"wp:featuredmedia":[{"embeddable":true,"href":"https:\/\/www.sonoraenequipo.com.mx\/api\/wp\/v2\/media\/88046"}],"wp:attachment":[{"href":"https:\/\/www.sonoraenequipo.com.mx\/api\/wp\/v2\/media?parent=88044"}],"wp:term":[{"taxonomy":"category","embeddable":true,"href":"https:\/\/www.sonoraenequipo.com.mx\/api\/wp\/v2\/categories?post=88044"},{"taxonomy":"post_tag","embeddable":true,"href":"https:\/\/www.sonoraenequipo.com.mx\/api\/wp\/v2\/tags?post=88044"}],"curies":[{"name":"wp","href":"https:\/\/api.w.org\/{rel}","templated":true}]}}