{"id":88098,"date":"2020-06-23T22:45:00","date_gmt":"2020-06-24T05:45:00","guid":{"rendered":"https:\/\/www.sonoraenequipo.com.mx\/?p=88098"},"modified":"2020-06-24T10:07:11","modified_gmt":"2020-06-24T17:07:11","slug":"rodolfo-lizarraga-pide-a-diputados-apoyar-propuesta-para-reducir-el-numero-de-regidores-en-sonora","status":"publish","type":"post","link":"https:\/\/www.sonoraenequipo.com.mx\/rodolfo-lizarraga-pide-a-diputados-apoyar-propuesta-para-reducir-el-numero-de-regidores-en-sonora\/","title":{"rendered":"Rodolfo Liz\u00e1rraga pide a diputados apoyar propuesta para reducir el n\u00famero de regidores en Sonora."},"content":{"rendered":"<p>HERMOSILLO, SONORA. MX. \u2014 El diputado Rodolfo Liz\u00e1rraga Arellano celebr\u00f3 la propuesta del presidente Andr\u00e9s Manuel L\u00f3pez Obrador para reducir el n\u00famero de regidores en los ayuntamientos del pa\u00eds.<\/p>\n<p> <\/p>\n<p>Luego que, en rueda de prensa el presidente sugiriera est\u00e1 reducci\u00f3n, el legislador por el Partido del Trabajo, coment\u00f3 que est\u00e1 misma propuesta la present\u00f3 ante el Congreso del Estado el 28 de junio del 2019, por lo que espera que pueda ser apoyada para su aprobaci\u00f3n por las diferentes fuerzas pol\u00edticas.<\/p>\n<p>La iniciativa que se encuentra en la Comisi\u00f3n de Gobernaci\u00f3n y Puntos Constitucionales, es para reformar el art\u00edculo 30 de la Ley de Gobierno y Administraci\u00f3n Municipal, con la intenci\u00f3n de reducir de 970 regidores propietarios y suplentes, hasta 544 sin contar los \u00e9tnicos.<\/p>\n<p>Liz\u00e1rraga coincidi\u00f3 con L\u00f3pez Obrador, en que son un aparato burocr\u00e1tico oneroso, adem\u00e1s que este tipo de gastos de los gobiernos locales ha generado el fen\u00f3meno de \u2018los moches\u2019.<\/p>\n<p>Por lo que de llegar a aprobarse esta reforma dijo, generar\u00e1 grandes ahorros para los ayuntamientos, dinero que puede ser utilizado en beneficio de la sociedad y sobre todo de los que m\u00e1s lo necesitan.<\/p>\n<p>El diputado por el Distrito XIII, mencion\u00f3 que actualmente el ciudadano se\u00f1ala que existe un exceso de servidores p\u00fablicos y de burocracia, y exige cambios para que se cuiden los recursos p\u00fablicos, por lo que dijo, es el momento justo para darle resultados a la ciudadan\u00eda.<\/p>\n<p>(PUBLICADO EL 23\/06\/2020)<\/p>\n","protected":false},"excerpt":{"rendered":"<p>HERMOSILLO, SONORA. MX. \u2014 El diputado Rodolfo Liz\u00e1rraga Arellano celebr\u00f3 la propuesta del presidente Andr\u00e9s&#8230;<\/p>\n","protected":false},"author":1,"featured_media":88112,"comment_status":"open","ping_status":"open","sticky":false,"template":"","format":"standard","meta":{"_monsterinsights_skip_tracking":false,"_monsterinsights_sitenote_active":false,"_monsterinsights_sitenote_note":"","_monsterinsights_sitenote_category":0,"footnotes":""},"categories":[3281],"tags":[],"class_list":["post"],"yoast_head":" \n<title>Sonora en Equipo. Rodolfo Liz\u00e1rraga pide a diputados apoyar propuesta para reducir el n\u00famero de regidores en Sonora.<\/title>\n<meta name=\"description\" content=\"HERMOSILLO, SONORA. MX. \u2014 El diputado Rodolfo Liz\u00e1rraga Arellano celebr\u00f3 la propuesta del presidente Andr\u00e9s Manuel L\u00f3pez Obrador para reducir el n\u00famero de En Sonora en Equipo publicamos toda la informaci\u00f3n de Sonora, M\u00e9xico y el Mundo de manera oportuna y busca que la libertad de expresi\u00f3n sea real. Visita nuestro medio informativo publicado desde Hermosillo, Sonora. %\" \/>\n<meta name=\"robots\" content=\"index, follow, max-snippet:-1, max-image-preview:large, max-video-preview:-1\" \/>\n<link rel=\"canonical\" href=\"https:\/\/www.sonoraenequipo.com.mx\/rodolfo-lizarraga-pide-a-diputados-apoyar-propuesta-para-reducir-el-numero-de-regidores-en-sonora\/\" \/>\n<meta property=\"og:locale\" content=\"es_ES\" \/>\n<meta property=\"og:type\" content=\"article\" \/>\n<meta property=\"og:title\" content=\"Sonora en Equipo. Rodolfo Liz\u00e1rraga pide a diputados apoyar propuesta para reducir el n\u00famero de regidores en Sonora.\" \/>\n<meta property=\"og:description\" content=\"HERMOSILLO, SONORA. MX. \u2014 El diputado Rodolfo Liz\u00e1rraga Arellano celebr\u00f3 la propuesta del presidente Andr\u00e9s Manuel L\u00f3pez Obrador para reducir el n\u00famero de En Sonora en Equipo publicamos toda la informaci\u00f3n de Sonora, M\u00e9xico y el Mundo de manera oportuna y busca que la libertad de expresi\u00f3n sea real. Visita nuestro medio informativo publicado desde Hermosillo, Sonora. %\" \/>\n<meta property=\"og:url\" content=\"https:\/\/www.sonoraenequipo.com.mx\/rodolfo-lizarraga-pide-a-diputados-apoyar-propuesta-para-reducir-el-numero-de-regidores-en-sonora\/\" \/>\n<meta property=\"og:site_name\" content=\"Sonora en Equipo.\" \/>\n<meta property=\"article:publisher\" content=\"https:\/\/www.facebook.com\/SonoraEE\/\" \/>\n<meta property=\"article:author\" content=\"https:\/\/www.facebook.com\/SonoraEE\" \/>\n<meta property=\"article:published_time\" content=\"2020-06-24T05:45:00+00:00\" \/>\n<meta property=\"article:modified_time\" content=\"2020-06-24T17:07:11+00:00\" \/>\n<meta property=\"og:image\" content=\"https:\/\/www.sonoraenequipo.com.mx\/storage\/2020\/06\/Dip_opt5.jpg\" \/>\n\t<meta property=\"og:image:width\" content=\"600\" \/>\n\t<meta property=\"og:image:height\" content=\"400\" \/>\n\t<meta property=\"og:image:type\" content=\"image\/jpeg\" \/>\n<meta name=\"author\" content=\"enequipo\" \/>\n<meta name=\"twitter:card\" content=\"summary_large_image\" \/>\n<meta name=\"twitter:creator\" content=\"@sonoraenequipo\" \/>\n<meta name=\"twitter:site\" content=\"@sonoraenequipo\" \/>\n<meta name=\"twitter:label1\" content=\"Escrito por\" \/>\n\t<meta name=\"twitter:data1\" content=\"enequipo\" \/>\n\t<meta name=\"twitter:label2\" content=\"Tiempo de lectura\" \/>\n\t<meta name=\"twitter:data2\" content=\"1 minuto\" \/>\n<script type=\"application\/ld+json\" class=\"yoast-schema-graph\">{\"@context\":\"https:\/\/schema.org\",\"@graph\":[{\"@type\":\"Article\",\"@id\":\"https:\/\/www.sonoraenequipo.com.mx\/rodolfo-lizarraga-pide-a-diputados-apoyar-propuesta-para-reducir-el-numero-de-regidores-en-sonora\/#article\",\"isPartOf\":{\"@id\":\"https:\/\/www.sonoraenequipo.com.mx\/rodolfo-lizarraga-pide-a-diputados-apoyar-propuesta-para-reducir-el-numero-de-regidores-en-sonora\/\"},\"author\":{\"name\":\"enequipo\",\"@id\":\"https:\/\/www.sonoraenequipo.com.mx\/#\/schema\/person\/50102df0fb23a8fa9e8effad8fa81386\"},\"headline\":\"Rodolfo Liz\u00e1rraga pide a diputados apoyar propuesta para reducir el n\u00famero de regidores en Sonora.\",\"datePublished\":\"2020-06-24T05:45:00+00:00\",\"dateModified\":\"2020-06-24T17:07:11+00:00\",\"mainEntityOfPage\":{\"@id\":\"https:\/\/www.sonoraenequipo.com.mx\/rodolfo-lizarraga-pide-a-diputados-apoyar-propuesta-para-reducir-el-numero-de-regidores-en-sonora\/\"},\"wordCount\":271,\"commentCount\":0,\"publisher\":{\"@id\":\"https:\/\/www.sonoraenequipo.com.mx\/#organization\"},\"image\":{\"@id\":\"https:\/\/www.sonoraenequipo.com.mx\/rodolfo-lizarraga-pide-a-diputados-apoyar-propuesta-para-reducir-el-numero-de-regidores-en-sonora\/#primaryimage\"},\"thumbnailUrl\":\"https:\/\/www.sonoraenequipo.com.mx\/storage\/2020\/06\/Dip_opt5.jpg\",\"articleSection\":[\"Congreso\"],\"inLanguage\":\"es\",\"potentialAction\":[{\"@type\":\"CommentAction\",\"name\":\"Comment\",\"target\":[\"https:\/\/www.sonoraenequipo.com.mx\/rodolfo-lizarraga-pide-a-diputados-apoyar-propuesta-para-reducir-el-numero-de-regidores-en-sonora\/#respond\"]}]},{\"@type\":\"WebPage\",\"@id\":\"https:\/\/www.sonoraenequipo.com.mx\/rodolfo-lizarraga-pide-a-diputados-apoyar-propuesta-para-reducir-el-numero-de-regidores-en-sonora\/\",\"url\":\"https:\/\/www.sonoraenequipo.com.mx\/rodolfo-lizarraga-pide-a-diputados-apoyar-propuesta-para-reducir-el-numero-de-regidores-en-sonora\/\",\"name\":\"Sonora en Equipo. Rodolfo Liz\u00e1rraga pide a diputados apoyar propuesta para reducir el n\u00famero de regidores en Sonora.\",\"isPartOf\":{\"@id\":\"https:\/\/www.sonoraenequipo.com.mx\/#website\"},\"primaryImageOfPage\":{\"@id\":\"https:\/\/www.sonoraenequipo.com.mx\/rodolfo-lizarraga-pide-a-diputados-apoyar-propuesta-para-reducir-el-numero-de-regidores-en-sonora\/#primaryimage\"},\"image\":{\"@id\":\"https:\/\/www.sonoraenequipo.com.mx\/rodolfo-lizarraga-pide-a-diputados-apoyar-propuesta-para-reducir-el-numero-de-regidores-en-sonora\/#primaryimage\"},\"thumbnailUrl\":\"https:\/\/www.sonoraenequipo.com.mx\/storage\/2020\/06\/Dip_opt5.jpg\",\"datePublished\":\"2020-06-24T05:45:00+00:00\",\"dateModified\":\"2020-06-24T17:07:11+00:00\",\"description\":\"HERMOSILLO, SONORA. MX. \u2014 El diputado Rodolfo Liz\u00e1rraga Arellano celebr\u00f3 la propuesta del presidente Andr\u00e9s Manuel L\u00f3pez Obrador para reducir el n\u00famero de En Sonora en Equipo publicamos toda la informaci\u00f3n de Sonora, M\u00e9xico y el Mundo de manera oportuna y busca que la libertad de expresi\u00f3n sea real. Visita nuestro medio informativo publicado desde Hermosillo, Sonora. %\",\"breadcrumb\":{\"@id\":\"https:\/\/www.sonoraenequipo.com.mx\/rodolfo-lizarraga-pide-a-diputados-apoyar-propuesta-para-reducir-el-numero-de-regidores-en-sonora\/#breadcrumb\"},\"inLanguage\":\"es\",\"potentialAction\":[{\"@type\":\"ReadAction\",\"target\":[\"https:\/\/www.sonoraenequipo.com.mx\/rodolfo-lizarraga-pide-a-diputados-apoyar-propuesta-para-reducir-el-numero-de-regidores-en-sonora\/\"]}]},{\"@type\":\"ImageObject\",\"inLanguage\":\"es\",\"@id\":\"https:\/\/www.sonoraenequipo.com.mx\/rodolfo-lizarraga-pide-a-diputados-apoyar-propuesta-para-reducir-el-numero-de-regidores-en-sonora\/#primaryimage\",\"url\":\"https:\/\/www.sonoraenequipo.com.mx\/storage\/2020\/06\/Dip_opt5.jpg\",\"contentUrl\":\"https:\/\/www.sonoraenequipo.com.mx\/storage\/2020\/06\/Dip_opt5.jpg\",\"width\":600,\"height\":400},{\"@type\":\"BreadcrumbList\",\"@id\":\"https:\/\/www.sonoraenequipo.com.mx\/rodolfo-lizarraga-pide-a-diputados-apoyar-propuesta-para-reducir-el-numero-de-regidores-en-sonora\/#breadcrumb\",\"itemListElement\":[{\"@type\":\"ListItem\",\"position\":1,\"name\":\"Portada\",\"item\":\"https:\/\/www.sonoraenequipo.com.mx\/\"},{\"@type\":\"ListItem\",\"position\":2,\"name\":\"Rodolfo Liz\u00e1rraga pide a diputados apoyar propuesta para reducir el n\u00famero de regidores en Sonora.\"}]},{\"@type\":\"WebSite\",\"@id\":\"https:\/\/www.sonoraenequipo.com.mx\/#website\",\"url\":\"https:\/\/www.sonoraenequipo.com.mx\/\",\"name\":\"Sonora en Equipo.\",\"description\":\"Diario en l\u00ednea con Noticias desde Hermosillo, Sonora\",\"publisher\":{\"@id\":\"https:\/\/www.sonoraenequipo.com.mx\/#organization\"},\"potentialAction\":[{\"@type\":\"SearchAction\",\"target\":{\"@type\":\"EntryPoint\",\"urlTemplate\":\"https:\/\/www.sonoraenequipo.com.mx\/?s={search_term_string}\"},\"query-input\":{\"@type\":\"PropertyValueSpecification\",\"valueRequired\":true,\"valueName\":\"search_term_string\"}}],\"inLanguage\":\"es\"},{\"@type\":\"Organization\",\"@id\":\"https:\/\/www.sonoraenequipo.com.mx\/#organization\",\"name\":\"Sonoraenequipo.com.mx\",\"url\":\"https:\/\/www.sonoraenequipo.com.mx\/\",\"logo\":{\"@type\":\"ImageObject\",\"inLanguage\":\"es\",\"@id\":\"https:\/\/www.sonoraenequipo.com.mx\/#\/schema\/logo\/image\/\",\"url\":\"https:\/\/www.sonoraenequipo.com.mx\/storage\/2019\/01\/sonoraenequipo_opt.png\",\"contentUrl\":\"https:\/\/www.sonoraenequipo.com.mx\/storage\/2019\/01\/sonoraenequipo_opt.png\",\"width\":375,\"height\":125,\"caption\":\"Sonoraenequipo.com.mx\"},\"image\":{\"@id\":\"https:\/\/www.sonoraenequipo.com.mx\/#\/schema\/logo\/image\/\"},\"sameAs\":[\"https:\/\/www.facebook.com\/SonoraEE\/\",\"https:\/\/x.com\/sonoraenequipo\",\"https:\/\/www.youtube.com\/channel\/UC338nW-lPEYmJQs4ZABQ1SQ\"]},{\"@type\":\"Person\",\"@id\":\"https:\/\/www.sonoraenequipo.com.mx\/#\/schema\/person\/50102df0fb23a8fa9e8effad8fa81386\",\"name\":\"enequipo\",\"image\":{\"@type\":\"ImageObject\",\"inLanguage\":\"es\",\"@id\":\"https:\/\/www.sonoraenequipo.com.mx\/#\/schema\/person\/image\/\",\"url\":\"https:\/\/secure.gravatar.com\/avatar\/049821681b589dabc0bc20695993ccebb09f5b5d4d790cd9251b97faac7c652b?s=96&d=blank&r=g\",\"contentUrl\":\"https:\/\/secure.gravatar.com\/avatar\/049821681b589dabc0bc20695993ccebb09f5b5d4d790cd9251b97faac7c652b?s=96&d=blank&r=g\",\"caption\":\"enequipo\"},\"sameAs\":[\"https:\/\/www.facebook.com\/SonoraEE\"]}]}<\/script>\n ","yoast_head_json":{"title":"Sonora en Equipo. Rodolfo Liz\u00e1rraga pide a diputados apoyar propuesta para reducir el n\u00famero de regidores en Sonora.","description":"HERMOSILLO, SONORA. MX. \u2014 El diputado Rodolfo Liz\u00e1rraga Arellano celebr\u00f3 la propuesta del presidente Andr\u00e9s Manuel L\u00f3pez Obrador para reducir el n\u00famero de En Sonora en Equipo publicamos toda la informaci\u00f3n de Sonora, M\u00e9xico y el Mundo de manera oportuna y busca que la libertad de expresi\u00f3n sea real. Visita nuestro medio informativo publicado desde Hermosillo, Sonora. %","robots":{"index":"index","follow":"follow","max-snippet":"max-snippet:-1","max-image-preview":"max-image-preview:large","max-video-preview":"max-video-preview:-1"},"canonical":"https:\/\/www.sonoraenequipo.com.mx\/rodolfo-lizarraga-pide-a-diputados-apoyar-propuesta-para-reducir-el-numero-de-regidores-en-sonora\/","og_locale":"es_ES","og_type":"article","og_title":"Sonora en Equipo. Rodolfo Liz\u00e1rraga pide a diputados apoyar propuesta para reducir el n\u00famero de regidores en Sonora.","og_description":"HERMOSILLO, SONORA. MX. \u2014 El diputado Rodolfo Liz\u00e1rraga Arellano celebr\u00f3 la propuesta del presidente Andr\u00e9s Manuel L\u00f3pez Obrador para reducir el n\u00famero de En Sonora en Equipo publicamos toda la informaci\u00f3n de Sonora, M\u00e9xico y el Mundo de manera oportuna y busca que la libertad de expresi\u00f3n sea real. Visita nuestro medio informativo publicado desde Hermosillo, Sonora. %","og_url":"https:\/\/www.sonoraenequipo.com.mx\/rodolfo-lizarraga-pide-a-diputados-apoyar-propuesta-para-reducir-el-numero-de-regidores-en-sonora\/","og_site_name":"Sonora en Equipo.","article_publisher":"https:\/\/www.facebook.com\/SonoraEE\/","article_author":"https:\/\/www.facebook.com\/SonoraEE","article_published_time":"2020-06-24T05:45:00+00:00","article_modified_time":"2020-06-24T17:07:11+00:00","og_image":[{"width":600,"height":400,"url":"https:\/\/www.sonoraenequipo.com.mx\/storage\/2020\/06\/Dip_opt5.jpg","type":"image\/jpeg"}],"author":"enequipo","twitter_card":"summary_large_image","twitter_creator":"@sonoraenequipo","twitter_site":"@sonoraenequipo","twitter_misc":{"Escrito por":"enequipo","Tiempo de lectura":"1 minuto"},"schema":{"@context":"https:\/\/schema.org","@graph":[{"@type":"Article","@id":"https:\/\/www.sonoraenequipo.com.mx\/rodolfo-lizarraga-pide-a-diputados-apoyar-propuesta-para-reducir-el-numero-de-regidores-en-sonora\/#article","isPartOf":{"@id":"https:\/\/www.sonoraenequipo.com.mx\/rodolfo-lizarraga-pide-a-diputados-apoyar-propuesta-para-reducir-el-numero-de-regidores-en-sonora\/"},"author":{"name":"enequipo","@id":"https:\/\/www.sonoraenequipo.com.mx\/#\/schema\/person\/50102df0fb23a8fa9e8effad8fa81386"},"headline":"Rodolfo Liz\u00e1rraga pide a diputados apoyar propuesta para reducir el n\u00famero de regidores en Sonora.","datePublished":"2020-06-24T05:45:00+00:00","dateModified":"2020-06-24T17:07:11+00:00","mainEntityOfPage":{"@id":"https:\/\/www.sonoraenequipo.com.mx\/rodolfo-lizarraga-pide-a-diputados-apoyar-propuesta-para-reducir-el-numero-de-regidores-en-sonora\/"},"wordCount":271,"commentCount":0,"publisher":{"@id":"https:\/\/www.sonoraenequipo.com.mx\/#organization"},"image":{"@id":"https:\/\/www.sonoraenequipo.com.mx\/rodolfo-lizarraga-pide-a-diputados-apoyar-propuesta-para-reducir-el-numero-de-regidores-en-sonora\/#primaryimage"},"thumbnailUrl":"https:\/\/www.sonoraenequipo.com.mx\/storage\/2020\/06\/Dip_opt5.jpg","articleSection":["Congreso"],"inLanguage":"es","potentialAction":[{"@type":"CommentAction","name":"Comment","target":["https:\/\/www.sonoraenequipo.com.mx\/rodolfo-lizarraga-pide-a-diputados-apoyar-propuesta-para-reducir-el-numero-de-regidores-en-sonora\/#respond"]}]},{"@type":"WebPage","@id":"https:\/\/www.sonoraenequipo.com.mx\/rodolfo-lizarraga-pide-a-diputados-apoyar-propuesta-para-reducir-el-numero-de-regidores-en-sonora\/","url":"https:\/\/www.sonoraenequipo.com.mx\/rodolfo-lizarraga-pide-a-diputados-apoyar-propuesta-para-reducir-el-numero-de-regidores-en-sonora\/","name":"Sonora en Equipo. Rodolfo Liz\u00e1rraga pide a diputados apoyar propuesta para reducir el n\u00famero de regidores en Sonora.","isPartOf":{"@id":"https:\/\/www.sonoraenequipo.com.mx\/#website"},"primaryImageOfPage":{"@id":"https:\/\/www.sonoraenequipo.com.mx\/rodolfo-lizarraga-pide-a-diputados-apoyar-propuesta-para-reducir-el-numero-de-regidores-en-sonora\/#primaryimage"},"image":{"@id":"https:\/\/www.sonoraenequipo.com.mx\/rodolfo-lizarraga-pide-a-diputados-apoyar-propuesta-para-reducir-el-numero-de-regidores-en-sonora\/#primaryimage"},"thumbnailUrl":"https:\/\/www.sonoraenequipo.com.mx\/storage\/2020\/06\/Dip_opt5.jpg","datePublished":"2020-06-24T05:45:00+00:00","dateModified":"2020-06-24T17:07:11+00:00","description":"HERMOSILLO, SONORA. MX. \u2014 El diputado Rodolfo Liz\u00e1rraga Arellano celebr\u00f3 la propuesta del presidente Andr\u00e9s Manuel L\u00f3pez Obrador para reducir el n\u00famero de En Sonora en Equipo publicamos toda la informaci\u00f3n de Sonora, M\u00e9xico y el Mundo de manera oportuna y busca que la libertad de expresi\u00f3n sea real. Visita nuestro medio informativo publicado desde Hermosillo, Sonora. %","breadcrumb":{"@id":"https:\/\/www.sonoraenequipo.com.mx\/rodolfo-lizarraga-pide-a-diputados-apoyar-propuesta-para-reducir-el-numero-de-regidores-en-sonora\/#breadcrumb"},"inLanguage":"es","potentialAction":[{"@type":"ReadAction","target":["https:\/\/www.sonoraenequipo.com.mx\/rodolfo-lizarraga-pide-a-diputados-apoyar-propuesta-para-reducir-el-numero-de-regidores-en-sonora\/"]}]},{"@type":"ImageObject","inLanguage":"es","@id":"https:\/\/www.sonoraenequipo.com.mx\/rodolfo-lizarraga-pide-a-diputados-apoyar-propuesta-para-reducir-el-numero-de-regidores-en-sonora\/#primaryimage","url":"https:\/\/www.sonoraenequipo.com.mx\/storage\/2020\/06\/Dip_opt5.jpg","contentUrl":"https:\/\/www.sonoraenequipo.com.mx\/storage\/2020\/06\/Dip_opt5.jpg","width":600,"height":400},{"@type":"BreadcrumbList","@id":"https:\/\/www.sonoraenequipo.com.mx\/rodolfo-lizarraga-pide-a-diputados-apoyar-propuesta-para-reducir-el-numero-de-regidores-en-sonora\/#breadcrumb","itemListElement":[{"@type":"ListItem","position":1,"name":"Portada","item":"https:\/\/www.sonoraenequipo.com.mx\/"},{"@type":"ListItem","position":2,"name":"Rodolfo Liz\u00e1rraga pide a diputados apoyar propuesta para reducir el n\u00famero de regidores en Sonora."}]},{"@type":"WebSite","@id":"https:\/\/www.sonoraenequipo.com.mx\/#website","url":"https:\/\/www.sonoraenequipo.com.mx\/","name":"Sonora en Equipo.","description":"Diario en l\u00ednea con Noticias desde Hermosillo, Sonora","publisher":{"@id":"https:\/\/www.sonoraenequipo.com.mx\/#organization"},"potentialAction":[{"@type":"SearchAction","target":{"@type":"EntryPoint","urlTemplate":"https:\/\/www.sonoraenequipo.com.mx\/?s={search_term_string}"},"query-input":{"@type":"PropertyValueSpecification","valueRequired":true,"valueName":"search_term_string"}}],"inLanguage":"es"},{"@type":"Organization","@id":"https:\/\/www.sonoraenequipo.com.mx\/#organization","name":"Sonoraenequipo.com.mx","url":"https:\/\/www.sonoraenequipo.com.mx\/","logo":{"@type":"ImageObject","inLanguage":"es","@id":"https:\/\/www.sonoraenequipo.com.mx\/#\/schema\/logo\/image\/","url":"https:\/\/www.sonoraenequipo.com.mx\/storage\/2019\/01\/sonoraenequipo_opt.png","contentUrl":"https:\/\/www.sonoraenequipo.com.mx\/storage\/2019\/01\/sonoraenequipo_opt.png","width":375,"height":125,"caption":"Sonoraenequipo.com.mx"},"image":{"@id":"https:\/\/www.sonoraenequipo.com.mx\/#\/schema\/logo\/image\/"},"sameAs":["https:\/\/www.facebook.com\/SonoraEE\/","https:\/\/x.com\/sonoraenequipo","https:\/\/www.youtube.com\/channel\/UC338nW-lPEYmJQs4ZABQ1SQ"]},{"@type":"Person","@id":"https:\/\/www.sonoraenequipo.com.mx\/#\/schema\/person\/50102df0fb23a8fa9e8effad8fa81386","name":"enequipo","image":{"@type":"ImageObject","inLanguage":"es","@id":"https:\/\/www.sonoraenequipo.com.mx\/#\/schema\/person\/image\/","url":"https:\/\/secure.gravatar.com\/avatar\/049821681b589dabc0bc20695993ccebb09f5b5d4d790cd9251b97faac7c652b?s=96&d=blank&r=g","contentUrl":"https:\/\/secure.gravatar.com\/avatar\/049821681b589dabc0bc20695993ccebb09f5b5d4d790cd9251b97faac7c652b?s=96&d=blank&r=g","caption":"enequipo"},"sameAs":["https:\/\/www.facebook.com\/SonoraEE"]}]}},"jetpack_featured_media_url":"https:\/\/www.sonoraenequipo.com.mx\/storage\/2020\/06\/Dip_opt5.jpg","_links":{"self":[{"href":"https:\/\/www.sonoraenequipo.com.mx\/api\/wp\/v2\/posts\/88098","targetHints":{"allow":["GET"]}}],"collection":[{"href":"https:\/\/www.sonoraenequipo.com.mx\/api\/wp\/v2\/posts"}],"about":[{"href":"https:\/\/www.sonoraenequipo.com.mx\/api\/wp\/v2\/types\/post"}],"author":[{"embeddable":true,"href":"https:\/\/www.sonoraenequipo.com.mx\/api\/wp\/v2\/users\/1"}],"replies":[{"embeddable":true,"href":"https:\/\/www.sonoraenequipo.com.mx\/api\/wp\/v2\/comments?post=88098"}],"version-history":[{"count":0,"href":"https:\/\/www.sonoraenequipo.com.mx\/api\/wp\/v2\/posts\/88098\/revisions"}],"wp:featuredmedia":[{"embeddable":true,"href":"https:\/\/www.sonoraenequipo.com.mx\/api\/wp\/v2\/media\/88112"}],"wp:attachment":[{"href":"https:\/\/www.sonoraenequipo.com.mx\/api\/wp\/v2\/media?parent=88098"}],"wp:term":[{"taxonomy":"category","embeddable":true,"href":"https:\/\/www.sonoraenequipo.com.mx\/api\/wp\/v2\/categories?post=88098"},{"taxonomy":"post_tag","embeddable":true,"href":"https:\/\/www.sonoraenequipo.com.mx\/api\/wp\/v2\/tags?post=88098"}],"curies":[{"name":"wp","href":"https:\/\/api.w.org\/{rel}","templated":true}]}}