{"id":88109,"date":"2020-06-23T23:55:32","date_gmt":"2020-06-24T06:55:32","guid":{"rendered":"https:\/\/www.sonoraenequipo.com.mx\/?p=88109"},"modified":"2020-06-24T09:53:48","modified_gmt":"2020-06-24T16:53:48","slug":"mas-de-4-mil-micro-y-pequenos-empresarios-han-recibido-apoyos-crediticios-del-estado-luis-nunez","status":"publish","type":"post","link":"https:\/\/www.sonoraenequipo.com.mx\/mas-de-4-mil-micro-y-pequenos-empresarios-han-recibido-apoyos-crediticios-del-estado-luis-nunez\/","title":{"rendered":"M\u00e1s de 4 mil micro y peque\u00f1os empresarios han recibido apoyos crediticios del Estado: Luis N\u00fa\u00f1ez"},"content":{"rendered":"<p>HERMOSILLO, SONORA. MX. \u2014 En apoyo de las micro y peque\u00f1as empresas de Sonora, la Secretar\u00eda de Econom\u00eda, ha entregado m\u00e1s de 4 mil cr\u00e9ditos Emergentes y del Programa de Fomento al Autoempleo inform\u00f3 Luis N\u00fa\u00f1ez Noriega, vocero para la Reactivaci\u00f3n Econ\u00f3mica en Sonora, quien se\u00f1al\u00f3 que para enfilar al estado a la reapertura de m\u00e1s sectores es necesario salir del sem\u00e1foro en rojo que establece el gobierno federal.<\/p>\n<p>&nbsp;<\/p>\n<p> <\/p>\n<p>&nbsp;<\/p>\n<p>En su mensaje en la transmisi\u00f3n en vivo realizada este martes, el tambi\u00e9n comisionado de Fomento al Turismo en Sonora, indic\u00f3 que los programas de financiamiento dise\u00f1ados y aplicados por el Gobierno del Estado, a trav\u00e9s de la Secretar\u00eda de Econom\u00eda, ha permitido beneficiar a m\u00e1s de 4 mil micro y peque\u00f1os empresarios lo que ha representado ya una entrega de m\u00e1s de 84 millones de pesos para respaldar a este sector y mitigar un poco el impacto de la contingencia.<\/p>\n<p>&nbsp;<\/p>\n<p>&nbsp;<\/p>\n<p>Asimismo, se refiri\u00f3 al nuevo llamado que este lunes hizo la gobernadora Claudia Pavlovich a la Asociaci\u00f3n de Bancos de M\u00e9xico y a las autoridades financieras correspondientes para modificar los protocolos sanitarios en la operaci\u00f3n de las sucursales bancarias a fin de reducir las grandes filas que se forman por fuera de los bancos y que son un riesgo para la salud de las personas, especialmente la poblaci\u00f3n vulnerable.<\/p>\n<p>&nbsp;<\/p>\n<p>&nbsp;<\/p>\n<p>Al respecto, confi\u00f3 en que las instituciones bancarias acepten las peticiones de la mandataria sonorense, que incluye abrir m\u00e1s sucursales para reducir los congestionamientos.<\/p>\n<p>&nbsp;<\/p>\n<p>&nbsp;<\/p>\n<p><em>\u201cEsta petici\u00f3n es perfectamente acatable en lo inmediato y esperemos que as\u00ed lo haga la banca comercial, porque los servicios financieros han sido catalogados desde el principio como actividad esencial. Esperemos que haya una respuesta favorable para que los usuarios tengan m\u00e1s opciones y que no se expongan a un golpe de calor, insolaci\u00f3n o deshidrataci\u00f3n con estas largas filas\u201d,<\/em> dijo.<\/p>\n<p>&nbsp;<\/p>\n<p>&nbsp;<\/p>\n<p>Coment\u00f3 que la adaptaci\u00f3n a esta nueva realidad es una tarea que todas y todos los sonorenses. Es un tema de corresponsabilidad, apunt\u00f3.<\/p>\n<p>&nbsp;<\/p>\n<p>&nbsp;<\/p>\n<p><em>\u201cA quienes se dedican al comercio y servicios y a la industria de cualquier nivel y magnitud, los invito a revisar nuevamente los protocolos y lineamientos que nos entrega el gobierno federal a trav\u00e9s del IMSS, de la Secretaria del trabajo y el Consejo Nacional de Salud, mismos que est\u00e1n publicados en la p\u00e1gina electr\u00f3nica nuevanormalidad.gob.mx, as\u00ed como revisar las condiciones en las que podemos realizar nuestras actividades econ\u00f3micas, tales como abarrotes, est\u00e9ticas, restaurantes, entre otros\u201d,<\/em> agreg\u00f3.<\/p>\n<p>&nbsp;<\/p>\n<p>&nbsp;<\/p>\n<p>A todos los sectores que ya iniciaron sus actividades, les reiter\u00f3 la importancia de continuar acatando las medidas de seguridad sanitaria e higiene que las autoridades sanitarias han puesto a nuestra disposici\u00f3n, para que as\u00ed, cada trabajador que salga a laborar vuelva a casa con la certeza que no contagiar\u00e1 a su familia.<\/p>\n<p>&nbsp;<\/p>\n<p>&nbsp;<\/p>\n<p>La gobernadora siempre ha sido muy clara, a\u00f1adi\u00f3, as\u00ed como las instrucciones del secretario de Econom\u00eda, Jorge Vidal, han sido muy precisas; trabajar de la mano sector p\u00fablico y empresarial, trabajadores, acad\u00e9micos y sociedad civil en una reactivaci\u00f3n que cuide la salud de la econom\u00eda del estado, pero a\u00fan m\u00e1s importante, priorice la salud y vida de todas y todos los sonorenses.<\/p>\n<p>&nbsp;<\/p>\n<p>&nbsp;<\/p>\n<p>(PUBLICADO EL 23\/06\/2020)<\/p>\n","protected":false},"excerpt":{"rendered":"<p>HERMOSILLO, SONORA. MX. \u2014 En apoyo de las micro y peque\u00f1as empresas de Sonora, la&#8230;<\/p>\n","protected":false},"author":1,"featured_media":88110,"comment_status":"open","ping_status":"open","sticky":false,"template":"","format":"standard","meta":{"_monsterinsights_skip_tracking":false,"_monsterinsights_sitenote_active":false,"_monsterinsights_sitenote_note":"","_monsterinsights_sitenote_category":0,"footnotes":""},"categories":[22],"tags":[],"class_list":["post"],"yoast_head":" \n<title>Sonora en Equipo. M\u00e1s de 4 mil micro y peque\u00f1os empresarios han recibido apoyos crediticios del Estado: Luis N\u00fa\u00f1ez Sonora<\/title>\n<meta name=\"description\" content=\"HERMOSILLO, SONORA. MX. \u2014 En apoyo de las micro y peque\u00f1as empresas de Sonora, la Secretar\u00eda de Econom\u00eda, ha entregado m\u00e1s de 4 mil cr\u00e9ditos Emergentes y En Sonora en Equipo publicamos toda la informaci\u00f3n de Sonora, M\u00e9xico y el Mundo de manera oportuna y busca que la libertad de expresi\u00f3n sea real. Visita nuestro medio informativo publicado desde Hermosillo, Sonora. %\" \/>\n<meta name=\"robots\" content=\"index, follow, max-snippet:-1, max-image-preview:large, max-video-preview:-1\" \/>\n<link rel=\"canonical\" href=\"https:\/\/www.sonoraenequipo.com.mx\/mas-de-4-mil-micro-y-pequenos-empresarios-han-recibido-apoyos-crediticios-del-estado-luis-nunez\/\" \/>\n<meta property=\"og:locale\" content=\"es_ES\" \/>\n<meta property=\"og:type\" content=\"article\" \/>\n<meta property=\"og:title\" content=\"Sonora en Equipo. M\u00e1s de 4 mil micro y peque\u00f1os empresarios han recibido apoyos crediticios del Estado: Luis N\u00fa\u00f1ez Sonora\" \/>\n<meta property=\"og:description\" content=\"HERMOSILLO, SONORA. MX. \u2014 En apoyo de las micro y peque\u00f1as empresas de Sonora, la Secretar\u00eda de Econom\u00eda, ha entregado m\u00e1s de 4 mil cr\u00e9ditos Emergentes y En Sonora en Equipo publicamos toda la informaci\u00f3n de Sonora, M\u00e9xico y el Mundo de manera oportuna y busca que la libertad de expresi\u00f3n sea real. Visita nuestro medio informativo publicado desde Hermosillo, Sonora. %\" \/>\n<meta property=\"og:url\" content=\"https:\/\/www.sonoraenequipo.com.mx\/mas-de-4-mil-micro-y-pequenos-empresarios-han-recibido-apoyos-crediticios-del-estado-luis-nunez\/\" \/>\n<meta property=\"og:site_name\" content=\"Sonora en Equipo.\" \/>\n<meta property=\"article:publisher\" content=\"https:\/\/www.facebook.com\/SonoraEE\/\" \/>\n<meta property=\"article:author\" content=\"https:\/\/www.facebook.com\/SonoraEE\" \/>\n<meta property=\"article:published_time\" content=\"2020-06-24T06:55:32+00:00\" \/>\n<meta property=\"article:modified_time\" content=\"2020-06-24T16:53:48+00:00\" \/>\n<meta property=\"og:image\" content=\"https:\/\/www.sonoraenequipo.com.mx\/storage\/2020\/06\/luis-nu\u00f1ez_opt1.jpg\" \/>\n\t<meta property=\"og:image:width\" content=\"600\" \/>\n\t<meta property=\"og:image:height\" content=\"400\" \/>\n\t<meta property=\"og:image:type\" content=\"image\/jpeg\" \/>\n<meta name=\"author\" content=\"enequipo\" \/>\n<meta name=\"twitter:card\" content=\"summary_large_image\" \/>\n<meta name=\"twitter:creator\" content=\"@sonoraenequipo\" \/>\n<meta name=\"twitter:site\" content=\"@sonoraenequipo\" \/>\n<meta name=\"twitter:label1\" content=\"Escrito por\" \/>\n\t<meta name=\"twitter:data1\" content=\"enequipo\" \/>\n\t<meta name=\"twitter:label2\" content=\"Tiempo de lectura\" \/>\n\t<meta name=\"twitter:data2\" content=\"3 minutos\" \/>\n<script type=\"application\/ld+json\" class=\"yoast-schema-graph\">{\"@context\":\"https:\/\/schema.org\",\"@graph\":[{\"@type\":\"Article\",\"@id\":\"https:\/\/www.sonoraenequipo.com.mx\/mas-de-4-mil-micro-y-pequenos-empresarios-han-recibido-apoyos-crediticios-del-estado-luis-nunez\/#article\",\"isPartOf\":{\"@id\":\"https:\/\/www.sonoraenequipo.com.mx\/mas-de-4-mil-micro-y-pequenos-empresarios-han-recibido-apoyos-crediticios-del-estado-luis-nunez\/\"},\"author\":{\"name\":\"enequipo\",\"@id\":\"https:\/\/www.sonoraenequipo.com.mx\/#\/schema\/person\/50102df0fb23a8fa9e8effad8fa81386\"},\"headline\":\"M\u00e1s de 4 mil micro y peque\u00f1os empresarios han recibido apoyos crediticios del Estado: Luis N\u00fa\u00f1ez\",\"datePublished\":\"2020-06-24T06:55:32+00:00\",\"dateModified\":\"2020-06-24T16:53:48+00:00\",\"mainEntityOfPage\":{\"@id\":\"https:\/\/www.sonoraenequipo.com.mx\/mas-de-4-mil-micro-y-pequenos-empresarios-han-recibido-apoyos-crediticios-del-estado-luis-nunez\/\"},\"wordCount\":600,\"commentCount\":0,\"publisher\":{\"@id\":\"https:\/\/www.sonoraenequipo.com.mx\/#organization\"},\"image\":{\"@id\":\"https:\/\/www.sonoraenequipo.com.mx\/mas-de-4-mil-micro-y-pequenos-empresarios-han-recibido-apoyos-crediticios-del-estado-luis-nunez\/#primaryimage\"},\"thumbnailUrl\":\"https:\/\/www.sonoraenequipo.com.mx\/storage\/2020\/06\/luis-nu\u00f1ez_opt1.jpg\",\"articleSection\":[\"Sonora\"],\"inLanguage\":\"es\",\"potentialAction\":[{\"@type\":\"CommentAction\",\"name\":\"Comment\",\"target\":[\"https:\/\/www.sonoraenequipo.com.mx\/mas-de-4-mil-micro-y-pequenos-empresarios-han-recibido-apoyos-crediticios-del-estado-luis-nunez\/#respond\"]}]},{\"@type\":\"WebPage\",\"@id\":\"https:\/\/www.sonoraenequipo.com.mx\/mas-de-4-mil-micro-y-pequenos-empresarios-han-recibido-apoyos-crediticios-del-estado-luis-nunez\/\",\"url\":\"https:\/\/www.sonoraenequipo.com.mx\/mas-de-4-mil-micro-y-pequenos-empresarios-han-recibido-apoyos-crediticios-del-estado-luis-nunez\/\",\"name\":\"Sonora en Equipo. M\u00e1s de 4 mil micro y peque\u00f1os empresarios han recibido apoyos crediticios del Estado: Luis N\u00fa\u00f1ez Sonora\",\"isPartOf\":{\"@id\":\"https:\/\/www.sonoraenequipo.com.mx\/#website\"},\"primaryImageOfPage\":{\"@id\":\"https:\/\/www.sonoraenequipo.com.mx\/mas-de-4-mil-micro-y-pequenos-empresarios-han-recibido-apoyos-crediticios-del-estado-luis-nunez\/#primaryimage\"},\"image\":{\"@id\":\"https:\/\/www.sonoraenequipo.com.mx\/mas-de-4-mil-micro-y-pequenos-empresarios-han-recibido-apoyos-crediticios-del-estado-luis-nunez\/#primaryimage\"},\"thumbnailUrl\":\"https:\/\/www.sonoraenequipo.com.mx\/storage\/2020\/06\/luis-nu\u00f1ez_opt1.jpg\",\"datePublished\":\"2020-06-24T06:55:32+00:00\",\"dateModified\":\"2020-06-24T16:53:48+00:00\",\"description\":\"HERMOSILLO, SONORA. MX. \u2014 En apoyo de las micro y peque\u00f1as empresas de Sonora, la Secretar\u00eda de Econom\u00eda, ha entregado m\u00e1s de 4 mil cr\u00e9ditos Emergentes y En Sonora en Equipo publicamos toda la informaci\u00f3n de Sonora, M\u00e9xico y el Mundo de manera oportuna y busca que la libertad de expresi\u00f3n sea real. Visita nuestro medio informativo publicado desde Hermosillo, Sonora. %\",\"breadcrumb\":{\"@id\":\"https:\/\/www.sonoraenequipo.com.mx\/mas-de-4-mil-micro-y-pequenos-empresarios-han-recibido-apoyos-crediticios-del-estado-luis-nunez\/#breadcrumb\"},\"inLanguage\":\"es\",\"potentialAction\":[{\"@type\":\"ReadAction\",\"target\":[\"https:\/\/www.sonoraenequipo.com.mx\/mas-de-4-mil-micro-y-pequenos-empresarios-han-recibido-apoyos-crediticios-del-estado-luis-nunez\/\"]}]},{\"@type\":\"ImageObject\",\"inLanguage\":\"es\",\"@id\":\"https:\/\/www.sonoraenequipo.com.mx\/mas-de-4-mil-micro-y-pequenos-empresarios-han-recibido-apoyos-crediticios-del-estado-luis-nunez\/#primaryimage\",\"url\":\"https:\/\/www.sonoraenequipo.com.mx\/storage\/2020\/06\/luis-nu\u00f1ez_opt1.jpg\",\"contentUrl\":\"https:\/\/www.sonoraenequipo.com.mx\/storage\/2020\/06\/luis-nu\u00f1ez_opt1.jpg\",\"width\":600,\"height\":400},{\"@type\":\"BreadcrumbList\",\"@id\":\"https:\/\/www.sonoraenequipo.com.mx\/mas-de-4-mil-micro-y-pequenos-empresarios-han-recibido-apoyos-crediticios-del-estado-luis-nunez\/#breadcrumb\",\"itemListElement\":[{\"@type\":\"ListItem\",\"position\":1,\"name\":\"Portada\",\"item\":\"https:\/\/www.sonoraenequipo.com.mx\/\"},{\"@type\":\"ListItem\",\"position\":2,\"name\":\"M\u00e1s de 4 mil micro y peque\u00f1os empresarios han recibido apoyos crediticios del Estado: Luis N\u00fa\u00f1ez\"}]},{\"@type\":\"WebSite\",\"@id\":\"https:\/\/www.sonoraenequipo.com.mx\/#website\",\"url\":\"https:\/\/www.sonoraenequipo.com.mx\/\",\"name\":\"Sonora en Equipo.\",\"description\":\"Diario en l\u00ednea con Noticias desde Hermosillo, Sonora\",\"publisher\":{\"@id\":\"https:\/\/www.sonoraenequipo.com.mx\/#organization\"},\"potentialAction\":[{\"@type\":\"SearchAction\",\"target\":{\"@type\":\"EntryPoint\",\"urlTemplate\":\"https:\/\/www.sonoraenequipo.com.mx\/?s={search_term_string}\"},\"query-input\":{\"@type\":\"PropertyValueSpecification\",\"valueRequired\":true,\"valueName\":\"search_term_string\"}}],\"inLanguage\":\"es\"},{\"@type\":\"Organization\",\"@id\":\"https:\/\/www.sonoraenequipo.com.mx\/#organization\",\"name\":\"Sonoraenequipo.com.mx\",\"url\":\"https:\/\/www.sonoraenequipo.com.mx\/\",\"logo\":{\"@type\":\"ImageObject\",\"inLanguage\":\"es\",\"@id\":\"https:\/\/www.sonoraenequipo.com.mx\/#\/schema\/logo\/image\/\",\"url\":\"https:\/\/www.sonoraenequipo.com.mx\/storage\/2019\/01\/sonoraenequipo_opt.png\",\"contentUrl\":\"https:\/\/www.sonoraenequipo.com.mx\/storage\/2019\/01\/sonoraenequipo_opt.png\",\"width\":375,\"height\":125,\"caption\":\"Sonoraenequipo.com.mx\"},\"image\":{\"@id\":\"https:\/\/www.sonoraenequipo.com.mx\/#\/schema\/logo\/image\/\"},\"sameAs\":[\"https:\/\/www.facebook.com\/SonoraEE\/\",\"https:\/\/x.com\/sonoraenequipo\",\"https:\/\/www.youtube.com\/channel\/UC338nW-lPEYmJQs4ZABQ1SQ\"]},{\"@type\":\"Person\",\"@id\":\"https:\/\/www.sonoraenequipo.com.mx\/#\/schema\/person\/50102df0fb23a8fa9e8effad8fa81386\",\"name\":\"enequipo\",\"image\":{\"@type\":\"ImageObject\",\"inLanguage\":\"es\",\"@id\":\"https:\/\/www.sonoraenequipo.com.mx\/#\/schema\/person\/image\/\",\"url\":\"https:\/\/secure.gravatar.com\/avatar\/049821681b589dabc0bc20695993ccebb09f5b5d4d790cd9251b97faac7c652b?s=96&d=blank&r=g\",\"contentUrl\":\"https:\/\/secure.gravatar.com\/avatar\/049821681b589dabc0bc20695993ccebb09f5b5d4d790cd9251b97faac7c652b?s=96&d=blank&r=g\",\"caption\":\"enequipo\"},\"sameAs\":[\"https:\/\/www.facebook.com\/SonoraEE\"]}]}<\/script>\n ","yoast_head_json":{"title":"Sonora en Equipo. M\u00e1s de 4 mil micro y peque\u00f1os empresarios han recibido apoyos crediticios del Estado: Luis N\u00fa\u00f1ez Sonora","description":"HERMOSILLO, SONORA. MX. \u2014 En apoyo de las micro y peque\u00f1as empresas de Sonora, la Secretar\u00eda de Econom\u00eda, ha entregado m\u00e1s de 4 mil cr\u00e9ditos Emergentes y En Sonora en Equipo publicamos toda la informaci\u00f3n de Sonora, M\u00e9xico y el Mundo de manera oportuna y busca que la libertad de expresi\u00f3n sea real. Visita nuestro medio informativo publicado desde Hermosillo, Sonora. %","robots":{"index":"index","follow":"follow","max-snippet":"max-snippet:-1","max-image-preview":"max-image-preview:large","max-video-preview":"max-video-preview:-1"},"canonical":"https:\/\/www.sonoraenequipo.com.mx\/mas-de-4-mil-micro-y-pequenos-empresarios-han-recibido-apoyos-crediticios-del-estado-luis-nunez\/","og_locale":"es_ES","og_type":"article","og_title":"Sonora en Equipo. M\u00e1s de 4 mil micro y peque\u00f1os empresarios han recibido apoyos crediticios del Estado: Luis N\u00fa\u00f1ez Sonora","og_description":"HERMOSILLO, SONORA. MX. \u2014 En apoyo de las micro y peque\u00f1as empresas de Sonora, la Secretar\u00eda de Econom\u00eda, ha entregado m\u00e1s de 4 mil cr\u00e9ditos Emergentes y En Sonora en Equipo publicamos toda la informaci\u00f3n de Sonora, M\u00e9xico y el Mundo de manera oportuna y busca que la libertad de expresi\u00f3n sea real. Visita nuestro medio informativo publicado desde Hermosillo, Sonora. %","og_url":"https:\/\/www.sonoraenequipo.com.mx\/mas-de-4-mil-micro-y-pequenos-empresarios-han-recibido-apoyos-crediticios-del-estado-luis-nunez\/","og_site_name":"Sonora en Equipo.","article_publisher":"https:\/\/www.facebook.com\/SonoraEE\/","article_author":"https:\/\/www.facebook.com\/SonoraEE","article_published_time":"2020-06-24T06:55:32+00:00","article_modified_time":"2020-06-24T16:53:48+00:00","og_image":[{"width":600,"height":400,"url":"https:\/\/www.sonoraenequipo.com.mx\/storage\/2020\/06\/luis-nu\u00f1ez_opt1.jpg","type":"image\/jpeg"}],"author":"enequipo","twitter_card":"summary_large_image","twitter_creator":"@sonoraenequipo","twitter_site":"@sonoraenequipo","twitter_misc":{"Escrito por":"enequipo","Tiempo de lectura":"3 minutos"},"schema":{"@context":"https:\/\/schema.org","@graph":[{"@type":"Article","@id":"https:\/\/www.sonoraenequipo.com.mx\/mas-de-4-mil-micro-y-pequenos-empresarios-han-recibido-apoyos-crediticios-del-estado-luis-nunez\/#article","isPartOf":{"@id":"https:\/\/www.sonoraenequipo.com.mx\/mas-de-4-mil-micro-y-pequenos-empresarios-han-recibido-apoyos-crediticios-del-estado-luis-nunez\/"},"author":{"name":"enequipo","@id":"https:\/\/www.sonoraenequipo.com.mx\/#\/schema\/person\/50102df0fb23a8fa9e8effad8fa81386"},"headline":"M\u00e1s de 4 mil micro y peque\u00f1os empresarios han recibido apoyos crediticios del Estado: Luis N\u00fa\u00f1ez","datePublished":"2020-06-24T06:55:32+00:00","dateModified":"2020-06-24T16:53:48+00:00","mainEntityOfPage":{"@id":"https:\/\/www.sonoraenequipo.com.mx\/mas-de-4-mil-micro-y-pequenos-empresarios-han-recibido-apoyos-crediticios-del-estado-luis-nunez\/"},"wordCount":600,"commentCount":0,"publisher":{"@id":"https:\/\/www.sonoraenequipo.com.mx\/#organization"},"image":{"@id":"https:\/\/www.sonoraenequipo.com.mx\/mas-de-4-mil-micro-y-pequenos-empresarios-han-recibido-apoyos-crediticios-del-estado-luis-nunez\/#primaryimage"},"thumbnailUrl":"https:\/\/www.sonoraenequipo.com.mx\/storage\/2020\/06\/luis-nu\u00f1ez_opt1.jpg","articleSection":["Sonora"],"inLanguage":"es","potentialAction":[{"@type":"CommentAction","name":"Comment","target":["https:\/\/www.sonoraenequipo.com.mx\/mas-de-4-mil-micro-y-pequenos-empresarios-han-recibido-apoyos-crediticios-del-estado-luis-nunez\/#respond"]}]},{"@type":"WebPage","@id":"https:\/\/www.sonoraenequipo.com.mx\/mas-de-4-mil-micro-y-pequenos-empresarios-han-recibido-apoyos-crediticios-del-estado-luis-nunez\/","url":"https:\/\/www.sonoraenequipo.com.mx\/mas-de-4-mil-micro-y-pequenos-empresarios-han-recibido-apoyos-crediticios-del-estado-luis-nunez\/","name":"Sonora en Equipo. M\u00e1s de 4 mil micro y peque\u00f1os empresarios han recibido apoyos crediticios del Estado: Luis N\u00fa\u00f1ez Sonora","isPartOf":{"@id":"https:\/\/www.sonoraenequipo.com.mx\/#website"},"primaryImageOfPage":{"@id":"https:\/\/www.sonoraenequipo.com.mx\/mas-de-4-mil-micro-y-pequenos-empresarios-han-recibido-apoyos-crediticios-del-estado-luis-nunez\/#primaryimage"},"image":{"@id":"https:\/\/www.sonoraenequipo.com.mx\/mas-de-4-mil-micro-y-pequenos-empresarios-han-recibido-apoyos-crediticios-del-estado-luis-nunez\/#primaryimage"},"thumbnailUrl":"https:\/\/www.sonoraenequipo.com.mx\/storage\/2020\/06\/luis-nu\u00f1ez_opt1.jpg","datePublished":"2020-06-24T06:55:32+00:00","dateModified":"2020-06-24T16:53:48+00:00","description":"HERMOSILLO, SONORA. MX. \u2014 En apoyo de las micro y peque\u00f1as empresas de Sonora, la Secretar\u00eda de Econom\u00eda, ha entregado m\u00e1s de 4 mil cr\u00e9ditos Emergentes y En Sonora en Equipo publicamos toda la informaci\u00f3n de Sonora, M\u00e9xico y el Mundo de manera oportuna y busca que la libertad de expresi\u00f3n sea real. Visita nuestro medio informativo publicado desde Hermosillo, Sonora. %","breadcrumb":{"@id":"https:\/\/www.sonoraenequipo.com.mx\/mas-de-4-mil-micro-y-pequenos-empresarios-han-recibido-apoyos-crediticios-del-estado-luis-nunez\/#breadcrumb"},"inLanguage":"es","potentialAction":[{"@type":"ReadAction","target":["https:\/\/www.sonoraenequipo.com.mx\/mas-de-4-mil-micro-y-pequenos-empresarios-han-recibido-apoyos-crediticios-del-estado-luis-nunez\/"]}]},{"@type":"ImageObject","inLanguage":"es","@id":"https:\/\/www.sonoraenequipo.com.mx\/mas-de-4-mil-micro-y-pequenos-empresarios-han-recibido-apoyos-crediticios-del-estado-luis-nunez\/#primaryimage","url":"https:\/\/www.sonoraenequipo.com.mx\/storage\/2020\/06\/luis-nu\u00f1ez_opt1.jpg","contentUrl":"https:\/\/www.sonoraenequipo.com.mx\/storage\/2020\/06\/luis-nu\u00f1ez_opt1.jpg","width":600,"height":400},{"@type":"BreadcrumbList","@id":"https:\/\/www.sonoraenequipo.com.mx\/mas-de-4-mil-micro-y-pequenos-empresarios-han-recibido-apoyos-crediticios-del-estado-luis-nunez\/#breadcrumb","itemListElement":[{"@type":"ListItem","position":1,"name":"Portada","item":"https:\/\/www.sonoraenequipo.com.mx\/"},{"@type":"ListItem","position":2,"name":"M\u00e1s de 4 mil micro y peque\u00f1os empresarios han recibido apoyos crediticios del Estado: Luis N\u00fa\u00f1ez"}]},{"@type":"WebSite","@id":"https:\/\/www.sonoraenequipo.com.mx\/#website","url":"https:\/\/www.sonoraenequipo.com.mx\/","name":"Sonora en Equipo.","description":"Diario en l\u00ednea con Noticias desde Hermosillo, Sonora","publisher":{"@id":"https:\/\/www.sonoraenequipo.com.mx\/#organization"},"potentialAction":[{"@type":"SearchAction","target":{"@type":"EntryPoint","urlTemplate":"https:\/\/www.sonoraenequipo.com.mx\/?s={search_term_string}"},"query-input":{"@type":"PropertyValueSpecification","valueRequired":true,"valueName":"search_term_string"}}],"inLanguage":"es"},{"@type":"Organization","@id":"https:\/\/www.sonoraenequipo.com.mx\/#organization","name":"Sonoraenequipo.com.mx","url":"https:\/\/www.sonoraenequipo.com.mx\/","logo":{"@type":"ImageObject","inLanguage":"es","@id":"https:\/\/www.sonoraenequipo.com.mx\/#\/schema\/logo\/image\/","url":"https:\/\/www.sonoraenequipo.com.mx\/storage\/2019\/01\/sonoraenequipo_opt.png","contentUrl":"https:\/\/www.sonoraenequipo.com.mx\/storage\/2019\/01\/sonoraenequipo_opt.png","width":375,"height":125,"caption":"Sonoraenequipo.com.mx"},"image":{"@id":"https:\/\/www.sonoraenequipo.com.mx\/#\/schema\/logo\/image\/"},"sameAs":["https:\/\/www.facebook.com\/SonoraEE\/","https:\/\/x.com\/sonoraenequipo","https:\/\/www.youtube.com\/channel\/UC338nW-lPEYmJQs4ZABQ1SQ"]},{"@type":"Person","@id":"https:\/\/www.sonoraenequipo.com.mx\/#\/schema\/person\/50102df0fb23a8fa9e8effad8fa81386","name":"enequipo","image":{"@type":"ImageObject","inLanguage":"es","@id":"https:\/\/www.sonoraenequipo.com.mx\/#\/schema\/person\/image\/","url":"https:\/\/secure.gravatar.com\/avatar\/049821681b589dabc0bc20695993ccebb09f5b5d4d790cd9251b97faac7c652b?s=96&d=blank&r=g","contentUrl":"https:\/\/secure.gravatar.com\/avatar\/049821681b589dabc0bc20695993ccebb09f5b5d4d790cd9251b97faac7c652b?s=96&d=blank&r=g","caption":"enequipo"},"sameAs":["https:\/\/www.facebook.com\/SonoraEE"]}]}},"jetpack_featured_media_url":"https:\/\/www.sonoraenequipo.com.mx\/storage\/2020\/06\/luis-nu\u00f1ez_opt1.jpg","_links":{"self":[{"href":"https:\/\/www.sonoraenequipo.com.mx\/api\/wp\/v2\/posts\/88109","targetHints":{"allow":["GET"]}}],"collection":[{"href":"https:\/\/www.sonoraenequipo.com.mx\/api\/wp\/v2\/posts"}],"about":[{"href":"https:\/\/www.sonoraenequipo.com.mx\/api\/wp\/v2\/types\/post"}],"author":[{"embeddable":true,"href":"https:\/\/www.sonoraenequipo.com.mx\/api\/wp\/v2\/users\/1"}],"replies":[{"embeddable":true,"href":"https:\/\/www.sonoraenequipo.com.mx\/api\/wp\/v2\/comments?post=88109"}],"version-history":[{"count":0,"href":"https:\/\/www.sonoraenequipo.com.mx\/api\/wp\/v2\/posts\/88109\/revisions"}],"wp:featuredmedia":[{"embeddable":true,"href":"https:\/\/www.sonoraenequipo.com.mx\/api\/wp\/v2\/media\/88110"}],"wp:attachment":[{"href":"https:\/\/www.sonoraenequipo.com.mx\/api\/wp\/v2\/media?parent=88109"}],"wp:term":[{"taxonomy":"category","embeddable":true,"href":"https:\/\/www.sonoraenequipo.com.mx\/api\/wp\/v2\/categories?post=88109"},{"taxonomy":"post_tag","embeddable":true,"href":"https:\/\/www.sonoraenequipo.com.mx\/api\/wp\/v2\/tags?post=88109"}],"curies":[{"name":"wp","href":"https:\/\/api.w.org\/{rel}","templated":true}]}}