{"id":88116,"date":"2020-06-24T11:16:04","date_gmt":"2020-06-24T18:16:04","guid":{"rendered":"https:\/\/www.sonoraenequipo.com.mx\/?p=88116"},"modified":"2020-06-24T11:16:04","modified_gmt":"2020-06-24T18:16:04","slug":"el-fmi-proyecta-la-peor-caida-de-la-economia-mundial-desde-la-gran-depresion","status":"publish","type":"post","link":"https:\/\/www.sonoraenequipo.com.mx\/el-fmi-proyecta-la-peor-caida-de-la-economia-mundial-desde-la-gran-depresion\/","title":{"rendered":"El FMI proyecta la peor ca\u00edda de la econom\u00eda mundial desde la gran depresi\u00f3n"},"content":{"rendered":"<p>ESTADOS UNIDOS. \u2014 El FMI ha revisado sus proyecciones para la econom\u00eda por el impacto de la COVID-19.<\/p>\n<p>&nbsp;<\/p>\n<p> <\/p>\n<p>&nbsp;<\/p>\n<p><img loading=\"lazy\" decoding=\"async\" class=\" x-left\" src=\"https:\/\/www.sonoraenequipo.com.mx\/storage\/2020\/06\/Deuda-Los-10-pa\u00edses-peor-parados-en-el-mundo_opt-345x452.jpg\" alt=\"\" width=\"494\" height=\"647\" \/>La pandemia ha tenido un \u00abimpacto m\u00e1s negativo\u00bb de lo inicialmente esperado.<\/p>\n<p>&nbsp;<\/p>\n<p>Se prev\u00e9 ahora una contracci\u00f3n global del 4,9% en 2020, frente al 3% calculado en abril.<\/p>\n<p>&nbsp;<\/p>\n<p>Espa\u00f1a es el pa\u00eds desarrollado con las peores proyecciones, con una contracci\u00f3n esperada del PIB de 12,8%.<\/p>\n<p>&nbsp;<\/p>\n<p>En Latinoam\u00e9rica, M\u00e9xico se ve especialmente afectado con una ca\u00edda de 10,5%.<\/p>\n<p>&nbsp;<\/p>\n<p>De las 18 grandes econom\u00edas incluidas en el estudio, Espa\u00f1a es la que m\u00e1s cae, empatada con Italia: un espectacular 12,8% que, adem\u00e1s, se concentra en la primera mitad del a\u00f1o.<\/p>\n<p>&nbsp;<\/p>\n<p>La covid-19 va a hacer que Espa\u00f1a pierda este a\u00f1o pr\u00e1cticamente todo lo que hab\u00eda ganado en los seis a\u00f1os de expansi\u00f3n desde que sali\u00f3 de la crisis de la eurozona en 2014. \u00c9se es el dictamen de las nuevas previsiones econ\u00f3micas del Fondo Monetario Internacional (FMI) que han sido hechas p\u00fablicas este mi\u00e9rcoles.<\/p>\n<p>&nbsp;<\/p>\n<p>As\u00ed, Espa\u00f1a se convierte, de las 18 grandes econom\u00edas incluidas en el estudio, en la que m\u00e1s cae, empatada con Italia: un espectacular 12,8% que, adem\u00e1s, se concentra en la primera mitad del a\u00f1o. Como referencia, entre 2014 y 2019, tras la eurocrisis, el PIB hab\u00eda crecido un 15% aproximadamente. El hundimiento de la actividad que equivaldr\u00eda a eliminar de un plumazo la industria m\u00e1s importante de Espa\u00f1a, el turismo, y que afecta tambi\u00e9n a las cuentas p\u00fablicas. As\u00ed, el d\u00e9ficit del Estado se situar\u00e1, seg\u00fan el Fondo, en el 13,9% del PIB, s\u00f3lo por detr\u00e1s de Jap\u00f3n (14,7%), Sud\u00e1frica (14,8%) y Estados Unidos (23,8%).<\/p>\n<p>&nbsp;<\/p>\n<p><img loading=\"lazy\" decoding=\"async\" class=\"  x-right\" src=\"https:\/\/www.sonoraenequipo.com.mx\/storage\/2020\/06\/previsiones-2020_opt-317x452.jpg\" alt=\"\" width=\"444\" height=\"633\" \/>La salida, adem\u00e1s, va a ser lenta. El Fondo estima un crecimiento del PIB del 6,3% en 2021, lo que significa que la esperada reactivaci\u00f3n tras el final del coronavirus s\u00f3lo va a permitir recuperar el a\u00f1o que viene menos de la mitad de lo que se pierda \u00e9ste. De hecho, en el cuarto trimestre del a\u00f1o, el Fondo Monetario estima que el PIB ser\u00e1 un 11,4% en relaci\u00f3n al mismo periodo del a\u00f1o anterior. La reactivaci\u00f3n del PIB s\u00f3lo ser\u00e1 del 6,3% el a\u00f1o que viene. Eso significa que el Fondo ha aumentado en 4,8 puntos porcentuales el desplome en 2020 (en abril preve\u00eda un desplome del crecimiento del 8%) y s\u00f3lo ha subido en 2 puntos la previsi\u00f3n de 2021.<\/p>\n<p>&nbsp;<\/p>\n<p>Igualmente, el deterioro de las cuentas p\u00fablicas es 1,9 puntos mayor que el 9,5% previsto hace dos meses. Estas previsiones no incluyen el mercado laboral, pero en abril, cuando eran menos catastr\u00f3ficas, ya vaticinaban un paro en promedio del 20,8%. Para lograr esa cifra, el desempleo deber\u00eda aumentar en algunos trimestres hasta, posiblemente, el 30%. Ahora, con el empeoramiento de la situaci\u00f3n, es de prever que el deterioro sea todav\u00eda mayor.<\/p>\n<p>&nbsp;<\/p>\n<p>El FMI ya arranca su informe declarando taxativamente que \u00e9sta es \u00abuna crisis como ninguna otra, con una recuperaci\u00f3n incierta\u00bb. Eso se aplica a todo el mundo. Pero m\u00e1s a Espa\u00f1a. El hundimiento del PIB tiene pocos parangones hist\u00f3ricos en pa\u00edses desarrollados en tiempos de paz. Por poner un ejemplo, en el peor a\u00f1o de la Gran Depresi\u00f3n, 1932 -cuando el presidente estadounidense apuntill\u00f3 la econom\u00eda con una subida de impuestos- el PIB de ese pa\u00eds apenas cay\u00f3 una d\u00e9cima m\u00e1s de lo que va a descender el de Espa\u00f1a en 2020.<\/p>\n<p>&nbsp;<\/p>\n<p>El problema para Espa\u00f1a es mayor porque muchos de sus socios sufrir\u00e1n tambi\u00e9n el desplome de manera extrema. Italia, como se ha mencionado antes, es el \u00fanico pa\u00eds que cae tanto como Espa\u00f1a; el segundo es Francia, con un descenso del PIB del 12,5%. La regi\u00f3n del mundo que m\u00e1s cae es la Eurozona, seguida, precisamente, de Am\u00e9rica Latina, con quien Espa\u00f1a mantiene relaciones econ\u00f3micas y financieras muy significativas. El hundimiento latinoamericano, del 9,1%, se agrava por el hecho de que \u00e9sa es la regi\u00f3n que va a tener una salida m\u00e1s lenta de la crisis en 2021, con una expansi\u00f3n del 3,7%.<\/p>\n<p>&nbsp;<\/p>\n<p>&nbsp;<\/p>\n<p>(PUBLICADO EL 24\/06\/2020\/ Foto tomada de @lalibrebe)<\/p>\n","protected":false},"excerpt":{"rendered":"<p>ESTADOS UNIDOS. \u2014 El FMI ha revisado sus proyecciones para la econom\u00eda por el impacto&#8230;<\/p>\n","protected":false},"author":1,"featured_media":88117,"comment_status":"open","ping_status":"open","sticky":false,"template":"","format":"standard","meta":{"_monsterinsights_skip_tracking":false,"_monsterinsights_sitenote_active":false,"_monsterinsights_sitenote_note":"","_monsterinsights_sitenote_category":0,"footnotes":""},"categories":[3],"tags":[],"class_list":["post"],"yoast_head":" \n<title>Sonora en Equipo. El FMI proyecta la peor ca\u00edda de la econom\u00eda mundial desde la gran depresi\u00f3n MUNDO<\/title>\n<meta name=\"description\" content=\"ESTADOS UNIDOS. \u2014 El FMI ha revisado sus proyecciones para la econom\u00eda por el impacto de la COVID-19. &nbsp; &nbsp; La pandemia ha tenido un &quot;impacto m\u00e1s En Sonora en Equipo publicamos toda la informaci\u00f3n de Sonora, M\u00e9xico y el Mundo de manera oportuna y busca que la libertad de expresi\u00f3n sea real. Visita nuestro medio informativo publicado desde Hermosillo, Sonora. %\" \/>\n<meta name=\"robots\" content=\"index, follow, max-snippet:-1, max-image-preview:large, max-video-preview:-1\" \/>\n<link rel=\"canonical\" href=\"https:\/\/www.sonoraenequipo.com.mx\/el-fmi-proyecta-la-peor-caida-de-la-economia-mundial-desde-la-gran-depresion\/\" \/>\n<meta property=\"og:locale\" content=\"es_ES\" \/>\n<meta property=\"og:type\" content=\"article\" \/>\n<meta property=\"og:title\" content=\"Sonora en Equipo. El FMI proyecta la peor ca\u00edda de la econom\u00eda mundial desde la gran depresi\u00f3n MUNDO\" \/>\n<meta property=\"og:description\" content=\"ESTADOS UNIDOS. \u2014 El FMI ha revisado sus proyecciones para la econom\u00eda por el impacto de la COVID-19. &nbsp; &nbsp; La pandemia ha tenido un &quot;impacto m\u00e1s En Sonora en Equipo publicamos toda la informaci\u00f3n de Sonora, M\u00e9xico y el Mundo de manera oportuna y busca que la libertad de expresi\u00f3n sea real. Visita nuestro medio informativo publicado desde Hermosillo, Sonora. %\" \/>\n<meta property=\"og:url\" content=\"https:\/\/www.sonoraenequipo.com.mx\/el-fmi-proyecta-la-peor-caida-de-la-economia-mundial-desde-la-gran-depresion\/\" \/>\n<meta property=\"og:site_name\" content=\"Sonora en Equipo.\" \/>\n<meta property=\"article:publisher\" content=\"https:\/\/www.facebook.com\/SonoraEE\/\" \/>\n<meta property=\"article:author\" content=\"https:\/\/www.facebook.com\/SonoraEE\" \/>\n<meta property=\"article:published_time\" content=\"2020-06-24T18:16:04+00:00\" \/>\n<meta property=\"og:image\" content=\"https:\/\/www.sonoraenequipo.com.mx\/storage\/2020\/06\/fmi-proyecta_opt.jpg\" \/>\n\t<meta property=\"og:image:width\" content=\"800\" \/>\n\t<meta property=\"og:image:height\" content=\"400\" \/>\n\t<meta property=\"og:image:type\" content=\"image\/jpeg\" \/>\n<meta name=\"author\" content=\"enequipo\" \/>\n<meta name=\"twitter:card\" content=\"summary_large_image\" \/>\n<meta name=\"twitter:creator\" content=\"@sonoraenequipo\" \/>\n<meta name=\"twitter:site\" content=\"@sonoraenequipo\" \/>\n<meta name=\"twitter:label1\" content=\"Escrito por\" \/>\n\t<meta name=\"twitter:data1\" content=\"enequipo\" \/>\n\t<meta name=\"twitter:label2\" content=\"Tiempo de lectura\" \/>\n\t<meta name=\"twitter:data2\" content=\"4 minutos\" \/>\n<script type=\"application\/ld+json\" class=\"yoast-schema-graph\">{\"@context\":\"https:\/\/schema.org\",\"@graph\":[{\"@type\":\"Article\",\"@id\":\"https:\/\/www.sonoraenequipo.com.mx\/el-fmi-proyecta-la-peor-caida-de-la-economia-mundial-desde-la-gran-depresion\/#article\",\"isPartOf\":{\"@id\":\"https:\/\/www.sonoraenequipo.com.mx\/el-fmi-proyecta-la-peor-caida-de-la-economia-mundial-desde-la-gran-depresion\/\"},\"author\":{\"name\":\"enequipo\",\"@id\":\"https:\/\/www.sonoraenequipo.com.mx\/#\/schema\/person\/50102df0fb23a8fa9e8effad8fa81386\"},\"headline\":\"El FMI proyecta la peor ca\u00edda de la econom\u00eda mundial desde la gran depresi\u00f3n\",\"datePublished\":\"2020-06-24T18:16:04+00:00\",\"mainEntityOfPage\":{\"@id\":\"https:\/\/www.sonoraenequipo.com.mx\/el-fmi-proyecta-la-peor-caida-de-la-economia-mundial-desde-la-gran-depresion\/\"},\"wordCount\":736,\"commentCount\":0,\"publisher\":{\"@id\":\"https:\/\/www.sonoraenequipo.com.mx\/#organization\"},\"image\":{\"@id\":\"https:\/\/www.sonoraenequipo.com.mx\/el-fmi-proyecta-la-peor-caida-de-la-economia-mundial-desde-la-gran-depresion\/#primaryimage\"},\"thumbnailUrl\":\"https:\/\/www.sonoraenequipo.com.mx\/storage\/2020\/06\/fmi-proyecta_opt.jpg\",\"articleSection\":[\"MUNDO\"],\"inLanguage\":\"es\",\"potentialAction\":[{\"@type\":\"CommentAction\",\"name\":\"Comment\",\"target\":[\"https:\/\/www.sonoraenequipo.com.mx\/el-fmi-proyecta-la-peor-caida-de-la-economia-mundial-desde-la-gran-depresion\/#respond\"]}]},{\"@type\":\"WebPage\",\"@id\":\"https:\/\/www.sonoraenequipo.com.mx\/el-fmi-proyecta-la-peor-caida-de-la-economia-mundial-desde-la-gran-depresion\/\",\"url\":\"https:\/\/www.sonoraenequipo.com.mx\/el-fmi-proyecta-la-peor-caida-de-la-economia-mundial-desde-la-gran-depresion\/\",\"name\":\"Sonora en Equipo. El FMI proyecta la peor ca\u00edda de la econom\u00eda mundial desde la gran depresi\u00f3n MUNDO\",\"isPartOf\":{\"@id\":\"https:\/\/www.sonoraenequipo.com.mx\/#website\"},\"primaryImageOfPage\":{\"@id\":\"https:\/\/www.sonoraenequipo.com.mx\/el-fmi-proyecta-la-peor-caida-de-la-economia-mundial-desde-la-gran-depresion\/#primaryimage\"},\"image\":{\"@id\":\"https:\/\/www.sonoraenequipo.com.mx\/el-fmi-proyecta-la-peor-caida-de-la-economia-mundial-desde-la-gran-depresion\/#primaryimage\"},\"thumbnailUrl\":\"https:\/\/www.sonoraenequipo.com.mx\/storage\/2020\/06\/fmi-proyecta_opt.jpg\",\"datePublished\":\"2020-06-24T18:16:04+00:00\",\"description\":\"ESTADOS UNIDOS. \u2014 El FMI ha revisado sus proyecciones para la econom\u00eda por el impacto de la COVID-19. &nbsp; &nbsp; La pandemia ha tenido un \\\"impacto m\u00e1s En Sonora en Equipo publicamos toda la informaci\u00f3n de Sonora, M\u00e9xico y el Mundo de manera oportuna y busca que la libertad de expresi\u00f3n sea real. Visita nuestro medio informativo publicado desde Hermosillo, Sonora. %\",\"breadcrumb\":{\"@id\":\"https:\/\/www.sonoraenequipo.com.mx\/el-fmi-proyecta-la-peor-caida-de-la-economia-mundial-desde-la-gran-depresion\/#breadcrumb\"},\"inLanguage\":\"es\",\"potentialAction\":[{\"@type\":\"ReadAction\",\"target\":[\"https:\/\/www.sonoraenequipo.com.mx\/el-fmi-proyecta-la-peor-caida-de-la-economia-mundial-desde-la-gran-depresion\/\"]}]},{\"@type\":\"ImageObject\",\"inLanguage\":\"es\",\"@id\":\"https:\/\/www.sonoraenequipo.com.mx\/el-fmi-proyecta-la-peor-caida-de-la-economia-mundial-desde-la-gran-depresion\/#primaryimage\",\"url\":\"https:\/\/www.sonoraenequipo.com.mx\/storage\/2020\/06\/fmi-proyecta_opt.jpg\",\"contentUrl\":\"https:\/\/www.sonoraenequipo.com.mx\/storage\/2020\/06\/fmi-proyecta_opt.jpg\",\"width\":800,\"height\":400},{\"@type\":\"BreadcrumbList\",\"@id\":\"https:\/\/www.sonoraenequipo.com.mx\/el-fmi-proyecta-la-peor-caida-de-la-economia-mundial-desde-la-gran-depresion\/#breadcrumb\",\"itemListElement\":[{\"@type\":\"ListItem\",\"position\":1,\"name\":\"Portada\",\"item\":\"https:\/\/www.sonoraenequipo.com.mx\/\"},{\"@type\":\"ListItem\",\"position\":2,\"name\":\"El FMI proyecta la peor ca\u00edda de la econom\u00eda mundial desde la gran depresi\u00f3n\"}]},{\"@type\":\"WebSite\",\"@id\":\"https:\/\/www.sonoraenequipo.com.mx\/#website\",\"url\":\"https:\/\/www.sonoraenequipo.com.mx\/\",\"name\":\"Sonora en Equipo.\",\"description\":\"Diario en l\u00ednea con Noticias desde Hermosillo, Sonora\",\"publisher\":{\"@id\":\"https:\/\/www.sonoraenequipo.com.mx\/#organization\"},\"potentialAction\":[{\"@type\":\"SearchAction\",\"target\":{\"@type\":\"EntryPoint\",\"urlTemplate\":\"https:\/\/www.sonoraenequipo.com.mx\/?s={search_term_string}\"},\"query-input\":{\"@type\":\"PropertyValueSpecification\",\"valueRequired\":true,\"valueName\":\"search_term_string\"}}],\"inLanguage\":\"es\"},{\"@type\":\"Organization\",\"@id\":\"https:\/\/www.sonoraenequipo.com.mx\/#organization\",\"name\":\"Sonoraenequipo.com.mx\",\"url\":\"https:\/\/www.sonoraenequipo.com.mx\/\",\"logo\":{\"@type\":\"ImageObject\",\"inLanguage\":\"es\",\"@id\":\"https:\/\/www.sonoraenequipo.com.mx\/#\/schema\/logo\/image\/\",\"url\":\"https:\/\/www.sonoraenequipo.com.mx\/storage\/2019\/01\/sonoraenequipo_opt.png\",\"contentUrl\":\"https:\/\/www.sonoraenequipo.com.mx\/storage\/2019\/01\/sonoraenequipo_opt.png\",\"width\":375,\"height\":125,\"caption\":\"Sonoraenequipo.com.mx\"},\"image\":{\"@id\":\"https:\/\/www.sonoraenequipo.com.mx\/#\/schema\/logo\/image\/\"},\"sameAs\":[\"https:\/\/www.facebook.com\/SonoraEE\/\",\"https:\/\/x.com\/sonoraenequipo\",\"https:\/\/www.youtube.com\/channel\/UC338nW-lPEYmJQs4ZABQ1SQ\"]},{\"@type\":\"Person\",\"@id\":\"https:\/\/www.sonoraenequipo.com.mx\/#\/schema\/person\/50102df0fb23a8fa9e8effad8fa81386\",\"name\":\"enequipo\",\"image\":{\"@type\":\"ImageObject\",\"inLanguage\":\"es\",\"@id\":\"https:\/\/www.sonoraenequipo.com.mx\/#\/schema\/person\/image\/\",\"url\":\"https:\/\/secure.gravatar.com\/avatar\/049821681b589dabc0bc20695993ccebb09f5b5d4d790cd9251b97faac7c652b?s=96&d=blank&r=g\",\"contentUrl\":\"https:\/\/secure.gravatar.com\/avatar\/049821681b589dabc0bc20695993ccebb09f5b5d4d790cd9251b97faac7c652b?s=96&d=blank&r=g\",\"caption\":\"enequipo\"},\"sameAs\":[\"https:\/\/www.facebook.com\/SonoraEE\"]}]}<\/script>\n ","yoast_head_json":{"title":"Sonora en Equipo. El FMI proyecta la peor ca\u00edda de la econom\u00eda mundial desde la gran depresi\u00f3n MUNDO","description":"ESTADOS UNIDOS. \u2014 El FMI ha revisado sus proyecciones para la econom\u00eda por el impacto de la COVID-19. &nbsp; &nbsp; La pandemia ha tenido un \"impacto m\u00e1s En Sonora en Equipo publicamos toda la informaci\u00f3n de Sonora, M\u00e9xico y el Mundo de manera oportuna y busca que la libertad de expresi\u00f3n sea real. Visita nuestro medio informativo publicado desde Hermosillo, Sonora. %","robots":{"index":"index","follow":"follow","max-snippet":"max-snippet:-1","max-image-preview":"max-image-preview:large","max-video-preview":"max-video-preview:-1"},"canonical":"https:\/\/www.sonoraenequipo.com.mx\/el-fmi-proyecta-la-peor-caida-de-la-economia-mundial-desde-la-gran-depresion\/","og_locale":"es_ES","og_type":"article","og_title":"Sonora en Equipo. El FMI proyecta la peor ca\u00edda de la econom\u00eda mundial desde la gran depresi\u00f3n MUNDO","og_description":"ESTADOS UNIDOS. \u2014 El FMI ha revisado sus proyecciones para la econom\u00eda por el impacto de la COVID-19. &nbsp; &nbsp; La pandemia ha tenido un \"impacto m\u00e1s En Sonora en Equipo publicamos toda la informaci\u00f3n de Sonora, M\u00e9xico y el Mundo de manera oportuna y busca que la libertad de expresi\u00f3n sea real. Visita nuestro medio informativo publicado desde Hermosillo, Sonora. %","og_url":"https:\/\/www.sonoraenequipo.com.mx\/el-fmi-proyecta-la-peor-caida-de-la-economia-mundial-desde-la-gran-depresion\/","og_site_name":"Sonora en Equipo.","article_publisher":"https:\/\/www.facebook.com\/SonoraEE\/","article_author":"https:\/\/www.facebook.com\/SonoraEE","article_published_time":"2020-06-24T18:16:04+00:00","og_image":[{"width":800,"height":400,"url":"https:\/\/www.sonoraenequipo.com.mx\/storage\/2020\/06\/fmi-proyecta_opt.jpg","type":"image\/jpeg"}],"author":"enequipo","twitter_card":"summary_large_image","twitter_creator":"@sonoraenequipo","twitter_site":"@sonoraenequipo","twitter_misc":{"Escrito por":"enequipo","Tiempo de lectura":"4 minutos"},"schema":{"@context":"https:\/\/schema.org","@graph":[{"@type":"Article","@id":"https:\/\/www.sonoraenequipo.com.mx\/el-fmi-proyecta-la-peor-caida-de-la-economia-mundial-desde-la-gran-depresion\/#article","isPartOf":{"@id":"https:\/\/www.sonoraenequipo.com.mx\/el-fmi-proyecta-la-peor-caida-de-la-economia-mundial-desde-la-gran-depresion\/"},"author":{"name":"enequipo","@id":"https:\/\/www.sonoraenequipo.com.mx\/#\/schema\/person\/50102df0fb23a8fa9e8effad8fa81386"},"headline":"El FMI proyecta la peor ca\u00edda de la econom\u00eda mundial desde la gran depresi\u00f3n","datePublished":"2020-06-24T18:16:04+00:00","mainEntityOfPage":{"@id":"https:\/\/www.sonoraenequipo.com.mx\/el-fmi-proyecta-la-peor-caida-de-la-economia-mundial-desde-la-gran-depresion\/"},"wordCount":736,"commentCount":0,"publisher":{"@id":"https:\/\/www.sonoraenequipo.com.mx\/#organization"},"image":{"@id":"https:\/\/www.sonoraenequipo.com.mx\/el-fmi-proyecta-la-peor-caida-de-la-economia-mundial-desde-la-gran-depresion\/#primaryimage"},"thumbnailUrl":"https:\/\/www.sonoraenequipo.com.mx\/storage\/2020\/06\/fmi-proyecta_opt.jpg","articleSection":["MUNDO"],"inLanguage":"es","potentialAction":[{"@type":"CommentAction","name":"Comment","target":["https:\/\/www.sonoraenequipo.com.mx\/el-fmi-proyecta-la-peor-caida-de-la-economia-mundial-desde-la-gran-depresion\/#respond"]}]},{"@type":"WebPage","@id":"https:\/\/www.sonoraenequipo.com.mx\/el-fmi-proyecta-la-peor-caida-de-la-economia-mundial-desde-la-gran-depresion\/","url":"https:\/\/www.sonoraenequipo.com.mx\/el-fmi-proyecta-la-peor-caida-de-la-economia-mundial-desde-la-gran-depresion\/","name":"Sonora en Equipo. El FMI proyecta la peor ca\u00edda de la econom\u00eda mundial desde la gran depresi\u00f3n MUNDO","isPartOf":{"@id":"https:\/\/www.sonoraenequipo.com.mx\/#website"},"primaryImageOfPage":{"@id":"https:\/\/www.sonoraenequipo.com.mx\/el-fmi-proyecta-la-peor-caida-de-la-economia-mundial-desde-la-gran-depresion\/#primaryimage"},"image":{"@id":"https:\/\/www.sonoraenequipo.com.mx\/el-fmi-proyecta-la-peor-caida-de-la-economia-mundial-desde-la-gran-depresion\/#primaryimage"},"thumbnailUrl":"https:\/\/www.sonoraenequipo.com.mx\/storage\/2020\/06\/fmi-proyecta_opt.jpg","datePublished":"2020-06-24T18:16:04+00:00","description":"ESTADOS UNIDOS. \u2014 El FMI ha revisado sus proyecciones para la econom\u00eda por el impacto de la COVID-19. &nbsp; &nbsp; La pandemia ha tenido un \"impacto m\u00e1s En Sonora en Equipo publicamos toda la informaci\u00f3n de Sonora, M\u00e9xico y el Mundo de manera oportuna y busca que la libertad de expresi\u00f3n sea real. Visita nuestro medio informativo publicado desde Hermosillo, Sonora. %","breadcrumb":{"@id":"https:\/\/www.sonoraenequipo.com.mx\/el-fmi-proyecta-la-peor-caida-de-la-economia-mundial-desde-la-gran-depresion\/#breadcrumb"},"inLanguage":"es","potentialAction":[{"@type":"ReadAction","target":["https:\/\/www.sonoraenequipo.com.mx\/el-fmi-proyecta-la-peor-caida-de-la-economia-mundial-desde-la-gran-depresion\/"]}]},{"@type":"ImageObject","inLanguage":"es","@id":"https:\/\/www.sonoraenequipo.com.mx\/el-fmi-proyecta-la-peor-caida-de-la-economia-mundial-desde-la-gran-depresion\/#primaryimage","url":"https:\/\/www.sonoraenequipo.com.mx\/storage\/2020\/06\/fmi-proyecta_opt.jpg","contentUrl":"https:\/\/www.sonoraenequipo.com.mx\/storage\/2020\/06\/fmi-proyecta_opt.jpg","width":800,"height":400},{"@type":"BreadcrumbList","@id":"https:\/\/www.sonoraenequipo.com.mx\/el-fmi-proyecta-la-peor-caida-de-la-economia-mundial-desde-la-gran-depresion\/#breadcrumb","itemListElement":[{"@type":"ListItem","position":1,"name":"Portada","item":"https:\/\/www.sonoraenequipo.com.mx\/"},{"@type":"ListItem","position":2,"name":"El FMI proyecta la peor ca\u00edda de la econom\u00eda mundial desde la gran depresi\u00f3n"}]},{"@type":"WebSite","@id":"https:\/\/www.sonoraenequipo.com.mx\/#website","url":"https:\/\/www.sonoraenequipo.com.mx\/","name":"Sonora en Equipo.","description":"Diario en l\u00ednea con Noticias desde Hermosillo, Sonora","publisher":{"@id":"https:\/\/www.sonoraenequipo.com.mx\/#organization"},"potentialAction":[{"@type":"SearchAction","target":{"@type":"EntryPoint","urlTemplate":"https:\/\/www.sonoraenequipo.com.mx\/?s={search_term_string}"},"query-input":{"@type":"PropertyValueSpecification","valueRequired":true,"valueName":"search_term_string"}}],"inLanguage":"es"},{"@type":"Organization","@id":"https:\/\/www.sonoraenequipo.com.mx\/#organization","name":"Sonoraenequipo.com.mx","url":"https:\/\/www.sonoraenequipo.com.mx\/","logo":{"@type":"ImageObject","inLanguage":"es","@id":"https:\/\/www.sonoraenequipo.com.mx\/#\/schema\/logo\/image\/","url":"https:\/\/www.sonoraenequipo.com.mx\/storage\/2019\/01\/sonoraenequipo_opt.png","contentUrl":"https:\/\/www.sonoraenequipo.com.mx\/storage\/2019\/01\/sonoraenequipo_opt.png","width":375,"height":125,"caption":"Sonoraenequipo.com.mx"},"image":{"@id":"https:\/\/www.sonoraenequipo.com.mx\/#\/schema\/logo\/image\/"},"sameAs":["https:\/\/www.facebook.com\/SonoraEE\/","https:\/\/x.com\/sonoraenequipo","https:\/\/www.youtube.com\/channel\/UC338nW-lPEYmJQs4ZABQ1SQ"]},{"@type":"Person","@id":"https:\/\/www.sonoraenequipo.com.mx\/#\/schema\/person\/50102df0fb23a8fa9e8effad8fa81386","name":"enequipo","image":{"@type":"ImageObject","inLanguage":"es","@id":"https:\/\/www.sonoraenequipo.com.mx\/#\/schema\/person\/image\/","url":"https:\/\/secure.gravatar.com\/avatar\/049821681b589dabc0bc20695993ccebb09f5b5d4d790cd9251b97faac7c652b?s=96&d=blank&r=g","contentUrl":"https:\/\/secure.gravatar.com\/avatar\/049821681b589dabc0bc20695993ccebb09f5b5d4d790cd9251b97faac7c652b?s=96&d=blank&r=g","caption":"enequipo"},"sameAs":["https:\/\/www.facebook.com\/SonoraEE"]}]}},"jetpack_featured_media_url":"https:\/\/www.sonoraenequipo.com.mx\/storage\/2020\/06\/fmi-proyecta_opt.jpg","_links":{"self":[{"href":"https:\/\/www.sonoraenequipo.com.mx\/api\/wp\/v2\/posts\/88116","targetHints":{"allow":["GET"]}}],"collection":[{"href":"https:\/\/www.sonoraenequipo.com.mx\/api\/wp\/v2\/posts"}],"about":[{"href":"https:\/\/www.sonoraenequipo.com.mx\/api\/wp\/v2\/types\/post"}],"author":[{"embeddable":true,"href":"https:\/\/www.sonoraenequipo.com.mx\/api\/wp\/v2\/users\/1"}],"replies":[{"embeddable":true,"href":"https:\/\/www.sonoraenequipo.com.mx\/api\/wp\/v2\/comments?post=88116"}],"version-history":[{"count":0,"href":"https:\/\/www.sonoraenequipo.com.mx\/api\/wp\/v2\/posts\/88116\/revisions"}],"wp:featuredmedia":[{"embeddable":true,"href":"https:\/\/www.sonoraenequipo.com.mx\/api\/wp\/v2\/media\/88117"}],"wp:attachment":[{"href":"https:\/\/www.sonoraenequipo.com.mx\/api\/wp\/v2\/media?parent=88116"}],"wp:term":[{"taxonomy":"category","embeddable":true,"href":"https:\/\/www.sonoraenequipo.com.mx\/api\/wp\/v2\/categories?post=88116"},{"taxonomy":"post_tag","embeddable":true,"href":"https:\/\/www.sonoraenequipo.com.mx\/api\/wp\/v2\/tags?post=88116"}],"curies":[{"name":"wp","href":"https:\/\/api.w.org\/{rel}","templated":true}]}}