{"id":88123,"date":"2020-06-24T11:00:00","date_gmt":"2020-06-24T18:00:00","guid":{"rendered":"https:\/\/www.sonoraenequipo.com.mx\/?p=88123"},"modified":"2020-06-24T11:41:08","modified_gmt":"2020-06-24T18:41:08","slug":"amlo-y-donald-trump-planean-reunirse-en-washington-proximamente","status":"publish","type":"post","link":"https:\/\/www.sonoraenequipo.com.mx\/amlo-y-donald-trump-planean-reunirse-en-washington-proximamente\/","title":{"rendered":"AMLO y Donald Trump planean reunirse en Washington pr\u00f3ximamente"},"content":{"rendered":"<p>CIUDAD DE M\u00c9XICO. MX. \u2014 Marcelo Ebrard, secretario de Relaciones Exteriores, detall\u00f3 que en pr\u00f3ximos d\u00edas informar\u00e1 sobre las fechas y programa que abordar\u00edan en una posible reuni\u00f3n entre el presidente Andr\u00e9s Manuel L\u00f3pez Obrador, Donald Trump y el primer ministro de Canad\u00e1, Justin Trudeau.<\/p>\n<p> <\/p>\n<p>Mediante su cuenta de Twitter, el canciller record\u00f3 que M\u00e9xico propuso un encuentro entre los tres jefes de Estado en el marco de la entrada en vigor del Tratado entre M\u00e9xico, Estados Unidos y Canad\u00e1 (T-MEC) el pr\u00f3ximo 1 de julio y con ello<em> \u201ciniciar una nueva etapa trilateral de bienestar y crecimiento econ\u00f3mico\u201d.<\/em><\/p>\n<p>Por su parte, L\u00f3pez Obrador en conferencia ma\u00f1anera afirm\u00f3 que <em>\u201cmuy pronto\u201d<\/em> ir\u00e1 a Washington D.C. para reunirse con Donald Trump y el primer ministro de Canad\u00e1, Justin Trudeau; sin embargo, apunt\u00f3 que no ser\u00e1 el 1 de julio, pues ese d\u00eda se cumplen 2 a\u00f1os de que gan\u00f3 las elecciones, pero dijo, podr\u00eda ser en los primeros d\u00edas del pr\u00f3ximo mes.<\/p>\n<p><em>\u201cEs muy probable que vaya a Washington y me re\u00fana con el presidente Trump, va a ser pronto. Nada m\u00e1s estamos esperando para definir el car\u00e1cter del encuentro. Nosotros queremos que participe tambi\u00e9n el primer ministro de Canad\u00e1, Trudeau, y que la reuni\u00f3n se lleve a cabo con motivo del inicio del tratado, es decir, la entrada ya en funcionamiento del tratado. C\u00f3mo va a ser en Washington, nosotros estamos esperando que se haga la invitaci\u00f3n del gobierno de Estados Unidos al gobierno de Canad\u00e1 y que Canad\u00e1 est\u00e9 de acuerdo. De todas maneras nosotros vamos a asistir\u201d,<\/em> sostuvo desde el Antiguo Palacio del Ayuntamiento.<\/p>\n<p><a class=\"twitter-timeline\" data-width=\"640\" data-height=\"960\" data-dnt=\"true\" href=\"https:\/\/twitter.com\/m_ebrard?ref_src=twsrc%5Etfw\">Tweets by m_ebrard<\/a><script async src=\"https:\/\/platform.twitter.com\/widgets.js\" charset=\"utf-8\"><\/script><\/p>\n<p>(PUBLICADO EL 24\/06\/2020)<\/p>\n","protected":false},"excerpt":{"rendered":"<p>CIUDAD DE M\u00c9XICO. MX. \u2014 Marcelo Ebrard, secretario de Relaciones Exteriores, detall\u00f3 que en pr\u00f3ximos&#8230;<\/p>\n","protected":false},"author":1,"featured_media":88125,"comment_status":"open","ping_status":"open","sticky":false,"template":"","format":"standard","meta":{"_monsterinsights_skip_tracking":false,"_monsterinsights_sitenote_active":false,"_monsterinsights_sitenote_note":"","_monsterinsights_sitenote_category":0,"footnotes":""},"categories":[3],"tags":[],"class_list":["post"],"yoast_head":" \n<title>Sonora en Equipo. AMLO y Donald Trump planean reunirse en Washington pr\u00f3ximamente MUNDO<\/title>\n<meta name=\"description\" content=\"CIUDAD DE M\u00c9XICO. MX. \u2014 Marcelo Ebrard, secretario de Relaciones Exteriores, detall\u00f3 que en pr\u00f3ximos d\u00edas informar\u00e1 sobre las fechas y programa que En Sonora en Equipo publicamos toda la informaci\u00f3n de Sonora, M\u00e9xico y el Mundo de manera oportuna y busca que la libertad de expresi\u00f3n sea real. Visita nuestro medio informativo publicado desde Hermosillo, Sonora. %\" \/>\n<meta name=\"robots\" content=\"index, follow, max-snippet:-1, max-image-preview:large, max-video-preview:-1\" \/>\n<link rel=\"canonical\" href=\"https:\/\/www.sonoraenequipo.com.mx\/amlo-y-donald-trump-planean-reunirse-en-washington-proximamente\/\" \/>\n<meta property=\"og:locale\" content=\"es_ES\" \/>\n<meta property=\"og:type\" content=\"article\" \/>\n<meta property=\"og:title\" content=\"Sonora en Equipo. AMLO y Donald Trump planean reunirse en Washington pr\u00f3ximamente MUNDO\" \/>\n<meta property=\"og:description\" content=\"CIUDAD DE M\u00c9XICO. MX. \u2014 Marcelo Ebrard, secretario de Relaciones Exteriores, detall\u00f3 que en pr\u00f3ximos d\u00edas informar\u00e1 sobre las fechas y programa que En Sonora en Equipo publicamos toda la informaci\u00f3n de Sonora, M\u00e9xico y el Mundo de manera oportuna y busca que la libertad de expresi\u00f3n sea real. Visita nuestro medio informativo publicado desde Hermosillo, Sonora. %\" \/>\n<meta property=\"og:url\" content=\"https:\/\/www.sonoraenequipo.com.mx\/amlo-y-donald-trump-planean-reunirse-en-washington-proximamente\/\" \/>\n<meta property=\"og:site_name\" content=\"Sonora en Equipo.\" \/>\n<meta property=\"article:publisher\" content=\"https:\/\/www.facebook.com\/SonoraEE\/\" \/>\n<meta property=\"article:author\" content=\"https:\/\/www.facebook.com\/SonoraEE\" \/>\n<meta property=\"article:published_time\" content=\"2020-06-24T18:00:00+00:00\" \/>\n<meta property=\"article:modified_time\" content=\"2020-06-24T18:41:08+00:00\" \/>\n<meta property=\"og:image\" content=\"https:\/\/www.sonoraenequipo.com.mx\/storage\/2020\/06\/reunion-en-breve_opt.jpg\" \/>\n\t<meta property=\"og:image:width\" content=\"1000\" \/>\n\t<meta property=\"og:image:height\" content=\"500\" \/>\n\t<meta property=\"og:image:type\" content=\"image\/jpeg\" \/>\n<meta name=\"author\" content=\"enequipo\" \/>\n<meta name=\"twitter:card\" content=\"summary_large_image\" \/>\n<meta name=\"twitter:creator\" content=\"@sonoraenequipo\" \/>\n<meta name=\"twitter:site\" content=\"@sonoraenequipo\" \/>\n<meta name=\"twitter:label1\" content=\"Escrito por\" \/>\n\t<meta name=\"twitter:data1\" content=\"enequipo\" \/>\n\t<meta name=\"twitter:label2\" content=\"Tiempo de lectura\" \/>\n\t<meta name=\"twitter:data2\" content=\"1 minuto\" \/>\n<script type=\"application\/ld+json\" class=\"yoast-schema-graph\">{\"@context\":\"https:\/\/schema.org\",\"@graph\":[{\"@type\":\"Article\",\"@id\":\"https:\/\/www.sonoraenequipo.com.mx\/amlo-y-donald-trump-planean-reunirse-en-washington-proximamente\/#article\",\"isPartOf\":{\"@id\":\"https:\/\/www.sonoraenequipo.com.mx\/amlo-y-donald-trump-planean-reunirse-en-washington-proximamente\/\"},\"author\":{\"name\":\"enequipo\",\"@id\":\"https:\/\/www.sonoraenequipo.com.mx\/#\/schema\/person\/50102df0fb23a8fa9e8effad8fa81386\"},\"headline\":\"AMLO y Donald Trump planean reunirse en Washington pr\u00f3ximamente\",\"datePublished\":\"2020-06-24T18:00:00+00:00\",\"dateModified\":\"2020-06-24T18:41:08+00:00\",\"mainEntityOfPage\":{\"@id\":\"https:\/\/www.sonoraenequipo.com.mx\/amlo-y-donald-trump-planean-reunirse-en-washington-proximamente\/\"},\"wordCount\":305,\"commentCount\":0,\"publisher\":{\"@id\":\"https:\/\/www.sonoraenequipo.com.mx\/#organization\"},\"image\":{\"@id\":\"https:\/\/www.sonoraenequipo.com.mx\/amlo-y-donald-trump-planean-reunirse-en-washington-proximamente\/#primaryimage\"},\"thumbnailUrl\":\"https:\/\/www.sonoraenequipo.com.mx\/storage\/2020\/06\/reunion-en-breve_opt.jpg\",\"articleSection\":[\"MUNDO\"],\"inLanguage\":\"es\",\"potentialAction\":[{\"@type\":\"CommentAction\",\"name\":\"Comment\",\"target\":[\"https:\/\/www.sonoraenequipo.com.mx\/amlo-y-donald-trump-planean-reunirse-en-washington-proximamente\/#respond\"]}]},{\"@type\":\"WebPage\",\"@id\":\"https:\/\/www.sonoraenequipo.com.mx\/amlo-y-donald-trump-planean-reunirse-en-washington-proximamente\/\",\"url\":\"https:\/\/www.sonoraenequipo.com.mx\/amlo-y-donald-trump-planean-reunirse-en-washington-proximamente\/\",\"name\":\"Sonora en Equipo. AMLO y Donald Trump planean reunirse en Washington pr\u00f3ximamente MUNDO\",\"isPartOf\":{\"@id\":\"https:\/\/www.sonoraenequipo.com.mx\/#website\"},\"primaryImageOfPage\":{\"@id\":\"https:\/\/www.sonoraenequipo.com.mx\/amlo-y-donald-trump-planean-reunirse-en-washington-proximamente\/#primaryimage\"},\"image\":{\"@id\":\"https:\/\/www.sonoraenequipo.com.mx\/amlo-y-donald-trump-planean-reunirse-en-washington-proximamente\/#primaryimage\"},\"thumbnailUrl\":\"https:\/\/www.sonoraenequipo.com.mx\/storage\/2020\/06\/reunion-en-breve_opt.jpg\",\"datePublished\":\"2020-06-24T18:00:00+00:00\",\"dateModified\":\"2020-06-24T18:41:08+00:00\",\"description\":\"CIUDAD DE M\u00c9XICO. MX. \u2014 Marcelo Ebrard, secretario de Relaciones Exteriores, detall\u00f3 que en pr\u00f3ximos d\u00edas informar\u00e1 sobre las fechas y programa que En Sonora en Equipo publicamos toda la informaci\u00f3n de Sonora, M\u00e9xico y el Mundo de manera oportuna y busca que la libertad de expresi\u00f3n sea real. Visita nuestro medio informativo publicado desde Hermosillo, Sonora. %\",\"breadcrumb\":{\"@id\":\"https:\/\/www.sonoraenequipo.com.mx\/amlo-y-donald-trump-planean-reunirse-en-washington-proximamente\/#breadcrumb\"},\"inLanguage\":\"es\",\"potentialAction\":[{\"@type\":\"ReadAction\",\"target\":[\"https:\/\/www.sonoraenequipo.com.mx\/amlo-y-donald-trump-planean-reunirse-en-washington-proximamente\/\"]}]},{\"@type\":\"ImageObject\",\"inLanguage\":\"es\",\"@id\":\"https:\/\/www.sonoraenequipo.com.mx\/amlo-y-donald-trump-planean-reunirse-en-washington-proximamente\/#primaryimage\",\"url\":\"https:\/\/www.sonoraenequipo.com.mx\/storage\/2020\/06\/reunion-en-breve_opt.jpg\",\"contentUrl\":\"https:\/\/www.sonoraenequipo.com.mx\/storage\/2020\/06\/reunion-en-breve_opt.jpg\",\"width\":1000,\"height\":500},{\"@type\":\"BreadcrumbList\",\"@id\":\"https:\/\/www.sonoraenequipo.com.mx\/amlo-y-donald-trump-planean-reunirse-en-washington-proximamente\/#breadcrumb\",\"itemListElement\":[{\"@type\":\"ListItem\",\"position\":1,\"name\":\"Portada\",\"item\":\"https:\/\/www.sonoraenequipo.com.mx\/\"},{\"@type\":\"ListItem\",\"position\":2,\"name\":\"AMLO y Donald Trump planean reunirse en Washington pr\u00f3ximamente\"}]},{\"@type\":\"WebSite\",\"@id\":\"https:\/\/www.sonoraenequipo.com.mx\/#website\",\"url\":\"https:\/\/www.sonoraenequipo.com.mx\/\",\"name\":\"Sonora en Equipo.\",\"description\":\"Diario en l\u00ednea con Noticias desde Hermosillo, Sonora\",\"publisher\":{\"@id\":\"https:\/\/www.sonoraenequipo.com.mx\/#organization\"},\"potentialAction\":[{\"@type\":\"SearchAction\",\"target\":{\"@type\":\"EntryPoint\",\"urlTemplate\":\"https:\/\/www.sonoraenequipo.com.mx\/?s={search_term_string}\"},\"query-input\":{\"@type\":\"PropertyValueSpecification\",\"valueRequired\":true,\"valueName\":\"search_term_string\"}}],\"inLanguage\":\"es\"},{\"@type\":\"Organization\",\"@id\":\"https:\/\/www.sonoraenequipo.com.mx\/#organization\",\"name\":\"Sonoraenequipo.com.mx\",\"url\":\"https:\/\/www.sonoraenequipo.com.mx\/\",\"logo\":{\"@type\":\"ImageObject\",\"inLanguage\":\"es\",\"@id\":\"https:\/\/www.sonoraenequipo.com.mx\/#\/schema\/logo\/image\/\",\"url\":\"https:\/\/www.sonoraenequipo.com.mx\/storage\/2019\/01\/sonoraenequipo_opt.png\",\"contentUrl\":\"https:\/\/www.sonoraenequipo.com.mx\/storage\/2019\/01\/sonoraenequipo_opt.png\",\"width\":375,\"height\":125,\"caption\":\"Sonoraenequipo.com.mx\"},\"image\":{\"@id\":\"https:\/\/www.sonoraenequipo.com.mx\/#\/schema\/logo\/image\/\"},\"sameAs\":[\"https:\/\/www.facebook.com\/SonoraEE\/\",\"https:\/\/x.com\/sonoraenequipo\",\"https:\/\/www.youtube.com\/channel\/UC338nW-lPEYmJQs4ZABQ1SQ\"]},{\"@type\":\"Person\",\"@id\":\"https:\/\/www.sonoraenequipo.com.mx\/#\/schema\/person\/50102df0fb23a8fa9e8effad8fa81386\",\"name\":\"enequipo\",\"image\":{\"@type\":\"ImageObject\",\"inLanguage\":\"es\",\"@id\":\"https:\/\/www.sonoraenequipo.com.mx\/#\/schema\/person\/image\/\",\"url\":\"https:\/\/secure.gravatar.com\/avatar\/049821681b589dabc0bc20695993ccebb09f5b5d4d790cd9251b97faac7c652b?s=96&d=blank&r=g\",\"contentUrl\":\"https:\/\/secure.gravatar.com\/avatar\/049821681b589dabc0bc20695993ccebb09f5b5d4d790cd9251b97faac7c652b?s=96&d=blank&r=g\",\"caption\":\"enequipo\"},\"sameAs\":[\"https:\/\/www.facebook.com\/SonoraEE\"]}]}<\/script>\n ","yoast_head_json":{"title":"Sonora en Equipo. AMLO y Donald Trump planean reunirse en Washington pr\u00f3ximamente MUNDO","description":"CIUDAD DE M\u00c9XICO. MX. \u2014 Marcelo Ebrard, secretario de Relaciones Exteriores, detall\u00f3 que en pr\u00f3ximos d\u00edas informar\u00e1 sobre las fechas y programa que En Sonora en Equipo publicamos toda la informaci\u00f3n de Sonora, M\u00e9xico y el Mundo de manera oportuna y busca que la libertad de expresi\u00f3n sea real. Visita nuestro medio informativo publicado desde Hermosillo, Sonora. %","robots":{"index":"index","follow":"follow","max-snippet":"max-snippet:-1","max-image-preview":"max-image-preview:large","max-video-preview":"max-video-preview:-1"},"canonical":"https:\/\/www.sonoraenequipo.com.mx\/amlo-y-donald-trump-planean-reunirse-en-washington-proximamente\/","og_locale":"es_ES","og_type":"article","og_title":"Sonora en Equipo. AMLO y Donald Trump planean reunirse en Washington pr\u00f3ximamente MUNDO","og_description":"CIUDAD DE M\u00c9XICO. MX. \u2014 Marcelo Ebrard, secretario de Relaciones Exteriores, detall\u00f3 que en pr\u00f3ximos d\u00edas informar\u00e1 sobre las fechas y programa que En Sonora en Equipo publicamos toda la informaci\u00f3n de Sonora, M\u00e9xico y el Mundo de manera oportuna y busca que la libertad de expresi\u00f3n sea real. Visita nuestro medio informativo publicado desde Hermosillo, Sonora. %","og_url":"https:\/\/www.sonoraenequipo.com.mx\/amlo-y-donald-trump-planean-reunirse-en-washington-proximamente\/","og_site_name":"Sonora en Equipo.","article_publisher":"https:\/\/www.facebook.com\/SonoraEE\/","article_author":"https:\/\/www.facebook.com\/SonoraEE","article_published_time":"2020-06-24T18:00:00+00:00","article_modified_time":"2020-06-24T18:41:08+00:00","og_image":[{"width":1000,"height":500,"url":"https:\/\/www.sonoraenequipo.com.mx\/storage\/2020\/06\/reunion-en-breve_opt.jpg","type":"image\/jpeg"}],"author":"enequipo","twitter_card":"summary_large_image","twitter_creator":"@sonoraenequipo","twitter_site":"@sonoraenequipo","twitter_misc":{"Escrito por":"enequipo","Tiempo de lectura":"1 minuto"},"schema":{"@context":"https:\/\/schema.org","@graph":[{"@type":"Article","@id":"https:\/\/www.sonoraenequipo.com.mx\/amlo-y-donald-trump-planean-reunirse-en-washington-proximamente\/#article","isPartOf":{"@id":"https:\/\/www.sonoraenequipo.com.mx\/amlo-y-donald-trump-planean-reunirse-en-washington-proximamente\/"},"author":{"name":"enequipo","@id":"https:\/\/www.sonoraenequipo.com.mx\/#\/schema\/person\/50102df0fb23a8fa9e8effad8fa81386"},"headline":"AMLO y Donald Trump planean reunirse en Washington pr\u00f3ximamente","datePublished":"2020-06-24T18:00:00+00:00","dateModified":"2020-06-24T18:41:08+00:00","mainEntityOfPage":{"@id":"https:\/\/www.sonoraenequipo.com.mx\/amlo-y-donald-trump-planean-reunirse-en-washington-proximamente\/"},"wordCount":305,"commentCount":0,"publisher":{"@id":"https:\/\/www.sonoraenequipo.com.mx\/#organization"},"image":{"@id":"https:\/\/www.sonoraenequipo.com.mx\/amlo-y-donald-trump-planean-reunirse-en-washington-proximamente\/#primaryimage"},"thumbnailUrl":"https:\/\/www.sonoraenequipo.com.mx\/storage\/2020\/06\/reunion-en-breve_opt.jpg","articleSection":["MUNDO"],"inLanguage":"es","potentialAction":[{"@type":"CommentAction","name":"Comment","target":["https:\/\/www.sonoraenequipo.com.mx\/amlo-y-donald-trump-planean-reunirse-en-washington-proximamente\/#respond"]}]},{"@type":"WebPage","@id":"https:\/\/www.sonoraenequipo.com.mx\/amlo-y-donald-trump-planean-reunirse-en-washington-proximamente\/","url":"https:\/\/www.sonoraenequipo.com.mx\/amlo-y-donald-trump-planean-reunirse-en-washington-proximamente\/","name":"Sonora en Equipo. AMLO y Donald Trump planean reunirse en Washington pr\u00f3ximamente MUNDO","isPartOf":{"@id":"https:\/\/www.sonoraenequipo.com.mx\/#website"},"primaryImageOfPage":{"@id":"https:\/\/www.sonoraenequipo.com.mx\/amlo-y-donald-trump-planean-reunirse-en-washington-proximamente\/#primaryimage"},"image":{"@id":"https:\/\/www.sonoraenequipo.com.mx\/amlo-y-donald-trump-planean-reunirse-en-washington-proximamente\/#primaryimage"},"thumbnailUrl":"https:\/\/www.sonoraenequipo.com.mx\/storage\/2020\/06\/reunion-en-breve_opt.jpg","datePublished":"2020-06-24T18:00:00+00:00","dateModified":"2020-06-24T18:41:08+00:00","description":"CIUDAD DE M\u00c9XICO. MX. \u2014 Marcelo Ebrard, secretario de Relaciones Exteriores, detall\u00f3 que en pr\u00f3ximos d\u00edas informar\u00e1 sobre las fechas y programa que En Sonora en Equipo publicamos toda la informaci\u00f3n de Sonora, M\u00e9xico y el Mundo de manera oportuna y busca que la libertad de expresi\u00f3n sea real. Visita nuestro medio informativo publicado desde Hermosillo, Sonora. %","breadcrumb":{"@id":"https:\/\/www.sonoraenequipo.com.mx\/amlo-y-donald-trump-planean-reunirse-en-washington-proximamente\/#breadcrumb"},"inLanguage":"es","potentialAction":[{"@type":"ReadAction","target":["https:\/\/www.sonoraenequipo.com.mx\/amlo-y-donald-trump-planean-reunirse-en-washington-proximamente\/"]}]},{"@type":"ImageObject","inLanguage":"es","@id":"https:\/\/www.sonoraenequipo.com.mx\/amlo-y-donald-trump-planean-reunirse-en-washington-proximamente\/#primaryimage","url":"https:\/\/www.sonoraenequipo.com.mx\/storage\/2020\/06\/reunion-en-breve_opt.jpg","contentUrl":"https:\/\/www.sonoraenequipo.com.mx\/storage\/2020\/06\/reunion-en-breve_opt.jpg","width":1000,"height":500},{"@type":"BreadcrumbList","@id":"https:\/\/www.sonoraenequipo.com.mx\/amlo-y-donald-trump-planean-reunirse-en-washington-proximamente\/#breadcrumb","itemListElement":[{"@type":"ListItem","position":1,"name":"Portada","item":"https:\/\/www.sonoraenequipo.com.mx\/"},{"@type":"ListItem","position":2,"name":"AMLO y Donald Trump planean reunirse en Washington pr\u00f3ximamente"}]},{"@type":"WebSite","@id":"https:\/\/www.sonoraenequipo.com.mx\/#website","url":"https:\/\/www.sonoraenequipo.com.mx\/","name":"Sonora en Equipo.","description":"Diario en l\u00ednea con Noticias desde Hermosillo, Sonora","publisher":{"@id":"https:\/\/www.sonoraenequipo.com.mx\/#organization"},"potentialAction":[{"@type":"SearchAction","target":{"@type":"EntryPoint","urlTemplate":"https:\/\/www.sonoraenequipo.com.mx\/?s={search_term_string}"},"query-input":{"@type":"PropertyValueSpecification","valueRequired":true,"valueName":"search_term_string"}}],"inLanguage":"es"},{"@type":"Organization","@id":"https:\/\/www.sonoraenequipo.com.mx\/#organization","name":"Sonoraenequipo.com.mx","url":"https:\/\/www.sonoraenequipo.com.mx\/","logo":{"@type":"ImageObject","inLanguage":"es","@id":"https:\/\/www.sonoraenequipo.com.mx\/#\/schema\/logo\/image\/","url":"https:\/\/www.sonoraenequipo.com.mx\/storage\/2019\/01\/sonoraenequipo_opt.png","contentUrl":"https:\/\/www.sonoraenequipo.com.mx\/storage\/2019\/01\/sonoraenequipo_opt.png","width":375,"height":125,"caption":"Sonoraenequipo.com.mx"},"image":{"@id":"https:\/\/www.sonoraenequipo.com.mx\/#\/schema\/logo\/image\/"},"sameAs":["https:\/\/www.facebook.com\/SonoraEE\/","https:\/\/x.com\/sonoraenequipo","https:\/\/www.youtube.com\/channel\/UC338nW-lPEYmJQs4ZABQ1SQ"]},{"@type":"Person","@id":"https:\/\/www.sonoraenequipo.com.mx\/#\/schema\/person\/50102df0fb23a8fa9e8effad8fa81386","name":"enequipo","image":{"@type":"ImageObject","inLanguage":"es","@id":"https:\/\/www.sonoraenequipo.com.mx\/#\/schema\/person\/image\/","url":"https:\/\/secure.gravatar.com\/avatar\/049821681b589dabc0bc20695993ccebb09f5b5d4d790cd9251b97faac7c652b?s=96&d=blank&r=g","contentUrl":"https:\/\/secure.gravatar.com\/avatar\/049821681b589dabc0bc20695993ccebb09f5b5d4d790cd9251b97faac7c652b?s=96&d=blank&r=g","caption":"enequipo"},"sameAs":["https:\/\/www.facebook.com\/SonoraEE"]}]}},"jetpack_featured_media_url":"https:\/\/www.sonoraenequipo.com.mx\/storage\/2020\/06\/reunion-en-breve_opt.jpg","_links":{"self":[{"href":"https:\/\/www.sonoraenequipo.com.mx\/api\/wp\/v2\/posts\/88123","targetHints":{"allow":["GET"]}}],"collection":[{"href":"https:\/\/www.sonoraenequipo.com.mx\/api\/wp\/v2\/posts"}],"about":[{"href":"https:\/\/www.sonoraenequipo.com.mx\/api\/wp\/v2\/types\/post"}],"author":[{"embeddable":true,"href":"https:\/\/www.sonoraenequipo.com.mx\/api\/wp\/v2\/users\/1"}],"replies":[{"embeddable":true,"href":"https:\/\/www.sonoraenequipo.com.mx\/api\/wp\/v2\/comments?post=88123"}],"version-history":[{"count":0,"href":"https:\/\/www.sonoraenequipo.com.mx\/api\/wp\/v2\/posts\/88123\/revisions"}],"wp:featuredmedia":[{"embeddable":true,"href":"https:\/\/www.sonoraenequipo.com.mx\/api\/wp\/v2\/media\/88125"}],"wp:attachment":[{"href":"https:\/\/www.sonoraenequipo.com.mx\/api\/wp\/v2\/media?parent=88123"}],"wp:term":[{"taxonomy":"category","embeddable":true,"href":"https:\/\/www.sonoraenequipo.com.mx\/api\/wp\/v2\/categories?post=88123"},{"taxonomy":"post_tag","embeddable":true,"href":"https:\/\/www.sonoraenequipo.com.mx\/api\/wp\/v2\/tags?post=88123"}],"curies":[{"name":"wp","href":"https:\/\/api.w.org\/{rel}","templated":true}]}}