{"id":88135,"date":"2020-06-24T12:33:33","date_gmt":"2020-06-24T19:33:33","guid":{"rendered":"https:\/\/www.sonoraenequipo.com.mx\/?p=88135"},"modified":"2020-06-24T12:33:33","modified_gmt":"2020-06-24T19:33:33","slug":"a-partir-de-que-temperatura-se-considera-fiebre","status":"publish","type":"post","link":"https:\/\/www.sonoraenequipo.com.mx\/a-partir-de-que-temperatura-se-considera-fiebre\/","title":{"rendered":"\u00bfA partir de qu\u00e9 temperatura se considera fiebre?"},"content":{"rendered":"<p>HERMOSILLO, SONORA. MX. \u2014 Cuando tenemos una infecci\u00f3n, el cuerpo produce m\u00e1s calor para que nuestras defensas luchen contra ella, por lo tanto, la fiebre es una defensa natural del organismo<\/p>\n<p>&nbsp;<\/p>\n<p> <\/p>\n<p>&nbsp;<\/p>\n<p>&nbsp;<\/p>\n<p>Los expertos m\u00e9dicos nos dicen a partir de qu\u00e9 temperatura se considera fiebre y c\u00f3mo tratarla.<\/p>\n<p>&nbsp;<\/p>\n<p>&nbsp;<\/p>\n<p>La fiebre de forma aislada no es una enfermedad, sino un s\u00edntoma de que nuestro cuerpo ha activado su sistema inmune para defendernos de alg\u00fan tipo de infecci\u00f3n o inflamaci\u00f3n producida, generalmente, por bacterias, virus u hongos que lo est\u00e1n atacando.<\/p>\n<p>&nbsp;<\/p>\n<p>&nbsp;<\/p>\n<p>Cuando tenemos una infecci\u00f3n, el cuerpo produce m\u00e1s calor para que nuestras defensas luchen contra ella, por lo tanto, la fiebre es una defensa natural del organismo.<\/p>\n<p>&nbsp;<\/p>\n<p>&nbsp;<\/p>\n<p><em><img loading=\"lazy\" decoding=\"async\" class=\"size-medium  x-left\" src=\"https:\/\/www.sonoraenequipo.com.mx\/storage\/2020\/06\/temperatura_opt1-600x401.jpg\" alt=\"\" width=\"600\" height=\"401\" \/>\u201cLa temperatura normal var\u00eda de acuerdo a la edad, pero como regla general, consideramos un rango entre 36 y 37.5 grados cent\u00edgrados como normal y una temperatura entre 37.5 y 38 grados le llamamos febr\u00edcula; cuando es mayor a 38 grados pues es fiebre\u201d,<\/em> explic\u00f3 el dr. Alejandro Alarc\u00f3n, coordinador de Programas M\u00e9dicos de la Divisi\u00f3n de Medicina Familiar del IMSS.<\/p>\n<p>&nbsp;<\/p>\n<p>&nbsp;<\/p>\n<p>Las causas de aparici\u00f3n de la fiebre son variables por lo que se deben consultar con un m\u00e9dico, quien se encargar\u00e1 de determinar su origen.<\/p>\n<p>&nbsp;<\/p>\n<p>&nbsp;<\/p>\n<p>As\u00ed, durante esta pandemia de Covid-19 hay que estar atento desde el momento en el que suba la temperatura corporal a m\u00e1s de 38 grados cent\u00edgrados, especialmente en el caso de personas con otras enfermedades como diabetes, insuficiencia renal o cardiaca.<\/p>\n<p>&nbsp;<\/p>\n<p>&nbsp;<\/p>\n<p>La temperatura corporal var\u00eda de acuerdo a d\u00f3nde se mida; su resultado depender\u00e1 de que se coloque correctamente el term\u00f3metro y de las condiciones externas.<\/p>\n<p>&nbsp;<\/p>\n<p>&nbsp;<\/p>\n<p>Por eso, con el fin de obtener resultados precisos, se recomienda medir la temperatura siempre en el mismo lugar, ya sea en el o\u00eddo, frente, axila, recto o boca.<\/p>\n<p>&nbsp;<\/p>\n<p>Ante la presencia de s\u00edntomas que pudieran tratarse de enfermedad por coronavirus, como es la fiebre, lo m\u00e1s adecuado es aislarse dentro del domicilio, sin tener contacto con el resto de los familiares.<\/p>\n<p>&nbsp;<\/p>\n<p>&nbsp;<\/p>\n<p><em>\u201cSi la fiebre no se controla, persiste por m\u00e1s de 8 horas arriba de 38 grados o tambi\u00e9n si presento dolor tor\u00e1cico, la respiraci\u00f3n es muy r\u00e1pida o no puedo terminar una oraci\u00f3n porque siento que me falta el aire, las manos o la boca las tengo moradas, es momento de acudir de manera urgente a atenci\u00f3n m\u00e9dica\u201d<\/em>, agreg\u00f3 el doctor Alarc\u00f3n.<\/p>\n<p>&nbsp;<\/p>\n<p>&nbsp;<\/p>\n<p>El m\u00e9dico valorar\u00e1 la necesidad o no de administrar antibi\u00f3tico, de acuerdo al agente que est\u00e9 produciendo la enfermedad.<\/p>\n<p>&nbsp;<\/p>\n<p>(PUBLICADO EL 24\/06\/2020)<\/p>\n","protected":false},"excerpt":{"rendered":"<p>HERMOSILLO, SONORA. MX. \u2014 Cuando tenemos una infecci\u00f3n, el cuerpo produce m\u00e1s calor para que&#8230;<\/p>\n","protected":false},"author":1,"featured_media":88138,"comment_status":"open","ping_status":"open","sticky":false,"template":"","format":"standard","meta":{"_monsterinsights_skip_tracking":false,"_monsterinsights_sitenote_active":false,"_monsterinsights_sitenote_note":"","_monsterinsights_sitenote_category":0,"footnotes":""},"categories":[2922],"tags":[],"class_list":["post"],"yoast_head":" \n<title>Sonora en Equipo. \u00bfA partir de qu\u00e9 temperatura se considera fiebre? Pandemia<\/title>\n<meta name=\"description\" content=\"HERMOSILLO, SONORA. MX. \u2014 Cuando tenemos una infecci\u00f3n, el cuerpo produce m\u00e1s calor para que nuestras defensas luchen contra ella, por lo tanto, la fiebre En Sonora en Equipo publicamos toda la informaci\u00f3n de Sonora, M\u00e9xico y el Mundo de manera oportuna y busca que la libertad de expresi\u00f3n sea real. Visita nuestro medio informativo publicado desde Hermosillo, Sonora. %\" \/>\n<meta name=\"robots\" content=\"index, follow, max-snippet:-1, max-image-preview:large, max-video-preview:-1\" \/>\n<link rel=\"canonical\" href=\"https:\/\/www.sonoraenequipo.com.mx\/a-partir-de-que-temperatura-se-considera-fiebre\/\" \/>\n<meta property=\"og:locale\" content=\"es_ES\" \/>\n<meta property=\"og:type\" content=\"article\" \/>\n<meta property=\"og:title\" content=\"Sonora en Equipo. \u00bfA partir de qu\u00e9 temperatura se considera fiebre? Pandemia\" \/>\n<meta property=\"og:description\" content=\"HERMOSILLO, SONORA. MX. \u2014 Cuando tenemos una infecci\u00f3n, el cuerpo produce m\u00e1s calor para que nuestras defensas luchen contra ella, por lo tanto, la fiebre En Sonora en Equipo publicamos toda la informaci\u00f3n de Sonora, M\u00e9xico y el Mundo de manera oportuna y busca que la libertad de expresi\u00f3n sea real. Visita nuestro medio informativo publicado desde Hermosillo, Sonora. %\" \/>\n<meta property=\"og:url\" content=\"https:\/\/www.sonoraenequipo.com.mx\/a-partir-de-que-temperatura-se-considera-fiebre\/\" \/>\n<meta property=\"og:site_name\" content=\"Sonora en Equipo.\" \/>\n<meta property=\"article:publisher\" content=\"https:\/\/www.facebook.com\/SonoraEE\/\" \/>\n<meta property=\"article:author\" content=\"https:\/\/www.facebook.com\/SonoraEE\" \/>\n<meta property=\"article:published_time\" content=\"2020-06-24T19:33:33+00:00\" \/>\n<meta property=\"og:image\" content=\"https:\/\/www.sonoraenequipo.com.mx\/storage\/2020\/06\/fiebre_opt2.jpg\" \/>\n\t<meta property=\"og:image:width\" content=\"750\" \/>\n\t<meta property=\"og:image:height\" content=\"500\" \/>\n\t<meta property=\"og:image:type\" content=\"image\/jpeg\" \/>\n<meta name=\"author\" content=\"enequipo\" \/>\n<meta name=\"twitter:card\" content=\"summary_large_image\" \/>\n<meta name=\"twitter:creator\" content=\"@sonoraenequipo\" \/>\n<meta name=\"twitter:site\" content=\"@sonoraenequipo\" \/>\n<meta name=\"twitter:label1\" content=\"Escrito por\" \/>\n\t<meta name=\"twitter:data1\" content=\"enequipo\" \/>\n\t<meta name=\"twitter:label2\" content=\"Tiempo de lectura\" \/>\n\t<meta name=\"twitter:data2\" content=\"2 minutos\" \/>\n<script type=\"application\/ld+json\" class=\"yoast-schema-graph\">{\"@context\":\"https:\/\/schema.org\",\"@graph\":[{\"@type\":\"Article\",\"@id\":\"https:\/\/www.sonoraenequipo.com.mx\/a-partir-de-que-temperatura-se-considera-fiebre\/#article\",\"isPartOf\":{\"@id\":\"https:\/\/www.sonoraenequipo.com.mx\/a-partir-de-que-temperatura-se-considera-fiebre\/\"},\"author\":{\"name\":\"enequipo\",\"@id\":\"https:\/\/www.sonoraenequipo.com.mx\/#\/schema\/person\/50102df0fb23a8fa9e8effad8fa81386\"},\"headline\":\"\u00bfA partir de qu\u00e9 temperatura se considera fiebre?\",\"datePublished\":\"2020-06-24T19:33:33+00:00\",\"mainEntityOfPage\":{\"@id\":\"https:\/\/www.sonoraenequipo.com.mx\/a-partir-de-que-temperatura-se-considera-fiebre\/\"},\"wordCount\":472,\"commentCount\":0,\"publisher\":{\"@id\":\"https:\/\/www.sonoraenequipo.com.mx\/#organization\"},\"image\":{\"@id\":\"https:\/\/www.sonoraenequipo.com.mx\/a-partir-de-que-temperatura-se-considera-fiebre\/#primaryimage\"},\"thumbnailUrl\":\"https:\/\/www.sonoraenequipo.com.mx\/storage\/2020\/06\/fiebre_opt2.jpg\",\"articleSection\":[\"Pandemia\"],\"inLanguage\":\"es\",\"potentialAction\":[{\"@type\":\"CommentAction\",\"name\":\"Comment\",\"target\":[\"https:\/\/www.sonoraenequipo.com.mx\/a-partir-de-que-temperatura-se-considera-fiebre\/#respond\"]}]},{\"@type\":\"WebPage\",\"@id\":\"https:\/\/www.sonoraenequipo.com.mx\/a-partir-de-que-temperatura-se-considera-fiebre\/\",\"url\":\"https:\/\/www.sonoraenequipo.com.mx\/a-partir-de-que-temperatura-se-considera-fiebre\/\",\"name\":\"Sonora en Equipo. \u00bfA partir de qu\u00e9 temperatura se considera fiebre? Pandemia\",\"isPartOf\":{\"@id\":\"https:\/\/www.sonoraenequipo.com.mx\/#website\"},\"primaryImageOfPage\":{\"@id\":\"https:\/\/www.sonoraenequipo.com.mx\/a-partir-de-que-temperatura-se-considera-fiebre\/#primaryimage\"},\"image\":{\"@id\":\"https:\/\/www.sonoraenequipo.com.mx\/a-partir-de-que-temperatura-se-considera-fiebre\/#primaryimage\"},\"thumbnailUrl\":\"https:\/\/www.sonoraenequipo.com.mx\/storage\/2020\/06\/fiebre_opt2.jpg\",\"datePublished\":\"2020-06-24T19:33:33+00:00\",\"description\":\"HERMOSILLO, SONORA. MX. \u2014 Cuando tenemos una infecci\u00f3n, el cuerpo produce m\u00e1s calor para que nuestras defensas luchen contra ella, por lo tanto, la fiebre En Sonora en Equipo publicamos toda la informaci\u00f3n de Sonora, M\u00e9xico y el Mundo de manera oportuna y busca que la libertad de expresi\u00f3n sea real. Visita nuestro medio informativo publicado desde Hermosillo, Sonora. %\",\"breadcrumb\":{\"@id\":\"https:\/\/www.sonoraenequipo.com.mx\/a-partir-de-que-temperatura-se-considera-fiebre\/#breadcrumb\"},\"inLanguage\":\"es\",\"potentialAction\":[{\"@type\":\"ReadAction\",\"target\":[\"https:\/\/www.sonoraenequipo.com.mx\/a-partir-de-que-temperatura-se-considera-fiebre\/\"]}]},{\"@type\":\"ImageObject\",\"inLanguage\":\"es\",\"@id\":\"https:\/\/www.sonoraenequipo.com.mx\/a-partir-de-que-temperatura-se-considera-fiebre\/#primaryimage\",\"url\":\"https:\/\/www.sonoraenequipo.com.mx\/storage\/2020\/06\/fiebre_opt2.jpg\",\"contentUrl\":\"https:\/\/www.sonoraenequipo.com.mx\/storage\/2020\/06\/fiebre_opt2.jpg\",\"width\":750,\"height\":500},{\"@type\":\"BreadcrumbList\",\"@id\":\"https:\/\/www.sonoraenequipo.com.mx\/a-partir-de-que-temperatura-se-considera-fiebre\/#breadcrumb\",\"itemListElement\":[{\"@type\":\"ListItem\",\"position\":1,\"name\":\"Portada\",\"item\":\"https:\/\/www.sonoraenequipo.com.mx\/\"},{\"@type\":\"ListItem\",\"position\":2,\"name\":\"\u00bfA partir de qu\u00e9 temperatura se considera fiebre?\"}]},{\"@type\":\"WebSite\",\"@id\":\"https:\/\/www.sonoraenequipo.com.mx\/#website\",\"url\":\"https:\/\/www.sonoraenequipo.com.mx\/\",\"name\":\"Sonora en Equipo.\",\"description\":\"Diario en l\u00ednea con Noticias desde Hermosillo, Sonora\",\"publisher\":{\"@id\":\"https:\/\/www.sonoraenequipo.com.mx\/#organization\"},\"potentialAction\":[{\"@type\":\"SearchAction\",\"target\":{\"@type\":\"EntryPoint\",\"urlTemplate\":\"https:\/\/www.sonoraenequipo.com.mx\/?s={search_term_string}\"},\"query-input\":{\"@type\":\"PropertyValueSpecification\",\"valueRequired\":true,\"valueName\":\"search_term_string\"}}],\"inLanguage\":\"es\"},{\"@type\":\"Organization\",\"@id\":\"https:\/\/www.sonoraenequipo.com.mx\/#organization\",\"name\":\"Sonoraenequipo.com.mx\",\"url\":\"https:\/\/www.sonoraenequipo.com.mx\/\",\"logo\":{\"@type\":\"ImageObject\",\"inLanguage\":\"es\",\"@id\":\"https:\/\/www.sonoraenequipo.com.mx\/#\/schema\/logo\/image\/\",\"url\":\"https:\/\/www.sonoraenequipo.com.mx\/storage\/2019\/01\/sonoraenequipo_opt.png\",\"contentUrl\":\"https:\/\/www.sonoraenequipo.com.mx\/storage\/2019\/01\/sonoraenequipo_opt.png\",\"width\":375,\"height\":125,\"caption\":\"Sonoraenequipo.com.mx\"},\"image\":{\"@id\":\"https:\/\/www.sonoraenequipo.com.mx\/#\/schema\/logo\/image\/\"},\"sameAs\":[\"https:\/\/www.facebook.com\/SonoraEE\/\",\"https:\/\/x.com\/sonoraenequipo\",\"https:\/\/www.youtube.com\/channel\/UC338nW-lPEYmJQs4ZABQ1SQ\"]},{\"@type\":\"Person\",\"@id\":\"https:\/\/www.sonoraenequipo.com.mx\/#\/schema\/person\/50102df0fb23a8fa9e8effad8fa81386\",\"name\":\"enequipo\",\"image\":{\"@type\":\"ImageObject\",\"inLanguage\":\"es\",\"@id\":\"https:\/\/www.sonoraenequipo.com.mx\/#\/schema\/person\/image\/\",\"url\":\"https:\/\/secure.gravatar.com\/avatar\/049821681b589dabc0bc20695993ccebb09f5b5d4d790cd9251b97faac7c652b?s=96&d=blank&r=g\",\"contentUrl\":\"https:\/\/secure.gravatar.com\/avatar\/049821681b589dabc0bc20695993ccebb09f5b5d4d790cd9251b97faac7c652b?s=96&d=blank&r=g\",\"caption\":\"enequipo\"},\"sameAs\":[\"https:\/\/www.facebook.com\/SonoraEE\"]}]}<\/script>\n ","yoast_head_json":{"title":"Sonora en Equipo. \u00bfA partir de qu\u00e9 temperatura se considera fiebre? Pandemia","description":"HERMOSILLO, SONORA. MX. \u2014 Cuando tenemos una infecci\u00f3n, el cuerpo produce m\u00e1s calor para que nuestras defensas luchen contra ella, por lo tanto, la fiebre En Sonora en Equipo publicamos toda la informaci\u00f3n de Sonora, M\u00e9xico y el Mundo de manera oportuna y busca que la libertad de expresi\u00f3n sea real. Visita nuestro medio informativo publicado desde Hermosillo, Sonora. %","robots":{"index":"index","follow":"follow","max-snippet":"max-snippet:-1","max-image-preview":"max-image-preview:large","max-video-preview":"max-video-preview:-1"},"canonical":"https:\/\/www.sonoraenequipo.com.mx\/a-partir-de-que-temperatura-se-considera-fiebre\/","og_locale":"es_ES","og_type":"article","og_title":"Sonora en Equipo. \u00bfA partir de qu\u00e9 temperatura se considera fiebre? Pandemia","og_description":"HERMOSILLO, SONORA. MX. \u2014 Cuando tenemos una infecci\u00f3n, el cuerpo produce m\u00e1s calor para que nuestras defensas luchen contra ella, por lo tanto, la fiebre En Sonora en Equipo publicamos toda la informaci\u00f3n de Sonora, M\u00e9xico y el Mundo de manera oportuna y busca que la libertad de expresi\u00f3n sea real. Visita nuestro medio informativo publicado desde Hermosillo, Sonora. %","og_url":"https:\/\/www.sonoraenequipo.com.mx\/a-partir-de-que-temperatura-se-considera-fiebre\/","og_site_name":"Sonora en Equipo.","article_publisher":"https:\/\/www.facebook.com\/SonoraEE\/","article_author":"https:\/\/www.facebook.com\/SonoraEE","article_published_time":"2020-06-24T19:33:33+00:00","og_image":[{"width":750,"height":500,"url":"https:\/\/www.sonoraenequipo.com.mx\/storage\/2020\/06\/fiebre_opt2.jpg","type":"image\/jpeg"}],"author":"enequipo","twitter_card":"summary_large_image","twitter_creator":"@sonoraenequipo","twitter_site":"@sonoraenequipo","twitter_misc":{"Escrito por":"enequipo","Tiempo de lectura":"2 minutos"},"schema":{"@context":"https:\/\/schema.org","@graph":[{"@type":"Article","@id":"https:\/\/www.sonoraenequipo.com.mx\/a-partir-de-que-temperatura-se-considera-fiebre\/#article","isPartOf":{"@id":"https:\/\/www.sonoraenequipo.com.mx\/a-partir-de-que-temperatura-se-considera-fiebre\/"},"author":{"name":"enequipo","@id":"https:\/\/www.sonoraenequipo.com.mx\/#\/schema\/person\/50102df0fb23a8fa9e8effad8fa81386"},"headline":"\u00bfA partir de qu\u00e9 temperatura se considera fiebre?","datePublished":"2020-06-24T19:33:33+00:00","mainEntityOfPage":{"@id":"https:\/\/www.sonoraenequipo.com.mx\/a-partir-de-que-temperatura-se-considera-fiebre\/"},"wordCount":472,"commentCount":0,"publisher":{"@id":"https:\/\/www.sonoraenequipo.com.mx\/#organization"},"image":{"@id":"https:\/\/www.sonoraenequipo.com.mx\/a-partir-de-que-temperatura-se-considera-fiebre\/#primaryimage"},"thumbnailUrl":"https:\/\/www.sonoraenequipo.com.mx\/storage\/2020\/06\/fiebre_opt2.jpg","articleSection":["Pandemia"],"inLanguage":"es","potentialAction":[{"@type":"CommentAction","name":"Comment","target":["https:\/\/www.sonoraenequipo.com.mx\/a-partir-de-que-temperatura-se-considera-fiebre\/#respond"]}]},{"@type":"WebPage","@id":"https:\/\/www.sonoraenequipo.com.mx\/a-partir-de-que-temperatura-se-considera-fiebre\/","url":"https:\/\/www.sonoraenequipo.com.mx\/a-partir-de-que-temperatura-se-considera-fiebre\/","name":"Sonora en Equipo. \u00bfA partir de qu\u00e9 temperatura se considera fiebre? Pandemia","isPartOf":{"@id":"https:\/\/www.sonoraenequipo.com.mx\/#website"},"primaryImageOfPage":{"@id":"https:\/\/www.sonoraenequipo.com.mx\/a-partir-de-que-temperatura-se-considera-fiebre\/#primaryimage"},"image":{"@id":"https:\/\/www.sonoraenequipo.com.mx\/a-partir-de-que-temperatura-se-considera-fiebre\/#primaryimage"},"thumbnailUrl":"https:\/\/www.sonoraenequipo.com.mx\/storage\/2020\/06\/fiebre_opt2.jpg","datePublished":"2020-06-24T19:33:33+00:00","description":"HERMOSILLO, SONORA. MX. \u2014 Cuando tenemos una infecci\u00f3n, el cuerpo produce m\u00e1s calor para que nuestras defensas luchen contra ella, por lo tanto, la fiebre En Sonora en Equipo publicamos toda la informaci\u00f3n de Sonora, M\u00e9xico y el Mundo de manera oportuna y busca que la libertad de expresi\u00f3n sea real. Visita nuestro medio informativo publicado desde Hermosillo, Sonora. %","breadcrumb":{"@id":"https:\/\/www.sonoraenequipo.com.mx\/a-partir-de-que-temperatura-se-considera-fiebre\/#breadcrumb"},"inLanguage":"es","potentialAction":[{"@type":"ReadAction","target":["https:\/\/www.sonoraenequipo.com.mx\/a-partir-de-que-temperatura-se-considera-fiebre\/"]}]},{"@type":"ImageObject","inLanguage":"es","@id":"https:\/\/www.sonoraenequipo.com.mx\/a-partir-de-que-temperatura-se-considera-fiebre\/#primaryimage","url":"https:\/\/www.sonoraenequipo.com.mx\/storage\/2020\/06\/fiebre_opt2.jpg","contentUrl":"https:\/\/www.sonoraenequipo.com.mx\/storage\/2020\/06\/fiebre_opt2.jpg","width":750,"height":500},{"@type":"BreadcrumbList","@id":"https:\/\/www.sonoraenequipo.com.mx\/a-partir-de-que-temperatura-se-considera-fiebre\/#breadcrumb","itemListElement":[{"@type":"ListItem","position":1,"name":"Portada","item":"https:\/\/www.sonoraenequipo.com.mx\/"},{"@type":"ListItem","position":2,"name":"\u00bfA partir de qu\u00e9 temperatura se considera fiebre?"}]},{"@type":"WebSite","@id":"https:\/\/www.sonoraenequipo.com.mx\/#website","url":"https:\/\/www.sonoraenequipo.com.mx\/","name":"Sonora en Equipo.","description":"Diario en l\u00ednea con Noticias desde Hermosillo, Sonora","publisher":{"@id":"https:\/\/www.sonoraenequipo.com.mx\/#organization"},"potentialAction":[{"@type":"SearchAction","target":{"@type":"EntryPoint","urlTemplate":"https:\/\/www.sonoraenequipo.com.mx\/?s={search_term_string}"},"query-input":{"@type":"PropertyValueSpecification","valueRequired":true,"valueName":"search_term_string"}}],"inLanguage":"es"},{"@type":"Organization","@id":"https:\/\/www.sonoraenequipo.com.mx\/#organization","name":"Sonoraenequipo.com.mx","url":"https:\/\/www.sonoraenequipo.com.mx\/","logo":{"@type":"ImageObject","inLanguage":"es","@id":"https:\/\/www.sonoraenequipo.com.mx\/#\/schema\/logo\/image\/","url":"https:\/\/www.sonoraenequipo.com.mx\/storage\/2019\/01\/sonoraenequipo_opt.png","contentUrl":"https:\/\/www.sonoraenequipo.com.mx\/storage\/2019\/01\/sonoraenequipo_opt.png","width":375,"height":125,"caption":"Sonoraenequipo.com.mx"},"image":{"@id":"https:\/\/www.sonoraenequipo.com.mx\/#\/schema\/logo\/image\/"},"sameAs":["https:\/\/www.facebook.com\/SonoraEE\/","https:\/\/x.com\/sonoraenequipo","https:\/\/www.youtube.com\/channel\/UC338nW-lPEYmJQs4ZABQ1SQ"]},{"@type":"Person","@id":"https:\/\/www.sonoraenequipo.com.mx\/#\/schema\/person\/50102df0fb23a8fa9e8effad8fa81386","name":"enequipo","image":{"@type":"ImageObject","inLanguage":"es","@id":"https:\/\/www.sonoraenequipo.com.mx\/#\/schema\/person\/image\/","url":"https:\/\/secure.gravatar.com\/avatar\/049821681b589dabc0bc20695993ccebb09f5b5d4d790cd9251b97faac7c652b?s=96&d=blank&r=g","contentUrl":"https:\/\/secure.gravatar.com\/avatar\/049821681b589dabc0bc20695993ccebb09f5b5d4d790cd9251b97faac7c652b?s=96&d=blank&r=g","caption":"enequipo"},"sameAs":["https:\/\/www.facebook.com\/SonoraEE"]}]}},"jetpack_featured_media_url":"https:\/\/www.sonoraenequipo.com.mx\/storage\/2020\/06\/fiebre_opt2.jpg","_links":{"self":[{"href":"https:\/\/www.sonoraenequipo.com.mx\/api\/wp\/v2\/posts\/88135","targetHints":{"allow":["GET"]}}],"collection":[{"href":"https:\/\/www.sonoraenequipo.com.mx\/api\/wp\/v2\/posts"}],"about":[{"href":"https:\/\/www.sonoraenequipo.com.mx\/api\/wp\/v2\/types\/post"}],"author":[{"embeddable":true,"href":"https:\/\/www.sonoraenequipo.com.mx\/api\/wp\/v2\/users\/1"}],"replies":[{"embeddable":true,"href":"https:\/\/www.sonoraenequipo.com.mx\/api\/wp\/v2\/comments?post=88135"}],"version-history":[{"count":0,"href":"https:\/\/www.sonoraenequipo.com.mx\/api\/wp\/v2\/posts\/88135\/revisions"}],"wp:featuredmedia":[{"embeddable":true,"href":"https:\/\/www.sonoraenequipo.com.mx\/api\/wp\/v2\/media\/88138"}],"wp:attachment":[{"href":"https:\/\/www.sonoraenequipo.com.mx\/api\/wp\/v2\/media?parent=88135"}],"wp:term":[{"taxonomy":"category","embeddable":true,"href":"https:\/\/www.sonoraenequipo.com.mx\/api\/wp\/v2\/categories?post=88135"},{"taxonomy":"post_tag","embeddable":true,"href":"https:\/\/www.sonoraenequipo.com.mx\/api\/wp\/v2\/tags?post=88135"}],"curies":[{"name":"wp","href":"https:\/\/api.w.org\/{rel}","templated":true}]}}