{"id":88548,"date":"2020-06-29T17:47:23","date_gmt":"2020-06-30T00:47:23","guid":{"rendered":"https:\/\/www.sonoraenequipo.com.mx\/?p=88548"},"modified":"2020-06-29T18:00:49","modified_gmt":"2020-06-30T01:00:49","slug":"detienen-a-el-mochomo-de-guerreros-unidos-el-decidio-el-destino-de-los-43-normalistas-de-ayotzinapa","status":"publish","type":"post","link":"https:\/\/www.sonoraenequipo.com.mx\/detienen-a-el-mochomo-de-guerreros-unidos-el-decidio-el-destino-de-los-43-normalistas-de-ayotzinapa\/","title":{"rendered":"Detienen a \u201cEl Mochomo\u201d de Guerreros Unidos; El decidi\u00f3 el destino de los 43 normalistas de Ayotzinapa"},"content":{"rendered":"<p>CIUDAD DE M\u00c9XICO. MX. \u2014 Elementos de la Polic\u00eda Federal Magisterial detuvieron a Jos\u00e9 \u00c1ngel Casarrubias Salgado, \u201cEl Mochomo\u201c, parte del grupo delictivo Guerreros Unidos, vinculado con la desaparici\u00f3n de 43 normalistas de Ayotzinapa en septiembre de 2014.<\/p>\n<p>&nbsp;<\/p>\n<p> <\/p>\n<p>&nbsp;<\/p>\n<p>Elementos de la Fiscal\u00eda General de la Rep\u00fablica detuvieron en Metepec, Estado de M\u00e9xico, a Jos\u00e9 \u00c1ngel Casarrubias Salgado, alias \u201cEl Mochomo\u201d, quien encabezaba a la organizaci\u00f3n criminal Guerreros Unidos, tras la detenci\u00f3n de su hermano, Sidronio Casarrubias, implicado en la desaparici\u00f3n de los 43 normalistas de Ayotzinapa.<\/p>\n<p>&nbsp;<\/p>\n<p>\u00c1ngel Casarrubias apareci\u00f3 la semana pasada en un mapa que present\u00f3 la Secretar\u00eda de Defensa Nacional (Sedena), como parte de los l\u00edderes de organizaciones criminales que operan en el Valle de M\u00e9xico.<\/p>\n<p>&nbsp;<\/p>\n<p>&nbsp;<\/p>\n<p>En 2015, la entonces Procuradur\u00eda General de la Rep\u00fablica ofreci\u00f3 una recompensa de 8.5 millones de pesos por informaci\u00f3n que llevara a la aprehensi\u00f3n de Felipe Flores Vel\u00e1zquez, Jos\u00e9 Ulises Bernab\u00e9 Garc\u00eda, Jos\u00e9 \u00c1ngel Casarrubias Salgado, alias \u201cEl Mochomo\u201d, Erick Sandoval Rodr\u00edguez, alias \u201cLa Rana\u201d, y Miguel Miranda Pantoja, alias \u201cPajarraco\u201d, por estar involucrados en la desaparici\u00f3n de los 43 estudiantes de Ayotzinapa, Guerrero.<\/p>\n<p>&nbsp;<\/p>\n<p>&nbsp;<\/p>\n<p>Jos\u00e9 \u00c1ngel Casarrubias Salgado, alias \u201cEl Mochomo\u201d, es el actual l\u00edder de la organizaci\u00f3n criminal Guerreros Unidos, y es hermano de Sidronio Casarrubias Salgado, capturado el 16 de octubre del 2015, y Mario Casarrubias Salgado, alias \u201cEl Sapo Guapo\u201d, tambi\u00e9n detenido.<\/p>\n<p>&nbsp;<\/p>\n<p>&nbsp;<\/p>\n<p>La ahora Fiscal\u00eda General de la Rep\u00fablica se\u00f1ala que el exalcalde de Iguala, Guerrero, Jos\u00e9 Luis Abarca, dio la orden de detener a los estudiantes y que, cuando estuvieron en poder de Guerreros Unidos, fue \u201cEl Mochomo\u201d quien tom\u00f3 la decisi\u00f3n de asesinarlos.<\/p>\n<p>&nbsp;<\/p>\n<p>&nbsp;<\/p>\n<p>(PUBLICADO EL 29\/06\/2020)<\/p>\n","protected":false},"excerpt":{"rendered":"<p>CIUDAD DE M\u00c9XICO. MX. \u2014 Elementos de la Polic\u00eda Federal Magisterial detuvieron a Jos\u00e9 \u00c1ngel&#8230;<\/p>\n","protected":false},"author":1,"featured_media":88564,"comment_status":"open","ping_status":"open","sticky":false,"template":"","format":"standard","meta":{"_monsterinsights_skip_tracking":false,"_monsterinsights_sitenote_active":false,"_monsterinsights_sitenote_note":"","_monsterinsights_sitenote_category":0,"footnotes":""},"categories":[5],"tags":[],"class_list":["post"],"yoast_head":" \n<title>Sonora en Equipo. Detienen a \u201cEl Mochomo\u201d de Guerreros Unidos; El decidi\u00f3 el destino de los 43 normalistas de Ayotzinapa Rep\u00fablica<\/title>\n<meta name=\"description\" content=\"CIUDAD DE M\u00c9XICO. MX. \u2014 Elementos de la Polic\u00eda Federal Magisterial detuvieron a Jos\u00e9 \u00c1ngel Casarrubias Salgado, \u201cEl Mochomo\u201c, parte del grupo delictivo En Sonora en Equipo publicamos toda la informaci\u00f3n de Sonora, M\u00e9xico y el Mundo de manera oportuna y busca que la libertad de expresi\u00f3n sea real. Visita nuestro medio informativo publicado desde Hermosillo, Sonora. %\" \/>\n<meta name=\"robots\" content=\"index, follow, max-snippet:-1, max-image-preview:large, max-video-preview:-1\" \/>\n<link rel=\"canonical\" href=\"https:\/\/www.sonoraenequipo.com.mx\/detienen-a-el-mochomo-de-guerreros-unidos-el-decidio-el-destino-de-los-43-normalistas-de-ayotzinapa\/\" \/>\n<meta property=\"og:locale\" content=\"es_ES\" \/>\n<meta property=\"og:type\" content=\"article\" \/>\n<meta property=\"og:title\" content=\"Sonora en Equipo. Detienen a \u201cEl Mochomo\u201d de Guerreros Unidos; El decidi\u00f3 el destino de los 43 normalistas de Ayotzinapa Rep\u00fablica\" \/>\n<meta property=\"og:description\" content=\"CIUDAD DE M\u00c9XICO. MX. \u2014 Elementos de la Polic\u00eda Federal Magisterial detuvieron a Jos\u00e9 \u00c1ngel Casarrubias Salgado, \u201cEl Mochomo\u201c, parte del grupo delictivo En Sonora en Equipo publicamos toda la informaci\u00f3n de Sonora, M\u00e9xico y el Mundo de manera oportuna y busca que la libertad de expresi\u00f3n sea real. Visita nuestro medio informativo publicado desde Hermosillo, Sonora. %\" \/>\n<meta property=\"og:url\" content=\"https:\/\/www.sonoraenequipo.com.mx\/detienen-a-el-mochomo-de-guerreros-unidos-el-decidio-el-destino-de-los-43-normalistas-de-ayotzinapa\/\" \/>\n<meta property=\"og:site_name\" content=\"Sonora en Equipo.\" \/>\n<meta property=\"article:publisher\" content=\"https:\/\/www.facebook.com\/SonoraEE\/\" \/>\n<meta property=\"article:author\" content=\"https:\/\/www.facebook.com\/SonoraEE\" \/>\n<meta property=\"article:published_time\" content=\"2020-06-30T00:47:23+00:00\" \/>\n<meta property=\"article:modified_time\" content=\"2020-06-30T01:00:49+00:00\" \/>\n<meta property=\"og:image\" content=\"https:\/\/www.sonoraenequipo.com.mx\/storage\/2020\/06\/los43_opt.jpg\" \/>\n\t<meta property=\"og:image:width\" content=\"710\" \/>\n\t<meta property=\"og:image:height\" content=\"400\" \/>\n\t<meta property=\"og:image:type\" content=\"image\/jpeg\" \/>\n<meta name=\"author\" content=\"enequipo\" \/>\n<meta name=\"twitter:card\" content=\"summary_large_image\" \/>\n<meta name=\"twitter:creator\" content=\"@sonoraenequipo\" \/>\n<meta name=\"twitter:site\" content=\"@sonoraenequipo\" \/>\n<meta name=\"twitter:label1\" content=\"Escrito por\" \/>\n\t<meta name=\"twitter:data1\" content=\"enequipo\" \/>\n\t<meta name=\"twitter:label2\" content=\"Tiempo de lectura\" \/>\n\t<meta name=\"twitter:data2\" content=\"1 minuto\" \/>\n<script type=\"application\/ld+json\" class=\"yoast-schema-graph\">{\"@context\":\"https:\/\/schema.org\",\"@graph\":[{\"@type\":\"Article\",\"@id\":\"https:\/\/www.sonoraenequipo.com.mx\/detienen-a-el-mochomo-de-guerreros-unidos-el-decidio-el-destino-de-los-43-normalistas-de-ayotzinapa\/#article\",\"isPartOf\":{\"@id\":\"https:\/\/www.sonoraenequipo.com.mx\/detienen-a-el-mochomo-de-guerreros-unidos-el-decidio-el-destino-de-los-43-normalistas-de-ayotzinapa\/\"},\"author\":{\"name\":\"enequipo\",\"@id\":\"https:\/\/www.sonoraenequipo.com.mx\/#\/schema\/person\/50102df0fb23a8fa9e8effad8fa81386\"},\"headline\":\"Detienen a \u201cEl Mochomo\u201d de Guerreros Unidos; El decidi\u00f3 el destino de los 43 normalistas de Ayotzinapa\",\"datePublished\":\"2020-06-30T00:47:23+00:00\",\"dateModified\":\"2020-06-30T01:00:49+00:00\",\"mainEntityOfPage\":{\"@id\":\"https:\/\/www.sonoraenequipo.com.mx\/detienen-a-el-mochomo-de-guerreros-unidos-el-decidio-el-destino-de-los-43-normalistas-de-ayotzinapa\/\"},\"wordCount\":313,\"commentCount\":0,\"publisher\":{\"@id\":\"https:\/\/www.sonoraenequipo.com.mx\/#organization\"},\"image\":{\"@id\":\"https:\/\/www.sonoraenequipo.com.mx\/detienen-a-el-mochomo-de-guerreros-unidos-el-decidio-el-destino-de-los-43-normalistas-de-ayotzinapa\/#primaryimage\"},\"thumbnailUrl\":\"https:\/\/www.sonoraenequipo.com.mx\/storage\/2020\/06\/los43_opt.jpg\",\"articleSection\":[\"Rep\u00fablica\"],\"inLanguage\":\"es\",\"potentialAction\":[{\"@type\":\"CommentAction\",\"name\":\"Comment\",\"target\":[\"https:\/\/www.sonoraenequipo.com.mx\/detienen-a-el-mochomo-de-guerreros-unidos-el-decidio-el-destino-de-los-43-normalistas-de-ayotzinapa\/#respond\"]}]},{\"@type\":\"WebPage\",\"@id\":\"https:\/\/www.sonoraenequipo.com.mx\/detienen-a-el-mochomo-de-guerreros-unidos-el-decidio-el-destino-de-los-43-normalistas-de-ayotzinapa\/\",\"url\":\"https:\/\/www.sonoraenequipo.com.mx\/detienen-a-el-mochomo-de-guerreros-unidos-el-decidio-el-destino-de-los-43-normalistas-de-ayotzinapa\/\",\"name\":\"Sonora en Equipo. Detienen a \u201cEl Mochomo\u201d de Guerreros Unidos; El decidi\u00f3 el destino de los 43 normalistas de Ayotzinapa Rep\u00fablica\",\"isPartOf\":{\"@id\":\"https:\/\/www.sonoraenequipo.com.mx\/#website\"},\"primaryImageOfPage\":{\"@id\":\"https:\/\/www.sonoraenequipo.com.mx\/detienen-a-el-mochomo-de-guerreros-unidos-el-decidio-el-destino-de-los-43-normalistas-de-ayotzinapa\/#primaryimage\"},\"image\":{\"@id\":\"https:\/\/www.sonoraenequipo.com.mx\/detienen-a-el-mochomo-de-guerreros-unidos-el-decidio-el-destino-de-los-43-normalistas-de-ayotzinapa\/#primaryimage\"},\"thumbnailUrl\":\"https:\/\/www.sonoraenequipo.com.mx\/storage\/2020\/06\/los43_opt.jpg\",\"datePublished\":\"2020-06-30T00:47:23+00:00\",\"dateModified\":\"2020-06-30T01:00:49+00:00\",\"description\":\"CIUDAD DE M\u00c9XICO. MX. \u2014 Elementos de la Polic\u00eda Federal Magisterial detuvieron a Jos\u00e9 \u00c1ngel Casarrubias Salgado, \u201cEl Mochomo\u201c, parte del grupo delictivo En Sonora en Equipo publicamos toda la informaci\u00f3n de Sonora, M\u00e9xico y el Mundo de manera oportuna y busca que la libertad de expresi\u00f3n sea real. Visita nuestro medio informativo publicado desde Hermosillo, Sonora. %\",\"breadcrumb\":{\"@id\":\"https:\/\/www.sonoraenequipo.com.mx\/detienen-a-el-mochomo-de-guerreros-unidos-el-decidio-el-destino-de-los-43-normalistas-de-ayotzinapa\/#breadcrumb\"},\"inLanguage\":\"es\",\"potentialAction\":[{\"@type\":\"ReadAction\",\"target\":[\"https:\/\/www.sonoraenequipo.com.mx\/detienen-a-el-mochomo-de-guerreros-unidos-el-decidio-el-destino-de-los-43-normalistas-de-ayotzinapa\/\"]}]},{\"@type\":\"ImageObject\",\"inLanguage\":\"es\",\"@id\":\"https:\/\/www.sonoraenequipo.com.mx\/detienen-a-el-mochomo-de-guerreros-unidos-el-decidio-el-destino-de-los-43-normalistas-de-ayotzinapa\/#primaryimage\",\"url\":\"https:\/\/www.sonoraenequipo.com.mx\/storage\/2020\/06\/los43_opt.jpg\",\"contentUrl\":\"https:\/\/www.sonoraenequipo.com.mx\/storage\/2020\/06\/los43_opt.jpg\",\"width\":710,\"height\":400},{\"@type\":\"BreadcrumbList\",\"@id\":\"https:\/\/www.sonoraenequipo.com.mx\/detienen-a-el-mochomo-de-guerreros-unidos-el-decidio-el-destino-de-los-43-normalistas-de-ayotzinapa\/#breadcrumb\",\"itemListElement\":[{\"@type\":\"ListItem\",\"position\":1,\"name\":\"Portada\",\"item\":\"https:\/\/www.sonoraenequipo.com.mx\/\"},{\"@type\":\"ListItem\",\"position\":2,\"name\":\"Detienen a \u201cEl Mochomo\u201d de Guerreros Unidos; El decidi\u00f3 el destino de los 43 normalistas de Ayotzinapa\"}]},{\"@type\":\"WebSite\",\"@id\":\"https:\/\/www.sonoraenequipo.com.mx\/#website\",\"url\":\"https:\/\/www.sonoraenequipo.com.mx\/\",\"name\":\"Sonora en Equipo.\",\"description\":\"Diario en l\u00ednea con Noticias desde Hermosillo, Sonora\",\"publisher\":{\"@id\":\"https:\/\/www.sonoraenequipo.com.mx\/#organization\"},\"potentialAction\":[{\"@type\":\"SearchAction\",\"target\":{\"@type\":\"EntryPoint\",\"urlTemplate\":\"https:\/\/www.sonoraenequipo.com.mx\/?s={search_term_string}\"},\"query-input\":{\"@type\":\"PropertyValueSpecification\",\"valueRequired\":true,\"valueName\":\"search_term_string\"}}],\"inLanguage\":\"es\"},{\"@type\":\"Organization\",\"@id\":\"https:\/\/www.sonoraenequipo.com.mx\/#organization\",\"name\":\"Sonoraenequipo.com.mx\",\"url\":\"https:\/\/www.sonoraenequipo.com.mx\/\",\"logo\":{\"@type\":\"ImageObject\",\"inLanguage\":\"es\",\"@id\":\"https:\/\/www.sonoraenequipo.com.mx\/#\/schema\/logo\/image\/\",\"url\":\"https:\/\/www.sonoraenequipo.com.mx\/storage\/2019\/01\/sonoraenequipo_opt.png\",\"contentUrl\":\"https:\/\/www.sonoraenequipo.com.mx\/storage\/2019\/01\/sonoraenequipo_opt.png\",\"width\":375,\"height\":125,\"caption\":\"Sonoraenequipo.com.mx\"},\"image\":{\"@id\":\"https:\/\/www.sonoraenequipo.com.mx\/#\/schema\/logo\/image\/\"},\"sameAs\":[\"https:\/\/www.facebook.com\/SonoraEE\/\",\"https:\/\/x.com\/sonoraenequipo\",\"https:\/\/www.youtube.com\/channel\/UC338nW-lPEYmJQs4ZABQ1SQ\"]},{\"@type\":\"Person\",\"@id\":\"https:\/\/www.sonoraenequipo.com.mx\/#\/schema\/person\/50102df0fb23a8fa9e8effad8fa81386\",\"name\":\"enequipo\",\"image\":{\"@type\":\"ImageObject\",\"inLanguage\":\"es\",\"@id\":\"https:\/\/www.sonoraenequipo.com.mx\/#\/schema\/person\/image\/\",\"url\":\"https:\/\/secure.gravatar.com\/avatar\/049821681b589dabc0bc20695993ccebb09f5b5d4d790cd9251b97faac7c652b?s=96&d=blank&r=g\",\"contentUrl\":\"https:\/\/secure.gravatar.com\/avatar\/049821681b589dabc0bc20695993ccebb09f5b5d4d790cd9251b97faac7c652b?s=96&d=blank&r=g\",\"caption\":\"enequipo\"},\"sameAs\":[\"https:\/\/www.facebook.com\/SonoraEE\"]}]}<\/script>\n ","yoast_head_json":{"title":"Sonora en Equipo. Detienen a \u201cEl Mochomo\u201d de Guerreros Unidos; El decidi\u00f3 el destino de los 43 normalistas de Ayotzinapa Rep\u00fablica","description":"CIUDAD DE M\u00c9XICO. MX. \u2014 Elementos de la Polic\u00eda Federal Magisterial detuvieron a Jos\u00e9 \u00c1ngel Casarrubias Salgado, \u201cEl Mochomo\u201c, parte del grupo delictivo En Sonora en Equipo publicamos toda la informaci\u00f3n de Sonora, M\u00e9xico y el Mundo de manera oportuna y busca que la libertad de expresi\u00f3n sea real. Visita nuestro medio informativo publicado desde Hermosillo, Sonora. %","robots":{"index":"index","follow":"follow","max-snippet":"max-snippet:-1","max-image-preview":"max-image-preview:large","max-video-preview":"max-video-preview:-1"},"canonical":"https:\/\/www.sonoraenequipo.com.mx\/detienen-a-el-mochomo-de-guerreros-unidos-el-decidio-el-destino-de-los-43-normalistas-de-ayotzinapa\/","og_locale":"es_ES","og_type":"article","og_title":"Sonora en Equipo. Detienen a \u201cEl Mochomo\u201d de Guerreros Unidos; El decidi\u00f3 el destino de los 43 normalistas de Ayotzinapa Rep\u00fablica","og_description":"CIUDAD DE M\u00c9XICO. MX. \u2014 Elementos de la Polic\u00eda Federal Magisterial detuvieron a Jos\u00e9 \u00c1ngel Casarrubias Salgado, \u201cEl Mochomo\u201c, parte del grupo delictivo En Sonora en Equipo publicamos toda la informaci\u00f3n de Sonora, M\u00e9xico y el Mundo de manera oportuna y busca que la libertad de expresi\u00f3n sea real. Visita nuestro medio informativo publicado desde Hermosillo, Sonora. %","og_url":"https:\/\/www.sonoraenequipo.com.mx\/detienen-a-el-mochomo-de-guerreros-unidos-el-decidio-el-destino-de-los-43-normalistas-de-ayotzinapa\/","og_site_name":"Sonora en Equipo.","article_publisher":"https:\/\/www.facebook.com\/SonoraEE\/","article_author":"https:\/\/www.facebook.com\/SonoraEE","article_published_time":"2020-06-30T00:47:23+00:00","article_modified_time":"2020-06-30T01:00:49+00:00","og_image":[{"width":710,"height":400,"url":"https:\/\/www.sonoraenequipo.com.mx\/storage\/2020\/06\/los43_opt.jpg","type":"image\/jpeg"}],"author":"enequipo","twitter_card":"summary_large_image","twitter_creator":"@sonoraenequipo","twitter_site":"@sonoraenequipo","twitter_misc":{"Escrito por":"enequipo","Tiempo de lectura":"1 minuto"},"schema":{"@context":"https:\/\/schema.org","@graph":[{"@type":"Article","@id":"https:\/\/www.sonoraenequipo.com.mx\/detienen-a-el-mochomo-de-guerreros-unidos-el-decidio-el-destino-de-los-43-normalistas-de-ayotzinapa\/#article","isPartOf":{"@id":"https:\/\/www.sonoraenequipo.com.mx\/detienen-a-el-mochomo-de-guerreros-unidos-el-decidio-el-destino-de-los-43-normalistas-de-ayotzinapa\/"},"author":{"name":"enequipo","@id":"https:\/\/www.sonoraenequipo.com.mx\/#\/schema\/person\/50102df0fb23a8fa9e8effad8fa81386"},"headline":"Detienen a \u201cEl Mochomo\u201d de Guerreros Unidos; El decidi\u00f3 el destino de los 43 normalistas de Ayotzinapa","datePublished":"2020-06-30T00:47:23+00:00","dateModified":"2020-06-30T01:00:49+00:00","mainEntityOfPage":{"@id":"https:\/\/www.sonoraenequipo.com.mx\/detienen-a-el-mochomo-de-guerreros-unidos-el-decidio-el-destino-de-los-43-normalistas-de-ayotzinapa\/"},"wordCount":313,"commentCount":0,"publisher":{"@id":"https:\/\/www.sonoraenequipo.com.mx\/#organization"},"image":{"@id":"https:\/\/www.sonoraenequipo.com.mx\/detienen-a-el-mochomo-de-guerreros-unidos-el-decidio-el-destino-de-los-43-normalistas-de-ayotzinapa\/#primaryimage"},"thumbnailUrl":"https:\/\/www.sonoraenequipo.com.mx\/storage\/2020\/06\/los43_opt.jpg","articleSection":["Rep\u00fablica"],"inLanguage":"es","potentialAction":[{"@type":"CommentAction","name":"Comment","target":["https:\/\/www.sonoraenequipo.com.mx\/detienen-a-el-mochomo-de-guerreros-unidos-el-decidio-el-destino-de-los-43-normalistas-de-ayotzinapa\/#respond"]}]},{"@type":"WebPage","@id":"https:\/\/www.sonoraenequipo.com.mx\/detienen-a-el-mochomo-de-guerreros-unidos-el-decidio-el-destino-de-los-43-normalistas-de-ayotzinapa\/","url":"https:\/\/www.sonoraenequipo.com.mx\/detienen-a-el-mochomo-de-guerreros-unidos-el-decidio-el-destino-de-los-43-normalistas-de-ayotzinapa\/","name":"Sonora en Equipo. Detienen a \u201cEl Mochomo\u201d de Guerreros Unidos; El decidi\u00f3 el destino de los 43 normalistas de Ayotzinapa Rep\u00fablica","isPartOf":{"@id":"https:\/\/www.sonoraenequipo.com.mx\/#website"},"primaryImageOfPage":{"@id":"https:\/\/www.sonoraenequipo.com.mx\/detienen-a-el-mochomo-de-guerreros-unidos-el-decidio-el-destino-de-los-43-normalistas-de-ayotzinapa\/#primaryimage"},"image":{"@id":"https:\/\/www.sonoraenequipo.com.mx\/detienen-a-el-mochomo-de-guerreros-unidos-el-decidio-el-destino-de-los-43-normalistas-de-ayotzinapa\/#primaryimage"},"thumbnailUrl":"https:\/\/www.sonoraenequipo.com.mx\/storage\/2020\/06\/los43_opt.jpg","datePublished":"2020-06-30T00:47:23+00:00","dateModified":"2020-06-30T01:00:49+00:00","description":"CIUDAD DE M\u00c9XICO. MX. \u2014 Elementos de la Polic\u00eda Federal Magisterial detuvieron a Jos\u00e9 \u00c1ngel Casarrubias Salgado, \u201cEl Mochomo\u201c, parte del grupo delictivo En Sonora en Equipo publicamos toda la informaci\u00f3n de Sonora, M\u00e9xico y el Mundo de manera oportuna y busca que la libertad de expresi\u00f3n sea real. Visita nuestro medio informativo publicado desde Hermosillo, Sonora. %","breadcrumb":{"@id":"https:\/\/www.sonoraenequipo.com.mx\/detienen-a-el-mochomo-de-guerreros-unidos-el-decidio-el-destino-de-los-43-normalistas-de-ayotzinapa\/#breadcrumb"},"inLanguage":"es","potentialAction":[{"@type":"ReadAction","target":["https:\/\/www.sonoraenequipo.com.mx\/detienen-a-el-mochomo-de-guerreros-unidos-el-decidio-el-destino-de-los-43-normalistas-de-ayotzinapa\/"]}]},{"@type":"ImageObject","inLanguage":"es","@id":"https:\/\/www.sonoraenequipo.com.mx\/detienen-a-el-mochomo-de-guerreros-unidos-el-decidio-el-destino-de-los-43-normalistas-de-ayotzinapa\/#primaryimage","url":"https:\/\/www.sonoraenequipo.com.mx\/storage\/2020\/06\/los43_opt.jpg","contentUrl":"https:\/\/www.sonoraenequipo.com.mx\/storage\/2020\/06\/los43_opt.jpg","width":710,"height":400},{"@type":"BreadcrumbList","@id":"https:\/\/www.sonoraenequipo.com.mx\/detienen-a-el-mochomo-de-guerreros-unidos-el-decidio-el-destino-de-los-43-normalistas-de-ayotzinapa\/#breadcrumb","itemListElement":[{"@type":"ListItem","position":1,"name":"Portada","item":"https:\/\/www.sonoraenequipo.com.mx\/"},{"@type":"ListItem","position":2,"name":"Detienen a \u201cEl Mochomo\u201d de Guerreros Unidos; El decidi\u00f3 el destino de los 43 normalistas de Ayotzinapa"}]},{"@type":"WebSite","@id":"https:\/\/www.sonoraenequipo.com.mx\/#website","url":"https:\/\/www.sonoraenequipo.com.mx\/","name":"Sonora en Equipo.","description":"Diario en l\u00ednea con Noticias desde Hermosillo, Sonora","publisher":{"@id":"https:\/\/www.sonoraenequipo.com.mx\/#organization"},"potentialAction":[{"@type":"SearchAction","target":{"@type":"EntryPoint","urlTemplate":"https:\/\/www.sonoraenequipo.com.mx\/?s={search_term_string}"},"query-input":{"@type":"PropertyValueSpecification","valueRequired":true,"valueName":"search_term_string"}}],"inLanguage":"es"},{"@type":"Organization","@id":"https:\/\/www.sonoraenequipo.com.mx\/#organization","name":"Sonoraenequipo.com.mx","url":"https:\/\/www.sonoraenequipo.com.mx\/","logo":{"@type":"ImageObject","inLanguage":"es","@id":"https:\/\/www.sonoraenequipo.com.mx\/#\/schema\/logo\/image\/","url":"https:\/\/www.sonoraenequipo.com.mx\/storage\/2019\/01\/sonoraenequipo_opt.png","contentUrl":"https:\/\/www.sonoraenequipo.com.mx\/storage\/2019\/01\/sonoraenequipo_opt.png","width":375,"height":125,"caption":"Sonoraenequipo.com.mx"},"image":{"@id":"https:\/\/www.sonoraenequipo.com.mx\/#\/schema\/logo\/image\/"},"sameAs":["https:\/\/www.facebook.com\/SonoraEE\/","https:\/\/x.com\/sonoraenequipo","https:\/\/www.youtube.com\/channel\/UC338nW-lPEYmJQs4ZABQ1SQ"]},{"@type":"Person","@id":"https:\/\/www.sonoraenequipo.com.mx\/#\/schema\/person\/50102df0fb23a8fa9e8effad8fa81386","name":"enequipo","image":{"@type":"ImageObject","inLanguage":"es","@id":"https:\/\/www.sonoraenequipo.com.mx\/#\/schema\/person\/image\/","url":"https:\/\/secure.gravatar.com\/avatar\/049821681b589dabc0bc20695993ccebb09f5b5d4d790cd9251b97faac7c652b?s=96&d=blank&r=g","contentUrl":"https:\/\/secure.gravatar.com\/avatar\/049821681b589dabc0bc20695993ccebb09f5b5d4d790cd9251b97faac7c652b?s=96&d=blank&r=g","caption":"enequipo"},"sameAs":["https:\/\/www.facebook.com\/SonoraEE"]}]}},"jetpack_featured_media_url":"https:\/\/www.sonoraenequipo.com.mx\/storage\/2020\/06\/los43_opt.jpg","_links":{"self":[{"href":"https:\/\/www.sonoraenequipo.com.mx\/api\/wp\/v2\/posts\/88548","targetHints":{"allow":["GET"]}}],"collection":[{"href":"https:\/\/www.sonoraenequipo.com.mx\/api\/wp\/v2\/posts"}],"about":[{"href":"https:\/\/www.sonoraenequipo.com.mx\/api\/wp\/v2\/types\/post"}],"author":[{"embeddable":true,"href":"https:\/\/www.sonoraenequipo.com.mx\/api\/wp\/v2\/users\/1"}],"replies":[{"embeddable":true,"href":"https:\/\/www.sonoraenequipo.com.mx\/api\/wp\/v2\/comments?post=88548"}],"version-history":[{"count":0,"href":"https:\/\/www.sonoraenequipo.com.mx\/api\/wp\/v2\/posts\/88548\/revisions"}],"wp:featuredmedia":[{"embeddable":true,"href":"https:\/\/www.sonoraenequipo.com.mx\/api\/wp\/v2\/media\/88564"}],"wp:attachment":[{"href":"https:\/\/www.sonoraenequipo.com.mx\/api\/wp\/v2\/media?parent=88548"}],"wp:term":[{"taxonomy":"category","embeddable":true,"href":"https:\/\/www.sonoraenequipo.com.mx\/api\/wp\/v2\/categories?post=88548"},{"taxonomy":"post_tag","embeddable":true,"href":"https:\/\/www.sonoraenequipo.com.mx\/api\/wp\/v2\/tags?post=88548"}],"curies":[{"name":"wp","href":"https:\/\/api.w.org\/{rel}","templated":true}]}}