{"id":88559,"date":"2020-06-29T17:27:04","date_gmt":"2020-06-30T00:27:04","guid":{"rendered":"https:\/\/www.sonoraenequipo.com.mx\/?p=88559"},"modified":"2020-06-29T17:34:06","modified_gmt":"2020-06-30T00:34:06","slug":"guaymas-consume-incendio-dos-bodegas-en-maquilas-tetakawi","status":"publish","type":"post","link":"https:\/\/www.sonoraenequipo.com.mx\/guaymas-consume-incendio-dos-bodegas-en-maquilas-tetakawi\/","title":{"rendered":"GUAYMAS. Consume incendio dos bodegas en Maquilas Tetakawi"},"content":{"rendered":"<h4>&gt;&gt; Nohay lesionados solo cuantiosas p\u00e9rdidas materiales.<\/h4>\n<p>GUAYMAS, SONORA,MX. Una intensa movilizaci\u00f3n policiaca se registr\u00f3 a causa dell incendio dentro de una de las plantas que se ubica en el Parque Rocafuerte del complejo Maquilas Tetakawi, al sur del Puerto, por lo que diversas dependencias de seguridad arribaron hasta el sitio para controlar las llamaradas. <\/p>\n<p>Alrededor de las 02:00 horas del lunes inici\u00f3 el fuego por lo que se activ\u00f3 la alarma anti incendios en el lugar, el cual r\u00e1pidamente se extendi\u00f3 a otra planta aleda\u00f1a.<\/p>\n<p>De esto, que el percance ocurri\u00f3 en la planta Ducummum, situaci\u00f3n que origin\u00f3 que el Departamento de Bomberos de la Estaci\u00f3n Norte hicieran acto de presencia, pero al ver la magnitud del siniestro, se solicit\u00f3 la ayuda de la Sur y Centro.<\/p>\n<p>Te puede interesar: Tras atentado contra Garc\u00eda Harfuch, vinculan a proceso a 12 presuntos implicados<\/p>\n<p>Sin embargo, a pesar de los esfuerzos por controlar el fuego, este logr\u00f3 penetrar a la planta Williams, la cual se ubica en \u00e1rea continua, donde hasta el momento dependencias los \u2018apagafuego\u2019, Secretar\u00eda Armada de M\u00e9xico y Protecci\u00f3n Civil, en coordinaci\u00f3n con Polic\u00eda Municipal trabajan para dar fin a las labores de sofocaci\u00f3n, donde hasta el momento no hay personas lesionadas por el siniestro, pero s\u00ed p\u00e9rdidas materiales totales Ducummum.<\/p>\n<p>Asimismo, se evacuaron todos los trabajadores del parque industrial que se encontraban en estas 2 plantas y en las dem\u00e1s naves industriales, a fin de salvaguardar su integridad, y se les neg\u00f3 la entrada al dem\u00e1s personas que apenas iban a iniciar su turno, los cuales asciendes a casi 3 mil trabajadores de las plantas que hay en todo el parque.<\/p>\n<p>Fecha de Publicaci\u00f3n 29\/jun\/2020\/ Tribuna<\/p>\n","protected":false},"excerpt":{"rendered":"<p>&gt;&gt; Nohay lesionados solo cuantiosas p\u00e9rdidas materiales. GUAYMAS, SONORA,MX. Una intensa movilizaci\u00f3n policiaca se registr\u00f3&#8230;<\/p>\n","protected":false},"author":1,"featured_media":88560,"comment_status":"open","ping_status":"open","sticky":false,"template":"","format":"standard","meta":{"_monsterinsights_skip_tracking":false,"_monsterinsights_sitenote_active":false,"_monsterinsights_sitenote_note":"","_monsterinsights_sitenote_category":0,"footnotes":""},"categories":[22],"tags":[4529],"class_list":["post"],"yoast_head":" \n<title>Sonora en Equipo. GUAYMAS. Consume incendio dos bodegas en Maquilas Tetakawi Sonora<\/title>\n<meta name=\"description\" content=\"&gt;&gt; Nohay lesionados solo cuantiosas p\u00e9rdidas materiales. GUAYMAS, SONORA,MX. Una intensa movilizaci\u00f3n policiaca se registr\u00f3 a causa dell incendio En Sonora en Equipo publicamos toda la informaci\u00f3n de Sonora, M\u00e9xico y el Mundo de manera oportuna y busca que la libertad de expresi\u00f3n sea real. Visita nuestro medio informativo publicado desde Hermosillo, Sonora. %\" \/>\n<meta name=\"robots\" content=\"index, follow, max-snippet:-1, max-image-preview:large, max-video-preview:-1\" \/>\n<link rel=\"canonical\" href=\"https:\/\/www.sonoraenequipo.com.mx\/guaymas-consume-incendio-dos-bodegas-en-maquilas-tetakawi\/\" \/>\n<meta property=\"og:locale\" content=\"es_ES\" \/>\n<meta property=\"og:type\" content=\"article\" \/>\n<meta property=\"og:title\" content=\"Sonora en Equipo. GUAYMAS. Consume incendio dos bodegas en Maquilas Tetakawi Sonora\" \/>\n<meta property=\"og:description\" content=\"&gt;&gt; Nohay lesionados solo cuantiosas p\u00e9rdidas materiales. GUAYMAS, SONORA,MX. Una intensa movilizaci\u00f3n policiaca se registr\u00f3 a causa dell incendio En Sonora en Equipo publicamos toda la informaci\u00f3n de Sonora, M\u00e9xico y el Mundo de manera oportuna y busca que la libertad de expresi\u00f3n sea real. Visita nuestro medio informativo publicado desde Hermosillo, Sonora. %\" \/>\n<meta property=\"og:url\" content=\"https:\/\/www.sonoraenequipo.com.mx\/guaymas-consume-incendio-dos-bodegas-en-maquilas-tetakawi\/\" \/>\n<meta property=\"og:site_name\" content=\"Sonora en Equipo.\" \/>\n<meta property=\"article:publisher\" content=\"https:\/\/www.facebook.com\/SonoraEE\/\" \/>\n<meta property=\"article:author\" content=\"https:\/\/www.facebook.com\/SonoraEE\" \/>\n<meta property=\"article:published_time\" content=\"2020-06-30T00:27:04+00:00\" \/>\n<meta property=\"article:modified_time\" content=\"2020-06-30T00:34:06+00:00\" \/>\n<meta property=\"og:image\" content=\"https:\/\/www.sonoraenequipo.com.mx\/storage\/2020\/06\/tetakawi.jpg\" \/>\n\t<meta property=\"og:image:width\" content=\"600\" \/>\n\t<meta property=\"og:image:height\" content=\"400\" \/>\n\t<meta property=\"og:image:type\" content=\"image\/jpeg\" \/>\n<meta name=\"author\" content=\"enequipo\" \/>\n<meta name=\"twitter:card\" content=\"summary_large_image\" \/>\n<meta name=\"twitter:creator\" content=\"@sonoraenequipo\" \/>\n<meta name=\"twitter:site\" content=\"@sonoraenequipo\" \/>\n<meta name=\"twitter:label1\" content=\"Escrito por\" \/>\n\t<meta name=\"twitter:data1\" content=\"enequipo\" \/>\n\t<meta name=\"twitter:label2\" content=\"Tiempo de lectura\" \/>\n\t<meta name=\"twitter:data2\" content=\"1 minuto\" \/>\n<script type=\"application\/ld+json\" class=\"yoast-schema-graph\">{\"@context\":\"https:\/\/schema.org\",\"@graph\":[{\"@type\":\"Article\",\"@id\":\"https:\/\/www.sonoraenequipo.com.mx\/guaymas-consume-incendio-dos-bodegas-en-maquilas-tetakawi\/#article\",\"isPartOf\":{\"@id\":\"https:\/\/www.sonoraenequipo.com.mx\/guaymas-consume-incendio-dos-bodegas-en-maquilas-tetakawi\/\"},\"author\":{\"name\":\"enequipo\",\"@id\":\"https:\/\/www.sonoraenequipo.com.mx\/#\/schema\/person\/50102df0fb23a8fa9e8effad8fa81386\"},\"headline\":\"GUAYMAS. Consume incendio dos bodegas en Maquilas Tetakawi\",\"datePublished\":\"2020-06-30T00:27:04+00:00\",\"dateModified\":\"2020-06-30T00:34:06+00:00\",\"mainEntityOfPage\":{\"@id\":\"https:\/\/www.sonoraenequipo.com.mx\/guaymas-consume-incendio-dos-bodegas-en-maquilas-tetakawi\/\"},\"wordCount\":302,\"commentCount\":0,\"publisher\":{\"@id\":\"https:\/\/www.sonoraenequipo.com.mx\/#organization\"},\"image\":{\"@id\":\"https:\/\/www.sonoraenequipo.com.mx\/guaymas-consume-incendio-dos-bodegas-en-maquilas-tetakawi\/#primaryimage\"},\"thumbnailUrl\":\"https:\/\/www.sonoraenequipo.com.mx\/storage\/2020\/06\/tetakawi.jpg\",\"keywords\":[\"Maquilas Tetakawi\"],\"articleSection\":[\"Sonora\"],\"inLanguage\":\"es\",\"potentialAction\":[{\"@type\":\"CommentAction\",\"name\":\"Comment\",\"target\":[\"https:\/\/www.sonoraenequipo.com.mx\/guaymas-consume-incendio-dos-bodegas-en-maquilas-tetakawi\/#respond\"]}]},{\"@type\":\"WebPage\",\"@id\":\"https:\/\/www.sonoraenequipo.com.mx\/guaymas-consume-incendio-dos-bodegas-en-maquilas-tetakawi\/\",\"url\":\"https:\/\/www.sonoraenequipo.com.mx\/guaymas-consume-incendio-dos-bodegas-en-maquilas-tetakawi\/\",\"name\":\"Sonora en Equipo. GUAYMAS. Consume incendio dos bodegas en Maquilas Tetakawi Sonora\",\"isPartOf\":{\"@id\":\"https:\/\/www.sonoraenequipo.com.mx\/#website\"},\"primaryImageOfPage\":{\"@id\":\"https:\/\/www.sonoraenequipo.com.mx\/guaymas-consume-incendio-dos-bodegas-en-maquilas-tetakawi\/#primaryimage\"},\"image\":{\"@id\":\"https:\/\/www.sonoraenequipo.com.mx\/guaymas-consume-incendio-dos-bodegas-en-maquilas-tetakawi\/#primaryimage\"},\"thumbnailUrl\":\"https:\/\/www.sonoraenequipo.com.mx\/storage\/2020\/06\/tetakawi.jpg\",\"datePublished\":\"2020-06-30T00:27:04+00:00\",\"dateModified\":\"2020-06-30T00:34:06+00:00\",\"description\":\"&gt;&gt; Nohay lesionados solo cuantiosas p\u00e9rdidas materiales. GUAYMAS, SONORA,MX. Una intensa movilizaci\u00f3n policiaca se registr\u00f3 a causa dell incendio En Sonora en Equipo publicamos toda la informaci\u00f3n de Sonora, M\u00e9xico y el Mundo de manera oportuna y busca que la libertad de expresi\u00f3n sea real. Visita nuestro medio informativo publicado desde Hermosillo, Sonora. %\",\"breadcrumb\":{\"@id\":\"https:\/\/www.sonoraenequipo.com.mx\/guaymas-consume-incendio-dos-bodegas-en-maquilas-tetakawi\/#breadcrumb\"},\"inLanguage\":\"es\",\"potentialAction\":[{\"@type\":\"ReadAction\",\"target\":[\"https:\/\/www.sonoraenequipo.com.mx\/guaymas-consume-incendio-dos-bodegas-en-maquilas-tetakawi\/\"]}]},{\"@type\":\"ImageObject\",\"inLanguage\":\"es\",\"@id\":\"https:\/\/www.sonoraenequipo.com.mx\/guaymas-consume-incendio-dos-bodegas-en-maquilas-tetakawi\/#primaryimage\",\"url\":\"https:\/\/www.sonoraenequipo.com.mx\/storage\/2020\/06\/tetakawi.jpg\",\"contentUrl\":\"https:\/\/www.sonoraenequipo.com.mx\/storage\/2020\/06\/tetakawi.jpg\",\"width\":600,\"height\":400,\"caption\":\"imagen tomada de Tribuna\"},{\"@type\":\"BreadcrumbList\",\"@id\":\"https:\/\/www.sonoraenequipo.com.mx\/guaymas-consume-incendio-dos-bodegas-en-maquilas-tetakawi\/#breadcrumb\",\"itemListElement\":[{\"@type\":\"ListItem\",\"position\":1,\"name\":\"Portada\",\"item\":\"https:\/\/www.sonoraenequipo.com.mx\/\"},{\"@type\":\"ListItem\",\"position\":2,\"name\":\"GUAYMAS. Consume incendio dos bodegas en Maquilas Tetakawi\"}]},{\"@type\":\"WebSite\",\"@id\":\"https:\/\/www.sonoraenequipo.com.mx\/#website\",\"url\":\"https:\/\/www.sonoraenequipo.com.mx\/\",\"name\":\"Sonora en Equipo.\",\"description\":\"Diario en l\u00ednea con Noticias desde Hermosillo, Sonora\",\"publisher\":{\"@id\":\"https:\/\/www.sonoraenequipo.com.mx\/#organization\"},\"potentialAction\":[{\"@type\":\"SearchAction\",\"target\":{\"@type\":\"EntryPoint\",\"urlTemplate\":\"https:\/\/www.sonoraenequipo.com.mx\/?s={search_term_string}\"},\"query-input\":{\"@type\":\"PropertyValueSpecification\",\"valueRequired\":true,\"valueName\":\"search_term_string\"}}],\"inLanguage\":\"es\"},{\"@type\":\"Organization\",\"@id\":\"https:\/\/www.sonoraenequipo.com.mx\/#organization\",\"name\":\"Sonoraenequipo.com.mx\",\"url\":\"https:\/\/www.sonoraenequipo.com.mx\/\",\"logo\":{\"@type\":\"ImageObject\",\"inLanguage\":\"es\",\"@id\":\"https:\/\/www.sonoraenequipo.com.mx\/#\/schema\/logo\/image\/\",\"url\":\"https:\/\/www.sonoraenequipo.com.mx\/storage\/2019\/01\/sonoraenequipo_opt.png\",\"contentUrl\":\"https:\/\/www.sonoraenequipo.com.mx\/storage\/2019\/01\/sonoraenequipo_opt.png\",\"width\":375,\"height\":125,\"caption\":\"Sonoraenequipo.com.mx\"},\"image\":{\"@id\":\"https:\/\/www.sonoraenequipo.com.mx\/#\/schema\/logo\/image\/\"},\"sameAs\":[\"https:\/\/www.facebook.com\/SonoraEE\/\",\"https:\/\/x.com\/sonoraenequipo\",\"https:\/\/www.youtube.com\/channel\/UC338nW-lPEYmJQs4ZABQ1SQ\"]},{\"@type\":\"Person\",\"@id\":\"https:\/\/www.sonoraenequipo.com.mx\/#\/schema\/person\/50102df0fb23a8fa9e8effad8fa81386\",\"name\":\"enequipo\",\"image\":{\"@type\":\"ImageObject\",\"inLanguage\":\"es\",\"@id\":\"https:\/\/www.sonoraenequipo.com.mx\/#\/schema\/person\/image\/\",\"url\":\"https:\/\/secure.gravatar.com\/avatar\/049821681b589dabc0bc20695993ccebb09f5b5d4d790cd9251b97faac7c652b?s=96&d=blank&r=g\",\"contentUrl\":\"https:\/\/secure.gravatar.com\/avatar\/049821681b589dabc0bc20695993ccebb09f5b5d4d790cd9251b97faac7c652b?s=96&d=blank&r=g\",\"caption\":\"enequipo\"},\"sameAs\":[\"https:\/\/www.facebook.com\/SonoraEE\"]}]}<\/script>\n ","yoast_head_json":{"title":"Sonora en Equipo. GUAYMAS. Consume incendio dos bodegas en Maquilas Tetakawi Sonora","description":"&gt;&gt; Nohay lesionados solo cuantiosas p\u00e9rdidas materiales. GUAYMAS, SONORA,MX. Una intensa movilizaci\u00f3n policiaca se registr\u00f3 a causa dell incendio En Sonora en Equipo publicamos toda la informaci\u00f3n de Sonora, M\u00e9xico y el Mundo de manera oportuna y busca que la libertad de expresi\u00f3n sea real. Visita nuestro medio informativo publicado desde Hermosillo, Sonora. %","robots":{"index":"index","follow":"follow","max-snippet":"max-snippet:-1","max-image-preview":"max-image-preview:large","max-video-preview":"max-video-preview:-1"},"canonical":"https:\/\/www.sonoraenequipo.com.mx\/guaymas-consume-incendio-dos-bodegas-en-maquilas-tetakawi\/","og_locale":"es_ES","og_type":"article","og_title":"Sonora en Equipo. GUAYMAS. Consume incendio dos bodegas en Maquilas Tetakawi Sonora","og_description":"&gt;&gt; Nohay lesionados solo cuantiosas p\u00e9rdidas materiales. GUAYMAS, SONORA,MX. Una intensa movilizaci\u00f3n policiaca se registr\u00f3 a causa dell incendio En Sonora en Equipo publicamos toda la informaci\u00f3n de Sonora, M\u00e9xico y el Mundo de manera oportuna y busca que la libertad de expresi\u00f3n sea real. Visita nuestro medio informativo publicado desde Hermosillo, Sonora. %","og_url":"https:\/\/www.sonoraenequipo.com.mx\/guaymas-consume-incendio-dos-bodegas-en-maquilas-tetakawi\/","og_site_name":"Sonora en Equipo.","article_publisher":"https:\/\/www.facebook.com\/SonoraEE\/","article_author":"https:\/\/www.facebook.com\/SonoraEE","article_published_time":"2020-06-30T00:27:04+00:00","article_modified_time":"2020-06-30T00:34:06+00:00","og_image":[{"width":600,"height":400,"url":"https:\/\/www.sonoraenequipo.com.mx\/storage\/2020\/06\/tetakawi.jpg","type":"image\/jpeg"}],"author":"enequipo","twitter_card":"summary_large_image","twitter_creator":"@sonoraenequipo","twitter_site":"@sonoraenequipo","twitter_misc":{"Escrito por":"enequipo","Tiempo de lectura":"1 minuto"},"schema":{"@context":"https:\/\/schema.org","@graph":[{"@type":"Article","@id":"https:\/\/www.sonoraenequipo.com.mx\/guaymas-consume-incendio-dos-bodegas-en-maquilas-tetakawi\/#article","isPartOf":{"@id":"https:\/\/www.sonoraenequipo.com.mx\/guaymas-consume-incendio-dos-bodegas-en-maquilas-tetakawi\/"},"author":{"name":"enequipo","@id":"https:\/\/www.sonoraenequipo.com.mx\/#\/schema\/person\/50102df0fb23a8fa9e8effad8fa81386"},"headline":"GUAYMAS. Consume incendio dos bodegas en Maquilas Tetakawi","datePublished":"2020-06-30T00:27:04+00:00","dateModified":"2020-06-30T00:34:06+00:00","mainEntityOfPage":{"@id":"https:\/\/www.sonoraenequipo.com.mx\/guaymas-consume-incendio-dos-bodegas-en-maquilas-tetakawi\/"},"wordCount":302,"commentCount":0,"publisher":{"@id":"https:\/\/www.sonoraenequipo.com.mx\/#organization"},"image":{"@id":"https:\/\/www.sonoraenequipo.com.mx\/guaymas-consume-incendio-dos-bodegas-en-maquilas-tetakawi\/#primaryimage"},"thumbnailUrl":"https:\/\/www.sonoraenequipo.com.mx\/storage\/2020\/06\/tetakawi.jpg","keywords":["Maquilas Tetakawi"],"articleSection":["Sonora"],"inLanguage":"es","potentialAction":[{"@type":"CommentAction","name":"Comment","target":["https:\/\/www.sonoraenequipo.com.mx\/guaymas-consume-incendio-dos-bodegas-en-maquilas-tetakawi\/#respond"]}]},{"@type":"WebPage","@id":"https:\/\/www.sonoraenequipo.com.mx\/guaymas-consume-incendio-dos-bodegas-en-maquilas-tetakawi\/","url":"https:\/\/www.sonoraenequipo.com.mx\/guaymas-consume-incendio-dos-bodegas-en-maquilas-tetakawi\/","name":"Sonora en Equipo. GUAYMAS. Consume incendio dos bodegas en Maquilas Tetakawi Sonora","isPartOf":{"@id":"https:\/\/www.sonoraenequipo.com.mx\/#website"},"primaryImageOfPage":{"@id":"https:\/\/www.sonoraenequipo.com.mx\/guaymas-consume-incendio-dos-bodegas-en-maquilas-tetakawi\/#primaryimage"},"image":{"@id":"https:\/\/www.sonoraenequipo.com.mx\/guaymas-consume-incendio-dos-bodegas-en-maquilas-tetakawi\/#primaryimage"},"thumbnailUrl":"https:\/\/www.sonoraenequipo.com.mx\/storage\/2020\/06\/tetakawi.jpg","datePublished":"2020-06-30T00:27:04+00:00","dateModified":"2020-06-30T00:34:06+00:00","description":"&gt;&gt; Nohay lesionados solo cuantiosas p\u00e9rdidas materiales. GUAYMAS, SONORA,MX. Una intensa movilizaci\u00f3n policiaca se registr\u00f3 a causa dell incendio En Sonora en Equipo publicamos toda la informaci\u00f3n de Sonora, M\u00e9xico y el Mundo de manera oportuna y busca que la libertad de expresi\u00f3n sea real. Visita nuestro medio informativo publicado desde Hermosillo, Sonora. %","breadcrumb":{"@id":"https:\/\/www.sonoraenequipo.com.mx\/guaymas-consume-incendio-dos-bodegas-en-maquilas-tetakawi\/#breadcrumb"},"inLanguage":"es","potentialAction":[{"@type":"ReadAction","target":["https:\/\/www.sonoraenequipo.com.mx\/guaymas-consume-incendio-dos-bodegas-en-maquilas-tetakawi\/"]}]},{"@type":"ImageObject","inLanguage":"es","@id":"https:\/\/www.sonoraenequipo.com.mx\/guaymas-consume-incendio-dos-bodegas-en-maquilas-tetakawi\/#primaryimage","url":"https:\/\/www.sonoraenequipo.com.mx\/storage\/2020\/06\/tetakawi.jpg","contentUrl":"https:\/\/www.sonoraenequipo.com.mx\/storage\/2020\/06\/tetakawi.jpg","width":600,"height":400,"caption":"imagen tomada de Tribuna"},{"@type":"BreadcrumbList","@id":"https:\/\/www.sonoraenequipo.com.mx\/guaymas-consume-incendio-dos-bodegas-en-maquilas-tetakawi\/#breadcrumb","itemListElement":[{"@type":"ListItem","position":1,"name":"Portada","item":"https:\/\/www.sonoraenequipo.com.mx\/"},{"@type":"ListItem","position":2,"name":"GUAYMAS. Consume incendio dos bodegas en Maquilas Tetakawi"}]},{"@type":"WebSite","@id":"https:\/\/www.sonoraenequipo.com.mx\/#website","url":"https:\/\/www.sonoraenequipo.com.mx\/","name":"Sonora en Equipo.","description":"Diario en l\u00ednea con Noticias desde Hermosillo, Sonora","publisher":{"@id":"https:\/\/www.sonoraenequipo.com.mx\/#organization"},"potentialAction":[{"@type":"SearchAction","target":{"@type":"EntryPoint","urlTemplate":"https:\/\/www.sonoraenequipo.com.mx\/?s={search_term_string}"},"query-input":{"@type":"PropertyValueSpecification","valueRequired":true,"valueName":"search_term_string"}}],"inLanguage":"es"},{"@type":"Organization","@id":"https:\/\/www.sonoraenequipo.com.mx\/#organization","name":"Sonoraenequipo.com.mx","url":"https:\/\/www.sonoraenequipo.com.mx\/","logo":{"@type":"ImageObject","inLanguage":"es","@id":"https:\/\/www.sonoraenequipo.com.mx\/#\/schema\/logo\/image\/","url":"https:\/\/www.sonoraenequipo.com.mx\/storage\/2019\/01\/sonoraenequipo_opt.png","contentUrl":"https:\/\/www.sonoraenequipo.com.mx\/storage\/2019\/01\/sonoraenequipo_opt.png","width":375,"height":125,"caption":"Sonoraenequipo.com.mx"},"image":{"@id":"https:\/\/www.sonoraenequipo.com.mx\/#\/schema\/logo\/image\/"},"sameAs":["https:\/\/www.facebook.com\/SonoraEE\/","https:\/\/x.com\/sonoraenequipo","https:\/\/www.youtube.com\/channel\/UC338nW-lPEYmJQs4ZABQ1SQ"]},{"@type":"Person","@id":"https:\/\/www.sonoraenequipo.com.mx\/#\/schema\/person\/50102df0fb23a8fa9e8effad8fa81386","name":"enequipo","image":{"@type":"ImageObject","inLanguage":"es","@id":"https:\/\/www.sonoraenequipo.com.mx\/#\/schema\/person\/image\/","url":"https:\/\/secure.gravatar.com\/avatar\/049821681b589dabc0bc20695993ccebb09f5b5d4d790cd9251b97faac7c652b?s=96&d=blank&r=g","contentUrl":"https:\/\/secure.gravatar.com\/avatar\/049821681b589dabc0bc20695993ccebb09f5b5d4d790cd9251b97faac7c652b?s=96&d=blank&r=g","caption":"enequipo"},"sameAs":["https:\/\/www.facebook.com\/SonoraEE"]}]}},"jetpack_featured_media_url":"https:\/\/www.sonoraenequipo.com.mx\/storage\/2020\/06\/tetakawi.jpg","_links":{"self":[{"href":"https:\/\/www.sonoraenequipo.com.mx\/api\/wp\/v2\/posts\/88559","targetHints":{"allow":["GET"]}}],"collection":[{"href":"https:\/\/www.sonoraenequipo.com.mx\/api\/wp\/v2\/posts"}],"about":[{"href":"https:\/\/www.sonoraenequipo.com.mx\/api\/wp\/v2\/types\/post"}],"author":[{"embeddable":true,"href":"https:\/\/www.sonoraenequipo.com.mx\/api\/wp\/v2\/users\/1"}],"replies":[{"embeddable":true,"href":"https:\/\/www.sonoraenequipo.com.mx\/api\/wp\/v2\/comments?post=88559"}],"version-history":[{"count":0,"href":"https:\/\/www.sonoraenequipo.com.mx\/api\/wp\/v2\/posts\/88559\/revisions"}],"wp:featuredmedia":[{"embeddable":true,"href":"https:\/\/www.sonoraenequipo.com.mx\/api\/wp\/v2\/media\/88560"}],"wp:attachment":[{"href":"https:\/\/www.sonoraenequipo.com.mx\/api\/wp\/v2\/media?parent=88559"}],"wp:term":[{"taxonomy":"category","embeddable":true,"href":"https:\/\/www.sonoraenequipo.com.mx\/api\/wp\/v2\/categories?post=88559"},{"taxonomy":"post_tag","embeddable":true,"href":"https:\/\/www.sonoraenequipo.com.mx\/api\/wp\/v2\/tags?post=88559"}],"curies":[{"name":"wp","href":"https:\/\/api.w.org\/{rel}","templated":true}]}}