{"id":88661,"date":"2020-07-01T07:17:10","date_gmt":"2020-07-01T14:17:10","guid":{"rendered":"https:\/\/www.sonoraenequipo.com.mx\/?p=88661"},"modified":"2020-07-01T15:15:28","modified_gmt":"2020-07-01T22:15:28","slug":"atienden-ciden-a-nina-ninos-y-adolescentes-con-trastorno-del-espectro-autista","status":"publish","type":"post","link":"https:\/\/www.sonoraenequipo.com.mx\/atienden-ciden-a-nina-ninos-y-adolescentes-con-trastorno-del-espectro-autista\/","title":{"rendered":"Atienden CIDEN a ni\u00f1a, ni\u00f1os y adolescentes con Trastorno del Espectro Autista"},"content":{"rendered":"<p>HERMOSILLO, SONORA. MX. \u2014 Las ni\u00f1as, ni\u00f1os y adolescentes con diversos trastornos mentales entre ellos del espectro autista se han visto afectados por el aislamiento por el Covid-19, inform\u00f3 Gilberto Gonz\u00e1lez.<\/p>\n<p>&nbsp;<\/p>\n<p> <\/p>\n<p>&nbsp;<\/p>\n<p>&nbsp;<\/p>\n<p>El siquiatra del Centro Infantil para el Desarrollo Neuroconductual (Ciden) explic\u00f3 que este sector requiere un orden es sus actividades diarias y al verse alteradas presentan cambios en su conducta, por lo que los padres deben de estar atentos.<\/p>\n<p>&nbsp;<\/p>\n<p>&nbsp;<\/p>\n<p><em>\u201cEn Ciden estamos atendiendo v\u00eda telef\u00f3nica a los padres para resolver sus dudas y para agendar citas, estas est\u00e1n limitadas y tenemos en cuenta todas las medidas de prevenci\u00f3n para evitar contagios\u201d<\/em> detall\u00f3 durante la transmisi\u00f3n del Programa <em>\u201cHablemos de Salud\u201d<\/em> a trav\u00e9s de Facebook Live de la Secretar\u00eda de Salud.<\/p>\n<p>&nbsp;<\/p>\n<p>Mencion\u00f3 que el aislamiento ha brindado valiosas oportunidades a los padres de familia de estos ni\u00f1os, como pasar m\u00e1s tiempo juntos interactuando, jugando y sobre todo estimulando las diferentes \u00e1reas del desarrollo.<\/p>\n<p>&nbsp;<\/p>\n<p>&nbsp;<\/p>\n<p>Tanto el lenguaje como la parte cognitiva o aprendizaje, por ejemplo s\u00ed el ni\u00f1o no sab\u00eda los colores ahora es una oportunidad que los aprenda, s\u00ed sab\u00eda solo dos palabras ahora puede saber 20, lo que se espera que al concluir el aislamiento social se tenga avance significativo en las diferentes \u00e1reas del desarrollo.<\/p>\n<p>&nbsp;<\/p>\n<p>&nbsp;<\/p>\n<p>Para los ni\u00f1os con autismo, dijo, es muy importante el orden, la rutina es decir la estructura del d\u00eda, por lo que los padres de familia lo deben tener muy en cuenta para que el ni\u00f1o no se vea afectado.<\/p>\n<p>&nbsp;<\/p>\n<p>El siquiatra explic\u00f3 que s\u00edntomas de alarma se deben de atender de inmediato son conducta irritable, no acepta alimentos, alteraciones en el sue\u00f1o, autoagresiones f\u00edsicas o agresi\u00f3n a otras personas.<\/p>\n<p>&nbsp;<\/p>\n<p>&nbsp;<\/p>\n<p>Agreg\u00f3 que si se presentan este tipo de situaciones, se puede llamar a Ciden para recibir ayuda o poner cita al tel\u00e9fono 251-80-69, o bien, enviar correo a <a href=\"mailto:cidenhermosillo@gmail.com\">cidenhermosillo@gmail.com<\/a><\/p>\n<p>&nbsp;<\/p>\n<p>&nbsp;<\/p>\n<p>(PUBLICADO EL\u00a0 01\/07\/2020)<\/p>\n","protected":false},"excerpt":{"rendered":"<p>HERMOSILLO, SONORA. MX. \u2014 Las ni\u00f1as, ni\u00f1os y adolescentes con diversos trastornos mentales entre ellos&#8230;<\/p>\n","protected":false},"author":1,"featured_media":88662,"comment_status":"open","ping_status":"open","sticky":false,"template":"","format":"standard","meta":{"_monsterinsights_skip_tracking":false,"_monsterinsights_sitenote_active":false,"_monsterinsights_sitenote_note":"","_monsterinsights_sitenote_category":0,"footnotes":""},"categories":[22],"tags":[],"class_list":["post"],"yoast_head":" \n<title>Sonora en Equipo. Atienden CIDEN a ni\u00f1a, ni\u00f1os y adolescentes con Trastorno del Espectro Autista Sonora<\/title>\n<meta name=\"description\" content=\"HERMOSILLO, SONORA. MX. \u2014 Las ni\u00f1as, ni\u00f1os y adolescentes con diversos trastornos mentales entre ellos del espectro autista se han visto afectados por el En Sonora en Equipo publicamos toda la informaci\u00f3n de Sonora, M\u00e9xico y el Mundo de manera oportuna y busca que la libertad de expresi\u00f3n sea real. Visita nuestro medio informativo publicado desde Hermosillo, Sonora. %\" \/>\n<meta name=\"robots\" content=\"index, follow, max-snippet:-1, max-image-preview:large, max-video-preview:-1\" \/>\n<link rel=\"canonical\" href=\"https:\/\/www.sonoraenequipo.com.mx\/atienden-ciden-a-nina-ninos-y-adolescentes-con-trastorno-del-espectro-autista\/\" \/>\n<meta property=\"og:locale\" content=\"es_ES\" \/>\n<meta property=\"og:type\" content=\"article\" \/>\n<meta property=\"og:title\" content=\"Sonora en Equipo. Atienden CIDEN a ni\u00f1a, ni\u00f1os y adolescentes con Trastorno del Espectro Autista Sonora\" \/>\n<meta property=\"og:description\" content=\"HERMOSILLO, SONORA. MX. \u2014 Las ni\u00f1as, ni\u00f1os y adolescentes con diversos trastornos mentales entre ellos del espectro autista se han visto afectados por el En Sonora en Equipo publicamos toda la informaci\u00f3n de Sonora, M\u00e9xico y el Mundo de manera oportuna y busca que la libertad de expresi\u00f3n sea real. Visita nuestro medio informativo publicado desde Hermosillo, Sonora. %\" \/>\n<meta property=\"og:url\" content=\"https:\/\/www.sonoraenequipo.com.mx\/atienden-ciden-a-nina-ninos-y-adolescentes-con-trastorno-del-espectro-autista\/\" \/>\n<meta property=\"og:site_name\" content=\"Sonora en Equipo.\" \/>\n<meta property=\"article:publisher\" content=\"https:\/\/www.facebook.com\/SonoraEE\/\" \/>\n<meta property=\"article:author\" content=\"https:\/\/www.facebook.com\/SonoraEE\" \/>\n<meta property=\"article:published_time\" content=\"2020-07-01T14:17:10+00:00\" \/>\n<meta property=\"article:modified_time\" content=\"2020-07-01T22:15:28+00:00\" \/>\n<meta property=\"og:image\" content=\"https:\/\/www.sonoraenequipo.com.mx\/storage\/2020\/07\/ciden_opt.jpg\" \/>\n\t<meta property=\"og:image:width\" content=\"667\" \/>\n\t<meta property=\"og:image:height\" content=\"500\" \/>\n\t<meta property=\"og:image:type\" content=\"image\/jpeg\" \/>\n<meta name=\"author\" content=\"enequipo\" \/>\n<meta name=\"twitter:card\" content=\"summary_large_image\" \/>\n<meta name=\"twitter:creator\" content=\"@sonoraenequipo\" \/>\n<meta name=\"twitter:site\" content=\"@sonoraenequipo\" \/>\n<meta name=\"twitter:label1\" content=\"Escrito por\" \/>\n\t<meta name=\"twitter:data1\" content=\"enequipo\" \/>\n\t<meta name=\"twitter:label2\" content=\"Tiempo de lectura\" \/>\n\t<meta name=\"twitter:data2\" content=\"2 minutos\" \/>\n<script type=\"application\/ld+json\" class=\"yoast-schema-graph\">{\"@context\":\"https:\/\/schema.org\",\"@graph\":[{\"@type\":\"Article\",\"@id\":\"https:\/\/www.sonoraenequipo.com.mx\/atienden-ciden-a-nina-ninos-y-adolescentes-con-trastorno-del-espectro-autista\/#article\",\"isPartOf\":{\"@id\":\"https:\/\/www.sonoraenequipo.com.mx\/atienden-ciden-a-nina-ninos-y-adolescentes-con-trastorno-del-espectro-autista\/\"},\"author\":{\"name\":\"enequipo\",\"@id\":\"https:\/\/www.sonoraenequipo.com.mx\/#\/schema\/person\/50102df0fb23a8fa9e8effad8fa81386\"},\"headline\":\"Atienden CIDEN a ni\u00f1a, ni\u00f1os y adolescentes con Trastorno del Espectro Autista\",\"datePublished\":\"2020-07-01T14:17:10+00:00\",\"dateModified\":\"2020-07-01T22:15:28+00:00\",\"mainEntityOfPage\":{\"@id\":\"https:\/\/www.sonoraenequipo.com.mx\/atienden-ciden-a-nina-ninos-y-adolescentes-con-trastorno-del-espectro-autista\/\"},\"wordCount\":361,\"commentCount\":0,\"publisher\":{\"@id\":\"https:\/\/www.sonoraenequipo.com.mx\/#organization\"},\"image\":{\"@id\":\"https:\/\/www.sonoraenequipo.com.mx\/atienden-ciden-a-nina-ninos-y-adolescentes-con-trastorno-del-espectro-autista\/#primaryimage\"},\"thumbnailUrl\":\"https:\/\/www.sonoraenequipo.com.mx\/storage\/2020\/07\/ciden_opt.jpg\",\"articleSection\":[\"Sonora\"],\"inLanguage\":\"es\",\"potentialAction\":[{\"@type\":\"CommentAction\",\"name\":\"Comment\",\"target\":[\"https:\/\/www.sonoraenequipo.com.mx\/atienden-ciden-a-nina-ninos-y-adolescentes-con-trastorno-del-espectro-autista\/#respond\"]}]},{\"@type\":\"WebPage\",\"@id\":\"https:\/\/www.sonoraenequipo.com.mx\/atienden-ciden-a-nina-ninos-y-adolescentes-con-trastorno-del-espectro-autista\/\",\"url\":\"https:\/\/www.sonoraenequipo.com.mx\/atienden-ciden-a-nina-ninos-y-adolescentes-con-trastorno-del-espectro-autista\/\",\"name\":\"Sonora en Equipo. Atienden CIDEN a ni\u00f1a, ni\u00f1os y adolescentes con Trastorno del Espectro Autista Sonora\",\"isPartOf\":{\"@id\":\"https:\/\/www.sonoraenequipo.com.mx\/#website\"},\"primaryImageOfPage\":{\"@id\":\"https:\/\/www.sonoraenequipo.com.mx\/atienden-ciden-a-nina-ninos-y-adolescentes-con-trastorno-del-espectro-autista\/#primaryimage\"},\"image\":{\"@id\":\"https:\/\/www.sonoraenequipo.com.mx\/atienden-ciden-a-nina-ninos-y-adolescentes-con-trastorno-del-espectro-autista\/#primaryimage\"},\"thumbnailUrl\":\"https:\/\/www.sonoraenequipo.com.mx\/storage\/2020\/07\/ciden_opt.jpg\",\"datePublished\":\"2020-07-01T14:17:10+00:00\",\"dateModified\":\"2020-07-01T22:15:28+00:00\",\"description\":\"HERMOSILLO, SONORA. MX. \u2014 Las ni\u00f1as, ni\u00f1os y adolescentes con diversos trastornos mentales entre ellos del espectro autista se han visto afectados por el En Sonora en Equipo publicamos toda la informaci\u00f3n de Sonora, M\u00e9xico y el Mundo de manera oportuna y busca que la libertad de expresi\u00f3n sea real. Visita nuestro medio informativo publicado desde Hermosillo, Sonora. %\",\"breadcrumb\":{\"@id\":\"https:\/\/www.sonoraenequipo.com.mx\/atienden-ciden-a-nina-ninos-y-adolescentes-con-trastorno-del-espectro-autista\/#breadcrumb\"},\"inLanguage\":\"es\",\"potentialAction\":[{\"@type\":\"ReadAction\",\"target\":[\"https:\/\/www.sonoraenequipo.com.mx\/atienden-ciden-a-nina-ninos-y-adolescentes-con-trastorno-del-espectro-autista\/\"]}]},{\"@type\":\"ImageObject\",\"inLanguage\":\"es\",\"@id\":\"https:\/\/www.sonoraenequipo.com.mx\/atienden-ciden-a-nina-ninos-y-adolescentes-con-trastorno-del-espectro-autista\/#primaryimage\",\"url\":\"https:\/\/www.sonoraenequipo.com.mx\/storage\/2020\/07\/ciden_opt.jpg\",\"contentUrl\":\"https:\/\/www.sonoraenequipo.com.mx\/storage\/2020\/07\/ciden_opt.jpg\",\"width\":667,\"height\":500},{\"@type\":\"BreadcrumbList\",\"@id\":\"https:\/\/www.sonoraenequipo.com.mx\/atienden-ciden-a-nina-ninos-y-adolescentes-con-trastorno-del-espectro-autista\/#breadcrumb\",\"itemListElement\":[{\"@type\":\"ListItem\",\"position\":1,\"name\":\"Portada\",\"item\":\"https:\/\/www.sonoraenequipo.com.mx\/\"},{\"@type\":\"ListItem\",\"position\":2,\"name\":\"Atienden CIDEN a ni\u00f1a, ni\u00f1os y adolescentes con Trastorno del Espectro Autista\"}]},{\"@type\":\"WebSite\",\"@id\":\"https:\/\/www.sonoraenequipo.com.mx\/#website\",\"url\":\"https:\/\/www.sonoraenequipo.com.mx\/\",\"name\":\"Sonora en Equipo.\",\"description\":\"Diario en l\u00ednea con Noticias desde Hermosillo, Sonora\",\"publisher\":{\"@id\":\"https:\/\/www.sonoraenequipo.com.mx\/#organization\"},\"potentialAction\":[{\"@type\":\"SearchAction\",\"target\":{\"@type\":\"EntryPoint\",\"urlTemplate\":\"https:\/\/www.sonoraenequipo.com.mx\/?s={search_term_string}\"},\"query-input\":{\"@type\":\"PropertyValueSpecification\",\"valueRequired\":true,\"valueName\":\"search_term_string\"}}],\"inLanguage\":\"es\"},{\"@type\":\"Organization\",\"@id\":\"https:\/\/www.sonoraenequipo.com.mx\/#organization\",\"name\":\"Sonoraenequipo.com.mx\",\"url\":\"https:\/\/www.sonoraenequipo.com.mx\/\",\"logo\":{\"@type\":\"ImageObject\",\"inLanguage\":\"es\",\"@id\":\"https:\/\/www.sonoraenequipo.com.mx\/#\/schema\/logo\/image\/\",\"url\":\"https:\/\/www.sonoraenequipo.com.mx\/storage\/2019\/01\/sonoraenequipo_opt.png\",\"contentUrl\":\"https:\/\/www.sonoraenequipo.com.mx\/storage\/2019\/01\/sonoraenequipo_opt.png\",\"width\":375,\"height\":125,\"caption\":\"Sonoraenequipo.com.mx\"},\"image\":{\"@id\":\"https:\/\/www.sonoraenequipo.com.mx\/#\/schema\/logo\/image\/\"},\"sameAs\":[\"https:\/\/www.facebook.com\/SonoraEE\/\",\"https:\/\/x.com\/sonoraenequipo\",\"https:\/\/www.youtube.com\/channel\/UC338nW-lPEYmJQs4ZABQ1SQ\"]},{\"@type\":\"Person\",\"@id\":\"https:\/\/www.sonoraenequipo.com.mx\/#\/schema\/person\/50102df0fb23a8fa9e8effad8fa81386\",\"name\":\"enequipo\",\"image\":{\"@type\":\"ImageObject\",\"inLanguage\":\"es\",\"@id\":\"https:\/\/www.sonoraenequipo.com.mx\/#\/schema\/person\/image\/\",\"url\":\"https:\/\/secure.gravatar.com\/avatar\/049821681b589dabc0bc20695993ccebb09f5b5d4d790cd9251b97faac7c652b?s=96&d=blank&r=g\",\"contentUrl\":\"https:\/\/secure.gravatar.com\/avatar\/049821681b589dabc0bc20695993ccebb09f5b5d4d790cd9251b97faac7c652b?s=96&d=blank&r=g\",\"caption\":\"enequipo\"},\"sameAs\":[\"https:\/\/www.facebook.com\/SonoraEE\"]}]}<\/script>\n ","yoast_head_json":{"title":"Sonora en Equipo. Atienden CIDEN a ni\u00f1a, ni\u00f1os y adolescentes con Trastorno del Espectro Autista Sonora","description":"HERMOSILLO, SONORA. MX. \u2014 Las ni\u00f1as, ni\u00f1os y adolescentes con diversos trastornos mentales entre ellos del espectro autista se han visto afectados por el En Sonora en Equipo publicamos toda la informaci\u00f3n de Sonora, M\u00e9xico y el Mundo de manera oportuna y busca que la libertad de expresi\u00f3n sea real. Visita nuestro medio informativo publicado desde Hermosillo, Sonora. %","robots":{"index":"index","follow":"follow","max-snippet":"max-snippet:-1","max-image-preview":"max-image-preview:large","max-video-preview":"max-video-preview:-1"},"canonical":"https:\/\/www.sonoraenequipo.com.mx\/atienden-ciden-a-nina-ninos-y-adolescentes-con-trastorno-del-espectro-autista\/","og_locale":"es_ES","og_type":"article","og_title":"Sonora en Equipo. Atienden CIDEN a ni\u00f1a, ni\u00f1os y adolescentes con Trastorno del Espectro Autista Sonora","og_description":"HERMOSILLO, SONORA. MX. \u2014 Las ni\u00f1as, ni\u00f1os y adolescentes con diversos trastornos mentales entre ellos del espectro autista se han visto afectados por el En Sonora en Equipo publicamos toda la informaci\u00f3n de Sonora, M\u00e9xico y el Mundo de manera oportuna y busca que la libertad de expresi\u00f3n sea real. Visita nuestro medio informativo publicado desde Hermosillo, Sonora. %","og_url":"https:\/\/www.sonoraenequipo.com.mx\/atienden-ciden-a-nina-ninos-y-adolescentes-con-trastorno-del-espectro-autista\/","og_site_name":"Sonora en Equipo.","article_publisher":"https:\/\/www.facebook.com\/SonoraEE\/","article_author":"https:\/\/www.facebook.com\/SonoraEE","article_published_time":"2020-07-01T14:17:10+00:00","article_modified_time":"2020-07-01T22:15:28+00:00","og_image":[{"width":667,"height":500,"url":"https:\/\/www.sonoraenequipo.com.mx\/storage\/2020\/07\/ciden_opt.jpg","type":"image\/jpeg"}],"author":"enequipo","twitter_card":"summary_large_image","twitter_creator":"@sonoraenequipo","twitter_site":"@sonoraenequipo","twitter_misc":{"Escrito por":"enequipo","Tiempo de lectura":"2 minutos"},"schema":{"@context":"https:\/\/schema.org","@graph":[{"@type":"Article","@id":"https:\/\/www.sonoraenequipo.com.mx\/atienden-ciden-a-nina-ninos-y-adolescentes-con-trastorno-del-espectro-autista\/#article","isPartOf":{"@id":"https:\/\/www.sonoraenequipo.com.mx\/atienden-ciden-a-nina-ninos-y-adolescentes-con-trastorno-del-espectro-autista\/"},"author":{"name":"enequipo","@id":"https:\/\/www.sonoraenequipo.com.mx\/#\/schema\/person\/50102df0fb23a8fa9e8effad8fa81386"},"headline":"Atienden CIDEN a ni\u00f1a, ni\u00f1os y adolescentes con Trastorno del Espectro Autista","datePublished":"2020-07-01T14:17:10+00:00","dateModified":"2020-07-01T22:15:28+00:00","mainEntityOfPage":{"@id":"https:\/\/www.sonoraenequipo.com.mx\/atienden-ciden-a-nina-ninos-y-adolescentes-con-trastorno-del-espectro-autista\/"},"wordCount":361,"commentCount":0,"publisher":{"@id":"https:\/\/www.sonoraenequipo.com.mx\/#organization"},"image":{"@id":"https:\/\/www.sonoraenequipo.com.mx\/atienden-ciden-a-nina-ninos-y-adolescentes-con-trastorno-del-espectro-autista\/#primaryimage"},"thumbnailUrl":"https:\/\/www.sonoraenequipo.com.mx\/storage\/2020\/07\/ciden_opt.jpg","articleSection":["Sonora"],"inLanguage":"es","potentialAction":[{"@type":"CommentAction","name":"Comment","target":["https:\/\/www.sonoraenequipo.com.mx\/atienden-ciden-a-nina-ninos-y-adolescentes-con-trastorno-del-espectro-autista\/#respond"]}]},{"@type":"WebPage","@id":"https:\/\/www.sonoraenequipo.com.mx\/atienden-ciden-a-nina-ninos-y-adolescentes-con-trastorno-del-espectro-autista\/","url":"https:\/\/www.sonoraenequipo.com.mx\/atienden-ciden-a-nina-ninos-y-adolescentes-con-trastorno-del-espectro-autista\/","name":"Sonora en Equipo. Atienden CIDEN a ni\u00f1a, ni\u00f1os y adolescentes con Trastorno del Espectro Autista Sonora","isPartOf":{"@id":"https:\/\/www.sonoraenequipo.com.mx\/#website"},"primaryImageOfPage":{"@id":"https:\/\/www.sonoraenequipo.com.mx\/atienden-ciden-a-nina-ninos-y-adolescentes-con-trastorno-del-espectro-autista\/#primaryimage"},"image":{"@id":"https:\/\/www.sonoraenequipo.com.mx\/atienden-ciden-a-nina-ninos-y-adolescentes-con-trastorno-del-espectro-autista\/#primaryimage"},"thumbnailUrl":"https:\/\/www.sonoraenequipo.com.mx\/storage\/2020\/07\/ciden_opt.jpg","datePublished":"2020-07-01T14:17:10+00:00","dateModified":"2020-07-01T22:15:28+00:00","description":"HERMOSILLO, SONORA. MX. \u2014 Las ni\u00f1as, ni\u00f1os y adolescentes con diversos trastornos mentales entre ellos del espectro autista se han visto afectados por el En Sonora en Equipo publicamos toda la informaci\u00f3n de Sonora, M\u00e9xico y el Mundo de manera oportuna y busca que la libertad de expresi\u00f3n sea real. Visita nuestro medio informativo publicado desde Hermosillo, Sonora. %","breadcrumb":{"@id":"https:\/\/www.sonoraenequipo.com.mx\/atienden-ciden-a-nina-ninos-y-adolescentes-con-trastorno-del-espectro-autista\/#breadcrumb"},"inLanguage":"es","potentialAction":[{"@type":"ReadAction","target":["https:\/\/www.sonoraenequipo.com.mx\/atienden-ciden-a-nina-ninos-y-adolescentes-con-trastorno-del-espectro-autista\/"]}]},{"@type":"ImageObject","inLanguage":"es","@id":"https:\/\/www.sonoraenequipo.com.mx\/atienden-ciden-a-nina-ninos-y-adolescentes-con-trastorno-del-espectro-autista\/#primaryimage","url":"https:\/\/www.sonoraenequipo.com.mx\/storage\/2020\/07\/ciden_opt.jpg","contentUrl":"https:\/\/www.sonoraenequipo.com.mx\/storage\/2020\/07\/ciden_opt.jpg","width":667,"height":500},{"@type":"BreadcrumbList","@id":"https:\/\/www.sonoraenequipo.com.mx\/atienden-ciden-a-nina-ninos-y-adolescentes-con-trastorno-del-espectro-autista\/#breadcrumb","itemListElement":[{"@type":"ListItem","position":1,"name":"Portada","item":"https:\/\/www.sonoraenequipo.com.mx\/"},{"@type":"ListItem","position":2,"name":"Atienden CIDEN a ni\u00f1a, ni\u00f1os y adolescentes con Trastorno del Espectro Autista"}]},{"@type":"WebSite","@id":"https:\/\/www.sonoraenequipo.com.mx\/#website","url":"https:\/\/www.sonoraenequipo.com.mx\/","name":"Sonora en Equipo.","description":"Diario en l\u00ednea con Noticias desde Hermosillo, Sonora","publisher":{"@id":"https:\/\/www.sonoraenequipo.com.mx\/#organization"},"potentialAction":[{"@type":"SearchAction","target":{"@type":"EntryPoint","urlTemplate":"https:\/\/www.sonoraenequipo.com.mx\/?s={search_term_string}"},"query-input":{"@type":"PropertyValueSpecification","valueRequired":true,"valueName":"search_term_string"}}],"inLanguage":"es"},{"@type":"Organization","@id":"https:\/\/www.sonoraenequipo.com.mx\/#organization","name":"Sonoraenequipo.com.mx","url":"https:\/\/www.sonoraenequipo.com.mx\/","logo":{"@type":"ImageObject","inLanguage":"es","@id":"https:\/\/www.sonoraenequipo.com.mx\/#\/schema\/logo\/image\/","url":"https:\/\/www.sonoraenequipo.com.mx\/storage\/2019\/01\/sonoraenequipo_opt.png","contentUrl":"https:\/\/www.sonoraenequipo.com.mx\/storage\/2019\/01\/sonoraenequipo_opt.png","width":375,"height":125,"caption":"Sonoraenequipo.com.mx"},"image":{"@id":"https:\/\/www.sonoraenequipo.com.mx\/#\/schema\/logo\/image\/"},"sameAs":["https:\/\/www.facebook.com\/SonoraEE\/","https:\/\/x.com\/sonoraenequipo","https:\/\/www.youtube.com\/channel\/UC338nW-lPEYmJQs4ZABQ1SQ"]},{"@type":"Person","@id":"https:\/\/www.sonoraenequipo.com.mx\/#\/schema\/person\/50102df0fb23a8fa9e8effad8fa81386","name":"enequipo","image":{"@type":"ImageObject","inLanguage":"es","@id":"https:\/\/www.sonoraenequipo.com.mx\/#\/schema\/person\/image\/","url":"https:\/\/secure.gravatar.com\/avatar\/049821681b589dabc0bc20695993ccebb09f5b5d4d790cd9251b97faac7c652b?s=96&d=blank&r=g","contentUrl":"https:\/\/secure.gravatar.com\/avatar\/049821681b589dabc0bc20695993ccebb09f5b5d4d790cd9251b97faac7c652b?s=96&d=blank&r=g","caption":"enequipo"},"sameAs":["https:\/\/www.facebook.com\/SonoraEE"]}]}},"jetpack_featured_media_url":"https:\/\/www.sonoraenequipo.com.mx\/storage\/2020\/07\/ciden_opt.jpg","_links":{"self":[{"href":"https:\/\/www.sonoraenequipo.com.mx\/api\/wp\/v2\/posts\/88661","targetHints":{"allow":["GET"]}}],"collection":[{"href":"https:\/\/www.sonoraenequipo.com.mx\/api\/wp\/v2\/posts"}],"about":[{"href":"https:\/\/www.sonoraenequipo.com.mx\/api\/wp\/v2\/types\/post"}],"author":[{"embeddable":true,"href":"https:\/\/www.sonoraenequipo.com.mx\/api\/wp\/v2\/users\/1"}],"replies":[{"embeddable":true,"href":"https:\/\/www.sonoraenequipo.com.mx\/api\/wp\/v2\/comments?post=88661"}],"version-history":[{"count":0,"href":"https:\/\/www.sonoraenequipo.com.mx\/api\/wp\/v2\/posts\/88661\/revisions"}],"wp:featuredmedia":[{"embeddable":true,"href":"https:\/\/www.sonoraenequipo.com.mx\/api\/wp\/v2\/media\/88662"}],"wp:attachment":[{"href":"https:\/\/www.sonoraenequipo.com.mx\/api\/wp\/v2\/media?parent=88661"}],"wp:term":[{"taxonomy":"category","embeddable":true,"href":"https:\/\/www.sonoraenequipo.com.mx\/api\/wp\/v2\/categories?post=88661"},{"taxonomy":"post_tag","embeddable":true,"href":"https:\/\/www.sonoraenequipo.com.mx\/api\/wp\/v2\/tags?post=88661"}],"curies":[{"name":"wp","href":"https:\/\/api.w.org\/{rel}","templated":true}]}}