{"id":88664,"date":"2020-07-01T08:28:47","date_gmt":"2020-07-01T15:28:47","guid":{"rendered":"https:\/\/www.sonoraenequipo.com.mx\/?p=88664"},"modified":"2020-07-01T15:26:49","modified_gmt":"2020-07-01T22:26:49","slug":"importante-el-impulso-del-comercio-local-para-reactivacion-economica-de-sonora-luis-nunez","status":"publish","type":"post","link":"https:\/\/www.sonoraenequipo.com.mx\/importante-el-impulso-del-comercio-local-para-reactivacion-economica-de-sonora-luis-nunez\/","title":{"rendered":"Importante el impulso del comercio local para reactivaci\u00f3n econ\u00f3mica de Sonora: Luis N\u00fa\u00f1ez"},"content":{"rendered":"<p>HERMOSILLO, SONORA. MX. \u2014 Impulsar el comercio local ser\u00e1 una estrategia importante para que Sonora salga adelante, expres\u00f3 Luis N\u00fa\u00f1ez Noriega, vocero para la Reactivaci\u00f3n Econ\u00f3mica de Sonora.<\/p>\n<p>&nbsp;<\/p>\n<p> <\/p>\n<p>&nbsp;<\/p>\n<p>&nbsp;<\/p>\n<p>Al permanecer Sonora en color rojo en el sem\u00e1foro nacional de riesgo por Covid-19, explic\u00f3, se giraron instrucciones para que se mantengan en reactivaci\u00f3n econ\u00f3mica solo los 38 sectores que desde un inicio no han cerrado sus actividades, as\u00ed como la miner\u00eda, la industria de la construcci\u00f3n y la fabricaci\u00f3n de equipo de transporte, es decir el sector automotriz y de autopartes, y la industria aeroespacial.<\/p>\n<p>&nbsp;<\/p>\n<p>&nbsp;<\/p>\n<p>El vocero para la Reactivaci\u00f3n Econ\u00f3mica de Sonora, en su mensaje a los sonorenses, reafirm\u00f3 que buscando estrategias de reactivaci\u00f3n econ\u00f3mica, la gobernadora Claudia Pavlovich Arellano ha concretado alianzas con empresas l\u00edderes en el comercio digital.<\/p>\n<p>&nbsp;<\/p>\n<p>&nbsp;<\/p>\n<p>Por ello, present\u00f3 el proyecto integral \u201cSonr\u00ede Sonora\u201d, con el que se busca la generaci\u00f3n de oportunidades para los comercios locales, a trav\u00e9s de la plataforma digital Alibaba, que por su expansi\u00f3n internacional garantiza el \u00e9xito de esta comercializaci\u00f3n.<\/p>\n<p>&nbsp;<\/p>\n<p>&nbsp;<\/p>\n<p><em>\u201cImpulsar el comercio local, impulsar el comercio de nosotros, de lo que nosotros producimos, sentirnos orgullosos de lo que somos, podemos ser valientes, podemos tener templanza, fortaleza, podamos llenarnos de valent\u00eda y coraje para salir adelante, tenemos talento y somos innovadores, es parte de los grandes beneficios que traen consigo esta estrategia que nos mostr\u00f3 la gobernadora\u201d<\/em>, expres\u00f3.<\/p>\n<p>&nbsp;<\/p>\n<p>&nbsp;<\/p>\n<p>Luis Nu\u00f1ez Noriega afirm\u00f3 que el Gobierno del Estado de Sonora, a trav\u00e9s de la Secretar\u00eda de Econom\u00eda, se han dado a la tarea de encontrar nuevas v\u00edas para actuar y el comercio electr\u00f3nico ha sido una de ellas, para las peque\u00f1as y medianas empresas, pues se estima que 75 por ciento de las 117 mil unidades productivas que existen en el estado pertenecen a este sector y con estos esfuerzos de buscar plataformas digitales podr\u00e1n mostrar y comercializar sus productos de esta manera.<\/p>\n<p>&nbsp;<\/p>\n<p>&nbsp;<\/p>\n<p>Record\u00f3 que Sonora es un estado con fuerte vocaci\u00f3n productiva y exportadora y que compartir frontera con Estados Unidos ha sido un factor importante para lograr un v\u00ednculo estrecho de comercio creciente en productos agr\u00edcolas, pecuarios y mineros.<\/p>\n<p>&nbsp;<\/p>\n<p>&nbsp;<\/p>\n<p>Sin embargo, de acuerdo a informaci\u00f3n de la Secretar\u00eda de Econom\u00eda, los principales productos que exporta Sonora a 94 pa\u00edses del mundo son: las manufacturas el\u00e9ctricas, la agricultura, la metalmec\u00e1nica, equipo electr\u00f3nico, sector aeroespacial, autopartes, materiales para la construcci\u00f3n, entre alguno otros m\u00e1s.<\/p>\n<p>&nbsp;<\/p>\n<p><em>\u201cTenemos la certeza de que Sonora es grande, es fuerte, tiene adem\u00e1s enormes potenciales para salir adelante del reto que le lleva la pandemia. Una econom\u00eda diversificada, con fuerte vocaci\u00f3n exportadora. El sonorense es un incansable productor, que asume los retos con responsabilidad y con visi\u00f3n de largo plazo\u201d,<\/em> reiter\u00f3.<\/p>\n<p>&nbsp;<\/p>\n<p>&nbsp;<\/p>\n<p>El vocero para la Reactivaci\u00f3n Econ\u00f3mica de Sonora, invit\u00f3 a los sonorenses interesados en recibir m\u00e1s informaci\u00f3n de c\u00f3mo incursionar en el ecommerce, c\u00f3mo utilizar las diferentes plataformas y aprovechar estas alianzas que el Gobierno del Estado ha buscado con distintas plataformas para el rescate econ\u00f3mico del estado, y a seguir la pr\u00f3xima transmisi\u00f3n en vivo el jueves a la 13:00 horas donde tendr\u00e1n un invitado especial que podr\u00e1 platicar y orientar en esta estrategia de reactivaci\u00f3n econ\u00f3mica.<\/p>\n<p>&nbsp;<\/p>\n<p>&nbsp;<\/p>\n<p>(PUBLICADO EL 01\/07\/2020)<\/p>\n","protected":false},"excerpt":{"rendered":"<p>HERMOSILLO, SONORA. MX. \u2014 Impulsar el comercio local ser\u00e1 una estrategia importante para que Sonora&#8230;<\/p>\n","protected":false},"author":1,"featured_media":88666,"comment_status":"open","ping_status":"open","sticky":false,"template":"","format":"standard","meta":{"_monsterinsights_skip_tracking":false,"_monsterinsights_sitenote_active":false,"_monsterinsights_sitenote_note":"","_monsterinsights_sitenote_category":0,"footnotes":""},"categories":[22],"tags":[],"class_list":["post"],"yoast_head":" \n<title>Sonora en Equipo. Importante el impulso del comercio local para reactivaci\u00f3n econ\u00f3mica de Sonora: Luis N\u00fa\u00f1ez Sonora<\/title>\n<meta name=\"description\" content=\"HERMOSILLO, SONORA. MX. \u2014 Impulsar el comercio local ser\u00e1 una estrategia importante para que Sonora salga adelante, expres\u00f3 Luis N\u00fa\u00f1ez Noriega, vocero En Sonora en Equipo publicamos toda la informaci\u00f3n de Sonora, M\u00e9xico y el Mundo de manera oportuna y busca que la libertad de expresi\u00f3n sea real. Visita nuestro medio informativo publicado desde Hermosillo, Sonora. %\" \/>\n<meta name=\"robots\" content=\"index, follow, max-snippet:-1, max-image-preview:large, max-video-preview:-1\" \/>\n<link rel=\"canonical\" href=\"https:\/\/www.sonoraenequipo.com.mx\/importante-el-impulso-del-comercio-local-para-reactivacion-economica-de-sonora-luis-nunez\/\" \/>\n<meta property=\"og:locale\" content=\"es_ES\" \/>\n<meta property=\"og:type\" content=\"article\" \/>\n<meta property=\"og:title\" content=\"Sonora en Equipo. Importante el impulso del comercio local para reactivaci\u00f3n econ\u00f3mica de Sonora: Luis N\u00fa\u00f1ez Sonora\" \/>\n<meta property=\"og:description\" content=\"HERMOSILLO, SONORA. MX. \u2014 Impulsar el comercio local ser\u00e1 una estrategia importante para que Sonora salga adelante, expres\u00f3 Luis N\u00fa\u00f1ez Noriega, vocero En Sonora en Equipo publicamos toda la informaci\u00f3n de Sonora, M\u00e9xico y el Mundo de manera oportuna y busca que la libertad de expresi\u00f3n sea real. Visita nuestro medio informativo publicado desde Hermosillo, Sonora. %\" \/>\n<meta property=\"og:url\" content=\"https:\/\/www.sonoraenequipo.com.mx\/importante-el-impulso-del-comercio-local-para-reactivacion-economica-de-sonora-luis-nunez\/\" \/>\n<meta property=\"og:site_name\" content=\"Sonora en Equipo.\" \/>\n<meta property=\"article:publisher\" content=\"https:\/\/www.facebook.com\/SonoraEE\/\" \/>\n<meta property=\"article:author\" content=\"https:\/\/www.facebook.com\/SonoraEE\" \/>\n<meta property=\"article:published_time\" content=\"2020-07-01T15:28:47+00:00\" \/>\n<meta property=\"article:modified_time\" content=\"2020-07-01T22:26:49+00:00\" \/>\n<meta property=\"og:image\" content=\"https:\/\/www.sonoraenequipo.com.mx\/storage\/2020\/07\/luis-nu\u00f1ez_opt.jpg\" \/>\n\t<meta property=\"og:image:width\" content=\"558\" \/>\n\t<meta property=\"og:image:height\" content=\"387\" \/>\n\t<meta property=\"og:image:type\" content=\"image\/jpeg\" \/>\n<meta name=\"author\" content=\"enequipo\" \/>\n<meta name=\"twitter:card\" content=\"summary_large_image\" \/>\n<meta name=\"twitter:creator\" content=\"@sonoraenequipo\" \/>\n<meta name=\"twitter:site\" content=\"@sonoraenequipo\" \/>\n<meta name=\"twitter:label1\" content=\"Escrito por\" \/>\n\t<meta name=\"twitter:data1\" content=\"enequipo\" \/>\n\t<meta name=\"twitter:label2\" content=\"Tiempo de lectura\" \/>\n\t<meta name=\"twitter:data2\" content=\"3 minutos\" \/>\n<script type=\"application\/ld+json\" class=\"yoast-schema-graph\">{\"@context\":\"https:\/\/schema.org\",\"@graph\":[{\"@type\":\"Article\",\"@id\":\"https:\/\/www.sonoraenequipo.com.mx\/importante-el-impulso-del-comercio-local-para-reactivacion-economica-de-sonora-luis-nunez\/#article\",\"isPartOf\":{\"@id\":\"https:\/\/www.sonoraenequipo.com.mx\/importante-el-impulso-del-comercio-local-para-reactivacion-economica-de-sonora-luis-nunez\/\"},\"author\":{\"name\":\"enequipo\",\"@id\":\"https:\/\/www.sonoraenequipo.com.mx\/#\/schema\/person\/50102df0fb23a8fa9e8effad8fa81386\"},\"headline\":\"Importante el impulso del comercio local para reactivaci\u00f3n econ\u00f3mica de Sonora: Luis N\u00fa\u00f1ez\",\"datePublished\":\"2020-07-01T15:28:47+00:00\",\"dateModified\":\"2020-07-01T22:26:49+00:00\",\"mainEntityOfPage\":{\"@id\":\"https:\/\/www.sonoraenequipo.com.mx\/importante-el-impulso-del-comercio-local-para-reactivacion-economica-de-sonora-luis-nunez\/\"},\"wordCount\":608,\"commentCount\":0,\"publisher\":{\"@id\":\"https:\/\/www.sonoraenequipo.com.mx\/#organization\"},\"image\":{\"@id\":\"https:\/\/www.sonoraenequipo.com.mx\/importante-el-impulso-del-comercio-local-para-reactivacion-economica-de-sonora-luis-nunez\/#primaryimage\"},\"thumbnailUrl\":\"https:\/\/www.sonoraenequipo.com.mx\/storage\/2020\/07\/luis-nu\u00f1ez_opt.jpg\",\"articleSection\":[\"Sonora\"],\"inLanguage\":\"es\",\"potentialAction\":[{\"@type\":\"CommentAction\",\"name\":\"Comment\",\"target\":[\"https:\/\/www.sonoraenequipo.com.mx\/importante-el-impulso-del-comercio-local-para-reactivacion-economica-de-sonora-luis-nunez\/#respond\"]}]},{\"@type\":\"WebPage\",\"@id\":\"https:\/\/www.sonoraenequipo.com.mx\/importante-el-impulso-del-comercio-local-para-reactivacion-economica-de-sonora-luis-nunez\/\",\"url\":\"https:\/\/www.sonoraenequipo.com.mx\/importante-el-impulso-del-comercio-local-para-reactivacion-economica-de-sonora-luis-nunez\/\",\"name\":\"Sonora en Equipo. Importante el impulso del comercio local para reactivaci\u00f3n econ\u00f3mica de Sonora: Luis N\u00fa\u00f1ez Sonora\",\"isPartOf\":{\"@id\":\"https:\/\/www.sonoraenequipo.com.mx\/#website\"},\"primaryImageOfPage\":{\"@id\":\"https:\/\/www.sonoraenequipo.com.mx\/importante-el-impulso-del-comercio-local-para-reactivacion-economica-de-sonora-luis-nunez\/#primaryimage\"},\"image\":{\"@id\":\"https:\/\/www.sonoraenequipo.com.mx\/importante-el-impulso-del-comercio-local-para-reactivacion-economica-de-sonora-luis-nunez\/#primaryimage\"},\"thumbnailUrl\":\"https:\/\/www.sonoraenequipo.com.mx\/storage\/2020\/07\/luis-nu\u00f1ez_opt.jpg\",\"datePublished\":\"2020-07-01T15:28:47+00:00\",\"dateModified\":\"2020-07-01T22:26:49+00:00\",\"description\":\"HERMOSILLO, SONORA. MX. \u2014 Impulsar el comercio local ser\u00e1 una estrategia importante para que Sonora salga adelante, expres\u00f3 Luis N\u00fa\u00f1ez Noriega, vocero En Sonora en Equipo publicamos toda la informaci\u00f3n de Sonora, M\u00e9xico y el Mundo de manera oportuna y busca que la libertad de expresi\u00f3n sea real. Visita nuestro medio informativo publicado desde Hermosillo, Sonora. %\",\"breadcrumb\":{\"@id\":\"https:\/\/www.sonoraenequipo.com.mx\/importante-el-impulso-del-comercio-local-para-reactivacion-economica-de-sonora-luis-nunez\/#breadcrumb\"},\"inLanguage\":\"es\",\"potentialAction\":[{\"@type\":\"ReadAction\",\"target\":[\"https:\/\/www.sonoraenequipo.com.mx\/importante-el-impulso-del-comercio-local-para-reactivacion-economica-de-sonora-luis-nunez\/\"]}]},{\"@type\":\"ImageObject\",\"inLanguage\":\"es\",\"@id\":\"https:\/\/www.sonoraenequipo.com.mx\/importante-el-impulso-del-comercio-local-para-reactivacion-economica-de-sonora-luis-nunez\/#primaryimage\",\"url\":\"https:\/\/www.sonoraenequipo.com.mx\/storage\/2020\/07\/luis-nu\u00f1ez_opt.jpg\",\"contentUrl\":\"https:\/\/www.sonoraenequipo.com.mx\/storage\/2020\/07\/luis-nu\u00f1ez_opt.jpg\",\"width\":558,\"height\":387},{\"@type\":\"BreadcrumbList\",\"@id\":\"https:\/\/www.sonoraenequipo.com.mx\/importante-el-impulso-del-comercio-local-para-reactivacion-economica-de-sonora-luis-nunez\/#breadcrumb\",\"itemListElement\":[{\"@type\":\"ListItem\",\"position\":1,\"name\":\"Portada\",\"item\":\"https:\/\/www.sonoraenequipo.com.mx\/\"},{\"@type\":\"ListItem\",\"position\":2,\"name\":\"Importante el impulso del comercio local para reactivaci\u00f3n econ\u00f3mica de Sonora: Luis N\u00fa\u00f1ez\"}]},{\"@type\":\"WebSite\",\"@id\":\"https:\/\/www.sonoraenequipo.com.mx\/#website\",\"url\":\"https:\/\/www.sonoraenequipo.com.mx\/\",\"name\":\"Sonora en Equipo.\",\"description\":\"Diario en l\u00ednea con Noticias desde Hermosillo, Sonora\",\"publisher\":{\"@id\":\"https:\/\/www.sonoraenequipo.com.mx\/#organization\"},\"potentialAction\":[{\"@type\":\"SearchAction\",\"target\":{\"@type\":\"EntryPoint\",\"urlTemplate\":\"https:\/\/www.sonoraenequipo.com.mx\/?s={search_term_string}\"},\"query-input\":{\"@type\":\"PropertyValueSpecification\",\"valueRequired\":true,\"valueName\":\"search_term_string\"}}],\"inLanguage\":\"es\"},{\"@type\":\"Organization\",\"@id\":\"https:\/\/www.sonoraenequipo.com.mx\/#organization\",\"name\":\"Sonoraenequipo.com.mx\",\"url\":\"https:\/\/www.sonoraenequipo.com.mx\/\",\"logo\":{\"@type\":\"ImageObject\",\"inLanguage\":\"es\",\"@id\":\"https:\/\/www.sonoraenequipo.com.mx\/#\/schema\/logo\/image\/\",\"url\":\"https:\/\/www.sonoraenequipo.com.mx\/storage\/2019\/01\/sonoraenequipo_opt.png\",\"contentUrl\":\"https:\/\/www.sonoraenequipo.com.mx\/storage\/2019\/01\/sonoraenequipo_opt.png\",\"width\":375,\"height\":125,\"caption\":\"Sonoraenequipo.com.mx\"},\"image\":{\"@id\":\"https:\/\/www.sonoraenequipo.com.mx\/#\/schema\/logo\/image\/\"},\"sameAs\":[\"https:\/\/www.facebook.com\/SonoraEE\/\",\"https:\/\/x.com\/sonoraenequipo\",\"https:\/\/www.youtube.com\/channel\/UC338nW-lPEYmJQs4ZABQ1SQ\"]},{\"@type\":\"Person\",\"@id\":\"https:\/\/www.sonoraenequipo.com.mx\/#\/schema\/person\/50102df0fb23a8fa9e8effad8fa81386\",\"name\":\"enequipo\",\"image\":{\"@type\":\"ImageObject\",\"inLanguage\":\"es\",\"@id\":\"https:\/\/www.sonoraenequipo.com.mx\/#\/schema\/person\/image\/\",\"url\":\"https:\/\/secure.gravatar.com\/avatar\/049821681b589dabc0bc20695993ccebb09f5b5d4d790cd9251b97faac7c652b?s=96&d=blank&r=g\",\"contentUrl\":\"https:\/\/secure.gravatar.com\/avatar\/049821681b589dabc0bc20695993ccebb09f5b5d4d790cd9251b97faac7c652b?s=96&d=blank&r=g\",\"caption\":\"enequipo\"},\"sameAs\":[\"https:\/\/www.facebook.com\/SonoraEE\"]}]}<\/script>\n ","yoast_head_json":{"title":"Sonora en Equipo. Importante el impulso del comercio local para reactivaci\u00f3n econ\u00f3mica de Sonora: Luis N\u00fa\u00f1ez Sonora","description":"HERMOSILLO, SONORA. MX. \u2014 Impulsar el comercio local ser\u00e1 una estrategia importante para que Sonora salga adelante, expres\u00f3 Luis N\u00fa\u00f1ez Noriega, vocero En Sonora en Equipo publicamos toda la informaci\u00f3n de Sonora, M\u00e9xico y el Mundo de manera oportuna y busca que la libertad de expresi\u00f3n sea real. Visita nuestro medio informativo publicado desde Hermosillo, Sonora. %","robots":{"index":"index","follow":"follow","max-snippet":"max-snippet:-1","max-image-preview":"max-image-preview:large","max-video-preview":"max-video-preview:-1"},"canonical":"https:\/\/www.sonoraenequipo.com.mx\/importante-el-impulso-del-comercio-local-para-reactivacion-economica-de-sonora-luis-nunez\/","og_locale":"es_ES","og_type":"article","og_title":"Sonora en Equipo. Importante el impulso del comercio local para reactivaci\u00f3n econ\u00f3mica de Sonora: Luis N\u00fa\u00f1ez Sonora","og_description":"HERMOSILLO, SONORA. MX. \u2014 Impulsar el comercio local ser\u00e1 una estrategia importante para que Sonora salga adelante, expres\u00f3 Luis N\u00fa\u00f1ez Noriega, vocero En Sonora en Equipo publicamos toda la informaci\u00f3n de Sonora, M\u00e9xico y el Mundo de manera oportuna y busca que la libertad de expresi\u00f3n sea real. Visita nuestro medio informativo publicado desde Hermosillo, Sonora. %","og_url":"https:\/\/www.sonoraenequipo.com.mx\/importante-el-impulso-del-comercio-local-para-reactivacion-economica-de-sonora-luis-nunez\/","og_site_name":"Sonora en Equipo.","article_publisher":"https:\/\/www.facebook.com\/SonoraEE\/","article_author":"https:\/\/www.facebook.com\/SonoraEE","article_published_time":"2020-07-01T15:28:47+00:00","article_modified_time":"2020-07-01T22:26:49+00:00","og_image":[{"width":558,"height":387,"url":"https:\/\/www.sonoraenequipo.com.mx\/storage\/2020\/07\/luis-nu\u00f1ez_opt.jpg","type":"image\/jpeg"}],"author":"enequipo","twitter_card":"summary_large_image","twitter_creator":"@sonoraenequipo","twitter_site":"@sonoraenequipo","twitter_misc":{"Escrito por":"enequipo","Tiempo de lectura":"3 minutos"},"schema":{"@context":"https:\/\/schema.org","@graph":[{"@type":"Article","@id":"https:\/\/www.sonoraenequipo.com.mx\/importante-el-impulso-del-comercio-local-para-reactivacion-economica-de-sonora-luis-nunez\/#article","isPartOf":{"@id":"https:\/\/www.sonoraenequipo.com.mx\/importante-el-impulso-del-comercio-local-para-reactivacion-economica-de-sonora-luis-nunez\/"},"author":{"name":"enequipo","@id":"https:\/\/www.sonoraenequipo.com.mx\/#\/schema\/person\/50102df0fb23a8fa9e8effad8fa81386"},"headline":"Importante el impulso del comercio local para reactivaci\u00f3n econ\u00f3mica de Sonora: Luis N\u00fa\u00f1ez","datePublished":"2020-07-01T15:28:47+00:00","dateModified":"2020-07-01T22:26:49+00:00","mainEntityOfPage":{"@id":"https:\/\/www.sonoraenequipo.com.mx\/importante-el-impulso-del-comercio-local-para-reactivacion-economica-de-sonora-luis-nunez\/"},"wordCount":608,"commentCount":0,"publisher":{"@id":"https:\/\/www.sonoraenequipo.com.mx\/#organization"},"image":{"@id":"https:\/\/www.sonoraenequipo.com.mx\/importante-el-impulso-del-comercio-local-para-reactivacion-economica-de-sonora-luis-nunez\/#primaryimage"},"thumbnailUrl":"https:\/\/www.sonoraenequipo.com.mx\/storage\/2020\/07\/luis-nu\u00f1ez_opt.jpg","articleSection":["Sonora"],"inLanguage":"es","potentialAction":[{"@type":"CommentAction","name":"Comment","target":["https:\/\/www.sonoraenequipo.com.mx\/importante-el-impulso-del-comercio-local-para-reactivacion-economica-de-sonora-luis-nunez\/#respond"]}]},{"@type":"WebPage","@id":"https:\/\/www.sonoraenequipo.com.mx\/importante-el-impulso-del-comercio-local-para-reactivacion-economica-de-sonora-luis-nunez\/","url":"https:\/\/www.sonoraenequipo.com.mx\/importante-el-impulso-del-comercio-local-para-reactivacion-economica-de-sonora-luis-nunez\/","name":"Sonora en Equipo. Importante el impulso del comercio local para reactivaci\u00f3n econ\u00f3mica de Sonora: Luis N\u00fa\u00f1ez Sonora","isPartOf":{"@id":"https:\/\/www.sonoraenequipo.com.mx\/#website"},"primaryImageOfPage":{"@id":"https:\/\/www.sonoraenequipo.com.mx\/importante-el-impulso-del-comercio-local-para-reactivacion-economica-de-sonora-luis-nunez\/#primaryimage"},"image":{"@id":"https:\/\/www.sonoraenequipo.com.mx\/importante-el-impulso-del-comercio-local-para-reactivacion-economica-de-sonora-luis-nunez\/#primaryimage"},"thumbnailUrl":"https:\/\/www.sonoraenequipo.com.mx\/storage\/2020\/07\/luis-nu\u00f1ez_opt.jpg","datePublished":"2020-07-01T15:28:47+00:00","dateModified":"2020-07-01T22:26:49+00:00","description":"HERMOSILLO, SONORA. MX. \u2014 Impulsar el comercio local ser\u00e1 una estrategia importante para que Sonora salga adelante, expres\u00f3 Luis N\u00fa\u00f1ez Noriega, vocero En Sonora en Equipo publicamos toda la informaci\u00f3n de Sonora, M\u00e9xico y el Mundo de manera oportuna y busca que la libertad de expresi\u00f3n sea real. Visita nuestro medio informativo publicado desde Hermosillo, Sonora. %","breadcrumb":{"@id":"https:\/\/www.sonoraenequipo.com.mx\/importante-el-impulso-del-comercio-local-para-reactivacion-economica-de-sonora-luis-nunez\/#breadcrumb"},"inLanguage":"es","potentialAction":[{"@type":"ReadAction","target":["https:\/\/www.sonoraenequipo.com.mx\/importante-el-impulso-del-comercio-local-para-reactivacion-economica-de-sonora-luis-nunez\/"]}]},{"@type":"ImageObject","inLanguage":"es","@id":"https:\/\/www.sonoraenequipo.com.mx\/importante-el-impulso-del-comercio-local-para-reactivacion-economica-de-sonora-luis-nunez\/#primaryimage","url":"https:\/\/www.sonoraenequipo.com.mx\/storage\/2020\/07\/luis-nu\u00f1ez_opt.jpg","contentUrl":"https:\/\/www.sonoraenequipo.com.mx\/storage\/2020\/07\/luis-nu\u00f1ez_opt.jpg","width":558,"height":387},{"@type":"BreadcrumbList","@id":"https:\/\/www.sonoraenequipo.com.mx\/importante-el-impulso-del-comercio-local-para-reactivacion-economica-de-sonora-luis-nunez\/#breadcrumb","itemListElement":[{"@type":"ListItem","position":1,"name":"Portada","item":"https:\/\/www.sonoraenequipo.com.mx\/"},{"@type":"ListItem","position":2,"name":"Importante el impulso del comercio local para reactivaci\u00f3n econ\u00f3mica de Sonora: Luis N\u00fa\u00f1ez"}]},{"@type":"WebSite","@id":"https:\/\/www.sonoraenequipo.com.mx\/#website","url":"https:\/\/www.sonoraenequipo.com.mx\/","name":"Sonora en Equipo.","description":"Diario en l\u00ednea con Noticias desde Hermosillo, Sonora","publisher":{"@id":"https:\/\/www.sonoraenequipo.com.mx\/#organization"},"potentialAction":[{"@type":"SearchAction","target":{"@type":"EntryPoint","urlTemplate":"https:\/\/www.sonoraenequipo.com.mx\/?s={search_term_string}"},"query-input":{"@type":"PropertyValueSpecification","valueRequired":true,"valueName":"search_term_string"}}],"inLanguage":"es"},{"@type":"Organization","@id":"https:\/\/www.sonoraenequipo.com.mx\/#organization","name":"Sonoraenequipo.com.mx","url":"https:\/\/www.sonoraenequipo.com.mx\/","logo":{"@type":"ImageObject","inLanguage":"es","@id":"https:\/\/www.sonoraenequipo.com.mx\/#\/schema\/logo\/image\/","url":"https:\/\/www.sonoraenequipo.com.mx\/storage\/2019\/01\/sonoraenequipo_opt.png","contentUrl":"https:\/\/www.sonoraenequipo.com.mx\/storage\/2019\/01\/sonoraenequipo_opt.png","width":375,"height":125,"caption":"Sonoraenequipo.com.mx"},"image":{"@id":"https:\/\/www.sonoraenequipo.com.mx\/#\/schema\/logo\/image\/"},"sameAs":["https:\/\/www.facebook.com\/SonoraEE\/","https:\/\/x.com\/sonoraenequipo","https:\/\/www.youtube.com\/channel\/UC338nW-lPEYmJQs4ZABQ1SQ"]},{"@type":"Person","@id":"https:\/\/www.sonoraenequipo.com.mx\/#\/schema\/person\/50102df0fb23a8fa9e8effad8fa81386","name":"enequipo","image":{"@type":"ImageObject","inLanguage":"es","@id":"https:\/\/www.sonoraenequipo.com.mx\/#\/schema\/person\/image\/","url":"https:\/\/secure.gravatar.com\/avatar\/049821681b589dabc0bc20695993ccebb09f5b5d4d790cd9251b97faac7c652b?s=96&d=blank&r=g","contentUrl":"https:\/\/secure.gravatar.com\/avatar\/049821681b589dabc0bc20695993ccebb09f5b5d4d790cd9251b97faac7c652b?s=96&d=blank&r=g","caption":"enequipo"},"sameAs":["https:\/\/www.facebook.com\/SonoraEE"]}]}},"jetpack_featured_media_url":"https:\/\/www.sonoraenequipo.com.mx\/storage\/2020\/07\/luis-nu\u00f1ez_opt.jpg","_links":{"self":[{"href":"https:\/\/www.sonoraenequipo.com.mx\/api\/wp\/v2\/posts\/88664","targetHints":{"allow":["GET"]}}],"collection":[{"href":"https:\/\/www.sonoraenequipo.com.mx\/api\/wp\/v2\/posts"}],"about":[{"href":"https:\/\/www.sonoraenequipo.com.mx\/api\/wp\/v2\/types\/post"}],"author":[{"embeddable":true,"href":"https:\/\/www.sonoraenequipo.com.mx\/api\/wp\/v2\/users\/1"}],"replies":[{"embeddable":true,"href":"https:\/\/www.sonoraenequipo.com.mx\/api\/wp\/v2\/comments?post=88664"}],"version-history":[{"count":0,"href":"https:\/\/www.sonoraenequipo.com.mx\/api\/wp\/v2\/posts\/88664\/revisions"}],"wp:featuredmedia":[{"embeddable":true,"href":"https:\/\/www.sonoraenequipo.com.mx\/api\/wp\/v2\/media\/88666"}],"wp:attachment":[{"href":"https:\/\/www.sonoraenequipo.com.mx\/api\/wp\/v2\/media?parent=88664"}],"wp:term":[{"taxonomy":"category","embeddable":true,"href":"https:\/\/www.sonoraenequipo.com.mx\/api\/wp\/v2\/categories?post=88664"},{"taxonomy":"post_tag","embeddable":true,"href":"https:\/\/www.sonoraenequipo.com.mx\/api\/wp\/v2\/tags?post=88664"}],"curies":[{"name":"wp","href":"https:\/\/api.w.org\/{rel}","templated":true}]}}