{"id":88680,"date":"2020-07-01T16:07:28","date_gmt":"2020-07-01T23:07:28","guid":{"rendered":"https:\/\/www.sonoraenequipo.com.mx\/?p=88680"},"modified":"2020-07-01T16:09:42","modified_gmt":"2020-07-01T23:09:42","slug":"cdmx-a-prision-preventiva-dos-presuntos-responsables-de-atentado-a-garcia-harfuch","status":"publish","type":"post","link":"https:\/\/www.sonoraenequipo.com.mx\/cdmx-a-prision-preventiva-dos-presuntos-responsables-de-atentado-a-garcia-harfuch\/","title":{"rendered":"CDMX, A prisi\u00f3n preventiva dos presuntos responsables de atentado a Garc\u00eda Harfuch"},"content":{"rendered":"<p>CIUDAD DE&nbsp; M\u00c9XICO.\u2500La Fiscal\u00eda General de Justicia de la Ciudad de M\u00e9xico (FGJCDMX) obtuvo medida cautelar de prisi\u00f3n preventiva oficiosa en contra de dos hombres aprehendidos el d\u00eda de ayer por agentes de la Polic\u00eda de Investigaci\u00f3n (PDI), por su probable participaci\u00f3n en el atentado ocurrido en la alcald\u00eda Miguel Hidalgo en contra del Secretario de Seguridad Ciudadana,Omar Garc\u00eda Harfuch, donde tres personas perdieron la vida y cinco m\u00e1s resultaron lesionadas. <\/p>\n<p>El Juez de Control calific\u00f3 como legal el cumplimiento de la orden de aprehensi\u00f3n y el Ministerio P\u00fablico de la Coordinaci\u00f3n General de Delitos de Alto Impacto formul\u00f3 la imputaci\u00f3n por los delitos de homicidio y homicidio en grado de tentativa.<\/p>\n<p>La defensa de los imputados solicit\u00f3 la duplicidad del t\u00e9rmino constitucional por lo que el impartidor de justicia determin\u00f3 que la audiencia se reanudar\u00e1 el pr\u00f3ximo domingo.<\/p>\n<p>A las personas mencionadas en este comunicado se les presume inocentes y ser\u00e1 tratadas como tal en todas las etapas del procedimiento, mientras no se declare su responsabilidad mediante sentencia emitida por el \u00d3rgano jurisdiccional, en los t\u00e9rminos se\u00f1alados en el C\u00f3digo Nacional de Procedimientos Penales.<\/p>\n<p>La Fiscal\u00eda General de Justicia de la Ciudad de M\u00e9xico, en apego a sus funciones y atribuciones como \u00e1rea esencial, contin\u00faa todos los d\u00edas sus tareas de investigaci\u00f3n para combatir la impunidad y pone a disposici\u00f3n de la ciudadan\u00eda los n\u00fameros telef\u00f3nicos (55) 5200 9000 y 800 745 2369 para orientaci\u00f3n jur\u00eddica gratuita.<\/p>\n<p>Fecha de Publicaci\u00f3n 01\/jul\/2020<\/p>\n<p>&nbsp;<\/p>\n<p>&#8211;<\/p>\n<p>&nbsp;<\/p>\n","protected":false},"excerpt":{"rendered":"<p>CIUDAD DE&nbsp; M\u00c9XICO.\u2500La Fiscal\u00eda General de Justicia de la Ciudad de M\u00e9xico (FGJCDMX) obtuvo medida&#8230;<\/p>\n","protected":false},"author":1,"featured_media":88681,"comment_status":"open","ping_status":"open","sticky":false,"template":"","format":"standard","meta":{"_monsterinsights_skip_tracking":false,"_monsterinsights_sitenote_active":false,"_monsterinsights_sitenote_note":"","_monsterinsights_sitenote_category":0,"footnotes":""},"categories":[3144],"tags":[4537],"class_list":["post"],"yoast_head":" \n<title>Sonora en Equipo. CDMX, A prisi\u00f3n preventiva dos presuntos responsables de atentado a Garc\u00eda Harfuch Polic\u00edaca<\/title>\n<meta name=\"description\" content=\"CIUDAD DE&nbsp; M\u00c9XICO.\u2500La Fiscal\u00eda General de Justicia de la Ciudad de M\u00e9xico (FGJCDMX) obtuvo medida cautelar de prisi\u00f3n preventiva oficiosa en contra En Sonora en Equipo publicamos toda la informaci\u00f3n de Sonora, M\u00e9xico y el Mundo de manera oportuna y busca que la libertad de expresi\u00f3n sea real. Visita nuestro medio informativo publicado desde Hermosillo, Sonora. %\" \/>\n<meta name=\"robots\" content=\"index, follow, max-snippet:-1, max-image-preview:large, max-video-preview:-1\" \/>\n<link rel=\"canonical\" href=\"https:\/\/www.sonoraenequipo.com.mx\/cdmx-a-prision-preventiva-dos-presuntos-responsables-de-atentado-a-garcia-harfuch\/\" \/>\n<meta property=\"og:locale\" content=\"es_ES\" \/>\n<meta property=\"og:type\" content=\"article\" \/>\n<meta property=\"og:title\" content=\"Sonora en Equipo. CDMX, A prisi\u00f3n preventiva dos presuntos responsables de atentado a Garc\u00eda Harfuch Polic\u00edaca\" \/>\n<meta property=\"og:description\" content=\"CIUDAD DE&nbsp; M\u00c9XICO.\u2500La Fiscal\u00eda General de Justicia de la Ciudad de M\u00e9xico (FGJCDMX) obtuvo medida cautelar de prisi\u00f3n preventiva oficiosa en contra En Sonora en Equipo publicamos toda la informaci\u00f3n de Sonora, M\u00e9xico y el Mundo de manera oportuna y busca que la libertad de expresi\u00f3n sea real. Visita nuestro medio informativo publicado desde Hermosillo, Sonora. %\" \/>\n<meta property=\"og:url\" content=\"https:\/\/www.sonoraenequipo.com.mx\/cdmx-a-prision-preventiva-dos-presuntos-responsables-de-atentado-a-garcia-harfuch\/\" \/>\n<meta property=\"og:site_name\" content=\"Sonora en Equipo.\" \/>\n<meta property=\"article:publisher\" content=\"https:\/\/www.facebook.com\/SonoraEE\/\" \/>\n<meta property=\"article:author\" content=\"https:\/\/www.facebook.com\/SonoraEE\" \/>\n<meta property=\"article:published_time\" content=\"2020-07-01T23:07:28+00:00\" \/>\n<meta property=\"article:modified_time\" content=\"2020-07-01T23:09:42+00:00\" \/>\n<meta property=\"og:image\" content=\"https:\/\/www.sonoraenequipo.com.mx\/storage\/2020\/07\/caso-harfuch.jpg\" \/>\n\t<meta property=\"og:image:width\" content=\"600\" \/>\n\t<meta property=\"og:image:height\" content=\"400\" \/>\n\t<meta property=\"og:image:type\" content=\"image\/jpeg\" \/>\n<meta name=\"author\" content=\"enequipo\" \/>\n<meta name=\"twitter:card\" content=\"summary_large_image\" \/>\n<meta name=\"twitter:creator\" content=\"@sonoraenequipo\" \/>\n<meta name=\"twitter:site\" content=\"@sonoraenequipo\" \/>\n<meta name=\"twitter:label1\" content=\"Escrito por\" \/>\n\t<meta name=\"twitter:data1\" content=\"enequipo\" \/>\n\t<meta name=\"twitter:label2\" content=\"Tiempo de lectura\" \/>\n\t<meta name=\"twitter:data2\" content=\"1 minuto\" \/>\n<script type=\"application\/ld+json\" class=\"yoast-schema-graph\">{\"@context\":\"https:\/\/schema.org\",\"@graph\":[{\"@type\":\"Article\",\"@id\":\"https:\/\/www.sonoraenequipo.com.mx\/cdmx-a-prision-preventiva-dos-presuntos-responsables-de-atentado-a-garcia-harfuch\/#article\",\"isPartOf\":{\"@id\":\"https:\/\/www.sonoraenequipo.com.mx\/cdmx-a-prision-preventiva-dos-presuntos-responsables-de-atentado-a-garcia-harfuch\/\"},\"author\":{\"name\":\"enequipo\",\"@id\":\"https:\/\/www.sonoraenequipo.com.mx\/#\/schema\/person\/50102df0fb23a8fa9e8effad8fa81386\"},\"headline\":\"CDMX, A prisi\u00f3n preventiva dos presuntos responsables de atentado a Garc\u00eda Harfuch\",\"datePublished\":\"2020-07-01T23:07:28+00:00\",\"dateModified\":\"2020-07-01T23:09:42+00:00\",\"mainEntityOfPage\":{\"@id\":\"https:\/\/www.sonoraenequipo.com.mx\/cdmx-a-prision-preventiva-dos-presuntos-responsables-de-atentado-a-garcia-harfuch\/\"},\"wordCount\":288,\"commentCount\":0,\"publisher\":{\"@id\":\"https:\/\/www.sonoraenequipo.com.mx\/#organization\"},\"image\":{\"@id\":\"https:\/\/www.sonoraenequipo.com.mx\/cdmx-a-prision-preventiva-dos-presuntos-responsables-de-atentado-a-garcia-harfuch\/#primaryimage\"},\"thumbnailUrl\":\"https:\/\/www.sonoraenequipo.com.mx\/storage\/2020\/07\/caso-harfuch.jpg\",\"keywords\":[\"Fiscal\u00eda General de Justicia de la Ciudad de M\u00e9xico\"],\"articleSection\":[\"Polic\u00edaca\"],\"inLanguage\":\"es\",\"potentialAction\":[{\"@type\":\"CommentAction\",\"name\":\"Comment\",\"target\":[\"https:\/\/www.sonoraenequipo.com.mx\/cdmx-a-prision-preventiva-dos-presuntos-responsables-de-atentado-a-garcia-harfuch\/#respond\"]}]},{\"@type\":\"WebPage\",\"@id\":\"https:\/\/www.sonoraenequipo.com.mx\/cdmx-a-prision-preventiva-dos-presuntos-responsables-de-atentado-a-garcia-harfuch\/\",\"url\":\"https:\/\/www.sonoraenequipo.com.mx\/cdmx-a-prision-preventiva-dos-presuntos-responsables-de-atentado-a-garcia-harfuch\/\",\"name\":\"Sonora en Equipo. CDMX, A prisi\u00f3n preventiva dos presuntos responsables de atentado a Garc\u00eda Harfuch Polic\u00edaca\",\"isPartOf\":{\"@id\":\"https:\/\/www.sonoraenequipo.com.mx\/#website\"},\"primaryImageOfPage\":{\"@id\":\"https:\/\/www.sonoraenequipo.com.mx\/cdmx-a-prision-preventiva-dos-presuntos-responsables-de-atentado-a-garcia-harfuch\/#primaryimage\"},\"image\":{\"@id\":\"https:\/\/www.sonoraenequipo.com.mx\/cdmx-a-prision-preventiva-dos-presuntos-responsables-de-atentado-a-garcia-harfuch\/#primaryimage\"},\"thumbnailUrl\":\"https:\/\/www.sonoraenequipo.com.mx\/storage\/2020\/07\/caso-harfuch.jpg\",\"datePublished\":\"2020-07-01T23:07:28+00:00\",\"dateModified\":\"2020-07-01T23:09:42+00:00\",\"description\":\"CIUDAD DE&nbsp; M\u00c9XICO.\u2500La Fiscal\u00eda General de Justicia de la Ciudad de M\u00e9xico (FGJCDMX) obtuvo medida cautelar de prisi\u00f3n preventiva oficiosa en contra En Sonora en Equipo publicamos toda la informaci\u00f3n de Sonora, M\u00e9xico y el Mundo de manera oportuna y busca que la libertad de expresi\u00f3n sea real. Visita nuestro medio informativo publicado desde Hermosillo, Sonora. %\",\"breadcrumb\":{\"@id\":\"https:\/\/www.sonoraenequipo.com.mx\/cdmx-a-prision-preventiva-dos-presuntos-responsables-de-atentado-a-garcia-harfuch\/#breadcrumb\"},\"inLanguage\":\"es\",\"potentialAction\":[{\"@type\":\"ReadAction\",\"target\":[\"https:\/\/www.sonoraenequipo.com.mx\/cdmx-a-prision-preventiva-dos-presuntos-responsables-de-atentado-a-garcia-harfuch\/\"]}]},{\"@type\":\"ImageObject\",\"inLanguage\":\"es\",\"@id\":\"https:\/\/www.sonoraenequipo.com.mx\/cdmx-a-prision-preventiva-dos-presuntos-responsables-de-atentado-a-garcia-harfuch\/#primaryimage\",\"url\":\"https:\/\/www.sonoraenequipo.com.mx\/storage\/2020\/07\/caso-harfuch.jpg\",\"contentUrl\":\"https:\/\/www.sonoraenequipo.com.mx\/storage\/2020\/07\/caso-harfuch.jpg\",\"width\":600,\"height\":400},{\"@type\":\"BreadcrumbList\",\"@id\":\"https:\/\/www.sonoraenequipo.com.mx\/cdmx-a-prision-preventiva-dos-presuntos-responsables-de-atentado-a-garcia-harfuch\/#breadcrumb\",\"itemListElement\":[{\"@type\":\"ListItem\",\"position\":1,\"name\":\"Portada\",\"item\":\"https:\/\/www.sonoraenequipo.com.mx\/\"},{\"@type\":\"ListItem\",\"position\":2,\"name\":\"CDMX, A prisi\u00f3n preventiva dos presuntos responsables de atentado a Garc\u00eda Harfuch\"}]},{\"@type\":\"WebSite\",\"@id\":\"https:\/\/www.sonoraenequipo.com.mx\/#website\",\"url\":\"https:\/\/www.sonoraenequipo.com.mx\/\",\"name\":\"Sonora en Equipo.\",\"description\":\"Diario en l\u00ednea con Noticias desde Hermosillo, Sonora\",\"publisher\":{\"@id\":\"https:\/\/www.sonoraenequipo.com.mx\/#organization\"},\"potentialAction\":[{\"@type\":\"SearchAction\",\"target\":{\"@type\":\"EntryPoint\",\"urlTemplate\":\"https:\/\/www.sonoraenequipo.com.mx\/?s={search_term_string}\"},\"query-input\":{\"@type\":\"PropertyValueSpecification\",\"valueRequired\":true,\"valueName\":\"search_term_string\"}}],\"inLanguage\":\"es\"},{\"@type\":\"Organization\",\"@id\":\"https:\/\/www.sonoraenequipo.com.mx\/#organization\",\"name\":\"Sonoraenequipo.com.mx\",\"url\":\"https:\/\/www.sonoraenequipo.com.mx\/\",\"logo\":{\"@type\":\"ImageObject\",\"inLanguage\":\"es\",\"@id\":\"https:\/\/www.sonoraenequipo.com.mx\/#\/schema\/logo\/image\/\",\"url\":\"https:\/\/www.sonoraenequipo.com.mx\/storage\/2019\/01\/sonoraenequipo_opt.png\",\"contentUrl\":\"https:\/\/www.sonoraenequipo.com.mx\/storage\/2019\/01\/sonoraenequipo_opt.png\",\"width\":375,\"height\":125,\"caption\":\"Sonoraenequipo.com.mx\"},\"image\":{\"@id\":\"https:\/\/www.sonoraenequipo.com.mx\/#\/schema\/logo\/image\/\"},\"sameAs\":[\"https:\/\/www.facebook.com\/SonoraEE\/\",\"https:\/\/x.com\/sonoraenequipo\",\"https:\/\/www.youtube.com\/channel\/UC338nW-lPEYmJQs4ZABQ1SQ\"]},{\"@type\":\"Person\",\"@id\":\"https:\/\/www.sonoraenequipo.com.mx\/#\/schema\/person\/50102df0fb23a8fa9e8effad8fa81386\",\"name\":\"enequipo\",\"image\":{\"@type\":\"ImageObject\",\"inLanguage\":\"es\",\"@id\":\"https:\/\/www.sonoraenequipo.com.mx\/#\/schema\/person\/image\/\",\"url\":\"https:\/\/secure.gravatar.com\/avatar\/049821681b589dabc0bc20695993ccebb09f5b5d4d790cd9251b97faac7c652b?s=96&d=blank&r=g\",\"contentUrl\":\"https:\/\/secure.gravatar.com\/avatar\/049821681b589dabc0bc20695993ccebb09f5b5d4d790cd9251b97faac7c652b?s=96&d=blank&r=g\",\"caption\":\"enequipo\"},\"sameAs\":[\"https:\/\/www.facebook.com\/SonoraEE\"]}]}<\/script>\n ","yoast_head_json":{"title":"Sonora en Equipo. CDMX, A prisi\u00f3n preventiva dos presuntos responsables de atentado a Garc\u00eda Harfuch Polic\u00edaca","description":"CIUDAD DE&nbsp; M\u00c9XICO.\u2500La Fiscal\u00eda General de Justicia de la Ciudad de M\u00e9xico (FGJCDMX) obtuvo medida cautelar de prisi\u00f3n preventiva oficiosa en contra En Sonora en Equipo publicamos toda la informaci\u00f3n de Sonora, M\u00e9xico y el Mundo de manera oportuna y busca que la libertad de expresi\u00f3n sea real. Visita nuestro medio informativo publicado desde Hermosillo, Sonora. %","robots":{"index":"index","follow":"follow","max-snippet":"max-snippet:-1","max-image-preview":"max-image-preview:large","max-video-preview":"max-video-preview:-1"},"canonical":"https:\/\/www.sonoraenequipo.com.mx\/cdmx-a-prision-preventiva-dos-presuntos-responsables-de-atentado-a-garcia-harfuch\/","og_locale":"es_ES","og_type":"article","og_title":"Sonora en Equipo. CDMX, A prisi\u00f3n preventiva dos presuntos responsables de atentado a Garc\u00eda Harfuch Polic\u00edaca","og_description":"CIUDAD DE&nbsp; M\u00c9XICO.\u2500La Fiscal\u00eda General de Justicia de la Ciudad de M\u00e9xico (FGJCDMX) obtuvo medida cautelar de prisi\u00f3n preventiva oficiosa en contra En Sonora en Equipo publicamos toda la informaci\u00f3n de Sonora, M\u00e9xico y el Mundo de manera oportuna y busca que la libertad de expresi\u00f3n sea real. Visita nuestro medio informativo publicado desde Hermosillo, Sonora. %","og_url":"https:\/\/www.sonoraenequipo.com.mx\/cdmx-a-prision-preventiva-dos-presuntos-responsables-de-atentado-a-garcia-harfuch\/","og_site_name":"Sonora en Equipo.","article_publisher":"https:\/\/www.facebook.com\/SonoraEE\/","article_author":"https:\/\/www.facebook.com\/SonoraEE","article_published_time":"2020-07-01T23:07:28+00:00","article_modified_time":"2020-07-01T23:09:42+00:00","og_image":[{"width":600,"height":400,"url":"https:\/\/www.sonoraenequipo.com.mx\/storage\/2020\/07\/caso-harfuch.jpg","type":"image\/jpeg"}],"author":"enequipo","twitter_card":"summary_large_image","twitter_creator":"@sonoraenequipo","twitter_site":"@sonoraenequipo","twitter_misc":{"Escrito por":"enequipo","Tiempo de lectura":"1 minuto"},"schema":{"@context":"https:\/\/schema.org","@graph":[{"@type":"Article","@id":"https:\/\/www.sonoraenequipo.com.mx\/cdmx-a-prision-preventiva-dos-presuntos-responsables-de-atentado-a-garcia-harfuch\/#article","isPartOf":{"@id":"https:\/\/www.sonoraenequipo.com.mx\/cdmx-a-prision-preventiva-dos-presuntos-responsables-de-atentado-a-garcia-harfuch\/"},"author":{"name":"enequipo","@id":"https:\/\/www.sonoraenequipo.com.mx\/#\/schema\/person\/50102df0fb23a8fa9e8effad8fa81386"},"headline":"CDMX, A prisi\u00f3n preventiva dos presuntos responsables de atentado a Garc\u00eda Harfuch","datePublished":"2020-07-01T23:07:28+00:00","dateModified":"2020-07-01T23:09:42+00:00","mainEntityOfPage":{"@id":"https:\/\/www.sonoraenequipo.com.mx\/cdmx-a-prision-preventiva-dos-presuntos-responsables-de-atentado-a-garcia-harfuch\/"},"wordCount":288,"commentCount":0,"publisher":{"@id":"https:\/\/www.sonoraenequipo.com.mx\/#organization"},"image":{"@id":"https:\/\/www.sonoraenequipo.com.mx\/cdmx-a-prision-preventiva-dos-presuntos-responsables-de-atentado-a-garcia-harfuch\/#primaryimage"},"thumbnailUrl":"https:\/\/www.sonoraenequipo.com.mx\/storage\/2020\/07\/caso-harfuch.jpg","keywords":["Fiscal\u00eda General de Justicia de la Ciudad de M\u00e9xico"],"articleSection":["Polic\u00edaca"],"inLanguage":"es","potentialAction":[{"@type":"CommentAction","name":"Comment","target":["https:\/\/www.sonoraenequipo.com.mx\/cdmx-a-prision-preventiva-dos-presuntos-responsables-de-atentado-a-garcia-harfuch\/#respond"]}]},{"@type":"WebPage","@id":"https:\/\/www.sonoraenequipo.com.mx\/cdmx-a-prision-preventiva-dos-presuntos-responsables-de-atentado-a-garcia-harfuch\/","url":"https:\/\/www.sonoraenequipo.com.mx\/cdmx-a-prision-preventiva-dos-presuntos-responsables-de-atentado-a-garcia-harfuch\/","name":"Sonora en Equipo. CDMX, A prisi\u00f3n preventiva dos presuntos responsables de atentado a Garc\u00eda Harfuch Polic\u00edaca","isPartOf":{"@id":"https:\/\/www.sonoraenequipo.com.mx\/#website"},"primaryImageOfPage":{"@id":"https:\/\/www.sonoraenequipo.com.mx\/cdmx-a-prision-preventiva-dos-presuntos-responsables-de-atentado-a-garcia-harfuch\/#primaryimage"},"image":{"@id":"https:\/\/www.sonoraenequipo.com.mx\/cdmx-a-prision-preventiva-dos-presuntos-responsables-de-atentado-a-garcia-harfuch\/#primaryimage"},"thumbnailUrl":"https:\/\/www.sonoraenequipo.com.mx\/storage\/2020\/07\/caso-harfuch.jpg","datePublished":"2020-07-01T23:07:28+00:00","dateModified":"2020-07-01T23:09:42+00:00","description":"CIUDAD DE&nbsp; M\u00c9XICO.\u2500La Fiscal\u00eda General de Justicia de la Ciudad de M\u00e9xico (FGJCDMX) obtuvo medida cautelar de prisi\u00f3n preventiva oficiosa en contra En Sonora en Equipo publicamos toda la informaci\u00f3n de Sonora, M\u00e9xico y el Mundo de manera oportuna y busca que la libertad de expresi\u00f3n sea real. Visita nuestro medio informativo publicado desde Hermosillo, Sonora. %","breadcrumb":{"@id":"https:\/\/www.sonoraenequipo.com.mx\/cdmx-a-prision-preventiva-dos-presuntos-responsables-de-atentado-a-garcia-harfuch\/#breadcrumb"},"inLanguage":"es","potentialAction":[{"@type":"ReadAction","target":["https:\/\/www.sonoraenequipo.com.mx\/cdmx-a-prision-preventiva-dos-presuntos-responsables-de-atentado-a-garcia-harfuch\/"]}]},{"@type":"ImageObject","inLanguage":"es","@id":"https:\/\/www.sonoraenequipo.com.mx\/cdmx-a-prision-preventiva-dos-presuntos-responsables-de-atentado-a-garcia-harfuch\/#primaryimage","url":"https:\/\/www.sonoraenequipo.com.mx\/storage\/2020\/07\/caso-harfuch.jpg","contentUrl":"https:\/\/www.sonoraenequipo.com.mx\/storage\/2020\/07\/caso-harfuch.jpg","width":600,"height":400},{"@type":"BreadcrumbList","@id":"https:\/\/www.sonoraenequipo.com.mx\/cdmx-a-prision-preventiva-dos-presuntos-responsables-de-atentado-a-garcia-harfuch\/#breadcrumb","itemListElement":[{"@type":"ListItem","position":1,"name":"Portada","item":"https:\/\/www.sonoraenequipo.com.mx\/"},{"@type":"ListItem","position":2,"name":"CDMX, A prisi\u00f3n preventiva dos presuntos responsables de atentado a Garc\u00eda Harfuch"}]},{"@type":"WebSite","@id":"https:\/\/www.sonoraenequipo.com.mx\/#website","url":"https:\/\/www.sonoraenequipo.com.mx\/","name":"Sonora en Equipo.","description":"Diario en l\u00ednea con Noticias desde Hermosillo, Sonora","publisher":{"@id":"https:\/\/www.sonoraenequipo.com.mx\/#organization"},"potentialAction":[{"@type":"SearchAction","target":{"@type":"EntryPoint","urlTemplate":"https:\/\/www.sonoraenequipo.com.mx\/?s={search_term_string}"},"query-input":{"@type":"PropertyValueSpecification","valueRequired":true,"valueName":"search_term_string"}}],"inLanguage":"es"},{"@type":"Organization","@id":"https:\/\/www.sonoraenequipo.com.mx\/#organization","name":"Sonoraenequipo.com.mx","url":"https:\/\/www.sonoraenequipo.com.mx\/","logo":{"@type":"ImageObject","inLanguage":"es","@id":"https:\/\/www.sonoraenequipo.com.mx\/#\/schema\/logo\/image\/","url":"https:\/\/www.sonoraenequipo.com.mx\/storage\/2019\/01\/sonoraenequipo_opt.png","contentUrl":"https:\/\/www.sonoraenequipo.com.mx\/storage\/2019\/01\/sonoraenequipo_opt.png","width":375,"height":125,"caption":"Sonoraenequipo.com.mx"},"image":{"@id":"https:\/\/www.sonoraenequipo.com.mx\/#\/schema\/logo\/image\/"},"sameAs":["https:\/\/www.facebook.com\/SonoraEE\/","https:\/\/x.com\/sonoraenequipo","https:\/\/www.youtube.com\/channel\/UC338nW-lPEYmJQs4ZABQ1SQ"]},{"@type":"Person","@id":"https:\/\/www.sonoraenequipo.com.mx\/#\/schema\/person\/50102df0fb23a8fa9e8effad8fa81386","name":"enequipo","image":{"@type":"ImageObject","inLanguage":"es","@id":"https:\/\/www.sonoraenequipo.com.mx\/#\/schema\/person\/image\/","url":"https:\/\/secure.gravatar.com\/avatar\/049821681b589dabc0bc20695993ccebb09f5b5d4d790cd9251b97faac7c652b?s=96&d=blank&r=g","contentUrl":"https:\/\/secure.gravatar.com\/avatar\/049821681b589dabc0bc20695993ccebb09f5b5d4d790cd9251b97faac7c652b?s=96&d=blank&r=g","caption":"enequipo"},"sameAs":["https:\/\/www.facebook.com\/SonoraEE"]}]}},"jetpack_featured_media_url":"https:\/\/www.sonoraenequipo.com.mx\/storage\/2020\/07\/caso-harfuch.jpg","_links":{"self":[{"href":"https:\/\/www.sonoraenequipo.com.mx\/api\/wp\/v2\/posts\/88680","targetHints":{"allow":["GET"]}}],"collection":[{"href":"https:\/\/www.sonoraenequipo.com.mx\/api\/wp\/v2\/posts"}],"about":[{"href":"https:\/\/www.sonoraenequipo.com.mx\/api\/wp\/v2\/types\/post"}],"author":[{"embeddable":true,"href":"https:\/\/www.sonoraenequipo.com.mx\/api\/wp\/v2\/users\/1"}],"replies":[{"embeddable":true,"href":"https:\/\/www.sonoraenequipo.com.mx\/api\/wp\/v2\/comments?post=88680"}],"version-history":[{"count":0,"href":"https:\/\/www.sonoraenequipo.com.mx\/api\/wp\/v2\/posts\/88680\/revisions"}],"wp:featuredmedia":[{"embeddable":true,"href":"https:\/\/www.sonoraenequipo.com.mx\/api\/wp\/v2\/media\/88681"}],"wp:attachment":[{"href":"https:\/\/www.sonoraenequipo.com.mx\/api\/wp\/v2\/media?parent=88680"}],"wp:term":[{"taxonomy":"category","embeddable":true,"href":"https:\/\/www.sonoraenequipo.com.mx\/api\/wp\/v2\/categories?post=88680"},{"taxonomy":"post_tag","embeddable":true,"href":"https:\/\/www.sonoraenequipo.com.mx\/api\/wp\/v2\/tags?post=88680"}],"curies":[{"name":"wp","href":"https:\/\/api.w.org\/{rel}","templated":true}]}}