{"id":88700,"date":"2020-07-01T17:50:07","date_gmt":"2020-07-02T00:50:07","guid":{"rendered":"https:\/\/www.sonoraenequipo.com.mx\/?p=88700"},"modified":"2020-07-01T20:40:10","modified_gmt":"2020-07-02T03:40:10","slug":"localizan-el-centro-del-sistema-solar","status":"publish","type":"post","link":"https:\/\/www.sonoraenequipo.com.mx\/localizan-el-centro-del-sistema-solar\/","title":{"rendered":"Localizan el centro del sistema solar\u2026"},"content":{"rendered":"<p>EL PLANETA. \u2014 El<em> \u00abcentro del Universo\u00bb<\/em> siempre ha sido una idea muy importante para los seres humanos. Tal como un beb\u00e9 reci\u00e9n nacido cree que \u00e9l o ella es el centro del Universo, por miles de a\u00f1os los seres humanos se ve\u00edan a s\u00ed mismos y a la Tierra como el centro del Universo. Algunos de los antiguos griegos pensaban que el Universo estaba compuesto de dos esferas: una de las esferas era la Tierra y la otra esfera era el cielo, que rodeaba la Tierra y estaba engarzada con estrellas.<\/p>\n<p>&nbsp;<\/p>\n<p> <\/p>\n<h3><\/h3>\n<h3>\nUniverso seg\u00fan Cop\u00e9rnico.<\/h3>\n<p>&nbsp;<\/p>\n<p>En los a\u00f1os 1500, el astr\u00f3nomo polaco Nicol\u00e1s Cop\u00e9rnico tuvo una idea mejor\u2014si bien a\u00fan era equivocada\u2014para explicar el movimiento de los puntos de luz que ahora sabemos que son los planetas. Pens\u00f3 que el Sol en realidad era el centro del Universo, con la Tierra y los dem\u00e1s planetas hac\u00edan c\u00edrculos alrededor del Sol. Sin embargo, la esfera de estrellas que rodeaba el Sistema Solar continu\u00f3 como parte de su idea.<\/p>\n<p>&nbsp;<\/p>\n<p>Ahora sabemos que no s\u00f3lo nosotros los seres humanos no estamos en el centro del Universo, \u00a1sino tambi\u00e9n que en realidad no hay un centro del Universo!<\/p>\n<p>&nbsp;<\/p>\n<p>La Gran Explosi\u00f3n es el nombre que los cient\u00edficos dieron a los eventos que iniciaron el Universo. La Gran Explosi\u00f3n se describe frecuentemente como una explosi\u00f3n enorme. Pero el problema con esta idea es que una explosi\u00f3n tiene un punto central desde donde se inicia, tal como sucede en el caso de una bomba o una chispa que enciende los humos de gasolina. La Gran Explosi\u00f3n en realidad no se asemejaba a esto, pero una explosi\u00f3n es lo m\u00e1s cercano a nuestra experiencia cotidiana como para ayudarnos a comprenderla.<\/p>\n<p>&nbsp;<\/p>\n<p>La Gran Explosi\u00f3n no puede haber ocurrido en un lugar en particular del Universo, \u00a1porque antes de la Gran Explosi\u00f3n no exist\u00eda un Universo! La Gran Explosi\u00f3n ocurri\u00f3 en todas partes al mismo tiempo, hace unos 14 mil millones de a\u00f1os, produciendo el espacio y el tiempo. La Gran Explosi\u00f3n impuls\u00f3 una expansi\u00f3n muy r\u00e1pida del espacio, y el espacio ha estado expandi\u00e9ndose constantemente a partir de entonces.<\/p>\n<p>&nbsp;<\/p>\n<p>Si tuvi\u00e9ramos un telescopio potente que pudiera ver hasta los l\u00edmites del Universo, \u00bfencontrar\u00edamos m\u00e1s del Universo de un lado de la Tierra que del otro? No. Encontrar\u00edamos que se ve igual en todas las direcciones. \u00bfEntonces eso significa que seguimos estando en el centro del Universo? No.<\/p>\n<p>&nbsp;<\/p>\n<p>Imag\u00ednate que eres una de las muchas marcas peque\u00f1as de l\u00e1piz en un globo. Puedes ver s\u00f3lo en una l\u00ednea a lo largo de la superficie del globo &#8211; y no hacia arriba o hacia abajo. No importa en la direcci\u00f3n que mires, el extremo de tu mundo parece estar a la misma distancia desde donde te encuentras. \u00a1Pero eso no significa que est\u00e1s en el centro de este mundo! Si comienzas a moverte a lo largo de la superficie del globo, a\u00fan podr\u00edas pensar que est\u00e1s en el centro del mundo, pero el hecho es que tu mundo bidimensional no tiene un centro.<\/p>\n<p>&nbsp;<\/p>\n<h3>Un globo como universo en expansi\u00f3n.<\/h3>\n<p>&nbsp;<\/p>\n<p>Ahora, sup\u00f3n que tu mundo con forma de globo sigue siendo inflado con aire. Todas las dem\u00e1s marcas de l\u00e1piz parecer\u00e1n alejarse m\u00e1s y m\u00e1s de donde te encuentras a medida que el globo crece. De hecho, todas las marcas de l\u00e1piz se alejan entre s\u00ed.<\/p>\n<p>&nbsp;<\/p>\n<p>Si bien puede ser dif\u00edcil imaginar lo que est\u00e1 sucediendo en el espacio, la expansi\u00f3n de nuestro Universo tridimensional es similar. El espacio en s\u00ed es curvado, de modo que a medida que el Universo se expande como consecuencia de la Gran Explosi\u00f3n, se asemeja un poco al espacio bidimensional en un globo. Pero al igual de lo sucede en la superficie de ese globo, no hay un centro en el Universo.<\/p>\n<p>&nbsp;<\/p>\n<p>&nbsp;<\/p>\n<p>Una de las maneras en que los cient\u00edficos saben que realmente ocurri\u00f3 la Gran Explosi\u00f3n es que han podido ver la tenue radiaci\u00f3n que ha quedado como consecuencia de este nacimiento c\u00f3smico.<\/p>\n<p>&nbsp;<\/p>\n<p>En un logro cient\u00edfico asombroso, predijeron c\u00f3mo se ver\u00eda esta radiaci\u00f3n. Otros cient\u00edficos detectaron la radiaci\u00f3n usando un telescopio especial, y a medida que se toman m\u00e1s medidas desde la Tierra y desde el espacio, la Gran Explosi\u00f3n contin\u00faa brindando una descripci\u00f3n excelente de c\u00f3mo ha evolucionado el Universo.<\/p>\n<p>&nbsp;<\/p>\n<p>(PUBLICADO EL 01\/07\/2020)<\/p>\n","protected":false},"excerpt":{"rendered":"<p>EL PLANETA. \u2014 El \u00abcentro del Universo\u00bb siempre ha sido una idea muy importante para&#8230;<\/p>\n","protected":false},"author":1,"featured_media":88701,"comment_status":"open","ping_status":"open","sticky":false,"template":"","format":"standard","meta":{"_monsterinsights_skip_tracking":false,"_monsterinsights_sitenote_active":false,"_monsterinsights_sitenote_note":"","_monsterinsights_sitenote_category":0,"footnotes":""},"categories":[2216],"tags":[],"class_list":["post"],"yoast_head":" \n<title>Sonora en Equipo. Localizan el centro del sistema solar\u2026 Ciencia y Tecnolog\u00eda<\/title>\n<meta name=\"description\" content=\"EL PLANETA. \u2014 El &quot;centro del Universo&quot; siempre ha sido una idea muy importante para los seres humanos. Tal como un beb\u00e9 reci\u00e9n nacido cree que \u00e9l o ella En Sonora en Equipo publicamos toda la informaci\u00f3n de Sonora, M\u00e9xico y el Mundo de manera oportuna y busca que la libertad de expresi\u00f3n sea real. Visita nuestro medio informativo publicado desde Hermosillo, Sonora. %\" \/>\n<meta name=\"robots\" content=\"index, follow, max-snippet:-1, max-image-preview:large, max-video-preview:-1\" \/>\n<link rel=\"canonical\" href=\"https:\/\/www.sonoraenequipo.com.mx\/localizan-el-centro-del-sistema-solar\/\" \/>\n<meta property=\"og:locale\" content=\"es_ES\" \/>\n<meta property=\"og:type\" content=\"article\" \/>\n<meta property=\"og:title\" content=\"Sonora en Equipo. Localizan el centro del sistema solar\u2026 Ciencia y Tecnolog\u00eda\" \/>\n<meta property=\"og:description\" content=\"EL PLANETA. \u2014 El &quot;centro del Universo&quot; siempre ha sido una idea muy importante para los seres humanos. Tal como un beb\u00e9 reci\u00e9n nacido cree que \u00e9l o ella En Sonora en Equipo publicamos toda la informaci\u00f3n de Sonora, M\u00e9xico y el Mundo de manera oportuna y busca que la libertad de expresi\u00f3n sea real. Visita nuestro medio informativo publicado desde Hermosillo, Sonora. %\" \/>\n<meta property=\"og:url\" content=\"https:\/\/www.sonoraenequipo.com.mx\/localizan-el-centro-del-sistema-solar\/\" \/>\n<meta property=\"og:site_name\" content=\"Sonora en Equipo.\" \/>\n<meta property=\"article:publisher\" content=\"https:\/\/www.facebook.com\/SonoraEE\/\" \/>\n<meta property=\"article:author\" content=\"https:\/\/www.facebook.com\/SonoraEE\" \/>\n<meta property=\"article:published_time\" content=\"2020-07-02T00:50:07+00:00\" \/>\n<meta property=\"article:modified_time\" content=\"2020-07-02T03:40:10+00:00\" \/>\n<meta property=\"og:image\" content=\"https:\/\/www.sonoraenequipo.com.mx\/storage\/2020\/07\/el-centro-del-universo_opt.jpg\" \/>\n\t<meta property=\"og:image:width\" content=\"613\" \/>\n\t<meta property=\"og:image:height\" content=\"400\" \/>\n\t<meta property=\"og:image:type\" content=\"image\/jpeg\" \/>\n<meta name=\"author\" content=\"enequipo\" \/>\n<meta name=\"twitter:card\" content=\"summary_large_image\" \/>\n<meta name=\"twitter:creator\" content=\"@sonoraenequipo\" \/>\n<meta name=\"twitter:site\" content=\"@sonoraenequipo\" \/>\n<meta name=\"twitter:label1\" content=\"Escrito por\" \/>\n\t<meta name=\"twitter:data1\" content=\"enequipo\" \/>\n\t<meta name=\"twitter:label2\" content=\"Tiempo de lectura\" \/>\n\t<meta name=\"twitter:data2\" content=\"4 minutos\" \/>\n<script type=\"application\/ld+json\" class=\"yoast-schema-graph\">{\"@context\":\"https:\/\/schema.org\",\"@graph\":[{\"@type\":\"Article\",\"@id\":\"https:\/\/www.sonoraenequipo.com.mx\/localizan-el-centro-del-sistema-solar\/#article\",\"isPartOf\":{\"@id\":\"https:\/\/www.sonoraenequipo.com.mx\/localizan-el-centro-del-sistema-solar\/\"},\"author\":{\"name\":\"enequipo\",\"@id\":\"https:\/\/www.sonoraenequipo.com.mx\/#\/schema\/person\/50102df0fb23a8fa9e8effad8fa81386\"},\"headline\":\"Localizan el centro del sistema solar\u2026\",\"datePublished\":\"2020-07-02T00:50:07+00:00\",\"dateModified\":\"2020-07-02T03:40:10+00:00\",\"mainEntityOfPage\":{\"@id\":\"https:\/\/www.sonoraenequipo.com.mx\/localizan-el-centro-del-sistema-solar\/\"},\"wordCount\":802,\"commentCount\":0,\"publisher\":{\"@id\":\"https:\/\/www.sonoraenequipo.com.mx\/#organization\"},\"image\":{\"@id\":\"https:\/\/www.sonoraenequipo.com.mx\/localizan-el-centro-del-sistema-solar\/#primaryimage\"},\"thumbnailUrl\":\"https:\/\/www.sonoraenequipo.com.mx\/storage\/2020\/07\/el-centro-del-universo_opt.jpg\",\"articleSection\":[\"Ciencia y Tecnolog\u00eda\"],\"inLanguage\":\"es\",\"potentialAction\":[{\"@type\":\"CommentAction\",\"name\":\"Comment\",\"target\":[\"https:\/\/www.sonoraenequipo.com.mx\/localizan-el-centro-del-sistema-solar\/#respond\"]}]},{\"@type\":\"WebPage\",\"@id\":\"https:\/\/www.sonoraenequipo.com.mx\/localizan-el-centro-del-sistema-solar\/\",\"url\":\"https:\/\/www.sonoraenequipo.com.mx\/localizan-el-centro-del-sistema-solar\/\",\"name\":\"Sonora en Equipo. Localizan el centro del sistema solar\u2026 Ciencia y Tecnolog\u00eda\",\"isPartOf\":{\"@id\":\"https:\/\/www.sonoraenequipo.com.mx\/#website\"},\"primaryImageOfPage\":{\"@id\":\"https:\/\/www.sonoraenequipo.com.mx\/localizan-el-centro-del-sistema-solar\/#primaryimage\"},\"image\":{\"@id\":\"https:\/\/www.sonoraenequipo.com.mx\/localizan-el-centro-del-sistema-solar\/#primaryimage\"},\"thumbnailUrl\":\"https:\/\/www.sonoraenequipo.com.mx\/storage\/2020\/07\/el-centro-del-universo_opt.jpg\",\"datePublished\":\"2020-07-02T00:50:07+00:00\",\"dateModified\":\"2020-07-02T03:40:10+00:00\",\"description\":\"EL PLANETA. \u2014 El \\\"centro del Universo\\\" siempre ha sido una idea muy importante para los seres humanos. Tal como un beb\u00e9 reci\u00e9n nacido cree que \u00e9l o ella En Sonora en Equipo publicamos toda la informaci\u00f3n de Sonora, M\u00e9xico y el Mundo de manera oportuna y busca que la libertad de expresi\u00f3n sea real. Visita nuestro medio informativo publicado desde Hermosillo, Sonora. %\",\"breadcrumb\":{\"@id\":\"https:\/\/www.sonoraenequipo.com.mx\/localizan-el-centro-del-sistema-solar\/#breadcrumb\"},\"inLanguage\":\"es\",\"potentialAction\":[{\"@type\":\"ReadAction\",\"target\":[\"https:\/\/www.sonoraenequipo.com.mx\/localizan-el-centro-del-sistema-solar\/\"]}]},{\"@type\":\"ImageObject\",\"inLanguage\":\"es\",\"@id\":\"https:\/\/www.sonoraenequipo.com.mx\/localizan-el-centro-del-sistema-solar\/#primaryimage\",\"url\":\"https:\/\/www.sonoraenequipo.com.mx\/storage\/2020\/07\/el-centro-del-universo_opt.jpg\",\"contentUrl\":\"https:\/\/www.sonoraenequipo.com.mx\/storage\/2020\/07\/el-centro-del-universo_opt.jpg\",\"width\":613,\"height\":400},{\"@type\":\"BreadcrumbList\",\"@id\":\"https:\/\/www.sonoraenequipo.com.mx\/localizan-el-centro-del-sistema-solar\/#breadcrumb\",\"itemListElement\":[{\"@type\":\"ListItem\",\"position\":1,\"name\":\"Portada\",\"item\":\"https:\/\/www.sonoraenequipo.com.mx\/\"},{\"@type\":\"ListItem\",\"position\":2,\"name\":\"Localizan el centro del sistema solar\u2026\"}]},{\"@type\":\"WebSite\",\"@id\":\"https:\/\/www.sonoraenequipo.com.mx\/#website\",\"url\":\"https:\/\/www.sonoraenequipo.com.mx\/\",\"name\":\"Sonora en Equipo.\",\"description\":\"Diario en l\u00ednea con Noticias desde Hermosillo, Sonora\",\"publisher\":{\"@id\":\"https:\/\/www.sonoraenequipo.com.mx\/#organization\"},\"potentialAction\":[{\"@type\":\"SearchAction\",\"target\":{\"@type\":\"EntryPoint\",\"urlTemplate\":\"https:\/\/www.sonoraenequipo.com.mx\/?s={search_term_string}\"},\"query-input\":{\"@type\":\"PropertyValueSpecification\",\"valueRequired\":true,\"valueName\":\"search_term_string\"}}],\"inLanguage\":\"es\"},{\"@type\":\"Organization\",\"@id\":\"https:\/\/www.sonoraenequipo.com.mx\/#organization\",\"name\":\"Sonoraenequipo.com.mx\",\"url\":\"https:\/\/www.sonoraenequipo.com.mx\/\",\"logo\":{\"@type\":\"ImageObject\",\"inLanguage\":\"es\",\"@id\":\"https:\/\/www.sonoraenequipo.com.mx\/#\/schema\/logo\/image\/\",\"url\":\"https:\/\/www.sonoraenequipo.com.mx\/storage\/2019\/01\/sonoraenequipo_opt.png\",\"contentUrl\":\"https:\/\/www.sonoraenequipo.com.mx\/storage\/2019\/01\/sonoraenequipo_opt.png\",\"width\":375,\"height\":125,\"caption\":\"Sonoraenequipo.com.mx\"},\"image\":{\"@id\":\"https:\/\/www.sonoraenequipo.com.mx\/#\/schema\/logo\/image\/\"},\"sameAs\":[\"https:\/\/www.facebook.com\/SonoraEE\/\",\"https:\/\/x.com\/sonoraenequipo\",\"https:\/\/www.youtube.com\/channel\/UC338nW-lPEYmJQs4ZABQ1SQ\"]},{\"@type\":\"Person\",\"@id\":\"https:\/\/www.sonoraenequipo.com.mx\/#\/schema\/person\/50102df0fb23a8fa9e8effad8fa81386\",\"name\":\"enequipo\",\"image\":{\"@type\":\"ImageObject\",\"inLanguage\":\"es\",\"@id\":\"https:\/\/www.sonoraenequipo.com.mx\/#\/schema\/person\/image\/\",\"url\":\"https:\/\/secure.gravatar.com\/avatar\/049821681b589dabc0bc20695993ccebb09f5b5d4d790cd9251b97faac7c652b?s=96&d=blank&r=g\",\"contentUrl\":\"https:\/\/secure.gravatar.com\/avatar\/049821681b589dabc0bc20695993ccebb09f5b5d4d790cd9251b97faac7c652b?s=96&d=blank&r=g\",\"caption\":\"enequipo\"},\"sameAs\":[\"https:\/\/www.facebook.com\/SonoraEE\"]}]}<\/script>\n ","yoast_head_json":{"title":"Sonora en Equipo. Localizan el centro del sistema solar\u2026 Ciencia y Tecnolog\u00eda","description":"EL PLANETA. \u2014 El \"centro del Universo\" siempre ha sido una idea muy importante para los seres humanos. Tal como un beb\u00e9 reci\u00e9n nacido cree que \u00e9l o ella En Sonora en Equipo publicamos toda la informaci\u00f3n de Sonora, M\u00e9xico y el Mundo de manera oportuna y busca que la libertad de expresi\u00f3n sea real. Visita nuestro medio informativo publicado desde Hermosillo, Sonora. %","robots":{"index":"index","follow":"follow","max-snippet":"max-snippet:-1","max-image-preview":"max-image-preview:large","max-video-preview":"max-video-preview:-1"},"canonical":"https:\/\/www.sonoraenequipo.com.mx\/localizan-el-centro-del-sistema-solar\/","og_locale":"es_ES","og_type":"article","og_title":"Sonora en Equipo. Localizan el centro del sistema solar\u2026 Ciencia y Tecnolog\u00eda","og_description":"EL PLANETA. \u2014 El \"centro del Universo\" siempre ha sido una idea muy importante para los seres humanos. Tal como un beb\u00e9 reci\u00e9n nacido cree que \u00e9l o ella En Sonora en Equipo publicamos toda la informaci\u00f3n de Sonora, M\u00e9xico y el Mundo de manera oportuna y busca que la libertad de expresi\u00f3n sea real. Visita nuestro medio informativo publicado desde Hermosillo, Sonora. %","og_url":"https:\/\/www.sonoraenequipo.com.mx\/localizan-el-centro-del-sistema-solar\/","og_site_name":"Sonora en Equipo.","article_publisher":"https:\/\/www.facebook.com\/SonoraEE\/","article_author":"https:\/\/www.facebook.com\/SonoraEE","article_published_time":"2020-07-02T00:50:07+00:00","article_modified_time":"2020-07-02T03:40:10+00:00","og_image":[{"width":613,"height":400,"url":"https:\/\/www.sonoraenequipo.com.mx\/storage\/2020\/07\/el-centro-del-universo_opt.jpg","type":"image\/jpeg"}],"author":"enequipo","twitter_card":"summary_large_image","twitter_creator":"@sonoraenequipo","twitter_site":"@sonoraenequipo","twitter_misc":{"Escrito por":"enequipo","Tiempo de lectura":"4 minutos"},"schema":{"@context":"https:\/\/schema.org","@graph":[{"@type":"Article","@id":"https:\/\/www.sonoraenequipo.com.mx\/localizan-el-centro-del-sistema-solar\/#article","isPartOf":{"@id":"https:\/\/www.sonoraenequipo.com.mx\/localizan-el-centro-del-sistema-solar\/"},"author":{"name":"enequipo","@id":"https:\/\/www.sonoraenequipo.com.mx\/#\/schema\/person\/50102df0fb23a8fa9e8effad8fa81386"},"headline":"Localizan el centro del sistema solar\u2026","datePublished":"2020-07-02T00:50:07+00:00","dateModified":"2020-07-02T03:40:10+00:00","mainEntityOfPage":{"@id":"https:\/\/www.sonoraenequipo.com.mx\/localizan-el-centro-del-sistema-solar\/"},"wordCount":802,"commentCount":0,"publisher":{"@id":"https:\/\/www.sonoraenequipo.com.mx\/#organization"},"image":{"@id":"https:\/\/www.sonoraenequipo.com.mx\/localizan-el-centro-del-sistema-solar\/#primaryimage"},"thumbnailUrl":"https:\/\/www.sonoraenequipo.com.mx\/storage\/2020\/07\/el-centro-del-universo_opt.jpg","articleSection":["Ciencia y Tecnolog\u00eda"],"inLanguage":"es","potentialAction":[{"@type":"CommentAction","name":"Comment","target":["https:\/\/www.sonoraenequipo.com.mx\/localizan-el-centro-del-sistema-solar\/#respond"]}]},{"@type":"WebPage","@id":"https:\/\/www.sonoraenequipo.com.mx\/localizan-el-centro-del-sistema-solar\/","url":"https:\/\/www.sonoraenequipo.com.mx\/localizan-el-centro-del-sistema-solar\/","name":"Sonora en Equipo. Localizan el centro del sistema solar\u2026 Ciencia y Tecnolog\u00eda","isPartOf":{"@id":"https:\/\/www.sonoraenequipo.com.mx\/#website"},"primaryImageOfPage":{"@id":"https:\/\/www.sonoraenequipo.com.mx\/localizan-el-centro-del-sistema-solar\/#primaryimage"},"image":{"@id":"https:\/\/www.sonoraenequipo.com.mx\/localizan-el-centro-del-sistema-solar\/#primaryimage"},"thumbnailUrl":"https:\/\/www.sonoraenequipo.com.mx\/storage\/2020\/07\/el-centro-del-universo_opt.jpg","datePublished":"2020-07-02T00:50:07+00:00","dateModified":"2020-07-02T03:40:10+00:00","description":"EL PLANETA. \u2014 El \"centro del Universo\" siempre ha sido una idea muy importante para los seres humanos. Tal como un beb\u00e9 reci\u00e9n nacido cree que \u00e9l o ella En Sonora en Equipo publicamos toda la informaci\u00f3n de Sonora, M\u00e9xico y el Mundo de manera oportuna y busca que la libertad de expresi\u00f3n sea real. Visita nuestro medio informativo publicado desde Hermosillo, Sonora. %","breadcrumb":{"@id":"https:\/\/www.sonoraenequipo.com.mx\/localizan-el-centro-del-sistema-solar\/#breadcrumb"},"inLanguage":"es","potentialAction":[{"@type":"ReadAction","target":["https:\/\/www.sonoraenequipo.com.mx\/localizan-el-centro-del-sistema-solar\/"]}]},{"@type":"ImageObject","inLanguage":"es","@id":"https:\/\/www.sonoraenequipo.com.mx\/localizan-el-centro-del-sistema-solar\/#primaryimage","url":"https:\/\/www.sonoraenequipo.com.mx\/storage\/2020\/07\/el-centro-del-universo_opt.jpg","contentUrl":"https:\/\/www.sonoraenequipo.com.mx\/storage\/2020\/07\/el-centro-del-universo_opt.jpg","width":613,"height":400},{"@type":"BreadcrumbList","@id":"https:\/\/www.sonoraenequipo.com.mx\/localizan-el-centro-del-sistema-solar\/#breadcrumb","itemListElement":[{"@type":"ListItem","position":1,"name":"Portada","item":"https:\/\/www.sonoraenequipo.com.mx\/"},{"@type":"ListItem","position":2,"name":"Localizan el centro del sistema solar\u2026"}]},{"@type":"WebSite","@id":"https:\/\/www.sonoraenequipo.com.mx\/#website","url":"https:\/\/www.sonoraenequipo.com.mx\/","name":"Sonora en Equipo.","description":"Diario en l\u00ednea con Noticias desde Hermosillo, Sonora","publisher":{"@id":"https:\/\/www.sonoraenequipo.com.mx\/#organization"},"potentialAction":[{"@type":"SearchAction","target":{"@type":"EntryPoint","urlTemplate":"https:\/\/www.sonoraenequipo.com.mx\/?s={search_term_string}"},"query-input":{"@type":"PropertyValueSpecification","valueRequired":true,"valueName":"search_term_string"}}],"inLanguage":"es"},{"@type":"Organization","@id":"https:\/\/www.sonoraenequipo.com.mx\/#organization","name":"Sonoraenequipo.com.mx","url":"https:\/\/www.sonoraenequipo.com.mx\/","logo":{"@type":"ImageObject","inLanguage":"es","@id":"https:\/\/www.sonoraenequipo.com.mx\/#\/schema\/logo\/image\/","url":"https:\/\/www.sonoraenequipo.com.mx\/storage\/2019\/01\/sonoraenequipo_opt.png","contentUrl":"https:\/\/www.sonoraenequipo.com.mx\/storage\/2019\/01\/sonoraenequipo_opt.png","width":375,"height":125,"caption":"Sonoraenequipo.com.mx"},"image":{"@id":"https:\/\/www.sonoraenequipo.com.mx\/#\/schema\/logo\/image\/"},"sameAs":["https:\/\/www.facebook.com\/SonoraEE\/","https:\/\/x.com\/sonoraenequipo","https:\/\/www.youtube.com\/channel\/UC338nW-lPEYmJQs4ZABQ1SQ"]},{"@type":"Person","@id":"https:\/\/www.sonoraenequipo.com.mx\/#\/schema\/person\/50102df0fb23a8fa9e8effad8fa81386","name":"enequipo","image":{"@type":"ImageObject","inLanguage":"es","@id":"https:\/\/www.sonoraenequipo.com.mx\/#\/schema\/person\/image\/","url":"https:\/\/secure.gravatar.com\/avatar\/049821681b589dabc0bc20695993ccebb09f5b5d4d790cd9251b97faac7c652b?s=96&d=blank&r=g","contentUrl":"https:\/\/secure.gravatar.com\/avatar\/049821681b589dabc0bc20695993ccebb09f5b5d4d790cd9251b97faac7c652b?s=96&d=blank&r=g","caption":"enequipo"},"sameAs":["https:\/\/www.facebook.com\/SonoraEE"]}]}},"jetpack_featured_media_url":"https:\/\/www.sonoraenequipo.com.mx\/storage\/2020\/07\/el-centro-del-universo_opt.jpg","_links":{"self":[{"href":"https:\/\/www.sonoraenequipo.com.mx\/api\/wp\/v2\/posts\/88700","targetHints":{"allow":["GET"]}}],"collection":[{"href":"https:\/\/www.sonoraenequipo.com.mx\/api\/wp\/v2\/posts"}],"about":[{"href":"https:\/\/www.sonoraenequipo.com.mx\/api\/wp\/v2\/types\/post"}],"author":[{"embeddable":true,"href":"https:\/\/www.sonoraenequipo.com.mx\/api\/wp\/v2\/users\/1"}],"replies":[{"embeddable":true,"href":"https:\/\/www.sonoraenequipo.com.mx\/api\/wp\/v2\/comments?post=88700"}],"version-history":[{"count":0,"href":"https:\/\/www.sonoraenequipo.com.mx\/api\/wp\/v2\/posts\/88700\/revisions"}],"wp:featuredmedia":[{"embeddable":true,"href":"https:\/\/www.sonoraenequipo.com.mx\/api\/wp\/v2\/media\/88701"}],"wp:attachment":[{"href":"https:\/\/www.sonoraenequipo.com.mx\/api\/wp\/v2\/media?parent=88700"}],"wp:term":[{"taxonomy":"category","embeddable":true,"href":"https:\/\/www.sonoraenequipo.com.mx\/api\/wp\/v2\/categories?post=88700"},{"taxonomy":"post_tag","embeddable":true,"href":"https:\/\/www.sonoraenequipo.com.mx\/api\/wp\/v2\/tags?post=88700"}],"curies":[{"name":"wp","href":"https:\/\/api.w.org\/{rel}","templated":true}]}}