{"id":88752,"date":"2020-07-01T12:20:44","date_gmt":"2020-07-01T19:20:44","guid":{"rendered":"https:\/\/www.sonoraenequipo.com.mx\/?p=88752"},"modified":"2020-07-02T17:43:07","modified_gmt":"2020-07-03T00:43:07","slug":"autoridades-detienen-al-mochomo-considerado-pieza-clave-del-caso-ayotzinapa","status":"publish","type":"post","link":"https:\/\/www.sonoraenequipo.com.mx\/autoridades-detienen-al-mochomo-considerado-pieza-clave-del-caso-ayotzinapa\/","title":{"rendered":"Autoridades detienen al \u2018Mochomo\u2019 considerado pieza clave del caso Ayotzinapa"},"content":{"rendered":"<p>CIUDAD DE M\u00c9XICO. MX. \u2014 Las autoridades mexicanas detuvieron a Jos\u00e9 \u00c1ngel Casarrubias Salgado, \u2018el Mochomo\u2019, uno de los supuestos l\u00edderes del c\u00e1rtel Guerreros Unidos, involucrado en la desaparici\u00f3n de los 43 estudiantes de la Normal Rural de Ayotzinapa, informaron este lunes fuentes federales.<\/p>\n<p>&nbsp;<\/p>\n<p> <\/p>\n<p>&nbsp;<\/p>\n<p>&nbsp;<\/p>\n<p>Casarrubias Salgado, uno de los principales sospechosos de participar en el crimen contra los j\u00f3venes normalistas, fue detenido el mi\u00e9rcoles en cumplimiento de una orden de arresto emitida por un juez federal del Estado de M\u00e9xico.<\/p>\n<p>&nbsp;<\/p>\n<p>&nbsp;<\/p>\n<p>La detenci\u00f3n ocurri\u00f3 en el municipio de Metepec, en el propio Estado de M\u00e9xico, y en ella participaron agentes de la Fiscal\u00eda General de la Rep\u00fablica (FGR) y de la Secretar\u00eda de Seguridad y Protecci\u00f3n Ciudadana (SSPC).<\/p>\n<p>&nbsp;<\/p>\n<p>&nbsp;<\/p>\n<p>Jos\u00e9 \u00c1ngel Casarrubias Salgado es hermano de Sidronio Casarrubias Salgado, otro supuesto l\u00edder de Guerreros Unidos detenido en 2014 y quien declar\u00f3 que el grupo criminal particip\u00f3 en la desaparici\u00f3n de los 43 estudiantes, sucedida el 26 de septiembre de ese a\u00f1o en el municipio de Iguala, Guerrero.<\/p>\n<p>&nbsp;<\/p>\n<p>&nbsp;<\/p>\n<p>En los pr\u00f3ximos d\u00edas, Salgado Casarrubias ser\u00e1 presentado ante un juez, quien determinar\u00e1 la legalidad de su detenci\u00f3n y le informar\u00e1 acerca de los cargos por los que fue aprehendido.<\/p>\n<p>&nbsp;<\/p>\n<p>&nbsp;<\/p>\n<p>(PUBLICADO EL 01\/07\/2020)<\/p>\n","protected":false},"excerpt":{"rendered":"<p>CIUDAD DE M\u00c9XICO. MX. \u2014 Las autoridades mexicanas detuvieron a Jos\u00e9 \u00c1ngel Casarrubias Salgado, \u2018el&#8230;<\/p>\n","protected":false},"author":1,"featured_media":88753,"comment_status":"open","ping_status":"open","sticky":false,"template":"","format":"standard","meta":{"_monsterinsights_skip_tracking":false,"_monsterinsights_sitenote_active":false,"_monsterinsights_sitenote_note":"","_monsterinsights_sitenote_category":0,"footnotes":""},"categories":[5],"tags":[],"class_list":["post"],"yoast_head":" \n<title>Sonora en Equipo. Autoridades detienen al \u2018Mochomo\u2019 considerado pieza clave del caso Ayotzinapa Rep\u00fablica<\/title>\n<meta name=\"description\" content=\"CIUDAD DE M\u00c9XICO. MX. \u2014 Las autoridades mexicanas detuvieron a Jos\u00e9 \u00c1ngel Casarrubias Salgado, \u2018el Mochomo\u2019, uno de los supuestos l\u00edderes del c\u00e1rtel En Sonora en Equipo publicamos toda la informaci\u00f3n de Sonora, M\u00e9xico y el Mundo de manera oportuna y busca que la libertad de expresi\u00f3n sea real. Visita nuestro medio informativo publicado desde Hermosillo, Sonora. %\" \/>\n<meta name=\"robots\" content=\"index, follow, max-snippet:-1, max-image-preview:large, max-video-preview:-1\" \/>\n<link rel=\"canonical\" href=\"https:\/\/www.sonoraenequipo.com.mx\/autoridades-detienen-al-mochomo-considerado-pieza-clave-del-caso-ayotzinapa\/\" \/>\n<meta property=\"og:locale\" content=\"es_ES\" \/>\n<meta property=\"og:type\" content=\"article\" \/>\n<meta property=\"og:title\" content=\"Sonora en Equipo. Autoridades detienen al \u2018Mochomo\u2019 considerado pieza clave del caso Ayotzinapa Rep\u00fablica\" \/>\n<meta property=\"og:description\" content=\"CIUDAD DE M\u00c9XICO. MX. \u2014 Las autoridades mexicanas detuvieron a Jos\u00e9 \u00c1ngel Casarrubias Salgado, \u2018el Mochomo\u2019, uno de los supuestos l\u00edderes del c\u00e1rtel En Sonora en Equipo publicamos toda la informaci\u00f3n de Sonora, M\u00e9xico y el Mundo de manera oportuna y busca que la libertad de expresi\u00f3n sea real. Visita nuestro medio informativo publicado desde Hermosillo, Sonora. %\" \/>\n<meta property=\"og:url\" content=\"https:\/\/www.sonoraenequipo.com.mx\/autoridades-detienen-al-mochomo-considerado-pieza-clave-del-caso-ayotzinapa\/\" \/>\n<meta property=\"og:site_name\" content=\"Sonora en Equipo.\" \/>\n<meta property=\"article:publisher\" content=\"https:\/\/www.facebook.com\/SonoraEE\/\" \/>\n<meta property=\"article:author\" content=\"https:\/\/www.facebook.com\/SonoraEE\" \/>\n<meta property=\"article:published_time\" content=\"2020-07-01T19:20:44+00:00\" \/>\n<meta property=\"article:modified_time\" content=\"2020-07-03T00:43:07+00:00\" \/>\n<meta property=\"og:image\" content=\"https:\/\/www.sonoraenequipo.com.mx\/storage\/2020\/07\/ayotzi_mochombo_opt.jpg\" \/>\n\t<meta property=\"og:image:width\" content=\"651\" \/>\n\t<meta property=\"og:image:height\" content=\"400\" \/>\n\t<meta property=\"og:image:type\" content=\"image\/jpeg\" \/>\n<meta name=\"author\" content=\"enequipo\" \/>\n<meta name=\"twitter:card\" content=\"summary_large_image\" \/>\n<meta name=\"twitter:creator\" content=\"@sonoraenequipo\" \/>\n<meta name=\"twitter:site\" content=\"@sonoraenequipo\" \/>\n<meta name=\"twitter:label1\" content=\"Escrito por\" \/>\n\t<meta name=\"twitter:data1\" content=\"enequipo\" \/>\n\t<meta name=\"twitter:label2\" content=\"Tiempo de lectura\" \/>\n\t<meta name=\"twitter:data2\" content=\"1 minuto\" \/>\n<script type=\"application\/ld+json\" class=\"yoast-schema-graph\">{\"@context\":\"https:\/\/schema.org\",\"@graph\":[{\"@type\":\"Article\",\"@id\":\"https:\/\/www.sonoraenequipo.com.mx\/autoridades-detienen-al-mochomo-considerado-pieza-clave-del-caso-ayotzinapa\/#article\",\"isPartOf\":{\"@id\":\"https:\/\/www.sonoraenequipo.com.mx\/autoridades-detienen-al-mochomo-considerado-pieza-clave-del-caso-ayotzinapa\/\"},\"author\":{\"name\":\"enequipo\",\"@id\":\"https:\/\/www.sonoraenequipo.com.mx\/#\/schema\/person\/50102df0fb23a8fa9e8effad8fa81386\"},\"headline\":\"Autoridades detienen al \u2018Mochomo\u2019 considerado pieza clave del caso Ayotzinapa\",\"datePublished\":\"2020-07-01T19:20:44+00:00\",\"dateModified\":\"2020-07-03T00:43:07+00:00\",\"mainEntityOfPage\":{\"@id\":\"https:\/\/www.sonoraenequipo.com.mx\/autoridades-detienen-al-mochomo-considerado-pieza-clave-del-caso-ayotzinapa\/\"},\"wordCount\":232,\"commentCount\":0,\"publisher\":{\"@id\":\"https:\/\/www.sonoraenequipo.com.mx\/#organization\"},\"image\":{\"@id\":\"https:\/\/www.sonoraenequipo.com.mx\/autoridades-detienen-al-mochomo-considerado-pieza-clave-del-caso-ayotzinapa\/#primaryimage\"},\"thumbnailUrl\":\"https:\/\/www.sonoraenequipo.com.mx\/storage\/2020\/07\/ayotzi_mochombo_opt.jpg\",\"articleSection\":[\"Rep\u00fablica\"],\"inLanguage\":\"es\",\"potentialAction\":[{\"@type\":\"CommentAction\",\"name\":\"Comment\",\"target\":[\"https:\/\/www.sonoraenequipo.com.mx\/autoridades-detienen-al-mochomo-considerado-pieza-clave-del-caso-ayotzinapa\/#respond\"]}]},{\"@type\":\"WebPage\",\"@id\":\"https:\/\/www.sonoraenequipo.com.mx\/autoridades-detienen-al-mochomo-considerado-pieza-clave-del-caso-ayotzinapa\/\",\"url\":\"https:\/\/www.sonoraenequipo.com.mx\/autoridades-detienen-al-mochomo-considerado-pieza-clave-del-caso-ayotzinapa\/\",\"name\":\"Sonora en Equipo. Autoridades detienen al \u2018Mochomo\u2019 considerado pieza clave del caso Ayotzinapa Rep\u00fablica\",\"isPartOf\":{\"@id\":\"https:\/\/www.sonoraenequipo.com.mx\/#website\"},\"primaryImageOfPage\":{\"@id\":\"https:\/\/www.sonoraenequipo.com.mx\/autoridades-detienen-al-mochomo-considerado-pieza-clave-del-caso-ayotzinapa\/#primaryimage\"},\"image\":{\"@id\":\"https:\/\/www.sonoraenequipo.com.mx\/autoridades-detienen-al-mochomo-considerado-pieza-clave-del-caso-ayotzinapa\/#primaryimage\"},\"thumbnailUrl\":\"https:\/\/www.sonoraenequipo.com.mx\/storage\/2020\/07\/ayotzi_mochombo_opt.jpg\",\"datePublished\":\"2020-07-01T19:20:44+00:00\",\"dateModified\":\"2020-07-03T00:43:07+00:00\",\"description\":\"CIUDAD DE M\u00c9XICO. MX. \u2014 Las autoridades mexicanas detuvieron a Jos\u00e9 \u00c1ngel Casarrubias Salgado, \u2018el Mochomo\u2019, uno de los supuestos l\u00edderes del c\u00e1rtel En Sonora en Equipo publicamos toda la informaci\u00f3n de Sonora, M\u00e9xico y el Mundo de manera oportuna y busca que la libertad de expresi\u00f3n sea real. Visita nuestro medio informativo publicado desde Hermosillo, Sonora. %\",\"breadcrumb\":{\"@id\":\"https:\/\/www.sonoraenequipo.com.mx\/autoridades-detienen-al-mochomo-considerado-pieza-clave-del-caso-ayotzinapa\/#breadcrumb\"},\"inLanguage\":\"es\",\"potentialAction\":[{\"@type\":\"ReadAction\",\"target\":[\"https:\/\/www.sonoraenequipo.com.mx\/autoridades-detienen-al-mochomo-considerado-pieza-clave-del-caso-ayotzinapa\/\"]}]},{\"@type\":\"ImageObject\",\"inLanguage\":\"es\",\"@id\":\"https:\/\/www.sonoraenequipo.com.mx\/autoridades-detienen-al-mochomo-considerado-pieza-clave-del-caso-ayotzinapa\/#primaryimage\",\"url\":\"https:\/\/www.sonoraenequipo.com.mx\/storage\/2020\/07\/ayotzi_mochombo_opt.jpg\",\"contentUrl\":\"https:\/\/www.sonoraenequipo.com.mx\/storage\/2020\/07\/ayotzi_mochombo_opt.jpg\",\"width\":651,\"height\":400},{\"@type\":\"BreadcrumbList\",\"@id\":\"https:\/\/www.sonoraenequipo.com.mx\/autoridades-detienen-al-mochomo-considerado-pieza-clave-del-caso-ayotzinapa\/#breadcrumb\",\"itemListElement\":[{\"@type\":\"ListItem\",\"position\":1,\"name\":\"Portada\",\"item\":\"https:\/\/www.sonoraenequipo.com.mx\/\"},{\"@type\":\"ListItem\",\"position\":2,\"name\":\"Autoridades detienen al \u2018Mochomo\u2019 considerado pieza clave del caso Ayotzinapa\"}]},{\"@type\":\"WebSite\",\"@id\":\"https:\/\/www.sonoraenequipo.com.mx\/#website\",\"url\":\"https:\/\/www.sonoraenequipo.com.mx\/\",\"name\":\"Sonora en Equipo.\",\"description\":\"Diario en l\u00ednea con Noticias desde Hermosillo, Sonora\",\"publisher\":{\"@id\":\"https:\/\/www.sonoraenequipo.com.mx\/#organization\"},\"potentialAction\":[{\"@type\":\"SearchAction\",\"target\":{\"@type\":\"EntryPoint\",\"urlTemplate\":\"https:\/\/www.sonoraenequipo.com.mx\/?s={search_term_string}\"},\"query-input\":{\"@type\":\"PropertyValueSpecification\",\"valueRequired\":true,\"valueName\":\"search_term_string\"}}],\"inLanguage\":\"es\"},{\"@type\":\"Organization\",\"@id\":\"https:\/\/www.sonoraenequipo.com.mx\/#organization\",\"name\":\"Sonoraenequipo.com.mx\",\"url\":\"https:\/\/www.sonoraenequipo.com.mx\/\",\"logo\":{\"@type\":\"ImageObject\",\"inLanguage\":\"es\",\"@id\":\"https:\/\/www.sonoraenequipo.com.mx\/#\/schema\/logo\/image\/\",\"url\":\"https:\/\/www.sonoraenequipo.com.mx\/storage\/2019\/01\/sonoraenequipo_opt.png\",\"contentUrl\":\"https:\/\/www.sonoraenequipo.com.mx\/storage\/2019\/01\/sonoraenequipo_opt.png\",\"width\":375,\"height\":125,\"caption\":\"Sonoraenequipo.com.mx\"},\"image\":{\"@id\":\"https:\/\/www.sonoraenequipo.com.mx\/#\/schema\/logo\/image\/\"},\"sameAs\":[\"https:\/\/www.facebook.com\/SonoraEE\/\",\"https:\/\/x.com\/sonoraenequipo\",\"https:\/\/www.youtube.com\/channel\/UC338nW-lPEYmJQs4ZABQ1SQ\"]},{\"@type\":\"Person\",\"@id\":\"https:\/\/www.sonoraenequipo.com.mx\/#\/schema\/person\/50102df0fb23a8fa9e8effad8fa81386\",\"name\":\"enequipo\",\"image\":{\"@type\":\"ImageObject\",\"inLanguage\":\"es\",\"@id\":\"https:\/\/www.sonoraenequipo.com.mx\/#\/schema\/person\/image\/\",\"url\":\"https:\/\/secure.gravatar.com\/avatar\/049821681b589dabc0bc20695993ccebb09f5b5d4d790cd9251b97faac7c652b?s=96&d=blank&r=g\",\"contentUrl\":\"https:\/\/secure.gravatar.com\/avatar\/049821681b589dabc0bc20695993ccebb09f5b5d4d790cd9251b97faac7c652b?s=96&d=blank&r=g\",\"caption\":\"enequipo\"},\"sameAs\":[\"https:\/\/www.facebook.com\/SonoraEE\"]}]}<\/script>\n ","yoast_head_json":{"title":"Sonora en Equipo. Autoridades detienen al \u2018Mochomo\u2019 considerado pieza clave del caso Ayotzinapa Rep\u00fablica","description":"CIUDAD DE M\u00c9XICO. MX. \u2014 Las autoridades mexicanas detuvieron a Jos\u00e9 \u00c1ngel Casarrubias Salgado, \u2018el Mochomo\u2019, uno de los supuestos l\u00edderes del c\u00e1rtel En Sonora en Equipo publicamos toda la informaci\u00f3n de Sonora, M\u00e9xico y el Mundo de manera oportuna y busca que la libertad de expresi\u00f3n sea real. Visita nuestro medio informativo publicado desde Hermosillo, Sonora. %","robots":{"index":"index","follow":"follow","max-snippet":"max-snippet:-1","max-image-preview":"max-image-preview:large","max-video-preview":"max-video-preview:-1"},"canonical":"https:\/\/www.sonoraenequipo.com.mx\/autoridades-detienen-al-mochomo-considerado-pieza-clave-del-caso-ayotzinapa\/","og_locale":"es_ES","og_type":"article","og_title":"Sonora en Equipo. Autoridades detienen al \u2018Mochomo\u2019 considerado pieza clave del caso Ayotzinapa Rep\u00fablica","og_description":"CIUDAD DE M\u00c9XICO. MX. \u2014 Las autoridades mexicanas detuvieron a Jos\u00e9 \u00c1ngel Casarrubias Salgado, \u2018el Mochomo\u2019, uno de los supuestos l\u00edderes del c\u00e1rtel En Sonora en Equipo publicamos toda la informaci\u00f3n de Sonora, M\u00e9xico y el Mundo de manera oportuna y busca que la libertad de expresi\u00f3n sea real. Visita nuestro medio informativo publicado desde Hermosillo, Sonora. %","og_url":"https:\/\/www.sonoraenequipo.com.mx\/autoridades-detienen-al-mochomo-considerado-pieza-clave-del-caso-ayotzinapa\/","og_site_name":"Sonora en Equipo.","article_publisher":"https:\/\/www.facebook.com\/SonoraEE\/","article_author":"https:\/\/www.facebook.com\/SonoraEE","article_published_time":"2020-07-01T19:20:44+00:00","article_modified_time":"2020-07-03T00:43:07+00:00","og_image":[{"width":651,"height":400,"url":"https:\/\/www.sonoraenequipo.com.mx\/storage\/2020\/07\/ayotzi_mochombo_opt.jpg","type":"image\/jpeg"}],"author":"enequipo","twitter_card":"summary_large_image","twitter_creator":"@sonoraenequipo","twitter_site":"@sonoraenequipo","twitter_misc":{"Escrito por":"enequipo","Tiempo de lectura":"1 minuto"},"schema":{"@context":"https:\/\/schema.org","@graph":[{"@type":"Article","@id":"https:\/\/www.sonoraenequipo.com.mx\/autoridades-detienen-al-mochomo-considerado-pieza-clave-del-caso-ayotzinapa\/#article","isPartOf":{"@id":"https:\/\/www.sonoraenequipo.com.mx\/autoridades-detienen-al-mochomo-considerado-pieza-clave-del-caso-ayotzinapa\/"},"author":{"name":"enequipo","@id":"https:\/\/www.sonoraenequipo.com.mx\/#\/schema\/person\/50102df0fb23a8fa9e8effad8fa81386"},"headline":"Autoridades detienen al \u2018Mochomo\u2019 considerado pieza clave del caso Ayotzinapa","datePublished":"2020-07-01T19:20:44+00:00","dateModified":"2020-07-03T00:43:07+00:00","mainEntityOfPage":{"@id":"https:\/\/www.sonoraenequipo.com.mx\/autoridades-detienen-al-mochomo-considerado-pieza-clave-del-caso-ayotzinapa\/"},"wordCount":232,"commentCount":0,"publisher":{"@id":"https:\/\/www.sonoraenequipo.com.mx\/#organization"},"image":{"@id":"https:\/\/www.sonoraenequipo.com.mx\/autoridades-detienen-al-mochomo-considerado-pieza-clave-del-caso-ayotzinapa\/#primaryimage"},"thumbnailUrl":"https:\/\/www.sonoraenequipo.com.mx\/storage\/2020\/07\/ayotzi_mochombo_opt.jpg","articleSection":["Rep\u00fablica"],"inLanguage":"es","potentialAction":[{"@type":"CommentAction","name":"Comment","target":["https:\/\/www.sonoraenequipo.com.mx\/autoridades-detienen-al-mochomo-considerado-pieza-clave-del-caso-ayotzinapa\/#respond"]}]},{"@type":"WebPage","@id":"https:\/\/www.sonoraenequipo.com.mx\/autoridades-detienen-al-mochomo-considerado-pieza-clave-del-caso-ayotzinapa\/","url":"https:\/\/www.sonoraenequipo.com.mx\/autoridades-detienen-al-mochomo-considerado-pieza-clave-del-caso-ayotzinapa\/","name":"Sonora en Equipo. Autoridades detienen al \u2018Mochomo\u2019 considerado pieza clave del caso Ayotzinapa Rep\u00fablica","isPartOf":{"@id":"https:\/\/www.sonoraenequipo.com.mx\/#website"},"primaryImageOfPage":{"@id":"https:\/\/www.sonoraenequipo.com.mx\/autoridades-detienen-al-mochomo-considerado-pieza-clave-del-caso-ayotzinapa\/#primaryimage"},"image":{"@id":"https:\/\/www.sonoraenequipo.com.mx\/autoridades-detienen-al-mochomo-considerado-pieza-clave-del-caso-ayotzinapa\/#primaryimage"},"thumbnailUrl":"https:\/\/www.sonoraenequipo.com.mx\/storage\/2020\/07\/ayotzi_mochombo_opt.jpg","datePublished":"2020-07-01T19:20:44+00:00","dateModified":"2020-07-03T00:43:07+00:00","description":"CIUDAD DE M\u00c9XICO. MX. \u2014 Las autoridades mexicanas detuvieron a Jos\u00e9 \u00c1ngel Casarrubias Salgado, \u2018el Mochomo\u2019, uno de los supuestos l\u00edderes del c\u00e1rtel En Sonora en Equipo publicamos toda la informaci\u00f3n de Sonora, M\u00e9xico y el Mundo de manera oportuna y busca que la libertad de expresi\u00f3n sea real. Visita nuestro medio informativo publicado desde Hermosillo, Sonora. %","breadcrumb":{"@id":"https:\/\/www.sonoraenequipo.com.mx\/autoridades-detienen-al-mochomo-considerado-pieza-clave-del-caso-ayotzinapa\/#breadcrumb"},"inLanguage":"es","potentialAction":[{"@type":"ReadAction","target":["https:\/\/www.sonoraenequipo.com.mx\/autoridades-detienen-al-mochomo-considerado-pieza-clave-del-caso-ayotzinapa\/"]}]},{"@type":"ImageObject","inLanguage":"es","@id":"https:\/\/www.sonoraenequipo.com.mx\/autoridades-detienen-al-mochomo-considerado-pieza-clave-del-caso-ayotzinapa\/#primaryimage","url":"https:\/\/www.sonoraenequipo.com.mx\/storage\/2020\/07\/ayotzi_mochombo_opt.jpg","contentUrl":"https:\/\/www.sonoraenequipo.com.mx\/storage\/2020\/07\/ayotzi_mochombo_opt.jpg","width":651,"height":400},{"@type":"BreadcrumbList","@id":"https:\/\/www.sonoraenequipo.com.mx\/autoridades-detienen-al-mochomo-considerado-pieza-clave-del-caso-ayotzinapa\/#breadcrumb","itemListElement":[{"@type":"ListItem","position":1,"name":"Portada","item":"https:\/\/www.sonoraenequipo.com.mx\/"},{"@type":"ListItem","position":2,"name":"Autoridades detienen al \u2018Mochomo\u2019 considerado pieza clave del caso Ayotzinapa"}]},{"@type":"WebSite","@id":"https:\/\/www.sonoraenequipo.com.mx\/#website","url":"https:\/\/www.sonoraenequipo.com.mx\/","name":"Sonora en Equipo.","description":"Diario en l\u00ednea con Noticias desde Hermosillo, Sonora","publisher":{"@id":"https:\/\/www.sonoraenequipo.com.mx\/#organization"},"potentialAction":[{"@type":"SearchAction","target":{"@type":"EntryPoint","urlTemplate":"https:\/\/www.sonoraenequipo.com.mx\/?s={search_term_string}"},"query-input":{"@type":"PropertyValueSpecification","valueRequired":true,"valueName":"search_term_string"}}],"inLanguage":"es"},{"@type":"Organization","@id":"https:\/\/www.sonoraenequipo.com.mx\/#organization","name":"Sonoraenequipo.com.mx","url":"https:\/\/www.sonoraenequipo.com.mx\/","logo":{"@type":"ImageObject","inLanguage":"es","@id":"https:\/\/www.sonoraenequipo.com.mx\/#\/schema\/logo\/image\/","url":"https:\/\/www.sonoraenequipo.com.mx\/storage\/2019\/01\/sonoraenequipo_opt.png","contentUrl":"https:\/\/www.sonoraenequipo.com.mx\/storage\/2019\/01\/sonoraenequipo_opt.png","width":375,"height":125,"caption":"Sonoraenequipo.com.mx"},"image":{"@id":"https:\/\/www.sonoraenequipo.com.mx\/#\/schema\/logo\/image\/"},"sameAs":["https:\/\/www.facebook.com\/SonoraEE\/","https:\/\/x.com\/sonoraenequipo","https:\/\/www.youtube.com\/channel\/UC338nW-lPEYmJQs4ZABQ1SQ"]},{"@type":"Person","@id":"https:\/\/www.sonoraenequipo.com.mx\/#\/schema\/person\/50102df0fb23a8fa9e8effad8fa81386","name":"enequipo","image":{"@type":"ImageObject","inLanguage":"es","@id":"https:\/\/www.sonoraenequipo.com.mx\/#\/schema\/person\/image\/","url":"https:\/\/secure.gravatar.com\/avatar\/049821681b589dabc0bc20695993ccebb09f5b5d4d790cd9251b97faac7c652b?s=96&d=blank&r=g","contentUrl":"https:\/\/secure.gravatar.com\/avatar\/049821681b589dabc0bc20695993ccebb09f5b5d4d790cd9251b97faac7c652b?s=96&d=blank&r=g","caption":"enequipo"},"sameAs":["https:\/\/www.facebook.com\/SonoraEE"]}]}},"jetpack_featured_media_url":"https:\/\/www.sonoraenequipo.com.mx\/storage\/2020\/07\/ayotzi_mochombo_opt.jpg","_links":{"self":[{"href":"https:\/\/www.sonoraenequipo.com.mx\/api\/wp\/v2\/posts\/88752","targetHints":{"allow":["GET"]}}],"collection":[{"href":"https:\/\/www.sonoraenequipo.com.mx\/api\/wp\/v2\/posts"}],"about":[{"href":"https:\/\/www.sonoraenequipo.com.mx\/api\/wp\/v2\/types\/post"}],"author":[{"embeddable":true,"href":"https:\/\/www.sonoraenequipo.com.mx\/api\/wp\/v2\/users\/1"}],"replies":[{"embeddable":true,"href":"https:\/\/www.sonoraenequipo.com.mx\/api\/wp\/v2\/comments?post=88752"}],"version-history":[{"count":0,"href":"https:\/\/www.sonoraenequipo.com.mx\/api\/wp\/v2\/posts\/88752\/revisions"}],"wp:featuredmedia":[{"embeddable":true,"href":"https:\/\/www.sonoraenequipo.com.mx\/api\/wp\/v2\/media\/88753"}],"wp:attachment":[{"href":"https:\/\/www.sonoraenequipo.com.mx\/api\/wp\/v2\/media?parent=88752"}],"wp:term":[{"taxonomy":"category","embeddable":true,"href":"https:\/\/www.sonoraenequipo.com.mx\/api\/wp\/v2\/categories?post=88752"},{"taxonomy":"post_tag","embeddable":true,"href":"https:\/\/www.sonoraenequipo.com.mx\/api\/wp\/v2\/tags?post=88752"}],"curies":[{"name":"wp","href":"https:\/\/api.w.org\/{rel}","templated":true}]}}