{"id":88838,"date":"2020-07-03T23:30:49","date_gmt":"2020-07-04T06:30:49","guid":{"rendered":"https:\/\/www.sonoraenequipo.com.mx\/?p=88838"},"modified":"2020-07-04T09:00:26","modified_gmt":"2020-07-04T16:00:26","slug":"amlo-no-ocupara-residencia-para-huespedes-de-la-casa-blanca-landau","status":"publish","type":"post","link":"https:\/\/www.sonoraenequipo.com.mx\/amlo-no-ocupara-residencia-para-huespedes-de-la-casa-blanca-landau\/","title":{"rendered":"AMLO no ocupar\u00e1 residencia para hu\u00e9spedes de la Casa Blanca: Landau"},"content":{"rendered":"<p>CIUDAD DE M\u00c9XICO. MX. \u2014 La Casa Blair, residencia para hu\u00e9spedes de la Casa Blanca no ser\u00e1 ocupada por el presidente Andr\u00e9s Manuel L\u00f3pez Obrador en su viaje de la pr\u00f3xima semana a Washington, porque<em> \u201cdesafortunadamente en este momento est\u00e1 bajo restauraci\u00f3n\u201d<\/em>, se\u00f1al\u00f3 el embajador de Estados Unidos en M\u00e9xico, Christopher Landau.<\/p>\n<p> <\/p>\n<p>En ruta hacia su pa\u00eds para participar en los preparativos de la primera entrevista entre los presidentes Donald Trump y L\u00f3pez Obrador, el diplom\u00e1tico se\u00f1al\u00f3 en una respuesta de twitter que no obstante ese impedimento para el uso de esa casa oficial, su gobierno <em>\u201cpor supuesto\u201d<\/em> ofrecer\u00e1 alojamiento al mandatario mexicano.<\/p>\n<p>Esta ma\u00f1ana, Landau dijo en esa red social, \u201c<em>normalmente, hubi\u00e9ramos ofrecido al presidente alojarse en Blair House, la casa de hu\u00e9spedes oficial de la Casa Blanca. Pero desafortunadamente en este momento est\u00e1 bajo restauraci\u00f3n. El presidente es nuestro hu\u00e9sped, y por supuesto le ofrecemos el alojamiento\u201d.<\/em><\/p>\n<p>(PUBLICADO EL 03\/07\/2020 \/LA JORNADA)<\/p>\n","protected":false},"excerpt":{"rendered":"<p>CIUDAD DE M\u00c9XICO. MX. \u2014 La Casa Blair, residencia para hu\u00e9spedes de la Casa Blanca&#8230;<\/p>\n","protected":false},"author":1,"featured_media":88839,"comment_status":"open","ping_status":"open","sticky":false,"template":"","format":"standard","meta":{"_monsterinsights_skip_tracking":false,"_monsterinsights_sitenote_active":false,"_monsterinsights_sitenote_note":"","_monsterinsights_sitenote_category":0,"footnotes":""},"categories":[5],"tags":[],"class_list":["post"],"yoast_head":" \n<title>Sonora en Equipo. AMLO no ocupar\u00e1 residencia para hu\u00e9spedes de la Casa Blanca: Landau Rep\u00fablica<\/title>\n<meta name=\"description\" content=\"CIUDAD DE M\u00c9XICO. MX. \u2014 La Casa Blair, residencia para hu\u00e9spedes de la Casa Blanca no ser\u00e1 ocupada por el presidente Andr\u00e9s Manuel L\u00f3pez Obrador en su En Sonora en Equipo publicamos toda la informaci\u00f3n de Sonora, M\u00e9xico y el Mundo de manera oportuna y busca que la libertad de expresi\u00f3n sea real. Visita nuestro medio informativo publicado desde Hermosillo, Sonora. %\" \/>\n<meta name=\"robots\" content=\"index, follow, max-snippet:-1, max-image-preview:large, max-video-preview:-1\" \/>\n<link rel=\"canonical\" href=\"https:\/\/www.sonoraenequipo.com.mx\/amlo-no-ocupara-residencia-para-huespedes-de-la-casa-blanca-landau\/\" \/>\n<meta property=\"og:locale\" content=\"es_ES\" \/>\n<meta property=\"og:type\" content=\"article\" \/>\n<meta property=\"og:title\" content=\"Sonora en Equipo. AMLO no ocupar\u00e1 residencia para hu\u00e9spedes de la Casa Blanca: Landau Rep\u00fablica\" \/>\n<meta property=\"og:description\" content=\"CIUDAD DE M\u00c9XICO. MX. \u2014 La Casa Blair, residencia para hu\u00e9spedes de la Casa Blanca no ser\u00e1 ocupada por el presidente Andr\u00e9s Manuel L\u00f3pez Obrador en su En Sonora en Equipo publicamos toda la informaci\u00f3n de Sonora, M\u00e9xico y el Mundo de manera oportuna y busca que la libertad de expresi\u00f3n sea real. Visita nuestro medio informativo publicado desde Hermosillo, Sonora. %\" \/>\n<meta property=\"og:url\" content=\"https:\/\/www.sonoraenequipo.com.mx\/amlo-no-ocupara-residencia-para-huespedes-de-la-casa-blanca-landau\/\" \/>\n<meta property=\"og:site_name\" content=\"Sonora en Equipo.\" \/>\n<meta property=\"article:publisher\" content=\"https:\/\/www.facebook.com\/SonoraEE\/\" \/>\n<meta property=\"article:author\" content=\"https:\/\/www.facebook.com\/SonoraEE\" \/>\n<meta property=\"article:published_time\" content=\"2020-07-04T06:30:49+00:00\" \/>\n<meta property=\"article:modified_time\" content=\"2020-07-04T16:00:26+00:00\" \/>\n<meta property=\"og:image\" content=\"https:\/\/www.sonoraenequipo.com.mx\/storage\/2020\/07\/embajador-eua-presidente-mx_opt.jpg\" \/>\n\t<meta property=\"og:image:width\" content=\"609\" \/>\n\t<meta property=\"og:image:height\" content=\"400\" \/>\n\t<meta property=\"og:image:type\" content=\"image\/jpeg\" \/>\n<meta name=\"author\" content=\"enequipo\" \/>\n<meta name=\"twitter:card\" content=\"summary_large_image\" \/>\n<meta name=\"twitter:creator\" content=\"@sonoraenequipo\" \/>\n<meta name=\"twitter:site\" content=\"@sonoraenequipo\" \/>\n<meta name=\"twitter:label1\" content=\"Escrito por\" \/>\n\t<meta name=\"twitter:data1\" content=\"enequipo\" \/>\n\t<meta name=\"twitter:label2\" content=\"Tiempo de lectura\" \/>\n\t<meta name=\"twitter:data2\" content=\"1 minuto\" \/>\n<script type=\"application\/ld+json\" class=\"yoast-schema-graph\">{\"@context\":\"https:\/\/schema.org\",\"@graph\":[{\"@type\":\"Article\",\"@id\":\"https:\/\/www.sonoraenequipo.com.mx\/amlo-no-ocupara-residencia-para-huespedes-de-la-casa-blanca-landau\/#article\",\"isPartOf\":{\"@id\":\"https:\/\/www.sonoraenequipo.com.mx\/amlo-no-ocupara-residencia-para-huespedes-de-la-casa-blanca-landau\/\"},\"author\":{\"name\":\"enequipo\",\"@id\":\"https:\/\/www.sonoraenequipo.com.mx\/#\/schema\/person\/50102df0fb23a8fa9e8effad8fa81386\"},\"headline\":\"AMLO no ocupar\u00e1 residencia para hu\u00e9spedes de la Casa Blanca: Landau\",\"datePublished\":\"2020-07-04T06:30:49+00:00\",\"dateModified\":\"2020-07-04T16:00:26+00:00\",\"mainEntityOfPage\":{\"@id\":\"https:\/\/www.sonoraenequipo.com.mx\/amlo-no-ocupara-residencia-para-huespedes-de-la-casa-blanca-landau\/\"},\"wordCount\":181,\"commentCount\":0,\"publisher\":{\"@id\":\"https:\/\/www.sonoraenequipo.com.mx\/#organization\"},\"image\":{\"@id\":\"https:\/\/www.sonoraenequipo.com.mx\/amlo-no-ocupara-residencia-para-huespedes-de-la-casa-blanca-landau\/#primaryimage\"},\"thumbnailUrl\":\"https:\/\/www.sonoraenequipo.com.mx\/storage\/2020\/07\/embajador-eua-presidente-mx_opt.jpg\",\"articleSection\":[\"Rep\u00fablica\"],\"inLanguage\":\"es\",\"potentialAction\":[{\"@type\":\"CommentAction\",\"name\":\"Comment\",\"target\":[\"https:\/\/www.sonoraenequipo.com.mx\/amlo-no-ocupara-residencia-para-huespedes-de-la-casa-blanca-landau\/#respond\"]}]},{\"@type\":\"WebPage\",\"@id\":\"https:\/\/www.sonoraenequipo.com.mx\/amlo-no-ocupara-residencia-para-huespedes-de-la-casa-blanca-landau\/\",\"url\":\"https:\/\/www.sonoraenequipo.com.mx\/amlo-no-ocupara-residencia-para-huespedes-de-la-casa-blanca-landau\/\",\"name\":\"Sonora en Equipo. AMLO no ocupar\u00e1 residencia para hu\u00e9spedes de la Casa Blanca: Landau Rep\u00fablica\",\"isPartOf\":{\"@id\":\"https:\/\/www.sonoraenequipo.com.mx\/#website\"},\"primaryImageOfPage\":{\"@id\":\"https:\/\/www.sonoraenequipo.com.mx\/amlo-no-ocupara-residencia-para-huespedes-de-la-casa-blanca-landau\/#primaryimage\"},\"image\":{\"@id\":\"https:\/\/www.sonoraenequipo.com.mx\/amlo-no-ocupara-residencia-para-huespedes-de-la-casa-blanca-landau\/#primaryimage\"},\"thumbnailUrl\":\"https:\/\/www.sonoraenequipo.com.mx\/storage\/2020\/07\/embajador-eua-presidente-mx_opt.jpg\",\"datePublished\":\"2020-07-04T06:30:49+00:00\",\"dateModified\":\"2020-07-04T16:00:26+00:00\",\"description\":\"CIUDAD DE M\u00c9XICO. MX. \u2014 La Casa Blair, residencia para hu\u00e9spedes de la Casa Blanca no ser\u00e1 ocupada por el presidente Andr\u00e9s Manuel L\u00f3pez Obrador en su En Sonora en Equipo publicamos toda la informaci\u00f3n de Sonora, M\u00e9xico y el Mundo de manera oportuna y busca que la libertad de expresi\u00f3n sea real. Visita nuestro medio informativo publicado desde Hermosillo, Sonora. %\",\"breadcrumb\":{\"@id\":\"https:\/\/www.sonoraenequipo.com.mx\/amlo-no-ocupara-residencia-para-huespedes-de-la-casa-blanca-landau\/#breadcrumb\"},\"inLanguage\":\"es\",\"potentialAction\":[{\"@type\":\"ReadAction\",\"target\":[\"https:\/\/www.sonoraenequipo.com.mx\/amlo-no-ocupara-residencia-para-huespedes-de-la-casa-blanca-landau\/\"]}]},{\"@type\":\"ImageObject\",\"inLanguage\":\"es\",\"@id\":\"https:\/\/www.sonoraenequipo.com.mx\/amlo-no-ocupara-residencia-para-huespedes-de-la-casa-blanca-landau\/#primaryimage\",\"url\":\"https:\/\/www.sonoraenequipo.com.mx\/storage\/2020\/07\/embajador-eua-presidente-mx_opt.jpg\",\"contentUrl\":\"https:\/\/www.sonoraenequipo.com.mx\/storage\/2020\/07\/embajador-eua-presidente-mx_opt.jpg\",\"width\":609,\"height\":400},{\"@type\":\"BreadcrumbList\",\"@id\":\"https:\/\/www.sonoraenequipo.com.mx\/amlo-no-ocupara-residencia-para-huespedes-de-la-casa-blanca-landau\/#breadcrumb\",\"itemListElement\":[{\"@type\":\"ListItem\",\"position\":1,\"name\":\"Portada\",\"item\":\"https:\/\/www.sonoraenequipo.com.mx\/\"},{\"@type\":\"ListItem\",\"position\":2,\"name\":\"AMLO no ocupar\u00e1 residencia para hu\u00e9spedes de la Casa Blanca: Landau\"}]},{\"@type\":\"WebSite\",\"@id\":\"https:\/\/www.sonoraenequipo.com.mx\/#website\",\"url\":\"https:\/\/www.sonoraenequipo.com.mx\/\",\"name\":\"Sonora en Equipo.\",\"description\":\"Diario en l\u00ednea con Noticias desde Hermosillo, Sonora\",\"publisher\":{\"@id\":\"https:\/\/www.sonoraenequipo.com.mx\/#organization\"},\"potentialAction\":[{\"@type\":\"SearchAction\",\"target\":{\"@type\":\"EntryPoint\",\"urlTemplate\":\"https:\/\/www.sonoraenequipo.com.mx\/?s={search_term_string}\"},\"query-input\":{\"@type\":\"PropertyValueSpecification\",\"valueRequired\":true,\"valueName\":\"search_term_string\"}}],\"inLanguage\":\"es\"},{\"@type\":\"Organization\",\"@id\":\"https:\/\/www.sonoraenequipo.com.mx\/#organization\",\"name\":\"Sonoraenequipo.com.mx\",\"url\":\"https:\/\/www.sonoraenequipo.com.mx\/\",\"logo\":{\"@type\":\"ImageObject\",\"inLanguage\":\"es\",\"@id\":\"https:\/\/www.sonoraenequipo.com.mx\/#\/schema\/logo\/image\/\",\"url\":\"https:\/\/www.sonoraenequipo.com.mx\/storage\/2019\/01\/sonoraenequipo_opt.png\",\"contentUrl\":\"https:\/\/www.sonoraenequipo.com.mx\/storage\/2019\/01\/sonoraenequipo_opt.png\",\"width\":375,\"height\":125,\"caption\":\"Sonoraenequipo.com.mx\"},\"image\":{\"@id\":\"https:\/\/www.sonoraenequipo.com.mx\/#\/schema\/logo\/image\/\"},\"sameAs\":[\"https:\/\/www.facebook.com\/SonoraEE\/\",\"https:\/\/x.com\/sonoraenequipo\",\"https:\/\/www.youtube.com\/channel\/UC338nW-lPEYmJQs4ZABQ1SQ\"]},{\"@type\":\"Person\",\"@id\":\"https:\/\/www.sonoraenequipo.com.mx\/#\/schema\/person\/50102df0fb23a8fa9e8effad8fa81386\",\"name\":\"enequipo\",\"image\":{\"@type\":\"ImageObject\",\"inLanguage\":\"es\",\"@id\":\"https:\/\/www.sonoraenequipo.com.mx\/#\/schema\/person\/image\/\",\"url\":\"https:\/\/secure.gravatar.com\/avatar\/049821681b589dabc0bc20695993ccebb09f5b5d4d790cd9251b97faac7c652b?s=96&d=blank&r=g\",\"contentUrl\":\"https:\/\/secure.gravatar.com\/avatar\/049821681b589dabc0bc20695993ccebb09f5b5d4d790cd9251b97faac7c652b?s=96&d=blank&r=g\",\"caption\":\"enequipo\"},\"sameAs\":[\"https:\/\/www.facebook.com\/SonoraEE\"]}]}<\/script>\n ","yoast_head_json":{"title":"Sonora en Equipo. AMLO no ocupar\u00e1 residencia para hu\u00e9spedes de la Casa Blanca: Landau Rep\u00fablica","description":"CIUDAD DE M\u00c9XICO. MX. \u2014 La Casa Blair, residencia para hu\u00e9spedes de la Casa Blanca no ser\u00e1 ocupada por el presidente Andr\u00e9s Manuel L\u00f3pez Obrador en su En Sonora en Equipo publicamos toda la informaci\u00f3n de Sonora, M\u00e9xico y el Mundo de manera oportuna y busca que la libertad de expresi\u00f3n sea real. Visita nuestro medio informativo publicado desde Hermosillo, Sonora. %","robots":{"index":"index","follow":"follow","max-snippet":"max-snippet:-1","max-image-preview":"max-image-preview:large","max-video-preview":"max-video-preview:-1"},"canonical":"https:\/\/www.sonoraenequipo.com.mx\/amlo-no-ocupara-residencia-para-huespedes-de-la-casa-blanca-landau\/","og_locale":"es_ES","og_type":"article","og_title":"Sonora en Equipo. AMLO no ocupar\u00e1 residencia para hu\u00e9spedes de la Casa Blanca: Landau Rep\u00fablica","og_description":"CIUDAD DE M\u00c9XICO. MX. \u2014 La Casa Blair, residencia para hu\u00e9spedes de la Casa Blanca no ser\u00e1 ocupada por el presidente Andr\u00e9s Manuel L\u00f3pez Obrador en su En Sonora en Equipo publicamos toda la informaci\u00f3n de Sonora, M\u00e9xico y el Mundo de manera oportuna y busca que la libertad de expresi\u00f3n sea real. Visita nuestro medio informativo publicado desde Hermosillo, Sonora. %","og_url":"https:\/\/www.sonoraenequipo.com.mx\/amlo-no-ocupara-residencia-para-huespedes-de-la-casa-blanca-landau\/","og_site_name":"Sonora en Equipo.","article_publisher":"https:\/\/www.facebook.com\/SonoraEE\/","article_author":"https:\/\/www.facebook.com\/SonoraEE","article_published_time":"2020-07-04T06:30:49+00:00","article_modified_time":"2020-07-04T16:00:26+00:00","og_image":[{"width":609,"height":400,"url":"https:\/\/www.sonoraenequipo.com.mx\/storage\/2020\/07\/embajador-eua-presidente-mx_opt.jpg","type":"image\/jpeg"}],"author":"enequipo","twitter_card":"summary_large_image","twitter_creator":"@sonoraenequipo","twitter_site":"@sonoraenequipo","twitter_misc":{"Escrito por":"enequipo","Tiempo de lectura":"1 minuto"},"schema":{"@context":"https:\/\/schema.org","@graph":[{"@type":"Article","@id":"https:\/\/www.sonoraenequipo.com.mx\/amlo-no-ocupara-residencia-para-huespedes-de-la-casa-blanca-landau\/#article","isPartOf":{"@id":"https:\/\/www.sonoraenequipo.com.mx\/amlo-no-ocupara-residencia-para-huespedes-de-la-casa-blanca-landau\/"},"author":{"name":"enequipo","@id":"https:\/\/www.sonoraenequipo.com.mx\/#\/schema\/person\/50102df0fb23a8fa9e8effad8fa81386"},"headline":"AMLO no ocupar\u00e1 residencia para hu\u00e9spedes de la Casa Blanca: Landau","datePublished":"2020-07-04T06:30:49+00:00","dateModified":"2020-07-04T16:00:26+00:00","mainEntityOfPage":{"@id":"https:\/\/www.sonoraenequipo.com.mx\/amlo-no-ocupara-residencia-para-huespedes-de-la-casa-blanca-landau\/"},"wordCount":181,"commentCount":0,"publisher":{"@id":"https:\/\/www.sonoraenequipo.com.mx\/#organization"},"image":{"@id":"https:\/\/www.sonoraenequipo.com.mx\/amlo-no-ocupara-residencia-para-huespedes-de-la-casa-blanca-landau\/#primaryimage"},"thumbnailUrl":"https:\/\/www.sonoraenequipo.com.mx\/storage\/2020\/07\/embajador-eua-presidente-mx_opt.jpg","articleSection":["Rep\u00fablica"],"inLanguage":"es","potentialAction":[{"@type":"CommentAction","name":"Comment","target":["https:\/\/www.sonoraenequipo.com.mx\/amlo-no-ocupara-residencia-para-huespedes-de-la-casa-blanca-landau\/#respond"]}]},{"@type":"WebPage","@id":"https:\/\/www.sonoraenequipo.com.mx\/amlo-no-ocupara-residencia-para-huespedes-de-la-casa-blanca-landau\/","url":"https:\/\/www.sonoraenequipo.com.mx\/amlo-no-ocupara-residencia-para-huespedes-de-la-casa-blanca-landau\/","name":"Sonora en Equipo. AMLO no ocupar\u00e1 residencia para hu\u00e9spedes de la Casa Blanca: Landau Rep\u00fablica","isPartOf":{"@id":"https:\/\/www.sonoraenequipo.com.mx\/#website"},"primaryImageOfPage":{"@id":"https:\/\/www.sonoraenequipo.com.mx\/amlo-no-ocupara-residencia-para-huespedes-de-la-casa-blanca-landau\/#primaryimage"},"image":{"@id":"https:\/\/www.sonoraenequipo.com.mx\/amlo-no-ocupara-residencia-para-huespedes-de-la-casa-blanca-landau\/#primaryimage"},"thumbnailUrl":"https:\/\/www.sonoraenequipo.com.mx\/storage\/2020\/07\/embajador-eua-presidente-mx_opt.jpg","datePublished":"2020-07-04T06:30:49+00:00","dateModified":"2020-07-04T16:00:26+00:00","description":"CIUDAD DE M\u00c9XICO. MX. \u2014 La Casa Blair, residencia para hu\u00e9spedes de la Casa Blanca no ser\u00e1 ocupada por el presidente Andr\u00e9s Manuel L\u00f3pez Obrador en su En Sonora en Equipo publicamos toda la informaci\u00f3n de Sonora, M\u00e9xico y el Mundo de manera oportuna y busca que la libertad de expresi\u00f3n sea real. Visita nuestro medio informativo publicado desde Hermosillo, Sonora. %","breadcrumb":{"@id":"https:\/\/www.sonoraenequipo.com.mx\/amlo-no-ocupara-residencia-para-huespedes-de-la-casa-blanca-landau\/#breadcrumb"},"inLanguage":"es","potentialAction":[{"@type":"ReadAction","target":["https:\/\/www.sonoraenequipo.com.mx\/amlo-no-ocupara-residencia-para-huespedes-de-la-casa-blanca-landau\/"]}]},{"@type":"ImageObject","inLanguage":"es","@id":"https:\/\/www.sonoraenequipo.com.mx\/amlo-no-ocupara-residencia-para-huespedes-de-la-casa-blanca-landau\/#primaryimage","url":"https:\/\/www.sonoraenequipo.com.mx\/storage\/2020\/07\/embajador-eua-presidente-mx_opt.jpg","contentUrl":"https:\/\/www.sonoraenequipo.com.mx\/storage\/2020\/07\/embajador-eua-presidente-mx_opt.jpg","width":609,"height":400},{"@type":"BreadcrumbList","@id":"https:\/\/www.sonoraenequipo.com.mx\/amlo-no-ocupara-residencia-para-huespedes-de-la-casa-blanca-landau\/#breadcrumb","itemListElement":[{"@type":"ListItem","position":1,"name":"Portada","item":"https:\/\/www.sonoraenequipo.com.mx\/"},{"@type":"ListItem","position":2,"name":"AMLO no ocupar\u00e1 residencia para hu\u00e9spedes de la Casa Blanca: Landau"}]},{"@type":"WebSite","@id":"https:\/\/www.sonoraenequipo.com.mx\/#website","url":"https:\/\/www.sonoraenequipo.com.mx\/","name":"Sonora en Equipo.","description":"Diario en l\u00ednea con Noticias desde Hermosillo, Sonora","publisher":{"@id":"https:\/\/www.sonoraenequipo.com.mx\/#organization"},"potentialAction":[{"@type":"SearchAction","target":{"@type":"EntryPoint","urlTemplate":"https:\/\/www.sonoraenequipo.com.mx\/?s={search_term_string}"},"query-input":{"@type":"PropertyValueSpecification","valueRequired":true,"valueName":"search_term_string"}}],"inLanguage":"es"},{"@type":"Organization","@id":"https:\/\/www.sonoraenequipo.com.mx\/#organization","name":"Sonoraenequipo.com.mx","url":"https:\/\/www.sonoraenequipo.com.mx\/","logo":{"@type":"ImageObject","inLanguage":"es","@id":"https:\/\/www.sonoraenequipo.com.mx\/#\/schema\/logo\/image\/","url":"https:\/\/www.sonoraenequipo.com.mx\/storage\/2019\/01\/sonoraenequipo_opt.png","contentUrl":"https:\/\/www.sonoraenequipo.com.mx\/storage\/2019\/01\/sonoraenequipo_opt.png","width":375,"height":125,"caption":"Sonoraenequipo.com.mx"},"image":{"@id":"https:\/\/www.sonoraenequipo.com.mx\/#\/schema\/logo\/image\/"},"sameAs":["https:\/\/www.facebook.com\/SonoraEE\/","https:\/\/x.com\/sonoraenequipo","https:\/\/www.youtube.com\/channel\/UC338nW-lPEYmJQs4ZABQ1SQ"]},{"@type":"Person","@id":"https:\/\/www.sonoraenequipo.com.mx\/#\/schema\/person\/50102df0fb23a8fa9e8effad8fa81386","name":"enequipo","image":{"@type":"ImageObject","inLanguage":"es","@id":"https:\/\/www.sonoraenequipo.com.mx\/#\/schema\/person\/image\/","url":"https:\/\/secure.gravatar.com\/avatar\/049821681b589dabc0bc20695993ccebb09f5b5d4d790cd9251b97faac7c652b?s=96&d=blank&r=g","contentUrl":"https:\/\/secure.gravatar.com\/avatar\/049821681b589dabc0bc20695993ccebb09f5b5d4d790cd9251b97faac7c652b?s=96&d=blank&r=g","caption":"enequipo"},"sameAs":["https:\/\/www.facebook.com\/SonoraEE"]}]}},"jetpack_featured_media_url":"https:\/\/www.sonoraenequipo.com.mx\/storage\/2020\/07\/embajador-eua-presidente-mx_opt.jpg","_links":{"self":[{"href":"https:\/\/www.sonoraenequipo.com.mx\/api\/wp\/v2\/posts\/88838","targetHints":{"allow":["GET"]}}],"collection":[{"href":"https:\/\/www.sonoraenequipo.com.mx\/api\/wp\/v2\/posts"}],"about":[{"href":"https:\/\/www.sonoraenequipo.com.mx\/api\/wp\/v2\/types\/post"}],"author":[{"embeddable":true,"href":"https:\/\/www.sonoraenequipo.com.mx\/api\/wp\/v2\/users\/1"}],"replies":[{"embeddable":true,"href":"https:\/\/www.sonoraenequipo.com.mx\/api\/wp\/v2\/comments?post=88838"}],"version-history":[{"count":0,"href":"https:\/\/www.sonoraenequipo.com.mx\/api\/wp\/v2\/posts\/88838\/revisions"}],"wp:featuredmedia":[{"embeddable":true,"href":"https:\/\/www.sonoraenequipo.com.mx\/api\/wp\/v2\/media\/88839"}],"wp:attachment":[{"href":"https:\/\/www.sonoraenequipo.com.mx\/api\/wp\/v2\/media?parent=88838"}],"wp:term":[{"taxonomy":"category","embeddable":true,"href":"https:\/\/www.sonoraenequipo.com.mx\/api\/wp\/v2\/categories?post=88838"},{"taxonomy":"post_tag","embeddable":true,"href":"https:\/\/www.sonoraenequipo.com.mx\/api\/wp\/v2\/tags?post=88838"}],"curies":[{"name":"wp","href":"https:\/\/api.w.org\/{rel}","templated":true}]}}