{"id":90777,"date":"2020-07-25T22:27:37","date_gmt":"2020-07-26T05:27:37","guid":{"rendered":"https:\/\/www.sonoraenequipo.com.mx\/?p=90777"},"modified":"2020-07-25T21:47:35","modified_gmt":"2020-07-26T04:47:35","slug":"yaquis-acuerdan-retiro-de-bloqueo-ferroviario-y-carretero-continuara-cuota-voluntaria","status":"publish","type":"post","link":"https:\/\/www.sonoraenequipo.com.mx\/yaquis-acuerdan-retiro-de-bloqueo-ferroviario-y-carretero-continuara-cuota-voluntaria\/","title":{"rendered":"Yaquis acuerdan retiro de bloqueo ferroviario y carretero, continuar\u00e1 cuota voluntaria"},"content":{"rendered":"<p>VICAM, GUAYMAS, SONORA. MX. \u2014 Luego de permanecer bloqueadas durante los \u00faltimos nueve d\u00edas, integrantes de la etnia Yaqui liberaron hoy las v\u00edas del tren a la altura del poblado de Estaci\u00f3n Corral.<\/p>\n<p> <\/p>\n<p>Lo anterior, luego de los acuerdos a los que llegaron ind\u00edgenas de Loma de Guam\u00fachil que participaron la tarde de ayer en una mesa de di\u00e1logo con funcionarios del gobierno federal.<\/p>\n<p>El retiro de los bultos de tierra que obstru\u00edan el paso por las v\u00edas del ferrocarril, lo realizaron trabajadores de Ferromex y una retro excavadora enviada por la tribu.<\/p>\n<p>A la mesa de di\u00e1logo, acudieron en representaci\u00f3n del gobierno federal la Secretar\u00eda de Gobernaci\u00f3n (Segob), el Instituto Nacional de los Pueblos Ind\u00edgenas (INPI), la Secretar\u00eda de Comunicaciones y Transportes (SCT) y la Comisi\u00f3n Nacional de Vivienda (Conavi), adem\u00e1s de representantes del gobierno de Sonora y del Ayuntamiento de Cajeme<\/p>\n<p>Juan Matuz, capit\u00e1n de la Loma de Guam\u00fachil, pueblo de C\u00f3corit, declar\u00f3 que en la reuni\u00f3n se acord\u00f3 adem\u00e1s el establecimiento de una mesa de trabajo para revisar y analizar los beneficios derivados de los derechos de paso en el territorio yaqui, particularmente de la v\u00eda del ferrocarril y la autopista, entre otros servicios.<\/p>\n<p>Sobre el bloqueo de la carretera M\u00e9xico 15 a la altura del Parador Tur\u00edstico del Danzante Yaqui y de V\u00eccam, los ind\u00edgenas seguir\u00e1n en ambos puntos, pero sin impedir el paso a ning\u00fan veh\u00edculo, solo se les seguir\u00e1 solicitando una aportaci\u00f3n econ\u00f3mica voluntaria.<\/p>\n<p>Hasta el 23 de julio, la Confederaci\u00f3n de C\u00e1maras Industriales de los Estados Unidos Mexicanos (Concamin), estimaba p\u00e9rdidas de m\u00e1s de 75 millones de pesos, a consecuencia del bloqueo de la carretera M\u00e9xico 15 y v\u00edas del ferrocarril.<\/p>\n<p>(PUBLICADO EL 25\/07\/2020)<\/p>\n","protected":false},"excerpt":{"rendered":"<p>VICAM, GUAYMAS, SONORA. MX. \u2014 Luego de permanecer bloqueadas durante los \u00faltimos nueve d\u00edas, integrantes&#8230;<\/p>\n","protected":false},"author":1,"featured_media":90779,"comment_status":"open","ping_status":"open","sticky":false,"template":"","format":"standard","meta":{"_monsterinsights_skip_tracking":false,"_monsterinsights_sitenote_active":false,"_monsterinsights_sitenote_note":"","_monsterinsights_sitenote_category":0,"footnotes":""},"categories":[22],"tags":[],"class_list":["post"],"yoast_head":" \n<title>Sonora en Equipo. Yaquis acuerdan retiro de bloqueo ferroviario y carretero, continuar\u00e1 cuota voluntaria Sonora<\/title>\n<meta name=\"description\" content=\"VICAM, GUAYMAS, SONORA. MX. \u2014 Luego de permanecer bloqueadas durante los \u00faltimos nueve d\u00edas, integrantes de la etnia Yaqui liberaron hoy las v\u00edas del tren En Sonora en Equipo publicamos toda la informaci\u00f3n de Sonora, M\u00e9xico y el Mundo de manera oportuna y busca que la libertad de expresi\u00f3n sea real. Visita nuestro medio informativo publicado desde Hermosillo, Sonora. %\" \/>\n<meta name=\"robots\" content=\"index, follow, max-snippet:-1, max-image-preview:large, max-video-preview:-1\" \/>\n<link rel=\"canonical\" href=\"https:\/\/www.sonoraenequipo.com.mx\/yaquis-acuerdan-retiro-de-bloqueo-ferroviario-y-carretero-continuara-cuota-voluntaria\/\" \/>\n<meta property=\"og:locale\" content=\"es_ES\" \/>\n<meta property=\"og:type\" content=\"article\" \/>\n<meta property=\"og:title\" content=\"Sonora en Equipo. Yaquis acuerdan retiro de bloqueo ferroviario y carretero, continuar\u00e1 cuota voluntaria Sonora\" \/>\n<meta property=\"og:description\" content=\"VICAM, GUAYMAS, SONORA. MX. \u2014 Luego de permanecer bloqueadas durante los \u00faltimos nueve d\u00edas, integrantes de la etnia Yaqui liberaron hoy las v\u00edas del tren En Sonora en Equipo publicamos toda la informaci\u00f3n de Sonora, M\u00e9xico y el Mundo de manera oportuna y busca que la libertad de expresi\u00f3n sea real. Visita nuestro medio informativo publicado desde Hermosillo, Sonora. %\" \/>\n<meta property=\"og:url\" content=\"https:\/\/www.sonoraenequipo.com.mx\/yaquis-acuerdan-retiro-de-bloqueo-ferroviario-y-carretero-continuara-cuota-voluntaria\/\" \/>\n<meta property=\"og:site_name\" content=\"Sonora en Equipo.\" \/>\n<meta property=\"article:publisher\" content=\"https:\/\/www.facebook.com\/SonoraEE\/\" \/>\n<meta property=\"article:author\" content=\"https:\/\/www.facebook.com\/SonoraEE\" \/>\n<meta property=\"article:published_time\" content=\"2020-07-26T05:27:37+00:00\" \/>\n<meta property=\"og:image\" content=\"https:\/\/www.sonoraenequipo.com.mx\/storage\/2020\/07\/retiran-bloqueo_opt.jpg\" \/>\n\t<meta property=\"og:image:width\" content=\"734\" \/>\n\t<meta property=\"og:image:height\" content=\"413\" \/>\n\t<meta property=\"og:image:type\" content=\"image\/jpeg\" \/>\n<meta name=\"author\" content=\"enequipo\" \/>\n<meta name=\"twitter:card\" content=\"summary_large_image\" \/>\n<meta name=\"twitter:creator\" content=\"@sonoraenequipo\" \/>\n<meta name=\"twitter:site\" content=\"@sonoraenequipo\" \/>\n<meta name=\"twitter:label1\" content=\"Escrito por\" \/>\n\t<meta name=\"twitter:data1\" content=\"enequipo\" \/>\n\t<meta name=\"twitter:label2\" content=\"Tiempo de lectura\" \/>\n\t<meta name=\"twitter:data2\" content=\"2 minutos\" \/>\n<script type=\"application\/ld+json\" class=\"yoast-schema-graph\">{\"@context\":\"https:\/\/schema.org\",\"@graph\":[{\"@type\":\"Article\",\"@id\":\"https:\/\/www.sonoraenequipo.com.mx\/yaquis-acuerdan-retiro-de-bloqueo-ferroviario-y-carretero-continuara-cuota-voluntaria\/#article\",\"isPartOf\":{\"@id\":\"https:\/\/www.sonoraenequipo.com.mx\/yaquis-acuerdan-retiro-de-bloqueo-ferroviario-y-carretero-continuara-cuota-voluntaria\/\"},\"author\":{\"name\":\"enequipo\",\"@id\":\"https:\/\/www.sonoraenequipo.com.mx\/#\/schema\/person\/50102df0fb23a8fa9e8effad8fa81386\"},\"headline\":\"Yaquis acuerdan retiro de bloqueo ferroviario y carretero, continuar\u00e1 cuota voluntaria\",\"datePublished\":\"2020-07-26T05:27:37+00:00\",\"mainEntityOfPage\":{\"@id\":\"https:\/\/www.sonoraenequipo.com.mx\/yaquis-acuerdan-retiro-de-bloqueo-ferroviario-y-carretero-continuara-cuota-voluntaria\/\"},\"wordCount\":323,\"commentCount\":0,\"publisher\":{\"@id\":\"https:\/\/www.sonoraenequipo.com.mx\/#organization\"},\"image\":{\"@id\":\"https:\/\/www.sonoraenequipo.com.mx\/yaquis-acuerdan-retiro-de-bloqueo-ferroviario-y-carretero-continuara-cuota-voluntaria\/#primaryimage\"},\"thumbnailUrl\":\"https:\/\/www.sonoraenequipo.com.mx\/storage\/2020\/07\/retiran-bloqueo_opt.jpg\",\"articleSection\":[\"Sonora\"],\"inLanguage\":\"es\",\"potentialAction\":[{\"@type\":\"CommentAction\",\"name\":\"Comment\",\"target\":[\"https:\/\/www.sonoraenequipo.com.mx\/yaquis-acuerdan-retiro-de-bloqueo-ferroviario-y-carretero-continuara-cuota-voluntaria\/#respond\"]}]},{\"@type\":\"WebPage\",\"@id\":\"https:\/\/www.sonoraenequipo.com.mx\/yaquis-acuerdan-retiro-de-bloqueo-ferroviario-y-carretero-continuara-cuota-voluntaria\/\",\"url\":\"https:\/\/www.sonoraenequipo.com.mx\/yaquis-acuerdan-retiro-de-bloqueo-ferroviario-y-carretero-continuara-cuota-voluntaria\/\",\"name\":\"Sonora en Equipo. Yaquis acuerdan retiro de bloqueo ferroviario y carretero, continuar\u00e1 cuota voluntaria Sonora\",\"isPartOf\":{\"@id\":\"https:\/\/www.sonoraenequipo.com.mx\/#website\"},\"primaryImageOfPage\":{\"@id\":\"https:\/\/www.sonoraenequipo.com.mx\/yaquis-acuerdan-retiro-de-bloqueo-ferroviario-y-carretero-continuara-cuota-voluntaria\/#primaryimage\"},\"image\":{\"@id\":\"https:\/\/www.sonoraenequipo.com.mx\/yaquis-acuerdan-retiro-de-bloqueo-ferroviario-y-carretero-continuara-cuota-voluntaria\/#primaryimage\"},\"thumbnailUrl\":\"https:\/\/www.sonoraenequipo.com.mx\/storage\/2020\/07\/retiran-bloqueo_opt.jpg\",\"datePublished\":\"2020-07-26T05:27:37+00:00\",\"description\":\"VICAM, GUAYMAS, SONORA. MX. \u2014 Luego de permanecer bloqueadas durante los \u00faltimos nueve d\u00edas, integrantes de la etnia Yaqui liberaron hoy las v\u00edas del tren En Sonora en Equipo publicamos toda la informaci\u00f3n de Sonora, M\u00e9xico y el Mundo de manera oportuna y busca que la libertad de expresi\u00f3n sea real. Visita nuestro medio informativo publicado desde Hermosillo, Sonora. %\",\"breadcrumb\":{\"@id\":\"https:\/\/www.sonoraenequipo.com.mx\/yaquis-acuerdan-retiro-de-bloqueo-ferroviario-y-carretero-continuara-cuota-voluntaria\/#breadcrumb\"},\"inLanguage\":\"es\",\"potentialAction\":[{\"@type\":\"ReadAction\",\"target\":[\"https:\/\/www.sonoraenequipo.com.mx\/yaquis-acuerdan-retiro-de-bloqueo-ferroviario-y-carretero-continuara-cuota-voluntaria\/\"]}]},{\"@type\":\"ImageObject\",\"inLanguage\":\"es\",\"@id\":\"https:\/\/www.sonoraenequipo.com.mx\/yaquis-acuerdan-retiro-de-bloqueo-ferroviario-y-carretero-continuara-cuota-voluntaria\/#primaryimage\",\"url\":\"https:\/\/www.sonoraenequipo.com.mx\/storage\/2020\/07\/retiran-bloqueo_opt.jpg\",\"contentUrl\":\"https:\/\/www.sonoraenequipo.com.mx\/storage\/2020\/07\/retiran-bloqueo_opt.jpg\",\"width\":734,\"height\":413},{\"@type\":\"BreadcrumbList\",\"@id\":\"https:\/\/www.sonoraenequipo.com.mx\/yaquis-acuerdan-retiro-de-bloqueo-ferroviario-y-carretero-continuara-cuota-voluntaria\/#breadcrumb\",\"itemListElement\":[{\"@type\":\"ListItem\",\"position\":1,\"name\":\"Portada\",\"item\":\"https:\/\/www.sonoraenequipo.com.mx\/\"},{\"@type\":\"ListItem\",\"position\":2,\"name\":\"Yaquis acuerdan retiro de bloqueo ferroviario y carretero, continuar\u00e1 cuota voluntaria\"}]},{\"@type\":\"WebSite\",\"@id\":\"https:\/\/www.sonoraenequipo.com.mx\/#website\",\"url\":\"https:\/\/www.sonoraenequipo.com.mx\/\",\"name\":\"Sonora en Equipo.\",\"description\":\"Diario en l\u00ednea con Noticias desde Hermosillo, Sonora\",\"publisher\":{\"@id\":\"https:\/\/www.sonoraenequipo.com.mx\/#organization\"},\"potentialAction\":[{\"@type\":\"SearchAction\",\"target\":{\"@type\":\"EntryPoint\",\"urlTemplate\":\"https:\/\/www.sonoraenequipo.com.mx\/?s={search_term_string}\"},\"query-input\":{\"@type\":\"PropertyValueSpecification\",\"valueRequired\":true,\"valueName\":\"search_term_string\"}}],\"inLanguage\":\"es\"},{\"@type\":\"Organization\",\"@id\":\"https:\/\/www.sonoraenequipo.com.mx\/#organization\",\"name\":\"Sonoraenequipo.com.mx\",\"url\":\"https:\/\/www.sonoraenequipo.com.mx\/\",\"logo\":{\"@type\":\"ImageObject\",\"inLanguage\":\"es\",\"@id\":\"https:\/\/www.sonoraenequipo.com.mx\/#\/schema\/logo\/image\/\",\"url\":\"https:\/\/www.sonoraenequipo.com.mx\/storage\/2019\/01\/sonoraenequipo_opt.png\",\"contentUrl\":\"https:\/\/www.sonoraenequipo.com.mx\/storage\/2019\/01\/sonoraenequipo_opt.png\",\"width\":375,\"height\":125,\"caption\":\"Sonoraenequipo.com.mx\"},\"image\":{\"@id\":\"https:\/\/www.sonoraenequipo.com.mx\/#\/schema\/logo\/image\/\"},\"sameAs\":[\"https:\/\/www.facebook.com\/SonoraEE\/\",\"https:\/\/x.com\/sonoraenequipo\",\"https:\/\/www.youtube.com\/channel\/UC338nW-lPEYmJQs4ZABQ1SQ\"]},{\"@type\":\"Person\",\"@id\":\"https:\/\/www.sonoraenequipo.com.mx\/#\/schema\/person\/50102df0fb23a8fa9e8effad8fa81386\",\"name\":\"enequipo\",\"image\":{\"@type\":\"ImageObject\",\"inLanguage\":\"es\",\"@id\":\"https:\/\/www.sonoraenequipo.com.mx\/#\/schema\/person\/image\/\",\"url\":\"https:\/\/secure.gravatar.com\/avatar\/049821681b589dabc0bc20695993ccebb09f5b5d4d790cd9251b97faac7c652b?s=96&d=blank&r=g\",\"contentUrl\":\"https:\/\/secure.gravatar.com\/avatar\/049821681b589dabc0bc20695993ccebb09f5b5d4d790cd9251b97faac7c652b?s=96&d=blank&r=g\",\"caption\":\"enequipo\"},\"sameAs\":[\"https:\/\/www.facebook.com\/SonoraEE\"]}]}<\/script>\n ","yoast_head_json":{"title":"Sonora en Equipo. Yaquis acuerdan retiro de bloqueo ferroviario y carretero, continuar\u00e1 cuota voluntaria Sonora","description":"VICAM, GUAYMAS, SONORA. MX. \u2014 Luego de permanecer bloqueadas durante los \u00faltimos nueve d\u00edas, integrantes de la etnia Yaqui liberaron hoy las v\u00edas del tren En Sonora en Equipo publicamos toda la informaci\u00f3n de Sonora, M\u00e9xico y el Mundo de manera oportuna y busca que la libertad de expresi\u00f3n sea real. Visita nuestro medio informativo publicado desde Hermosillo, Sonora. %","robots":{"index":"index","follow":"follow","max-snippet":"max-snippet:-1","max-image-preview":"max-image-preview:large","max-video-preview":"max-video-preview:-1"},"canonical":"https:\/\/www.sonoraenequipo.com.mx\/yaquis-acuerdan-retiro-de-bloqueo-ferroviario-y-carretero-continuara-cuota-voluntaria\/","og_locale":"es_ES","og_type":"article","og_title":"Sonora en Equipo. Yaquis acuerdan retiro de bloqueo ferroviario y carretero, continuar\u00e1 cuota voluntaria Sonora","og_description":"VICAM, GUAYMAS, SONORA. MX. \u2014 Luego de permanecer bloqueadas durante los \u00faltimos nueve d\u00edas, integrantes de la etnia Yaqui liberaron hoy las v\u00edas del tren En Sonora en Equipo publicamos toda la informaci\u00f3n de Sonora, M\u00e9xico y el Mundo de manera oportuna y busca que la libertad de expresi\u00f3n sea real. Visita nuestro medio informativo publicado desde Hermosillo, Sonora. %","og_url":"https:\/\/www.sonoraenequipo.com.mx\/yaquis-acuerdan-retiro-de-bloqueo-ferroviario-y-carretero-continuara-cuota-voluntaria\/","og_site_name":"Sonora en Equipo.","article_publisher":"https:\/\/www.facebook.com\/SonoraEE\/","article_author":"https:\/\/www.facebook.com\/SonoraEE","article_published_time":"2020-07-26T05:27:37+00:00","og_image":[{"width":734,"height":413,"url":"https:\/\/www.sonoraenequipo.com.mx\/storage\/2020\/07\/retiran-bloqueo_opt.jpg","type":"image\/jpeg"}],"author":"enequipo","twitter_card":"summary_large_image","twitter_creator":"@sonoraenequipo","twitter_site":"@sonoraenequipo","twitter_misc":{"Escrito por":"enequipo","Tiempo de lectura":"2 minutos"},"schema":{"@context":"https:\/\/schema.org","@graph":[{"@type":"Article","@id":"https:\/\/www.sonoraenequipo.com.mx\/yaquis-acuerdan-retiro-de-bloqueo-ferroviario-y-carretero-continuara-cuota-voluntaria\/#article","isPartOf":{"@id":"https:\/\/www.sonoraenequipo.com.mx\/yaquis-acuerdan-retiro-de-bloqueo-ferroviario-y-carretero-continuara-cuota-voluntaria\/"},"author":{"name":"enequipo","@id":"https:\/\/www.sonoraenequipo.com.mx\/#\/schema\/person\/50102df0fb23a8fa9e8effad8fa81386"},"headline":"Yaquis acuerdan retiro de bloqueo ferroviario y carretero, continuar\u00e1 cuota voluntaria","datePublished":"2020-07-26T05:27:37+00:00","mainEntityOfPage":{"@id":"https:\/\/www.sonoraenequipo.com.mx\/yaquis-acuerdan-retiro-de-bloqueo-ferroviario-y-carretero-continuara-cuota-voluntaria\/"},"wordCount":323,"commentCount":0,"publisher":{"@id":"https:\/\/www.sonoraenequipo.com.mx\/#organization"},"image":{"@id":"https:\/\/www.sonoraenequipo.com.mx\/yaquis-acuerdan-retiro-de-bloqueo-ferroviario-y-carretero-continuara-cuota-voluntaria\/#primaryimage"},"thumbnailUrl":"https:\/\/www.sonoraenequipo.com.mx\/storage\/2020\/07\/retiran-bloqueo_opt.jpg","articleSection":["Sonora"],"inLanguage":"es","potentialAction":[{"@type":"CommentAction","name":"Comment","target":["https:\/\/www.sonoraenequipo.com.mx\/yaquis-acuerdan-retiro-de-bloqueo-ferroviario-y-carretero-continuara-cuota-voluntaria\/#respond"]}]},{"@type":"WebPage","@id":"https:\/\/www.sonoraenequipo.com.mx\/yaquis-acuerdan-retiro-de-bloqueo-ferroviario-y-carretero-continuara-cuota-voluntaria\/","url":"https:\/\/www.sonoraenequipo.com.mx\/yaquis-acuerdan-retiro-de-bloqueo-ferroviario-y-carretero-continuara-cuota-voluntaria\/","name":"Sonora en Equipo. Yaquis acuerdan retiro de bloqueo ferroviario y carretero, continuar\u00e1 cuota voluntaria Sonora","isPartOf":{"@id":"https:\/\/www.sonoraenequipo.com.mx\/#website"},"primaryImageOfPage":{"@id":"https:\/\/www.sonoraenequipo.com.mx\/yaquis-acuerdan-retiro-de-bloqueo-ferroviario-y-carretero-continuara-cuota-voluntaria\/#primaryimage"},"image":{"@id":"https:\/\/www.sonoraenequipo.com.mx\/yaquis-acuerdan-retiro-de-bloqueo-ferroviario-y-carretero-continuara-cuota-voluntaria\/#primaryimage"},"thumbnailUrl":"https:\/\/www.sonoraenequipo.com.mx\/storage\/2020\/07\/retiran-bloqueo_opt.jpg","datePublished":"2020-07-26T05:27:37+00:00","description":"VICAM, GUAYMAS, SONORA. MX. \u2014 Luego de permanecer bloqueadas durante los \u00faltimos nueve d\u00edas, integrantes de la etnia Yaqui liberaron hoy las v\u00edas del tren En Sonora en Equipo publicamos toda la informaci\u00f3n de Sonora, M\u00e9xico y el Mundo de manera oportuna y busca que la libertad de expresi\u00f3n sea real. Visita nuestro medio informativo publicado desde Hermosillo, Sonora. %","breadcrumb":{"@id":"https:\/\/www.sonoraenequipo.com.mx\/yaquis-acuerdan-retiro-de-bloqueo-ferroviario-y-carretero-continuara-cuota-voluntaria\/#breadcrumb"},"inLanguage":"es","potentialAction":[{"@type":"ReadAction","target":["https:\/\/www.sonoraenequipo.com.mx\/yaquis-acuerdan-retiro-de-bloqueo-ferroviario-y-carretero-continuara-cuota-voluntaria\/"]}]},{"@type":"ImageObject","inLanguage":"es","@id":"https:\/\/www.sonoraenequipo.com.mx\/yaquis-acuerdan-retiro-de-bloqueo-ferroviario-y-carretero-continuara-cuota-voluntaria\/#primaryimage","url":"https:\/\/www.sonoraenequipo.com.mx\/storage\/2020\/07\/retiran-bloqueo_opt.jpg","contentUrl":"https:\/\/www.sonoraenequipo.com.mx\/storage\/2020\/07\/retiran-bloqueo_opt.jpg","width":734,"height":413},{"@type":"BreadcrumbList","@id":"https:\/\/www.sonoraenequipo.com.mx\/yaquis-acuerdan-retiro-de-bloqueo-ferroviario-y-carretero-continuara-cuota-voluntaria\/#breadcrumb","itemListElement":[{"@type":"ListItem","position":1,"name":"Portada","item":"https:\/\/www.sonoraenequipo.com.mx\/"},{"@type":"ListItem","position":2,"name":"Yaquis acuerdan retiro de bloqueo ferroviario y carretero, continuar\u00e1 cuota voluntaria"}]},{"@type":"WebSite","@id":"https:\/\/www.sonoraenequipo.com.mx\/#website","url":"https:\/\/www.sonoraenequipo.com.mx\/","name":"Sonora en Equipo.","description":"Diario en l\u00ednea con Noticias desde Hermosillo, Sonora","publisher":{"@id":"https:\/\/www.sonoraenequipo.com.mx\/#organization"},"potentialAction":[{"@type":"SearchAction","target":{"@type":"EntryPoint","urlTemplate":"https:\/\/www.sonoraenequipo.com.mx\/?s={search_term_string}"},"query-input":{"@type":"PropertyValueSpecification","valueRequired":true,"valueName":"search_term_string"}}],"inLanguage":"es"},{"@type":"Organization","@id":"https:\/\/www.sonoraenequipo.com.mx\/#organization","name":"Sonoraenequipo.com.mx","url":"https:\/\/www.sonoraenequipo.com.mx\/","logo":{"@type":"ImageObject","inLanguage":"es","@id":"https:\/\/www.sonoraenequipo.com.mx\/#\/schema\/logo\/image\/","url":"https:\/\/www.sonoraenequipo.com.mx\/storage\/2019\/01\/sonoraenequipo_opt.png","contentUrl":"https:\/\/www.sonoraenequipo.com.mx\/storage\/2019\/01\/sonoraenequipo_opt.png","width":375,"height":125,"caption":"Sonoraenequipo.com.mx"},"image":{"@id":"https:\/\/www.sonoraenequipo.com.mx\/#\/schema\/logo\/image\/"},"sameAs":["https:\/\/www.facebook.com\/SonoraEE\/","https:\/\/x.com\/sonoraenequipo","https:\/\/www.youtube.com\/channel\/UC338nW-lPEYmJQs4ZABQ1SQ"]},{"@type":"Person","@id":"https:\/\/www.sonoraenequipo.com.mx\/#\/schema\/person\/50102df0fb23a8fa9e8effad8fa81386","name":"enequipo","image":{"@type":"ImageObject","inLanguage":"es","@id":"https:\/\/www.sonoraenequipo.com.mx\/#\/schema\/person\/image\/","url":"https:\/\/secure.gravatar.com\/avatar\/049821681b589dabc0bc20695993ccebb09f5b5d4d790cd9251b97faac7c652b?s=96&d=blank&r=g","contentUrl":"https:\/\/secure.gravatar.com\/avatar\/049821681b589dabc0bc20695993ccebb09f5b5d4d790cd9251b97faac7c652b?s=96&d=blank&r=g","caption":"enequipo"},"sameAs":["https:\/\/www.facebook.com\/SonoraEE"]}]}},"jetpack_featured_media_url":"https:\/\/www.sonoraenequipo.com.mx\/storage\/2020\/07\/retiran-bloqueo_opt.jpg","_links":{"self":[{"href":"https:\/\/www.sonoraenequipo.com.mx\/api\/wp\/v2\/posts\/90777","targetHints":{"allow":["GET"]}}],"collection":[{"href":"https:\/\/www.sonoraenequipo.com.mx\/api\/wp\/v2\/posts"}],"about":[{"href":"https:\/\/www.sonoraenequipo.com.mx\/api\/wp\/v2\/types\/post"}],"author":[{"embeddable":true,"href":"https:\/\/www.sonoraenequipo.com.mx\/api\/wp\/v2\/users\/1"}],"replies":[{"embeddable":true,"href":"https:\/\/www.sonoraenequipo.com.mx\/api\/wp\/v2\/comments?post=90777"}],"version-history":[{"count":0,"href":"https:\/\/www.sonoraenequipo.com.mx\/api\/wp\/v2\/posts\/90777\/revisions"}],"wp:featuredmedia":[{"embeddable":true,"href":"https:\/\/www.sonoraenequipo.com.mx\/api\/wp\/v2\/media\/90779"}],"wp:attachment":[{"href":"https:\/\/www.sonoraenequipo.com.mx\/api\/wp\/v2\/media?parent=90777"}],"wp:term":[{"taxonomy":"category","embeddable":true,"href":"https:\/\/www.sonoraenequipo.com.mx\/api\/wp\/v2\/categories?post=90777"},{"taxonomy":"post_tag","embeddable":true,"href":"https:\/\/www.sonoraenequipo.com.mx\/api\/wp\/v2\/tags?post=90777"}],"curies":[{"name":"wp","href":"https:\/\/api.w.org\/{rel}","templated":true}]}}