{"id":90949,"date":"2020-07-27T23:15:05","date_gmt":"2020-07-28T06:15:05","guid":{"rendered":"https:\/\/www.sonoraenequipo.com.mx\/?p=90949"},"modified":"2020-07-28T09:40:33","modified_gmt":"2020-07-28T16:40:33","slug":"este-martes-emilio-lozoya-estara-por-primera-vez-ante-el-juez","status":"publish","type":"post","link":"https:\/\/www.sonoraenequipo.com.mx\/este-martes-emilio-lozoya-estara-por-primera-vez-ante-el-juez\/","title":{"rendered":"Este martes, Emilio Lozoya estar\u00e1 por primera vez ante el juez"},"content":{"rendered":"<p>CIUDAD DE M\u00c9XICO. MX. \u2014 Ser\u00e1 a las 9:00 horas (tiempo local) cuando iniciar\u00e1 la audiencia inicial contra Lozoya Austin, exdirector de Pemex, por los casos de corrupci\u00f3n de los sobornos de la constructora Odebrecht y el desv\u00edo en Agro Nitrogenados.<\/p>\n<p> <\/p>\n<p>Portavoz de la Judicatura dio a conocer en la capital del pa\u00eds:<em> \u00abLes informo que la audiencia ser\u00e1 ma\u00f1ana a las 09:00 horas\u00bb.<\/em><\/p>\n<p>Por primera vez comparecer\u00e1 ante la justicia mexicana, once d\u00edas despu\u00e9s de que volvi\u00f3 al pa\u00eds, proveniente de Espa\u00f1a que lo extradit\u00f3 por la ficha de captura internacional de Interpol que solicit\u00f3 la FGR.<\/p>\n<p>De momento no confirmaron si la audiencia ser\u00e1 por videollamada o presencial con el exdirector de Pemex. Aunque el CJF indic\u00f3 que la audiencia ser\u00e1 privada a puerta cerrada, bajo excusa de la pandemia.<\/p>\n<h3>Emilio Lozoya, por primera vez ante el juez.<\/h3>\n<p>Desde que lleg\u00f3 a M\u00e9xico Lozoya no hab\u00eda pisado la prisi\u00f3n, pues lo llevaron al Hospital \u00c1ngeles de Ciudad de M\u00e9xico por un presunto cuadro de anemia.<\/p>\n<p>Hasta la fecha trascendi\u00f3 que ya colabora con la FGR y habl\u00f3 de la presunta participaci\u00f3n de Enrique Pe\u00f1a Nieto, Luis Videgaray, Ricardo Anaya y otros pol\u00edticos en supuestos casos de corrupci\u00f3n.<\/p>\n<p>Por la colaboraci\u00f3n con la FGR esperan que se vuelva Emilio Lozoya testigo protegido y no tenga que terminar preso por los delitos que le acusan.<\/p>\n<p>(PUBLICADO EL 27\/07\/2020)<\/p>\n","protected":false},"excerpt":{"rendered":"<p>CIUDAD DE M\u00c9XICO. MX. \u2014 Ser\u00e1 a las 9:00 horas (tiempo local) cuando iniciar\u00e1 la&#8230;<\/p>\n","protected":false},"author":1,"featured_media":90950,"comment_status":"open","ping_status":"open","sticky":false,"template":"","format":"standard","meta":{"_monsterinsights_skip_tracking":false,"_monsterinsights_sitenote_active":false,"_monsterinsights_sitenote_note":"","_monsterinsights_sitenote_category":0,"footnotes":""},"categories":[5],"tags":[],"class_list":["post"],"yoast_head":" \n<title>Sonora en Equipo. Este martes, Emilio Lozoya estar\u00e1 por primera vez ante el juez Rep\u00fablica<\/title>\n<meta name=\"description\" content=\"CIUDAD DE M\u00c9XICO. MX. \u2014 Ser\u00e1 a las 9:00 horas (tiempo local) cuando iniciar\u00e1 la audiencia inicial contra Lozoya Austin, exdirector de Pemex, por los casos En Sonora en Equipo publicamos toda la informaci\u00f3n de Sonora, M\u00e9xico y el Mundo de manera oportuna y busca que la libertad de expresi\u00f3n sea real. Visita nuestro medio informativo publicado desde Hermosillo, Sonora. %\" \/>\n<meta name=\"robots\" content=\"index, follow, max-snippet:-1, max-image-preview:large, max-video-preview:-1\" \/>\n<link rel=\"canonical\" href=\"https:\/\/www.sonoraenequipo.com.mx\/este-martes-emilio-lozoya-estara-por-primera-vez-ante-el-juez\/\" \/>\n<meta property=\"og:locale\" content=\"es_ES\" \/>\n<meta property=\"og:type\" content=\"article\" \/>\n<meta property=\"og:title\" content=\"Sonora en Equipo. Este martes, Emilio Lozoya estar\u00e1 por primera vez ante el juez Rep\u00fablica\" \/>\n<meta property=\"og:description\" content=\"CIUDAD DE M\u00c9XICO. MX. \u2014 Ser\u00e1 a las 9:00 horas (tiempo local) cuando iniciar\u00e1 la audiencia inicial contra Lozoya Austin, exdirector de Pemex, por los casos En Sonora en Equipo publicamos toda la informaci\u00f3n de Sonora, M\u00e9xico y el Mundo de manera oportuna y busca que la libertad de expresi\u00f3n sea real. Visita nuestro medio informativo publicado desde Hermosillo, Sonora. %\" \/>\n<meta property=\"og:url\" content=\"https:\/\/www.sonoraenequipo.com.mx\/este-martes-emilio-lozoya-estara-por-primera-vez-ante-el-juez\/\" \/>\n<meta property=\"og:site_name\" content=\"Sonora en Equipo.\" \/>\n<meta property=\"article:publisher\" content=\"https:\/\/www.facebook.com\/SonoraEE\/\" \/>\n<meta property=\"article:author\" content=\"https:\/\/www.facebook.com\/SonoraEE\" \/>\n<meta property=\"article:published_time\" content=\"2020-07-28T06:15:05+00:00\" \/>\n<meta property=\"article:modified_time\" content=\"2020-07-28T16:40:33+00:00\" \/>\n<meta property=\"og:image\" content=\"https:\/\/www.sonoraenequipo.com.mx\/storage\/2020\/07\/Emilio_lozoya2707_opt.jpg\" \/>\n\t<meta property=\"og:image:width\" content=\"961\" \/>\n\t<meta property=\"og:image:height\" content=\"528\" \/>\n\t<meta property=\"og:image:type\" content=\"image\/jpeg\" \/>\n<meta name=\"author\" content=\"enequipo\" \/>\n<meta name=\"twitter:card\" content=\"summary_large_image\" \/>\n<meta name=\"twitter:creator\" content=\"@sonoraenequipo\" \/>\n<meta name=\"twitter:site\" content=\"@sonoraenequipo\" \/>\n<meta name=\"twitter:label1\" content=\"Escrito por\" \/>\n\t<meta name=\"twitter:data1\" content=\"enequipo\" \/>\n\t<meta name=\"twitter:label2\" content=\"Tiempo de lectura\" \/>\n\t<meta name=\"twitter:data2\" content=\"1 minuto\" \/>\n<script type=\"application\/ld+json\" class=\"yoast-schema-graph\">{\"@context\":\"https:\/\/schema.org\",\"@graph\":[{\"@type\":\"Article\",\"@id\":\"https:\/\/www.sonoraenequipo.com.mx\/este-martes-emilio-lozoya-estara-por-primera-vez-ante-el-juez\/#article\",\"isPartOf\":{\"@id\":\"https:\/\/www.sonoraenequipo.com.mx\/este-martes-emilio-lozoya-estara-por-primera-vez-ante-el-juez\/\"},\"author\":{\"name\":\"enequipo\",\"@id\":\"https:\/\/www.sonoraenequipo.com.mx\/#\/schema\/person\/50102df0fb23a8fa9e8effad8fa81386\"},\"headline\":\"Este martes, Emilio Lozoya estar\u00e1 por primera vez ante el juez\",\"datePublished\":\"2020-07-28T06:15:05+00:00\",\"dateModified\":\"2020-07-28T16:40:33+00:00\",\"mainEntityOfPage\":{\"@id\":\"https:\/\/www.sonoraenequipo.com.mx\/este-martes-emilio-lozoya-estara-por-primera-vez-ante-el-juez\/\"},\"wordCount\":253,\"commentCount\":0,\"publisher\":{\"@id\":\"https:\/\/www.sonoraenequipo.com.mx\/#organization\"},\"image\":{\"@id\":\"https:\/\/www.sonoraenequipo.com.mx\/este-martes-emilio-lozoya-estara-por-primera-vez-ante-el-juez\/#primaryimage\"},\"thumbnailUrl\":\"https:\/\/www.sonoraenequipo.com.mx\/storage\/2020\/07\/Emilio_lozoya2707_opt.jpg\",\"articleSection\":[\"Rep\u00fablica\"],\"inLanguage\":\"es\",\"potentialAction\":[{\"@type\":\"CommentAction\",\"name\":\"Comment\",\"target\":[\"https:\/\/www.sonoraenequipo.com.mx\/este-martes-emilio-lozoya-estara-por-primera-vez-ante-el-juez\/#respond\"]}]},{\"@type\":\"WebPage\",\"@id\":\"https:\/\/www.sonoraenequipo.com.mx\/este-martes-emilio-lozoya-estara-por-primera-vez-ante-el-juez\/\",\"url\":\"https:\/\/www.sonoraenequipo.com.mx\/este-martes-emilio-lozoya-estara-por-primera-vez-ante-el-juez\/\",\"name\":\"Sonora en Equipo. Este martes, Emilio Lozoya estar\u00e1 por primera vez ante el juez Rep\u00fablica\",\"isPartOf\":{\"@id\":\"https:\/\/www.sonoraenequipo.com.mx\/#website\"},\"primaryImageOfPage\":{\"@id\":\"https:\/\/www.sonoraenequipo.com.mx\/este-martes-emilio-lozoya-estara-por-primera-vez-ante-el-juez\/#primaryimage\"},\"image\":{\"@id\":\"https:\/\/www.sonoraenequipo.com.mx\/este-martes-emilio-lozoya-estara-por-primera-vez-ante-el-juez\/#primaryimage\"},\"thumbnailUrl\":\"https:\/\/www.sonoraenequipo.com.mx\/storage\/2020\/07\/Emilio_lozoya2707_opt.jpg\",\"datePublished\":\"2020-07-28T06:15:05+00:00\",\"dateModified\":\"2020-07-28T16:40:33+00:00\",\"description\":\"CIUDAD DE M\u00c9XICO. MX. \u2014 Ser\u00e1 a las 9:00 horas (tiempo local) cuando iniciar\u00e1 la audiencia inicial contra Lozoya Austin, exdirector de Pemex, por los casos En Sonora en Equipo publicamos toda la informaci\u00f3n de Sonora, M\u00e9xico y el Mundo de manera oportuna y busca que la libertad de expresi\u00f3n sea real. Visita nuestro medio informativo publicado desde Hermosillo, Sonora. %\",\"breadcrumb\":{\"@id\":\"https:\/\/www.sonoraenequipo.com.mx\/este-martes-emilio-lozoya-estara-por-primera-vez-ante-el-juez\/#breadcrumb\"},\"inLanguage\":\"es\",\"potentialAction\":[{\"@type\":\"ReadAction\",\"target\":[\"https:\/\/www.sonoraenequipo.com.mx\/este-martes-emilio-lozoya-estara-por-primera-vez-ante-el-juez\/\"]}]},{\"@type\":\"ImageObject\",\"inLanguage\":\"es\",\"@id\":\"https:\/\/www.sonoraenequipo.com.mx\/este-martes-emilio-lozoya-estara-por-primera-vez-ante-el-juez\/#primaryimage\",\"url\":\"https:\/\/www.sonoraenequipo.com.mx\/storage\/2020\/07\/Emilio_lozoya2707_opt.jpg\",\"contentUrl\":\"https:\/\/www.sonoraenequipo.com.mx\/storage\/2020\/07\/Emilio_lozoya2707_opt.jpg\",\"width\":961,\"height\":528},{\"@type\":\"BreadcrumbList\",\"@id\":\"https:\/\/www.sonoraenequipo.com.mx\/este-martes-emilio-lozoya-estara-por-primera-vez-ante-el-juez\/#breadcrumb\",\"itemListElement\":[{\"@type\":\"ListItem\",\"position\":1,\"name\":\"Portada\",\"item\":\"https:\/\/www.sonoraenequipo.com.mx\/\"},{\"@type\":\"ListItem\",\"position\":2,\"name\":\"Este martes, Emilio Lozoya estar\u00e1 por primera vez ante el juez\"}]},{\"@type\":\"WebSite\",\"@id\":\"https:\/\/www.sonoraenequipo.com.mx\/#website\",\"url\":\"https:\/\/www.sonoraenequipo.com.mx\/\",\"name\":\"Sonora en Equipo.\",\"description\":\"Diario en l\u00ednea con Noticias desde Hermosillo, Sonora\",\"publisher\":{\"@id\":\"https:\/\/www.sonoraenequipo.com.mx\/#organization\"},\"potentialAction\":[{\"@type\":\"SearchAction\",\"target\":{\"@type\":\"EntryPoint\",\"urlTemplate\":\"https:\/\/www.sonoraenequipo.com.mx\/?s={search_term_string}\"},\"query-input\":{\"@type\":\"PropertyValueSpecification\",\"valueRequired\":true,\"valueName\":\"search_term_string\"}}],\"inLanguage\":\"es\"},{\"@type\":\"Organization\",\"@id\":\"https:\/\/www.sonoraenequipo.com.mx\/#organization\",\"name\":\"Sonoraenequipo.com.mx\",\"url\":\"https:\/\/www.sonoraenequipo.com.mx\/\",\"logo\":{\"@type\":\"ImageObject\",\"inLanguage\":\"es\",\"@id\":\"https:\/\/www.sonoraenequipo.com.mx\/#\/schema\/logo\/image\/\",\"url\":\"https:\/\/www.sonoraenequipo.com.mx\/storage\/2019\/01\/sonoraenequipo_opt.png\",\"contentUrl\":\"https:\/\/www.sonoraenequipo.com.mx\/storage\/2019\/01\/sonoraenequipo_opt.png\",\"width\":375,\"height\":125,\"caption\":\"Sonoraenequipo.com.mx\"},\"image\":{\"@id\":\"https:\/\/www.sonoraenequipo.com.mx\/#\/schema\/logo\/image\/\"},\"sameAs\":[\"https:\/\/www.facebook.com\/SonoraEE\/\",\"https:\/\/x.com\/sonoraenequipo\",\"https:\/\/www.youtube.com\/channel\/UC338nW-lPEYmJQs4ZABQ1SQ\"]},{\"@type\":\"Person\",\"@id\":\"https:\/\/www.sonoraenequipo.com.mx\/#\/schema\/person\/50102df0fb23a8fa9e8effad8fa81386\",\"name\":\"enequipo\",\"image\":{\"@type\":\"ImageObject\",\"inLanguage\":\"es\",\"@id\":\"https:\/\/www.sonoraenequipo.com.mx\/#\/schema\/person\/image\/\",\"url\":\"https:\/\/secure.gravatar.com\/avatar\/049821681b589dabc0bc20695993ccebb09f5b5d4d790cd9251b97faac7c652b?s=96&d=blank&r=g\",\"contentUrl\":\"https:\/\/secure.gravatar.com\/avatar\/049821681b589dabc0bc20695993ccebb09f5b5d4d790cd9251b97faac7c652b?s=96&d=blank&r=g\",\"caption\":\"enequipo\"},\"sameAs\":[\"https:\/\/www.facebook.com\/SonoraEE\"]}]}<\/script>\n ","yoast_head_json":{"title":"Sonora en Equipo. Este martes, Emilio Lozoya estar\u00e1 por primera vez ante el juez Rep\u00fablica","description":"CIUDAD DE M\u00c9XICO. MX. \u2014 Ser\u00e1 a las 9:00 horas (tiempo local) cuando iniciar\u00e1 la audiencia inicial contra Lozoya Austin, exdirector de Pemex, por los casos En Sonora en Equipo publicamos toda la informaci\u00f3n de Sonora, M\u00e9xico y el Mundo de manera oportuna y busca que la libertad de expresi\u00f3n sea real. Visita nuestro medio informativo publicado desde Hermosillo, Sonora. %","robots":{"index":"index","follow":"follow","max-snippet":"max-snippet:-1","max-image-preview":"max-image-preview:large","max-video-preview":"max-video-preview:-1"},"canonical":"https:\/\/www.sonoraenequipo.com.mx\/este-martes-emilio-lozoya-estara-por-primera-vez-ante-el-juez\/","og_locale":"es_ES","og_type":"article","og_title":"Sonora en Equipo. Este martes, Emilio Lozoya estar\u00e1 por primera vez ante el juez Rep\u00fablica","og_description":"CIUDAD DE M\u00c9XICO. MX. \u2014 Ser\u00e1 a las 9:00 horas (tiempo local) cuando iniciar\u00e1 la audiencia inicial contra Lozoya Austin, exdirector de Pemex, por los casos En Sonora en Equipo publicamos toda la informaci\u00f3n de Sonora, M\u00e9xico y el Mundo de manera oportuna y busca que la libertad de expresi\u00f3n sea real. Visita nuestro medio informativo publicado desde Hermosillo, Sonora. %","og_url":"https:\/\/www.sonoraenequipo.com.mx\/este-martes-emilio-lozoya-estara-por-primera-vez-ante-el-juez\/","og_site_name":"Sonora en Equipo.","article_publisher":"https:\/\/www.facebook.com\/SonoraEE\/","article_author":"https:\/\/www.facebook.com\/SonoraEE","article_published_time":"2020-07-28T06:15:05+00:00","article_modified_time":"2020-07-28T16:40:33+00:00","og_image":[{"width":961,"height":528,"url":"https:\/\/www.sonoraenequipo.com.mx\/storage\/2020\/07\/Emilio_lozoya2707_opt.jpg","type":"image\/jpeg"}],"author":"enequipo","twitter_card":"summary_large_image","twitter_creator":"@sonoraenequipo","twitter_site":"@sonoraenequipo","twitter_misc":{"Escrito por":"enequipo","Tiempo de lectura":"1 minuto"},"schema":{"@context":"https:\/\/schema.org","@graph":[{"@type":"Article","@id":"https:\/\/www.sonoraenequipo.com.mx\/este-martes-emilio-lozoya-estara-por-primera-vez-ante-el-juez\/#article","isPartOf":{"@id":"https:\/\/www.sonoraenequipo.com.mx\/este-martes-emilio-lozoya-estara-por-primera-vez-ante-el-juez\/"},"author":{"name":"enequipo","@id":"https:\/\/www.sonoraenequipo.com.mx\/#\/schema\/person\/50102df0fb23a8fa9e8effad8fa81386"},"headline":"Este martes, Emilio Lozoya estar\u00e1 por primera vez ante el juez","datePublished":"2020-07-28T06:15:05+00:00","dateModified":"2020-07-28T16:40:33+00:00","mainEntityOfPage":{"@id":"https:\/\/www.sonoraenequipo.com.mx\/este-martes-emilio-lozoya-estara-por-primera-vez-ante-el-juez\/"},"wordCount":253,"commentCount":0,"publisher":{"@id":"https:\/\/www.sonoraenequipo.com.mx\/#organization"},"image":{"@id":"https:\/\/www.sonoraenequipo.com.mx\/este-martes-emilio-lozoya-estara-por-primera-vez-ante-el-juez\/#primaryimage"},"thumbnailUrl":"https:\/\/www.sonoraenequipo.com.mx\/storage\/2020\/07\/Emilio_lozoya2707_opt.jpg","articleSection":["Rep\u00fablica"],"inLanguage":"es","potentialAction":[{"@type":"CommentAction","name":"Comment","target":["https:\/\/www.sonoraenequipo.com.mx\/este-martes-emilio-lozoya-estara-por-primera-vez-ante-el-juez\/#respond"]}]},{"@type":"WebPage","@id":"https:\/\/www.sonoraenequipo.com.mx\/este-martes-emilio-lozoya-estara-por-primera-vez-ante-el-juez\/","url":"https:\/\/www.sonoraenequipo.com.mx\/este-martes-emilio-lozoya-estara-por-primera-vez-ante-el-juez\/","name":"Sonora en Equipo. Este martes, Emilio Lozoya estar\u00e1 por primera vez ante el juez Rep\u00fablica","isPartOf":{"@id":"https:\/\/www.sonoraenequipo.com.mx\/#website"},"primaryImageOfPage":{"@id":"https:\/\/www.sonoraenequipo.com.mx\/este-martes-emilio-lozoya-estara-por-primera-vez-ante-el-juez\/#primaryimage"},"image":{"@id":"https:\/\/www.sonoraenequipo.com.mx\/este-martes-emilio-lozoya-estara-por-primera-vez-ante-el-juez\/#primaryimage"},"thumbnailUrl":"https:\/\/www.sonoraenequipo.com.mx\/storage\/2020\/07\/Emilio_lozoya2707_opt.jpg","datePublished":"2020-07-28T06:15:05+00:00","dateModified":"2020-07-28T16:40:33+00:00","description":"CIUDAD DE M\u00c9XICO. MX. \u2014 Ser\u00e1 a las 9:00 horas (tiempo local) cuando iniciar\u00e1 la audiencia inicial contra Lozoya Austin, exdirector de Pemex, por los casos En Sonora en Equipo publicamos toda la informaci\u00f3n de Sonora, M\u00e9xico y el Mundo de manera oportuna y busca que la libertad de expresi\u00f3n sea real. Visita nuestro medio informativo publicado desde Hermosillo, Sonora. %","breadcrumb":{"@id":"https:\/\/www.sonoraenequipo.com.mx\/este-martes-emilio-lozoya-estara-por-primera-vez-ante-el-juez\/#breadcrumb"},"inLanguage":"es","potentialAction":[{"@type":"ReadAction","target":["https:\/\/www.sonoraenequipo.com.mx\/este-martes-emilio-lozoya-estara-por-primera-vez-ante-el-juez\/"]}]},{"@type":"ImageObject","inLanguage":"es","@id":"https:\/\/www.sonoraenequipo.com.mx\/este-martes-emilio-lozoya-estara-por-primera-vez-ante-el-juez\/#primaryimage","url":"https:\/\/www.sonoraenequipo.com.mx\/storage\/2020\/07\/Emilio_lozoya2707_opt.jpg","contentUrl":"https:\/\/www.sonoraenequipo.com.mx\/storage\/2020\/07\/Emilio_lozoya2707_opt.jpg","width":961,"height":528},{"@type":"BreadcrumbList","@id":"https:\/\/www.sonoraenequipo.com.mx\/este-martes-emilio-lozoya-estara-por-primera-vez-ante-el-juez\/#breadcrumb","itemListElement":[{"@type":"ListItem","position":1,"name":"Portada","item":"https:\/\/www.sonoraenequipo.com.mx\/"},{"@type":"ListItem","position":2,"name":"Este martes, Emilio Lozoya estar\u00e1 por primera vez ante el juez"}]},{"@type":"WebSite","@id":"https:\/\/www.sonoraenequipo.com.mx\/#website","url":"https:\/\/www.sonoraenequipo.com.mx\/","name":"Sonora en Equipo.","description":"Diario en l\u00ednea con Noticias desde Hermosillo, Sonora","publisher":{"@id":"https:\/\/www.sonoraenequipo.com.mx\/#organization"},"potentialAction":[{"@type":"SearchAction","target":{"@type":"EntryPoint","urlTemplate":"https:\/\/www.sonoraenequipo.com.mx\/?s={search_term_string}"},"query-input":{"@type":"PropertyValueSpecification","valueRequired":true,"valueName":"search_term_string"}}],"inLanguage":"es"},{"@type":"Organization","@id":"https:\/\/www.sonoraenequipo.com.mx\/#organization","name":"Sonoraenequipo.com.mx","url":"https:\/\/www.sonoraenequipo.com.mx\/","logo":{"@type":"ImageObject","inLanguage":"es","@id":"https:\/\/www.sonoraenequipo.com.mx\/#\/schema\/logo\/image\/","url":"https:\/\/www.sonoraenequipo.com.mx\/storage\/2019\/01\/sonoraenequipo_opt.png","contentUrl":"https:\/\/www.sonoraenequipo.com.mx\/storage\/2019\/01\/sonoraenequipo_opt.png","width":375,"height":125,"caption":"Sonoraenequipo.com.mx"},"image":{"@id":"https:\/\/www.sonoraenequipo.com.mx\/#\/schema\/logo\/image\/"},"sameAs":["https:\/\/www.facebook.com\/SonoraEE\/","https:\/\/x.com\/sonoraenequipo","https:\/\/www.youtube.com\/channel\/UC338nW-lPEYmJQs4ZABQ1SQ"]},{"@type":"Person","@id":"https:\/\/www.sonoraenequipo.com.mx\/#\/schema\/person\/50102df0fb23a8fa9e8effad8fa81386","name":"enequipo","image":{"@type":"ImageObject","inLanguage":"es","@id":"https:\/\/www.sonoraenequipo.com.mx\/#\/schema\/person\/image\/","url":"https:\/\/secure.gravatar.com\/avatar\/049821681b589dabc0bc20695993ccebb09f5b5d4d790cd9251b97faac7c652b?s=96&d=blank&r=g","contentUrl":"https:\/\/secure.gravatar.com\/avatar\/049821681b589dabc0bc20695993ccebb09f5b5d4d790cd9251b97faac7c652b?s=96&d=blank&r=g","caption":"enequipo"},"sameAs":["https:\/\/www.facebook.com\/SonoraEE"]}]}},"jetpack_featured_media_url":"https:\/\/www.sonoraenequipo.com.mx\/storage\/2020\/07\/Emilio_lozoya2707_opt.jpg","_links":{"self":[{"href":"https:\/\/www.sonoraenequipo.com.mx\/api\/wp\/v2\/posts\/90949","targetHints":{"allow":["GET"]}}],"collection":[{"href":"https:\/\/www.sonoraenequipo.com.mx\/api\/wp\/v2\/posts"}],"about":[{"href":"https:\/\/www.sonoraenequipo.com.mx\/api\/wp\/v2\/types\/post"}],"author":[{"embeddable":true,"href":"https:\/\/www.sonoraenequipo.com.mx\/api\/wp\/v2\/users\/1"}],"replies":[{"embeddable":true,"href":"https:\/\/www.sonoraenequipo.com.mx\/api\/wp\/v2\/comments?post=90949"}],"version-history":[{"count":0,"href":"https:\/\/www.sonoraenequipo.com.mx\/api\/wp\/v2\/posts\/90949\/revisions"}],"wp:featuredmedia":[{"embeddable":true,"href":"https:\/\/www.sonoraenequipo.com.mx\/api\/wp\/v2\/media\/90950"}],"wp:attachment":[{"href":"https:\/\/www.sonoraenequipo.com.mx\/api\/wp\/v2\/media?parent=90949"}],"wp:term":[{"taxonomy":"category","embeddable":true,"href":"https:\/\/www.sonoraenequipo.com.mx\/api\/wp\/v2\/categories?post=90949"},{"taxonomy":"post_tag","embeddable":true,"href":"https:\/\/www.sonoraenequipo.com.mx\/api\/wp\/v2\/tags?post=90949"}],"curies":[{"name":"wp","href":"https:\/\/api.w.org\/{rel}","templated":true}]}}