{"id":90954,"date":"2020-07-27T14:32:00","date_gmt":"2020-07-27T21:32:00","guid":{"rendered":"https:\/\/www.sonoraenequipo.com.mx\/?p=90954"},"modified":"2020-07-27T20:35:32","modified_gmt":"2020-07-28T03:35:32","slug":"el-famoso-conejo-celebro-80-anos-y-sigue-tan-vivo-como-siempre","status":"publish","type":"post","link":"https:\/\/www.sonoraenequipo.com.mx\/el-famoso-conejo-celebro-80-anos-y-sigue-tan-vivo-como-siempre\/","title":{"rendered":"El famoso conejo celebr\u00f3 80 a\u00f1os y sigue tan vivo como siempre"},"content":{"rendered":"<p>CIUDAD DE M\u00c9XICO. MX. \u2014 Una criatura de animaci\u00f3n que ha cosechado varios logros y honores: tiene su propia estrella en el Paseo de la Fama (fue el primer animal, junto a Mickey, en obtenerla); es el noveno personaje cinematogr\u00e1fico m\u00e1s retratado, seg\u00fan el Libro Guinness de los R\u00e9cords, y en 2013 se convirti\u00f3 en el personaje animado en aparecer en m\u00e1s pel\u00edculas (175).<\/p>\n<p>&nbsp;<\/p>\n<p> <\/p>\n<p>&nbsp;<\/p>\n<p>Ahora, el famoso conejo celebra su 80 cumplea\u00f1os, tan vivo como siempre, convertido en uno de esos personajes transgeneracionales que nunca pasan de moda. As\u00ed es: ocho d\u00e9cadas en las que varias generaciones han convivido con ese<em> \u201c\u00bfQu\u00e9 pasa, Doc?\u201d.<\/em><\/p>\n<p>&nbsp;<\/p>\n<p>Bugs Bunny pronunci\u00f3 esa c\u00e9lebre frase casi desde su mismo <em>\u201cnacimiento\u201d.<\/em> Porque en su primera aparici\u00f3n en un corto propio, emergi\u00f3 de su madriguera para decirle esas palabras, \u201c<em>\u00bfQu\u00e9 hay de nuevo, Doc?\u201d<\/em>, a Elmer Gru\u00f1\u00f3n. Era la primera vez, tambi\u00e9n, que cazador y conejo se ve\u00edan las caras.<\/p>\n<p>&nbsp;<\/p>\n<p>&nbsp;<\/p>\n<p>A\u00fan as\u00ed, Bugs Bunny ya hab\u00eda hecho sus pinitos en el mundo de la animaci\u00f3n un par de a\u00f1os antes, solo que con otro nombre, Happy Rabbit, el Conejo de la Suerte. Por eso, su aniversario se celebra cuando la criatura dise\u00f1ada por Tex Avery debuta como protagonista el 27 de julio de 1940 en \u201cA wild hare\u201d.<\/p>\n<p>&nbsp;<\/p>\n<p>&nbsp;<\/p>\n<p>Desde entonces, su popularidad no hizo sino aumentar, y termin\u00f3 siendo la estrella principal de la serie \u201cMerrie Melodies\u201d, pese a que inicialmente estaba pensada para que cada personaje apareciera una \u00fanica vez, y posteriormente de los \u201cLooney Tunes\u201d. Y es que la personalidad desafiante y burlona de Bugs, cautiv\u00f3 al p\u00fablico.<\/p>\n<p>&nbsp;<\/p>\n<p>&nbsp;<\/p>\n<p>El carism\u00e1tico conejo debe este exitoso genio a varias inspiraciones, entre ellas la del rey de la comedia Charles Chaplin, en quien inspiraron el car\u00e1cter de Bugs Bunny y muchas de sus posturas. Asimismo, su cl\u00e1sica pose con la zanahoria es un gui\u00f1o a la que Clark Gable interpret\u00f3 en una escena de<em> \u201cIt Happened One Night\u201d<\/em> (1934).<\/p>\n<p>&nbsp;<\/p>\n<p>&nbsp;<\/p>\n<p>Bugs bebe tambi\u00e9n de otro maestro del humor, Groucho Marx, a quien pertenecen algunos gestos del conejo o la frase \u201c\u00a1por supuesto, que sepas que esto significa guerra!\u201d que Bugs ha pronunciado en tantas ocasiones, adaptada tambi\u00e9n a \u201cque sepas que esto no va a quedar as\u00ed\u201d.<\/p>\n<p>&nbsp;<\/p>\n<p>El personaje, aunque caricatura y animal, est\u00e1 tan humanizado que, incluso, tiene todo tipo de relaciones: enemigos, una mejor amistad con el Pato Lucas (quien empez\u00f3 siendo tambi\u00e9n un rival), y hasta vive su propio romance con Lola Bunny, la hero\u00edna femenina del filme de 1996 \u201cSpace Jam\u201d; quien, adem\u00e1s, fue una revoluci\u00f3n feminista e inspir\u00f3 a las ni\u00f1as con el deporte y con su frase tambi\u00e9n c\u00e9lebre: \u201cno me llames mu\u00f1eca\u201d.<\/p>\n<p>&nbsp;<\/p>\n<p>Mucho antes de eso, durante la Segunda Guerra Mundial, el cada vez m\u00e1s archiconocido y entonces solitario conejo, se enfrent\u00f3 en la animaci\u00f3n a los principales adversarios de Estados Unidos como Adolf Hitler o Hermann Goering, y el ej\u00e9rcito japon\u00e9s. E, incluso, lleg\u00f3 a vestir en un corto el uniforme de los marines, lo que le vali\u00f3 que este cuerpo militar le convirtiera en marine honorario. Tambi\u00e9n fue usado como mascota de varios escuadrones de las fuerzas a\u00e9reas estadounidenses.<\/p>\n<p>&nbsp;<\/p>\n<p>Tras esta \u00e9poca, Bugs sigui\u00f3 protagonizando y apareciendo en innumerables cortos de los \u201cLooney Tunes\u201d, como \u201cKnighty Knight Bugs\u201d, que gan\u00f3 un Oscar en 1958. Otros cortometrajes suyos que obtuvieron nominaciones a la estatuilla dorada fueron \u201cA Wild Hare\u201d (1940), \u201cRabbit Hunt\u201d (1941) y \u201cRhapsody Rabbit\u201d (1946).<\/p>\n<p>&nbsp;<\/p>\n<p>Tambi\u00e9n fue presentador de su propio programa, \u201cThe Bugs Bunny Show\u201d (1960-2000), que agrupaba cap\u00edtulos antiguos y nuevos de la saga. Adem\u00e1s, el conejo ha hecho apariciones y cameos en multitud de programas y series derivadas.<\/p>\n<p>&nbsp;<\/p>\n<p>En los a\u00f1os noventa ayud\u00f3 a concienciar contra las drogas en un vIdeo de 1990, \u201cCartoon All-Stars to the Rescue\u201d. M\u00e1s adelante, en la d\u00e9cada de los 2000, protagoniz\u00f3 otras series, como \u201cBaby Looney Tunes\u201d (desde 2003), y \u201cLoonatics\u201d (desde 2006).<\/p>\n<p>&nbsp;<\/p>\n<p>En 2002, de hecho, Bugs Bunny lider\u00f3 la lista de los 50 dibujos animados m\u00e1s famosos de todos los tiempos elaborada por TV Guide. El conejo ocup\u00f3 el primer puesto junto a Mickey Mouse, aunque ya hab\u00eda \u201csuperado\u201d al rat\u00f3n de Disney en un logro cuando, en 1997, se convirti\u00f3 en la primera caricatura de animaci\u00f3n en aparecer en un sello de correos estadounidense.<\/p>\n<p>&nbsp;<\/p>\n<p>Adem\u00e1s, Bugs ha sido tambi\u00e9n \u201cactor\u201d de cine, e incluso lleg\u00f3 a aparecer en una pel\u00edcula de Disney (s\u00ed, junto al archiconocido rat\u00f3n), \u201cWho Framed Roger Rabbit\u201d en 1988. Tambi\u00e9n protagoniz\u00f3 junto a Michael Jordan la pel\u00edcula \u201cSpace Jam\u201d (1996), donde se encontr\u00f3 con Lola Bunny, y el largometraje \u201cLooney Tunes: Back in Action\u201d (2003).<\/p>\n<p>&nbsp;<\/p>\n<p>En la \u00faltima d\u00e9cada, el show en el que m\u00e1s popular se hizo, volvi\u00f3 a nacer en una nueva versi\u00f3n, \u201cThe Looney Tunes Show\u201d en 2011. Y en 2015 y con una nueva imagen protagoniz\u00f3 otra serie de televisi\u00f3n, \u201cWabbit\u201d, posteriormente conocida como \u201cNew Looney Tunes\u201d y la pel\u00edcula \u201cLooney Tunes: Rabbits Run\u201c.<\/p>\n<p>&nbsp;<\/p>\n<p>Asimismo, ha aparecido en un largo n\u00famero de videojuegos como \u201cBugs Bunny: Rabbit Rampage\u201d, \u201cLooney Tunes: Space Race\u201d, \u201cLooney Tunes B-Ball\u201d, \u201cBugs Bunny &amp; Taz Time Busters\u201d, \u201cLooney Tunes Racing\u201d, \u201cBugs Bunny Birthday Blowout\u201d, \u201cLooney Tones: Dash\u201d, \u201cScooby Doo &amp; Looney Tunes: Cartoon Universe\u201d, \u201cLoons: The Fight for Fame\u201d, \u201cLooney Tunes World of Mayhem.\u201d \u201cBugs Bunny: Lost in Time\u201d, \u201cLooney Tunes: Acme Arsenal\u201d o la serie de juegos \u201cBugs Bunny\u2019s Crazy Castle\u201d.<\/p>\n<p>&nbsp;<\/p>\n<p>Curiosamente, Bugs Bunny ha recibido, incluso, algunas alabanzas dentro de la comunidad LGTB y concretamente de la gente transg\u00e9nero, por su tendencia a aparecer vestido de personajes femeninos. Porque, si bien este colectivo considera necesaria e ideal una representaci\u00f3n de personajes propiamente \u201ctrans\u201d (interpretados a ser posible por actores tambi\u00e9n transg\u00e9nero si son obras de \u201clive action\u201d), esos referentes no abundan.<\/p>\n<p>&nbsp;<\/p>\n<p>&nbsp;<\/p>\n<p>Y m\u00e1s en la \u00e9poca de historiadoras como Susan Stryker, mujer transg\u00e9nero que, en el documental <em>\u201cDisclosure\u201d<\/em> de Netflix (que reflexiona sobre la imagen de las personas <em>\u201ctrans\u201d<\/em> en el cine y la televisi\u00f3n), afirm\u00f3: \u201cCrec\u00ed en los sesenta y vi cantidad de programas de televisi\u00f3n y pel\u00edculas. La \u00fanica representaci\u00f3n positiva que vi de algo \u2018<em>trans\u2019 fue Bugs Bunny\u201d.<\/em><\/p>\n<p>&nbsp;<\/p>\n<p>En la misma l\u00ednea se pronunci\u00f3 Lilly Wachowski, una de las directoras de la saga \u201cMatrix\u201d, que confes\u00f3 que el conejo la inspir\u00f3 en su transici\u00f3n gracias a su rol de \u201cBrunilda\u201d en el cortometraje \u201c<em>What\u2019s Opera, Doc?\u201d (1957). \u201cEl personaje era para m\u00ed m\u00e1s accesible cuando yo era peque\u00f1a\u201d<\/em> dijo, y afirm\u00f3 que \u201c<em>Bugs Bunny se ve\u00eda muy linda (como Brunilda), me gustaba esa parte\u201d.<\/em><\/p>\n<p>&nbsp;<\/p>\n<p>En la actualidad, el conejo sigue m\u00e1s vivo que nunca tambi\u00e9n gracias a los \u201cmemes\u201d. Y es que son varias im\u00e1genes en clave de humor las que el conejo protagoniza en redes sociales, una de ellas para responder <em>\u201cno\u201d<\/em> a algo (del corto <em>\u201cThe Big Snooze\u201d<\/em> de 1946), otra del corto \u201c<em>Bugs Bunny in King Arthur\u2019s Court\u201d<\/em> para expresar aburrimiento, y una modificada para incluir la hoz comunista y la frase \u201ctenemos\u201d (para expresar pluralidad compartida en algo aparentemente individual) que pertenece, precisamente, a ese corto que cumple 80 a\u00f1os, \u201cA Wild Hare\u201d.<\/p>\n<p>&nbsp;<\/p>\n<p>As\u00ed pues, Bugs Bunny cumple 80 a\u00f1os m\u00e1s joven que nunca. Porque sigue llamando <em>\u201cviejo\u201d<\/em> a todo aquel al que saluda aunque \u00e9l se vaya acercando, poco a poco, al siglo de antig\u00fcedad. Por lo que, ya saben: <em>\u201cWhat\u2019s up, Doc?\u201d<\/em> es una frase inmortal de una estrella octogenaria y perenne.<\/p>\n<p>&nbsp;<\/p>\n<p>(PUBLICADO EL 27\/07\/2020 \/ Fuente: Z\u00d3CALO )<\/p>\n","protected":false},"excerpt":{"rendered":"<p>CIUDAD DE M\u00c9XICO. MX. \u2014 Una criatura de animaci\u00f3n que ha cosechado varios logros y&#8230;<\/p>\n","protected":false},"author":1,"featured_media":90956,"comment_status":"open","ping_status":"open","sticky":false,"template":"","format":"standard","meta":{"_monsterinsights_skip_tracking":false,"_monsterinsights_sitenote_active":false,"_monsterinsights_sitenote_note":"","_monsterinsights_sitenote_category":0,"footnotes":""},"categories":[2987],"tags":[],"class_list":["post"],"yoast_head":" \n<title>Sonora en Equipo. El famoso conejo celebr\u00f3 80 a\u00f1os y sigue tan vivo como siempre Showbiz<\/title>\n<meta name=\"description\" content=\"CIUDAD DE M\u00c9XICO. MX. \u2014 Una criatura de animaci\u00f3n que ha cosechado varios logros y honores: tiene su propia estrella en el Paseo de la Fama (fue el primer En Sonora en Equipo publicamos toda la informaci\u00f3n de Sonora, M\u00e9xico y el Mundo de manera oportuna y busca que la libertad de expresi\u00f3n sea real. Visita nuestro medio informativo publicado desde Hermosillo, Sonora. %\" \/>\n<meta name=\"robots\" content=\"index, follow, max-snippet:-1, max-image-preview:large, max-video-preview:-1\" \/>\n<link rel=\"canonical\" href=\"https:\/\/www.sonoraenequipo.com.mx\/el-famoso-conejo-celebro-80-anos-y-sigue-tan-vivo-como-siempre\/\" \/>\n<meta property=\"og:locale\" content=\"es_ES\" \/>\n<meta property=\"og:type\" content=\"article\" \/>\n<meta property=\"og:title\" content=\"Sonora en Equipo. El famoso conejo celebr\u00f3 80 a\u00f1os y sigue tan vivo como siempre Showbiz\" \/>\n<meta property=\"og:description\" content=\"CIUDAD DE M\u00c9XICO. MX. \u2014 Una criatura de animaci\u00f3n que ha cosechado varios logros y honores: tiene su propia estrella en el Paseo de la Fama (fue el primer En Sonora en Equipo publicamos toda la informaci\u00f3n de Sonora, M\u00e9xico y el Mundo de manera oportuna y busca que la libertad de expresi\u00f3n sea real. Visita nuestro medio informativo publicado desde Hermosillo, Sonora. %\" \/>\n<meta property=\"og:url\" content=\"https:\/\/www.sonoraenequipo.com.mx\/el-famoso-conejo-celebro-80-anos-y-sigue-tan-vivo-como-siempre\/\" \/>\n<meta property=\"og:site_name\" content=\"Sonora en Equipo.\" \/>\n<meta property=\"article:publisher\" content=\"https:\/\/www.facebook.com\/SonoraEE\/\" \/>\n<meta property=\"article:author\" content=\"https:\/\/www.facebook.com\/SonoraEE\" \/>\n<meta property=\"article:published_time\" content=\"2020-07-27T21:32:00+00:00\" \/>\n<meta property=\"article:modified_time\" content=\"2020-07-28T03:35:32+00:00\" \/>\n<meta property=\"og:image\" content=\"https:\/\/www.sonoraenequipo.com.mx\/storage\/2020\/07\/Captura-de-pantalla_opt.jpg\" \/>\n\t<meta property=\"og:image:width\" content=\"683\" \/>\n\t<meta property=\"og:image:height\" content=\"350\" \/>\n\t<meta property=\"og:image:type\" content=\"image\/jpeg\" \/>\n<meta name=\"author\" content=\"enequipo\" \/>\n<meta name=\"twitter:card\" content=\"summary_large_image\" \/>\n<meta name=\"twitter:creator\" content=\"@sonoraenequipo\" \/>\n<meta name=\"twitter:site\" content=\"@sonoraenequipo\" \/>\n<meta name=\"twitter:label1\" content=\"Escrito por\" \/>\n\t<meta name=\"twitter:data1\" content=\"enequipo\" \/>\n\t<meta name=\"twitter:label2\" content=\"Tiempo de lectura\" \/>\n\t<meta name=\"twitter:data2\" content=\"7 minutos\" \/>\n<script type=\"application\/ld+json\" class=\"yoast-schema-graph\">{\"@context\":\"https:\/\/schema.org\",\"@graph\":[{\"@type\":\"Article\",\"@id\":\"https:\/\/www.sonoraenequipo.com.mx\/el-famoso-conejo-celebro-80-anos-y-sigue-tan-vivo-como-siempre\/#article\",\"isPartOf\":{\"@id\":\"https:\/\/www.sonoraenequipo.com.mx\/el-famoso-conejo-celebro-80-anos-y-sigue-tan-vivo-como-siempre\/\"},\"author\":{\"name\":\"enequipo\",\"@id\":\"https:\/\/www.sonoraenequipo.com.mx\/#\/schema\/person\/50102df0fb23a8fa9e8effad8fa81386\"},\"headline\":\"El famoso conejo celebr\u00f3 80 a\u00f1os y sigue tan vivo como siempre\",\"datePublished\":\"2020-07-27T21:32:00+00:00\",\"dateModified\":\"2020-07-28T03:35:32+00:00\",\"mainEntityOfPage\":{\"@id\":\"https:\/\/www.sonoraenequipo.com.mx\/el-famoso-conejo-celebro-80-anos-y-sigue-tan-vivo-como-siempre\/\"},\"wordCount\":1323,\"commentCount\":0,\"publisher\":{\"@id\":\"https:\/\/www.sonoraenequipo.com.mx\/#organization\"},\"image\":{\"@id\":\"https:\/\/www.sonoraenequipo.com.mx\/el-famoso-conejo-celebro-80-anos-y-sigue-tan-vivo-como-siempre\/#primaryimage\"},\"thumbnailUrl\":\"https:\/\/www.sonoraenequipo.com.mx\/storage\/2020\/07\/Captura-de-pantalla_opt.jpg\",\"articleSection\":[\"Showbiz\"],\"inLanguage\":\"es\",\"potentialAction\":[{\"@type\":\"CommentAction\",\"name\":\"Comment\",\"target\":[\"https:\/\/www.sonoraenequipo.com.mx\/el-famoso-conejo-celebro-80-anos-y-sigue-tan-vivo-como-siempre\/#respond\"]}]},{\"@type\":\"WebPage\",\"@id\":\"https:\/\/www.sonoraenequipo.com.mx\/el-famoso-conejo-celebro-80-anos-y-sigue-tan-vivo-como-siempre\/\",\"url\":\"https:\/\/www.sonoraenequipo.com.mx\/el-famoso-conejo-celebro-80-anos-y-sigue-tan-vivo-como-siempre\/\",\"name\":\"Sonora en Equipo. El famoso conejo celebr\u00f3 80 a\u00f1os y sigue tan vivo como siempre Showbiz\",\"isPartOf\":{\"@id\":\"https:\/\/www.sonoraenequipo.com.mx\/#website\"},\"primaryImageOfPage\":{\"@id\":\"https:\/\/www.sonoraenequipo.com.mx\/el-famoso-conejo-celebro-80-anos-y-sigue-tan-vivo-como-siempre\/#primaryimage\"},\"image\":{\"@id\":\"https:\/\/www.sonoraenequipo.com.mx\/el-famoso-conejo-celebro-80-anos-y-sigue-tan-vivo-como-siempre\/#primaryimage\"},\"thumbnailUrl\":\"https:\/\/www.sonoraenequipo.com.mx\/storage\/2020\/07\/Captura-de-pantalla_opt.jpg\",\"datePublished\":\"2020-07-27T21:32:00+00:00\",\"dateModified\":\"2020-07-28T03:35:32+00:00\",\"description\":\"CIUDAD DE M\u00c9XICO. MX. \u2014 Una criatura de animaci\u00f3n que ha cosechado varios logros y honores: tiene su propia estrella en el Paseo de la Fama (fue el primer En Sonora en Equipo publicamos toda la informaci\u00f3n de Sonora, M\u00e9xico y el Mundo de manera oportuna y busca que la libertad de expresi\u00f3n sea real. Visita nuestro medio informativo publicado desde Hermosillo, Sonora. %\",\"breadcrumb\":{\"@id\":\"https:\/\/www.sonoraenequipo.com.mx\/el-famoso-conejo-celebro-80-anos-y-sigue-tan-vivo-como-siempre\/#breadcrumb\"},\"inLanguage\":\"es\",\"potentialAction\":[{\"@type\":\"ReadAction\",\"target\":[\"https:\/\/www.sonoraenequipo.com.mx\/el-famoso-conejo-celebro-80-anos-y-sigue-tan-vivo-como-siempre\/\"]}]},{\"@type\":\"ImageObject\",\"inLanguage\":\"es\",\"@id\":\"https:\/\/www.sonoraenequipo.com.mx\/el-famoso-conejo-celebro-80-anos-y-sigue-tan-vivo-como-siempre\/#primaryimage\",\"url\":\"https:\/\/www.sonoraenequipo.com.mx\/storage\/2020\/07\/Captura-de-pantalla_opt.jpg\",\"contentUrl\":\"https:\/\/www.sonoraenequipo.com.mx\/storage\/2020\/07\/Captura-de-pantalla_opt.jpg\",\"width\":683,\"height\":350},{\"@type\":\"BreadcrumbList\",\"@id\":\"https:\/\/www.sonoraenequipo.com.mx\/el-famoso-conejo-celebro-80-anos-y-sigue-tan-vivo-como-siempre\/#breadcrumb\",\"itemListElement\":[{\"@type\":\"ListItem\",\"position\":1,\"name\":\"Portada\",\"item\":\"https:\/\/www.sonoraenequipo.com.mx\/\"},{\"@type\":\"ListItem\",\"position\":2,\"name\":\"El famoso conejo celebr\u00f3 80 a\u00f1os y sigue tan vivo como siempre\"}]},{\"@type\":\"WebSite\",\"@id\":\"https:\/\/www.sonoraenequipo.com.mx\/#website\",\"url\":\"https:\/\/www.sonoraenequipo.com.mx\/\",\"name\":\"Sonora en Equipo.\",\"description\":\"Diario en l\u00ednea con Noticias desde Hermosillo, Sonora\",\"publisher\":{\"@id\":\"https:\/\/www.sonoraenequipo.com.mx\/#organization\"},\"potentialAction\":[{\"@type\":\"SearchAction\",\"target\":{\"@type\":\"EntryPoint\",\"urlTemplate\":\"https:\/\/www.sonoraenequipo.com.mx\/?s={search_term_string}\"},\"query-input\":{\"@type\":\"PropertyValueSpecification\",\"valueRequired\":true,\"valueName\":\"search_term_string\"}}],\"inLanguage\":\"es\"},{\"@type\":\"Organization\",\"@id\":\"https:\/\/www.sonoraenequipo.com.mx\/#organization\",\"name\":\"Sonoraenequipo.com.mx\",\"url\":\"https:\/\/www.sonoraenequipo.com.mx\/\",\"logo\":{\"@type\":\"ImageObject\",\"inLanguage\":\"es\",\"@id\":\"https:\/\/www.sonoraenequipo.com.mx\/#\/schema\/logo\/image\/\",\"url\":\"https:\/\/www.sonoraenequipo.com.mx\/storage\/2019\/01\/sonoraenequipo_opt.png\",\"contentUrl\":\"https:\/\/www.sonoraenequipo.com.mx\/storage\/2019\/01\/sonoraenequipo_opt.png\",\"width\":375,\"height\":125,\"caption\":\"Sonoraenequipo.com.mx\"},\"image\":{\"@id\":\"https:\/\/www.sonoraenequipo.com.mx\/#\/schema\/logo\/image\/\"},\"sameAs\":[\"https:\/\/www.facebook.com\/SonoraEE\/\",\"https:\/\/x.com\/sonoraenequipo\",\"https:\/\/www.youtube.com\/channel\/UC338nW-lPEYmJQs4ZABQ1SQ\"]},{\"@type\":\"Person\",\"@id\":\"https:\/\/www.sonoraenequipo.com.mx\/#\/schema\/person\/50102df0fb23a8fa9e8effad8fa81386\",\"name\":\"enequipo\",\"image\":{\"@type\":\"ImageObject\",\"inLanguage\":\"es\",\"@id\":\"https:\/\/www.sonoraenequipo.com.mx\/#\/schema\/person\/image\/\",\"url\":\"https:\/\/secure.gravatar.com\/avatar\/049821681b589dabc0bc20695993ccebb09f5b5d4d790cd9251b97faac7c652b?s=96&d=blank&r=g\",\"contentUrl\":\"https:\/\/secure.gravatar.com\/avatar\/049821681b589dabc0bc20695993ccebb09f5b5d4d790cd9251b97faac7c652b?s=96&d=blank&r=g\",\"caption\":\"enequipo\"},\"sameAs\":[\"https:\/\/www.facebook.com\/SonoraEE\"]}]}<\/script>\n ","yoast_head_json":{"title":"Sonora en Equipo. El famoso conejo celebr\u00f3 80 a\u00f1os y sigue tan vivo como siempre Showbiz","description":"CIUDAD DE M\u00c9XICO. MX. \u2014 Una criatura de animaci\u00f3n que ha cosechado varios logros y honores: tiene su propia estrella en el Paseo de la Fama (fue el primer En Sonora en Equipo publicamos toda la informaci\u00f3n de Sonora, M\u00e9xico y el Mundo de manera oportuna y busca que la libertad de expresi\u00f3n sea real. Visita nuestro medio informativo publicado desde Hermosillo, Sonora. %","robots":{"index":"index","follow":"follow","max-snippet":"max-snippet:-1","max-image-preview":"max-image-preview:large","max-video-preview":"max-video-preview:-1"},"canonical":"https:\/\/www.sonoraenequipo.com.mx\/el-famoso-conejo-celebro-80-anos-y-sigue-tan-vivo-como-siempre\/","og_locale":"es_ES","og_type":"article","og_title":"Sonora en Equipo. El famoso conejo celebr\u00f3 80 a\u00f1os y sigue tan vivo como siempre Showbiz","og_description":"CIUDAD DE M\u00c9XICO. MX. \u2014 Una criatura de animaci\u00f3n que ha cosechado varios logros y honores: tiene su propia estrella en el Paseo de la Fama (fue el primer En Sonora en Equipo publicamos toda la informaci\u00f3n de Sonora, M\u00e9xico y el Mundo de manera oportuna y busca que la libertad de expresi\u00f3n sea real. Visita nuestro medio informativo publicado desde Hermosillo, Sonora. %","og_url":"https:\/\/www.sonoraenequipo.com.mx\/el-famoso-conejo-celebro-80-anos-y-sigue-tan-vivo-como-siempre\/","og_site_name":"Sonora en Equipo.","article_publisher":"https:\/\/www.facebook.com\/SonoraEE\/","article_author":"https:\/\/www.facebook.com\/SonoraEE","article_published_time":"2020-07-27T21:32:00+00:00","article_modified_time":"2020-07-28T03:35:32+00:00","og_image":[{"width":683,"height":350,"url":"https:\/\/www.sonoraenequipo.com.mx\/storage\/2020\/07\/Captura-de-pantalla_opt.jpg","type":"image\/jpeg"}],"author":"enequipo","twitter_card":"summary_large_image","twitter_creator":"@sonoraenequipo","twitter_site":"@sonoraenequipo","twitter_misc":{"Escrito por":"enequipo","Tiempo de lectura":"7 minutos"},"schema":{"@context":"https:\/\/schema.org","@graph":[{"@type":"Article","@id":"https:\/\/www.sonoraenequipo.com.mx\/el-famoso-conejo-celebro-80-anos-y-sigue-tan-vivo-como-siempre\/#article","isPartOf":{"@id":"https:\/\/www.sonoraenequipo.com.mx\/el-famoso-conejo-celebro-80-anos-y-sigue-tan-vivo-como-siempre\/"},"author":{"name":"enequipo","@id":"https:\/\/www.sonoraenequipo.com.mx\/#\/schema\/person\/50102df0fb23a8fa9e8effad8fa81386"},"headline":"El famoso conejo celebr\u00f3 80 a\u00f1os y sigue tan vivo como siempre","datePublished":"2020-07-27T21:32:00+00:00","dateModified":"2020-07-28T03:35:32+00:00","mainEntityOfPage":{"@id":"https:\/\/www.sonoraenequipo.com.mx\/el-famoso-conejo-celebro-80-anos-y-sigue-tan-vivo-como-siempre\/"},"wordCount":1323,"commentCount":0,"publisher":{"@id":"https:\/\/www.sonoraenequipo.com.mx\/#organization"},"image":{"@id":"https:\/\/www.sonoraenequipo.com.mx\/el-famoso-conejo-celebro-80-anos-y-sigue-tan-vivo-como-siempre\/#primaryimage"},"thumbnailUrl":"https:\/\/www.sonoraenequipo.com.mx\/storage\/2020\/07\/Captura-de-pantalla_opt.jpg","articleSection":["Showbiz"],"inLanguage":"es","potentialAction":[{"@type":"CommentAction","name":"Comment","target":["https:\/\/www.sonoraenequipo.com.mx\/el-famoso-conejo-celebro-80-anos-y-sigue-tan-vivo-como-siempre\/#respond"]}]},{"@type":"WebPage","@id":"https:\/\/www.sonoraenequipo.com.mx\/el-famoso-conejo-celebro-80-anos-y-sigue-tan-vivo-como-siempre\/","url":"https:\/\/www.sonoraenequipo.com.mx\/el-famoso-conejo-celebro-80-anos-y-sigue-tan-vivo-como-siempre\/","name":"Sonora en Equipo. El famoso conejo celebr\u00f3 80 a\u00f1os y sigue tan vivo como siempre Showbiz","isPartOf":{"@id":"https:\/\/www.sonoraenequipo.com.mx\/#website"},"primaryImageOfPage":{"@id":"https:\/\/www.sonoraenequipo.com.mx\/el-famoso-conejo-celebro-80-anos-y-sigue-tan-vivo-como-siempre\/#primaryimage"},"image":{"@id":"https:\/\/www.sonoraenequipo.com.mx\/el-famoso-conejo-celebro-80-anos-y-sigue-tan-vivo-como-siempre\/#primaryimage"},"thumbnailUrl":"https:\/\/www.sonoraenequipo.com.mx\/storage\/2020\/07\/Captura-de-pantalla_opt.jpg","datePublished":"2020-07-27T21:32:00+00:00","dateModified":"2020-07-28T03:35:32+00:00","description":"CIUDAD DE M\u00c9XICO. MX. \u2014 Una criatura de animaci\u00f3n que ha cosechado varios logros y honores: tiene su propia estrella en el Paseo de la Fama (fue el primer En Sonora en Equipo publicamos toda la informaci\u00f3n de Sonora, M\u00e9xico y el Mundo de manera oportuna y busca que la libertad de expresi\u00f3n sea real. Visita nuestro medio informativo publicado desde Hermosillo, Sonora. %","breadcrumb":{"@id":"https:\/\/www.sonoraenequipo.com.mx\/el-famoso-conejo-celebro-80-anos-y-sigue-tan-vivo-como-siempre\/#breadcrumb"},"inLanguage":"es","potentialAction":[{"@type":"ReadAction","target":["https:\/\/www.sonoraenequipo.com.mx\/el-famoso-conejo-celebro-80-anos-y-sigue-tan-vivo-como-siempre\/"]}]},{"@type":"ImageObject","inLanguage":"es","@id":"https:\/\/www.sonoraenequipo.com.mx\/el-famoso-conejo-celebro-80-anos-y-sigue-tan-vivo-como-siempre\/#primaryimage","url":"https:\/\/www.sonoraenequipo.com.mx\/storage\/2020\/07\/Captura-de-pantalla_opt.jpg","contentUrl":"https:\/\/www.sonoraenequipo.com.mx\/storage\/2020\/07\/Captura-de-pantalla_opt.jpg","width":683,"height":350},{"@type":"BreadcrumbList","@id":"https:\/\/www.sonoraenequipo.com.mx\/el-famoso-conejo-celebro-80-anos-y-sigue-tan-vivo-como-siempre\/#breadcrumb","itemListElement":[{"@type":"ListItem","position":1,"name":"Portada","item":"https:\/\/www.sonoraenequipo.com.mx\/"},{"@type":"ListItem","position":2,"name":"El famoso conejo celebr\u00f3 80 a\u00f1os y sigue tan vivo como siempre"}]},{"@type":"WebSite","@id":"https:\/\/www.sonoraenequipo.com.mx\/#website","url":"https:\/\/www.sonoraenequipo.com.mx\/","name":"Sonora en Equipo.","description":"Diario en l\u00ednea con Noticias desde Hermosillo, Sonora","publisher":{"@id":"https:\/\/www.sonoraenequipo.com.mx\/#organization"},"potentialAction":[{"@type":"SearchAction","target":{"@type":"EntryPoint","urlTemplate":"https:\/\/www.sonoraenequipo.com.mx\/?s={search_term_string}"},"query-input":{"@type":"PropertyValueSpecification","valueRequired":true,"valueName":"search_term_string"}}],"inLanguage":"es"},{"@type":"Organization","@id":"https:\/\/www.sonoraenequipo.com.mx\/#organization","name":"Sonoraenequipo.com.mx","url":"https:\/\/www.sonoraenequipo.com.mx\/","logo":{"@type":"ImageObject","inLanguage":"es","@id":"https:\/\/www.sonoraenequipo.com.mx\/#\/schema\/logo\/image\/","url":"https:\/\/www.sonoraenequipo.com.mx\/storage\/2019\/01\/sonoraenequipo_opt.png","contentUrl":"https:\/\/www.sonoraenequipo.com.mx\/storage\/2019\/01\/sonoraenequipo_opt.png","width":375,"height":125,"caption":"Sonoraenequipo.com.mx"},"image":{"@id":"https:\/\/www.sonoraenequipo.com.mx\/#\/schema\/logo\/image\/"},"sameAs":["https:\/\/www.facebook.com\/SonoraEE\/","https:\/\/x.com\/sonoraenequipo","https:\/\/www.youtube.com\/channel\/UC338nW-lPEYmJQs4ZABQ1SQ"]},{"@type":"Person","@id":"https:\/\/www.sonoraenequipo.com.mx\/#\/schema\/person\/50102df0fb23a8fa9e8effad8fa81386","name":"enequipo","image":{"@type":"ImageObject","inLanguage":"es","@id":"https:\/\/www.sonoraenequipo.com.mx\/#\/schema\/person\/image\/","url":"https:\/\/secure.gravatar.com\/avatar\/049821681b589dabc0bc20695993ccebb09f5b5d4d790cd9251b97faac7c652b?s=96&d=blank&r=g","contentUrl":"https:\/\/secure.gravatar.com\/avatar\/049821681b589dabc0bc20695993ccebb09f5b5d4d790cd9251b97faac7c652b?s=96&d=blank&r=g","caption":"enequipo"},"sameAs":["https:\/\/www.facebook.com\/SonoraEE"]}]}},"jetpack_featured_media_url":"https:\/\/www.sonoraenequipo.com.mx\/storage\/2020\/07\/Captura-de-pantalla_opt.jpg","_links":{"self":[{"href":"https:\/\/www.sonoraenequipo.com.mx\/api\/wp\/v2\/posts\/90954","targetHints":{"allow":["GET"]}}],"collection":[{"href":"https:\/\/www.sonoraenequipo.com.mx\/api\/wp\/v2\/posts"}],"about":[{"href":"https:\/\/www.sonoraenequipo.com.mx\/api\/wp\/v2\/types\/post"}],"author":[{"embeddable":true,"href":"https:\/\/www.sonoraenequipo.com.mx\/api\/wp\/v2\/users\/1"}],"replies":[{"embeddable":true,"href":"https:\/\/www.sonoraenequipo.com.mx\/api\/wp\/v2\/comments?post=90954"}],"version-history":[{"count":0,"href":"https:\/\/www.sonoraenequipo.com.mx\/api\/wp\/v2\/posts\/90954\/revisions"}],"wp:featuredmedia":[{"embeddable":true,"href":"https:\/\/www.sonoraenequipo.com.mx\/api\/wp\/v2\/media\/90956"}],"wp:attachment":[{"href":"https:\/\/www.sonoraenequipo.com.mx\/api\/wp\/v2\/media?parent=90954"}],"wp:term":[{"taxonomy":"category","embeddable":true,"href":"https:\/\/www.sonoraenequipo.com.mx\/api\/wp\/v2\/categories?post=90954"},{"taxonomy":"post_tag","embeddable":true,"href":"https:\/\/www.sonoraenequipo.com.mx\/api\/wp\/v2\/tags?post=90954"}],"curies":[{"name":"wp","href":"https:\/\/api.w.org\/{rel}","templated":true}]}}