{"id":90955,"date":"2020-07-27T20:18:11","date_gmt":"2020-07-28T03:18:11","guid":{"rendered":"https:\/\/www.sonoraenequipo.com.mx\/?p=90955"},"modified":"2020-07-28T10:57:06","modified_gmt":"2020-07-28T17:57:06","slug":"en-sonora-ningun-estudiante-iniciara-el-proximo-ciclo-escolar-en-las-aulas-gobernadora-pavlovich","status":"publish","type":"post","link":"https:\/\/www.sonoraenequipo.com.mx\/en-sonora-ningun-estudiante-iniciara-el-proximo-ciclo-escolar-en-las-aulas-gobernadora-pavlovich\/","title":{"rendered":"En Sonora ning\u00fan estudiante iniciar\u00e1 el pr\u00f3ximo ciclo escolar en las aulas: Gobernadora Pavlovich"},"content":{"rendered":"<h4>&gt;&gt;La prioridad es la salud de ni\u00f1as, ni\u00f1os, j\u00f3venes, docentes y sus familias<\/h4>\n<p>HERMOSILLO, SONORA,MX.\u2500\u2500 El comportamiento de la pandemia por Covid-19 en Sonora ha sido at\u00edpico y no ha dado tregua a ning\u00fan sector, por eso al iniciar el ciclo escolar 2020-2021 ningun ni\u00f1o, ni\u00f1a o joven sonorense estar\u00e1 en las aulas y se establecer\u00e1n m\u00e9todos y plataformas alternativas para continuar su educaci\u00f3n indic\u00f3 la Gobernadora Claudia Pavlovich Arellano. <\/p>\n<p>No podemos, dijo, poner en riesgo la salud de estudiantes, maestros directivos, personal educativo y sus familias.<\/p>\n<p>Al reunirse de forma virtual con autoridades educativas, rectores, directores, docentes, supervisores, representantes sindicales de todos los niveles educativos, as\u00ed como el presidente de la Asociaci\u00f3n estatal de Padres de Familia, la mandataria sonorense reiter\u00f3 que no se puede estresar m\u00e1s al sistema de salud de la entidad regresando a las y los alumnos a las aulas, ya que en este proceso se pueden incrementar los contagios.<\/p>\n<p>\u201cEstamos viviendo tiempos in\u00e9ditos y, sin embargo, estamos llevando a buen puerto a nuestros alumnos, de nada nos sirve tener alumnos de 10 que van a tener a padres o madres, o a ellos mismos, sin vida; o bien, enfermos. El virus no nos ha dado tregua, porque hasta el momento yo no les puedo decir c\u00f3mo va a terminar o cu\u00e1ndo va a bajar esta pandemia, ni aqu\u00ed en Sonora ni en el mundo entero, es un comportamiento at\u00edpico, anormal, con todo ello les comunico: por ning\u00fan motivo podemos iniciar clases presenciales en ning\u00fan nivel, absolutamente en ninguno\u201d, indic\u00f3.<\/p>\n<p>En presencia de Natalia Rivera Grijalva, jefa de la Oficina del Ejecutivo Estatal; Jos\u00e9 V\u00edctor Guerrero Gonz\u00e1lez, secretario de Educaci\u00f3n y Cultura; Patricia Calles Villegas, subsecretaria de Educaci\u00f3n B\u00e1sica; y On\u00e9simo Mariscales Delgadillo, subsecretario de educaci\u00f3n Media Superior y Superior y ante directores de instituciones educativas de distintos niveles, la gobernadora Pavlovich supervis\u00f3 las acciones que se han tomado en este ramo durante la contingencia sanitaria.<\/p>\n<p>En esta revisi\u00f3n se le inform\u00f3 c\u00f3mo a trav\u00e9s del uso de estretegias para la educaci\u00f3n en el hogar, el fortalecimiento del trabajo a distancia mediante la comunicaci\u00f3n personalizada con los estudiantes y sus familias a trav\u00e9s de diversos mecanismos, teniendo siempre el cuidado de la salud de alumnas, alumnos, maestros y dem\u00e1s personal del sistema educativo.<\/p>\n<p>Jos\u00e9 V\u00edctor Guerrero Gonz\u00e1lez, secretario de Educaci\u00f3n y Cultura, resalt\u00f3 el trabajo y disposici\u00f3n de las y los docentes de Sonora para adaptarse a los nuevos tiempos y poder llevar educaci\u00f3n mediante m\u00e9todos alternativos, distintos a la actividad presencial, a todas y todos los alumnos.<\/p>\n<p>\u201cAgradecemos el espacio Gobernadora, trabajaremos internamente en cada nivel educativo con cada subsecretar\u00eda, tenemos una meta y tenemos un gran reto son nuestras ni\u00f1as, ni\u00f1os, y adolescentes: cerca de 850 mil alumnos que est\u00e1n inscritos en el sistema educativo estatal en Sonora son atendidos por alrededor de 50 mil trabajadores gobernadora, estamos listos para enfrentar esta nueva situaci\u00f3n\u201d, coment\u00f3.<\/p>\n<p>On\u00e9simo Mariscales Delgadillo, subsecretario de Educaci\u00f3n Media Superior y Superior, inform\u00f3 que a trav\u00e9s de distintas plataformas virtuales las alumnas y alumnos generaron distintas evidencias para dejar constancia de su aprendizaje, esto sin salir de sus casas.<\/p>\n<p>\u201cSe establecieron mecanismos para que estudiantes realicen actividades educativas desde sus hogares, se habilitaron plataformas tecnol\u00f3gicas en bachillerato y universidades para la educaci\u00f3n a distancia, privilegiando contenidos esenciales, y aprendizaje de acuerdo al nivel educativo y al \u00e1rea del conocimiento espec\u00edfico\u201d, mencion\u00f3.<\/p>\n<p>Patricia Calles Villegas, subsecretaria de Educaci\u00f3n B\u00e1sica, reconoci\u00f3 el esfuerzo de las y los docentes en la entidad, quienes se adaptaron a las herramientas tecnol\u00f3gicas y de comunicaci\u00f3n para hacerles llegar sus clases a las y los estudiantes en Sonora. \u201cAprendimos que el honorable compromiso y vocaci\u00f3n de las maestras y maestros de Sonora est\u00e1n por encima de una pr\u00e1ctica profesional regular, dieron el extra y nos demostraron a trav\u00e9s de diferentes evidencias de todo lo que pudieron hacer\u201d, dijo.<\/p>\n<p>En esta reuni\u00f3n participaron: Yazmina Anaya Camargo, directora general del Instituto de Becas y Cr\u00e9dito Educativo del Estado de Sonora; Cecilio Luna Salazar, presidente de la Asociaci\u00f3n Estatal de Padres de Familia; Teresita Ordu\u00f1o Rivera, presidenta de la Federaci\u00f3n de Escuelas Particulares en el Estado; C\u00e9sar Adalberto Salazar L\u00f3pez, secretario general de la secci\u00f3n 28 del SNTE; Raymundo Lagarda Borb\u00f3n, secretario general de la secci\u00f3n 54 del SNTE; Jonathan Rosas Y\u00e9pez, presidente del Consejo Estatal de Participaci\u00f3n Social; Sandra Josefina Denogean Boj\u00f3rquez, presidenta de la Comisi\u00f3n de Educaci\u00f3n de COPARMEX.<\/p>\n<p>Adem\u00e1s, Enrique Vel\u00e1zquez Contreras, rector de la Universidad de Sonora; Pedro Ortega Romero, rector de la Universidad Estatal de Sonora;\u00a0 Adalberto Abdal\u00e1 Calder\u00f3n, rector de la Universidad Tecnol\u00f3gica de Hermosillo; Jes\u00fas H\u00e9ctor Hern\u00e1ndez L\u00f3pez, rector del Instituto Tecnol\u00f3gico de Sonora; Gerardo Ochoa Salcido, director del Instituto Tecnol\u00f3gico de Hermosillo; Francisco Javier Figueroa Monta\u00f1o, rector de la Universidad de la Sierra; entre otros rectores y directores de instituciones de Educaci\u00f3n Media Superior y Superior en el estado y directores de instituciones y supervisores de diferentes niveles educativos.<\/p>\n<p>Fecha de Publicaci\u00f3n 27\/jul\/2020<\/p>\n","protected":false},"excerpt":{"rendered":"<p>&gt;&gt;La prioridad es la salud de ni\u00f1as, ni\u00f1os, j\u00f3venes, docentes y sus familias HERMOSILLO, SONORA,MX.\u2500\u2500&#8230;<\/p>\n","protected":false},"author":1,"featured_media":90957,"comment_status":"open","ping_status":"open","sticky":false,"template":"","format":"standard","meta":{"_monsterinsights_skip_tracking":false,"_monsterinsights_sitenote_active":false,"_monsterinsights_sitenote_note":"","_monsterinsights_sitenote_category":0,"footnotes":""},"categories":[22],"tags":[116],"class_list":["post"],"yoast_head":" \n<title>Sonora en Equipo. En Sonora ning\u00fan estudiante iniciar\u00e1 el pr\u00f3ximo ciclo escolar en las aulas: Gobernadora Pavlovich Sonora<\/title>\n<meta name=\"description\" content=\"&gt;&gt;La prioridad es la salud de ni\u00f1as, ni\u00f1os, j\u00f3venes, docentes y sus familias HERMOSILLO, SONORA,MX.\u2500\u2500 El comportamiento de la pandemia por Covid-19 En Sonora en Equipo publicamos toda la informaci\u00f3n de Sonora, M\u00e9xico y el Mundo de manera oportuna y busca que la libertad de expresi\u00f3n sea real. Visita nuestro medio informativo publicado desde Hermosillo, Sonora. %\" \/>\n<meta name=\"robots\" content=\"index, follow, max-snippet:-1, max-image-preview:large, max-video-preview:-1\" \/>\n<link rel=\"canonical\" href=\"https:\/\/www.sonoraenequipo.com.mx\/en-sonora-ningun-estudiante-iniciara-el-proximo-ciclo-escolar-en-las-aulas-gobernadora-pavlovich\/\" \/>\n<meta property=\"og:locale\" content=\"es_ES\" \/>\n<meta property=\"og:type\" content=\"article\" \/>\n<meta property=\"og:title\" content=\"Sonora en Equipo. En Sonora ning\u00fan estudiante iniciar\u00e1 el pr\u00f3ximo ciclo escolar en las aulas: Gobernadora Pavlovich Sonora\" \/>\n<meta property=\"og:description\" content=\"&gt;&gt;La prioridad es la salud de ni\u00f1as, ni\u00f1os, j\u00f3venes, docentes y sus familias HERMOSILLO, SONORA,MX.\u2500\u2500 El comportamiento de la pandemia por Covid-19 En Sonora en Equipo publicamos toda la informaci\u00f3n de Sonora, M\u00e9xico y el Mundo de manera oportuna y busca que la libertad de expresi\u00f3n sea real. Visita nuestro medio informativo publicado desde Hermosillo, Sonora. %\" \/>\n<meta property=\"og:url\" content=\"https:\/\/www.sonoraenequipo.com.mx\/en-sonora-ningun-estudiante-iniciara-el-proximo-ciclo-escolar-en-las-aulas-gobernadora-pavlovich\/\" \/>\n<meta property=\"og:site_name\" content=\"Sonora en Equipo.\" \/>\n<meta property=\"article:publisher\" content=\"https:\/\/www.facebook.com\/SonoraEE\/\" \/>\n<meta property=\"article:author\" content=\"https:\/\/www.facebook.com\/SonoraEE\" \/>\n<meta property=\"article:published_time\" content=\"2020-07-28T03:18:11+00:00\" \/>\n<meta property=\"article:modified_time\" content=\"2020-07-28T17:57:06+00:00\" \/>\n<meta property=\"og:image\" content=\"https:\/\/www.sonoraenequipo.com.mx\/storage\/2020\/07\/claudia-pavlovich8.jpg\" \/>\n\t<meta property=\"og:image:width\" content=\"600\" \/>\n\t<meta property=\"og:image:height\" content=\"400\" \/>\n\t<meta property=\"og:image:type\" content=\"image\/jpeg\" \/>\n<meta name=\"author\" content=\"enequipo\" \/>\n<meta name=\"twitter:card\" content=\"summary_large_image\" \/>\n<meta name=\"twitter:creator\" content=\"@sonoraenequipo\" \/>\n<meta name=\"twitter:site\" content=\"@sonoraenequipo\" \/>\n<meta name=\"twitter:label1\" content=\"Escrito por\" \/>\n\t<meta name=\"twitter:data1\" content=\"enequipo\" \/>\n\t<meta name=\"twitter:label2\" content=\"Tiempo de lectura\" \/>\n\t<meta name=\"twitter:data2\" content=\"5 minutos\" \/>\n<script type=\"application\/ld+json\" class=\"yoast-schema-graph\">{\"@context\":\"https:\/\/schema.org\",\"@graph\":[{\"@type\":\"Article\",\"@id\":\"https:\/\/www.sonoraenequipo.com.mx\/en-sonora-ningun-estudiante-iniciara-el-proximo-ciclo-escolar-en-las-aulas-gobernadora-pavlovich\/#article\",\"isPartOf\":{\"@id\":\"https:\/\/www.sonoraenequipo.com.mx\/en-sonora-ningun-estudiante-iniciara-el-proximo-ciclo-escolar-en-las-aulas-gobernadora-pavlovich\/\"},\"author\":{\"name\":\"enequipo\",\"@id\":\"https:\/\/www.sonoraenequipo.com.mx\/#\/schema\/person\/50102df0fb23a8fa9e8effad8fa81386\"},\"headline\":\"En Sonora ning\u00fan estudiante iniciar\u00e1 el pr\u00f3ximo ciclo escolar en las aulas: Gobernadora Pavlovich\",\"datePublished\":\"2020-07-28T03:18:11+00:00\",\"dateModified\":\"2020-07-28T17:57:06+00:00\",\"mainEntityOfPage\":{\"@id\":\"https:\/\/www.sonoraenequipo.com.mx\/en-sonora-ningun-estudiante-iniciara-el-proximo-ciclo-escolar-en-las-aulas-gobernadora-pavlovich\/\"},\"wordCount\":919,\"commentCount\":0,\"publisher\":{\"@id\":\"https:\/\/www.sonoraenequipo.com.mx\/#organization\"},\"image\":{\"@id\":\"https:\/\/www.sonoraenequipo.com.mx\/en-sonora-ningun-estudiante-iniciara-el-proximo-ciclo-escolar-en-las-aulas-gobernadora-pavlovich\/#primaryimage\"},\"thumbnailUrl\":\"https:\/\/www.sonoraenequipo.com.mx\/storage\/2020\/07\/claudia-pavlovich8.jpg\",\"keywords\":[\"claudia pavlovich\"],\"articleSection\":[\"Sonora\"],\"inLanguage\":\"es\",\"potentialAction\":[{\"@type\":\"CommentAction\",\"name\":\"Comment\",\"target\":[\"https:\/\/www.sonoraenequipo.com.mx\/en-sonora-ningun-estudiante-iniciara-el-proximo-ciclo-escolar-en-las-aulas-gobernadora-pavlovich\/#respond\"]}]},{\"@type\":\"WebPage\",\"@id\":\"https:\/\/www.sonoraenequipo.com.mx\/en-sonora-ningun-estudiante-iniciara-el-proximo-ciclo-escolar-en-las-aulas-gobernadora-pavlovich\/\",\"url\":\"https:\/\/www.sonoraenequipo.com.mx\/en-sonora-ningun-estudiante-iniciara-el-proximo-ciclo-escolar-en-las-aulas-gobernadora-pavlovich\/\",\"name\":\"Sonora en Equipo. En Sonora ning\u00fan estudiante iniciar\u00e1 el pr\u00f3ximo ciclo escolar en las aulas: Gobernadora Pavlovich Sonora\",\"isPartOf\":{\"@id\":\"https:\/\/www.sonoraenequipo.com.mx\/#website\"},\"primaryImageOfPage\":{\"@id\":\"https:\/\/www.sonoraenequipo.com.mx\/en-sonora-ningun-estudiante-iniciara-el-proximo-ciclo-escolar-en-las-aulas-gobernadora-pavlovich\/#primaryimage\"},\"image\":{\"@id\":\"https:\/\/www.sonoraenequipo.com.mx\/en-sonora-ningun-estudiante-iniciara-el-proximo-ciclo-escolar-en-las-aulas-gobernadora-pavlovich\/#primaryimage\"},\"thumbnailUrl\":\"https:\/\/www.sonoraenequipo.com.mx\/storage\/2020\/07\/claudia-pavlovich8.jpg\",\"datePublished\":\"2020-07-28T03:18:11+00:00\",\"dateModified\":\"2020-07-28T17:57:06+00:00\",\"description\":\"&gt;&gt;La prioridad es la salud de ni\u00f1as, ni\u00f1os, j\u00f3venes, docentes y sus familias HERMOSILLO, SONORA,MX.\u2500\u2500 El comportamiento de la pandemia por Covid-19 En Sonora en Equipo publicamos toda la informaci\u00f3n de Sonora, M\u00e9xico y el Mundo de manera oportuna y busca que la libertad de expresi\u00f3n sea real. Visita nuestro medio informativo publicado desde Hermosillo, Sonora. %\",\"breadcrumb\":{\"@id\":\"https:\/\/www.sonoraenequipo.com.mx\/en-sonora-ningun-estudiante-iniciara-el-proximo-ciclo-escolar-en-las-aulas-gobernadora-pavlovich\/#breadcrumb\"},\"inLanguage\":\"es\",\"potentialAction\":[{\"@type\":\"ReadAction\",\"target\":[\"https:\/\/www.sonoraenequipo.com.mx\/en-sonora-ningun-estudiante-iniciara-el-proximo-ciclo-escolar-en-las-aulas-gobernadora-pavlovich\/\"]}]},{\"@type\":\"ImageObject\",\"inLanguage\":\"es\",\"@id\":\"https:\/\/www.sonoraenequipo.com.mx\/en-sonora-ningun-estudiante-iniciara-el-proximo-ciclo-escolar-en-las-aulas-gobernadora-pavlovich\/#primaryimage\",\"url\":\"https:\/\/www.sonoraenequipo.com.mx\/storage\/2020\/07\/claudia-pavlovich8.jpg\",\"contentUrl\":\"https:\/\/www.sonoraenequipo.com.mx\/storage\/2020\/07\/claudia-pavlovich8.jpg\",\"width\":600,\"height\":400},{\"@type\":\"BreadcrumbList\",\"@id\":\"https:\/\/www.sonoraenequipo.com.mx\/en-sonora-ningun-estudiante-iniciara-el-proximo-ciclo-escolar-en-las-aulas-gobernadora-pavlovich\/#breadcrumb\",\"itemListElement\":[{\"@type\":\"ListItem\",\"position\":1,\"name\":\"Portada\",\"item\":\"https:\/\/www.sonoraenequipo.com.mx\/\"},{\"@type\":\"ListItem\",\"position\":2,\"name\":\"En Sonora ning\u00fan estudiante iniciar\u00e1 el pr\u00f3ximo ciclo escolar en las aulas: Gobernadora Pavlovich\"}]},{\"@type\":\"WebSite\",\"@id\":\"https:\/\/www.sonoraenequipo.com.mx\/#website\",\"url\":\"https:\/\/www.sonoraenequipo.com.mx\/\",\"name\":\"Sonora en Equipo.\",\"description\":\"Diario en l\u00ednea con Noticias desde Hermosillo, Sonora\",\"publisher\":{\"@id\":\"https:\/\/www.sonoraenequipo.com.mx\/#organization\"},\"potentialAction\":[{\"@type\":\"SearchAction\",\"target\":{\"@type\":\"EntryPoint\",\"urlTemplate\":\"https:\/\/www.sonoraenequipo.com.mx\/?s={search_term_string}\"},\"query-input\":{\"@type\":\"PropertyValueSpecification\",\"valueRequired\":true,\"valueName\":\"search_term_string\"}}],\"inLanguage\":\"es\"},{\"@type\":\"Organization\",\"@id\":\"https:\/\/www.sonoraenequipo.com.mx\/#organization\",\"name\":\"Sonoraenequipo.com.mx\",\"url\":\"https:\/\/www.sonoraenequipo.com.mx\/\",\"logo\":{\"@type\":\"ImageObject\",\"inLanguage\":\"es\",\"@id\":\"https:\/\/www.sonoraenequipo.com.mx\/#\/schema\/logo\/image\/\",\"url\":\"https:\/\/www.sonoraenequipo.com.mx\/storage\/2019\/01\/sonoraenequipo_opt.png\",\"contentUrl\":\"https:\/\/www.sonoraenequipo.com.mx\/storage\/2019\/01\/sonoraenequipo_opt.png\",\"width\":375,\"height\":125,\"caption\":\"Sonoraenequipo.com.mx\"},\"image\":{\"@id\":\"https:\/\/www.sonoraenequipo.com.mx\/#\/schema\/logo\/image\/\"},\"sameAs\":[\"https:\/\/www.facebook.com\/SonoraEE\/\",\"https:\/\/x.com\/sonoraenequipo\",\"https:\/\/www.youtube.com\/channel\/UC338nW-lPEYmJQs4ZABQ1SQ\"]},{\"@type\":\"Person\",\"@id\":\"https:\/\/www.sonoraenequipo.com.mx\/#\/schema\/person\/50102df0fb23a8fa9e8effad8fa81386\",\"name\":\"enequipo\",\"image\":{\"@type\":\"ImageObject\",\"inLanguage\":\"es\",\"@id\":\"https:\/\/www.sonoraenequipo.com.mx\/#\/schema\/person\/image\/\",\"url\":\"https:\/\/secure.gravatar.com\/avatar\/049821681b589dabc0bc20695993ccebb09f5b5d4d790cd9251b97faac7c652b?s=96&d=blank&r=g\",\"contentUrl\":\"https:\/\/secure.gravatar.com\/avatar\/049821681b589dabc0bc20695993ccebb09f5b5d4d790cd9251b97faac7c652b?s=96&d=blank&r=g\",\"caption\":\"enequipo\"},\"sameAs\":[\"https:\/\/www.facebook.com\/SonoraEE\"]}]}<\/script>\n ","yoast_head_json":{"title":"Sonora en Equipo. En Sonora ning\u00fan estudiante iniciar\u00e1 el pr\u00f3ximo ciclo escolar en las aulas: Gobernadora Pavlovich Sonora","description":"&gt;&gt;La prioridad es la salud de ni\u00f1as, ni\u00f1os, j\u00f3venes, docentes y sus familias HERMOSILLO, SONORA,MX.\u2500\u2500 El comportamiento de la pandemia por Covid-19 En Sonora en Equipo publicamos toda la informaci\u00f3n de Sonora, M\u00e9xico y el Mundo de manera oportuna y busca que la libertad de expresi\u00f3n sea real. Visita nuestro medio informativo publicado desde Hermosillo, Sonora. %","robots":{"index":"index","follow":"follow","max-snippet":"max-snippet:-1","max-image-preview":"max-image-preview:large","max-video-preview":"max-video-preview:-1"},"canonical":"https:\/\/www.sonoraenequipo.com.mx\/en-sonora-ningun-estudiante-iniciara-el-proximo-ciclo-escolar-en-las-aulas-gobernadora-pavlovich\/","og_locale":"es_ES","og_type":"article","og_title":"Sonora en Equipo. En Sonora ning\u00fan estudiante iniciar\u00e1 el pr\u00f3ximo ciclo escolar en las aulas: Gobernadora Pavlovich Sonora","og_description":"&gt;&gt;La prioridad es la salud de ni\u00f1as, ni\u00f1os, j\u00f3venes, docentes y sus familias HERMOSILLO, SONORA,MX.\u2500\u2500 El comportamiento de la pandemia por Covid-19 En Sonora en Equipo publicamos toda la informaci\u00f3n de Sonora, M\u00e9xico y el Mundo de manera oportuna y busca que la libertad de expresi\u00f3n sea real. Visita nuestro medio informativo publicado desde Hermosillo, Sonora. %","og_url":"https:\/\/www.sonoraenequipo.com.mx\/en-sonora-ningun-estudiante-iniciara-el-proximo-ciclo-escolar-en-las-aulas-gobernadora-pavlovich\/","og_site_name":"Sonora en Equipo.","article_publisher":"https:\/\/www.facebook.com\/SonoraEE\/","article_author":"https:\/\/www.facebook.com\/SonoraEE","article_published_time":"2020-07-28T03:18:11+00:00","article_modified_time":"2020-07-28T17:57:06+00:00","og_image":[{"width":600,"height":400,"url":"https:\/\/www.sonoraenequipo.com.mx\/storage\/2020\/07\/claudia-pavlovich8.jpg","type":"image\/jpeg"}],"author":"enequipo","twitter_card":"summary_large_image","twitter_creator":"@sonoraenequipo","twitter_site":"@sonoraenequipo","twitter_misc":{"Escrito por":"enequipo","Tiempo de lectura":"5 minutos"},"schema":{"@context":"https:\/\/schema.org","@graph":[{"@type":"Article","@id":"https:\/\/www.sonoraenequipo.com.mx\/en-sonora-ningun-estudiante-iniciara-el-proximo-ciclo-escolar-en-las-aulas-gobernadora-pavlovich\/#article","isPartOf":{"@id":"https:\/\/www.sonoraenequipo.com.mx\/en-sonora-ningun-estudiante-iniciara-el-proximo-ciclo-escolar-en-las-aulas-gobernadora-pavlovich\/"},"author":{"name":"enequipo","@id":"https:\/\/www.sonoraenequipo.com.mx\/#\/schema\/person\/50102df0fb23a8fa9e8effad8fa81386"},"headline":"En Sonora ning\u00fan estudiante iniciar\u00e1 el pr\u00f3ximo ciclo escolar en las aulas: Gobernadora Pavlovich","datePublished":"2020-07-28T03:18:11+00:00","dateModified":"2020-07-28T17:57:06+00:00","mainEntityOfPage":{"@id":"https:\/\/www.sonoraenequipo.com.mx\/en-sonora-ningun-estudiante-iniciara-el-proximo-ciclo-escolar-en-las-aulas-gobernadora-pavlovich\/"},"wordCount":919,"commentCount":0,"publisher":{"@id":"https:\/\/www.sonoraenequipo.com.mx\/#organization"},"image":{"@id":"https:\/\/www.sonoraenequipo.com.mx\/en-sonora-ningun-estudiante-iniciara-el-proximo-ciclo-escolar-en-las-aulas-gobernadora-pavlovich\/#primaryimage"},"thumbnailUrl":"https:\/\/www.sonoraenequipo.com.mx\/storage\/2020\/07\/claudia-pavlovich8.jpg","keywords":["claudia pavlovich"],"articleSection":["Sonora"],"inLanguage":"es","potentialAction":[{"@type":"CommentAction","name":"Comment","target":["https:\/\/www.sonoraenequipo.com.mx\/en-sonora-ningun-estudiante-iniciara-el-proximo-ciclo-escolar-en-las-aulas-gobernadora-pavlovich\/#respond"]}]},{"@type":"WebPage","@id":"https:\/\/www.sonoraenequipo.com.mx\/en-sonora-ningun-estudiante-iniciara-el-proximo-ciclo-escolar-en-las-aulas-gobernadora-pavlovich\/","url":"https:\/\/www.sonoraenequipo.com.mx\/en-sonora-ningun-estudiante-iniciara-el-proximo-ciclo-escolar-en-las-aulas-gobernadora-pavlovich\/","name":"Sonora en Equipo. En Sonora ning\u00fan estudiante iniciar\u00e1 el pr\u00f3ximo ciclo escolar en las aulas: Gobernadora Pavlovich Sonora","isPartOf":{"@id":"https:\/\/www.sonoraenequipo.com.mx\/#website"},"primaryImageOfPage":{"@id":"https:\/\/www.sonoraenequipo.com.mx\/en-sonora-ningun-estudiante-iniciara-el-proximo-ciclo-escolar-en-las-aulas-gobernadora-pavlovich\/#primaryimage"},"image":{"@id":"https:\/\/www.sonoraenequipo.com.mx\/en-sonora-ningun-estudiante-iniciara-el-proximo-ciclo-escolar-en-las-aulas-gobernadora-pavlovich\/#primaryimage"},"thumbnailUrl":"https:\/\/www.sonoraenequipo.com.mx\/storage\/2020\/07\/claudia-pavlovich8.jpg","datePublished":"2020-07-28T03:18:11+00:00","dateModified":"2020-07-28T17:57:06+00:00","description":"&gt;&gt;La prioridad es la salud de ni\u00f1as, ni\u00f1os, j\u00f3venes, docentes y sus familias HERMOSILLO, SONORA,MX.\u2500\u2500 El comportamiento de la pandemia por Covid-19 En Sonora en Equipo publicamos toda la informaci\u00f3n de Sonora, M\u00e9xico y el Mundo de manera oportuna y busca que la libertad de expresi\u00f3n sea real. Visita nuestro medio informativo publicado desde Hermosillo, Sonora. %","breadcrumb":{"@id":"https:\/\/www.sonoraenequipo.com.mx\/en-sonora-ningun-estudiante-iniciara-el-proximo-ciclo-escolar-en-las-aulas-gobernadora-pavlovich\/#breadcrumb"},"inLanguage":"es","potentialAction":[{"@type":"ReadAction","target":["https:\/\/www.sonoraenequipo.com.mx\/en-sonora-ningun-estudiante-iniciara-el-proximo-ciclo-escolar-en-las-aulas-gobernadora-pavlovich\/"]}]},{"@type":"ImageObject","inLanguage":"es","@id":"https:\/\/www.sonoraenequipo.com.mx\/en-sonora-ningun-estudiante-iniciara-el-proximo-ciclo-escolar-en-las-aulas-gobernadora-pavlovich\/#primaryimage","url":"https:\/\/www.sonoraenequipo.com.mx\/storage\/2020\/07\/claudia-pavlovich8.jpg","contentUrl":"https:\/\/www.sonoraenequipo.com.mx\/storage\/2020\/07\/claudia-pavlovich8.jpg","width":600,"height":400},{"@type":"BreadcrumbList","@id":"https:\/\/www.sonoraenequipo.com.mx\/en-sonora-ningun-estudiante-iniciara-el-proximo-ciclo-escolar-en-las-aulas-gobernadora-pavlovich\/#breadcrumb","itemListElement":[{"@type":"ListItem","position":1,"name":"Portada","item":"https:\/\/www.sonoraenequipo.com.mx\/"},{"@type":"ListItem","position":2,"name":"En Sonora ning\u00fan estudiante iniciar\u00e1 el pr\u00f3ximo ciclo escolar en las aulas: Gobernadora Pavlovich"}]},{"@type":"WebSite","@id":"https:\/\/www.sonoraenequipo.com.mx\/#website","url":"https:\/\/www.sonoraenequipo.com.mx\/","name":"Sonora en Equipo.","description":"Diario en l\u00ednea con Noticias desde Hermosillo, Sonora","publisher":{"@id":"https:\/\/www.sonoraenequipo.com.mx\/#organization"},"potentialAction":[{"@type":"SearchAction","target":{"@type":"EntryPoint","urlTemplate":"https:\/\/www.sonoraenequipo.com.mx\/?s={search_term_string}"},"query-input":{"@type":"PropertyValueSpecification","valueRequired":true,"valueName":"search_term_string"}}],"inLanguage":"es"},{"@type":"Organization","@id":"https:\/\/www.sonoraenequipo.com.mx\/#organization","name":"Sonoraenequipo.com.mx","url":"https:\/\/www.sonoraenequipo.com.mx\/","logo":{"@type":"ImageObject","inLanguage":"es","@id":"https:\/\/www.sonoraenequipo.com.mx\/#\/schema\/logo\/image\/","url":"https:\/\/www.sonoraenequipo.com.mx\/storage\/2019\/01\/sonoraenequipo_opt.png","contentUrl":"https:\/\/www.sonoraenequipo.com.mx\/storage\/2019\/01\/sonoraenequipo_opt.png","width":375,"height":125,"caption":"Sonoraenequipo.com.mx"},"image":{"@id":"https:\/\/www.sonoraenequipo.com.mx\/#\/schema\/logo\/image\/"},"sameAs":["https:\/\/www.facebook.com\/SonoraEE\/","https:\/\/x.com\/sonoraenequipo","https:\/\/www.youtube.com\/channel\/UC338nW-lPEYmJQs4ZABQ1SQ"]},{"@type":"Person","@id":"https:\/\/www.sonoraenequipo.com.mx\/#\/schema\/person\/50102df0fb23a8fa9e8effad8fa81386","name":"enequipo","image":{"@type":"ImageObject","inLanguage":"es","@id":"https:\/\/www.sonoraenequipo.com.mx\/#\/schema\/person\/image\/","url":"https:\/\/secure.gravatar.com\/avatar\/049821681b589dabc0bc20695993ccebb09f5b5d4d790cd9251b97faac7c652b?s=96&d=blank&r=g","contentUrl":"https:\/\/secure.gravatar.com\/avatar\/049821681b589dabc0bc20695993ccebb09f5b5d4d790cd9251b97faac7c652b?s=96&d=blank&r=g","caption":"enequipo"},"sameAs":["https:\/\/www.facebook.com\/SonoraEE"]}]}},"jetpack_featured_media_url":"https:\/\/www.sonoraenequipo.com.mx\/storage\/2020\/07\/claudia-pavlovich8.jpg","_links":{"self":[{"href":"https:\/\/www.sonoraenequipo.com.mx\/api\/wp\/v2\/posts\/90955","targetHints":{"allow":["GET"]}}],"collection":[{"href":"https:\/\/www.sonoraenequipo.com.mx\/api\/wp\/v2\/posts"}],"about":[{"href":"https:\/\/www.sonoraenequipo.com.mx\/api\/wp\/v2\/types\/post"}],"author":[{"embeddable":true,"href":"https:\/\/www.sonoraenequipo.com.mx\/api\/wp\/v2\/users\/1"}],"replies":[{"embeddable":true,"href":"https:\/\/www.sonoraenequipo.com.mx\/api\/wp\/v2\/comments?post=90955"}],"version-history":[{"count":0,"href":"https:\/\/www.sonoraenequipo.com.mx\/api\/wp\/v2\/posts\/90955\/revisions"}],"wp:featuredmedia":[{"embeddable":true,"href":"https:\/\/www.sonoraenequipo.com.mx\/api\/wp\/v2\/media\/90957"}],"wp:attachment":[{"href":"https:\/\/www.sonoraenequipo.com.mx\/api\/wp\/v2\/media?parent=90955"}],"wp:term":[{"taxonomy":"category","embeddable":true,"href":"https:\/\/www.sonoraenequipo.com.mx\/api\/wp\/v2\/categories?post=90955"},{"taxonomy":"post_tag","embeddable":true,"href":"https:\/\/www.sonoraenequipo.com.mx\/api\/wp\/v2\/tags?post=90955"}],"curies":[{"name":"wp","href":"https:\/\/api.w.org\/{rel}","templated":true}]}}