{"id":90982,"date":"2020-07-27T22:24:10","date_gmt":"2020-07-28T05:24:10","guid":{"rendered":"https:\/\/www.sonoraenequipo.com.mx\/?p=90982"},"modified":"2020-07-27T22:24:10","modified_gmt":"2020-07-28T05:24:10","slug":"inician-operativos-para-confirmar-que-negocios-cumplan-con-medidas-sanitarias-obligatorias-enrique-clausen","status":"publish","type":"post","link":"https:\/\/www.sonoraenequipo.com.mx\/inician-operativos-para-confirmar-que-negocios-cumplan-con-medidas-sanitarias-obligatorias-enrique-clausen\/","title":{"rendered":"Inician operativos para confirmar que negocios cumplan con medidas sanitarias obligatorias: Enrique Clausen"},"content":{"rendered":"<p>&nbsp;<\/p>\n<h4>&gt;&gt; Registra Sonora 35 fallecimientos m\u00e1s y 400 contagios nuevos por Covid-19<\/h4>\n<h4>&gt;&gt; Sube a 13 mil 570 la cantidad de sonorenses que se han recuperado de la enfermedad<\/h4>\n<p>&nbsp;<\/p>\n<p>HERMOSILLO, SONORA,MX.\u2500\u2500 Como parte de los protocolos rigurosos de la reactivaci\u00f3n econ\u00f3mica en Sonora ante el Coronavirus (Covid-19), se iniciaron los operativos \u201cNegocio responsable, negocio seguro\u201d, para verificar que cada comercio cumpla con las medidas preventivas obligatorias ya establecidas, enfatiz\u00f3 Enrique Clausen Iberri. <\/p>\n<p>&nbsp;<\/p>\n<p>Tras haber superado la enfermedad, Clausen Iberri se reincorpor\u00f3 a la transmisi\u00f3n en vivo de este lunes en que se confirmaron 35 decesos m\u00e1s en Sonora a causa de la pandemia y 400 nuevos casos, a la transmisi\u00f3n en vivo\u00a0 y en su mensaje indic\u00f3 que el pasado fin de semana comenzaron con los operativos de verificaci\u00f3n en las empresas y comercios que han reiniciado sus actividades.<\/p>\n<p>&nbsp;<\/p>\n<p>\u201cEs totalmente inaceptable que en los centros de trabajo la gente no use cubrebocas, es totalmente inaceptable que la disciplina se relaje y se pase por alto el cumplimiento de los protocolos de sanidad que protegen tanto al personal como a sus mismos clientes, es inaceptable y por eso, hemos comenzado con los operativos: \u2018Negocio responsable, negocio seguro\u2019, comenzamos a supervisar el fin de semana, que empresas y negocios sigan con las medidas preventivas, las cuales no son opcionales, sino obligatorias\u201d, afirm\u00f3.<\/p>\n<p>&nbsp;<\/p>\n<p>Las verificaciones comenzaron en negocios grandes, dijo Clausen Iberri, al ser los que atienden una cantidad mayor de personas y aumenta su riesgo de contagios y confirm\u00f3 que en ninguno de los lugares que se supervis\u00f3 se encontraron motivos para clausurarlos.<\/p>\n<p>&nbsp;<\/p>\n<p>\u201cEstamos a favor de que a los negocios les vaya bien y la protecci\u00f3n del empleo, pero no vamos a permitir que acciones irresponsables le causen m\u00e1s da\u00f1o y dolor a Sonora, mucha gente ha perdido seres queridos, muchas familias se han roto, en este preciso momento, hay alguien llorando a un familiar que se le fue, y la \u00fanica forma de impedir que esas tragedias sigan ocurriendo es endureciendo vigilancia y sanciones, as\u00ed como felicitamos y ofrecemos nuestro apoyo a los negocios que est\u00e1n cumpliendo responsablemente, vamos a cerrar a los que no cumplan con las medidas de seguridad, cero tolerancia a las actitudes irresponsables\u201d, asegur\u00f3.<\/p>\n<p>&nbsp;<\/p>\n<p>Por su parte, H\u00e9ctor Clemente Baltierra Ochoa, director general de Atenci\u00f3n Especializada y Hospitalaria, indic\u00f3 que este d\u00eda, 17 pacientes Covid fueron dados de alta por mejor\u00eda de diferentes hospitales en la entidad, a la fecha 13 mil 570 sonorenses se han recuperado de esta enfermedad.<\/p>\n<p>&nbsp;<\/p>\n<p>Agreg\u00f3 que este d\u00eda se confirmaron 35 decesos m\u00e1s por Covid-19, los cuales ocurrieron en 23 hombres y 12 mujeres, con edades entre 31 y 95 a\u00f1os, para acumular mil 695 defunciones en Sonora; ocho de ellos residentes de Hermosillo; siete de Cajeme; cinco de Caborca; dos de Navojoa; dos de Nogales; dos de San Luis R\u00edo Colorado.<\/p>\n<p>&nbsp;<\/p>\n<p>Adem\u00e1s, dos de Empalme; dos de Guaymas; uno de Agua Prieta; uno de San Ignacio R\u00edo Muerto; uno de Magdalena de Kino; uno de Huatabampo y uno de Etchojoa; los pacientes iniciaron s\u00edntomas entre el 10 y el 20 de julio y fallecieron entre el 16 y el 22 de julio; 18 de ellos eran derechohabientes de la Secretar\u00eda de Salud; 15 del IMSS; uno del Isssteson y uno del Issste.<\/p>\n<p>&nbsp;<\/p>\n<p>Baltierra Ochoa detall\u00f3 que este d\u00eda tambi\u00e9n se confirmaron 400 nuevos casos de la enfermedad, acumulan 17 mil 860 casos en total, los nuevos casos ocurrieron en 239 mujeres y 161 hombres.<\/p>\n<p>&nbsp;<\/p>\n<p>Coment\u00f3 que de ellos, 175 son residentes de Hermosillo; 70 de Navojoa; 54 de Cajeme; 26 de Caborca; 18 de Guaymas; 11 de Empalme; ocho de Etchojoa; siete de Cananea; siete de Huatabampo; cinco de Nacozari de Garc\u00eda; cuatro de Puerto Pe\u00f1asco; cuatro de San Luis R\u00edo Colorado; tres de B\u00e1cum; dos de Cumpas; uno de Pitiquito; uno de Tubutama; uno de \u00c1lamos; uno de Agua Prieta; uno de Nogales y uno de Moctezuma.<\/p>\n<p>&nbsp;<\/p>\n<p>El director general de Atenci\u00f3n Especializada y Hospitalaria precis\u00f3 que entre los pacientes se confirmaron tres casos pedi\u00e1tricos, en dos ni\u00f1as y un ni\u00f1o de entre 8 y 10 a\u00f1os, dos de estos en residentes de Hermosillo y uno de Cananea, para acumularse un total de 172 casos pedi\u00e1tricos.<\/p>\n<p>&nbsp;<\/p>\n<p>Adem\u00e1s, se confirmaron tres casos en mujeres embarazadas, 2 de ellas residentes de Hermosillo y uno de Nogales, para acumularse 164 casos de Covid-19 en embarazadas; 47 de los 400 casos ocurrieron en trabajadores de la salud, residentes de: Hermosillo (25); Cajeme (9); Guaymas (4); Navojoa (3); Puerto Pe\u00f1asco (2); Empalme (2); B\u00e1cum (1) y Nacozari de Garc\u00eda (1).<\/p>\n<p>&nbsp;<\/p>\n<p>Casos Covid-19 en Sonora: 17,860 casos confirmados y 1,695 defunciones<\/p>\n<p>Defunciones registradas el 27 de julio: 35<\/p>\n<p>Fecha de Publicaci\u00f3n 27\/jul\/2020<\/p>\n","protected":false},"excerpt":{"rendered":"<p>&nbsp; &gt;&gt; Registra Sonora 35 fallecimientos m\u00e1s y 400 contagios nuevos por Covid-19 &gt;&gt; Sube&#8230;<\/p>\n","protected":false},"author":1,"featured_media":90983,"comment_status":"open","ping_status":"open","sticky":false,"template":"","format":"standard","meta":{"_monsterinsights_skip_tracking":false,"_monsterinsights_sitenote_active":false,"_monsterinsights_sitenote_note":"","_monsterinsights_sitenote_category":0,"footnotes":""},"categories":[22],"tags":[4249,3289,15],"class_list":["post"],"yoast_head":" \n<title>Sonora en Equipo. Inician operativos para confirmar que negocios cumplan con medidas sanitarias obligatorias: Enrique Clausen Sonora<\/title>\n<meta name=\"description\" content=\"&nbsp; &gt;&gt; Registra Sonora 35 fallecimientos m\u00e1s y 400 contagios nuevos por Covid-19 &gt;&gt; Sube a 13 mil 570 la cantidad de sonorenses que se han En Sonora en Equipo publicamos toda la informaci\u00f3n de Sonora, M\u00e9xico y el Mundo de manera oportuna y busca que la libertad de expresi\u00f3n sea real. Visita nuestro medio informativo publicado desde Hermosillo, Sonora. %\" \/>\n<meta name=\"robots\" content=\"index, follow, max-snippet:-1, max-image-preview:large, max-video-preview:-1\" \/>\n<link rel=\"canonical\" href=\"https:\/\/www.sonoraenequipo.com.mx\/inician-operativos-para-confirmar-que-negocios-cumplan-con-medidas-sanitarias-obligatorias-enrique-clausen\/\" \/>\n<meta property=\"og:locale\" content=\"es_ES\" \/>\n<meta property=\"og:type\" content=\"article\" \/>\n<meta property=\"og:title\" content=\"Sonora en Equipo. Inician operativos para confirmar que negocios cumplan con medidas sanitarias obligatorias: Enrique Clausen Sonora\" \/>\n<meta property=\"og:description\" content=\"&nbsp; &gt;&gt; Registra Sonora 35 fallecimientos m\u00e1s y 400 contagios nuevos por Covid-19 &gt;&gt; Sube a 13 mil 570 la cantidad de sonorenses que se han En Sonora en Equipo publicamos toda la informaci\u00f3n de Sonora, M\u00e9xico y el Mundo de manera oportuna y busca que la libertad de expresi\u00f3n sea real. Visita nuestro medio informativo publicado desde Hermosillo, Sonora. %\" \/>\n<meta property=\"og:url\" content=\"https:\/\/www.sonoraenequipo.com.mx\/inician-operativos-para-confirmar-que-negocios-cumplan-con-medidas-sanitarias-obligatorias-enrique-clausen\/\" \/>\n<meta property=\"og:site_name\" content=\"Sonora en Equipo.\" \/>\n<meta property=\"article:publisher\" content=\"https:\/\/www.facebook.com\/SonoraEE\/\" \/>\n<meta property=\"article:author\" content=\"https:\/\/www.facebook.com\/SonoraEE\" \/>\n<meta property=\"article:published_time\" content=\"2020-07-28T05:24:10+00:00\" \/>\n<meta property=\"og:image\" content=\"https:\/\/www.sonoraenequipo.com.mx\/storage\/2020\/07\/clausen20.jpg\" \/>\n\t<meta property=\"og:image:width\" content=\"600\" \/>\n\t<meta property=\"og:image:height\" content=\"400\" \/>\n\t<meta property=\"og:image:type\" content=\"image\/jpeg\" \/>\n<meta name=\"author\" content=\"enequipo\" \/>\n<meta name=\"twitter:card\" content=\"summary_large_image\" \/>\n<meta name=\"twitter:creator\" content=\"@sonoraenequipo\" \/>\n<meta name=\"twitter:site\" content=\"@sonoraenequipo\" \/>\n<meta name=\"twitter:label1\" content=\"Escrito por\" \/>\n\t<meta name=\"twitter:data1\" content=\"enequipo\" \/>\n\t<meta name=\"twitter:label2\" content=\"Tiempo de lectura\" \/>\n\t<meta name=\"twitter:data2\" content=\"4 minutos\" \/>\n<script type=\"application\/ld+json\" class=\"yoast-schema-graph\">{\"@context\":\"https:\/\/schema.org\",\"@graph\":[{\"@type\":\"Article\",\"@id\":\"https:\/\/www.sonoraenequipo.com.mx\/inician-operativos-para-confirmar-que-negocios-cumplan-con-medidas-sanitarias-obligatorias-enrique-clausen\/#article\",\"isPartOf\":{\"@id\":\"https:\/\/www.sonoraenequipo.com.mx\/inician-operativos-para-confirmar-que-negocios-cumplan-con-medidas-sanitarias-obligatorias-enrique-clausen\/\"},\"author\":{\"name\":\"enequipo\",\"@id\":\"https:\/\/www.sonoraenequipo.com.mx\/#\/schema\/person\/50102df0fb23a8fa9e8effad8fa81386\"},\"headline\":\"Inician operativos para confirmar que negocios cumplan con medidas sanitarias obligatorias: Enrique Clausen\",\"datePublished\":\"2020-07-28T05:24:10+00:00\",\"mainEntityOfPage\":{\"@id\":\"https:\/\/www.sonoraenequipo.com.mx\/inician-operativos-para-confirmar-que-negocios-cumplan-con-medidas-sanitarias-obligatorias-enrique-clausen\/\"},\"wordCount\":798,\"commentCount\":0,\"publisher\":{\"@id\":\"https:\/\/www.sonoraenequipo.com.mx\/#organization\"},\"image\":{\"@id\":\"https:\/\/www.sonoraenequipo.com.mx\/inician-operativos-para-confirmar-que-negocios-cumplan-con-medidas-sanitarias-obligatorias-enrique-clausen\/#primaryimage\"},\"thumbnailUrl\":\"https:\/\/www.sonoraenequipo.com.mx\/storage\/2020\/07\/clausen20.jpg\",\"keywords\":[\"covid\",\"ENRIQUE CLAUSEN\",\"Sonora\"],\"articleSection\":[\"Sonora\"],\"inLanguage\":\"es\",\"potentialAction\":[{\"@type\":\"CommentAction\",\"name\":\"Comment\",\"target\":[\"https:\/\/www.sonoraenequipo.com.mx\/inician-operativos-para-confirmar-que-negocios-cumplan-con-medidas-sanitarias-obligatorias-enrique-clausen\/#respond\"]}]},{\"@type\":\"WebPage\",\"@id\":\"https:\/\/www.sonoraenequipo.com.mx\/inician-operativos-para-confirmar-que-negocios-cumplan-con-medidas-sanitarias-obligatorias-enrique-clausen\/\",\"url\":\"https:\/\/www.sonoraenequipo.com.mx\/inician-operativos-para-confirmar-que-negocios-cumplan-con-medidas-sanitarias-obligatorias-enrique-clausen\/\",\"name\":\"Sonora en Equipo. Inician operativos para confirmar que negocios cumplan con medidas sanitarias obligatorias: Enrique Clausen Sonora\",\"isPartOf\":{\"@id\":\"https:\/\/www.sonoraenequipo.com.mx\/#website\"},\"primaryImageOfPage\":{\"@id\":\"https:\/\/www.sonoraenequipo.com.mx\/inician-operativos-para-confirmar-que-negocios-cumplan-con-medidas-sanitarias-obligatorias-enrique-clausen\/#primaryimage\"},\"image\":{\"@id\":\"https:\/\/www.sonoraenequipo.com.mx\/inician-operativos-para-confirmar-que-negocios-cumplan-con-medidas-sanitarias-obligatorias-enrique-clausen\/#primaryimage\"},\"thumbnailUrl\":\"https:\/\/www.sonoraenequipo.com.mx\/storage\/2020\/07\/clausen20.jpg\",\"datePublished\":\"2020-07-28T05:24:10+00:00\",\"description\":\"&nbsp; &gt;&gt; Registra Sonora 35 fallecimientos m\u00e1s y 400 contagios nuevos por Covid-19 &gt;&gt; Sube a 13 mil 570 la cantidad de sonorenses que se han En Sonora en Equipo publicamos toda la informaci\u00f3n de Sonora, M\u00e9xico y el Mundo de manera oportuna y busca que la libertad de expresi\u00f3n sea real. Visita nuestro medio informativo publicado desde Hermosillo, Sonora. %\",\"breadcrumb\":{\"@id\":\"https:\/\/www.sonoraenequipo.com.mx\/inician-operativos-para-confirmar-que-negocios-cumplan-con-medidas-sanitarias-obligatorias-enrique-clausen\/#breadcrumb\"},\"inLanguage\":\"es\",\"potentialAction\":[{\"@type\":\"ReadAction\",\"target\":[\"https:\/\/www.sonoraenequipo.com.mx\/inician-operativos-para-confirmar-que-negocios-cumplan-con-medidas-sanitarias-obligatorias-enrique-clausen\/\"]}]},{\"@type\":\"ImageObject\",\"inLanguage\":\"es\",\"@id\":\"https:\/\/www.sonoraenequipo.com.mx\/inician-operativos-para-confirmar-que-negocios-cumplan-con-medidas-sanitarias-obligatorias-enrique-clausen\/#primaryimage\",\"url\":\"https:\/\/www.sonoraenequipo.com.mx\/storage\/2020\/07\/clausen20.jpg\",\"contentUrl\":\"https:\/\/www.sonoraenequipo.com.mx\/storage\/2020\/07\/clausen20.jpg\",\"width\":600,\"height\":400},{\"@type\":\"BreadcrumbList\",\"@id\":\"https:\/\/www.sonoraenequipo.com.mx\/inician-operativos-para-confirmar-que-negocios-cumplan-con-medidas-sanitarias-obligatorias-enrique-clausen\/#breadcrumb\",\"itemListElement\":[{\"@type\":\"ListItem\",\"position\":1,\"name\":\"Portada\",\"item\":\"https:\/\/www.sonoraenequipo.com.mx\/\"},{\"@type\":\"ListItem\",\"position\":2,\"name\":\"Inician operativos para confirmar que negocios cumplan con medidas sanitarias obligatorias: Enrique Clausen\"}]},{\"@type\":\"WebSite\",\"@id\":\"https:\/\/www.sonoraenequipo.com.mx\/#website\",\"url\":\"https:\/\/www.sonoraenequipo.com.mx\/\",\"name\":\"Sonora en Equipo.\",\"description\":\"Diario en l\u00ednea con Noticias desde Hermosillo, Sonora\",\"publisher\":{\"@id\":\"https:\/\/www.sonoraenequipo.com.mx\/#organization\"},\"potentialAction\":[{\"@type\":\"SearchAction\",\"target\":{\"@type\":\"EntryPoint\",\"urlTemplate\":\"https:\/\/www.sonoraenequipo.com.mx\/?s={search_term_string}\"},\"query-input\":{\"@type\":\"PropertyValueSpecification\",\"valueRequired\":true,\"valueName\":\"search_term_string\"}}],\"inLanguage\":\"es\"},{\"@type\":\"Organization\",\"@id\":\"https:\/\/www.sonoraenequipo.com.mx\/#organization\",\"name\":\"Sonoraenequipo.com.mx\",\"url\":\"https:\/\/www.sonoraenequipo.com.mx\/\",\"logo\":{\"@type\":\"ImageObject\",\"inLanguage\":\"es\",\"@id\":\"https:\/\/www.sonoraenequipo.com.mx\/#\/schema\/logo\/image\/\",\"url\":\"https:\/\/www.sonoraenequipo.com.mx\/storage\/2019\/01\/sonoraenequipo_opt.png\",\"contentUrl\":\"https:\/\/www.sonoraenequipo.com.mx\/storage\/2019\/01\/sonoraenequipo_opt.png\",\"width\":375,\"height\":125,\"caption\":\"Sonoraenequipo.com.mx\"},\"image\":{\"@id\":\"https:\/\/www.sonoraenequipo.com.mx\/#\/schema\/logo\/image\/\"},\"sameAs\":[\"https:\/\/www.facebook.com\/SonoraEE\/\",\"https:\/\/x.com\/sonoraenequipo\",\"https:\/\/www.youtube.com\/channel\/UC338nW-lPEYmJQs4ZABQ1SQ\"]},{\"@type\":\"Person\",\"@id\":\"https:\/\/www.sonoraenequipo.com.mx\/#\/schema\/person\/50102df0fb23a8fa9e8effad8fa81386\",\"name\":\"enequipo\",\"image\":{\"@type\":\"ImageObject\",\"inLanguage\":\"es\",\"@id\":\"https:\/\/www.sonoraenequipo.com.mx\/#\/schema\/person\/image\/\",\"url\":\"https:\/\/secure.gravatar.com\/avatar\/049821681b589dabc0bc20695993ccebb09f5b5d4d790cd9251b97faac7c652b?s=96&d=blank&r=g\",\"contentUrl\":\"https:\/\/secure.gravatar.com\/avatar\/049821681b589dabc0bc20695993ccebb09f5b5d4d790cd9251b97faac7c652b?s=96&d=blank&r=g\",\"caption\":\"enequipo\"},\"sameAs\":[\"https:\/\/www.facebook.com\/SonoraEE\"]}]}<\/script>\n ","yoast_head_json":{"title":"Sonora en Equipo. Inician operativos para confirmar que negocios cumplan con medidas sanitarias obligatorias: Enrique Clausen Sonora","description":"&nbsp; &gt;&gt; Registra Sonora 35 fallecimientos m\u00e1s y 400 contagios nuevos por Covid-19 &gt;&gt; Sube a 13 mil 570 la cantidad de sonorenses que se han En Sonora en Equipo publicamos toda la informaci\u00f3n de Sonora, M\u00e9xico y el Mundo de manera oportuna y busca que la libertad de expresi\u00f3n sea real. Visita nuestro medio informativo publicado desde Hermosillo, Sonora. %","robots":{"index":"index","follow":"follow","max-snippet":"max-snippet:-1","max-image-preview":"max-image-preview:large","max-video-preview":"max-video-preview:-1"},"canonical":"https:\/\/www.sonoraenequipo.com.mx\/inician-operativos-para-confirmar-que-negocios-cumplan-con-medidas-sanitarias-obligatorias-enrique-clausen\/","og_locale":"es_ES","og_type":"article","og_title":"Sonora en Equipo. Inician operativos para confirmar que negocios cumplan con medidas sanitarias obligatorias: Enrique Clausen Sonora","og_description":"&nbsp; &gt;&gt; Registra Sonora 35 fallecimientos m\u00e1s y 400 contagios nuevos por Covid-19 &gt;&gt; Sube a 13 mil 570 la cantidad de sonorenses que se han En Sonora en Equipo publicamos toda la informaci\u00f3n de Sonora, M\u00e9xico y el Mundo de manera oportuna y busca que la libertad de expresi\u00f3n sea real. Visita nuestro medio informativo publicado desde Hermosillo, Sonora. %","og_url":"https:\/\/www.sonoraenequipo.com.mx\/inician-operativos-para-confirmar-que-negocios-cumplan-con-medidas-sanitarias-obligatorias-enrique-clausen\/","og_site_name":"Sonora en Equipo.","article_publisher":"https:\/\/www.facebook.com\/SonoraEE\/","article_author":"https:\/\/www.facebook.com\/SonoraEE","article_published_time":"2020-07-28T05:24:10+00:00","og_image":[{"width":600,"height":400,"url":"https:\/\/www.sonoraenequipo.com.mx\/storage\/2020\/07\/clausen20.jpg","type":"image\/jpeg"}],"author":"enequipo","twitter_card":"summary_large_image","twitter_creator":"@sonoraenequipo","twitter_site":"@sonoraenequipo","twitter_misc":{"Escrito por":"enequipo","Tiempo de lectura":"4 minutos"},"schema":{"@context":"https:\/\/schema.org","@graph":[{"@type":"Article","@id":"https:\/\/www.sonoraenequipo.com.mx\/inician-operativos-para-confirmar-que-negocios-cumplan-con-medidas-sanitarias-obligatorias-enrique-clausen\/#article","isPartOf":{"@id":"https:\/\/www.sonoraenequipo.com.mx\/inician-operativos-para-confirmar-que-negocios-cumplan-con-medidas-sanitarias-obligatorias-enrique-clausen\/"},"author":{"name":"enequipo","@id":"https:\/\/www.sonoraenequipo.com.mx\/#\/schema\/person\/50102df0fb23a8fa9e8effad8fa81386"},"headline":"Inician operativos para confirmar que negocios cumplan con medidas sanitarias obligatorias: Enrique Clausen","datePublished":"2020-07-28T05:24:10+00:00","mainEntityOfPage":{"@id":"https:\/\/www.sonoraenequipo.com.mx\/inician-operativos-para-confirmar-que-negocios-cumplan-con-medidas-sanitarias-obligatorias-enrique-clausen\/"},"wordCount":798,"commentCount":0,"publisher":{"@id":"https:\/\/www.sonoraenequipo.com.mx\/#organization"},"image":{"@id":"https:\/\/www.sonoraenequipo.com.mx\/inician-operativos-para-confirmar-que-negocios-cumplan-con-medidas-sanitarias-obligatorias-enrique-clausen\/#primaryimage"},"thumbnailUrl":"https:\/\/www.sonoraenequipo.com.mx\/storage\/2020\/07\/clausen20.jpg","keywords":["covid","ENRIQUE CLAUSEN","Sonora"],"articleSection":["Sonora"],"inLanguage":"es","potentialAction":[{"@type":"CommentAction","name":"Comment","target":["https:\/\/www.sonoraenequipo.com.mx\/inician-operativos-para-confirmar-que-negocios-cumplan-con-medidas-sanitarias-obligatorias-enrique-clausen\/#respond"]}]},{"@type":"WebPage","@id":"https:\/\/www.sonoraenequipo.com.mx\/inician-operativos-para-confirmar-que-negocios-cumplan-con-medidas-sanitarias-obligatorias-enrique-clausen\/","url":"https:\/\/www.sonoraenequipo.com.mx\/inician-operativos-para-confirmar-que-negocios-cumplan-con-medidas-sanitarias-obligatorias-enrique-clausen\/","name":"Sonora en Equipo. Inician operativos para confirmar que negocios cumplan con medidas sanitarias obligatorias: Enrique Clausen Sonora","isPartOf":{"@id":"https:\/\/www.sonoraenequipo.com.mx\/#website"},"primaryImageOfPage":{"@id":"https:\/\/www.sonoraenequipo.com.mx\/inician-operativos-para-confirmar-que-negocios-cumplan-con-medidas-sanitarias-obligatorias-enrique-clausen\/#primaryimage"},"image":{"@id":"https:\/\/www.sonoraenequipo.com.mx\/inician-operativos-para-confirmar-que-negocios-cumplan-con-medidas-sanitarias-obligatorias-enrique-clausen\/#primaryimage"},"thumbnailUrl":"https:\/\/www.sonoraenequipo.com.mx\/storage\/2020\/07\/clausen20.jpg","datePublished":"2020-07-28T05:24:10+00:00","description":"&nbsp; &gt;&gt; Registra Sonora 35 fallecimientos m\u00e1s y 400 contagios nuevos por Covid-19 &gt;&gt; Sube a 13 mil 570 la cantidad de sonorenses que se han En Sonora en Equipo publicamos toda la informaci\u00f3n de Sonora, M\u00e9xico y el Mundo de manera oportuna y busca que la libertad de expresi\u00f3n sea real. Visita nuestro medio informativo publicado desde Hermosillo, Sonora. %","breadcrumb":{"@id":"https:\/\/www.sonoraenequipo.com.mx\/inician-operativos-para-confirmar-que-negocios-cumplan-con-medidas-sanitarias-obligatorias-enrique-clausen\/#breadcrumb"},"inLanguage":"es","potentialAction":[{"@type":"ReadAction","target":["https:\/\/www.sonoraenequipo.com.mx\/inician-operativos-para-confirmar-que-negocios-cumplan-con-medidas-sanitarias-obligatorias-enrique-clausen\/"]}]},{"@type":"ImageObject","inLanguage":"es","@id":"https:\/\/www.sonoraenequipo.com.mx\/inician-operativos-para-confirmar-que-negocios-cumplan-con-medidas-sanitarias-obligatorias-enrique-clausen\/#primaryimage","url":"https:\/\/www.sonoraenequipo.com.mx\/storage\/2020\/07\/clausen20.jpg","contentUrl":"https:\/\/www.sonoraenequipo.com.mx\/storage\/2020\/07\/clausen20.jpg","width":600,"height":400},{"@type":"BreadcrumbList","@id":"https:\/\/www.sonoraenequipo.com.mx\/inician-operativos-para-confirmar-que-negocios-cumplan-con-medidas-sanitarias-obligatorias-enrique-clausen\/#breadcrumb","itemListElement":[{"@type":"ListItem","position":1,"name":"Portada","item":"https:\/\/www.sonoraenequipo.com.mx\/"},{"@type":"ListItem","position":2,"name":"Inician operativos para confirmar que negocios cumplan con medidas sanitarias obligatorias: Enrique Clausen"}]},{"@type":"WebSite","@id":"https:\/\/www.sonoraenequipo.com.mx\/#website","url":"https:\/\/www.sonoraenequipo.com.mx\/","name":"Sonora en Equipo.","description":"Diario en l\u00ednea con Noticias desde Hermosillo, Sonora","publisher":{"@id":"https:\/\/www.sonoraenequipo.com.mx\/#organization"},"potentialAction":[{"@type":"SearchAction","target":{"@type":"EntryPoint","urlTemplate":"https:\/\/www.sonoraenequipo.com.mx\/?s={search_term_string}"},"query-input":{"@type":"PropertyValueSpecification","valueRequired":true,"valueName":"search_term_string"}}],"inLanguage":"es"},{"@type":"Organization","@id":"https:\/\/www.sonoraenequipo.com.mx\/#organization","name":"Sonoraenequipo.com.mx","url":"https:\/\/www.sonoraenequipo.com.mx\/","logo":{"@type":"ImageObject","inLanguage":"es","@id":"https:\/\/www.sonoraenequipo.com.mx\/#\/schema\/logo\/image\/","url":"https:\/\/www.sonoraenequipo.com.mx\/storage\/2019\/01\/sonoraenequipo_opt.png","contentUrl":"https:\/\/www.sonoraenequipo.com.mx\/storage\/2019\/01\/sonoraenequipo_opt.png","width":375,"height":125,"caption":"Sonoraenequipo.com.mx"},"image":{"@id":"https:\/\/www.sonoraenequipo.com.mx\/#\/schema\/logo\/image\/"},"sameAs":["https:\/\/www.facebook.com\/SonoraEE\/","https:\/\/x.com\/sonoraenequipo","https:\/\/www.youtube.com\/channel\/UC338nW-lPEYmJQs4ZABQ1SQ"]},{"@type":"Person","@id":"https:\/\/www.sonoraenequipo.com.mx\/#\/schema\/person\/50102df0fb23a8fa9e8effad8fa81386","name":"enequipo","image":{"@type":"ImageObject","inLanguage":"es","@id":"https:\/\/www.sonoraenequipo.com.mx\/#\/schema\/person\/image\/","url":"https:\/\/secure.gravatar.com\/avatar\/049821681b589dabc0bc20695993ccebb09f5b5d4d790cd9251b97faac7c652b?s=96&d=blank&r=g","contentUrl":"https:\/\/secure.gravatar.com\/avatar\/049821681b589dabc0bc20695993ccebb09f5b5d4d790cd9251b97faac7c652b?s=96&d=blank&r=g","caption":"enequipo"},"sameAs":["https:\/\/www.facebook.com\/SonoraEE"]}]}},"jetpack_featured_media_url":"https:\/\/www.sonoraenequipo.com.mx\/storage\/2020\/07\/clausen20.jpg","_links":{"self":[{"href":"https:\/\/www.sonoraenequipo.com.mx\/api\/wp\/v2\/posts\/90982","targetHints":{"allow":["GET"]}}],"collection":[{"href":"https:\/\/www.sonoraenequipo.com.mx\/api\/wp\/v2\/posts"}],"about":[{"href":"https:\/\/www.sonoraenequipo.com.mx\/api\/wp\/v2\/types\/post"}],"author":[{"embeddable":true,"href":"https:\/\/www.sonoraenequipo.com.mx\/api\/wp\/v2\/users\/1"}],"replies":[{"embeddable":true,"href":"https:\/\/www.sonoraenequipo.com.mx\/api\/wp\/v2\/comments?post=90982"}],"version-history":[{"count":0,"href":"https:\/\/www.sonoraenequipo.com.mx\/api\/wp\/v2\/posts\/90982\/revisions"}],"wp:featuredmedia":[{"embeddable":true,"href":"https:\/\/www.sonoraenequipo.com.mx\/api\/wp\/v2\/media\/90983"}],"wp:attachment":[{"href":"https:\/\/www.sonoraenequipo.com.mx\/api\/wp\/v2\/media?parent=90982"}],"wp:term":[{"taxonomy":"category","embeddable":true,"href":"https:\/\/www.sonoraenequipo.com.mx\/api\/wp\/v2\/categories?post=90982"},{"taxonomy":"post_tag","embeddable":true,"href":"https:\/\/www.sonoraenequipo.com.mx\/api\/wp\/v2\/tags?post=90982"}],"curies":[{"name":"wp","href":"https:\/\/api.w.org\/{rel}","templated":true}]}}