{"id":91004,"date":"2020-07-28T12:38:35","date_gmt":"2020-07-28T19:38:35","guid":{"rendered":"https:\/\/www.sonoraenequipo.com.mx\/?p=91004"},"modified":"2020-07-28T12:38:35","modified_gmt":"2020-07-28T19:38:35","slug":"se-aplicaran-en-sonora-mas-de-283-mil-millones-de-pesos-del-fondo-minero-2018","status":"publish","type":"post","link":"https:\/\/www.sonoraenequipo.com.mx\/se-aplicaran-en-sonora-mas-de-283-mil-millones-de-pesos-del-fondo-minero-2018\/","title":{"rendered":"Se aplicar\u00e1n en Sonora m\u00e1s de 283 mil millones de pesos del Fondo Minero 2018"},"content":{"rendered":"<p>CANANEA, SONORA. MX. \u2014 Con una cantidad superior a la del a\u00f1o 2017 que ascendi\u00f3 a <strong>$283,878,020.00<\/strong>, qued\u00f3 establecido que es un hecho que s\u00ed llegar\u00e1 a Cananea y el resto de municipios beneficiados el impuesto del Fondo Minero del a\u00f1o fiscal 2018, que de alguna manera permanec\u00eda retenido.<\/p>\n<p>&nbsp;<\/p>\n<p>&nbsp;<\/p>\n<p> <\/p>\n<p>&nbsp;<\/p>\n<p>&nbsp;<\/p>\n<p>La informaci\u00f3n la dio a conocer el Presidente Municipal de Cananea Eduardo Quiroga, qui\u00e9n dijo que con este importante recurso se realizar\u00e1n varias obras en rubros de pavimentaci\u00f3n, alumbrado p\u00fablico, drenaje, agua potable, entre otros.<\/p>\n<p>&nbsp;<\/p>\n<p>&nbsp;<\/p>\n<p>Se advierte dijo, que se tenga que estar dando el banderazo de salida a estas obras en los meses de agosto y septiembre, despu\u00e9s de que hayan sido aprobadas por el Comit\u00e9 correspondiente, para lo cual el Ayuntamiento de Cananea tiene ya listos los proyectos ejecutivos de cada obra planificada.<\/p>\n<p>&nbsp;<\/p>\n<p>&nbsp;<\/p>\n<p>El edil cananense, dijo tambi\u00e9n que \u00e9l mismo est\u00e1 solicitado al ISAF (Instituto Superior de Auditor\u00eda y Fiscalizaci\u00f3n), que realice en tiempo y forma las auditorias correspondientes a la actual administraci\u00f3n municipal, pues quiere asegura, entregar cuentas claras.<\/p>\n<p>&nbsp;<\/p>\n<p>&nbsp;<\/p>\n<p>El Alcalde Cananense, asegur\u00f3 que el monto es superior a los a\u00f1os anteriores, aunque no precis\u00f3 la cantidad, pero se\u00f1al\u00f3 que esto servir\u00e1 para avanzar en el proyecto de infraestructura urbana, mientras que puntualiz\u00f3 que el recurso del Fondo Minero del a\u00f1o fiscal 2019, contin\u00faa en controversia constitucional.<\/p>\n<p>&nbsp;<\/p>\n<p>(PUBLICADO EL 28\/07\/2020)<\/p>\n","protected":false},"excerpt":{"rendered":"<p>CANANEA, SONORA. MX. \u2014 Con una cantidad superior a la del a\u00f1o 2017 que ascendi\u00f3&#8230;<\/p>\n","protected":false},"author":1,"featured_media":91005,"comment_status":"open","ping_status":"open","sticky":false,"template":"","format":"standard","meta":{"_monsterinsights_skip_tracking":false,"_monsterinsights_sitenote_active":false,"_monsterinsights_sitenote_note":"","_monsterinsights_sitenote_category":0,"footnotes":""},"categories":[22],"tags":[],"class_list":["post"],"yoast_head":" \n<title>Sonora en Equipo. Se aplicar\u00e1n en Sonora m\u00e1s de 283 mil millones de pesos del Fondo Minero 2018 Sonora<\/title>\n<meta name=\"description\" content=\"CANANEA, SONORA. MX. \u2014 Con una cantidad superior a la del a\u00f1o 2017 que ascendi\u00f3 a $283,878,020.00, qued\u00f3 establecido que es un hecho que s\u00ed llegar\u00e1 a En Sonora en Equipo publicamos toda la informaci\u00f3n de Sonora, M\u00e9xico y el Mundo de manera oportuna y busca que la libertad de expresi\u00f3n sea real. Visita nuestro medio informativo publicado desde Hermosillo, Sonora. %\" \/>\n<meta name=\"robots\" content=\"index, follow, max-snippet:-1, max-image-preview:large, max-video-preview:-1\" \/>\n<link rel=\"canonical\" href=\"https:\/\/www.sonoraenequipo.com.mx\/se-aplicaran-en-sonora-mas-de-283-mil-millones-de-pesos-del-fondo-minero-2018\/\" \/>\n<meta property=\"og:locale\" content=\"es_ES\" \/>\n<meta property=\"og:type\" content=\"article\" \/>\n<meta property=\"og:title\" content=\"Sonora en Equipo. Se aplicar\u00e1n en Sonora m\u00e1s de 283 mil millones de pesos del Fondo Minero 2018 Sonora\" \/>\n<meta property=\"og:description\" content=\"CANANEA, SONORA. MX. \u2014 Con una cantidad superior a la del a\u00f1o 2017 que ascendi\u00f3 a $283,878,020.00, qued\u00f3 establecido que es un hecho que s\u00ed llegar\u00e1 a En Sonora en Equipo publicamos toda la informaci\u00f3n de Sonora, M\u00e9xico y el Mundo de manera oportuna y busca que la libertad de expresi\u00f3n sea real. Visita nuestro medio informativo publicado desde Hermosillo, Sonora. %\" \/>\n<meta property=\"og:url\" content=\"https:\/\/www.sonoraenequipo.com.mx\/se-aplicaran-en-sonora-mas-de-283-mil-millones-de-pesos-del-fondo-minero-2018\/\" \/>\n<meta property=\"og:site_name\" content=\"Sonora en Equipo.\" \/>\n<meta property=\"article:publisher\" content=\"https:\/\/www.facebook.com\/SonoraEE\/\" \/>\n<meta property=\"article:author\" content=\"https:\/\/www.facebook.com\/SonoraEE\" \/>\n<meta property=\"article:published_time\" content=\"2020-07-28T19:38:35+00:00\" \/>\n<meta property=\"og:image\" content=\"https:\/\/www.sonoraenequipo.com.mx\/storage\/2020\/07\/Mina-en-Cananea-y-el-fondo-minero_opt.jpg\" \/>\n\t<meta property=\"og:image:width\" content=\"633\" \/>\n\t<meta property=\"og:image:height\" content=\"350\" \/>\n\t<meta property=\"og:image:type\" content=\"image\/jpeg\" \/>\n<meta name=\"author\" content=\"enequipo\" \/>\n<meta name=\"twitter:card\" content=\"summary_large_image\" \/>\n<meta name=\"twitter:creator\" content=\"@sonoraenequipo\" \/>\n<meta name=\"twitter:site\" content=\"@sonoraenequipo\" \/>\n<meta name=\"twitter:label1\" content=\"Escrito por\" \/>\n\t<meta name=\"twitter:data1\" content=\"enequipo\" \/>\n\t<meta name=\"twitter:label2\" content=\"Tiempo de lectura\" \/>\n\t<meta name=\"twitter:data2\" content=\"1 minuto\" \/>\n<script type=\"application\/ld+json\" class=\"yoast-schema-graph\">{\"@context\":\"https:\/\/schema.org\",\"@graph\":[{\"@type\":\"Article\",\"@id\":\"https:\/\/www.sonoraenequipo.com.mx\/se-aplicaran-en-sonora-mas-de-283-mil-millones-de-pesos-del-fondo-minero-2018\/#article\",\"isPartOf\":{\"@id\":\"https:\/\/www.sonoraenequipo.com.mx\/se-aplicaran-en-sonora-mas-de-283-mil-millones-de-pesos-del-fondo-minero-2018\/\"},\"author\":{\"name\":\"enequipo\",\"@id\":\"https:\/\/www.sonoraenequipo.com.mx\/#\/schema\/person\/50102df0fb23a8fa9e8effad8fa81386\"},\"headline\":\"Se aplicar\u00e1n en Sonora m\u00e1s de 283 mil millones de pesos del Fondo Minero 2018\",\"datePublished\":\"2020-07-28T19:38:35+00:00\",\"mainEntityOfPage\":{\"@id\":\"https:\/\/www.sonoraenequipo.com.mx\/se-aplicaran-en-sonora-mas-de-283-mil-millones-de-pesos-del-fondo-minero-2018\/\"},\"wordCount\":260,\"commentCount\":0,\"publisher\":{\"@id\":\"https:\/\/www.sonoraenequipo.com.mx\/#organization\"},\"image\":{\"@id\":\"https:\/\/www.sonoraenequipo.com.mx\/se-aplicaran-en-sonora-mas-de-283-mil-millones-de-pesos-del-fondo-minero-2018\/#primaryimage\"},\"thumbnailUrl\":\"https:\/\/www.sonoraenequipo.com.mx\/storage\/2020\/07\/Mina-en-Cananea-y-el-fondo-minero_opt.jpg\",\"articleSection\":[\"Sonora\"],\"inLanguage\":\"es\",\"potentialAction\":[{\"@type\":\"CommentAction\",\"name\":\"Comment\",\"target\":[\"https:\/\/www.sonoraenequipo.com.mx\/se-aplicaran-en-sonora-mas-de-283-mil-millones-de-pesos-del-fondo-minero-2018\/#respond\"]}]},{\"@type\":\"WebPage\",\"@id\":\"https:\/\/www.sonoraenequipo.com.mx\/se-aplicaran-en-sonora-mas-de-283-mil-millones-de-pesos-del-fondo-minero-2018\/\",\"url\":\"https:\/\/www.sonoraenequipo.com.mx\/se-aplicaran-en-sonora-mas-de-283-mil-millones-de-pesos-del-fondo-minero-2018\/\",\"name\":\"Sonora en Equipo. Se aplicar\u00e1n en Sonora m\u00e1s de 283 mil millones de pesos del Fondo Minero 2018 Sonora\",\"isPartOf\":{\"@id\":\"https:\/\/www.sonoraenequipo.com.mx\/#website\"},\"primaryImageOfPage\":{\"@id\":\"https:\/\/www.sonoraenequipo.com.mx\/se-aplicaran-en-sonora-mas-de-283-mil-millones-de-pesos-del-fondo-minero-2018\/#primaryimage\"},\"image\":{\"@id\":\"https:\/\/www.sonoraenequipo.com.mx\/se-aplicaran-en-sonora-mas-de-283-mil-millones-de-pesos-del-fondo-minero-2018\/#primaryimage\"},\"thumbnailUrl\":\"https:\/\/www.sonoraenequipo.com.mx\/storage\/2020\/07\/Mina-en-Cananea-y-el-fondo-minero_opt.jpg\",\"datePublished\":\"2020-07-28T19:38:35+00:00\",\"description\":\"CANANEA, SONORA. MX. \u2014 Con una cantidad superior a la del a\u00f1o 2017 que ascendi\u00f3 a $283,878,020.00, qued\u00f3 establecido que es un hecho que s\u00ed llegar\u00e1 a En Sonora en Equipo publicamos toda la informaci\u00f3n de Sonora, M\u00e9xico y el Mundo de manera oportuna y busca que la libertad de expresi\u00f3n sea real. Visita nuestro medio informativo publicado desde Hermosillo, Sonora. %\",\"breadcrumb\":{\"@id\":\"https:\/\/www.sonoraenequipo.com.mx\/se-aplicaran-en-sonora-mas-de-283-mil-millones-de-pesos-del-fondo-minero-2018\/#breadcrumb\"},\"inLanguage\":\"es\",\"potentialAction\":[{\"@type\":\"ReadAction\",\"target\":[\"https:\/\/www.sonoraenequipo.com.mx\/se-aplicaran-en-sonora-mas-de-283-mil-millones-de-pesos-del-fondo-minero-2018\/\"]}]},{\"@type\":\"ImageObject\",\"inLanguage\":\"es\",\"@id\":\"https:\/\/www.sonoraenequipo.com.mx\/se-aplicaran-en-sonora-mas-de-283-mil-millones-de-pesos-del-fondo-minero-2018\/#primaryimage\",\"url\":\"https:\/\/www.sonoraenequipo.com.mx\/storage\/2020\/07\/Mina-en-Cananea-y-el-fondo-minero_opt.jpg\",\"contentUrl\":\"https:\/\/www.sonoraenequipo.com.mx\/storage\/2020\/07\/Mina-en-Cananea-y-el-fondo-minero_opt.jpg\",\"width\":633,\"height\":350},{\"@type\":\"BreadcrumbList\",\"@id\":\"https:\/\/www.sonoraenequipo.com.mx\/se-aplicaran-en-sonora-mas-de-283-mil-millones-de-pesos-del-fondo-minero-2018\/#breadcrumb\",\"itemListElement\":[{\"@type\":\"ListItem\",\"position\":1,\"name\":\"Portada\",\"item\":\"https:\/\/www.sonoraenequipo.com.mx\/\"},{\"@type\":\"ListItem\",\"position\":2,\"name\":\"Se aplicar\u00e1n en Sonora m\u00e1s de 283 mil millones de pesos del Fondo Minero 2018\"}]},{\"@type\":\"WebSite\",\"@id\":\"https:\/\/www.sonoraenequipo.com.mx\/#website\",\"url\":\"https:\/\/www.sonoraenequipo.com.mx\/\",\"name\":\"Sonora en Equipo.\",\"description\":\"Diario en l\u00ednea con Noticias desde Hermosillo, Sonora\",\"publisher\":{\"@id\":\"https:\/\/www.sonoraenequipo.com.mx\/#organization\"},\"potentialAction\":[{\"@type\":\"SearchAction\",\"target\":{\"@type\":\"EntryPoint\",\"urlTemplate\":\"https:\/\/www.sonoraenequipo.com.mx\/?s={search_term_string}\"},\"query-input\":{\"@type\":\"PropertyValueSpecification\",\"valueRequired\":true,\"valueName\":\"search_term_string\"}}],\"inLanguage\":\"es\"},{\"@type\":\"Organization\",\"@id\":\"https:\/\/www.sonoraenequipo.com.mx\/#organization\",\"name\":\"Sonoraenequipo.com.mx\",\"url\":\"https:\/\/www.sonoraenequipo.com.mx\/\",\"logo\":{\"@type\":\"ImageObject\",\"inLanguage\":\"es\",\"@id\":\"https:\/\/www.sonoraenequipo.com.mx\/#\/schema\/logo\/image\/\",\"url\":\"https:\/\/www.sonoraenequipo.com.mx\/storage\/2019\/01\/sonoraenequipo_opt.png\",\"contentUrl\":\"https:\/\/www.sonoraenequipo.com.mx\/storage\/2019\/01\/sonoraenequipo_opt.png\",\"width\":375,\"height\":125,\"caption\":\"Sonoraenequipo.com.mx\"},\"image\":{\"@id\":\"https:\/\/www.sonoraenequipo.com.mx\/#\/schema\/logo\/image\/\"},\"sameAs\":[\"https:\/\/www.facebook.com\/SonoraEE\/\",\"https:\/\/x.com\/sonoraenequipo\",\"https:\/\/www.youtube.com\/channel\/UC338nW-lPEYmJQs4ZABQ1SQ\"]},{\"@type\":\"Person\",\"@id\":\"https:\/\/www.sonoraenequipo.com.mx\/#\/schema\/person\/50102df0fb23a8fa9e8effad8fa81386\",\"name\":\"enequipo\",\"image\":{\"@type\":\"ImageObject\",\"inLanguage\":\"es\",\"@id\":\"https:\/\/www.sonoraenequipo.com.mx\/#\/schema\/person\/image\/\",\"url\":\"https:\/\/secure.gravatar.com\/avatar\/049821681b589dabc0bc20695993ccebb09f5b5d4d790cd9251b97faac7c652b?s=96&d=blank&r=g\",\"contentUrl\":\"https:\/\/secure.gravatar.com\/avatar\/049821681b589dabc0bc20695993ccebb09f5b5d4d790cd9251b97faac7c652b?s=96&d=blank&r=g\",\"caption\":\"enequipo\"},\"sameAs\":[\"https:\/\/www.facebook.com\/SonoraEE\"]}]}<\/script>\n ","yoast_head_json":{"title":"Sonora en Equipo. Se aplicar\u00e1n en Sonora m\u00e1s de 283 mil millones de pesos del Fondo Minero 2018 Sonora","description":"CANANEA, SONORA. MX. \u2014 Con una cantidad superior a la del a\u00f1o 2017 que ascendi\u00f3 a $283,878,020.00, qued\u00f3 establecido que es un hecho que s\u00ed llegar\u00e1 a En Sonora en Equipo publicamos toda la informaci\u00f3n de Sonora, M\u00e9xico y el Mundo de manera oportuna y busca que la libertad de expresi\u00f3n sea real. Visita nuestro medio informativo publicado desde Hermosillo, Sonora. %","robots":{"index":"index","follow":"follow","max-snippet":"max-snippet:-1","max-image-preview":"max-image-preview:large","max-video-preview":"max-video-preview:-1"},"canonical":"https:\/\/www.sonoraenequipo.com.mx\/se-aplicaran-en-sonora-mas-de-283-mil-millones-de-pesos-del-fondo-minero-2018\/","og_locale":"es_ES","og_type":"article","og_title":"Sonora en Equipo. Se aplicar\u00e1n en Sonora m\u00e1s de 283 mil millones de pesos del Fondo Minero 2018 Sonora","og_description":"CANANEA, SONORA. MX. \u2014 Con una cantidad superior a la del a\u00f1o 2017 que ascendi\u00f3 a $283,878,020.00, qued\u00f3 establecido que es un hecho que s\u00ed llegar\u00e1 a En Sonora en Equipo publicamos toda la informaci\u00f3n de Sonora, M\u00e9xico y el Mundo de manera oportuna y busca que la libertad de expresi\u00f3n sea real. Visita nuestro medio informativo publicado desde Hermosillo, Sonora. %","og_url":"https:\/\/www.sonoraenequipo.com.mx\/se-aplicaran-en-sonora-mas-de-283-mil-millones-de-pesos-del-fondo-minero-2018\/","og_site_name":"Sonora en Equipo.","article_publisher":"https:\/\/www.facebook.com\/SonoraEE\/","article_author":"https:\/\/www.facebook.com\/SonoraEE","article_published_time":"2020-07-28T19:38:35+00:00","og_image":[{"width":633,"height":350,"url":"https:\/\/www.sonoraenequipo.com.mx\/storage\/2020\/07\/Mina-en-Cananea-y-el-fondo-minero_opt.jpg","type":"image\/jpeg"}],"author":"enequipo","twitter_card":"summary_large_image","twitter_creator":"@sonoraenequipo","twitter_site":"@sonoraenequipo","twitter_misc":{"Escrito por":"enequipo","Tiempo de lectura":"1 minuto"},"schema":{"@context":"https:\/\/schema.org","@graph":[{"@type":"Article","@id":"https:\/\/www.sonoraenequipo.com.mx\/se-aplicaran-en-sonora-mas-de-283-mil-millones-de-pesos-del-fondo-minero-2018\/#article","isPartOf":{"@id":"https:\/\/www.sonoraenequipo.com.mx\/se-aplicaran-en-sonora-mas-de-283-mil-millones-de-pesos-del-fondo-minero-2018\/"},"author":{"name":"enequipo","@id":"https:\/\/www.sonoraenequipo.com.mx\/#\/schema\/person\/50102df0fb23a8fa9e8effad8fa81386"},"headline":"Se aplicar\u00e1n en Sonora m\u00e1s de 283 mil millones de pesos del Fondo Minero 2018","datePublished":"2020-07-28T19:38:35+00:00","mainEntityOfPage":{"@id":"https:\/\/www.sonoraenequipo.com.mx\/se-aplicaran-en-sonora-mas-de-283-mil-millones-de-pesos-del-fondo-minero-2018\/"},"wordCount":260,"commentCount":0,"publisher":{"@id":"https:\/\/www.sonoraenequipo.com.mx\/#organization"},"image":{"@id":"https:\/\/www.sonoraenequipo.com.mx\/se-aplicaran-en-sonora-mas-de-283-mil-millones-de-pesos-del-fondo-minero-2018\/#primaryimage"},"thumbnailUrl":"https:\/\/www.sonoraenequipo.com.mx\/storage\/2020\/07\/Mina-en-Cananea-y-el-fondo-minero_opt.jpg","articleSection":["Sonora"],"inLanguage":"es","potentialAction":[{"@type":"CommentAction","name":"Comment","target":["https:\/\/www.sonoraenequipo.com.mx\/se-aplicaran-en-sonora-mas-de-283-mil-millones-de-pesos-del-fondo-minero-2018\/#respond"]}]},{"@type":"WebPage","@id":"https:\/\/www.sonoraenequipo.com.mx\/se-aplicaran-en-sonora-mas-de-283-mil-millones-de-pesos-del-fondo-minero-2018\/","url":"https:\/\/www.sonoraenequipo.com.mx\/se-aplicaran-en-sonora-mas-de-283-mil-millones-de-pesos-del-fondo-minero-2018\/","name":"Sonora en Equipo. Se aplicar\u00e1n en Sonora m\u00e1s de 283 mil millones de pesos del Fondo Minero 2018 Sonora","isPartOf":{"@id":"https:\/\/www.sonoraenequipo.com.mx\/#website"},"primaryImageOfPage":{"@id":"https:\/\/www.sonoraenequipo.com.mx\/se-aplicaran-en-sonora-mas-de-283-mil-millones-de-pesos-del-fondo-minero-2018\/#primaryimage"},"image":{"@id":"https:\/\/www.sonoraenequipo.com.mx\/se-aplicaran-en-sonora-mas-de-283-mil-millones-de-pesos-del-fondo-minero-2018\/#primaryimage"},"thumbnailUrl":"https:\/\/www.sonoraenequipo.com.mx\/storage\/2020\/07\/Mina-en-Cananea-y-el-fondo-minero_opt.jpg","datePublished":"2020-07-28T19:38:35+00:00","description":"CANANEA, SONORA. MX. \u2014 Con una cantidad superior a la del a\u00f1o 2017 que ascendi\u00f3 a $283,878,020.00, qued\u00f3 establecido que es un hecho que s\u00ed llegar\u00e1 a En Sonora en Equipo publicamos toda la informaci\u00f3n de Sonora, M\u00e9xico y el Mundo de manera oportuna y busca que la libertad de expresi\u00f3n sea real. Visita nuestro medio informativo publicado desde Hermosillo, Sonora. %","breadcrumb":{"@id":"https:\/\/www.sonoraenequipo.com.mx\/se-aplicaran-en-sonora-mas-de-283-mil-millones-de-pesos-del-fondo-minero-2018\/#breadcrumb"},"inLanguage":"es","potentialAction":[{"@type":"ReadAction","target":["https:\/\/www.sonoraenequipo.com.mx\/se-aplicaran-en-sonora-mas-de-283-mil-millones-de-pesos-del-fondo-minero-2018\/"]}]},{"@type":"ImageObject","inLanguage":"es","@id":"https:\/\/www.sonoraenequipo.com.mx\/se-aplicaran-en-sonora-mas-de-283-mil-millones-de-pesos-del-fondo-minero-2018\/#primaryimage","url":"https:\/\/www.sonoraenequipo.com.mx\/storage\/2020\/07\/Mina-en-Cananea-y-el-fondo-minero_opt.jpg","contentUrl":"https:\/\/www.sonoraenequipo.com.mx\/storage\/2020\/07\/Mina-en-Cananea-y-el-fondo-minero_opt.jpg","width":633,"height":350},{"@type":"BreadcrumbList","@id":"https:\/\/www.sonoraenequipo.com.mx\/se-aplicaran-en-sonora-mas-de-283-mil-millones-de-pesos-del-fondo-minero-2018\/#breadcrumb","itemListElement":[{"@type":"ListItem","position":1,"name":"Portada","item":"https:\/\/www.sonoraenequipo.com.mx\/"},{"@type":"ListItem","position":2,"name":"Se aplicar\u00e1n en Sonora m\u00e1s de 283 mil millones de pesos del Fondo Minero 2018"}]},{"@type":"WebSite","@id":"https:\/\/www.sonoraenequipo.com.mx\/#website","url":"https:\/\/www.sonoraenequipo.com.mx\/","name":"Sonora en Equipo.","description":"Diario en l\u00ednea con Noticias desde Hermosillo, Sonora","publisher":{"@id":"https:\/\/www.sonoraenequipo.com.mx\/#organization"},"potentialAction":[{"@type":"SearchAction","target":{"@type":"EntryPoint","urlTemplate":"https:\/\/www.sonoraenequipo.com.mx\/?s={search_term_string}"},"query-input":{"@type":"PropertyValueSpecification","valueRequired":true,"valueName":"search_term_string"}}],"inLanguage":"es"},{"@type":"Organization","@id":"https:\/\/www.sonoraenequipo.com.mx\/#organization","name":"Sonoraenequipo.com.mx","url":"https:\/\/www.sonoraenequipo.com.mx\/","logo":{"@type":"ImageObject","inLanguage":"es","@id":"https:\/\/www.sonoraenequipo.com.mx\/#\/schema\/logo\/image\/","url":"https:\/\/www.sonoraenequipo.com.mx\/storage\/2019\/01\/sonoraenequipo_opt.png","contentUrl":"https:\/\/www.sonoraenequipo.com.mx\/storage\/2019\/01\/sonoraenequipo_opt.png","width":375,"height":125,"caption":"Sonoraenequipo.com.mx"},"image":{"@id":"https:\/\/www.sonoraenequipo.com.mx\/#\/schema\/logo\/image\/"},"sameAs":["https:\/\/www.facebook.com\/SonoraEE\/","https:\/\/x.com\/sonoraenequipo","https:\/\/www.youtube.com\/channel\/UC338nW-lPEYmJQs4ZABQ1SQ"]},{"@type":"Person","@id":"https:\/\/www.sonoraenequipo.com.mx\/#\/schema\/person\/50102df0fb23a8fa9e8effad8fa81386","name":"enequipo","image":{"@type":"ImageObject","inLanguage":"es","@id":"https:\/\/www.sonoraenequipo.com.mx\/#\/schema\/person\/image\/","url":"https:\/\/secure.gravatar.com\/avatar\/049821681b589dabc0bc20695993ccebb09f5b5d4d790cd9251b97faac7c652b?s=96&d=blank&r=g","contentUrl":"https:\/\/secure.gravatar.com\/avatar\/049821681b589dabc0bc20695993ccebb09f5b5d4d790cd9251b97faac7c652b?s=96&d=blank&r=g","caption":"enequipo"},"sameAs":["https:\/\/www.facebook.com\/SonoraEE"]}]}},"jetpack_featured_media_url":"https:\/\/www.sonoraenequipo.com.mx\/storage\/2020\/07\/Mina-en-Cananea-y-el-fondo-minero_opt.jpg","_links":{"self":[{"href":"https:\/\/www.sonoraenequipo.com.mx\/api\/wp\/v2\/posts\/91004","targetHints":{"allow":["GET"]}}],"collection":[{"href":"https:\/\/www.sonoraenequipo.com.mx\/api\/wp\/v2\/posts"}],"about":[{"href":"https:\/\/www.sonoraenequipo.com.mx\/api\/wp\/v2\/types\/post"}],"author":[{"embeddable":true,"href":"https:\/\/www.sonoraenequipo.com.mx\/api\/wp\/v2\/users\/1"}],"replies":[{"embeddable":true,"href":"https:\/\/www.sonoraenequipo.com.mx\/api\/wp\/v2\/comments?post=91004"}],"version-history":[{"count":0,"href":"https:\/\/www.sonoraenequipo.com.mx\/api\/wp\/v2\/posts\/91004\/revisions"}],"wp:featuredmedia":[{"embeddable":true,"href":"https:\/\/www.sonoraenequipo.com.mx\/api\/wp\/v2\/media\/91005"}],"wp:attachment":[{"href":"https:\/\/www.sonoraenequipo.com.mx\/api\/wp\/v2\/media?parent=91004"}],"wp:term":[{"taxonomy":"category","embeddable":true,"href":"https:\/\/www.sonoraenequipo.com.mx\/api\/wp\/v2\/categories?post=91004"},{"taxonomy":"post_tag","embeddable":true,"href":"https:\/\/www.sonoraenequipo.com.mx\/api\/wp\/v2\/tags?post=91004"}],"curies":[{"name":"wp","href":"https:\/\/api.w.org\/{rel}","templated":true}]}}