{"id":91007,"date":"2020-07-28T13:14:38","date_gmt":"2020-07-28T20:14:38","guid":{"rendered":"https:\/\/www.sonoraenequipo.com.mx\/?p=91007"},"modified":"2020-07-28T13:17:39","modified_gmt":"2020-07-28T20:17:39","slug":"es-irresponsable-reactivar-la-movilidad-en-mexico-por-casos-de-covid-19","status":"publish","type":"post","link":"https:\/\/www.sonoraenequipo.com.mx\/es-irresponsable-reactivar-la-movilidad-en-mexico-por-casos-de-covid-19\/","title":{"rendered":"Es irresponsable reactivar la movilidad en M\u00e9xico por casos de Covid-19"},"content":{"rendered":"<p>CIUDAD DE M\u00c9XICO. MX. \u2014 Las medidas de reactivaci\u00f3n econ\u00f3mica en M\u00e9xico han propiciado el aumento de casos, lo que coloca al pa\u00eds en un panorama poco alentador, advirti\u00f3 Laurie Ann Xim\u00e9nez-Fyvie, jefa del laboratorio de Gen\u00e9tica Molecular de la UNAM.\u00a0 Alert\u00f3 que la reactivaci\u00f3n del pa\u00eds no se ha hecho de forma adecuada.<\/p>\n<p> <\/p>\n<p><em>\u201cNo lleg\u00f3 nunca el momento que permitiera que las actividades se reactivaran\u201d,<\/em> afirm\u00f3 la cient\u00edfica en entrevista para Forbes M\u00e9xico.<\/p>\n<p>Por el contrario, alert\u00f3, la curva epidemiol\u00f3gica en el pa\u00eds se alarga en sentido vertical, lo que quiere decir que no ha llegado un momento de declive en la propagaci\u00f3n del virus que permita reactivar la movilidad de la poblaci\u00f3n.<\/p>\n<p>Xim\u00e9nez-Fyvie coment\u00f3 que despu\u00e9s de las medidas de mitigaci\u00f3n de la Jornada Nacional de Sana Distancia, era primordial preparar un plan de acci\u00f3n nacional que pudiera enfrentarse a la etapa de contenci\u00f3n de propagaci\u00f3n del virus, evitando de esta forma la aceleraci\u00f3n de contagios en la que ahora nos encontramos.<\/p>\n<p>Bajo este par\u00e1metro, el control sanitario de la epidemia es factor clave para reiniciar las actividades econ\u00f3micas.<\/p>\n<h3>Pandemia y econom\u00eda<\/h3>\n<p>Ante la desigualdad econ\u00f3mica y social que impera en el pa\u00eds, lo recomendable, indic\u00f3 la microbi\u00f3loga, era extremar las medidas de confinamiento al inicio de la propagaci\u00f3n del virus y ayudar a la poblaci\u00f3n con paquetes econ\u00f3micos y est\u00edmulos fiscales para la incitativa privada.<\/p>\n<p><em>\u201cEl gobierno no ten\u00eda que poner a sus ciudadanos a elegir entre salir a trabajar para comer o contagiarse de Covid\u201d,<\/em> expres\u00f3. <em>\u201cLa gente necesita tener los apoyos y las medidas de seguridad suficientes: informaci\u00f3n para cuidarse bien, insumos y apoyo econ\u00f3mico\u201d.<\/em><\/p>\n<p>Ciudades como Nueva York hicieron ese esfuerzo <em>\u201ctit\u00e1nico\u201d<\/em> que result\u00f3 en el mejoramiento de las condiciones reflejadas en su curva de contagios, ejemplific\u00f3 Xim\u00e9nez-Fyvie.<\/p>\n<p>A pesar de lo costoso que esta etapa puede ser para los gobiernos, los resultados de contenci\u00f3n, implementando pruebas de coronavirus y rastreo de contagio, son m\u00e1s eficaces y la reapertura puede suscitarse bajo condiciones m\u00e1s favorables, consider\u00f3.<\/p>\n<p><em>\u201cNo puedes hablar de una epidemia \u2018larga\u2019 mientras tienes 600 o 700 muertes al d\u00eda, la parte larga de la epidemia deber\u00eda de darse en la etapa de contenci\u00f3n, con contagios localizados que puedan controlarse de manera inmediata\u201d,<\/em> dijo la especialista.<\/p>\n<h3>El riesgo de la influenza<\/h3>\n<p>Xim\u00e9nez-Fyvie tambi\u00e9n coment\u00f3 que en M\u00e9xico no se est\u00e1n haciendo diagn\u00f3sticos por la falta de aplicaci\u00f3n de pruebas y el futuro nacional en los siguientes meses se visualiza gris.<\/p>\n<p>En el pr\u00f3ximo mes de octubre, la temporada de influenza iniciar\u00e1 y se extender\u00e1 hasta mediados de marzo de 2021. Este periodo representa cada a\u00f1o un repunte en los pacientes que mueren por enfermedades respiratorias, lo que complicar\u00e1 la situaci\u00f3n de la epidemia por coronavirus.<\/p>\n<p>Activar la movilidad de la vida nacional en este momento es <em>\u201cirresponsable\u201d,<\/em> consider\u00f3 Xim\u00e9nez-Fyvie, pues se corre el riesgo de que el virus SARS-COV-2, causante del Covid-19, mute con la estacionalidad de las enfermedades respiratorias de la temporada y se vuelva a\u00fan m\u00e1s agresivo.<\/p>\n<p>Ante ello, es necesario que se tomen acciones inmediatas que reduzcan la curva de contagios; de lo contrario, la ocupaci\u00f3n hospitalaria se ver\u00e1 altamente comprometida y la cifra de decesos se elevar\u00eda radicalmente.<\/p>\n<p><em>\u2018Si las autoridades permiten que la influenza impacte fuerte a la poblaci\u00f3n este a\u00f1o, esto va a ser catastr\u00f3fico\u2019<\/em><\/p>\n<p>La doctora llam\u00f3 a frenar los da\u00f1os que se cometieron por las fallas del mal manejo de la epidemia.<\/p>\n<p>Desde la ciudadan\u00eda, el uso de cubrebocas es la medida m\u00e1s importante para apoyar a preservar vidas y evitar m\u00e1s contagios.<\/p>\n<p>Asimismo, las recomendaciones generales de higiene como el lavado de manos, la distancia social, el uso de gel o sustancias desinfectantes para las manos y no tocarse la cara se suman a la lista de lo que la especialista catalog\u00f3 como <em>\u201cobligatorio\u201d<\/em> ahora en la cotidianidad.<\/p>\n<p>(PUBLICADO EL 28\/07\/2020)<\/p>\n","protected":false},"excerpt":{"rendered":"<p>CIUDAD DE M\u00c9XICO. MX. \u2014 Las medidas de reactivaci\u00f3n econ\u00f3mica en M\u00e9xico han propiciado el&#8230;<\/p>\n","protected":false},"author":1,"featured_media":91008,"comment_status":"open","ping_status":"open","sticky":false,"template":"","format":"standard","meta":{"_monsterinsights_skip_tracking":false,"_monsterinsights_sitenote_active":false,"_monsterinsights_sitenote_note":"","_monsterinsights_sitenote_category":0,"footnotes":""},"categories":[22],"tags":[],"class_list":["post"],"yoast_head":" \n<title>Sonora en Equipo. Es irresponsable reactivar la movilidad en M\u00e9xico por casos de Covid-19 Sonora<\/title>\n<meta name=\"description\" content=\"CIUDAD DE M\u00c9XICO. MX. \u2014 Las medidas de reactivaci\u00f3n econ\u00f3mica en M\u00e9xico han propiciado el aumento de casos, lo que coloca al pa\u00eds en un panorama poco En Sonora en Equipo publicamos toda la informaci\u00f3n de Sonora, M\u00e9xico y el Mundo de manera oportuna y busca que la libertad de expresi\u00f3n sea real. Visita nuestro medio informativo publicado desde Hermosillo, Sonora. %\" \/>\n<meta name=\"robots\" content=\"index, follow, max-snippet:-1, max-image-preview:large, max-video-preview:-1\" \/>\n<link rel=\"canonical\" href=\"https:\/\/www.sonoraenequipo.com.mx\/es-irresponsable-reactivar-la-movilidad-en-mexico-por-casos-de-covid-19\/\" \/>\n<meta property=\"og:locale\" content=\"es_ES\" \/>\n<meta property=\"og:type\" content=\"article\" \/>\n<meta property=\"og:title\" content=\"Sonora en Equipo. Es irresponsable reactivar la movilidad en M\u00e9xico por casos de Covid-19 Sonora\" \/>\n<meta property=\"og:description\" content=\"CIUDAD DE M\u00c9XICO. MX. \u2014 Las medidas de reactivaci\u00f3n econ\u00f3mica en M\u00e9xico han propiciado el aumento de casos, lo que coloca al pa\u00eds en un panorama poco En Sonora en Equipo publicamos toda la informaci\u00f3n de Sonora, M\u00e9xico y el Mundo de manera oportuna y busca que la libertad de expresi\u00f3n sea real. Visita nuestro medio informativo publicado desde Hermosillo, Sonora. %\" \/>\n<meta property=\"og:url\" content=\"https:\/\/www.sonoraenequipo.com.mx\/es-irresponsable-reactivar-la-movilidad-en-mexico-por-casos-de-covid-19\/\" \/>\n<meta property=\"og:site_name\" content=\"Sonora en Equipo.\" \/>\n<meta property=\"article:publisher\" content=\"https:\/\/www.facebook.com\/SonoraEE\/\" \/>\n<meta property=\"article:author\" content=\"https:\/\/www.facebook.com\/SonoraEE\" \/>\n<meta property=\"article:published_time\" content=\"2020-07-28T20:14:38+00:00\" \/>\n<meta property=\"article:modified_time\" content=\"2020-07-28T20:17:39+00:00\" \/>\n<meta property=\"og:image\" content=\"https:\/\/www.sonoraenequipo.com.mx\/storage\/2020\/07\/movilidad-en-cdmx_opt.jpg\" \/>\n\t<meta property=\"og:image:width\" content=\"622\" \/>\n\t<meta property=\"og:image:height\" content=\"350\" \/>\n\t<meta property=\"og:image:type\" content=\"image\/jpeg\" \/>\n<meta name=\"author\" content=\"enequipo\" \/>\n<meta name=\"twitter:card\" content=\"summary_large_image\" \/>\n<meta name=\"twitter:creator\" content=\"@sonoraenequipo\" \/>\n<meta name=\"twitter:site\" content=\"@sonoraenequipo\" \/>\n<meta name=\"twitter:label1\" content=\"Escrito por\" \/>\n\t<meta name=\"twitter:data1\" content=\"enequipo\" \/>\n\t<meta name=\"twitter:label2\" content=\"Tiempo de lectura\" \/>\n\t<meta name=\"twitter:data2\" content=\"3 minutos\" \/>\n<script type=\"application\/ld+json\" class=\"yoast-schema-graph\">{\"@context\":\"https:\/\/schema.org\",\"@graph\":[{\"@type\":\"Article\",\"@id\":\"https:\/\/www.sonoraenequipo.com.mx\/es-irresponsable-reactivar-la-movilidad-en-mexico-por-casos-de-covid-19\/#article\",\"isPartOf\":{\"@id\":\"https:\/\/www.sonoraenequipo.com.mx\/es-irresponsable-reactivar-la-movilidad-en-mexico-por-casos-de-covid-19\/\"},\"author\":{\"name\":\"enequipo\",\"@id\":\"https:\/\/www.sonoraenequipo.com.mx\/#\/schema\/person\/50102df0fb23a8fa9e8effad8fa81386\"},\"headline\":\"Es irresponsable reactivar la movilidad en M\u00e9xico por casos de Covid-19\",\"datePublished\":\"2020-07-28T20:14:38+00:00\",\"dateModified\":\"2020-07-28T20:17:39+00:00\",\"mainEntityOfPage\":{\"@id\":\"https:\/\/www.sonoraenequipo.com.mx\/es-irresponsable-reactivar-la-movilidad-en-mexico-por-casos-de-covid-19\/\"},\"wordCount\":708,\"commentCount\":0,\"publisher\":{\"@id\":\"https:\/\/www.sonoraenequipo.com.mx\/#organization\"},\"image\":{\"@id\":\"https:\/\/www.sonoraenequipo.com.mx\/es-irresponsable-reactivar-la-movilidad-en-mexico-por-casos-de-covid-19\/#primaryimage\"},\"thumbnailUrl\":\"https:\/\/www.sonoraenequipo.com.mx\/storage\/2020\/07\/movilidad-en-cdmx_opt.jpg\",\"articleSection\":[\"Sonora\"],\"inLanguage\":\"es\",\"potentialAction\":[{\"@type\":\"CommentAction\",\"name\":\"Comment\",\"target\":[\"https:\/\/www.sonoraenequipo.com.mx\/es-irresponsable-reactivar-la-movilidad-en-mexico-por-casos-de-covid-19\/#respond\"]}]},{\"@type\":\"WebPage\",\"@id\":\"https:\/\/www.sonoraenequipo.com.mx\/es-irresponsable-reactivar-la-movilidad-en-mexico-por-casos-de-covid-19\/\",\"url\":\"https:\/\/www.sonoraenequipo.com.mx\/es-irresponsable-reactivar-la-movilidad-en-mexico-por-casos-de-covid-19\/\",\"name\":\"Sonora en Equipo. Es irresponsable reactivar la movilidad en M\u00e9xico por casos de Covid-19 Sonora\",\"isPartOf\":{\"@id\":\"https:\/\/www.sonoraenequipo.com.mx\/#website\"},\"primaryImageOfPage\":{\"@id\":\"https:\/\/www.sonoraenequipo.com.mx\/es-irresponsable-reactivar-la-movilidad-en-mexico-por-casos-de-covid-19\/#primaryimage\"},\"image\":{\"@id\":\"https:\/\/www.sonoraenequipo.com.mx\/es-irresponsable-reactivar-la-movilidad-en-mexico-por-casos-de-covid-19\/#primaryimage\"},\"thumbnailUrl\":\"https:\/\/www.sonoraenequipo.com.mx\/storage\/2020\/07\/movilidad-en-cdmx_opt.jpg\",\"datePublished\":\"2020-07-28T20:14:38+00:00\",\"dateModified\":\"2020-07-28T20:17:39+00:00\",\"description\":\"CIUDAD DE M\u00c9XICO. MX. \u2014 Las medidas de reactivaci\u00f3n econ\u00f3mica en M\u00e9xico han propiciado el aumento de casos, lo que coloca al pa\u00eds en un panorama poco En Sonora en Equipo publicamos toda la informaci\u00f3n de Sonora, M\u00e9xico y el Mundo de manera oportuna y busca que la libertad de expresi\u00f3n sea real. Visita nuestro medio informativo publicado desde Hermosillo, Sonora. %\",\"breadcrumb\":{\"@id\":\"https:\/\/www.sonoraenequipo.com.mx\/es-irresponsable-reactivar-la-movilidad-en-mexico-por-casos-de-covid-19\/#breadcrumb\"},\"inLanguage\":\"es\",\"potentialAction\":[{\"@type\":\"ReadAction\",\"target\":[\"https:\/\/www.sonoraenequipo.com.mx\/es-irresponsable-reactivar-la-movilidad-en-mexico-por-casos-de-covid-19\/\"]}]},{\"@type\":\"ImageObject\",\"inLanguage\":\"es\",\"@id\":\"https:\/\/www.sonoraenequipo.com.mx\/es-irresponsable-reactivar-la-movilidad-en-mexico-por-casos-de-covid-19\/#primaryimage\",\"url\":\"https:\/\/www.sonoraenequipo.com.mx\/storage\/2020\/07\/movilidad-en-cdmx_opt.jpg\",\"contentUrl\":\"https:\/\/www.sonoraenequipo.com.mx\/storage\/2020\/07\/movilidad-en-cdmx_opt.jpg\",\"width\":622,\"height\":350},{\"@type\":\"BreadcrumbList\",\"@id\":\"https:\/\/www.sonoraenequipo.com.mx\/es-irresponsable-reactivar-la-movilidad-en-mexico-por-casos-de-covid-19\/#breadcrumb\",\"itemListElement\":[{\"@type\":\"ListItem\",\"position\":1,\"name\":\"Portada\",\"item\":\"https:\/\/www.sonoraenequipo.com.mx\/\"},{\"@type\":\"ListItem\",\"position\":2,\"name\":\"Es irresponsable reactivar la movilidad en M\u00e9xico por casos de Covid-19\"}]},{\"@type\":\"WebSite\",\"@id\":\"https:\/\/www.sonoraenequipo.com.mx\/#website\",\"url\":\"https:\/\/www.sonoraenequipo.com.mx\/\",\"name\":\"Sonora en Equipo.\",\"description\":\"Diario en l\u00ednea con Noticias desde Hermosillo, Sonora\",\"publisher\":{\"@id\":\"https:\/\/www.sonoraenequipo.com.mx\/#organization\"},\"potentialAction\":[{\"@type\":\"SearchAction\",\"target\":{\"@type\":\"EntryPoint\",\"urlTemplate\":\"https:\/\/www.sonoraenequipo.com.mx\/?s={search_term_string}\"},\"query-input\":{\"@type\":\"PropertyValueSpecification\",\"valueRequired\":true,\"valueName\":\"search_term_string\"}}],\"inLanguage\":\"es\"},{\"@type\":\"Organization\",\"@id\":\"https:\/\/www.sonoraenequipo.com.mx\/#organization\",\"name\":\"Sonoraenequipo.com.mx\",\"url\":\"https:\/\/www.sonoraenequipo.com.mx\/\",\"logo\":{\"@type\":\"ImageObject\",\"inLanguage\":\"es\",\"@id\":\"https:\/\/www.sonoraenequipo.com.mx\/#\/schema\/logo\/image\/\",\"url\":\"https:\/\/www.sonoraenequipo.com.mx\/storage\/2019\/01\/sonoraenequipo_opt.png\",\"contentUrl\":\"https:\/\/www.sonoraenequipo.com.mx\/storage\/2019\/01\/sonoraenequipo_opt.png\",\"width\":375,\"height\":125,\"caption\":\"Sonoraenequipo.com.mx\"},\"image\":{\"@id\":\"https:\/\/www.sonoraenequipo.com.mx\/#\/schema\/logo\/image\/\"},\"sameAs\":[\"https:\/\/www.facebook.com\/SonoraEE\/\",\"https:\/\/x.com\/sonoraenequipo\",\"https:\/\/www.youtube.com\/channel\/UC338nW-lPEYmJQs4ZABQ1SQ\"]},{\"@type\":\"Person\",\"@id\":\"https:\/\/www.sonoraenequipo.com.mx\/#\/schema\/person\/50102df0fb23a8fa9e8effad8fa81386\",\"name\":\"enequipo\",\"image\":{\"@type\":\"ImageObject\",\"inLanguage\":\"es\",\"@id\":\"https:\/\/www.sonoraenequipo.com.mx\/#\/schema\/person\/image\/\",\"url\":\"https:\/\/secure.gravatar.com\/avatar\/049821681b589dabc0bc20695993ccebb09f5b5d4d790cd9251b97faac7c652b?s=96&d=blank&r=g\",\"contentUrl\":\"https:\/\/secure.gravatar.com\/avatar\/049821681b589dabc0bc20695993ccebb09f5b5d4d790cd9251b97faac7c652b?s=96&d=blank&r=g\",\"caption\":\"enequipo\"},\"sameAs\":[\"https:\/\/www.facebook.com\/SonoraEE\"]}]}<\/script>\n ","yoast_head_json":{"title":"Sonora en Equipo. Es irresponsable reactivar la movilidad en M\u00e9xico por casos de Covid-19 Sonora","description":"CIUDAD DE M\u00c9XICO. MX. \u2014 Las medidas de reactivaci\u00f3n econ\u00f3mica en M\u00e9xico han propiciado el aumento de casos, lo que coloca al pa\u00eds en un panorama poco En Sonora en Equipo publicamos toda la informaci\u00f3n de Sonora, M\u00e9xico y el Mundo de manera oportuna y busca que la libertad de expresi\u00f3n sea real. Visita nuestro medio informativo publicado desde Hermosillo, Sonora. %","robots":{"index":"index","follow":"follow","max-snippet":"max-snippet:-1","max-image-preview":"max-image-preview:large","max-video-preview":"max-video-preview:-1"},"canonical":"https:\/\/www.sonoraenequipo.com.mx\/es-irresponsable-reactivar-la-movilidad-en-mexico-por-casos-de-covid-19\/","og_locale":"es_ES","og_type":"article","og_title":"Sonora en Equipo. Es irresponsable reactivar la movilidad en M\u00e9xico por casos de Covid-19 Sonora","og_description":"CIUDAD DE M\u00c9XICO. MX. \u2014 Las medidas de reactivaci\u00f3n econ\u00f3mica en M\u00e9xico han propiciado el aumento de casos, lo que coloca al pa\u00eds en un panorama poco En Sonora en Equipo publicamos toda la informaci\u00f3n de Sonora, M\u00e9xico y el Mundo de manera oportuna y busca que la libertad de expresi\u00f3n sea real. Visita nuestro medio informativo publicado desde Hermosillo, Sonora. %","og_url":"https:\/\/www.sonoraenequipo.com.mx\/es-irresponsable-reactivar-la-movilidad-en-mexico-por-casos-de-covid-19\/","og_site_name":"Sonora en Equipo.","article_publisher":"https:\/\/www.facebook.com\/SonoraEE\/","article_author":"https:\/\/www.facebook.com\/SonoraEE","article_published_time":"2020-07-28T20:14:38+00:00","article_modified_time":"2020-07-28T20:17:39+00:00","og_image":[{"width":622,"height":350,"url":"https:\/\/www.sonoraenequipo.com.mx\/storage\/2020\/07\/movilidad-en-cdmx_opt.jpg","type":"image\/jpeg"}],"author":"enequipo","twitter_card":"summary_large_image","twitter_creator":"@sonoraenequipo","twitter_site":"@sonoraenequipo","twitter_misc":{"Escrito por":"enequipo","Tiempo de lectura":"3 minutos"},"schema":{"@context":"https:\/\/schema.org","@graph":[{"@type":"Article","@id":"https:\/\/www.sonoraenequipo.com.mx\/es-irresponsable-reactivar-la-movilidad-en-mexico-por-casos-de-covid-19\/#article","isPartOf":{"@id":"https:\/\/www.sonoraenequipo.com.mx\/es-irresponsable-reactivar-la-movilidad-en-mexico-por-casos-de-covid-19\/"},"author":{"name":"enequipo","@id":"https:\/\/www.sonoraenequipo.com.mx\/#\/schema\/person\/50102df0fb23a8fa9e8effad8fa81386"},"headline":"Es irresponsable reactivar la movilidad en M\u00e9xico por casos de Covid-19","datePublished":"2020-07-28T20:14:38+00:00","dateModified":"2020-07-28T20:17:39+00:00","mainEntityOfPage":{"@id":"https:\/\/www.sonoraenequipo.com.mx\/es-irresponsable-reactivar-la-movilidad-en-mexico-por-casos-de-covid-19\/"},"wordCount":708,"commentCount":0,"publisher":{"@id":"https:\/\/www.sonoraenequipo.com.mx\/#organization"},"image":{"@id":"https:\/\/www.sonoraenequipo.com.mx\/es-irresponsable-reactivar-la-movilidad-en-mexico-por-casos-de-covid-19\/#primaryimage"},"thumbnailUrl":"https:\/\/www.sonoraenequipo.com.mx\/storage\/2020\/07\/movilidad-en-cdmx_opt.jpg","articleSection":["Sonora"],"inLanguage":"es","potentialAction":[{"@type":"CommentAction","name":"Comment","target":["https:\/\/www.sonoraenequipo.com.mx\/es-irresponsable-reactivar-la-movilidad-en-mexico-por-casos-de-covid-19\/#respond"]}]},{"@type":"WebPage","@id":"https:\/\/www.sonoraenequipo.com.mx\/es-irresponsable-reactivar-la-movilidad-en-mexico-por-casos-de-covid-19\/","url":"https:\/\/www.sonoraenequipo.com.mx\/es-irresponsable-reactivar-la-movilidad-en-mexico-por-casos-de-covid-19\/","name":"Sonora en Equipo. Es irresponsable reactivar la movilidad en M\u00e9xico por casos de Covid-19 Sonora","isPartOf":{"@id":"https:\/\/www.sonoraenequipo.com.mx\/#website"},"primaryImageOfPage":{"@id":"https:\/\/www.sonoraenequipo.com.mx\/es-irresponsable-reactivar-la-movilidad-en-mexico-por-casos-de-covid-19\/#primaryimage"},"image":{"@id":"https:\/\/www.sonoraenequipo.com.mx\/es-irresponsable-reactivar-la-movilidad-en-mexico-por-casos-de-covid-19\/#primaryimage"},"thumbnailUrl":"https:\/\/www.sonoraenequipo.com.mx\/storage\/2020\/07\/movilidad-en-cdmx_opt.jpg","datePublished":"2020-07-28T20:14:38+00:00","dateModified":"2020-07-28T20:17:39+00:00","description":"CIUDAD DE M\u00c9XICO. MX. \u2014 Las medidas de reactivaci\u00f3n econ\u00f3mica en M\u00e9xico han propiciado el aumento de casos, lo que coloca al pa\u00eds en un panorama poco En Sonora en Equipo publicamos toda la informaci\u00f3n de Sonora, M\u00e9xico y el Mundo de manera oportuna y busca que la libertad de expresi\u00f3n sea real. Visita nuestro medio informativo publicado desde Hermosillo, Sonora. %","breadcrumb":{"@id":"https:\/\/www.sonoraenequipo.com.mx\/es-irresponsable-reactivar-la-movilidad-en-mexico-por-casos-de-covid-19\/#breadcrumb"},"inLanguage":"es","potentialAction":[{"@type":"ReadAction","target":["https:\/\/www.sonoraenequipo.com.mx\/es-irresponsable-reactivar-la-movilidad-en-mexico-por-casos-de-covid-19\/"]}]},{"@type":"ImageObject","inLanguage":"es","@id":"https:\/\/www.sonoraenequipo.com.mx\/es-irresponsable-reactivar-la-movilidad-en-mexico-por-casos-de-covid-19\/#primaryimage","url":"https:\/\/www.sonoraenequipo.com.mx\/storage\/2020\/07\/movilidad-en-cdmx_opt.jpg","contentUrl":"https:\/\/www.sonoraenequipo.com.mx\/storage\/2020\/07\/movilidad-en-cdmx_opt.jpg","width":622,"height":350},{"@type":"BreadcrumbList","@id":"https:\/\/www.sonoraenequipo.com.mx\/es-irresponsable-reactivar-la-movilidad-en-mexico-por-casos-de-covid-19\/#breadcrumb","itemListElement":[{"@type":"ListItem","position":1,"name":"Portada","item":"https:\/\/www.sonoraenequipo.com.mx\/"},{"@type":"ListItem","position":2,"name":"Es irresponsable reactivar la movilidad en M\u00e9xico por casos de Covid-19"}]},{"@type":"WebSite","@id":"https:\/\/www.sonoraenequipo.com.mx\/#website","url":"https:\/\/www.sonoraenequipo.com.mx\/","name":"Sonora en Equipo.","description":"Diario en l\u00ednea con Noticias desde Hermosillo, Sonora","publisher":{"@id":"https:\/\/www.sonoraenequipo.com.mx\/#organization"},"potentialAction":[{"@type":"SearchAction","target":{"@type":"EntryPoint","urlTemplate":"https:\/\/www.sonoraenequipo.com.mx\/?s={search_term_string}"},"query-input":{"@type":"PropertyValueSpecification","valueRequired":true,"valueName":"search_term_string"}}],"inLanguage":"es"},{"@type":"Organization","@id":"https:\/\/www.sonoraenequipo.com.mx\/#organization","name":"Sonoraenequipo.com.mx","url":"https:\/\/www.sonoraenequipo.com.mx\/","logo":{"@type":"ImageObject","inLanguage":"es","@id":"https:\/\/www.sonoraenequipo.com.mx\/#\/schema\/logo\/image\/","url":"https:\/\/www.sonoraenequipo.com.mx\/storage\/2019\/01\/sonoraenequipo_opt.png","contentUrl":"https:\/\/www.sonoraenequipo.com.mx\/storage\/2019\/01\/sonoraenequipo_opt.png","width":375,"height":125,"caption":"Sonoraenequipo.com.mx"},"image":{"@id":"https:\/\/www.sonoraenequipo.com.mx\/#\/schema\/logo\/image\/"},"sameAs":["https:\/\/www.facebook.com\/SonoraEE\/","https:\/\/x.com\/sonoraenequipo","https:\/\/www.youtube.com\/channel\/UC338nW-lPEYmJQs4ZABQ1SQ"]},{"@type":"Person","@id":"https:\/\/www.sonoraenequipo.com.mx\/#\/schema\/person\/50102df0fb23a8fa9e8effad8fa81386","name":"enequipo","image":{"@type":"ImageObject","inLanguage":"es","@id":"https:\/\/www.sonoraenequipo.com.mx\/#\/schema\/person\/image\/","url":"https:\/\/secure.gravatar.com\/avatar\/049821681b589dabc0bc20695993ccebb09f5b5d4d790cd9251b97faac7c652b?s=96&d=blank&r=g","contentUrl":"https:\/\/secure.gravatar.com\/avatar\/049821681b589dabc0bc20695993ccebb09f5b5d4d790cd9251b97faac7c652b?s=96&d=blank&r=g","caption":"enequipo"},"sameAs":["https:\/\/www.facebook.com\/SonoraEE"]}]}},"jetpack_featured_media_url":"https:\/\/www.sonoraenequipo.com.mx\/storage\/2020\/07\/movilidad-en-cdmx_opt.jpg","_links":{"self":[{"href":"https:\/\/www.sonoraenequipo.com.mx\/api\/wp\/v2\/posts\/91007","targetHints":{"allow":["GET"]}}],"collection":[{"href":"https:\/\/www.sonoraenequipo.com.mx\/api\/wp\/v2\/posts"}],"about":[{"href":"https:\/\/www.sonoraenequipo.com.mx\/api\/wp\/v2\/types\/post"}],"author":[{"embeddable":true,"href":"https:\/\/www.sonoraenequipo.com.mx\/api\/wp\/v2\/users\/1"}],"replies":[{"embeddable":true,"href":"https:\/\/www.sonoraenequipo.com.mx\/api\/wp\/v2\/comments?post=91007"}],"version-history":[{"count":0,"href":"https:\/\/www.sonoraenequipo.com.mx\/api\/wp\/v2\/posts\/91007\/revisions"}],"wp:featuredmedia":[{"embeddable":true,"href":"https:\/\/www.sonoraenequipo.com.mx\/api\/wp\/v2\/media\/91008"}],"wp:attachment":[{"href":"https:\/\/www.sonoraenequipo.com.mx\/api\/wp\/v2\/media?parent=91007"}],"wp:term":[{"taxonomy":"category","embeddable":true,"href":"https:\/\/www.sonoraenequipo.com.mx\/api\/wp\/v2\/categories?post=91007"},{"taxonomy":"post_tag","embeddable":true,"href":"https:\/\/www.sonoraenequipo.com.mx\/api\/wp\/v2\/tags?post=91007"}],"curies":[{"name":"wp","href":"https:\/\/api.w.org\/{rel}","templated":true}]}}