{"id":91016,"date":"2020-07-28T18:09:03","date_gmt":"2020-07-29T01:09:03","guid":{"rendered":"https:\/\/www.sonoraenequipo.com.mx\/?p=91016"},"modified":"2020-07-30T09:03:02","modified_gmt":"2020-07-30T16:03:02","slug":"pan-advierte-que-scjn-podria-extralimitarse-en-sus-funciones-en-tema-del-aborto","status":"publish","type":"post","link":"https:\/\/www.sonoraenequipo.com.mx\/pan-advierte-que-scjn-podria-extralimitarse-en-sus-funciones-en-tema-del-aborto\/","title":{"rendered":"PAN advierte que SCJN podr\u00eda extralimitarse en sus funciones en tema del aborto"},"content":{"rendered":"<h4>&gt;&gt;Una eventual resoluci\u00f3n de la Corte atentar\u00eda contra la libre determinaci\u00f3n legislativa de cada entidad federativa y debilitar\u00eda la divisi\u00f3n de poderes<\/h4>\n<h4>&gt;Solicitamos respetuosamente que no se extralimite en sus atribuciones<\/h4>\n<p>CIUDAD DE M\u00c9XICO.\u2500\u2500El Comit\u00e9 Ejecutivo Nacional del PAN reitera su compromiso en la defensa de la dignidad humana y los derechos de las personas, comenzando por el derecho a la vida desde su concepci\u00f3n y hasta la muerte natural.<\/p>\n<p>&nbsp;<\/p>\n<p>&nbsp;<\/p>\n<p>&nbsp;<\/p>\n<p>Hemos estado en permanente vinculaci\u00f3n con numerosos grupos de la sociedad civil que han manifestado su profunda preocupaci\u00f3n ante la posibilidad de que la Suprema Corte de Justicia de la Naci\u00f3n (SCJN) legalice de facto el aborto en todo el pa\u00eds. <\/p>\n<p>&nbsp;<\/p>\n<p>&nbsp;<\/p>\n<p>&nbsp;<\/p>\n<p>Acci\u00f3n Nacional considera que una eventual resoluci\u00f3n de la Corte en ese sentido atentar\u00eda contra la libre determinaci\u00f3n legislativa de cada entidad federativa y debilitar\u00eda la divisi\u00f3n de poderes.<\/p>\n<p>&nbsp;<\/p>\n<p>&nbsp;<\/p>\n<p>&nbsp;<\/p>\n<p>Como partido humanista, en el PAN estamos comprometidos con la defensa de la vida humana en todas sus etapas.<\/p>\n<p>&nbsp;<\/p>\n<p>&nbsp;<\/p>\n<p>&nbsp;<\/p>\n<p>De la misma manera, estamos comprometidos con una vida digna para todas las mujeres, incluyendo aquellas que requieren un acompa\u00f1amiento especial para llevar a buen t\u00e9rmino su embarazo, y en ning\u00fan caso criminalizar a la mujer.<\/p>\n<p>&nbsp;<\/p>\n<p>&nbsp;<\/p>\n<p>&nbsp;<\/p>\n<p>Por ello, solicitamos respetuosamente a la Corte que no se extralimite en sus atribuciones y respete la autonom\u00eda legislativa de cada entidad federativa, muchas de las cuales han decidido venturosamente garantizar el primer derecho del que puede disfrutar cualquier ser humano: el derecho a vivir.<\/p>\n<p>Fecha de Publicaci\u00f3n 28\/jul\/2020<\/p>\n","protected":false},"excerpt":{"rendered":"<p>&gt;&gt;Una eventual resoluci\u00f3n de la Corte atentar\u00eda contra la libre determinaci\u00f3n legislativa de cada entidad&#8230;<\/p>\n","protected":false},"author":1,"featured_media":91017,"comment_status":"open","ping_status":"open","sticky":false,"template":"","format":"standard","meta":{"_monsterinsights_skip_tracking":false,"_monsterinsights_sitenote_active":false,"_monsterinsights_sitenote_note":"","_monsterinsights_sitenote_category":0,"footnotes":""},"categories":[5],"tags":[4514,106,125],"class_list":["post"],"yoast_head":" \n<title>Sonora en Equipo. PAN advierte que SCJN podr\u00eda extralimitarse en sus funciones en tema del aborto<\/title>\n<meta name=\"description\" content=\"&gt;&gt;Una eventual resoluci\u00f3n de la Corte atentar\u00eda contra la libre determinaci\u00f3n legislativa de cada entidad federativa y debilitar\u00eda la divisi\u00f3n de En Sonora en Equipo publicamos toda la informaci\u00f3n de Sonora, M\u00e9xico y el Mundo de manera oportuna y busca que la libertad de expresi\u00f3n sea real. Visita nuestro medio informativo publicado desde Hermosillo, Sonora. %\" \/>\n<meta name=\"robots\" content=\"index, follow, max-snippet:-1, max-image-preview:large, max-video-preview:-1\" \/>\n<link rel=\"canonical\" href=\"https:\/\/www.sonoraenequipo.com.mx\/pan-advierte-que-scjn-podria-extralimitarse-en-sus-funciones-en-tema-del-aborto\/\" \/>\n<meta property=\"og:locale\" content=\"es_ES\" \/>\n<meta property=\"og:type\" content=\"article\" \/>\n<meta property=\"og:title\" content=\"Sonora en Equipo. PAN advierte que SCJN podr\u00eda extralimitarse en sus funciones en tema del aborto\" \/>\n<meta property=\"og:description\" content=\"&gt;&gt;Una eventual resoluci\u00f3n de la Corte atentar\u00eda contra la libre determinaci\u00f3n legislativa de cada entidad federativa y debilitar\u00eda la divisi\u00f3n de En Sonora en Equipo publicamos toda la informaci\u00f3n de Sonora, M\u00e9xico y el Mundo de manera oportuna y busca que la libertad de expresi\u00f3n sea real. Visita nuestro medio informativo publicado desde Hermosillo, Sonora. %\" \/>\n<meta property=\"og:url\" content=\"https:\/\/www.sonoraenequipo.com.mx\/pan-advierte-que-scjn-podria-extralimitarse-en-sus-funciones-en-tema-del-aborto\/\" \/>\n<meta property=\"og:site_name\" content=\"Sonora en Equipo.\" \/>\n<meta property=\"article:publisher\" content=\"https:\/\/www.facebook.com\/SonoraEE\/\" \/>\n<meta property=\"article:author\" content=\"https:\/\/www.facebook.com\/SonoraEE\" \/>\n<meta property=\"article:published_time\" content=\"2020-07-29T01:09:03+00:00\" \/>\n<meta property=\"article:modified_time\" content=\"2020-07-30T16:03:02+00:00\" \/>\n<meta property=\"og:image\" content=\"https:\/\/www.sonoraenequipo.com.mx\/storage\/2020\/07\/FETO.jpg\" \/>\n\t<meta property=\"og:image:width\" content=\"600\" \/>\n\t<meta property=\"og:image:height\" content=\"400\" \/>\n\t<meta property=\"og:image:type\" content=\"image\/jpeg\" \/>\n<meta name=\"author\" content=\"enequipo\" \/>\n<meta name=\"twitter:card\" content=\"summary_large_image\" \/>\n<meta name=\"twitter:creator\" content=\"@sonoraenequipo\" \/>\n<meta name=\"twitter:site\" content=\"@sonoraenequipo\" \/>\n<meta name=\"twitter:label1\" content=\"Escrito por\" \/>\n\t<meta name=\"twitter:data1\" content=\"enequipo\" \/>\n\t<meta name=\"twitter:label2\" content=\"Tiempo de lectura\" \/>\n\t<meta name=\"twitter:data2\" content=\"1 minuto\" \/>\n<script type=\"application\/ld+json\" class=\"yoast-schema-graph\">{\"@context\":\"https:\/\/schema.org\",\"@graph\":[{\"@type\":\"Article\",\"@id\":\"https:\/\/www.sonoraenequipo.com.mx\/pan-advierte-que-scjn-podria-extralimitarse-en-sus-funciones-en-tema-del-aborto\/#article\",\"isPartOf\":{\"@id\":\"https:\/\/www.sonoraenequipo.com.mx\/pan-advierte-que-scjn-podria-extralimitarse-en-sus-funciones-en-tema-del-aborto\/\"},\"author\":{\"name\":\"enequipo\",\"@id\":\"https:\/\/www.sonoraenequipo.com.mx\/#\/schema\/person\/50102df0fb23a8fa9e8effad8fa81386\"},\"headline\":\"PAN advierte que SCJN podr\u00eda extralimitarse en sus funciones en tema del aborto\",\"datePublished\":\"2020-07-29T01:09:03+00:00\",\"dateModified\":\"2020-07-30T16:03:02+00:00\",\"mainEntityOfPage\":{\"@id\":\"https:\/\/www.sonoraenequipo.com.mx\/pan-advierte-que-scjn-podria-extralimitarse-en-sus-funciones-en-tema-del-aborto\/\"},\"wordCount\":299,\"commentCount\":0,\"publisher\":{\"@id\":\"https:\/\/www.sonoraenequipo.com.mx\/#organization\"},\"image\":{\"@id\":\"https:\/\/www.sonoraenequipo.com.mx\/pan-advierte-que-scjn-podria-extralimitarse-en-sus-funciones-en-tema-del-aborto\/#primaryimage\"},\"thumbnailUrl\":\"https:\/\/www.sonoraenequipo.com.mx\/storage\/2020\/07\/FETO.jpg\",\"keywords\":[\"aborto\",\"pan\",\"SCJN\"],\"articleSection\":[\"Rep\u00fablica\"],\"inLanguage\":\"es\",\"potentialAction\":[{\"@type\":\"CommentAction\",\"name\":\"Comment\",\"target\":[\"https:\/\/www.sonoraenequipo.com.mx\/pan-advierte-que-scjn-podria-extralimitarse-en-sus-funciones-en-tema-del-aborto\/#respond\"]}]},{\"@type\":\"WebPage\",\"@id\":\"https:\/\/www.sonoraenequipo.com.mx\/pan-advierte-que-scjn-podria-extralimitarse-en-sus-funciones-en-tema-del-aborto\/\",\"url\":\"https:\/\/www.sonoraenequipo.com.mx\/pan-advierte-que-scjn-podria-extralimitarse-en-sus-funciones-en-tema-del-aborto\/\",\"name\":\"Sonora en Equipo. PAN advierte que SCJN podr\u00eda extralimitarse en sus funciones en tema del aborto\",\"isPartOf\":{\"@id\":\"https:\/\/www.sonoraenequipo.com.mx\/#website\"},\"primaryImageOfPage\":{\"@id\":\"https:\/\/www.sonoraenequipo.com.mx\/pan-advierte-que-scjn-podria-extralimitarse-en-sus-funciones-en-tema-del-aborto\/#primaryimage\"},\"image\":{\"@id\":\"https:\/\/www.sonoraenequipo.com.mx\/pan-advierte-que-scjn-podria-extralimitarse-en-sus-funciones-en-tema-del-aborto\/#primaryimage\"},\"thumbnailUrl\":\"https:\/\/www.sonoraenequipo.com.mx\/storage\/2020\/07\/FETO.jpg\",\"datePublished\":\"2020-07-29T01:09:03+00:00\",\"dateModified\":\"2020-07-30T16:03:02+00:00\",\"description\":\"&gt;&gt;Una eventual resoluci\u00f3n de la Corte atentar\u00eda contra la libre determinaci\u00f3n legislativa de cada entidad federativa y debilitar\u00eda la divisi\u00f3n de En Sonora en Equipo publicamos toda la informaci\u00f3n de Sonora, M\u00e9xico y el Mundo de manera oportuna y busca que la libertad de expresi\u00f3n sea real. Visita nuestro medio informativo publicado desde Hermosillo, Sonora. %\",\"breadcrumb\":{\"@id\":\"https:\/\/www.sonoraenequipo.com.mx\/pan-advierte-que-scjn-podria-extralimitarse-en-sus-funciones-en-tema-del-aborto\/#breadcrumb\"},\"inLanguage\":\"es\",\"potentialAction\":[{\"@type\":\"ReadAction\",\"target\":[\"https:\/\/www.sonoraenequipo.com.mx\/pan-advierte-que-scjn-podria-extralimitarse-en-sus-funciones-en-tema-del-aborto\/\"]}]},{\"@type\":\"ImageObject\",\"inLanguage\":\"es\",\"@id\":\"https:\/\/www.sonoraenequipo.com.mx\/pan-advierte-que-scjn-podria-extralimitarse-en-sus-funciones-en-tema-del-aborto\/#primaryimage\",\"url\":\"https:\/\/www.sonoraenequipo.com.mx\/storage\/2020\/07\/FETO.jpg\",\"contentUrl\":\"https:\/\/www.sonoraenequipo.com.mx\/storage\/2020\/07\/FETO.jpg\",\"width\":600,\"height\":400},{\"@type\":\"BreadcrumbList\",\"@id\":\"https:\/\/www.sonoraenequipo.com.mx\/pan-advierte-que-scjn-podria-extralimitarse-en-sus-funciones-en-tema-del-aborto\/#breadcrumb\",\"itemListElement\":[{\"@type\":\"ListItem\",\"position\":1,\"name\":\"Portada\",\"item\":\"https:\/\/www.sonoraenequipo.com.mx\/\"},{\"@type\":\"ListItem\",\"position\":2,\"name\":\"PAN advierte que SCJN podr\u00eda extralimitarse en sus funciones en tema del aborto\"}]},{\"@type\":\"WebSite\",\"@id\":\"https:\/\/www.sonoraenequipo.com.mx\/#website\",\"url\":\"https:\/\/www.sonoraenequipo.com.mx\/\",\"name\":\"Sonora en Equipo.\",\"description\":\"Diario en l\u00ednea con Noticias desde Hermosillo, Sonora\",\"publisher\":{\"@id\":\"https:\/\/www.sonoraenequipo.com.mx\/#organization\"},\"potentialAction\":[{\"@type\":\"SearchAction\",\"target\":{\"@type\":\"EntryPoint\",\"urlTemplate\":\"https:\/\/www.sonoraenequipo.com.mx\/?s={search_term_string}\"},\"query-input\":{\"@type\":\"PropertyValueSpecification\",\"valueRequired\":true,\"valueName\":\"search_term_string\"}}],\"inLanguage\":\"es\"},{\"@type\":\"Organization\",\"@id\":\"https:\/\/www.sonoraenequipo.com.mx\/#organization\",\"name\":\"Sonoraenequipo.com.mx\",\"url\":\"https:\/\/www.sonoraenequipo.com.mx\/\",\"logo\":{\"@type\":\"ImageObject\",\"inLanguage\":\"es\",\"@id\":\"https:\/\/www.sonoraenequipo.com.mx\/#\/schema\/logo\/image\/\",\"url\":\"https:\/\/www.sonoraenequipo.com.mx\/storage\/2019\/01\/sonoraenequipo_opt.png\",\"contentUrl\":\"https:\/\/www.sonoraenequipo.com.mx\/storage\/2019\/01\/sonoraenequipo_opt.png\",\"width\":375,\"height\":125,\"caption\":\"Sonoraenequipo.com.mx\"},\"image\":{\"@id\":\"https:\/\/www.sonoraenequipo.com.mx\/#\/schema\/logo\/image\/\"},\"sameAs\":[\"https:\/\/www.facebook.com\/SonoraEE\/\",\"https:\/\/x.com\/sonoraenequipo\",\"https:\/\/www.youtube.com\/channel\/UC338nW-lPEYmJQs4ZABQ1SQ\"]},{\"@type\":\"Person\",\"@id\":\"https:\/\/www.sonoraenequipo.com.mx\/#\/schema\/person\/50102df0fb23a8fa9e8effad8fa81386\",\"name\":\"enequipo\",\"image\":{\"@type\":\"ImageObject\",\"inLanguage\":\"es\",\"@id\":\"https:\/\/www.sonoraenequipo.com.mx\/#\/schema\/person\/image\/\",\"url\":\"https:\/\/secure.gravatar.com\/avatar\/049821681b589dabc0bc20695993ccebb09f5b5d4d790cd9251b97faac7c652b?s=96&d=blank&r=g\",\"contentUrl\":\"https:\/\/secure.gravatar.com\/avatar\/049821681b589dabc0bc20695993ccebb09f5b5d4d790cd9251b97faac7c652b?s=96&d=blank&r=g\",\"caption\":\"enequipo\"},\"sameAs\":[\"https:\/\/www.facebook.com\/SonoraEE\"]}]}<\/script>\n ","yoast_head_json":{"title":"Sonora en Equipo. PAN advierte que SCJN podr\u00eda extralimitarse en sus funciones en tema del aborto","description":"&gt;&gt;Una eventual resoluci\u00f3n de la Corte atentar\u00eda contra la libre determinaci\u00f3n legislativa de cada entidad federativa y debilitar\u00eda la divisi\u00f3n de En Sonora en Equipo publicamos toda la informaci\u00f3n de Sonora, M\u00e9xico y el Mundo de manera oportuna y busca que la libertad de expresi\u00f3n sea real. Visita nuestro medio informativo publicado desde Hermosillo, Sonora. %","robots":{"index":"index","follow":"follow","max-snippet":"max-snippet:-1","max-image-preview":"max-image-preview:large","max-video-preview":"max-video-preview:-1"},"canonical":"https:\/\/www.sonoraenequipo.com.mx\/pan-advierte-que-scjn-podria-extralimitarse-en-sus-funciones-en-tema-del-aborto\/","og_locale":"es_ES","og_type":"article","og_title":"Sonora en Equipo. PAN advierte que SCJN podr\u00eda extralimitarse en sus funciones en tema del aborto","og_description":"&gt;&gt;Una eventual resoluci\u00f3n de la Corte atentar\u00eda contra la libre determinaci\u00f3n legislativa de cada entidad federativa y debilitar\u00eda la divisi\u00f3n de En Sonora en Equipo publicamos toda la informaci\u00f3n de Sonora, M\u00e9xico y el Mundo de manera oportuna y busca que la libertad de expresi\u00f3n sea real. Visita nuestro medio informativo publicado desde Hermosillo, Sonora. %","og_url":"https:\/\/www.sonoraenequipo.com.mx\/pan-advierte-que-scjn-podria-extralimitarse-en-sus-funciones-en-tema-del-aborto\/","og_site_name":"Sonora en Equipo.","article_publisher":"https:\/\/www.facebook.com\/SonoraEE\/","article_author":"https:\/\/www.facebook.com\/SonoraEE","article_published_time":"2020-07-29T01:09:03+00:00","article_modified_time":"2020-07-30T16:03:02+00:00","og_image":[{"width":600,"height":400,"url":"https:\/\/www.sonoraenequipo.com.mx\/storage\/2020\/07\/FETO.jpg","type":"image\/jpeg"}],"author":"enequipo","twitter_card":"summary_large_image","twitter_creator":"@sonoraenequipo","twitter_site":"@sonoraenequipo","twitter_misc":{"Escrito por":"enequipo","Tiempo de lectura":"1 minuto"},"schema":{"@context":"https:\/\/schema.org","@graph":[{"@type":"Article","@id":"https:\/\/www.sonoraenequipo.com.mx\/pan-advierte-que-scjn-podria-extralimitarse-en-sus-funciones-en-tema-del-aborto\/#article","isPartOf":{"@id":"https:\/\/www.sonoraenequipo.com.mx\/pan-advierte-que-scjn-podria-extralimitarse-en-sus-funciones-en-tema-del-aborto\/"},"author":{"name":"enequipo","@id":"https:\/\/www.sonoraenequipo.com.mx\/#\/schema\/person\/50102df0fb23a8fa9e8effad8fa81386"},"headline":"PAN advierte que SCJN podr\u00eda extralimitarse en sus funciones en tema del aborto","datePublished":"2020-07-29T01:09:03+00:00","dateModified":"2020-07-30T16:03:02+00:00","mainEntityOfPage":{"@id":"https:\/\/www.sonoraenequipo.com.mx\/pan-advierte-que-scjn-podria-extralimitarse-en-sus-funciones-en-tema-del-aborto\/"},"wordCount":299,"commentCount":0,"publisher":{"@id":"https:\/\/www.sonoraenequipo.com.mx\/#organization"},"image":{"@id":"https:\/\/www.sonoraenequipo.com.mx\/pan-advierte-que-scjn-podria-extralimitarse-en-sus-funciones-en-tema-del-aborto\/#primaryimage"},"thumbnailUrl":"https:\/\/www.sonoraenequipo.com.mx\/storage\/2020\/07\/FETO.jpg","keywords":["aborto","pan","SCJN"],"articleSection":["Rep\u00fablica"],"inLanguage":"es","potentialAction":[{"@type":"CommentAction","name":"Comment","target":["https:\/\/www.sonoraenequipo.com.mx\/pan-advierte-que-scjn-podria-extralimitarse-en-sus-funciones-en-tema-del-aborto\/#respond"]}]},{"@type":"WebPage","@id":"https:\/\/www.sonoraenequipo.com.mx\/pan-advierte-que-scjn-podria-extralimitarse-en-sus-funciones-en-tema-del-aborto\/","url":"https:\/\/www.sonoraenequipo.com.mx\/pan-advierte-que-scjn-podria-extralimitarse-en-sus-funciones-en-tema-del-aborto\/","name":"Sonora en Equipo. PAN advierte que SCJN podr\u00eda extralimitarse en sus funciones en tema del aborto","isPartOf":{"@id":"https:\/\/www.sonoraenequipo.com.mx\/#website"},"primaryImageOfPage":{"@id":"https:\/\/www.sonoraenequipo.com.mx\/pan-advierte-que-scjn-podria-extralimitarse-en-sus-funciones-en-tema-del-aborto\/#primaryimage"},"image":{"@id":"https:\/\/www.sonoraenequipo.com.mx\/pan-advierte-que-scjn-podria-extralimitarse-en-sus-funciones-en-tema-del-aborto\/#primaryimage"},"thumbnailUrl":"https:\/\/www.sonoraenequipo.com.mx\/storage\/2020\/07\/FETO.jpg","datePublished":"2020-07-29T01:09:03+00:00","dateModified":"2020-07-30T16:03:02+00:00","description":"&gt;&gt;Una eventual resoluci\u00f3n de la Corte atentar\u00eda contra la libre determinaci\u00f3n legislativa de cada entidad federativa y debilitar\u00eda la divisi\u00f3n de En Sonora en Equipo publicamos toda la informaci\u00f3n de Sonora, M\u00e9xico y el Mundo de manera oportuna y busca que la libertad de expresi\u00f3n sea real. Visita nuestro medio informativo publicado desde Hermosillo, Sonora. %","breadcrumb":{"@id":"https:\/\/www.sonoraenequipo.com.mx\/pan-advierte-que-scjn-podria-extralimitarse-en-sus-funciones-en-tema-del-aborto\/#breadcrumb"},"inLanguage":"es","potentialAction":[{"@type":"ReadAction","target":["https:\/\/www.sonoraenequipo.com.mx\/pan-advierte-que-scjn-podria-extralimitarse-en-sus-funciones-en-tema-del-aborto\/"]}]},{"@type":"ImageObject","inLanguage":"es","@id":"https:\/\/www.sonoraenequipo.com.mx\/pan-advierte-que-scjn-podria-extralimitarse-en-sus-funciones-en-tema-del-aborto\/#primaryimage","url":"https:\/\/www.sonoraenequipo.com.mx\/storage\/2020\/07\/FETO.jpg","contentUrl":"https:\/\/www.sonoraenequipo.com.mx\/storage\/2020\/07\/FETO.jpg","width":600,"height":400},{"@type":"BreadcrumbList","@id":"https:\/\/www.sonoraenequipo.com.mx\/pan-advierte-que-scjn-podria-extralimitarse-en-sus-funciones-en-tema-del-aborto\/#breadcrumb","itemListElement":[{"@type":"ListItem","position":1,"name":"Portada","item":"https:\/\/www.sonoraenequipo.com.mx\/"},{"@type":"ListItem","position":2,"name":"PAN advierte que SCJN podr\u00eda extralimitarse en sus funciones en tema del aborto"}]},{"@type":"WebSite","@id":"https:\/\/www.sonoraenequipo.com.mx\/#website","url":"https:\/\/www.sonoraenequipo.com.mx\/","name":"Sonora en Equipo.","description":"Diario en l\u00ednea con Noticias desde Hermosillo, Sonora","publisher":{"@id":"https:\/\/www.sonoraenequipo.com.mx\/#organization"},"potentialAction":[{"@type":"SearchAction","target":{"@type":"EntryPoint","urlTemplate":"https:\/\/www.sonoraenequipo.com.mx\/?s={search_term_string}"},"query-input":{"@type":"PropertyValueSpecification","valueRequired":true,"valueName":"search_term_string"}}],"inLanguage":"es"},{"@type":"Organization","@id":"https:\/\/www.sonoraenequipo.com.mx\/#organization","name":"Sonoraenequipo.com.mx","url":"https:\/\/www.sonoraenequipo.com.mx\/","logo":{"@type":"ImageObject","inLanguage":"es","@id":"https:\/\/www.sonoraenequipo.com.mx\/#\/schema\/logo\/image\/","url":"https:\/\/www.sonoraenequipo.com.mx\/storage\/2019\/01\/sonoraenequipo_opt.png","contentUrl":"https:\/\/www.sonoraenequipo.com.mx\/storage\/2019\/01\/sonoraenequipo_opt.png","width":375,"height":125,"caption":"Sonoraenequipo.com.mx"},"image":{"@id":"https:\/\/www.sonoraenequipo.com.mx\/#\/schema\/logo\/image\/"},"sameAs":["https:\/\/www.facebook.com\/SonoraEE\/","https:\/\/x.com\/sonoraenequipo","https:\/\/www.youtube.com\/channel\/UC338nW-lPEYmJQs4ZABQ1SQ"]},{"@type":"Person","@id":"https:\/\/www.sonoraenequipo.com.mx\/#\/schema\/person\/50102df0fb23a8fa9e8effad8fa81386","name":"enequipo","image":{"@type":"ImageObject","inLanguage":"es","@id":"https:\/\/www.sonoraenequipo.com.mx\/#\/schema\/person\/image\/","url":"https:\/\/secure.gravatar.com\/avatar\/049821681b589dabc0bc20695993ccebb09f5b5d4d790cd9251b97faac7c652b?s=96&d=blank&r=g","contentUrl":"https:\/\/secure.gravatar.com\/avatar\/049821681b589dabc0bc20695993ccebb09f5b5d4d790cd9251b97faac7c652b?s=96&d=blank&r=g","caption":"enequipo"},"sameAs":["https:\/\/www.facebook.com\/SonoraEE"]}]}},"jetpack_featured_media_url":"https:\/\/www.sonoraenequipo.com.mx\/storage\/2020\/07\/FETO.jpg","_links":{"self":[{"href":"https:\/\/www.sonoraenequipo.com.mx\/api\/wp\/v2\/posts\/91016","targetHints":{"allow":["GET"]}}],"collection":[{"href":"https:\/\/www.sonoraenequipo.com.mx\/api\/wp\/v2\/posts"}],"about":[{"href":"https:\/\/www.sonoraenequipo.com.mx\/api\/wp\/v2\/types\/post"}],"author":[{"embeddable":true,"href":"https:\/\/www.sonoraenequipo.com.mx\/api\/wp\/v2\/users\/1"}],"replies":[{"embeddable":true,"href":"https:\/\/www.sonoraenequipo.com.mx\/api\/wp\/v2\/comments?post=91016"}],"version-history":[{"count":0,"href":"https:\/\/www.sonoraenequipo.com.mx\/api\/wp\/v2\/posts\/91016\/revisions"}],"wp:featuredmedia":[{"embeddable":true,"href":"https:\/\/www.sonoraenequipo.com.mx\/api\/wp\/v2\/media\/91017"}],"wp:attachment":[{"href":"https:\/\/www.sonoraenequipo.com.mx\/api\/wp\/v2\/media?parent=91016"}],"wp:term":[{"taxonomy":"category","embeddable":true,"href":"https:\/\/www.sonoraenequipo.com.mx\/api\/wp\/v2\/categories?post=91016"},{"taxonomy":"post_tag","embeddable":true,"href":"https:\/\/www.sonoraenequipo.com.mx\/api\/wp\/v2\/tags?post=91016"}],"curies":[{"name":"wp","href":"https:\/\/api.w.org\/{rel}","templated":true}]}}