{"id":91026,"date":"2020-07-28T08:28:10","date_gmt":"2020-07-28T15:28:10","guid":{"rendered":"https:\/\/www.sonoraenequipo.com.mx\/?p=91026"},"modified":"2020-07-28T19:17:11","modified_gmt":"2020-07-29T02:17:11","slug":"presidente-lamenta-muertes-por-huracan-hanna-marina-y-ejercito-atienden-a-la-poblacion-en-estados-afectados","status":"publish","type":"post","link":"https:\/\/www.sonoraenequipo.com.mx\/presidente-lamenta-muertes-por-huracan-hanna-marina-y-ejercito-atienden-a-la-poblacion-en-estados-afectados\/","title":{"rendered":"Presidente lamenta muertes por hurac\u00e1n Hanna"},"content":{"rendered":"<p>CIUDAD DE M\u00c9XICO. MX. \u2014 El presidente Andr\u00e9s Manuel L\u00f3pez Obrador lament\u00f3 las muertes derivadas del paso del hurac\u00e1n Hanna en el norte del pa\u00eds. Afirm\u00f3 que el Gobierno de M\u00e9xico est\u00e1 al pendiente del desarrollo de este fen\u00f3meno natural con el objetivo de atender a la poblaci\u00f3n.<\/p>\n<p> <\/p>\n<p>En conferencia de prensa matutina en Palacio Nacional, el mandatario inform\u00f3 que se activaron el Plan DN-III-E y el Plan Marina.<\/p>\n<p>El coordinador Nacional de Protecci\u00f3n Civil, David Le\u00f3n Romero, detall\u00f3 que hasta ahora los gobiernos estatales de Nuevo Le\u00f3n, Coahuila y Tamaulipas no han emitido solicitudes para declaratorias de emergencia y record\u00f3 que solo se har\u00e1n si la situaci\u00f3n lo amerita.<\/p>\n<p>En Coahuila, Nuevo Le\u00f3n y Tamaulipas las presas incrementaron su nivel, lo que les permitir\u00e1 una mayor disponibilidad de agua para consumo y riego.<\/p>\n<p>Resultaron afectadas 54 colonias de los tres estados, cuatro v\u00edas de comunicaci\u00f3n con cierre parcial, ocho cierres carreteros, seis deslizamientos de tierra, cinco cauces desbordados, m\u00e1s de 300 da\u00f1os en la infraestructura p\u00fablica y un hospital que ya fue reparado.<\/p>\n<p>Se rescat\u00f3 a 87 personas y 769 personas fueron evacuadas; 339 personas se encuentran en siete refugios temporales y cuatro personas est\u00e1n en calidad de desaparecidas.<\/p>\n<p>El titular de Protecci\u00f3n Civil llam\u00f3 a atender las recomendaciones de la autoridad y resguardarse antes de las lluvias; acercarse a los sistemas estatales y locales de Protecci\u00f3n Civil y no transitar a pie, en bicicleta, sobre animales ni en autom\u00f3vil en la v\u00eda p\u00fablica durante la lluvia.<\/p>\n<h3>Presidente conf\u00eda en que Poder Legislativo discuta eliminaci\u00f3n del fuero<\/h3>\n<p>El presidente L\u00f3pez Obrador reafirm\u00f3 su convicci\u00f3n de eliminar el fuero al jefe del Ejecutivo en funciones para que pueda ser juzgado como todos los ciudadanos y no solo por el delito de traici\u00f3n a la patria.<\/p>\n<p><em>\u201cQueremos modificar esto en la Constituci\u00f3n. Quitar fueros, estos privilegios. (\u2026) Tengo la informaci\u00f3n que iniciando el periodo ordinario, a partir del 1 de septiembre, va a ser una de las primeras iniciativas en ponerse a discusi\u00f3n y en su caso a aprobarse, lo cual va a llevar a esta reforma constitucional\u201d,<\/em> refiri\u00f3.<\/p>\n<p>Sobre el juicio al exdirector de Pemex, Emilio Lozoya, el mandatario asegur\u00f3 que marca un antes y un despu\u00e9s en el combate a la corrupci\u00f3n. Indic\u00f3 que servir\u00e1 para recuperar los recursos que se robaron.<\/p>\n<p>Anunci\u00f3 que su gobierno, a trav\u00e9s de la Secretar\u00eda de Relaciones Exteriores, buscar\u00e1 que se devuelvan a M\u00e9xico los bienes incautados en el extranjero a los delincuentes de cuello blanco.<\/p>\n<p><em>\u201c\u00bfPor qu\u00e9 nos importa a nosotros? Para que no se repita nunca m\u00e1s esta corrupci\u00f3n. Lo segundo que nos importa es ver qu\u00e9 podemos recuperar de lo robado, lo m\u00e1s que se pueda. Ya hay un ofrecimiento de que por el sobreprecio que pagaron en la compra de la planta de fertilizante, el nuevo due\u00f1o acepta devolver 200 millones de d\u00f3lares y hay otras posibilidades de obtener recursos\u201d,<\/em> asever\u00f3.<\/p>\n<p><iframe loading=\"lazy\" title=\"Atenci\u00f3n por hurac\u00e1n Hanna. Conferencia presidente AMLO\" width=\"640\" height=\"360\" src=\"https:\/\/www.youtube.com\/embed\/b1l63mPeVrQ?start=1108&#038;feature=oembed\" frameborder=\"0\" allow=\"accelerometer; autoplay; clipboard-write; encrypted-media; gyroscope; picture-in-picture; web-share\" referrerpolicy=\"strict-origin-when-cross-origin\" allowfullscreen><\/iframe><\/p>\n<p>(PUBLICADO EL 28\/07\/2020)<\/p>\n","protected":false},"excerpt":{"rendered":"<p>CIUDAD DE M\u00c9XICO. MX. \u2014 El presidente Andr\u00e9s Manuel L\u00f3pez Obrador lament\u00f3 las muertes derivadas&#8230;<\/p>\n","protected":false},"author":1,"featured_media":91032,"comment_status":"open","ping_status":"open","sticky":false,"template":"","format":"standard","meta":{"_monsterinsights_skip_tracking":false,"_monsterinsights_sitenote_active":false,"_monsterinsights_sitenote_note":"","_monsterinsights_sitenote_category":0,"footnotes":""},"categories":[5],"tags":[],"class_list":["post"],"yoast_head":" \n<title>Sonora en Equipo. Presidente lamenta muertes por hurac\u00e1n Hanna Rep\u00fablica<\/title>\n<meta name=\"description\" content=\"CIUDAD DE M\u00c9XICO. MX. \u2014 El presidente Andr\u00e9s Manuel L\u00f3pez Obrador lament\u00f3 las muertes derivadas del paso del hurac\u00e1n Hanna en el norte del pa\u00eds. Afirm\u00f3 En Sonora en Equipo publicamos toda la informaci\u00f3n de Sonora, M\u00e9xico y el Mundo de manera oportuna y busca que la libertad de expresi\u00f3n sea real. Visita nuestro medio informativo publicado desde Hermosillo, Sonora. %\" \/>\n<meta name=\"robots\" content=\"index, follow, max-snippet:-1, max-image-preview:large, max-video-preview:-1\" \/>\n<link rel=\"canonical\" href=\"https:\/\/www.sonoraenequipo.com.mx\/presidente-lamenta-muertes-por-huracan-hanna-marina-y-ejercito-atienden-a-la-poblacion-en-estados-afectados\/\" \/>\n<meta property=\"og:locale\" content=\"es_ES\" \/>\n<meta property=\"og:type\" content=\"article\" \/>\n<meta property=\"og:title\" content=\"Sonora en Equipo. Presidente lamenta muertes por hurac\u00e1n Hanna Rep\u00fablica\" \/>\n<meta property=\"og:description\" content=\"CIUDAD DE M\u00c9XICO. MX. \u2014 El presidente Andr\u00e9s Manuel L\u00f3pez Obrador lament\u00f3 las muertes derivadas del paso del hurac\u00e1n Hanna en el norte del pa\u00eds. Afirm\u00f3 En Sonora en Equipo publicamos toda la informaci\u00f3n de Sonora, M\u00e9xico y el Mundo de manera oportuna y busca que la libertad de expresi\u00f3n sea real. Visita nuestro medio informativo publicado desde Hermosillo, Sonora. %\" \/>\n<meta property=\"og:url\" content=\"https:\/\/www.sonoraenequipo.com.mx\/presidente-lamenta-muertes-por-huracan-hanna-marina-y-ejercito-atienden-a-la-poblacion-en-estados-afectados\/\" \/>\n<meta property=\"og:site_name\" content=\"Sonora en Equipo.\" \/>\n<meta property=\"article:publisher\" content=\"https:\/\/www.facebook.com\/SonoraEE\/\" \/>\n<meta property=\"article:author\" content=\"https:\/\/www.facebook.com\/SonoraEE\" \/>\n<meta property=\"article:published_time\" content=\"2020-07-28T15:28:10+00:00\" \/>\n<meta property=\"article:modified_time\" content=\"2020-07-29T02:17:11+00:00\" \/>\n<meta property=\"og:image\" content=\"https:\/\/www.sonoraenequipo.com.mx\/storage\/2020\/07\/lopezobrador_opt.jpg\" \/>\n\t<meta property=\"og:image:width\" content=\"601\" \/>\n\t<meta property=\"og:image:height\" content=\"400\" \/>\n\t<meta property=\"og:image:type\" content=\"image\/jpeg\" \/>\n<meta name=\"author\" content=\"enequipo\" \/>\n<meta name=\"twitter:card\" content=\"summary_large_image\" \/>\n<meta name=\"twitter:creator\" content=\"@sonoraenequipo\" \/>\n<meta name=\"twitter:site\" content=\"@sonoraenequipo\" \/>\n<meta name=\"twitter:label1\" content=\"Escrito por\" \/>\n\t<meta name=\"twitter:data1\" content=\"enequipo\" \/>\n\t<meta name=\"twitter:label2\" content=\"Tiempo de lectura\" \/>\n\t<meta name=\"twitter:data2\" content=\"3 minutos\" \/>\n<script type=\"application\/ld+json\" class=\"yoast-schema-graph\">{\"@context\":\"https:\/\/schema.org\",\"@graph\":[{\"@type\":\"Article\",\"@id\":\"https:\/\/www.sonoraenequipo.com.mx\/presidente-lamenta-muertes-por-huracan-hanna-marina-y-ejercito-atienden-a-la-poblacion-en-estados-afectados\/#article\",\"isPartOf\":{\"@id\":\"https:\/\/www.sonoraenequipo.com.mx\/presidente-lamenta-muertes-por-huracan-hanna-marina-y-ejercito-atienden-a-la-poblacion-en-estados-afectados\/\"},\"author\":{\"name\":\"enequipo\",\"@id\":\"https:\/\/www.sonoraenequipo.com.mx\/#\/schema\/person\/50102df0fb23a8fa9e8effad8fa81386\"},\"headline\":\"Presidente lamenta muertes por hurac\u00e1n Hanna\",\"datePublished\":\"2020-07-28T15:28:10+00:00\",\"dateModified\":\"2020-07-29T02:17:11+00:00\",\"mainEntityOfPage\":{\"@id\":\"https:\/\/www.sonoraenequipo.com.mx\/presidente-lamenta-muertes-por-huracan-hanna-marina-y-ejercito-atienden-a-la-poblacion-en-estados-afectados\/\"},\"wordCount\":541,\"commentCount\":0,\"publisher\":{\"@id\":\"https:\/\/www.sonoraenequipo.com.mx\/#organization\"},\"image\":{\"@id\":\"https:\/\/www.sonoraenequipo.com.mx\/presidente-lamenta-muertes-por-huracan-hanna-marina-y-ejercito-atienden-a-la-poblacion-en-estados-afectados\/#primaryimage\"},\"thumbnailUrl\":\"https:\/\/www.sonoraenequipo.com.mx\/storage\/2020\/07\/lopezobrador_opt.jpg\",\"articleSection\":[\"Rep\u00fablica\"],\"inLanguage\":\"es\",\"potentialAction\":[{\"@type\":\"CommentAction\",\"name\":\"Comment\",\"target\":[\"https:\/\/www.sonoraenequipo.com.mx\/presidente-lamenta-muertes-por-huracan-hanna-marina-y-ejercito-atienden-a-la-poblacion-en-estados-afectados\/#respond\"]}]},{\"@type\":\"WebPage\",\"@id\":\"https:\/\/www.sonoraenequipo.com.mx\/presidente-lamenta-muertes-por-huracan-hanna-marina-y-ejercito-atienden-a-la-poblacion-en-estados-afectados\/\",\"url\":\"https:\/\/www.sonoraenequipo.com.mx\/presidente-lamenta-muertes-por-huracan-hanna-marina-y-ejercito-atienden-a-la-poblacion-en-estados-afectados\/\",\"name\":\"Sonora en Equipo. Presidente lamenta muertes por hurac\u00e1n Hanna Rep\u00fablica\",\"isPartOf\":{\"@id\":\"https:\/\/www.sonoraenequipo.com.mx\/#website\"},\"primaryImageOfPage\":{\"@id\":\"https:\/\/www.sonoraenequipo.com.mx\/presidente-lamenta-muertes-por-huracan-hanna-marina-y-ejercito-atienden-a-la-poblacion-en-estados-afectados\/#primaryimage\"},\"image\":{\"@id\":\"https:\/\/www.sonoraenequipo.com.mx\/presidente-lamenta-muertes-por-huracan-hanna-marina-y-ejercito-atienden-a-la-poblacion-en-estados-afectados\/#primaryimage\"},\"thumbnailUrl\":\"https:\/\/www.sonoraenequipo.com.mx\/storage\/2020\/07\/lopezobrador_opt.jpg\",\"datePublished\":\"2020-07-28T15:28:10+00:00\",\"dateModified\":\"2020-07-29T02:17:11+00:00\",\"description\":\"CIUDAD DE M\u00c9XICO. MX. \u2014 El presidente Andr\u00e9s Manuel L\u00f3pez Obrador lament\u00f3 las muertes derivadas del paso del hurac\u00e1n Hanna en el norte del pa\u00eds. Afirm\u00f3 En Sonora en Equipo publicamos toda la informaci\u00f3n de Sonora, M\u00e9xico y el Mundo de manera oportuna y busca que la libertad de expresi\u00f3n sea real. Visita nuestro medio informativo publicado desde Hermosillo, Sonora. %\",\"breadcrumb\":{\"@id\":\"https:\/\/www.sonoraenequipo.com.mx\/presidente-lamenta-muertes-por-huracan-hanna-marina-y-ejercito-atienden-a-la-poblacion-en-estados-afectados\/#breadcrumb\"},\"inLanguage\":\"es\",\"potentialAction\":[{\"@type\":\"ReadAction\",\"target\":[\"https:\/\/www.sonoraenequipo.com.mx\/presidente-lamenta-muertes-por-huracan-hanna-marina-y-ejercito-atienden-a-la-poblacion-en-estados-afectados\/\"]}]},{\"@type\":\"ImageObject\",\"inLanguage\":\"es\",\"@id\":\"https:\/\/www.sonoraenequipo.com.mx\/presidente-lamenta-muertes-por-huracan-hanna-marina-y-ejercito-atienden-a-la-poblacion-en-estados-afectados\/#primaryimage\",\"url\":\"https:\/\/www.sonoraenequipo.com.mx\/storage\/2020\/07\/lopezobrador_opt.jpg\",\"contentUrl\":\"https:\/\/www.sonoraenequipo.com.mx\/storage\/2020\/07\/lopezobrador_opt.jpg\",\"width\":601,\"height\":400},{\"@type\":\"BreadcrumbList\",\"@id\":\"https:\/\/www.sonoraenequipo.com.mx\/presidente-lamenta-muertes-por-huracan-hanna-marina-y-ejercito-atienden-a-la-poblacion-en-estados-afectados\/#breadcrumb\",\"itemListElement\":[{\"@type\":\"ListItem\",\"position\":1,\"name\":\"Portada\",\"item\":\"https:\/\/www.sonoraenequipo.com.mx\/\"},{\"@type\":\"ListItem\",\"position\":2,\"name\":\"Presidente lamenta muertes por hurac\u00e1n Hanna\"}]},{\"@type\":\"WebSite\",\"@id\":\"https:\/\/www.sonoraenequipo.com.mx\/#website\",\"url\":\"https:\/\/www.sonoraenequipo.com.mx\/\",\"name\":\"Sonora en Equipo.\",\"description\":\"Diario en l\u00ednea con Noticias desde Hermosillo, Sonora\",\"publisher\":{\"@id\":\"https:\/\/www.sonoraenequipo.com.mx\/#organization\"},\"potentialAction\":[{\"@type\":\"SearchAction\",\"target\":{\"@type\":\"EntryPoint\",\"urlTemplate\":\"https:\/\/www.sonoraenequipo.com.mx\/?s={search_term_string}\"},\"query-input\":{\"@type\":\"PropertyValueSpecification\",\"valueRequired\":true,\"valueName\":\"search_term_string\"}}],\"inLanguage\":\"es\"},{\"@type\":\"Organization\",\"@id\":\"https:\/\/www.sonoraenequipo.com.mx\/#organization\",\"name\":\"Sonoraenequipo.com.mx\",\"url\":\"https:\/\/www.sonoraenequipo.com.mx\/\",\"logo\":{\"@type\":\"ImageObject\",\"inLanguage\":\"es\",\"@id\":\"https:\/\/www.sonoraenequipo.com.mx\/#\/schema\/logo\/image\/\",\"url\":\"https:\/\/www.sonoraenequipo.com.mx\/storage\/2019\/01\/sonoraenequipo_opt.png\",\"contentUrl\":\"https:\/\/www.sonoraenequipo.com.mx\/storage\/2019\/01\/sonoraenequipo_opt.png\",\"width\":375,\"height\":125,\"caption\":\"Sonoraenequipo.com.mx\"},\"image\":{\"@id\":\"https:\/\/www.sonoraenequipo.com.mx\/#\/schema\/logo\/image\/\"},\"sameAs\":[\"https:\/\/www.facebook.com\/SonoraEE\/\",\"https:\/\/x.com\/sonoraenequipo\",\"https:\/\/www.youtube.com\/channel\/UC338nW-lPEYmJQs4ZABQ1SQ\"]},{\"@type\":\"Person\",\"@id\":\"https:\/\/www.sonoraenequipo.com.mx\/#\/schema\/person\/50102df0fb23a8fa9e8effad8fa81386\",\"name\":\"enequipo\",\"image\":{\"@type\":\"ImageObject\",\"inLanguage\":\"es\",\"@id\":\"https:\/\/www.sonoraenequipo.com.mx\/#\/schema\/person\/image\/\",\"url\":\"https:\/\/secure.gravatar.com\/avatar\/049821681b589dabc0bc20695993ccebb09f5b5d4d790cd9251b97faac7c652b?s=96&d=blank&r=g\",\"contentUrl\":\"https:\/\/secure.gravatar.com\/avatar\/049821681b589dabc0bc20695993ccebb09f5b5d4d790cd9251b97faac7c652b?s=96&d=blank&r=g\",\"caption\":\"enequipo\"},\"sameAs\":[\"https:\/\/www.facebook.com\/SonoraEE\"]}]}<\/script>\n ","yoast_head_json":{"title":"Sonora en Equipo. Presidente lamenta muertes por hurac\u00e1n Hanna Rep\u00fablica","description":"CIUDAD DE M\u00c9XICO. MX. \u2014 El presidente Andr\u00e9s Manuel L\u00f3pez Obrador lament\u00f3 las muertes derivadas del paso del hurac\u00e1n Hanna en el norte del pa\u00eds. Afirm\u00f3 En Sonora en Equipo publicamos toda la informaci\u00f3n de Sonora, M\u00e9xico y el Mundo de manera oportuna y busca que la libertad de expresi\u00f3n sea real. Visita nuestro medio informativo publicado desde Hermosillo, Sonora. %","robots":{"index":"index","follow":"follow","max-snippet":"max-snippet:-1","max-image-preview":"max-image-preview:large","max-video-preview":"max-video-preview:-1"},"canonical":"https:\/\/www.sonoraenequipo.com.mx\/presidente-lamenta-muertes-por-huracan-hanna-marina-y-ejercito-atienden-a-la-poblacion-en-estados-afectados\/","og_locale":"es_ES","og_type":"article","og_title":"Sonora en Equipo. Presidente lamenta muertes por hurac\u00e1n Hanna Rep\u00fablica","og_description":"CIUDAD DE M\u00c9XICO. MX. \u2014 El presidente Andr\u00e9s Manuel L\u00f3pez Obrador lament\u00f3 las muertes derivadas del paso del hurac\u00e1n Hanna en el norte del pa\u00eds. Afirm\u00f3 En Sonora en Equipo publicamos toda la informaci\u00f3n de Sonora, M\u00e9xico y el Mundo de manera oportuna y busca que la libertad de expresi\u00f3n sea real. Visita nuestro medio informativo publicado desde Hermosillo, Sonora. %","og_url":"https:\/\/www.sonoraenequipo.com.mx\/presidente-lamenta-muertes-por-huracan-hanna-marina-y-ejercito-atienden-a-la-poblacion-en-estados-afectados\/","og_site_name":"Sonora en Equipo.","article_publisher":"https:\/\/www.facebook.com\/SonoraEE\/","article_author":"https:\/\/www.facebook.com\/SonoraEE","article_published_time":"2020-07-28T15:28:10+00:00","article_modified_time":"2020-07-29T02:17:11+00:00","og_image":[{"width":601,"height":400,"url":"https:\/\/www.sonoraenequipo.com.mx\/storage\/2020\/07\/lopezobrador_opt.jpg","type":"image\/jpeg"}],"author":"enequipo","twitter_card":"summary_large_image","twitter_creator":"@sonoraenequipo","twitter_site":"@sonoraenequipo","twitter_misc":{"Escrito por":"enequipo","Tiempo de lectura":"3 minutos"},"schema":{"@context":"https:\/\/schema.org","@graph":[{"@type":"Article","@id":"https:\/\/www.sonoraenequipo.com.mx\/presidente-lamenta-muertes-por-huracan-hanna-marina-y-ejercito-atienden-a-la-poblacion-en-estados-afectados\/#article","isPartOf":{"@id":"https:\/\/www.sonoraenequipo.com.mx\/presidente-lamenta-muertes-por-huracan-hanna-marina-y-ejercito-atienden-a-la-poblacion-en-estados-afectados\/"},"author":{"name":"enequipo","@id":"https:\/\/www.sonoraenequipo.com.mx\/#\/schema\/person\/50102df0fb23a8fa9e8effad8fa81386"},"headline":"Presidente lamenta muertes por hurac\u00e1n Hanna","datePublished":"2020-07-28T15:28:10+00:00","dateModified":"2020-07-29T02:17:11+00:00","mainEntityOfPage":{"@id":"https:\/\/www.sonoraenequipo.com.mx\/presidente-lamenta-muertes-por-huracan-hanna-marina-y-ejercito-atienden-a-la-poblacion-en-estados-afectados\/"},"wordCount":541,"commentCount":0,"publisher":{"@id":"https:\/\/www.sonoraenequipo.com.mx\/#organization"},"image":{"@id":"https:\/\/www.sonoraenequipo.com.mx\/presidente-lamenta-muertes-por-huracan-hanna-marina-y-ejercito-atienden-a-la-poblacion-en-estados-afectados\/#primaryimage"},"thumbnailUrl":"https:\/\/www.sonoraenequipo.com.mx\/storage\/2020\/07\/lopezobrador_opt.jpg","articleSection":["Rep\u00fablica"],"inLanguage":"es","potentialAction":[{"@type":"CommentAction","name":"Comment","target":["https:\/\/www.sonoraenequipo.com.mx\/presidente-lamenta-muertes-por-huracan-hanna-marina-y-ejercito-atienden-a-la-poblacion-en-estados-afectados\/#respond"]}]},{"@type":"WebPage","@id":"https:\/\/www.sonoraenequipo.com.mx\/presidente-lamenta-muertes-por-huracan-hanna-marina-y-ejercito-atienden-a-la-poblacion-en-estados-afectados\/","url":"https:\/\/www.sonoraenequipo.com.mx\/presidente-lamenta-muertes-por-huracan-hanna-marina-y-ejercito-atienden-a-la-poblacion-en-estados-afectados\/","name":"Sonora en Equipo. Presidente lamenta muertes por hurac\u00e1n Hanna Rep\u00fablica","isPartOf":{"@id":"https:\/\/www.sonoraenequipo.com.mx\/#website"},"primaryImageOfPage":{"@id":"https:\/\/www.sonoraenequipo.com.mx\/presidente-lamenta-muertes-por-huracan-hanna-marina-y-ejercito-atienden-a-la-poblacion-en-estados-afectados\/#primaryimage"},"image":{"@id":"https:\/\/www.sonoraenequipo.com.mx\/presidente-lamenta-muertes-por-huracan-hanna-marina-y-ejercito-atienden-a-la-poblacion-en-estados-afectados\/#primaryimage"},"thumbnailUrl":"https:\/\/www.sonoraenequipo.com.mx\/storage\/2020\/07\/lopezobrador_opt.jpg","datePublished":"2020-07-28T15:28:10+00:00","dateModified":"2020-07-29T02:17:11+00:00","description":"CIUDAD DE M\u00c9XICO. MX. \u2014 El presidente Andr\u00e9s Manuel L\u00f3pez Obrador lament\u00f3 las muertes derivadas del paso del hurac\u00e1n Hanna en el norte del pa\u00eds. Afirm\u00f3 En Sonora en Equipo publicamos toda la informaci\u00f3n de Sonora, M\u00e9xico y el Mundo de manera oportuna y busca que la libertad de expresi\u00f3n sea real. Visita nuestro medio informativo publicado desde Hermosillo, Sonora. %","breadcrumb":{"@id":"https:\/\/www.sonoraenequipo.com.mx\/presidente-lamenta-muertes-por-huracan-hanna-marina-y-ejercito-atienden-a-la-poblacion-en-estados-afectados\/#breadcrumb"},"inLanguage":"es","potentialAction":[{"@type":"ReadAction","target":["https:\/\/www.sonoraenequipo.com.mx\/presidente-lamenta-muertes-por-huracan-hanna-marina-y-ejercito-atienden-a-la-poblacion-en-estados-afectados\/"]}]},{"@type":"ImageObject","inLanguage":"es","@id":"https:\/\/www.sonoraenequipo.com.mx\/presidente-lamenta-muertes-por-huracan-hanna-marina-y-ejercito-atienden-a-la-poblacion-en-estados-afectados\/#primaryimage","url":"https:\/\/www.sonoraenequipo.com.mx\/storage\/2020\/07\/lopezobrador_opt.jpg","contentUrl":"https:\/\/www.sonoraenequipo.com.mx\/storage\/2020\/07\/lopezobrador_opt.jpg","width":601,"height":400},{"@type":"BreadcrumbList","@id":"https:\/\/www.sonoraenequipo.com.mx\/presidente-lamenta-muertes-por-huracan-hanna-marina-y-ejercito-atienden-a-la-poblacion-en-estados-afectados\/#breadcrumb","itemListElement":[{"@type":"ListItem","position":1,"name":"Portada","item":"https:\/\/www.sonoraenequipo.com.mx\/"},{"@type":"ListItem","position":2,"name":"Presidente lamenta muertes por hurac\u00e1n Hanna"}]},{"@type":"WebSite","@id":"https:\/\/www.sonoraenequipo.com.mx\/#website","url":"https:\/\/www.sonoraenequipo.com.mx\/","name":"Sonora en Equipo.","description":"Diario en l\u00ednea con Noticias desde Hermosillo, Sonora","publisher":{"@id":"https:\/\/www.sonoraenequipo.com.mx\/#organization"},"potentialAction":[{"@type":"SearchAction","target":{"@type":"EntryPoint","urlTemplate":"https:\/\/www.sonoraenequipo.com.mx\/?s={search_term_string}"},"query-input":{"@type":"PropertyValueSpecification","valueRequired":true,"valueName":"search_term_string"}}],"inLanguage":"es"},{"@type":"Organization","@id":"https:\/\/www.sonoraenequipo.com.mx\/#organization","name":"Sonoraenequipo.com.mx","url":"https:\/\/www.sonoraenequipo.com.mx\/","logo":{"@type":"ImageObject","inLanguage":"es","@id":"https:\/\/www.sonoraenequipo.com.mx\/#\/schema\/logo\/image\/","url":"https:\/\/www.sonoraenequipo.com.mx\/storage\/2019\/01\/sonoraenequipo_opt.png","contentUrl":"https:\/\/www.sonoraenequipo.com.mx\/storage\/2019\/01\/sonoraenequipo_opt.png","width":375,"height":125,"caption":"Sonoraenequipo.com.mx"},"image":{"@id":"https:\/\/www.sonoraenequipo.com.mx\/#\/schema\/logo\/image\/"},"sameAs":["https:\/\/www.facebook.com\/SonoraEE\/","https:\/\/x.com\/sonoraenequipo","https:\/\/www.youtube.com\/channel\/UC338nW-lPEYmJQs4ZABQ1SQ"]},{"@type":"Person","@id":"https:\/\/www.sonoraenequipo.com.mx\/#\/schema\/person\/50102df0fb23a8fa9e8effad8fa81386","name":"enequipo","image":{"@type":"ImageObject","inLanguage":"es","@id":"https:\/\/www.sonoraenequipo.com.mx\/#\/schema\/person\/image\/","url":"https:\/\/secure.gravatar.com\/avatar\/049821681b589dabc0bc20695993ccebb09f5b5d4d790cd9251b97faac7c652b?s=96&d=blank&r=g","contentUrl":"https:\/\/secure.gravatar.com\/avatar\/049821681b589dabc0bc20695993ccebb09f5b5d4d790cd9251b97faac7c652b?s=96&d=blank&r=g","caption":"enequipo"},"sameAs":["https:\/\/www.facebook.com\/SonoraEE"]}]}},"jetpack_featured_media_url":"https:\/\/www.sonoraenequipo.com.mx\/storage\/2020\/07\/lopezobrador_opt.jpg","_links":{"self":[{"href":"https:\/\/www.sonoraenequipo.com.mx\/api\/wp\/v2\/posts\/91026","targetHints":{"allow":["GET"]}}],"collection":[{"href":"https:\/\/www.sonoraenequipo.com.mx\/api\/wp\/v2\/posts"}],"about":[{"href":"https:\/\/www.sonoraenequipo.com.mx\/api\/wp\/v2\/types\/post"}],"author":[{"embeddable":true,"href":"https:\/\/www.sonoraenequipo.com.mx\/api\/wp\/v2\/users\/1"}],"replies":[{"embeddable":true,"href":"https:\/\/www.sonoraenequipo.com.mx\/api\/wp\/v2\/comments?post=91026"}],"version-history":[{"count":0,"href":"https:\/\/www.sonoraenequipo.com.mx\/api\/wp\/v2\/posts\/91026\/revisions"}],"wp:featuredmedia":[{"embeddable":true,"href":"https:\/\/www.sonoraenequipo.com.mx\/api\/wp\/v2\/media\/91032"}],"wp:attachment":[{"href":"https:\/\/www.sonoraenequipo.com.mx\/api\/wp\/v2\/media?parent=91026"}],"wp:term":[{"taxonomy":"category","embeddable":true,"href":"https:\/\/www.sonoraenequipo.com.mx\/api\/wp\/v2\/categories?post=91026"},{"taxonomy":"post_tag","embeddable":true,"href":"https:\/\/www.sonoraenequipo.com.mx\/api\/wp\/v2\/tags?post=91026"}],"curies":[{"name":"wp","href":"https:\/\/api.w.org\/{rel}","templated":true}]}}