{"id":91040,"date":"2020-07-28T15:00:44","date_gmt":"2020-07-28T22:00:44","guid":{"rendered":"https:\/\/www.sonoraenequipo.com.mx\/?p=91040"},"modified":"2020-07-28T20:10:50","modified_gmt":"2020-07-29T03:10:50","slug":"llevan-agrupacion-estadounidense-y-dif-sonora-apoyo-alimentario-a-seris","status":"publish","type":"post","link":"https:\/\/www.sonoraenequipo.com.mx\/llevan-agrupacion-estadounidense-y-dif-sonora-apoyo-alimentario-a-seris\/","title":{"rendered":"Llevan agrupaci\u00f3n estadounidense y DIF Sonora apoyo alimentario a seris"},"content":{"rendered":"<p>PITIQUITO, SONORA. MX. \u2014 Con el compromiso de llegar a todos los rincones del estado con apoyo alimentario, la directora general de DIF Sonora, Karina Z\u00e1rate F\u00e9lix, inform\u00f3 que se entregaron alimentos y productos de higiene a familias de la tribu Comca\u2019ac (seri) que habitan en el municipio de Pitiquito.<\/p>\n<p>&nbsp;<\/p>\n<p> <\/p>\n<p>&nbsp;<\/p>\n<p><em>\u201cA trav\u00e9s de DIF Sonora y de la Comisi\u00f3n Estatal para el Desarrollo de los pueblos y Comunidades Ind\u00edgenas, se coordin\u00f3 la entrega de los alimentos, casa por casa, tomando las medidas preventivas necesarias que evitan poner en riesgo a la comunidad y al equipo que est\u00e1 cumpliendo con esta tarea\u201d,<\/em> manifest\u00f3 Z\u00e1rate F\u00e9lix.<\/p>\n<p>&nbsp;<\/p>\n<p>Dijo que estas despensas fueron donadas por el grupo <em>\u201cAmigos de los Capuchinos\u201d<\/em>, con sede en California, Estados Unidos, quienes realizaron una colecta entre sus integrantes para ayudar a la etnia sonorense.<\/p>\n<p>&nbsp;<\/p>\n<p><img loading=\"lazy\" decoding=\"async\" class=\"  x-right\" src=\"https:\/\/sonmx.mx\/storage\/2020\/07\/0720159a1_opt.jpg\" alt=\"\" width=\"325\" height=\"433\" \/><em>\u201cDesde que nos convoc\u00f3 la gobernadora Claudia Pavlovich a jalar parejo y trabajar todos juntos en esta contingencia es impresionante toda la solidaridad que hemos recibido de personas y grupos en este tiempo de crisis, es ah\u00ed donde se conoce el verdadero compromiso y amor al pr\u00f3jimo\u201d,<\/em> se\u00f1al\u00f3 Z\u00e1rate F\u00e9lix.<\/p>\n<p>&nbsp;<\/p>\n<p>En representaci\u00f3n de las familias de la tribu Comca\u2019ac que habitan en El Desemboque, su comisario Reynaldo Estrella se refiri\u00f3 a la cr\u00edtica situaci\u00f3n que viven en este momento de pandemia y c\u00f3mo las despensas y productos de limpieza vendr\u00e1n a mitigar sus necesidades.<\/p>\n<p>&nbsp;<\/p>\n<p><em>\u201cPrimeramente, agradecerles porque en estos tiempos estamos pasando por una situaci\u00f3n bastante cr\u00edtica, es una ayuda muy notoria para nosotros porque ahorita no tenemos trabajo, nos dedicamos a la pesca y la artesan\u00eda, ahorita por la pandemia no vienen los compradores de pescado, ni turistas nos han visitado\u201d<\/em>, se\u00f1al\u00f3.<\/p>\n<p>&nbsp;<\/p>\n<p>La Di\u00f3cesis de Ciudad Obreg\u00f3n, a trav\u00e9s del Vicario Pastoral Ind\u00edgena, Padre David Beaumont Pfeiffer, agradecieron la intervenci\u00f3n de la directora general de DIF Sonora, Karina Z\u00e1rate, y el equipo de trabajo de la instituci\u00f3n, quienes hicieron posible que la ayuda llegara a su destino.<\/p>\n<p>&nbsp;<\/p>\n<p>(PUBLICADO EL 28\/07\/2020)<\/p>\n","protected":false},"excerpt":{"rendered":"<p>PITIQUITO, SONORA. MX. \u2014 Con el compromiso de llegar a todos los rincones del estado&#8230;<\/p>\n","protected":false},"author":1,"featured_media":91050,"comment_status":"open","ping_status":"open","sticky":false,"template":"","format":"standard","meta":{"_monsterinsights_skip_tracking":false,"_monsterinsights_sitenote_active":false,"_monsterinsights_sitenote_note":"","_monsterinsights_sitenote_category":0,"footnotes":""},"categories":[22],"tags":[],"class_list":["post"],"yoast_head":" \n<title>Sonora en Equipo. Llevan agrupaci\u00f3n estadounidense y DIF Sonora apoyo alimentario a seris Sonora<\/title>\n<meta name=\"description\" content=\"PITIQUITO, SONORA. MX. \u2014 Con el compromiso de llegar a todos los rincones del estado con apoyo alimentario, la directora general de DIF Sonora, Karina En Sonora en Equipo publicamos toda la informaci\u00f3n de Sonora, M\u00e9xico y el Mundo de manera oportuna y busca que la libertad de expresi\u00f3n sea real. Visita nuestro medio informativo publicado desde Hermosillo, Sonora. %\" \/>\n<meta name=\"robots\" content=\"index, follow, max-snippet:-1, max-image-preview:large, max-video-preview:-1\" \/>\n<link rel=\"canonical\" href=\"https:\/\/www.sonoraenequipo.com.mx\/llevan-agrupacion-estadounidense-y-dif-sonora-apoyo-alimentario-a-seris\/\" \/>\n<meta property=\"og:locale\" content=\"es_ES\" \/>\n<meta property=\"og:type\" content=\"article\" \/>\n<meta property=\"og:title\" content=\"Sonora en Equipo. Llevan agrupaci\u00f3n estadounidense y DIF Sonora apoyo alimentario a seris Sonora\" \/>\n<meta property=\"og:description\" content=\"PITIQUITO, SONORA. MX. \u2014 Con el compromiso de llegar a todos los rincones del estado con apoyo alimentario, la directora general de DIF Sonora, Karina En Sonora en Equipo publicamos toda la informaci\u00f3n de Sonora, M\u00e9xico y el Mundo de manera oportuna y busca que la libertad de expresi\u00f3n sea real. Visita nuestro medio informativo publicado desde Hermosillo, Sonora. %\" \/>\n<meta property=\"og:url\" content=\"https:\/\/www.sonoraenequipo.com.mx\/llevan-agrupacion-estadounidense-y-dif-sonora-apoyo-alimentario-a-seris\/\" \/>\n<meta property=\"og:site_name\" content=\"Sonora en Equipo.\" \/>\n<meta property=\"article:publisher\" content=\"https:\/\/www.facebook.com\/SonoraEE\/\" \/>\n<meta property=\"article:author\" content=\"https:\/\/www.facebook.com\/SonoraEE\" \/>\n<meta property=\"article:published_time\" content=\"2020-07-28T22:00:44+00:00\" \/>\n<meta property=\"article:modified_time\" content=\"2020-07-29T03:10:50+00:00\" \/>\n<meta property=\"og:image\" content=\"https:\/\/www.sonoraenequipo.com.mx\/storage\/2020\/07\/0720159c1_opt1-1.jpg\" \/>\n\t<meta property=\"og:image:width\" content=\"398\" \/>\n\t<meta property=\"og:image:height\" content=\"426\" \/>\n\t<meta property=\"og:image:type\" content=\"image\/jpeg\" \/>\n<meta name=\"author\" content=\"enequipo\" \/>\n<meta name=\"twitter:card\" content=\"summary_large_image\" \/>\n<meta name=\"twitter:creator\" content=\"@sonoraenequipo\" \/>\n<meta name=\"twitter:site\" content=\"@sonoraenequipo\" \/>\n<meta name=\"twitter:label1\" content=\"Escrito por\" \/>\n\t<meta name=\"twitter:data1\" content=\"enequipo\" \/>\n\t<meta name=\"twitter:label2\" content=\"Tiempo de lectura\" \/>\n\t<meta name=\"twitter:data2\" content=\"2 minutos\" \/>\n<script type=\"application\/ld+json\" class=\"yoast-schema-graph\">{\"@context\":\"https:\/\/schema.org\",\"@graph\":[{\"@type\":\"Article\",\"@id\":\"https:\/\/www.sonoraenequipo.com.mx\/llevan-agrupacion-estadounidense-y-dif-sonora-apoyo-alimentario-a-seris\/#article\",\"isPartOf\":{\"@id\":\"https:\/\/www.sonoraenequipo.com.mx\/llevan-agrupacion-estadounidense-y-dif-sonora-apoyo-alimentario-a-seris\/\"},\"author\":{\"name\":\"enequipo\",\"@id\":\"https:\/\/www.sonoraenequipo.com.mx\/#\/schema\/person\/50102df0fb23a8fa9e8effad8fa81386\"},\"headline\":\"Llevan agrupaci\u00f3n estadounidense y DIF Sonora apoyo alimentario a seris\",\"datePublished\":\"2020-07-28T22:00:44+00:00\",\"dateModified\":\"2020-07-29T03:10:50+00:00\",\"mainEntityOfPage\":{\"@id\":\"https:\/\/www.sonoraenequipo.com.mx\/llevan-agrupacion-estadounidense-y-dif-sonora-apoyo-alimentario-a-seris\/\"},\"wordCount\":373,\"commentCount\":0,\"publisher\":{\"@id\":\"https:\/\/www.sonoraenequipo.com.mx\/#organization\"},\"image\":{\"@id\":\"https:\/\/www.sonoraenequipo.com.mx\/llevan-agrupacion-estadounidense-y-dif-sonora-apoyo-alimentario-a-seris\/#primaryimage\"},\"thumbnailUrl\":\"https:\/\/www.sonoraenequipo.com.mx\/storage\/2020\/07\/0720159c1_opt1-1.jpg\",\"articleSection\":[\"Sonora\"],\"inLanguage\":\"es\",\"potentialAction\":[{\"@type\":\"CommentAction\",\"name\":\"Comment\",\"target\":[\"https:\/\/www.sonoraenequipo.com.mx\/llevan-agrupacion-estadounidense-y-dif-sonora-apoyo-alimentario-a-seris\/#respond\"]}]},{\"@type\":\"WebPage\",\"@id\":\"https:\/\/www.sonoraenequipo.com.mx\/llevan-agrupacion-estadounidense-y-dif-sonora-apoyo-alimentario-a-seris\/\",\"url\":\"https:\/\/www.sonoraenequipo.com.mx\/llevan-agrupacion-estadounidense-y-dif-sonora-apoyo-alimentario-a-seris\/\",\"name\":\"Sonora en Equipo. Llevan agrupaci\u00f3n estadounidense y DIF Sonora apoyo alimentario a seris Sonora\",\"isPartOf\":{\"@id\":\"https:\/\/www.sonoraenequipo.com.mx\/#website\"},\"primaryImageOfPage\":{\"@id\":\"https:\/\/www.sonoraenequipo.com.mx\/llevan-agrupacion-estadounidense-y-dif-sonora-apoyo-alimentario-a-seris\/#primaryimage\"},\"image\":{\"@id\":\"https:\/\/www.sonoraenequipo.com.mx\/llevan-agrupacion-estadounidense-y-dif-sonora-apoyo-alimentario-a-seris\/#primaryimage\"},\"thumbnailUrl\":\"https:\/\/www.sonoraenequipo.com.mx\/storage\/2020\/07\/0720159c1_opt1-1.jpg\",\"datePublished\":\"2020-07-28T22:00:44+00:00\",\"dateModified\":\"2020-07-29T03:10:50+00:00\",\"description\":\"PITIQUITO, SONORA. MX. \u2014 Con el compromiso de llegar a todos los rincones del estado con apoyo alimentario, la directora general de DIF Sonora, Karina En Sonora en Equipo publicamos toda la informaci\u00f3n de Sonora, M\u00e9xico y el Mundo de manera oportuna y busca que la libertad de expresi\u00f3n sea real. Visita nuestro medio informativo publicado desde Hermosillo, Sonora. %\",\"breadcrumb\":{\"@id\":\"https:\/\/www.sonoraenequipo.com.mx\/llevan-agrupacion-estadounidense-y-dif-sonora-apoyo-alimentario-a-seris\/#breadcrumb\"},\"inLanguage\":\"es\",\"potentialAction\":[{\"@type\":\"ReadAction\",\"target\":[\"https:\/\/www.sonoraenequipo.com.mx\/llevan-agrupacion-estadounidense-y-dif-sonora-apoyo-alimentario-a-seris\/\"]}]},{\"@type\":\"ImageObject\",\"inLanguage\":\"es\",\"@id\":\"https:\/\/www.sonoraenequipo.com.mx\/llevan-agrupacion-estadounidense-y-dif-sonora-apoyo-alimentario-a-seris\/#primaryimage\",\"url\":\"https:\/\/www.sonoraenequipo.com.mx\/storage\/2020\/07\/0720159c1_opt1-1.jpg\",\"contentUrl\":\"https:\/\/www.sonoraenequipo.com.mx\/storage\/2020\/07\/0720159c1_opt1-1.jpg\",\"width\":398,\"height\":426},{\"@type\":\"BreadcrumbList\",\"@id\":\"https:\/\/www.sonoraenequipo.com.mx\/llevan-agrupacion-estadounidense-y-dif-sonora-apoyo-alimentario-a-seris\/#breadcrumb\",\"itemListElement\":[{\"@type\":\"ListItem\",\"position\":1,\"name\":\"Portada\",\"item\":\"https:\/\/www.sonoraenequipo.com.mx\/\"},{\"@type\":\"ListItem\",\"position\":2,\"name\":\"Llevan agrupaci\u00f3n estadounidense y DIF Sonora apoyo alimentario a seris\"}]},{\"@type\":\"WebSite\",\"@id\":\"https:\/\/www.sonoraenequipo.com.mx\/#website\",\"url\":\"https:\/\/www.sonoraenequipo.com.mx\/\",\"name\":\"Sonora en Equipo.\",\"description\":\"Diario en l\u00ednea con Noticias desde Hermosillo, Sonora\",\"publisher\":{\"@id\":\"https:\/\/www.sonoraenequipo.com.mx\/#organization\"},\"potentialAction\":[{\"@type\":\"SearchAction\",\"target\":{\"@type\":\"EntryPoint\",\"urlTemplate\":\"https:\/\/www.sonoraenequipo.com.mx\/?s={search_term_string}\"},\"query-input\":{\"@type\":\"PropertyValueSpecification\",\"valueRequired\":true,\"valueName\":\"search_term_string\"}}],\"inLanguage\":\"es\"},{\"@type\":\"Organization\",\"@id\":\"https:\/\/www.sonoraenequipo.com.mx\/#organization\",\"name\":\"Sonoraenequipo.com.mx\",\"url\":\"https:\/\/www.sonoraenequipo.com.mx\/\",\"logo\":{\"@type\":\"ImageObject\",\"inLanguage\":\"es\",\"@id\":\"https:\/\/www.sonoraenequipo.com.mx\/#\/schema\/logo\/image\/\",\"url\":\"https:\/\/www.sonoraenequipo.com.mx\/storage\/2019\/01\/sonoraenequipo_opt.png\",\"contentUrl\":\"https:\/\/www.sonoraenequipo.com.mx\/storage\/2019\/01\/sonoraenequipo_opt.png\",\"width\":375,\"height\":125,\"caption\":\"Sonoraenequipo.com.mx\"},\"image\":{\"@id\":\"https:\/\/www.sonoraenequipo.com.mx\/#\/schema\/logo\/image\/\"},\"sameAs\":[\"https:\/\/www.facebook.com\/SonoraEE\/\",\"https:\/\/x.com\/sonoraenequipo\",\"https:\/\/www.youtube.com\/channel\/UC338nW-lPEYmJQs4ZABQ1SQ\"]},{\"@type\":\"Person\",\"@id\":\"https:\/\/www.sonoraenequipo.com.mx\/#\/schema\/person\/50102df0fb23a8fa9e8effad8fa81386\",\"name\":\"enequipo\",\"image\":{\"@type\":\"ImageObject\",\"inLanguage\":\"es\",\"@id\":\"https:\/\/www.sonoraenequipo.com.mx\/#\/schema\/person\/image\/\",\"url\":\"https:\/\/secure.gravatar.com\/avatar\/049821681b589dabc0bc20695993ccebb09f5b5d4d790cd9251b97faac7c652b?s=96&d=blank&r=g\",\"contentUrl\":\"https:\/\/secure.gravatar.com\/avatar\/049821681b589dabc0bc20695993ccebb09f5b5d4d790cd9251b97faac7c652b?s=96&d=blank&r=g\",\"caption\":\"enequipo\"},\"sameAs\":[\"https:\/\/www.facebook.com\/SonoraEE\"]}]}<\/script>\n ","yoast_head_json":{"title":"Sonora en Equipo. Llevan agrupaci\u00f3n estadounidense y DIF Sonora apoyo alimentario a seris Sonora","description":"PITIQUITO, SONORA. MX. \u2014 Con el compromiso de llegar a todos los rincones del estado con apoyo alimentario, la directora general de DIF Sonora, Karina En Sonora en Equipo publicamos toda la informaci\u00f3n de Sonora, M\u00e9xico y el Mundo de manera oportuna y busca que la libertad de expresi\u00f3n sea real. Visita nuestro medio informativo publicado desde Hermosillo, Sonora. %","robots":{"index":"index","follow":"follow","max-snippet":"max-snippet:-1","max-image-preview":"max-image-preview:large","max-video-preview":"max-video-preview:-1"},"canonical":"https:\/\/www.sonoraenequipo.com.mx\/llevan-agrupacion-estadounidense-y-dif-sonora-apoyo-alimentario-a-seris\/","og_locale":"es_ES","og_type":"article","og_title":"Sonora en Equipo. Llevan agrupaci\u00f3n estadounidense y DIF Sonora apoyo alimentario a seris Sonora","og_description":"PITIQUITO, SONORA. MX. \u2014 Con el compromiso de llegar a todos los rincones del estado con apoyo alimentario, la directora general de DIF Sonora, Karina En Sonora en Equipo publicamos toda la informaci\u00f3n de Sonora, M\u00e9xico y el Mundo de manera oportuna y busca que la libertad de expresi\u00f3n sea real. Visita nuestro medio informativo publicado desde Hermosillo, Sonora. %","og_url":"https:\/\/www.sonoraenequipo.com.mx\/llevan-agrupacion-estadounidense-y-dif-sonora-apoyo-alimentario-a-seris\/","og_site_name":"Sonora en Equipo.","article_publisher":"https:\/\/www.facebook.com\/SonoraEE\/","article_author":"https:\/\/www.facebook.com\/SonoraEE","article_published_time":"2020-07-28T22:00:44+00:00","article_modified_time":"2020-07-29T03:10:50+00:00","og_image":[{"width":398,"height":426,"url":"https:\/\/www.sonoraenequipo.com.mx\/storage\/2020\/07\/0720159c1_opt1-1.jpg","type":"image\/jpeg"}],"author":"enequipo","twitter_card":"summary_large_image","twitter_creator":"@sonoraenequipo","twitter_site":"@sonoraenequipo","twitter_misc":{"Escrito por":"enequipo","Tiempo de lectura":"2 minutos"},"schema":{"@context":"https:\/\/schema.org","@graph":[{"@type":"Article","@id":"https:\/\/www.sonoraenequipo.com.mx\/llevan-agrupacion-estadounidense-y-dif-sonora-apoyo-alimentario-a-seris\/#article","isPartOf":{"@id":"https:\/\/www.sonoraenequipo.com.mx\/llevan-agrupacion-estadounidense-y-dif-sonora-apoyo-alimentario-a-seris\/"},"author":{"name":"enequipo","@id":"https:\/\/www.sonoraenequipo.com.mx\/#\/schema\/person\/50102df0fb23a8fa9e8effad8fa81386"},"headline":"Llevan agrupaci\u00f3n estadounidense y DIF Sonora apoyo alimentario a seris","datePublished":"2020-07-28T22:00:44+00:00","dateModified":"2020-07-29T03:10:50+00:00","mainEntityOfPage":{"@id":"https:\/\/www.sonoraenequipo.com.mx\/llevan-agrupacion-estadounidense-y-dif-sonora-apoyo-alimentario-a-seris\/"},"wordCount":373,"commentCount":0,"publisher":{"@id":"https:\/\/www.sonoraenequipo.com.mx\/#organization"},"image":{"@id":"https:\/\/www.sonoraenequipo.com.mx\/llevan-agrupacion-estadounidense-y-dif-sonora-apoyo-alimentario-a-seris\/#primaryimage"},"thumbnailUrl":"https:\/\/www.sonoraenequipo.com.mx\/storage\/2020\/07\/0720159c1_opt1-1.jpg","articleSection":["Sonora"],"inLanguage":"es","potentialAction":[{"@type":"CommentAction","name":"Comment","target":["https:\/\/www.sonoraenequipo.com.mx\/llevan-agrupacion-estadounidense-y-dif-sonora-apoyo-alimentario-a-seris\/#respond"]}]},{"@type":"WebPage","@id":"https:\/\/www.sonoraenequipo.com.mx\/llevan-agrupacion-estadounidense-y-dif-sonora-apoyo-alimentario-a-seris\/","url":"https:\/\/www.sonoraenequipo.com.mx\/llevan-agrupacion-estadounidense-y-dif-sonora-apoyo-alimentario-a-seris\/","name":"Sonora en Equipo. Llevan agrupaci\u00f3n estadounidense y DIF Sonora apoyo alimentario a seris Sonora","isPartOf":{"@id":"https:\/\/www.sonoraenequipo.com.mx\/#website"},"primaryImageOfPage":{"@id":"https:\/\/www.sonoraenequipo.com.mx\/llevan-agrupacion-estadounidense-y-dif-sonora-apoyo-alimentario-a-seris\/#primaryimage"},"image":{"@id":"https:\/\/www.sonoraenequipo.com.mx\/llevan-agrupacion-estadounidense-y-dif-sonora-apoyo-alimentario-a-seris\/#primaryimage"},"thumbnailUrl":"https:\/\/www.sonoraenequipo.com.mx\/storage\/2020\/07\/0720159c1_opt1-1.jpg","datePublished":"2020-07-28T22:00:44+00:00","dateModified":"2020-07-29T03:10:50+00:00","description":"PITIQUITO, SONORA. MX. \u2014 Con el compromiso de llegar a todos los rincones del estado con apoyo alimentario, la directora general de DIF Sonora, Karina En Sonora en Equipo publicamos toda la informaci\u00f3n de Sonora, M\u00e9xico y el Mundo de manera oportuna y busca que la libertad de expresi\u00f3n sea real. Visita nuestro medio informativo publicado desde Hermosillo, Sonora. %","breadcrumb":{"@id":"https:\/\/www.sonoraenequipo.com.mx\/llevan-agrupacion-estadounidense-y-dif-sonora-apoyo-alimentario-a-seris\/#breadcrumb"},"inLanguage":"es","potentialAction":[{"@type":"ReadAction","target":["https:\/\/www.sonoraenequipo.com.mx\/llevan-agrupacion-estadounidense-y-dif-sonora-apoyo-alimentario-a-seris\/"]}]},{"@type":"ImageObject","inLanguage":"es","@id":"https:\/\/www.sonoraenequipo.com.mx\/llevan-agrupacion-estadounidense-y-dif-sonora-apoyo-alimentario-a-seris\/#primaryimage","url":"https:\/\/www.sonoraenequipo.com.mx\/storage\/2020\/07\/0720159c1_opt1-1.jpg","contentUrl":"https:\/\/www.sonoraenequipo.com.mx\/storage\/2020\/07\/0720159c1_opt1-1.jpg","width":398,"height":426},{"@type":"BreadcrumbList","@id":"https:\/\/www.sonoraenequipo.com.mx\/llevan-agrupacion-estadounidense-y-dif-sonora-apoyo-alimentario-a-seris\/#breadcrumb","itemListElement":[{"@type":"ListItem","position":1,"name":"Portada","item":"https:\/\/www.sonoraenequipo.com.mx\/"},{"@type":"ListItem","position":2,"name":"Llevan agrupaci\u00f3n estadounidense y DIF Sonora apoyo alimentario a seris"}]},{"@type":"WebSite","@id":"https:\/\/www.sonoraenequipo.com.mx\/#website","url":"https:\/\/www.sonoraenequipo.com.mx\/","name":"Sonora en Equipo.","description":"Diario en l\u00ednea con Noticias desde Hermosillo, Sonora","publisher":{"@id":"https:\/\/www.sonoraenequipo.com.mx\/#organization"},"potentialAction":[{"@type":"SearchAction","target":{"@type":"EntryPoint","urlTemplate":"https:\/\/www.sonoraenequipo.com.mx\/?s={search_term_string}"},"query-input":{"@type":"PropertyValueSpecification","valueRequired":true,"valueName":"search_term_string"}}],"inLanguage":"es"},{"@type":"Organization","@id":"https:\/\/www.sonoraenequipo.com.mx\/#organization","name":"Sonoraenequipo.com.mx","url":"https:\/\/www.sonoraenequipo.com.mx\/","logo":{"@type":"ImageObject","inLanguage":"es","@id":"https:\/\/www.sonoraenequipo.com.mx\/#\/schema\/logo\/image\/","url":"https:\/\/www.sonoraenequipo.com.mx\/storage\/2019\/01\/sonoraenequipo_opt.png","contentUrl":"https:\/\/www.sonoraenequipo.com.mx\/storage\/2019\/01\/sonoraenequipo_opt.png","width":375,"height":125,"caption":"Sonoraenequipo.com.mx"},"image":{"@id":"https:\/\/www.sonoraenequipo.com.mx\/#\/schema\/logo\/image\/"},"sameAs":["https:\/\/www.facebook.com\/SonoraEE\/","https:\/\/x.com\/sonoraenequipo","https:\/\/www.youtube.com\/channel\/UC338nW-lPEYmJQs4ZABQ1SQ"]},{"@type":"Person","@id":"https:\/\/www.sonoraenequipo.com.mx\/#\/schema\/person\/50102df0fb23a8fa9e8effad8fa81386","name":"enequipo","image":{"@type":"ImageObject","inLanguage":"es","@id":"https:\/\/www.sonoraenequipo.com.mx\/#\/schema\/person\/image\/","url":"https:\/\/secure.gravatar.com\/avatar\/049821681b589dabc0bc20695993ccebb09f5b5d4d790cd9251b97faac7c652b?s=96&d=blank&r=g","contentUrl":"https:\/\/secure.gravatar.com\/avatar\/049821681b589dabc0bc20695993ccebb09f5b5d4d790cd9251b97faac7c652b?s=96&d=blank&r=g","caption":"enequipo"},"sameAs":["https:\/\/www.facebook.com\/SonoraEE"]}]}},"jetpack_featured_media_url":"https:\/\/www.sonoraenequipo.com.mx\/storage\/2020\/07\/0720159c1_opt1-1.jpg","_links":{"self":[{"href":"https:\/\/www.sonoraenequipo.com.mx\/api\/wp\/v2\/posts\/91040","targetHints":{"allow":["GET"]}}],"collection":[{"href":"https:\/\/www.sonoraenequipo.com.mx\/api\/wp\/v2\/posts"}],"about":[{"href":"https:\/\/www.sonoraenequipo.com.mx\/api\/wp\/v2\/types\/post"}],"author":[{"embeddable":true,"href":"https:\/\/www.sonoraenequipo.com.mx\/api\/wp\/v2\/users\/1"}],"replies":[{"embeddable":true,"href":"https:\/\/www.sonoraenequipo.com.mx\/api\/wp\/v2\/comments?post=91040"}],"version-history":[{"count":0,"href":"https:\/\/www.sonoraenequipo.com.mx\/api\/wp\/v2\/posts\/91040\/revisions"}],"wp:featuredmedia":[{"embeddable":true,"href":"https:\/\/www.sonoraenequipo.com.mx\/api\/wp\/v2\/media\/91050"}],"wp:attachment":[{"href":"https:\/\/www.sonoraenequipo.com.mx\/api\/wp\/v2\/media?parent=91040"}],"wp:term":[{"taxonomy":"category","embeddable":true,"href":"https:\/\/www.sonoraenequipo.com.mx\/api\/wp\/v2\/categories?post=91040"},{"taxonomy":"post_tag","embeddable":true,"href":"https:\/\/www.sonoraenequipo.com.mx\/api\/wp\/v2\/tags?post=91040"}],"curies":[{"name":"wp","href":"https:\/\/api.w.org\/{rel}","templated":true}]}}