{"id":91059,"date":"2020-07-28T20:54:19","date_gmt":"2020-07-29T03:54:19","guid":{"rendered":"https:\/\/www.sonoraenequipo.com.mx\/?p=91059"},"modified":"2020-07-28T20:54:19","modified_gmt":"2020-07-29T03:54:19","slug":"hermosillo-llama-comite-municipal-de-salud-a-la-corresponsabilidad-ciudadana-durante-alerta-maxima-por-covid","status":"publish","type":"post","link":"https:\/\/www.sonoraenequipo.com.mx\/hermosillo-llama-comite-municipal-de-salud-a-la-corresponsabilidad-ciudadana-durante-alerta-maxima-por-covid\/","title":{"rendered":"HERMOSILLO. Llama Comit\u00e9 Municipal de Salud a la corresponsabilidad ciudadana durante alerta m\u00e1xima por Covid"},"content":{"rendered":"<p>de Salud, consider\u00f3 que el llamado a la conciencia de los hermosillenses es hoy tan necesario como las medidas preventivas que obliguen a los renuentes a respetar lineamientos como evitar aglomeraciones de personas y usar cubrebocas en espacios p\u00fablic<\/p>\n<p>HERMOSILLO,SONORA,MX.&#8211; El aumento en las cifras de contagios y letalidad por Covid 19 en Hermosillo ameritan un llamado a la conciencia ciudadana, a que el mayor n\u00famero posible de personas adopten el distanciamiento social y todas las medidas sanitarias, y que el evidente relajamiento de la gente ante estos lineamientos no se traduzca en los pr\u00f3ximos d\u00edas en un rebrote en las estad\u00edsticas, insisti\u00f3 Bernardeth Ru\u00edz Romero, Directora de DIF Hermosillo. <\/p>\n<p>&nbsp;<\/p>\n<p>\u201cEl actual escenario de contagiados y muertos a diario, obliga a preguntarnos qu\u00e9 estamos haciendo como sociedad, es un llamado a la conciencia, de lo que tenemos que hacer definitivamente, porque m\u00e1s all\u00e1 del esfuerzo que hagan las autoridades de los tres niveles de gobierno aqu\u00ed lo que tiene que prevalecer es la conciencia de las personas\u201d, estableci\u00f3 la Secretaria T\u00e9cnica del Comit\u00e9 Municipal de Salud.<\/p>\n<p>&nbsp;<\/p>\n<p>Ese compromiso de cada quien implica mantener el resguardo seguro en casa y limitar las salidas \u00fanicamente para actividades esenciales y con cuidados extremos, explic\u00f3.<\/p>\n<p>&nbsp;<\/p>\n<p>Reconoci\u00f3 que hay quienes necesariamente deben salir para subsistir, pero tambi\u00e9n de que muchas privilegian el \u00e1nimo de recrearse, sin dimensionar el riesgo de las aglomeraciones y el relajamiento de las medidas de protecci\u00f3n ante este virus de tan f\u00e1cil contagio.<\/p>\n<p>&nbsp;<\/p>\n<p>La funcionaria record\u00f3 que la corresponsabilidad de cada ciudadano en el resguardo de su salud y de los miembros de su familia es lo que al final del d\u00eda impactar\u00e1 en que esta pandemia se mantenga en el control suficiente para que no colapse la infraestructura hospitalaria disponible y se ponga cada d\u00eda m\u00e1s en riesgo al personal de Salud.<\/p>\n<p>&nbsp;<\/p>\n<p>Bernardeth Ru\u00edz llam\u00f3 a no perder de vista a quienes por las caracter\u00edsticas de su trabajo se encuentran en la primera l\u00ednea de batalla ante el Covid 19, como lo son todos aquellos que laboran en hospitales, Seguridad P\u00fablica, Bomberos y quienes prestan un servicio tan b\u00e1sico y apreciado como la recolecci\u00f3n de basura y el bacheo.<\/p>\n<p>&nbsp;<\/p>\n<p>Mantener los cuidados es una forma de darles un respiro, finaliz\u00f3.<\/p>\n<p>&nbsp;<\/p>\n<p>Fecha de Publicaci\u00f3n 28\/jul\/2020<\/p>\n","protected":false},"excerpt":{"rendered":"<p>de Salud, consider\u00f3 que el llamado a la conciencia de los hermosillenses es hoy tan&#8230;<\/p>\n","protected":false},"author":1,"featured_media":81961,"comment_status":"open","ping_status":"open","sticky":false,"template":"","format":"standard","meta":{"_monsterinsights_skip_tracking":false,"_monsterinsights_sitenote_active":false,"_monsterinsights_sitenote_note":"","_monsterinsights_sitenote_category":0,"footnotes":""},"categories":[4],"tags":[4249],"class_list":["post"],"yoast_head":" \n<title>Sonora en Equipo. HERMOSILLO. Llama Comit\u00e9 Municipal de Salud a la corresponsabilidad ciudadana durante alerta m\u00e1xima por Covid Municipios<\/title>\n<meta name=\"description\" content=\"de Salud, consider\u00f3 que el llamado a la conciencia de los hermosillenses es hoy tan necesario como las medidas preventivas que obliguen a los renuentes a En Sonora en Equipo publicamos toda la informaci\u00f3n de Sonora, M\u00e9xico y el Mundo de manera oportuna y busca que la libertad de expresi\u00f3n sea real. Visita nuestro medio informativo publicado desde Hermosillo, Sonora. %\" \/>\n<meta name=\"robots\" content=\"index, follow, max-snippet:-1, max-image-preview:large, max-video-preview:-1\" \/>\n<link rel=\"canonical\" href=\"https:\/\/www.sonoraenequipo.com.mx\/hermosillo-llama-comite-municipal-de-salud-a-la-corresponsabilidad-ciudadana-durante-alerta-maxima-por-covid\/\" \/>\n<meta property=\"og:locale\" content=\"es_ES\" \/>\n<meta property=\"og:type\" content=\"article\" \/>\n<meta property=\"og:title\" content=\"Sonora en Equipo. HERMOSILLO. Llama Comit\u00e9 Municipal de Salud a la corresponsabilidad ciudadana durante alerta m\u00e1xima por Covid Municipios\" \/>\n<meta property=\"og:description\" content=\"de Salud, consider\u00f3 que el llamado a la conciencia de los hermosillenses es hoy tan necesario como las medidas preventivas que obliguen a los renuentes a En Sonora en Equipo publicamos toda la informaci\u00f3n de Sonora, M\u00e9xico y el Mundo de manera oportuna y busca que la libertad de expresi\u00f3n sea real. Visita nuestro medio informativo publicado desde Hermosillo, Sonora. %\" \/>\n<meta property=\"og:url\" content=\"https:\/\/www.sonoraenequipo.com.mx\/hermosillo-llama-comite-municipal-de-salud-a-la-corresponsabilidad-ciudadana-durante-alerta-maxima-por-covid\/\" \/>\n<meta property=\"og:site_name\" content=\"Sonora en Equipo.\" \/>\n<meta property=\"article:publisher\" content=\"https:\/\/www.facebook.com\/SonoraEE\/\" \/>\n<meta property=\"article:author\" content=\"https:\/\/www.facebook.com\/SonoraEE\" \/>\n<meta property=\"article:published_time\" content=\"2020-07-29T03:54:19+00:00\" \/>\n<meta property=\"og:image\" content=\"https:\/\/www.sonoraenequipo.com.mx\/storage\/2020\/03\/coronavirus_virus_opt2.jpg\" \/>\n\t<meta property=\"og:image:width\" content=\"400\" \/>\n\t<meta property=\"og:image:height\" content=\"291\" \/>\n\t<meta property=\"og:image:type\" content=\"image\/jpeg\" \/>\n<meta name=\"author\" content=\"enequipo\" \/>\n<meta name=\"twitter:card\" content=\"summary_large_image\" \/>\n<meta name=\"twitter:creator\" content=\"@sonoraenequipo\" \/>\n<meta name=\"twitter:site\" content=\"@sonoraenequipo\" \/>\n<meta name=\"twitter:label1\" content=\"Escrito por\" \/>\n\t<meta name=\"twitter:data1\" content=\"enequipo\" \/>\n\t<meta name=\"twitter:label2\" content=\"Tiempo de lectura\" \/>\n\t<meta name=\"twitter:data2\" content=\"2 minutos\" \/>\n<script type=\"application\/ld+json\" class=\"yoast-schema-graph\">{\"@context\":\"https:\/\/schema.org\",\"@graph\":[{\"@type\":\"Article\",\"@id\":\"https:\/\/www.sonoraenequipo.com.mx\/hermosillo-llama-comite-municipal-de-salud-a-la-corresponsabilidad-ciudadana-durante-alerta-maxima-por-covid\/#article\",\"isPartOf\":{\"@id\":\"https:\/\/www.sonoraenequipo.com.mx\/hermosillo-llama-comite-municipal-de-salud-a-la-corresponsabilidad-ciudadana-durante-alerta-maxima-por-covid\/\"},\"author\":{\"name\":\"enequipo\",\"@id\":\"https:\/\/www.sonoraenequipo.com.mx\/#\/schema\/person\/50102df0fb23a8fa9e8effad8fa81386\"},\"headline\":\"HERMOSILLO. Llama Comit\u00e9 Municipal de Salud a la corresponsabilidad ciudadana durante alerta m\u00e1xima por Covid\",\"datePublished\":\"2020-07-29T03:54:19+00:00\",\"mainEntityOfPage\":{\"@id\":\"https:\/\/www.sonoraenequipo.com.mx\/hermosillo-llama-comite-municipal-de-salud-a-la-corresponsabilidad-ciudadana-durante-alerta-maxima-por-covid\/\"},\"wordCount\":419,\"commentCount\":0,\"publisher\":{\"@id\":\"https:\/\/www.sonoraenequipo.com.mx\/#organization\"},\"image\":{\"@id\":\"https:\/\/www.sonoraenequipo.com.mx\/hermosillo-llama-comite-municipal-de-salud-a-la-corresponsabilidad-ciudadana-durante-alerta-maxima-por-covid\/#primaryimage\"},\"thumbnailUrl\":\"https:\/\/www.sonoraenequipo.com.mx\/storage\/2020\/03\/coronavirus_virus_opt2.jpg\",\"keywords\":[\"covid\"],\"articleSection\":[\"Municipios\"],\"inLanguage\":\"es\",\"potentialAction\":[{\"@type\":\"CommentAction\",\"name\":\"Comment\",\"target\":[\"https:\/\/www.sonoraenequipo.com.mx\/hermosillo-llama-comite-municipal-de-salud-a-la-corresponsabilidad-ciudadana-durante-alerta-maxima-por-covid\/#respond\"]}]},{\"@type\":\"WebPage\",\"@id\":\"https:\/\/www.sonoraenequipo.com.mx\/hermosillo-llama-comite-municipal-de-salud-a-la-corresponsabilidad-ciudadana-durante-alerta-maxima-por-covid\/\",\"url\":\"https:\/\/www.sonoraenequipo.com.mx\/hermosillo-llama-comite-municipal-de-salud-a-la-corresponsabilidad-ciudadana-durante-alerta-maxima-por-covid\/\",\"name\":\"Sonora en Equipo. HERMOSILLO. Llama Comit\u00e9 Municipal de Salud a la corresponsabilidad ciudadana durante alerta m\u00e1xima por Covid Municipios\",\"isPartOf\":{\"@id\":\"https:\/\/www.sonoraenequipo.com.mx\/#website\"},\"primaryImageOfPage\":{\"@id\":\"https:\/\/www.sonoraenequipo.com.mx\/hermosillo-llama-comite-municipal-de-salud-a-la-corresponsabilidad-ciudadana-durante-alerta-maxima-por-covid\/#primaryimage\"},\"image\":{\"@id\":\"https:\/\/www.sonoraenequipo.com.mx\/hermosillo-llama-comite-municipal-de-salud-a-la-corresponsabilidad-ciudadana-durante-alerta-maxima-por-covid\/#primaryimage\"},\"thumbnailUrl\":\"https:\/\/www.sonoraenequipo.com.mx\/storage\/2020\/03\/coronavirus_virus_opt2.jpg\",\"datePublished\":\"2020-07-29T03:54:19+00:00\",\"description\":\"de Salud, consider\u00f3 que el llamado a la conciencia de los hermosillenses es hoy tan necesario como las medidas preventivas que obliguen a los renuentes a En Sonora en Equipo publicamos toda la informaci\u00f3n de Sonora, M\u00e9xico y el Mundo de manera oportuna y busca que la libertad de expresi\u00f3n sea real. Visita nuestro medio informativo publicado desde Hermosillo, Sonora. %\",\"breadcrumb\":{\"@id\":\"https:\/\/www.sonoraenequipo.com.mx\/hermosillo-llama-comite-municipal-de-salud-a-la-corresponsabilidad-ciudadana-durante-alerta-maxima-por-covid\/#breadcrumb\"},\"inLanguage\":\"es\",\"potentialAction\":[{\"@type\":\"ReadAction\",\"target\":[\"https:\/\/www.sonoraenequipo.com.mx\/hermosillo-llama-comite-municipal-de-salud-a-la-corresponsabilidad-ciudadana-durante-alerta-maxima-por-covid\/\"]}]},{\"@type\":\"ImageObject\",\"inLanguage\":\"es\",\"@id\":\"https:\/\/www.sonoraenequipo.com.mx\/hermosillo-llama-comite-municipal-de-salud-a-la-corresponsabilidad-ciudadana-durante-alerta-maxima-por-covid\/#primaryimage\",\"url\":\"https:\/\/www.sonoraenequipo.com.mx\/storage\/2020\/03\/coronavirus_virus_opt2.jpg\",\"contentUrl\":\"https:\/\/www.sonoraenequipo.com.mx\/storage\/2020\/03\/coronavirus_virus_opt2.jpg\",\"width\":400,\"height\":291,\"caption\":\"imagen ilustrativa\"},{\"@type\":\"BreadcrumbList\",\"@id\":\"https:\/\/www.sonoraenequipo.com.mx\/hermosillo-llama-comite-municipal-de-salud-a-la-corresponsabilidad-ciudadana-durante-alerta-maxima-por-covid\/#breadcrumb\",\"itemListElement\":[{\"@type\":\"ListItem\",\"position\":1,\"name\":\"Portada\",\"item\":\"https:\/\/www.sonoraenequipo.com.mx\/\"},{\"@type\":\"ListItem\",\"position\":2,\"name\":\"HERMOSILLO. Llama Comit\u00e9 Municipal de Salud a la corresponsabilidad ciudadana durante alerta m\u00e1xima por Covid\"}]},{\"@type\":\"WebSite\",\"@id\":\"https:\/\/www.sonoraenequipo.com.mx\/#website\",\"url\":\"https:\/\/www.sonoraenequipo.com.mx\/\",\"name\":\"Sonora en Equipo.\",\"description\":\"Diario en l\u00ednea con Noticias desde Hermosillo, Sonora\",\"publisher\":{\"@id\":\"https:\/\/www.sonoraenequipo.com.mx\/#organization\"},\"potentialAction\":[{\"@type\":\"SearchAction\",\"target\":{\"@type\":\"EntryPoint\",\"urlTemplate\":\"https:\/\/www.sonoraenequipo.com.mx\/?s={search_term_string}\"},\"query-input\":{\"@type\":\"PropertyValueSpecification\",\"valueRequired\":true,\"valueName\":\"search_term_string\"}}],\"inLanguage\":\"es\"},{\"@type\":\"Organization\",\"@id\":\"https:\/\/www.sonoraenequipo.com.mx\/#organization\",\"name\":\"Sonoraenequipo.com.mx\",\"url\":\"https:\/\/www.sonoraenequipo.com.mx\/\",\"logo\":{\"@type\":\"ImageObject\",\"inLanguage\":\"es\",\"@id\":\"https:\/\/www.sonoraenequipo.com.mx\/#\/schema\/logo\/image\/\",\"url\":\"https:\/\/www.sonoraenequipo.com.mx\/storage\/2019\/01\/sonoraenequipo_opt.png\",\"contentUrl\":\"https:\/\/www.sonoraenequipo.com.mx\/storage\/2019\/01\/sonoraenequipo_opt.png\",\"width\":375,\"height\":125,\"caption\":\"Sonoraenequipo.com.mx\"},\"image\":{\"@id\":\"https:\/\/www.sonoraenequipo.com.mx\/#\/schema\/logo\/image\/\"},\"sameAs\":[\"https:\/\/www.facebook.com\/SonoraEE\/\",\"https:\/\/x.com\/sonoraenequipo\",\"https:\/\/www.youtube.com\/channel\/UC338nW-lPEYmJQs4ZABQ1SQ\"]},{\"@type\":\"Person\",\"@id\":\"https:\/\/www.sonoraenequipo.com.mx\/#\/schema\/person\/50102df0fb23a8fa9e8effad8fa81386\",\"name\":\"enequipo\",\"image\":{\"@type\":\"ImageObject\",\"inLanguage\":\"es\",\"@id\":\"https:\/\/www.sonoraenequipo.com.mx\/#\/schema\/person\/image\/\",\"url\":\"https:\/\/secure.gravatar.com\/avatar\/049821681b589dabc0bc20695993ccebb09f5b5d4d790cd9251b97faac7c652b?s=96&d=blank&r=g\",\"contentUrl\":\"https:\/\/secure.gravatar.com\/avatar\/049821681b589dabc0bc20695993ccebb09f5b5d4d790cd9251b97faac7c652b?s=96&d=blank&r=g\",\"caption\":\"enequipo\"},\"sameAs\":[\"https:\/\/www.facebook.com\/SonoraEE\"]}]}<\/script>\n ","yoast_head_json":{"title":"Sonora en Equipo. HERMOSILLO. Llama Comit\u00e9 Municipal de Salud a la corresponsabilidad ciudadana durante alerta m\u00e1xima por Covid Municipios","description":"de Salud, consider\u00f3 que el llamado a la conciencia de los hermosillenses es hoy tan necesario como las medidas preventivas que obliguen a los renuentes a En Sonora en Equipo publicamos toda la informaci\u00f3n de Sonora, M\u00e9xico y el Mundo de manera oportuna y busca que la libertad de expresi\u00f3n sea real. Visita nuestro medio informativo publicado desde Hermosillo, Sonora. %","robots":{"index":"index","follow":"follow","max-snippet":"max-snippet:-1","max-image-preview":"max-image-preview:large","max-video-preview":"max-video-preview:-1"},"canonical":"https:\/\/www.sonoraenequipo.com.mx\/hermosillo-llama-comite-municipal-de-salud-a-la-corresponsabilidad-ciudadana-durante-alerta-maxima-por-covid\/","og_locale":"es_ES","og_type":"article","og_title":"Sonora en Equipo. HERMOSILLO. Llama Comit\u00e9 Municipal de Salud a la corresponsabilidad ciudadana durante alerta m\u00e1xima por Covid Municipios","og_description":"de Salud, consider\u00f3 que el llamado a la conciencia de los hermosillenses es hoy tan necesario como las medidas preventivas que obliguen a los renuentes a En Sonora en Equipo publicamos toda la informaci\u00f3n de Sonora, M\u00e9xico y el Mundo de manera oportuna y busca que la libertad de expresi\u00f3n sea real. Visita nuestro medio informativo publicado desde Hermosillo, Sonora. %","og_url":"https:\/\/www.sonoraenequipo.com.mx\/hermosillo-llama-comite-municipal-de-salud-a-la-corresponsabilidad-ciudadana-durante-alerta-maxima-por-covid\/","og_site_name":"Sonora en Equipo.","article_publisher":"https:\/\/www.facebook.com\/SonoraEE\/","article_author":"https:\/\/www.facebook.com\/SonoraEE","article_published_time":"2020-07-29T03:54:19+00:00","og_image":[{"width":400,"height":291,"url":"https:\/\/www.sonoraenequipo.com.mx\/storage\/2020\/03\/coronavirus_virus_opt2.jpg","type":"image\/jpeg"}],"author":"enequipo","twitter_card":"summary_large_image","twitter_creator":"@sonoraenequipo","twitter_site":"@sonoraenequipo","twitter_misc":{"Escrito por":"enequipo","Tiempo de lectura":"2 minutos"},"schema":{"@context":"https:\/\/schema.org","@graph":[{"@type":"Article","@id":"https:\/\/www.sonoraenequipo.com.mx\/hermosillo-llama-comite-municipal-de-salud-a-la-corresponsabilidad-ciudadana-durante-alerta-maxima-por-covid\/#article","isPartOf":{"@id":"https:\/\/www.sonoraenequipo.com.mx\/hermosillo-llama-comite-municipal-de-salud-a-la-corresponsabilidad-ciudadana-durante-alerta-maxima-por-covid\/"},"author":{"name":"enequipo","@id":"https:\/\/www.sonoraenequipo.com.mx\/#\/schema\/person\/50102df0fb23a8fa9e8effad8fa81386"},"headline":"HERMOSILLO. Llama Comit\u00e9 Municipal de Salud a la corresponsabilidad ciudadana durante alerta m\u00e1xima por Covid","datePublished":"2020-07-29T03:54:19+00:00","mainEntityOfPage":{"@id":"https:\/\/www.sonoraenequipo.com.mx\/hermosillo-llama-comite-municipal-de-salud-a-la-corresponsabilidad-ciudadana-durante-alerta-maxima-por-covid\/"},"wordCount":419,"commentCount":0,"publisher":{"@id":"https:\/\/www.sonoraenequipo.com.mx\/#organization"},"image":{"@id":"https:\/\/www.sonoraenequipo.com.mx\/hermosillo-llama-comite-municipal-de-salud-a-la-corresponsabilidad-ciudadana-durante-alerta-maxima-por-covid\/#primaryimage"},"thumbnailUrl":"https:\/\/www.sonoraenequipo.com.mx\/storage\/2020\/03\/coronavirus_virus_opt2.jpg","keywords":["covid"],"articleSection":["Municipios"],"inLanguage":"es","potentialAction":[{"@type":"CommentAction","name":"Comment","target":["https:\/\/www.sonoraenequipo.com.mx\/hermosillo-llama-comite-municipal-de-salud-a-la-corresponsabilidad-ciudadana-durante-alerta-maxima-por-covid\/#respond"]}]},{"@type":"WebPage","@id":"https:\/\/www.sonoraenequipo.com.mx\/hermosillo-llama-comite-municipal-de-salud-a-la-corresponsabilidad-ciudadana-durante-alerta-maxima-por-covid\/","url":"https:\/\/www.sonoraenequipo.com.mx\/hermosillo-llama-comite-municipal-de-salud-a-la-corresponsabilidad-ciudadana-durante-alerta-maxima-por-covid\/","name":"Sonora en Equipo. HERMOSILLO. Llama Comit\u00e9 Municipal de Salud a la corresponsabilidad ciudadana durante alerta m\u00e1xima por Covid Municipios","isPartOf":{"@id":"https:\/\/www.sonoraenequipo.com.mx\/#website"},"primaryImageOfPage":{"@id":"https:\/\/www.sonoraenequipo.com.mx\/hermosillo-llama-comite-municipal-de-salud-a-la-corresponsabilidad-ciudadana-durante-alerta-maxima-por-covid\/#primaryimage"},"image":{"@id":"https:\/\/www.sonoraenequipo.com.mx\/hermosillo-llama-comite-municipal-de-salud-a-la-corresponsabilidad-ciudadana-durante-alerta-maxima-por-covid\/#primaryimage"},"thumbnailUrl":"https:\/\/www.sonoraenequipo.com.mx\/storage\/2020\/03\/coronavirus_virus_opt2.jpg","datePublished":"2020-07-29T03:54:19+00:00","description":"de Salud, consider\u00f3 que el llamado a la conciencia de los hermosillenses es hoy tan necesario como las medidas preventivas que obliguen a los renuentes a En Sonora en Equipo publicamos toda la informaci\u00f3n de Sonora, M\u00e9xico y el Mundo de manera oportuna y busca que la libertad de expresi\u00f3n sea real. Visita nuestro medio informativo publicado desde Hermosillo, Sonora. %","breadcrumb":{"@id":"https:\/\/www.sonoraenequipo.com.mx\/hermosillo-llama-comite-municipal-de-salud-a-la-corresponsabilidad-ciudadana-durante-alerta-maxima-por-covid\/#breadcrumb"},"inLanguage":"es","potentialAction":[{"@type":"ReadAction","target":["https:\/\/www.sonoraenequipo.com.mx\/hermosillo-llama-comite-municipal-de-salud-a-la-corresponsabilidad-ciudadana-durante-alerta-maxima-por-covid\/"]}]},{"@type":"ImageObject","inLanguage":"es","@id":"https:\/\/www.sonoraenequipo.com.mx\/hermosillo-llama-comite-municipal-de-salud-a-la-corresponsabilidad-ciudadana-durante-alerta-maxima-por-covid\/#primaryimage","url":"https:\/\/www.sonoraenequipo.com.mx\/storage\/2020\/03\/coronavirus_virus_opt2.jpg","contentUrl":"https:\/\/www.sonoraenequipo.com.mx\/storage\/2020\/03\/coronavirus_virus_opt2.jpg","width":400,"height":291,"caption":"imagen ilustrativa"},{"@type":"BreadcrumbList","@id":"https:\/\/www.sonoraenequipo.com.mx\/hermosillo-llama-comite-municipal-de-salud-a-la-corresponsabilidad-ciudadana-durante-alerta-maxima-por-covid\/#breadcrumb","itemListElement":[{"@type":"ListItem","position":1,"name":"Portada","item":"https:\/\/www.sonoraenequipo.com.mx\/"},{"@type":"ListItem","position":2,"name":"HERMOSILLO. Llama Comit\u00e9 Municipal de Salud a la corresponsabilidad ciudadana durante alerta m\u00e1xima por Covid"}]},{"@type":"WebSite","@id":"https:\/\/www.sonoraenequipo.com.mx\/#website","url":"https:\/\/www.sonoraenequipo.com.mx\/","name":"Sonora en Equipo.","description":"Diario en l\u00ednea con Noticias desde Hermosillo, Sonora","publisher":{"@id":"https:\/\/www.sonoraenequipo.com.mx\/#organization"},"potentialAction":[{"@type":"SearchAction","target":{"@type":"EntryPoint","urlTemplate":"https:\/\/www.sonoraenequipo.com.mx\/?s={search_term_string}"},"query-input":{"@type":"PropertyValueSpecification","valueRequired":true,"valueName":"search_term_string"}}],"inLanguage":"es"},{"@type":"Organization","@id":"https:\/\/www.sonoraenequipo.com.mx\/#organization","name":"Sonoraenequipo.com.mx","url":"https:\/\/www.sonoraenequipo.com.mx\/","logo":{"@type":"ImageObject","inLanguage":"es","@id":"https:\/\/www.sonoraenequipo.com.mx\/#\/schema\/logo\/image\/","url":"https:\/\/www.sonoraenequipo.com.mx\/storage\/2019\/01\/sonoraenequipo_opt.png","contentUrl":"https:\/\/www.sonoraenequipo.com.mx\/storage\/2019\/01\/sonoraenequipo_opt.png","width":375,"height":125,"caption":"Sonoraenequipo.com.mx"},"image":{"@id":"https:\/\/www.sonoraenequipo.com.mx\/#\/schema\/logo\/image\/"},"sameAs":["https:\/\/www.facebook.com\/SonoraEE\/","https:\/\/x.com\/sonoraenequipo","https:\/\/www.youtube.com\/channel\/UC338nW-lPEYmJQs4ZABQ1SQ"]},{"@type":"Person","@id":"https:\/\/www.sonoraenequipo.com.mx\/#\/schema\/person\/50102df0fb23a8fa9e8effad8fa81386","name":"enequipo","image":{"@type":"ImageObject","inLanguage":"es","@id":"https:\/\/www.sonoraenequipo.com.mx\/#\/schema\/person\/image\/","url":"https:\/\/secure.gravatar.com\/avatar\/049821681b589dabc0bc20695993ccebb09f5b5d4d790cd9251b97faac7c652b?s=96&d=blank&r=g","contentUrl":"https:\/\/secure.gravatar.com\/avatar\/049821681b589dabc0bc20695993ccebb09f5b5d4d790cd9251b97faac7c652b?s=96&d=blank&r=g","caption":"enequipo"},"sameAs":["https:\/\/www.facebook.com\/SonoraEE"]}]}},"jetpack_featured_media_url":"https:\/\/www.sonoraenequipo.com.mx\/storage\/2020\/03\/coronavirus_virus_opt2.jpg","_links":{"self":[{"href":"https:\/\/www.sonoraenequipo.com.mx\/api\/wp\/v2\/posts\/91059","targetHints":{"allow":["GET"]}}],"collection":[{"href":"https:\/\/www.sonoraenequipo.com.mx\/api\/wp\/v2\/posts"}],"about":[{"href":"https:\/\/www.sonoraenequipo.com.mx\/api\/wp\/v2\/types\/post"}],"author":[{"embeddable":true,"href":"https:\/\/www.sonoraenequipo.com.mx\/api\/wp\/v2\/users\/1"}],"replies":[{"embeddable":true,"href":"https:\/\/www.sonoraenequipo.com.mx\/api\/wp\/v2\/comments?post=91059"}],"version-history":[{"count":0,"href":"https:\/\/www.sonoraenequipo.com.mx\/api\/wp\/v2\/posts\/91059\/revisions"}],"wp:featuredmedia":[{"embeddable":true,"href":"https:\/\/www.sonoraenequipo.com.mx\/api\/wp\/v2\/media\/81961"}],"wp:attachment":[{"href":"https:\/\/www.sonoraenequipo.com.mx\/api\/wp\/v2\/media?parent=91059"}],"wp:term":[{"taxonomy":"category","embeddable":true,"href":"https:\/\/www.sonoraenequipo.com.mx\/api\/wp\/v2\/categories?post=91059"},{"taxonomy":"post_tag","embeddable":true,"href":"https:\/\/www.sonoraenequipo.com.mx\/api\/wp\/v2\/tags?post=91059"}],"curies":[{"name":"wp","href":"https:\/\/api.w.org\/{rel}","templated":true}]}}