{"id":91171,"date":"2020-07-30T12:13:00","date_gmt":"2020-07-30T19:13:00","guid":{"rendered":"https:\/\/www.sonoraenequipo.com.mx\/?p=91171"},"modified":"2020-07-30T12:15:20","modified_gmt":"2020-07-30T19:15:20","slug":"91171-2","status":"publish","type":"post","link":"https:\/\/www.sonoraenequipo.com.mx\/91171-2\/","title":{"rendered":"Trump plantea aplazar las elecciones de noviembre en Estados Unidos"},"content":{"rendered":"<p>WASHINGTON. ESTADOS UNIDOS. \u2014 El presidente de Estados Unidos, Donald Trump, ha planteado este jueves aplazar las elecciones presidenciales del 3 de noviembre por el <em>\u00abfraude\u00bb<\/em> que considera supondr\u00eda el voto por correo, que podr\u00eda aumentar por la pandemia del coronavirus. En una serie de tuits, el mandatario republicano ha justificado que el voto por correo convertir\u00e1 a las elecciones de 2020 en \u00ablas m\u00e1s inexactas y fraudulentas de la historia\u00bb. <em>\u00abSer\u00e1 muy embarazoso para los Estados Unidos. \u00bfRetrasar las elecciones hasta que la gente pueda votar de forma correcta y segura?\u00bb,<\/em> se ha preguntado.<\/p>\n<p>&nbsp;<\/p>\n<p> <\/p>\n<p>&nbsp;<\/p>\n<p>Trump insiste en que el voto a distancia empleado durante las elecciones primarias estos meses ya ha demostrado ser un \u00ab<em>desastre catastr\u00f3fico\u00bb,<\/em> a pesar de que no aporta pruebas. Adem\u00e1s, advierte que este formato puede alentar las injerencias de gobiernos extranjeros en el proceso electoral, aun cuando siempre ha defendido que la interferencia de Rusia en los comicios que le llevaron a la Casa Blanca no fue sino una<em> \u00abcraza de brujas\u00bb<\/em> contra su mandato.<\/p>\n<p><a class=\"twitter-timeline\" data-width=\"640\" data-height=\"960\" data-dnt=\"true\" href=\"https:\/\/twitter.com\/realDonaldTrump?ref_src=twsrc%5Etfw\">Tweets by realDonaldTrump<\/a><script async src=\"https:\/\/platform.twitter.com\/widgets.js\" charset=\"utf-8\"><\/script><\/p>\n<p>&nbsp;<\/p>\n<p>Ahora, con la vida alterada por la pandemia, varios gobernadores estadounidenses piden que las elecciones se celebren de forma telem\u00e1tica para contener los efectos de la COVID-19, que deja ya m\u00e1s de cuatro millones de contagios y m\u00e1s de 150.000 muertos en el pa\u00eds m\u00e1s afectado del mundo. De hecho, el republicano ha dado un vuelco a su ret\u00f3rica en los \u00faltimos d\u00edas por la crisis sanitaria: ha pasado de menospreciar el impacto del virus a recomendar el uso de la mascarilla e incluso se la ha llegado a poner en p\u00fablico.<\/p>\n<h3><\/h3>\n<h3>Solo el Congreso puede aplazar la cita electoral<\/h3>\n<p>&nbsp;<\/p>\n<p>La sugerencia del presidente coincide con el mayor desplome del PIB estadounidense de la historia y se produce a menos de 100 d\u00edas para las elecciones presidenciales, una cita que est\u00e1 recogida en la Constituci\u00f3n y que solo el Congreso, de mayor\u00eda dem\u00f3crata, tiene la potestad de alterar. De hecho, varios congresistas dem\u00f3cratas y la propia presidenta de la C\u00e1mara de Representantes han advertido ya de que las elecciones se celebrar\u00e1n, sea como sea, en apenas cuatro meses.<\/p>\n<p>&nbsp;<\/p>\n<p><em>\u00abEl Congreso puede terminar la hora para elegir a sus electores, as\u00ed como el d\u00eda en que el dar\u00e1n sus votos. Dicho d\u00eda debe ser el mismo en todos los Estados Unidos\u00bb,<\/em> ha escrito Pelosi, en referencia a la Constituci\u00f3n estadounidense.<\/p>\n<p><a class=\"twitter-timeline\" data-width=\"640\" data-height=\"960\" data-dnt=\"true\" href=\"https:\/\/twitter.com\/SpeakerPelosi?ref_src=twsrc%5Etfw\">Tweets by SpeakerPelosi<\/a><script async src=\"https:\/\/platform.twitter.com\/widgets.js\" charset=\"utf-8\"><\/script><\/p>\n<p>Pero la gesti\u00f3n del presidente de la crisis sanitaria ha impulsado a su rival dem\u00f3crata, Joe Biden, que ya le aventaja en varios sondeos electorales. De hecho, el exvicepresidente asegur\u00f3 a finales de abril que Trump har\u00eda todo lo posible para posponer las elecciones. \u00ab<em>Recuerde lo que le digo, creo que tratar\u00e1 de aplazar las elecciones de una forma u otra, encontrar\u00e1 razones por las que no pueden llevarse a cabo\u00bb,<\/em> se\u00f1al\u00f3.<\/p>\n<p>&nbsp;<\/p>\n<p>D\u00edas despu\u00e9s, el propio Trump rechazaba la mayor, pero por el momento ya ha demostrado que habla en serio: hace unos d\u00edas cancel\u00f3 la Convenci\u00f3n Rep\u00fablicana en Florida prevista para finales de agosto en uno de los estados m\u00e1s afectados por la COVID-19.<\/p>\n<p>&nbsp;<\/p>\n<p>&nbsp;<\/p>\n<p>(PUBLICADO EL 30\/07\/2020)<\/p>\n<p>&nbsp;<\/p>\n","protected":false},"excerpt":{"rendered":"<p>WASHINGTON. ESTADOS UNIDOS. \u2014 El presidente de Estados Unidos, Donald Trump, ha planteado este jueves&#8230;<\/p>\n","protected":false},"author":1,"featured_media":91169,"comment_status":"open","ping_status":"open","sticky":false,"template":"","format":"standard","meta":{"_monsterinsights_skip_tracking":false,"_monsterinsights_sitenote_active":false,"_monsterinsights_sitenote_note":"","_monsterinsights_sitenote_category":0,"footnotes":""},"categories":[3],"tags":[],"class_list":["post"],"yoast_head":" \n<title>Sonora en Equipo. Trump plantea aplazar las elecciones de noviembre en Estados Unidos MUNDO<\/title>\n<meta name=\"description\" content=\"WASHINGTON. ESTADOS UNIDOS. \u2014 El presidente de Estados Unidos, Donald Trump, ha planteado este jueves aplazar las elecciones presidenciales del 3 de En Sonora en Equipo publicamos toda la informaci\u00f3n de Sonora, M\u00e9xico y el Mundo de manera oportuna y busca que la libertad de expresi\u00f3n sea real. Visita nuestro medio informativo publicado desde Hermosillo, Sonora. %\" \/>\n<meta name=\"robots\" content=\"index, follow, max-snippet:-1, max-image-preview:large, max-video-preview:-1\" \/>\n<link rel=\"canonical\" href=\"https:\/\/www.sonoraenequipo.com.mx\/91171-2\/\" \/>\n<meta property=\"og:locale\" content=\"es_ES\" \/>\n<meta property=\"og:type\" content=\"article\" \/>\n<meta property=\"og:title\" content=\"Sonora en Equipo. Trump plantea aplazar las elecciones de noviembre en Estados Unidos MUNDO\" \/>\n<meta property=\"og:description\" content=\"WASHINGTON. ESTADOS UNIDOS. \u2014 El presidente de Estados Unidos, Donald Trump, ha planteado este jueves aplazar las elecciones presidenciales del 3 de En Sonora en Equipo publicamos toda la informaci\u00f3n de Sonora, M\u00e9xico y el Mundo de manera oportuna y busca que la libertad de expresi\u00f3n sea real. Visita nuestro medio informativo publicado desde Hermosillo, Sonora. %\" \/>\n<meta property=\"og:url\" content=\"https:\/\/www.sonoraenequipo.com.mx\/91171-2\/\" \/>\n<meta property=\"og:site_name\" content=\"Sonora en Equipo.\" \/>\n<meta property=\"article:publisher\" content=\"https:\/\/www.facebook.com\/SonoraEE\/\" \/>\n<meta property=\"article:author\" content=\"https:\/\/www.facebook.com\/SonoraEE\" \/>\n<meta property=\"article:published_time\" content=\"2020-07-30T19:13:00+00:00\" \/>\n<meta property=\"article:modified_time\" content=\"2020-07-30T19:15:20+00:00\" \/>\n<meta property=\"og:image\" content=\"https:\/\/www.sonoraenequipo.com.mx\/storage\/2020\/07\/trump3007_opt.jpg\" \/>\n\t<meta property=\"og:image:width\" content=\"1064\" \/>\n\t<meta property=\"og:image:height\" content=\"500\" \/>\n\t<meta property=\"og:image:type\" content=\"image\/jpeg\" \/>\n<meta name=\"author\" content=\"enequipo\" \/>\n<meta name=\"twitter:card\" content=\"summary_large_image\" \/>\n<meta name=\"twitter:creator\" content=\"@sonoraenequipo\" \/>\n<meta name=\"twitter:site\" content=\"@sonoraenequipo\" \/>\n<meta name=\"twitter:label1\" content=\"Escrito por\" \/>\n\t<meta name=\"twitter:data1\" content=\"enequipo\" \/>\n\t<meta name=\"twitter:label2\" content=\"Tiempo de lectura\" \/>\n\t<meta name=\"twitter:data2\" content=\"3 minutos\" \/>\n<script type=\"application\/ld+json\" class=\"yoast-schema-graph\">{\"@context\":\"https:\/\/schema.org\",\"@graph\":[{\"@type\":\"Article\",\"@id\":\"https:\/\/www.sonoraenequipo.com.mx\/91171-2\/#article\",\"isPartOf\":{\"@id\":\"https:\/\/www.sonoraenequipo.com.mx\/91171-2\/\"},\"author\":{\"name\":\"enequipo\",\"@id\":\"https:\/\/www.sonoraenequipo.com.mx\/#\/schema\/person\/50102df0fb23a8fa9e8effad8fa81386\"},\"headline\":\"Trump plantea aplazar las elecciones de noviembre en Estados Unidos\",\"datePublished\":\"2020-07-30T19:13:00+00:00\",\"dateModified\":\"2020-07-30T19:15:20+00:00\",\"mainEntityOfPage\":{\"@id\":\"https:\/\/www.sonoraenequipo.com.mx\/91171-2\/\"},\"wordCount\":562,\"commentCount\":0,\"publisher\":{\"@id\":\"https:\/\/www.sonoraenequipo.com.mx\/#organization\"},\"image\":{\"@id\":\"https:\/\/www.sonoraenequipo.com.mx\/91171-2\/#primaryimage\"},\"thumbnailUrl\":\"https:\/\/www.sonoraenequipo.com.mx\/storage\/2020\/07\/trump3007_opt.jpg\",\"articleSection\":[\"MUNDO\"],\"inLanguage\":\"es\",\"potentialAction\":[{\"@type\":\"CommentAction\",\"name\":\"Comment\",\"target\":[\"https:\/\/www.sonoraenequipo.com.mx\/91171-2\/#respond\"]}]},{\"@type\":\"WebPage\",\"@id\":\"https:\/\/www.sonoraenequipo.com.mx\/91171-2\/\",\"url\":\"https:\/\/www.sonoraenequipo.com.mx\/91171-2\/\",\"name\":\"Sonora en Equipo. Trump plantea aplazar las elecciones de noviembre en Estados Unidos MUNDO\",\"isPartOf\":{\"@id\":\"https:\/\/www.sonoraenequipo.com.mx\/#website\"},\"primaryImageOfPage\":{\"@id\":\"https:\/\/www.sonoraenequipo.com.mx\/91171-2\/#primaryimage\"},\"image\":{\"@id\":\"https:\/\/www.sonoraenequipo.com.mx\/91171-2\/#primaryimage\"},\"thumbnailUrl\":\"https:\/\/www.sonoraenequipo.com.mx\/storage\/2020\/07\/trump3007_opt.jpg\",\"datePublished\":\"2020-07-30T19:13:00+00:00\",\"dateModified\":\"2020-07-30T19:15:20+00:00\",\"description\":\"WASHINGTON. ESTADOS UNIDOS. \u2014 El presidente de Estados Unidos, Donald Trump, ha planteado este jueves aplazar las elecciones presidenciales del 3 de En Sonora en Equipo publicamos toda la informaci\u00f3n de Sonora, M\u00e9xico y el Mundo de manera oportuna y busca que la libertad de expresi\u00f3n sea real. Visita nuestro medio informativo publicado desde Hermosillo, Sonora. %\",\"breadcrumb\":{\"@id\":\"https:\/\/www.sonoraenequipo.com.mx\/91171-2\/#breadcrumb\"},\"inLanguage\":\"es\",\"potentialAction\":[{\"@type\":\"ReadAction\",\"target\":[\"https:\/\/www.sonoraenequipo.com.mx\/91171-2\/\"]}]},{\"@type\":\"ImageObject\",\"inLanguage\":\"es\",\"@id\":\"https:\/\/www.sonoraenequipo.com.mx\/91171-2\/#primaryimage\",\"url\":\"https:\/\/www.sonoraenequipo.com.mx\/storage\/2020\/07\/trump3007_opt.jpg\",\"contentUrl\":\"https:\/\/www.sonoraenequipo.com.mx\/storage\/2020\/07\/trump3007_opt.jpg\",\"width\":1064,\"height\":500},{\"@type\":\"BreadcrumbList\",\"@id\":\"https:\/\/www.sonoraenequipo.com.mx\/91171-2\/#breadcrumb\",\"itemListElement\":[{\"@type\":\"ListItem\",\"position\":1,\"name\":\"Portada\",\"item\":\"https:\/\/www.sonoraenequipo.com.mx\/\"},{\"@type\":\"ListItem\",\"position\":2,\"name\":\"Trump plantea aplazar las elecciones de noviembre en Estados Unidos\"}]},{\"@type\":\"WebSite\",\"@id\":\"https:\/\/www.sonoraenequipo.com.mx\/#website\",\"url\":\"https:\/\/www.sonoraenequipo.com.mx\/\",\"name\":\"Sonora en Equipo.\",\"description\":\"Diario en l\u00ednea con Noticias desde Hermosillo, Sonora\",\"publisher\":{\"@id\":\"https:\/\/www.sonoraenequipo.com.mx\/#organization\"},\"potentialAction\":[{\"@type\":\"SearchAction\",\"target\":{\"@type\":\"EntryPoint\",\"urlTemplate\":\"https:\/\/www.sonoraenequipo.com.mx\/?s={search_term_string}\"},\"query-input\":{\"@type\":\"PropertyValueSpecification\",\"valueRequired\":true,\"valueName\":\"search_term_string\"}}],\"inLanguage\":\"es\"},{\"@type\":\"Organization\",\"@id\":\"https:\/\/www.sonoraenequipo.com.mx\/#organization\",\"name\":\"Sonoraenequipo.com.mx\",\"url\":\"https:\/\/www.sonoraenequipo.com.mx\/\",\"logo\":{\"@type\":\"ImageObject\",\"inLanguage\":\"es\",\"@id\":\"https:\/\/www.sonoraenequipo.com.mx\/#\/schema\/logo\/image\/\",\"url\":\"https:\/\/www.sonoraenequipo.com.mx\/storage\/2019\/01\/sonoraenequipo_opt.png\",\"contentUrl\":\"https:\/\/www.sonoraenequipo.com.mx\/storage\/2019\/01\/sonoraenequipo_opt.png\",\"width\":375,\"height\":125,\"caption\":\"Sonoraenequipo.com.mx\"},\"image\":{\"@id\":\"https:\/\/www.sonoraenequipo.com.mx\/#\/schema\/logo\/image\/\"},\"sameAs\":[\"https:\/\/www.facebook.com\/SonoraEE\/\",\"https:\/\/x.com\/sonoraenequipo\",\"https:\/\/www.youtube.com\/channel\/UC338nW-lPEYmJQs4ZABQ1SQ\"]},{\"@type\":\"Person\",\"@id\":\"https:\/\/www.sonoraenequipo.com.mx\/#\/schema\/person\/50102df0fb23a8fa9e8effad8fa81386\",\"name\":\"enequipo\",\"image\":{\"@type\":\"ImageObject\",\"inLanguage\":\"es\",\"@id\":\"https:\/\/www.sonoraenequipo.com.mx\/#\/schema\/person\/image\/\",\"url\":\"https:\/\/secure.gravatar.com\/avatar\/049821681b589dabc0bc20695993ccebb09f5b5d4d790cd9251b97faac7c652b?s=96&d=blank&r=g\",\"contentUrl\":\"https:\/\/secure.gravatar.com\/avatar\/049821681b589dabc0bc20695993ccebb09f5b5d4d790cd9251b97faac7c652b?s=96&d=blank&r=g\",\"caption\":\"enequipo\"},\"sameAs\":[\"https:\/\/www.facebook.com\/SonoraEE\"]}]}<\/script>\n ","yoast_head_json":{"title":"Sonora en Equipo. Trump plantea aplazar las elecciones de noviembre en Estados Unidos MUNDO","description":"WASHINGTON. ESTADOS UNIDOS. \u2014 El presidente de Estados Unidos, Donald Trump, ha planteado este jueves aplazar las elecciones presidenciales del 3 de En Sonora en Equipo publicamos toda la informaci\u00f3n de Sonora, M\u00e9xico y el Mundo de manera oportuna y busca que la libertad de expresi\u00f3n sea real. Visita nuestro medio informativo publicado desde Hermosillo, Sonora. %","robots":{"index":"index","follow":"follow","max-snippet":"max-snippet:-1","max-image-preview":"max-image-preview:large","max-video-preview":"max-video-preview:-1"},"canonical":"https:\/\/www.sonoraenequipo.com.mx\/91171-2\/","og_locale":"es_ES","og_type":"article","og_title":"Sonora en Equipo. Trump plantea aplazar las elecciones de noviembre en Estados Unidos MUNDO","og_description":"WASHINGTON. ESTADOS UNIDOS. \u2014 El presidente de Estados Unidos, Donald Trump, ha planteado este jueves aplazar las elecciones presidenciales del 3 de En Sonora en Equipo publicamos toda la informaci\u00f3n de Sonora, M\u00e9xico y el Mundo de manera oportuna y busca que la libertad de expresi\u00f3n sea real. Visita nuestro medio informativo publicado desde Hermosillo, Sonora. %","og_url":"https:\/\/www.sonoraenequipo.com.mx\/91171-2\/","og_site_name":"Sonora en Equipo.","article_publisher":"https:\/\/www.facebook.com\/SonoraEE\/","article_author":"https:\/\/www.facebook.com\/SonoraEE","article_published_time":"2020-07-30T19:13:00+00:00","article_modified_time":"2020-07-30T19:15:20+00:00","og_image":[{"width":1064,"height":500,"url":"https:\/\/www.sonoraenequipo.com.mx\/storage\/2020\/07\/trump3007_opt.jpg","type":"image\/jpeg"}],"author":"enequipo","twitter_card":"summary_large_image","twitter_creator":"@sonoraenequipo","twitter_site":"@sonoraenequipo","twitter_misc":{"Escrito por":"enequipo","Tiempo de lectura":"3 minutos"},"schema":{"@context":"https:\/\/schema.org","@graph":[{"@type":"Article","@id":"https:\/\/www.sonoraenequipo.com.mx\/91171-2\/#article","isPartOf":{"@id":"https:\/\/www.sonoraenequipo.com.mx\/91171-2\/"},"author":{"name":"enequipo","@id":"https:\/\/www.sonoraenequipo.com.mx\/#\/schema\/person\/50102df0fb23a8fa9e8effad8fa81386"},"headline":"Trump plantea aplazar las elecciones de noviembre en Estados Unidos","datePublished":"2020-07-30T19:13:00+00:00","dateModified":"2020-07-30T19:15:20+00:00","mainEntityOfPage":{"@id":"https:\/\/www.sonoraenequipo.com.mx\/91171-2\/"},"wordCount":562,"commentCount":0,"publisher":{"@id":"https:\/\/www.sonoraenequipo.com.mx\/#organization"},"image":{"@id":"https:\/\/www.sonoraenequipo.com.mx\/91171-2\/#primaryimage"},"thumbnailUrl":"https:\/\/www.sonoraenequipo.com.mx\/storage\/2020\/07\/trump3007_opt.jpg","articleSection":["MUNDO"],"inLanguage":"es","potentialAction":[{"@type":"CommentAction","name":"Comment","target":["https:\/\/www.sonoraenequipo.com.mx\/91171-2\/#respond"]}]},{"@type":"WebPage","@id":"https:\/\/www.sonoraenequipo.com.mx\/91171-2\/","url":"https:\/\/www.sonoraenequipo.com.mx\/91171-2\/","name":"Sonora en Equipo. Trump plantea aplazar las elecciones de noviembre en Estados Unidos MUNDO","isPartOf":{"@id":"https:\/\/www.sonoraenequipo.com.mx\/#website"},"primaryImageOfPage":{"@id":"https:\/\/www.sonoraenequipo.com.mx\/91171-2\/#primaryimage"},"image":{"@id":"https:\/\/www.sonoraenequipo.com.mx\/91171-2\/#primaryimage"},"thumbnailUrl":"https:\/\/www.sonoraenequipo.com.mx\/storage\/2020\/07\/trump3007_opt.jpg","datePublished":"2020-07-30T19:13:00+00:00","dateModified":"2020-07-30T19:15:20+00:00","description":"WASHINGTON. ESTADOS UNIDOS. \u2014 El presidente de Estados Unidos, Donald Trump, ha planteado este jueves aplazar las elecciones presidenciales del 3 de En Sonora en Equipo publicamos toda la informaci\u00f3n de Sonora, M\u00e9xico y el Mundo de manera oportuna y busca que la libertad de expresi\u00f3n sea real. Visita nuestro medio informativo publicado desde Hermosillo, Sonora. %","breadcrumb":{"@id":"https:\/\/www.sonoraenequipo.com.mx\/91171-2\/#breadcrumb"},"inLanguage":"es","potentialAction":[{"@type":"ReadAction","target":["https:\/\/www.sonoraenequipo.com.mx\/91171-2\/"]}]},{"@type":"ImageObject","inLanguage":"es","@id":"https:\/\/www.sonoraenequipo.com.mx\/91171-2\/#primaryimage","url":"https:\/\/www.sonoraenequipo.com.mx\/storage\/2020\/07\/trump3007_opt.jpg","contentUrl":"https:\/\/www.sonoraenequipo.com.mx\/storage\/2020\/07\/trump3007_opt.jpg","width":1064,"height":500},{"@type":"BreadcrumbList","@id":"https:\/\/www.sonoraenequipo.com.mx\/91171-2\/#breadcrumb","itemListElement":[{"@type":"ListItem","position":1,"name":"Portada","item":"https:\/\/www.sonoraenequipo.com.mx\/"},{"@type":"ListItem","position":2,"name":"Trump plantea aplazar las elecciones de noviembre en Estados Unidos"}]},{"@type":"WebSite","@id":"https:\/\/www.sonoraenequipo.com.mx\/#website","url":"https:\/\/www.sonoraenequipo.com.mx\/","name":"Sonora en Equipo.","description":"Diario en l\u00ednea con Noticias desde Hermosillo, Sonora","publisher":{"@id":"https:\/\/www.sonoraenequipo.com.mx\/#organization"},"potentialAction":[{"@type":"SearchAction","target":{"@type":"EntryPoint","urlTemplate":"https:\/\/www.sonoraenequipo.com.mx\/?s={search_term_string}"},"query-input":{"@type":"PropertyValueSpecification","valueRequired":true,"valueName":"search_term_string"}}],"inLanguage":"es"},{"@type":"Organization","@id":"https:\/\/www.sonoraenequipo.com.mx\/#organization","name":"Sonoraenequipo.com.mx","url":"https:\/\/www.sonoraenequipo.com.mx\/","logo":{"@type":"ImageObject","inLanguage":"es","@id":"https:\/\/www.sonoraenequipo.com.mx\/#\/schema\/logo\/image\/","url":"https:\/\/www.sonoraenequipo.com.mx\/storage\/2019\/01\/sonoraenequipo_opt.png","contentUrl":"https:\/\/www.sonoraenequipo.com.mx\/storage\/2019\/01\/sonoraenequipo_opt.png","width":375,"height":125,"caption":"Sonoraenequipo.com.mx"},"image":{"@id":"https:\/\/www.sonoraenequipo.com.mx\/#\/schema\/logo\/image\/"},"sameAs":["https:\/\/www.facebook.com\/SonoraEE\/","https:\/\/x.com\/sonoraenequipo","https:\/\/www.youtube.com\/channel\/UC338nW-lPEYmJQs4ZABQ1SQ"]},{"@type":"Person","@id":"https:\/\/www.sonoraenequipo.com.mx\/#\/schema\/person\/50102df0fb23a8fa9e8effad8fa81386","name":"enequipo","image":{"@type":"ImageObject","inLanguage":"es","@id":"https:\/\/www.sonoraenequipo.com.mx\/#\/schema\/person\/image\/","url":"https:\/\/secure.gravatar.com\/avatar\/049821681b589dabc0bc20695993ccebb09f5b5d4d790cd9251b97faac7c652b?s=96&d=blank&r=g","contentUrl":"https:\/\/secure.gravatar.com\/avatar\/049821681b589dabc0bc20695993ccebb09f5b5d4d790cd9251b97faac7c652b?s=96&d=blank&r=g","caption":"enequipo"},"sameAs":["https:\/\/www.facebook.com\/SonoraEE"]}]}},"jetpack_featured_media_url":"https:\/\/www.sonoraenequipo.com.mx\/storage\/2020\/07\/trump3007_opt.jpg","_links":{"self":[{"href":"https:\/\/www.sonoraenequipo.com.mx\/api\/wp\/v2\/posts\/91171","targetHints":{"allow":["GET"]}}],"collection":[{"href":"https:\/\/www.sonoraenequipo.com.mx\/api\/wp\/v2\/posts"}],"about":[{"href":"https:\/\/www.sonoraenequipo.com.mx\/api\/wp\/v2\/types\/post"}],"author":[{"embeddable":true,"href":"https:\/\/www.sonoraenequipo.com.mx\/api\/wp\/v2\/users\/1"}],"replies":[{"embeddable":true,"href":"https:\/\/www.sonoraenequipo.com.mx\/api\/wp\/v2\/comments?post=91171"}],"version-history":[{"count":0,"href":"https:\/\/www.sonoraenequipo.com.mx\/api\/wp\/v2\/posts\/91171\/revisions"}],"wp:featuredmedia":[{"embeddable":true,"href":"https:\/\/www.sonoraenequipo.com.mx\/api\/wp\/v2\/media\/91169"}],"wp:attachment":[{"href":"https:\/\/www.sonoraenequipo.com.mx\/api\/wp\/v2\/media?parent=91171"}],"wp:term":[{"taxonomy":"category","embeddable":true,"href":"https:\/\/www.sonoraenequipo.com.mx\/api\/wp\/v2\/categories?post=91171"},{"taxonomy":"post_tag","embeddable":true,"href":"https:\/\/www.sonoraenequipo.com.mx\/api\/wp\/v2\/tags?post=91171"}],"curies":[{"name":"wp","href":"https:\/\/api.w.org\/{rel}","templated":true}]}}