{"id":91217,"date":"2020-07-30T11:05:02","date_gmt":"2020-07-30T18:05:02","guid":{"rendered":"https:\/\/www.sonoraenequipo.com.mx\/?p=91217"},"modified":"2020-07-30T17:31:16","modified_gmt":"2020-07-31T00:31:16","slug":"lozoya-ofrecio-cargo-con-pena-a-mando-de-odebrecht-fgr","status":"publish","type":"post","link":"https:\/\/www.sonoraenequipo.com.mx\/lozoya-ofrecio-cargo-con-pena-a-mando-de-odebrecht-fgr\/","title":{"rendered":"Lozoya ofreci\u00f3 cargo con Pe\u00f1a a mando de Odebrecht: FGR"},"content":{"rendered":"<p>CIUDAD DE M\u00c9XICO. MX. \u2014 Emilio \u00abL\u00bb, ex director de Petr\u00f3leleos Mexicanos (Pemex), intent\u00f3 <em>\u00abocultar diversos movimientos y cuentas bancarias, particularmente cuando era coordinador de la campa\u00f1a presidencial\u00bb<\/em> de Enrique Pe\u00f1a Nieto en 2012, seg\u00fan la Fiscal\u00eda General de la Rep\u00fablica (FGR), aunque el responsable de la misma era Luis Videgaray; el ex funcionario recibi\u00f3 4 millones de d\u00f3lares durante ese proceso electoral, y en ese periodo ofreci\u00f3 a Luis Alberto de Meneses Weyll, representante de Odebrecht en M\u00e9xico, <em>\u00abun cargo en la administraci\u00f3n p\u00fablica federal en caso de que su partido ganara los comicios\u00bb.<\/em><\/p>\n<p>&nbsp;<\/p>\n<p> <\/p>\n<p>&nbsp;<\/p>\n<p>&nbsp;<\/p>\n<p>Lo anterior, durante la audiencia en la cual se le imput\u00f3 la comisi\u00f3n de los delitos de operaciones con recursos de procedencia il\u00edcita, cohecho y asociaci\u00f3n delictuosa, dentro de la causa penal 261\/2019, en la cual tambi\u00e9n se libr\u00f3 orden de captura contra la madre, la hermana y la esposa del ex funcionario.<\/p>\n<p>&nbsp;<\/p>\n<p>&nbsp;<\/p>\n<p>Adem\u00e1s de las dos causas penales, la 261\/2019 (Odebrecht) y la 211\/2019 (Agronitrogenados), en contra de Lozoya Austin se mantiene abierta una investigaci\u00f3n por parte de la Fiscal\u00eda Especializada en la Atenci\u00f3n de Delitos Electorales (Fepade), en la cual se indaga su responsabilidad y el involucramiento de Odebrecht en el delito de financiamiento il\u00edcito a candidatos a diputados federales en el proceso electoral 2014-2015. Respecto del delito relacionado con los recursos aportados por la empresa brasile\u00f1a a la campa\u00f1a de Enrique Pe\u00f1a, se determin\u00f3 que ya prescribi\u00f3.<\/p>\n<p>&nbsp;<\/p>\n<h3>Los ofrecimientos<\/h3>\n<p>&nbsp;<\/p>\n<p>Durante la audiencia realizada a trav\u00e9s de videoconferencia, la FGR dio a conocer que Emilio \u00abL\u00bb ofreci\u00f3 a De Meneses Weyll que \u00e9l (en ese entonces encargado de la campa\u00f1a de Pe\u00f1a Nieto) \u00ab<em>tendr\u00eda un cargo que le permitir\u00eda proporcionar contratos de obra p\u00fablica, y as\u00ed ocurri\u00f3 en Hidalgo, Veracruz y Tamaulipas\u00bb<\/em>, indicaron los fiscales federales.<\/p>\n<p>&nbsp;<\/p>\n<p>&nbsp;<\/p>\n<p>Odebrecht pag\u00f3 en M\u00e9xico 10.5 millones de d\u00f3lares en sobornos y obtuvo mediante esta componenda ilegal ganancias por 39 millones de d\u00f3lares, puntualizaron los representantes de la FGR a partir de las revelaciones que hicieron al gobierno mexicano los representantes de la constructora brasile\u00f1a.<\/p>\n<p>&nbsp;<\/p>\n<p>&nbsp;<\/p>\n<p>Seg\u00fan las pruebas presentadas durante la audiencia inicial de este caso, el ex funcionario respondi\u00f3 en correspondencia a estos sobornos. <em>\u201cEn varias ocasiones Emilio \u2018L\u2019 agradeci\u00f3 a Luis Alberto de Meneses Weyll y sus colaboradores, el apoyo brindado por la empresa brasile\u00f1a Odebrecht a la campa\u00f1a de Enrique Pe\u00f1a Nieto\u201d.<\/em><\/p>\n<p>&nbsp;<\/p>\n<p>&nbsp;<\/p>\n<p>Ese acuerdo il\u00edcito es descrito en los documentos de la causa penal 261\/2019: <em>\u00abConstructora Odebrecht realiz\u00f3 pagos por un monto total de 10.5 millones de d\u00f3lares, de 2010 a 2014, ello acorde a lo manifestado por De Meneses Weyll, superintendente de Odebrecht en el pa\u00eds, quien ocup\u00f3 el cargo de septiembre de 2009 hasta marzo de 2017, y como parte de sus funciones prospect\u00f3 oportunidades de negocio concentrando su atenci\u00f3n en los estados de la Federaci\u00f3n que estuvieran en un proceso de renovaci\u00f3n del mandato de gobierno\u00bb.<\/em><\/p>\n<p>&nbsp;<\/p>\n<h3>Familia involucrada<\/h3>\n<p>&nbsp;<\/p>\n<p>La FGR present\u00f3 tambi\u00e9n como indicio de prueba de la colusi\u00f3n que tuvieron en estos delitos la madre, hermana y esposa de Emilio \u00abL\u00bb un oficio de contabilidad, fechado el 8 mayo de 2019, de la Comisi\u00f3n Nacional Bancaria y de Valores, donde consta que sus familiares recibieron varios dep\u00f3sitos en cuentas de bancos en Suiza.<\/p>\n<p>&nbsp;<\/p>\n<p>Espec\u00edficamente se documentaron dos pagos, uno <em>\u00abpor 4 millones de d\u00f3lares durante la campa\u00f1a y otro por 6 millones de d\u00f3lares cuando fue director de Pemex\u00bb.<\/em><\/p>\n<p>&nbsp;<\/p>\n<p>Se asegur\u00f3 que muchas de las cuentas provenientes de diferentes empresas, que el imputado utilizaba para estos fines, estaban a nombre de Gilda Susana \u00abL\u00bb y Gilda Margarita \u00abA\u00bb, hermana y madre de Emilio \u00abL\u00bb, respectivamente.<\/p>\n<p>&nbsp;<\/p>\n<p>&nbsp;<\/p>\n<p>Consta en el expediente que Odebrecht transfiri\u00f3 a la madre del extraditado por lo menos dos dep\u00f3sitos, uno de 185 mil d\u00f3lares y otro de un mill\u00f3n 200 mil d\u00f3lares, que se utilizaron para la compra de una residencia en Ixtapa-Zihuatanejo, en Guerrero.<\/p>\n<p>&nbsp;<\/p>\n<p>La propiedad de este inmueble se comprob\u00f3 con la escritura p\u00fablica del fideicomiso del due\u00f1o original de la casa, as\u00ed como con declaraciones patrimoniales y fiscales de los acusados.<\/p>\n<p>&nbsp;<\/p>\n<p>Seg\u00fan la FGR, la riqueza de Emilio \u00abL\u00bb creci\u00f3 de forma exponencial en el sexenio pasado, pues al inicio de ese periodo declar\u00f3 tener ingresos relativamente modestos, y termin\u00f3 con cuentas en Suiza, varias empresas y residencias de lujo en Guerrero y la Ciudad de M\u00e9xico.<\/p>\n<p>&nbsp;<\/p>\n<p>La Secretar\u00eda de la Funci\u00f3n P\u00fablica remiti\u00f3 un expediente de verificaci\u00f3n patrimonial en el que se incluy\u00f3 la declaraci\u00f3n inicial de Emilio \u00abL\u00bb como servidor p\u00fablico, presentada en enero de 2013, con datos de una cuenta de cheques en BBVA por 200 mil pesos, y las de 2014, 2015 y 2016.<\/p>\n<p>&nbsp;<\/p>\n<h3>Denuncia de la UIF<\/h3>\n<p>&nbsp;<\/p>\n<p>Para probar el delito de operaciones con recursos de procedencia il\u00edcita, el Ministerio P\u00fablico inform\u00f3 de la denuncia presentada por la Unidad de Inteligencia Financiera (UIF), en la cual se detalla que autoridades suizas entregaron estados financieros de una cuenta a nombre de la madre del ex funcionario, a la cual se transfirieron recursos que hab\u00edan sido depositados por una compa\u00f1\u00eda ligada a Odebrecht.<\/p>\n<p>&nbsp;<\/p>\n<p>&nbsp;<\/p>\n<p>La UIF precis\u00f3 que a ra\u00edz de los indicios de prueba \u201cse desprende que la cuenta a nombre de la madre no era desconocida para Emilio \u2018L\u2019, y en sus declaraciones patrimoniales dijo que su c\u00f3nyuge (Marielle \u2018E\u2019) adquiri\u00f3 el inmueble (de Ixtapa), admiti\u00f3 que es propiedad de su familia y ese dinero en parte era de la empresa Tochos Holding\u201d, compa\u00f1\u00eda fachada que constituy\u00f3 y que fue empleada para tratar de ocultar la recepci\u00f3n y destino de los sobornos que le entreg\u00f3 Odebrecht.<\/p>\n<p>&nbsp;<\/p>\n<p>&nbsp;<\/p>\n<p>El imputado omiti\u00f3 en sus declaraciones de bienes como servidor p\u00fablico el dinero que ten\u00eda depositado en bancos extranjeros, y se descubrieron gracias a las pesquisas de la FGR y la UIF.<\/p>\n<p>&nbsp;<\/p>\n<p>&nbsp;<\/p>\n<p>Entre los contratos que el ex director de Pemex dio a Odebrecht en este intercambio de favores, se cuenta la adjudicaci\u00f3n por m\u00e1s de mil millones de pesos para realizar trabajos en la refiner\u00eda de Tula, Hidalgo, pese a que la empresa no cumpl\u00eda con los requisitos de la licitaci\u00f3n.<\/p>\n<p>&nbsp;<\/p>\n<p>&nbsp;<\/p>\n<p>Por todo ello, la parte acusadora concluy\u00f3 que Emilio \u00abL\u00bb <em>\u00abviol\u00f3 los c\u00f3digos de \u00e9tica de los servidores p\u00fablicos porque no actu\u00f3 con probidad ni confidencialidad requerida\u00bb.<\/em><\/p>\n<p>&nbsp;<\/p>\n<p>&nbsp;<\/p>\n<p>&nbsp;<\/p>\n<p>(PUBLICADO EL 30\/07\/2020)<\/p>\n","protected":false},"excerpt":{"rendered":"<p>CIUDAD DE M\u00c9XICO. MX. \u2014 Emilio \u00abL\u00bb, ex director de Petr\u00f3leleos Mexicanos (Pemex), intent\u00f3 \u00abocultar&#8230;<\/p>\n","protected":false},"author":1,"featured_media":91218,"comment_status":"open","ping_status":"open","sticky":false,"template":"","format":"standard","meta":{"_monsterinsights_skip_tracking":false,"_monsterinsights_sitenote_active":false,"_monsterinsights_sitenote_note":"","_monsterinsights_sitenote_category":0,"footnotes":""},"categories":[5],"tags":[],"class_list":["post"],"yoast_head":" \n<title>Sonora en Equipo. Lozoya ofreci\u00f3 cargo con Pe\u00f1a a mando de Odebrecht: FGR Rep\u00fablica<\/title>\n<meta name=\"description\" content=\"CIUDAD DE M\u00c9XICO. MX. \u2014 Emilio &quot;L&quot;, ex director de Petr\u00f3leleos Mexicanos (Pemex), intent\u00f3 &quot;ocultar diversos movimientos y cuentas bancarias, En Sonora en Equipo publicamos toda la informaci\u00f3n de Sonora, M\u00e9xico y el Mundo de manera oportuna y busca que la libertad de expresi\u00f3n sea real. Visita nuestro medio informativo publicado desde Hermosillo, Sonora. %\" \/>\n<meta name=\"robots\" content=\"index, follow, max-snippet:-1, max-image-preview:large, max-video-preview:-1\" \/>\n<link rel=\"canonical\" href=\"https:\/\/www.sonoraenequipo.com.mx\/lozoya-ofrecio-cargo-con-pena-a-mando-de-odebrecht-fgr\/\" \/>\n<meta property=\"og:locale\" content=\"es_ES\" \/>\n<meta property=\"og:type\" content=\"article\" \/>\n<meta property=\"og:title\" content=\"Sonora en Equipo. Lozoya ofreci\u00f3 cargo con Pe\u00f1a a mando de Odebrecht: FGR Rep\u00fablica\" \/>\n<meta property=\"og:description\" content=\"CIUDAD DE M\u00c9XICO. MX. \u2014 Emilio &quot;L&quot;, ex director de Petr\u00f3leleos Mexicanos (Pemex), intent\u00f3 &quot;ocultar diversos movimientos y cuentas bancarias, En Sonora en Equipo publicamos toda la informaci\u00f3n de Sonora, M\u00e9xico y el Mundo de manera oportuna y busca que la libertad de expresi\u00f3n sea real. Visita nuestro medio informativo publicado desde Hermosillo, Sonora. %\" \/>\n<meta property=\"og:url\" content=\"https:\/\/www.sonoraenequipo.com.mx\/lozoya-ofrecio-cargo-con-pena-a-mando-de-odebrecht-fgr\/\" \/>\n<meta property=\"og:site_name\" content=\"Sonora en Equipo.\" \/>\n<meta property=\"article:publisher\" content=\"https:\/\/www.facebook.com\/SonoraEE\/\" \/>\n<meta property=\"article:author\" content=\"https:\/\/www.facebook.com\/SonoraEE\" \/>\n<meta property=\"article:published_time\" content=\"2020-07-30T18:05:02+00:00\" \/>\n<meta property=\"article:modified_time\" content=\"2020-07-31T00:31:16+00:00\" \/>\n<meta property=\"og:image\" content=\"https:\/\/www.sonoraenequipo.com.mx\/storage\/2020\/07\/lozoya_opt1-1.jpg\" \/>\n\t<meta property=\"og:image:width\" content=\"647\" \/>\n\t<meta property=\"og:image:height\" content=\"439\" \/>\n\t<meta property=\"og:image:type\" content=\"image\/jpeg\" \/>\n<meta name=\"author\" content=\"enequipo\" \/>\n<meta name=\"twitter:card\" content=\"summary_large_image\" \/>\n<meta name=\"twitter:creator\" content=\"@sonoraenequipo\" \/>\n<meta name=\"twitter:site\" content=\"@sonoraenequipo\" \/>\n<meta name=\"twitter:label1\" content=\"Escrito por\" \/>\n\t<meta name=\"twitter:data1\" content=\"enequipo\" \/>\n\t<meta name=\"twitter:label2\" content=\"Tiempo de lectura\" \/>\n\t<meta name=\"twitter:data2\" content=\"6 minutos\" \/>\n<script type=\"application\/ld+json\" class=\"yoast-schema-graph\">{\"@context\":\"https:\/\/schema.org\",\"@graph\":[{\"@type\":\"Article\",\"@id\":\"https:\/\/www.sonoraenequipo.com.mx\/lozoya-ofrecio-cargo-con-pena-a-mando-de-odebrecht-fgr\/#article\",\"isPartOf\":{\"@id\":\"https:\/\/www.sonoraenequipo.com.mx\/lozoya-ofrecio-cargo-con-pena-a-mando-de-odebrecht-fgr\/\"},\"author\":{\"name\":\"enequipo\",\"@id\":\"https:\/\/www.sonoraenequipo.com.mx\/#\/schema\/person\/50102df0fb23a8fa9e8effad8fa81386\"},\"headline\":\"Lozoya ofreci\u00f3 cargo con Pe\u00f1a a mando de Odebrecht: FGR\",\"datePublished\":\"2020-07-30T18:05:02+00:00\",\"dateModified\":\"2020-07-31T00:31:16+00:00\",\"mainEntityOfPage\":{\"@id\":\"https:\/\/www.sonoraenequipo.com.mx\/lozoya-ofrecio-cargo-con-pena-a-mando-de-odebrecht-fgr\/\"},\"wordCount\":1129,\"commentCount\":0,\"publisher\":{\"@id\":\"https:\/\/www.sonoraenequipo.com.mx\/#organization\"},\"image\":{\"@id\":\"https:\/\/www.sonoraenequipo.com.mx\/lozoya-ofrecio-cargo-con-pena-a-mando-de-odebrecht-fgr\/#primaryimage\"},\"thumbnailUrl\":\"https:\/\/www.sonoraenequipo.com.mx\/storage\/2020\/07\/lozoya_opt1-1.jpg\",\"articleSection\":[\"Rep\u00fablica\"],\"inLanguage\":\"es\",\"potentialAction\":[{\"@type\":\"CommentAction\",\"name\":\"Comment\",\"target\":[\"https:\/\/www.sonoraenequipo.com.mx\/lozoya-ofrecio-cargo-con-pena-a-mando-de-odebrecht-fgr\/#respond\"]}]},{\"@type\":\"WebPage\",\"@id\":\"https:\/\/www.sonoraenequipo.com.mx\/lozoya-ofrecio-cargo-con-pena-a-mando-de-odebrecht-fgr\/\",\"url\":\"https:\/\/www.sonoraenequipo.com.mx\/lozoya-ofrecio-cargo-con-pena-a-mando-de-odebrecht-fgr\/\",\"name\":\"Sonora en Equipo. Lozoya ofreci\u00f3 cargo con Pe\u00f1a a mando de Odebrecht: FGR Rep\u00fablica\",\"isPartOf\":{\"@id\":\"https:\/\/www.sonoraenequipo.com.mx\/#website\"},\"primaryImageOfPage\":{\"@id\":\"https:\/\/www.sonoraenequipo.com.mx\/lozoya-ofrecio-cargo-con-pena-a-mando-de-odebrecht-fgr\/#primaryimage\"},\"image\":{\"@id\":\"https:\/\/www.sonoraenequipo.com.mx\/lozoya-ofrecio-cargo-con-pena-a-mando-de-odebrecht-fgr\/#primaryimage\"},\"thumbnailUrl\":\"https:\/\/www.sonoraenequipo.com.mx\/storage\/2020\/07\/lozoya_opt1-1.jpg\",\"datePublished\":\"2020-07-30T18:05:02+00:00\",\"dateModified\":\"2020-07-31T00:31:16+00:00\",\"description\":\"CIUDAD DE M\u00c9XICO. MX. \u2014 Emilio \\\"L\\\", ex director de Petr\u00f3leleos Mexicanos (Pemex), intent\u00f3 \\\"ocultar diversos movimientos y cuentas bancarias, En Sonora en Equipo publicamos toda la informaci\u00f3n de Sonora, M\u00e9xico y el Mundo de manera oportuna y busca que la libertad de expresi\u00f3n sea real. Visita nuestro medio informativo publicado desde Hermosillo, Sonora. %\",\"breadcrumb\":{\"@id\":\"https:\/\/www.sonoraenequipo.com.mx\/lozoya-ofrecio-cargo-con-pena-a-mando-de-odebrecht-fgr\/#breadcrumb\"},\"inLanguage\":\"es\",\"potentialAction\":[{\"@type\":\"ReadAction\",\"target\":[\"https:\/\/www.sonoraenequipo.com.mx\/lozoya-ofrecio-cargo-con-pena-a-mando-de-odebrecht-fgr\/\"]}]},{\"@type\":\"ImageObject\",\"inLanguage\":\"es\",\"@id\":\"https:\/\/www.sonoraenequipo.com.mx\/lozoya-ofrecio-cargo-con-pena-a-mando-de-odebrecht-fgr\/#primaryimage\",\"url\":\"https:\/\/www.sonoraenequipo.com.mx\/storage\/2020\/07\/lozoya_opt1-1.jpg\",\"contentUrl\":\"https:\/\/www.sonoraenequipo.com.mx\/storage\/2020\/07\/lozoya_opt1-1.jpg\",\"width\":647,\"height\":439},{\"@type\":\"BreadcrumbList\",\"@id\":\"https:\/\/www.sonoraenequipo.com.mx\/lozoya-ofrecio-cargo-con-pena-a-mando-de-odebrecht-fgr\/#breadcrumb\",\"itemListElement\":[{\"@type\":\"ListItem\",\"position\":1,\"name\":\"Portada\",\"item\":\"https:\/\/www.sonoraenequipo.com.mx\/\"},{\"@type\":\"ListItem\",\"position\":2,\"name\":\"Lozoya ofreci\u00f3 cargo con Pe\u00f1a a mando de Odebrecht: FGR\"}]},{\"@type\":\"WebSite\",\"@id\":\"https:\/\/www.sonoraenequipo.com.mx\/#website\",\"url\":\"https:\/\/www.sonoraenequipo.com.mx\/\",\"name\":\"Sonora en Equipo.\",\"description\":\"Diario en l\u00ednea con Noticias desde Hermosillo, Sonora\",\"publisher\":{\"@id\":\"https:\/\/www.sonoraenequipo.com.mx\/#organization\"},\"potentialAction\":[{\"@type\":\"SearchAction\",\"target\":{\"@type\":\"EntryPoint\",\"urlTemplate\":\"https:\/\/www.sonoraenequipo.com.mx\/?s={search_term_string}\"},\"query-input\":{\"@type\":\"PropertyValueSpecification\",\"valueRequired\":true,\"valueName\":\"search_term_string\"}}],\"inLanguage\":\"es\"},{\"@type\":\"Organization\",\"@id\":\"https:\/\/www.sonoraenequipo.com.mx\/#organization\",\"name\":\"Sonoraenequipo.com.mx\",\"url\":\"https:\/\/www.sonoraenequipo.com.mx\/\",\"logo\":{\"@type\":\"ImageObject\",\"inLanguage\":\"es\",\"@id\":\"https:\/\/www.sonoraenequipo.com.mx\/#\/schema\/logo\/image\/\",\"url\":\"https:\/\/www.sonoraenequipo.com.mx\/storage\/2019\/01\/sonoraenequipo_opt.png\",\"contentUrl\":\"https:\/\/www.sonoraenequipo.com.mx\/storage\/2019\/01\/sonoraenequipo_opt.png\",\"width\":375,\"height\":125,\"caption\":\"Sonoraenequipo.com.mx\"},\"image\":{\"@id\":\"https:\/\/www.sonoraenequipo.com.mx\/#\/schema\/logo\/image\/\"},\"sameAs\":[\"https:\/\/www.facebook.com\/SonoraEE\/\",\"https:\/\/x.com\/sonoraenequipo\",\"https:\/\/www.youtube.com\/channel\/UC338nW-lPEYmJQs4ZABQ1SQ\"]},{\"@type\":\"Person\",\"@id\":\"https:\/\/www.sonoraenequipo.com.mx\/#\/schema\/person\/50102df0fb23a8fa9e8effad8fa81386\",\"name\":\"enequipo\",\"image\":{\"@type\":\"ImageObject\",\"inLanguage\":\"es\",\"@id\":\"https:\/\/www.sonoraenequipo.com.mx\/#\/schema\/person\/image\/\",\"url\":\"https:\/\/secure.gravatar.com\/avatar\/049821681b589dabc0bc20695993ccebb09f5b5d4d790cd9251b97faac7c652b?s=96&d=blank&r=g\",\"contentUrl\":\"https:\/\/secure.gravatar.com\/avatar\/049821681b589dabc0bc20695993ccebb09f5b5d4d790cd9251b97faac7c652b?s=96&d=blank&r=g\",\"caption\":\"enequipo\"},\"sameAs\":[\"https:\/\/www.facebook.com\/SonoraEE\"]}]}<\/script>\n ","yoast_head_json":{"title":"Sonora en Equipo. Lozoya ofreci\u00f3 cargo con Pe\u00f1a a mando de Odebrecht: FGR Rep\u00fablica","description":"CIUDAD DE M\u00c9XICO. MX. \u2014 Emilio \"L\", ex director de Petr\u00f3leleos Mexicanos (Pemex), intent\u00f3 \"ocultar diversos movimientos y cuentas bancarias, En Sonora en Equipo publicamos toda la informaci\u00f3n de Sonora, M\u00e9xico y el Mundo de manera oportuna y busca que la libertad de expresi\u00f3n sea real. Visita nuestro medio informativo publicado desde Hermosillo, Sonora. %","robots":{"index":"index","follow":"follow","max-snippet":"max-snippet:-1","max-image-preview":"max-image-preview:large","max-video-preview":"max-video-preview:-1"},"canonical":"https:\/\/www.sonoraenequipo.com.mx\/lozoya-ofrecio-cargo-con-pena-a-mando-de-odebrecht-fgr\/","og_locale":"es_ES","og_type":"article","og_title":"Sonora en Equipo. Lozoya ofreci\u00f3 cargo con Pe\u00f1a a mando de Odebrecht: FGR Rep\u00fablica","og_description":"CIUDAD DE M\u00c9XICO. MX. \u2014 Emilio \"L\", ex director de Petr\u00f3leleos Mexicanos (Pemex), intent\u00f3 \"ocultar diversos movimientos y cuentas bancarias, En Sonora en Equipo publicamos toda la informaci\u00f3n de Sonora, M\u00e9xico y el Mundo de manera oportuna y busca que la libertad de expresi\u00f3n sea real. Visita nuestro medio informativo publicado desde Hermosillo, Sonora. %","og_url":"https:\/\/www.sonoraenequipo.com.mx\/lozoya-ofrecio-cargo-con-pena-a-mando-de-odebrecht-fgr\/","og_site_name":"Sonora en Equipo.","article_publisher":"https:\/\/www.facebook.com\/SonoraEE\/","article_author":"https:\/\/www.facebook.com\/SonoraEE","article_published_time":"2020-07-30T18:05:02+00:00","article_modified_time":"2020-07-31T00:31:16+00:00","og_image":[{"width":647,"height":439,"url":"https:\/\/www.sonoraenequipo.com.mx\/storage\/2020\/07\/lozoya_opt1-1.jpg","type":"image\/jpeg"}],"author":"enequipo","twitter_card":"summary_large_image","twitter_creator":"@sonoraenequipo","twitter_site":"@sonoraenequipo","twitter_misc":{"Escrito por":"enequipo","Tiempo de lectura":"6 minutos"},"schema":{"@context":"https:\/\/schema.org","@graph":[{"@type":"Article","@id":"https:\/\/www.sonoraenequipo.com.mx\/lozoya-ofrecio-cargo-con-pena-a-mando-de-odebrecht-fgr\/#article","isPartOf":{"@id":"https:\/\/www.sonoraenequipo.com.mx\/lozoya-ofrecio-cargo-con-pena-a-mando-de-odebrecht-fgr\/"},"author":{"name":"enequipo","@id":"https:\/\/www.sonoraenequipo.com.mx\/#\/schema\/person\/50102df0fb23a8fa9e8effad8fa81386"},"headline":"Lozoya ofreci\u00f3 cargo con Pe\u00f1a a mando de Odebrecht: FGR","datePublished":"2020-07-30T18:05:02+00:00","dateModified":"2020-07-31T00:31:16+00:00","mainEntityOfPage":{"@id":"https:\/\/www.sonoraenequipo.com.mx\/lozoya-ofrecio-cargo-con-pena-a-mando-de-odebrecht-fgr\/"},"wordCount":1129,"commentCount":0,"publisher":{"@id":"https:\/\/www.sonoraenequipo.com.mx\/#organization"},"image":{"@id":"https:\/\/www.sonoraenequipo.com.mx\/lozoya-ofrecio-cargo-con-pena-a-mando-de-odebrecht-fgr\/#primaryimage"},"thumbnailUrl":"https:\/\/www.sonoraenequipo.com.mx\/storage\/2020\/07\/lozoya_opt1-1.jpg","articleSection":["Rep\u00fablica"],"inLanguage":"es","potentialAction":[{"@type":"CommentAction","name":"Comment","target":["https:\/\/www.sonoraenequipo.com.mx\/lozoya-ofrecio-cargo-con-pena-a-mando-de-odebrecht-fgr\/#respond"]}]},{"@type":"WebPage","@id":"https:\/\/www.sonoraenequipo.com.mx\/lozoya-ofrecio-cargo-con-pena-a-mando-de-odebrecht-fgr\/","url":"https:\/\/www.sonoraenequipo.com.mx\/lozoya-ofrecio-cargo-con-pena-a-mando-de-odebrecht-fgr\/","name":"Sonora en Equipo. Lozoya ofreci\u00f3 cargo con Pe\u00f1a a mando de Odebrecht: FGR Rep\u00fablica","isPartOf":{"@id":"https:\/\/www.sonoraenequipo.com.mx\/#website"},"primaryImageOfPage":{"@id":"https:\/\/www.sonoraenequipo.com.mx\/lozoya-ofrecio-cargo-con-pena-a-mando-de-odebrecht-fgr\/#primaryimage"},"image":{"@id":"https:\/\/www.sonoraenequipo.com.mx\/lozoya-ofrecio-cargo-con-pena-a-mando-de-odebrecht-fgr\/#primaryimage"},"thumbnailUrl":"https:\/\/www.sonoraenequipo.com.mx\/storage\/2020\/07\/lozoya_opt1-1.jpg","datePublished":"2020-07-30T18:05:02+00:00","dateModified":"2020-07-31T00:31:16+00:00","description":"CIUDAD DE M\u00c9XICO. MX. \u2014 Emilio \"L\", ex director de Petr\u00f3leleos Mexicanos (Pemex), intent\u00f3 \"ocultar diversos movimientos y cuentas bancarias, En Sonora en Equipo publicamos toda la informaci\u00f3n de Sonora, M\u00e9xico y el Mundo de manera oportuna y busca que la libertad de expresi\u00f3n sea real. Visita nuestro medio informativo publicado desde Hermosillo, Sonora. %","breadcrumb":{"@id":"https:\/\/www.sonoraenequipo.com.mx\/lozoya-ofrecio-cargo-con-pena-a-mando-de-odebrecht-fgr\/#breadcrumb"},"inLanguage":"es","potentialAction":[{"@type":"ReadAction","target":["https:\/\/www.sonoraenequipo.com.mx\/lozoya-ofrecio-cargo-con-pena-a-mando-de-odebrecht-fgr\/"]}]},{"@type":"ImageObject","inLanguage":"es","@id":"https:\/\/www.sonoraenequipo.com.mx\/lozoya-ofrecio-cargo-con-pena-a-mando-de-odebrecht-fgr\/#primaryimage","url":"https:\/\/www.sonoraenequipo.com.mx\/storage\/2020\/07\/lozoya_opt1-1.jpg","contentUrl":"https:\/\/www.sonoraenequipo.com.mx\/storage\/2020\/07\/lozoya_opt1-1.jpg","width":647,"height":439},{"@type":"BreadcrumbList","@id":"https:\/\/www.sonoraenequipo.com.mx\/lozoya-ofrecio-cargo-con-pena-a-mando-de-odebrecht-fgr\/#breadcrumb","itemListElement":[{"@type":"ListItem","position":1,"name":"Portada","item":"https:\/\/www.sonoraenequipo.com.mx\/"},{"@type":"ListItem","position":2,"name":"Lozoya ofreci\u00f3 cargo con Pe\u00f1a a mando de Odebrecht: FGR"}]},{"@type":"WebSite","@id":"https:\/\/www.sonoraenequipo.com.mx\/#website","url":"https:\/\/www.sonoraenequipo.com.mx\/","name":"Sonora en Equipo.","description":"Diario en l\u00ednea con Noticias desde Hermosillo, Sonora","publisher":{"@id":"https:\/\/www.sonoraenequipo.com.mx\/#organization"},"potentialAction":[{"@type":"SearchAction","target":{"@type":"EntryPoint","urlTemplate":"https:\/\/www.sonoraenequipo.com.mx\/?s={search_term_string}"},"query-input":{"@type":"PropertyValueSpecification","valueRequired":true,"valueName":"search_term_string"}}],"inLanguage":"es"},{"@type":"Organization","@id":"https:\/\/www.sonoraenequipo.com.mx\/#organization","name":"Sonoraenequipo.com.mx","url":"https:\/\/www.sonoraenequipo.com.mx\/","logo":{"@type":"ImageObject","inLanguage":"es","@id":"https:\/\/www.sonoraenequipo.com.mx\/#\/schema\/logo\/image\/","url":"https:\/\/www.sonoraenequipo.com.mx\/storage\/2019\/01\/sonoraenequipo_opt.png","contentUrl":"https:\/\/www.sonoraenequipo.com.mx\/storage\/2019\/01\/sonoraenequipo_opt.png","width":375,"height":125,"caption":"Sonoraenequipo.com.mx"},"image":{"@id":"https:\/\/www.sonoraenequipo.com.mx\/#\/schema\/logo\/image\/"},"sameAs":["https:\/\/www.facebook.com\/SonoraEE\/","https:\/\/x.com\/sonoraenequipo","https:\/\/www.youtube.com\/channel\/UC338nW-lPEYmJQs4ZABQ1SQ"]},{"@type":"Person","@id":"https:\/\/www.sonoraenequipo.com.mx\/#\/schema\/person\/50102df0fb23a8fa9e8effad8fa81386","name":"enequipo","image":{"@type":"ImageObject","inLanguage":"es","@id":"https:\/\/www.sonoraenequipo.com.mx\/#\/schema\/person\/image\/","url":"https:\/\/secure.gravatar.com\/avatar\/049821681b589dabc0bc20695993ccebb09f5b5d4d790cd9251b97faac7c652b?s=96&d=blank&r=g","contentUrl":"https:\/\/secure.gravatar.com\/avatar\/049821681b589dabc0bc20695993ccebb09f5b5d4d790cd9251b97faac7c652b?s=96&d=blank&r=g","caption":"enequipo"},"sameAs":["https:\/\/www.facebook.com\/SonoraEE"]}]}},"jetpack_featured_media_url":"https:\/\/www.sonoraenequipo.com.mx\/storage\/2020\/07\/lozoya_opt1-1.jpg","_links":{"self":[{"href":"https:\/\/www.sonoraenequipo.com.mx\/api\/wp\/v2\/posts\/91217","targetHints":{"allow":["GET"]}}],"collection":[{"href":"https:\/\/www.sonoraenequipo.com.mx\/api\/wp\/v2\/posts"}],"about":[{"href":"https:\/\/www.sonoraenequipo.com.mx\/api\/wp\/v2\/types\/post"}],"author":[{"embeddable":true,"href":"https:\/\/www.sonoraenequipo.com.mx\/api\/wp\/v2\/users\/1"}],"replies":[{"embeddable":true,"href":"https:\/\/www.sonoraenequipo.com.mx\/api\/wp\/v2\/comments?post=91217"}],"version-history":[{"count":0,"href":"https:\/\/www.sonoraenequipo.com.mx\/api\/wp\/v2\/posts\/91217\/revisions"}],"wp:featuredmedia":[{"embeddable":true,"href":"https:\/\/www.sonoraenequipo.com.mx\/api\/wp\/v2\/media\/91218"}],"wp:attachment":[{"href":"https:\/\/www.sonoraenequipo.com.mx\/api\/wp\/v2\/media?parent=91217"}],"wp:term":[{"taxonomy":"category","embeddable":true,"href":"https:\/\/www.sonoraenequipo.com.mx\/api\/wp\/v2\/categories?post=91217"},{"taxonomy":"post_tag","embeddable":true,"href":"https:\/\/www.sonoraenequipo.com.mx\/api\/wp\/v2\/tags?post=91217"}],"curies":[{"name":"wp","href":"https:\/\/api.w.org\/{rel}","templated":true}]}}