{"id":91222,"date":"2020-07-30T11:20:35","date_gmt":"2020-07-30T18:20:35","guid":{"rendered":"https:\/\/www.sonoraenequipo.com.mx\/?p=91222"},"modified":"2020-07-30T17:40:16","modified_gmt":"2020-07-31T00:40:16","slug":"siete-personas-detenidas-por-probable-participacion-en-el-delito-de-homicidio","status":"publish","type":"post","link":"https:\/\/www.sonoraenequipo.com.mx\/siete-personas-detenidas-por-probable-participacion-en-el-delito-de-homicidio\/","title":{"rendered":"Siete personas detenidas por probable participaci\u00f3n en el delito de homicidio"},"content":{"rendered":"<p>HERMOSILLO, SONORA. MX. \u2014 Siete personas fueron detenidas ayer mi\u00e9rcoles por la tarde, poco despu\u00e9s de las 14:00 horas, en el interior de un hotel ubicado en el sur de la ciudad, en la colonia Y Griega.<\/p>\n<p>&nbsp;<\/p>\n<p>&nbsp;<\/p>\n<p> <\/p>\n<p>&nbsp;<\/p>\n<p>&nbsp;<\/p>\n<p>Estas personas pudieran estar relacionadas con el homicidio que se present\u00f3 minutos antes en la colonia Renacimiento, donde el perpetrador del delito huy\u00f3 del lugar a bordo de una pick up de la marca Honda, color gris, la cual fue localizada en el interior de dicho hotel.<\/p>\n<p>&nbsp;<\/p>\n<p>&nbsp;<\/p>\n<p>Entre los detenidos se encuentran cinco hombres y dos mujeres, de las siguientes edades: hombres, de 18 a\u00f1os, 43 a\u00f1os, 45 a\u00f1os, 46 a\u00f1os y 25 a\u00f1os, mientras que las dos j\u00f3venes mujeres tienen 24 y 22 a\u00f1os.<\/p>\n<p>&nbsp;<\/p>\n<p>&nbsp;<\/p>\n<p>Los agentes de la Polic\u00eda de Hermosillo fueron alertados que mediante video vigilancia se hab\u00eda ubicado en veh\u00edculo con las caracter\u00edsticas del que fue utilizado en la agresi\u00f3n armada entrando al hotel, acudiendo unidades al lugar.<\/p>\n<p>&nbsp;<\/p>\n<p>&nbsp;<\/p>\n<p>En dos de los cuartos se encontraron a las siete personas que utilizaban la unidad, siendo esta una pick up de la marca Honda, l\u00ednea Ridgeline, gris, modelo 2006, cuatro puertas.<\/p>\n<p>&nbsp;<\/p>\n<p>&nbsp;<\/p>\n<p>Detenidos y veh\u00edculo fueron puestos a inmediata disposici\u00f3n del Ministerio P\u00fablico especializado, el cual lleva la investigaci\u00f3n del homicidio de la mujer de 53 a\u00f1os en la colonia Renacimiento.<\/p>\n<p>&nbsp;<\/p>\n<p>&nbsp;<\/p>\n<p>(PUBLICADO EL 30\/07\/2020)<\/p>\n","protected":false},"excerpt":{"rendered":"<p>HERMOSILLO, SONORA. MX. \u2014 Siete personas fueron detenidas ayer mi\u00e9rcoles por la tarde, poco despu\u00e9s&#8230;<\/p>\n","protected":false},"author":1,"featured_media":91223,"comment_status":"open","ping_status":"open","sticky":false,"template":"","format":"standard","meta":{"_monsterinsights_skip_tracking":false,"_monsterinsights_sitenote_active":false,"_monsterinsights_sitenote_note":"","_monsterinsights_sitenote_category":0,"footnotes":""},"categories":[3144],"tags":[],"class_list":["post"],"yoast_head":" \n<title>Sonora en Equipo. Siete personas detenidas por probable participaci\u00f3n en el delito de homicidio Polic\u00edaca<\/title>\n<meta name=\"description\" content=\"HERMOSILLO, SONORA. MX. \u2014 Siete personas fueron detenidas ayer mi\u00e9rcoles por la tarde, poco despu\u00e9s de las 14:00 horas, en el interior de un hotel ubicado En Sonora en Equipo publicamos toda la informaci\u00f3n de Sonora, M\u00e9xico y el Mundo de manera oportuna y busca que la libertad de expresi\u00f3n sea real. Visita nuestro medio informativo publicado desde Hermosillo, Sonora. %\" \/>\n<meta name=\"robots\" content=\"index, follow, max-snippet:-1, max-image-preview:large, max-video-preview:-1\" \/>\n<link rel=\"canonical\" href=\"https:\/\/www.sonoraenequipo.com.mx\/siete-personas-detenidas-por-probable-participacion-en-el-delito-de-homicidio\/\" \/>\n<meta property=\"og:locale\" content=\"es_ES\" \/>\n<meta property=\"og:type\" content=\"article\" \/>\n<meta property=\"og:title\" content=\"Sonora en Equipo. Siete personas detenidas por probable participaci\u00f3n en el delito de homicidio Polic\u00edaca\" \/>\n<meta property=\"og:description\" content=\"HERMOSILLO, SONORA. MX. \u2014 Siete personas fueron detenidas ayer mi\u00e9rcoles por la tarde, poco despu\u00e9s de las 14:00 horas, en el interior de un hotel ubicado En Sonora en Equipo publicamos toda la informaci\u00f3n de Sonora, M\u00e9xico y el Mundo de manera oportuna y busca que la libertad de expresi\u00f3n sea real. Visita nuestro medio informativo publicado desde Hermosillo, Sonora. %\" \/>\n<meta property=\"og:url\" content=\"https:\/\/www.sonoraenequipo.com.mx\/siete-personas-detenidas-por-probable-participacion-en-el-delito-de-homicidio\/\" \/>\n<meta property=\"og:site_name\" content=\"Sonora en Equipo.\" \/>\n<meta property=\"article:publisher\" content=\"https:\/\/www.facebook.com\/SonoraEE\/\" \/>\n<meta property=\"article:author\" content=\"https:\/\/www.facebook.com\/SonoraEE\" \/>\n<meta property=\"article:published_time\" content=\"2020-07-30T18:20:35+00:00\" \/>\n<meta property=\"article:modified_time\" content=\"2020-07-31T00:40:16+00:00\" \/>\n<meta property=\"og:image\" content=\"https:\/\/www.sonoraenequipo.com.mx\/storage\/2020\/07\/veh\u00edculo-asegurado_opt.jpg\" \/>\n\t<meta property=\"og:image:width\" content=\"600\" \/>\n\t<meta property=\"og:image:height\" content=\"450\" \/>\n\t<meta property=\"og:image:type\" content=\"image\/jpeg\" \/>\n<meta name=\"author\" content=\"enequipo\" \/>\n<meta name=\"twitter:card\" content=\"summary_large_image\" \/>\n<meta name=\"twitter:creator\" content=\"@sonoraenequipo\" \/>\n<meta name=\"twitter:site\" content=\"@sonoraenequipo\" \/>\n<meta name=\"twitter:label1\" content=\"Escrito por\" \/>\n\t<meta name=\"twitter:data1\" content=\"enequipo\" \/>\n\t<meta name=\"twitter:label2\" content=\"Tiempo de lectura\" \/>\n\t<meta name=\"twitter:data2\" content=\"1 minuto\" \/>\n<script type=\"application\/ld+json\" class=\"yoast-schema-graph\">{\"@context\":\"https:\/\/schema.org\",\"@graph\":[{\"@type\":\"Article\",\"@id\":\"https:\/\/www.sonoraenequipo.com.mx\/siete-personas-detenidas-por-probable-participacion-en-el-delito-de-homicidio\/#article\",\"isPartOf\":{\"@id\":\"https:\/\/www.sonoraenequipo.com.mx\/siete-personas-detenidas-por-probable-participacion-en-el-delito-de-homicidio\/\"},\"author\":{\"name\":\"enequipo\",\"@id\":\"https:\/\/www.sonoraenequipo.com.mx\/#\/schema\/person\/50102df0fb23a8fa9e8effad8fa81386\"},\"headline\":\"Siete personas detenidas por probable participaci\u00f3n en el delito de homicidio\",\"datePublished\":\"2020-07-30T18:20:35+00:00\",\"dateModified\":\"2020-07-31T00:40:16+00:00\",\"mainEntityOfPage\":{\"@id\":\"https:\/\/www.sonoraenequipo.com.mx\/siete-personas-detenidas-por-probable-participacion-en-el-delito-de-homicidio\/\"},\"wordCount\":255,\"commentCount\":0,\"publisher\":{\"@id\":\"https:\/\/www.sonoraenequipo.com.mx\/#organization\"},\"image\":{\"@id\":\"https:\/\/www.sonoraenequipo.com.mx\/siete-personas-detenidas-por-probable-participacion-en-el-delito-de-homicidio\/#primaryimage\"},\"thumbnailUrl\":\"https:\/\/www.sonoraenequipo.com.mx\/storage\/2020\/07\/veh\u00edculo-asegurado_opt.jpg\",\"articleSection\":[\"Polic\u00edaca\"],\"inLanguage\":\"es\",\"potentialAction\":[{\"@type\":\"CommentAction\",\"name\":\"Comment\",\"target\":[\"https:\/\/www.sonoraenequipo.com.mx\/siete-personas-detenidas-por-probable-participacion-en-el-delito-de-homicidio\/#respond\"]}]},{\"@type\":\"WebPage\",\"@id\":\"https:\/\/www.sonoraenequipo.com.mx\/siete-personas-detenidas-por-probable-participacion-en-el-delito-de-homicidio\/\",\"url\":\"https:\/\/www.sonoraenequipo.com.mx\/siete-personas-detenidas-por-probable-participacion-en-el-delito-de-homicidio\/\",\"name\":\"Sonora en Equipo. Siete personas detenidas por probable participaci\u00f3n en el delito de homicidio Polic\u00edaca\",\"isPartOf\":{\"@id\":\"https:\/\/www.sonoraenequipo.com.mx\/#website\"},\"primaryImageOfPage\":{\"@id\":\"https:\/\/www.sonoraenequipo.com.mx\/siete-personas-detenidas-por-probable-participacion-en-el-delito-de-homicidio\/#primaryimage\"},\"image\":{\"@id\":\"https:\/\/www.sonoraenequipo.com.mx\/siete-personas-detenidas-por-probable-participacion-en-el-delito-de-homicidio\/#primaryimage\"},\"thumbnailUrl\":\"https:\/\/www.sonoraenequipo.com.mx\/storage\/2020\/07\/veh\u00edculo-asegurado_opt.jpg\",\"datePublished\":\"2020-07-30T18:20:35+00:00\",\"dateModified\":\"2020-07-31T00:40:16+00:00\",\"description\":\"HERMOSILLO, SONORA. MX. \u2014 Siete personas fueron detenidas ayer mi\u00e9rcoles por la tarde, poco despu\u00e9s de las 14:00 horas, en el interior de un hotel ubicado En Sonora en Equipo publicamos toda la informaci\u00f3n de Sonora, M\u00e9xico y el Mundo de manera oportuna y busca que la libertad de expresi\u00f3n sea real. Visita nuestro medio informativo publicado desde Hermosillo, Sonora. %\",\"breadcrumb\":{\"@id\":\"https:\/\/www.sonoraenequipo.com.mx\/siete-personas-detenidas-por-probable-participacion-en-el-delito-de-homicidio\/#breadcrumb\"},\"inLanguage\":\"es\",\"potentialAction\":[{\"@type\":\"ReadAction\",\"target\":[\"https:\/\/www.sonoraenequipo.com.mx\/siete-personas-detenidas-por-probable-participacion-en-el-delito-de-homicidio\/\"]}]},{\"@type\":\"ImageObject\",\"inLanguage\":\"es\",\"@id\":\"https:\/\/www.sonoraenequipo.com.mx\/siete-personas-detenidas-por-probable-participacion-en-el-delito-de-homicidio\/#primaryimage\",\"url\":\"https:\/\/www.sonoraenequipo.com.mx\/storage\/2020\/07\/veh\u00edculo-asegurado_opt.jpg\",\"contentUrl\":\"https:\/\/www.sonoraenequipo.com.mx\/storage\/2020\/07\/veh\u00edculo-asegurado_opt.jpg\",\"width\":600,\"height\":450},{\"@type\":\"BreadcrumbList\",\"@id\":\"https:\/\/www.sonoraenequipo.com.mx\/siete-personas-detenidas-por-probable-participacion-en-el-delito-de-homicidio\/#breadcrumb\",\"itemListElement\":[{\"@type\":\"ListItem\",\"position\":1,\"name\":\"Portada\",\"item\":\"https:\/\/www.sonoraenequipo.com.mx\/\"},{\"@type\":\"ListItem\",\"position\":2,\"name\":\"Siete personas detenidas por probable participaci\u00f3n en el delito de homicidio\"}]},{\"@type\":\"WebSite\",\"@id\":\"https:\/\/www.sonoraenequipo.com.mx\/#website\",\"url\":\"https:\/\/www.sonoraenequipo.com.mx\/\",\"name\":\"Sonora en Equipo.\",\"description\":\"Diario en l\u00ednea con Noticias desde Hermosillo, Sonora\",\"publisher\":{\"@id\":\"https:\/\/www.sonoraenequipo.com.mx\/#organization\"},\"potentialAction\":[{\"@type\":\"SearchAction\",\"target\":{\"@type\":\"EntryPoint\",\"urlTemplate\":\"https:\/\/www.sonoraenequipo.com.mx\/?s={search_term_string}\"},\"query-input\":{\"@type\":\"PropertyValueSpecification\",\"valueRequired\":true,\"valueName\":\"search_term_string\"}}],\"inLanguage\":\"es\"},{\"@type\":\"Organization\",\"@id\":\"https:\/\/www.sonoraenequipo.com.mx\/#organization\",\"name\":\"Sonoraenequipo.com.mx\",\"url\":\"https:\/\/www.sonoraenequipo.com.mx\/\",\"logo\":{\"@type\":\"ImageObject\",\"inLanguage\":\"es\",\"@id\":\"https:\/\/www.sonoraenequipo.com.mx\/#\/schema\/logo\/image\/\",\"url\":\"https:\/\/www.sonoraenequipo.com.mx\/storage\/2019\/01\/sonoraenequipo_opt.png\",\"contentUrl\":\"https:\/\/www.sonoraenequipo.com.mx\/storage\/2019\/01\/sonoraenequipo_opt.png\",\"width\":375,\"height\":125,\"caption\":\"Sonoraenequipo.com.mx\"},\"image\":{\"@id\":\"https:\/\/www.sonoraenequipo.com.mx\/#\/schema\/logo\/image\/\"},\"sameAs\":[\"https:\/\/www.facebook.com\/SonoraEE\/\",\"https:\/\/x.com\/sonoraenequipo\",\"https:\/\/www.youtube.com\/channel\/UC338nW-lPEYmJQs4ZABQ1SQ\"]},{\"@type\":\"Person\",\"@id\":\"https:\/\/www.sonoraenequipo.com.mx\/#\/schema\/person\/50102df0fb23a8fa9e8effad8fa81386\",\"name\":\"enequipo\",\"image\":{\"@type\":\"ImageObject\",\"inLanguage\":\"es\",\"@id\":\"https:\/\/www.sonoraenequipo.com.mx\/#\/schema\/person\/image\/\",\"url\":\"https:\/\/secure.gravatar.com\/avatar\/049821681b589dabc0bc20695993ccebb09f5b5d4d790cd9251b97faac7c652b?s=96&d=blank&r=g\",\"contentUrl\":\"https:\/\/secure.gravatar.com\/avatar\/049821681b589dabc0bc20695993ccebb09f5b5d4d790cd9251b97faac7c652b?s=96&d=blank&r=g\",\"caption\":\"enequipo\"},\"sameAs\":[\"https:\/\/www.facebook.com\/SonoraEE\"]}]}<\/script>\n ","yoast_head_json":{"title":"Sonora en Equipo. Siete personas detenidas por probable participaci\u00f3n en el delito de homicidio Polic\u00edaca","description":"HERMOSILLO, SONORA. MX. \u2014 Siete personas fueron detenidas ayer mi\u00e9rcoles por la tarde, poco despu\u00e9s de las 14:00 horas, en el interior de un hotel ubicado En Sonora en Equipo publicamos toda la informaci\u00f3n de Sonora, M\u00e9xico y el Mundo de manera oportuna y busca que la libertad de expresi\u00f3n sea real. Visita nuestro medio informativo publicado desde Hermosillo, Sonora. %","robots":{"index":"index","follow":"follow","max-snippet":"max-snippet:-1","max-image-preview":"max-image-preview:large","max-video-preview":"max-video-preview:-1"},"canonical":"https:\/\/www.sonoraenequipo.com.mx\/siete-personas-detenidas-por-probable-participacion-en-el-delito-de-homicidio\/","og_locale":"es_ES","og_type":"article","og_title":"Sonora en Equipo. Siete personas detenidas por probable participaci\u00f3n en el delito de homicidio Polic\u00edaca","og_description":"HERMOSILLO, SONORA. MX. \u2014 Siete personas fueron detenidas ayer mi\u00e9rcoles por la tarde, poco despu\u00e9s de las 14:00 horas, en el interior de un hotel ubicado En Sonora en Equipo publicamos toda la informaci\u00f3n de Sonora, M\u00e9xico y el Mundo de manera oportuna y busca que la libertad de expresi\u00f3n sea real. Visita nuestro medio informativo publicado desde Hermosillo, Sonora. %","og_url":"https:\/\/www.sonoraenequipo.com.mx\/siete-personas-detenidas-por-probable-participacion-en-el-delito-de-homicidio\/","og_site_name":"Sonora en Equipo.","article_publisher":"https:\/\/www.facebook.com\/SonoraEE\/","article_author":"https:\/\/www.facebook.com\/SonoraEE","article_published_time":"2020-07-30T18:20:35+00:00","article_modified_time":"2020-07-31T00:40:16+00:00","og_image":[{"width":600,"height":450,"url":"https:\/\/www.sonoraenequipo.com.mx\/storage\/2020\/07\/veh\u00edculo-asegurado_opt.jpg","type":"image\/jpeg"}],"author":"enequipo","twitter_card":"summary_large_image","twitter_creator":"@sonoraenequipo","twitter_site":"@sonoraenequipo","twitter_misc":{"Escrito por":"enequipo","Tiempo de lectura":"1 minuto"},"schema":{"@context":"https:\/\/schema.org","@graph":[{"@type":"Article","@id":"https:\/\/www.sonoraenequipo.com.mx\/siete-personas-detenidas-por-probable-participacion-en-el-delito-de-homicidio\/#article","isPartOf":{"@id":"https:\/\/www.sonoraenequipo.com.mx\/siete-personas-detenidas-por-probable-participacion-en-el-delito-de-homicidio\/"},"author":{"name":"enequipo","@id":"https:\/\/www.sonoraenequipo.com.mx\/#\/schema\/person\/50102df0fb23a8fa9e8effad8fa81386"},"headline":"Siete personas detenidas por probable participaci\u00f3n en el delito de homicidio","datePublished":"2020-07-30T18:20:35+00:00","dateModified":"2020-07-31T00:40:16+00:00","mainEntityOfPage":{"@id":"https:\/\/www.sonoraenequipo.com.mx\/siete-personas-detenidas-por-probable-participacion-en-el-delito-de-homicidio\/"},"wordCount":255,"commentCount":0,"publisher":{"@id":"https:\/\/www.sonoraenequipo.com.mx\/#organization"},"image":{"@id":"https:\/\/www.sonoraenequipo.com.mx\/siete-personas-detenidas-por-probable-participacion-en-el-delito-de-homicidio\/#primaryimage"},"thumbnailUrl":"https:\/\/www.sonoraenequipo.com.mx\/storage\/2020\/07\/veh\u00edculo-asegurado_opt.jpg","articleSection":["Polic\u00edaca"],"inLanguage":"es","potentialAction":[{"@type":"CommentAction","name":"Comment","target":["https:\/\/www.sonoraenequipo.com.mx\/siete-personas-detenidas-por-probable-participacion-en-el-delito-de-homicidio\/#respond"]}]},{"@type":"WebPage","@id":"https:\/\/www.sonoraenequipo.com.mx\/siete-personas-detenidas-por-probable-participacion-en-el-delito-de-homicidio\/","url":"https:\/\/www.sonoraenequipo.com.mx\/siete-personas-detenidas-por-probable-participacion-en-el-delito-de-homicidio\/","name":"Sonora en Equipo. Siete personas detenidas por probable participaci\u00f3n en el delito de homicidio Polic\u00edaca","isPartOf":{"@id":"https:\/\/www.sonoraenequipo.com.mx\/#website"},"primaryImageOfPage":{"@id":"https:\/\/www.sonoraenequipo.com.mx\/siete-personas-detenidas-por-probable-participacion-en-el-delito-de-homicidio\/#primaryimage"},"image":{"@id":"https:\/\/www.sonoraenequipo.com.mx\/siete-personas-detenidas-por-probable-participacion-en-el-delito-de-homicidio\/#primaryimage"},"thumbnailUrl":"https:\/\/www.sonoraenequipo.com.mx\/storage\/2020\/07\/veh\u00edculo-asegurado_opt.jpg","datePublished":"2020-07-30T18:20:35+00:00","dateModified":"2020-07-31T00:40:16+00:00","description":"HERMOSILLO, SONORA. MX. \u2014 Siete personas fueron detenidas ayer mi\u00e9rcoles por la tarde, poco despu\u00e9s de las 14:00 horas, en el interior de un hotel ubicado En Sonora en Equipo publicamos toda la informaci\u00f3n de Sonora, M\u00e9xico y el Mundo de manera oportuna y busca que la libertad de expresi\u00f3n sea real. Visita nuestro medio informativo publicado desde Hermosillo, Sonora. %","breadcrumb":{"@id":"https:\/\/www.sonoraenequipo.com.mx\/siete-personas-detenidas-por-probable-participacion-en-el-delito-de-homicidio\/#breadcrumb"},"inLanguage":"es","potentialAction":[{"@type":"ReadAction","target":["https:\/\/www.sonoraenequipo.com.mx\/siete-personas-detenidas-por-probable-participacion-en-el-delito-de-homicidio\/"]}]},{"@type":"ImageObject","inLanguage":"es","@id":"https:\/\/www.sonoraenequipo.com.mx\/siete-personas-detenidas-por-probable-participacion-en-el-delito-de-homicidio\/#primaryimage","url":"https:\/\/www.sonoraenequipo.com.mx\/storage\/2020\/07\/veh\u00edculo-asegurado_opt.jpg","contentUrl":"https:\/\/www.sonoraenequipo.com.mx\/storage\/2020\/07\/veh\u00edculo-asegurado_opt.jpg","width":600,"height":450},{"@type":"BreadcrumbList","@id":"https:\/\/www.sonoraenequipo.com.mx\/siete-personas-detenidas-por-probable-participacion-en-el-delito-de-homicidio\/#breadcrumb","itemListElement":[{"@type":"ListItem","position":1,"name":"Portada","item":"https:\/\/www.sonoraenequipo.com.mx\/"},{"@type":"ListItem","position":2,"name":"Siete personas detenidas por probable participaci\u00f3n en el delito de homicidio"}]},{"@type":"WebSite","@id":"https:\/\/www.sonoraenequipo.com.mx\/#website","url":"https:\/\/www.sonoraenequipo.com.mx\/","name":"Sonora en Equipo.","description":"Diario en l\u00ednea con Noticias desde Hermosillo, Sonora","publisher":{"@id":"https:\/\/www.sonoraenequipo.com.mx\/#organization"},"potentialAction":[{"@type":"SearchAction","target":{"@type":"EntryPoint","urlTemplate":"https:\/\/www.sonoraenequipo.com.mx\/?s={search_term_string}"},"query-input":{"@type":"PropertyValueSpecification","valueRequired":true,"valueName":"search_term_string"}}],"inLanguage":"es"},{"@type":"Organization","@id":"https:\/\/www.sonoraenequipo.com.mx\/#organization","name":"Sonoraenequipo.com.mx","url":"https:\/\/www.sonoraenequipo.com.mx\/","logo":{"@type":"ImageObject","inLanguage":"es","@id":"https:\/\/www.sonoraenequipo.com.mx\/#\/schema\/logo\/image\/","url":"https:\/\/www.sonoraenequipo.com.mx\/storage\/2019\/01\/sonoraenequipo_opt.png","contentUrl":"https:\/\/www.sonoraenequipo.com.mx\/storage\/2019\/01\/sonoraenequipo_opt.png","width":375,"height":125,"caption":"Sonoraenequipo.com.mx"},"image":{"@id":"https:\/\/www.sonoraenequipo.com.mx\/#\/schema\/logo\/image\/"},"sameAs":["https:\/\/www.facebook.com\/SonoraEE\/","https:\/\/x.com\/sonoraenequipo","https:\/\/www.youtube.com\/channel\/UC338nW-lPEYmJQs4ZABQ1SQ"]},{"@type":"Person","@id":"https:\/\/www.sonoraenequipo.com.mx\/#\/schema\/person\/50102df0fb23a8fa9e8effad8fa81386","name":"enequipo","image":{"@type":"ImageObject","inLanguage":"es","@id":"https:\/\/www.sonoraenequipo.com.mx\/#\/schema\/person\/image\/","url":"https:\/\/secure.gravatar.com\/avatar\/049821681b589dabc0bc20695993ccebb09f5b5d4d790cd9251b97faac7c652b?s=96&d=blank&r=g","contentUrl":"https:\/\/secure.gravatar.com\/avatar\/049821681b589dabc0bc20695993ccebb09f5b5d4d790cd9251b97faac7c652b?s=96&d=blank&r=g","caption":"enequipo"},"sameAs":["https:\/\/www.facebook.com\/SonoraEE"]}]}},"jetpack_featured_media_url":"https:\/\/www.sonoraenequipo.com.mx\/storage\/2020\/07\/veh\u00edculo-asegurado_opt.jpg","_links":{"self":[{"href":"https:\/\/www.sonoraenequipo.com.mx\/api\/wp\/v2\/posts\/91222","targetHints":{"allow":["GET"]}}],"collection":[{"href":"https:\/\/www.sonoraenequipo.com.mx\/api\/wp\/v2\/posts"}],"about":[{"href":"https:\/\/www.sonoraenequipo.com.mx\/api\/wp\/v2\/types\/post"}],"author":[{"embeddable":true,"href":"https:\/\/www.sonoraenequipo.com.mx\/api\/wp\/v2\/users\/1"}],"replies":[{"embeddable":true,"href":"https:\/\/www.sonoraenequipo.com.mx\/api\/wp\/v2\/comments?post=91222"}],"version-history":[{"count":0,"href":"https:\/\/www.sonoraenequipo.com.mx\/api\/wp\/v2\/posts\/91222\/revisions"}],"wp:featuredmedia":[{"embeddable":true,"href":"https:\/\/www.sonoraenequipo.com.mx\/api\/wp\/v2\/media\/91223"}],"wp:attachment":[{"href":"https:\/\/www.sonoraenequipo.com.mx\/api\/wp\/v2\/media?parent=91222"}],"wp:term":[{"taxonomy":"category","embeddable":true,"href":"https:\/\/www.sonoraenequipo.com.mx\/api\/wp\/v2\/categories?post=91222"},{"taxonomy":"post_tag","embeddable":true,"href":"https:\/\/www.sonoraenequipo.com.mx\/api\/wp\/v2\/tags?post=91222"}],"curies":[{"name":"wp","href":"https:\/\/api.w.org\/{rel}","templated":true}]}}