{"id":91228,"date":"2020-07-30T13:45:01","date_gmt":"2020-07-30T20:45:01","guid":{"rendered":"https:\/\/www.sonoraenequipo.com.mx\/?p=91228"},"modified":"2020-07-30T19:00:31","modified_gmt":"2020-07-31T02:00:31","slug":"lleva-dif-sonora-alimento-a-mas-de-350-adultos-mayores","status":"publish","type":"post","link":"https:\/\/www.sonoraenequipo.com.mx\/lleva-dif-sonora-alimento-a-mas-de-350-adultos-mayores\/","title":{"rendered":"Lleva DIF Sonora alimento a m\u00e1s de 350 adultos mayores"},"content":{"rendered":"<p>HERMOSILLO, SONORA. MX. \u2014\u00a0 Cerca de 350 adultos mayores que son asistidos en 18 albergues y Centros de Asistencia Social recibieron de parte de DIF Sonora y la empresa Bachoco, paquetes de carne de pollo para apoyar en la preparaci\u00f3n de alimentos durante este periodo de contingencia.<\/p>\n<p>&nbsp;<\/p>\n<p> <\/p>\n<p>&nbsp;<\/p>\n<p>&nbsp;<\/p>\n<p>La directora del Sistema DIF Sonora, Karina Z\u00e1rate F\u00e9lix, y el gerente de Recursos Humanos de la empresa Bachoco en Sonora y Baja California, Fernando Mart\u00ednez Vera, visitaron las instituciones de asistencia social que brindan protecci\u00f3n y resguardo a este importante sector de la poblaci\u00f3n.<\/p>\n<p>&nbsp;<\/p>\n<p>&nbsp;<\/p>\n<p>Z\u00e1rate F\u00e9lix dijo que el gobierno de Claudia Pavlovich reconoce a todas aquellas empresas que han demostrado su solidaridad y cari\u00f1o a los sonorenses, sum\u00e1ndose al Pacto Para Que Siga Sonora, porque en \u00e9pocas dif\u00edciles es cuando se conoce el verdadero compromiso social.<\/p>\n<p>&nbsp;<\/p>\n<p>&nbsp;<\/p>\n<p><em>\u201cQueremos agradecer a los empresarios que se solidarizan con los sectores m\u00e1s vulnerables durante esta pandemia, en especial a la empresa Bachoco que est\u00e1 realizando la donaci\u00f3n de m\u00e1s de 11 mil kilos de pollo para este mes de julio\u201d,<\/em> dijo la funcionaria estatal.<\/p>\n<p>&nbsp;<\/p>\n<p>&nbsp;<\/p>\n<p><img loading=\"lazy\" decoding=\"async\" class=\"x-left size-full \" src=\"https:\/\/sonmx.mx\/storage\/2020\/07\/dif-sonora-3_opt.jpg\" alt=\"\" width=\"649\" height=\"450\" \/>Por su parte, Mart\u00ednez Vera destac\u00f3 el compromiso social de la empresa Bachoco para con las familias sonorenses que est\u00e1n pasando por momentos complicados ante la contingencia por Covid-19 y resalt\u00f3 que la ayuda seguir\u00e1 llegando para los m\u00e1s vulnerables.<\/p>\n<p>&nbsp;<\/p>\n<p>&nbsp;<\/p>\n<p>Acompa\u00f1ada tambi\u00e9n por el procurador de la Defensa del Adulto Mayor, Jorge Axay\u00e1catl Yeomans, se visitaron los albergues Casa Hogar Esposos Monta\u00f1o Ter\u00e1n, A. C.; Damas de la Caridad IAP, Casa Hogar San Vicente; Albergue Srita. Luz Valencia Duarte I.A.P. y Asilo de Ancianos A\u00edda S. de Rodr\u00edguez, I.A.P. Juan Pablo II, donde se constat\u00f3 la cercan\u00eda y amor con el que se atiende a este sector que vive momentos dif\u00edciles.<\/p>\n<p>&nbsp;<\/p>\n<p>&nbsp;<\/p>\n<p>El apoyo de carne de pollo tambi\u00e9n se entreg\u00f3 a los encargados de hogares Sor Mar\u00eda de Jes\u00fas Sacramentado I.A.P., Casa Hogar \u201cSocorro de Alicia, A.C., Asilo Castro, Yo Otui Kari, Casa del Adulto Mayor, Casa Hogar Fortaleza de Mar\u00eda, Casa Hogar \u201cArmida Velasco\u201d, A.C., Casa de Cuidados de Adultos Mayores Magui; Mes\u00f3n Don Bosco, A.C. y \u201cLa Estancia\u201d; fueron algunos de los lugares visitados en el Norte de la ciudad, quienes colaboran de manera constante con la Procuradur\u00eda de Defensa del Adulto Mayor (Prodeama).<\/p>\n<p>&nbsp;<\/p>\n<p>&nbsp;<\/p>\n<p>Tambi\u00e9n recibieron beneficios la Casa Hogar Tu Bienestar, Casa Hogar Don Juan Navarrete y Guerrero, Patronado de la Costa de Hillo, I.A. P.; Estancia y guarder\u00eda para adultos mayores \u201cMyeles\u201d, Casa Hogar Los Olivos, I.A.P. y Centro de Desarrollo del Adulto Mayor Villa Para\u00edso.<\/p>\n<p>&nbsp;<\/p>\n<p>&nbsp;<\/p>\n<p>(PUBLICADO EL 30\/07\/2020)<\/p>\n","protected":false},"excerpt":{"rendered":"<p>HERMOSILLO, SONORA. MX. \u2014\u00a0 Cerca de 350 adultos mayores que son asistidos en 18 albergues&#8230;<\/p>\n","protected":false},"author":1,"featured_media":0,"comment_status":"open","ping_status":"open","sticky":false,"template":"","format":"standard","meta":{"_monsterinsights_skip_tracking":false,"_monsterinsights_sitenote_active":false,"_monsterinsights_sitenote_note":"","_monsterinsights_sitenote_category":0,"footnotes":""},"categories":[22],"tags":[],"class_list":["post"],"yoast_head":" \n<title>Sonora en Equipo. Lleva DIF Sonora alimento a m\u00e1s de 350 adultos mayores Sonora<\/title>\n<meta name=\"description\" content=\"HERMOSILLO, SONORA. MX. \u2014\u00a0 Cerca de 350 adultos mayores que son asistidos en 18 albergues y Centros de Asistencia Social recibieron de parte de DIF Sonora En Sonora en Equipo publicamos toda la informaci\u00f3n de Sonora, M\u00e9xico y el Mundo de manera oportuna y busca que la libertad de expresi\u00f3n sea real. Visita nuestro medio informativo publicado desde Hermosillo, Sonora. %\" \/>\n<meta name=\"robots\" content=\"index, follow, max-snippet:-1, max-image-preview:large, max-video-preview:-1\" \/>\n<link rel=\"canonical\" href=\"https:\/\/www.sonoraenequipo.com.mx\/lleva-dif-sonora-alimento-a-mas-de-350-adultos-mayores\/\" \/>\n<meta property=\"og:locale\" content=\"es_ES\" \/>\n<meta property=\"og:type\" content=\"article\" \/>\n<meta property=\"og:title\" content=\"Sonora en Equipo. Lleva DIF Sonora alimento a m\u00e1s de 350 adultos mayores Sonora\" \/>\n<meta property=\"og:description\" content=\"HERMOSILLO, SONORA. MX. \u2014\u00a0 Cerca de 350 adultos mayores que son asistidos en 18 albergues y Centros de Asistencia Social recibieron de parte de DIF Sonora En Sonora en Equipo publicamos toda la informaci\u00f3n de Sonora, M\u00e9xico y el Mundo de manera oportuna y busca que la libertad de expresi\u00f3n sea real. Visita nuestro medio informativo publicado desde Hermosillo, Sonora. %\" \/>\n<meta property=\"og:url\" content=\"https:\/\/www.sonoraenequipo.com.mx\/lleva-dif-sonora-alimento-a-mas-de-350-adultos-mayores\/\" \/>\n<meta property=\"og:site_name\" content=\"Sonora en Equipo.\" \/>\n<meta property=\"article:publisher\" content=\"https:\/\/www.facebook.com\/SonoraEE\/\" \/>\n<meta property=\"article:author\" content=\"https:\/\/www.facebook.com\/SonoraEE\" \/>\n<meta property=\"article:published_time\" content=\"2020-07-30T20:45:01+00:00\" \/>\n<meta property=\"article:modified_time\" content=\"2020-07-31T02:00:31+00:00\" \/>\n<meta property=\"og:image\" content=\"https:\/\/sonmx.mx\/storage\/2020\/07\/dif-sonora-3_opt.jpg\" \/>\n<meta name=\"author\" content=\"enequipo\" \/>\n<meta name=\"twitter:card\" content=\"summary_large_image\" \/>\n<meta name=\"twitter:creator\" content=\"@sonoraenequipo\" \/>\n<meta name=\"twitter:site\" content=\"@sonoraenequipo\" \/>\n<meta name=\"twitter:label1\" content=\"Escrito por\" \/>\n\t<meta name=\"twitter:data1\" content=\"enequipo\" \/>\n\t<meta name=\"twitter:label2\" content=\"Tiempo de lectura\" \/>\n\t<meta name=\"twitter:data2\" content=\"2 minutos\" \/>\n<script type=\"application\/ld+json\" class=\"yoast-schema-graph\">{\"@context\":\"https:\/\/schema.org\",\"@graph\":[{\"@type\":\"Article\",\"@id\":\"https:\/\/www.sonoraenequipo.com.mx\/lleva-dif-sonora-alimento-a-mas-de-350-adultos-mayores\/#article\",\"isPartOf\":{\"@id\":\"https:\/\/www.sonoraenequipo.com.mx\/lleva-dif-sonora-alimento-a-mas-de-350-adultos-mayores\/\"},\"author\":{\"name\":\"enequipo\",\"@id\":\"https:\/\/www.sonoraenequipo.com.mx\/#\/schema\/person\/50102df0fb23a8fa9e8effad8fa81386\"},\"headline\":\"Lleva DIF Sonora alimento a m\u00e1s de 350 adultos mayores\",\"datePublished\":\"2020-07-30T20:45:01+00:00\",\"dateModified\":\"2020-07-31T02:00:31+00:00\",\"mainEntityOfPage\":{\"@id\":\"https:\/\/www.sonoraenequipo.com.mx\/lleva-dif-sonora-alimento-a-mas-de-350-adultos-mayores\/\"},\"wordCount\":491,\"commentCount\":0,\"publisher\":{\"@id\":\"https:\/\/www.sonoraenequipo.com.mx\/#organization\"},\"image\":{\"@id\":\"https:\/\/www.sonoraenequipo.com.mx\/lleva-dif-sonora-alimento-a-mas-de-350-adultos-mayores\/#primaryimage\"},\"thumbnailUrl\":\"https:\/\/sonmx.mx\/storage\/2020\/07\/dif-sonora-3_opt.jpg\",\"articleSection\":[\"Sonora\"],\"inLanguage\":\"es\",\"potentialAction\":[{\"@type\":\"CommentAction\",\"name\":\"Comment\",\"target\":[\"https:\/\/www.sonoraenequipo.com.mx\/lleva-dif-sonora-alimento-a-mas-de-350-adultos-mayores\/#respond\"]}]},{\"@type\":\"WebPage\",\"@id\":\"https:\/\/www.sonoraenequipo.com.mx\/lleva-dif-sonora-alimento-a-mas-de-350-adultos-mayores\/\",\"url\":\"https:\/\/www.sonoraenequipo.com.mx\/lleva-dif-sonora-alimento-a-mas-de-350-adultos-mayores\/\",\"name\":\"Sonora en Equipo. Lleva DIF Sonora alimento a m\u00e1s de 350 adultos mayores Sonora\",\"isPartOf\":{\"@id\":\"https:\/\/www.sonoraenequipo.com.mx\/#website\"},\"primaryImageOfPage\":{\"@id\":\"https:\/\/www.sonoraenequipo.com.mx\/lleva-dif-sonora-alimento-a-mas-de-350-adultos-mayores\/#primaryimage\"},\"image\":{\"@id\":\"https:\/\/www.sonoraenequipo.com.mx\/lleva-dif-sonora-alimento-a-mas-de-350-adultos-mayores\/#primaryimage\"},\"thumbnailUrl\":\"https:\/\/sonmx.mx\/storage\/2020\/07\/dif-sonora-3_opt.jpg\",\"datePublished\":\"2020-07-30T20:45:01+00:00\",\"dateModified\":\"2020-07-31T02:00:31+00:00\",\"description\":\"HERMOSILLO, SONORA. MX. \u2014\u00a0 Cerca de 350 adultos mayores que son asistidos en 18 albergues y Centros de Asistencia Social recibieron de parte de DIF Sonora En Sonora en Equipo publicamos toda la informaci\u00f3n de Sonora, M\u00e9xico y el Mundo de manera oportuna y busca que la libertad de expresi\u00f3n sea real. Visita nuestro medio informativo publicado desde Hermosillo, Sonora. %\",\"breadcrumb\":{\"@id\":\"https:\/\/www.sonoraenequipo.com.mx\/lleva-dif-sonora-alimento-a-mas-de-350-adultos-mayores\/#breadcrumb\"},\"inLanguage\":\"es\",\"potentialAction\":[{\"@type\":\"ReadAction\",\"target\":[\"https:\/\/www.sonoraenequipo.com.mx\/lleva-dif-sonora-alimento-a-mas-de-350-adultos-mayores\/\"]}]},{\"@type\":\"ImageObject\",\"inLanguage\":\"es\",\"@id\":\"https:\/\/www.sonoraenequipo.com.mx\/lleva-dif-sonora-alimento-a-mas-de-350-adultos-mayores\/#primaryimage\",\"url\":\"https:\/\/sonmx.mx\/storage\/2020\/07\/dif-sonora-3_opt.jpg\",\"contentUrl\":\"https:\/\/sonmx.mx\/storage\/2020\/07\/dif-sonora-3_opt.jpg\"},{\"@type\":\"BreadcrumbList\",\"@id\":\"https:\/\/www.sonoraenequipo.com.mx\/lleva-dif-sonora-alimento-a-mas-de-350-adultos-mayores\/#breadcrumb\",\"itemListElement\":[{\"@type\":\"ListItem\",\"position\":1,\"name\":\"Portada\",\"item\":\"https:\/\/www.sonoraenequipo.com.mx\/\"},{\"@type\":\"ListItem\",\"position\":2,\"name\":\"Lleva DIF Sonora alimento a m\u00e1s de 350 adultos mayores\"}]},{\"@type\":\"WebSite\",\"@id\":\"https:\/\/www.sonoraenequipo.com.mx\/#website\",\"url\":\"https:\/\/www.sonoraenequipo.com.mx\/\",\"name\":\"Sonora en Equipo.\",\"description\":\"Diario en l\u00ednea con Noticias desde Hermosillo, Sonora\",\"publisher\":{\"@id\":\"https:\/\/www.sonoraenequipo.com.mx\/#organization\"},\"potentialAction\":[{\"@type\":\"SearchAction\",\"target\":{\"@type\":\"EntryPoint\",\"urlTemplate\":\"https:\/\/www.sonoraenequipo.com.mx\/?s={search_term_string}\"},\"query-input\":{\"@type\":\"PropertyValueSpecification\",\"valueRequired\":true,\"valueName\":\"search_term_string\"}}],\"inLanguage\":\"es\"},{\"@type\":\"Organization\",\"@id\":\"https:\/\/www.sonoraenequipo.com.mx\/#organization\",\"name\":\"Sonoraenequipo.com.mx\",\"url\":\"https:\/\/www.sonoraenequipo.com.mx\/\",\"logo\":{\"@type\":\"ImageObject\",\"inLanguage\":\"es\",\"@id\":\"https:\/\/www.sonoraenequipo.com.mx\/#\/schema\/logo\/image\/\",\"url\":\"https:\/\/www.sonoraenequipo.com.mx\/storage\/2019\/01\/sonoraenequipo_opt.png\",\"contentUrl\":\"https:\/\/www.sonoraenequipo.com.mx\/storage\/2019\/01\/sonoraenequipo_opt.png\",\"width\":375,\"height\":125,\"caption\":\"Sonoraenequipo.com.mx\"},\"image\":{\"@id\":\"https:\/\/www.sonoraenequipo.com.mx\/#\/schema\/logo\/image\/\"},\"sameAs\":[\"https:\/\/www.facebook.com\/SonoraEE\/\",\"https:\/\/x.com\/sonoraenequipo\",\"https:\/\/www.youtube.com\/channel\/UC338nW-lPEYmJQs4ZABQ1SQ\"]},{\"@type\":\"Person\",\"@id\":\"https:\/\/www.sonoraenequipo.com.mx\/#\/schema\/person\/50102df0fb23a8fa9e8effad8fa81386\",\"name\":\"enequipo\",\"image\":{\"@type\":\"ImageObject\",\"inLanguage\":\"es\",\"@id\":\"https:\/\/www.sonoraenequipo.com.mx\/#\/schema\/person\/image\/\",\"url\":\"https:\/\/secure.gravatar.com\/avatar\/049821681b589dabc0bc20695993ccebb09f5b5d4d790cd9251b97faac7c652b?s=96&d=blank&r=g\",\"contentUrl\":\"https:\/\/secure.gravatar.com\/avatar\/049821681b589dabc0bc20695993ccebb09f5b5d4d790cd9251b97faac7c652b?s=96&d=blank&r=g\",\"caption\":\"enequipo\"},\"sameAs\":[\"https:\/\/www.facebook.com\/SonoraEE\"]}]}<\/script>\n ","yoast_head_json":{"title":"Sonora en Equipo. Lleva DIF Sonora alimento a m\u00e1s de 350 adultos mayores Sonora","description":"HERMOSILLO, SONORA. MX. \u2014\u00a0 Cerca de 350 adultos mayores que son asistidos en 18 albergues y Centros de Asistencia Social recibieron de parte de DIF Sonora En Sonora en Equipo publicamos toda la informaci\u00f3n de Sonora, M\u00e9xico y el Mundo de manera oportuna y busca que la libertad de expresi\u00f3n sea real. Visita nuestro medio informativo publicado desde Hermosillo, Sonora. %","robots":{"index":"index","follow":"follow","max-snippet":"max-snippet:-1","max-image-preview":"max-image-preview:large","max-video-preview":"max-video-preview:-1"},"canonical":"https:\/\/www.sonoraenequipo.com.mx\/lleva-dif-sonora-alimento-a-mas-de-350-adultos-mayores\/","og_locale":"es_ES","og_type":"article","og_title":"Sonora en Equipo. Lleva DIF Sonora alimento a m\u00e1s de 350 adultos mayores Sonora","og_description":"HERMOSILLO, SONORA. MX. \u2014\u00a0 Cerca de 350 adultos mayores que son asistidos en 18 albergues y Centros de Asistencia Social recibieron de parte de DIF Sonora En Sonora en Equipo publicamos toda la informaci\u00f3n de Sonora, M\u00e9xico y el Mundo de manera oportuna y busca que la libertad de expresi\u00f3n sea real. Visita nuestro medio informativo publicado desde Hermosillo, Sonora. %","og_url":"https:\/\/www.sonoraenequipo.com.mx\/lleva-dif-sonora-alimento-a-mas-de-350-adultos-mayores\/","og_site_name":"Sonora en Equipo.","article_publisher":"https:\/\/www.facebook.com\/SonoraEE\/","article_author":"https:\/\/www.facebook.com\/SonoraEE","article_published_time":"2020-07-30T20:45:01+00:00","article_modified_time":"2020-07-31T02:00:31+00:00","og_image":[{"url":"https:\/\/sonmx.mx\/storage\/2020\/07\/dif-sonora-3_opt.jpg","type":"","width":"","height":""}],"author":"enequipo","twitter_card":"summary_large_image","twitter_creator":"@sonoraenequipo","twitter_site":"@sonoraenequipo","twitter_misc":{"Escrito por":"enequipo","Tiempo de lectura":"2 minutos"},"schema":{"@context":"https:\/\/schema.org","@graph":[{"@type":"Article","@id":"https:\/\/www.sonoraenequipo.com.mx\/lleva-dif-sonora-alimento-a-mas-de-350-adultos-mayores\/#article","isPartOf":{"@id":"https:\/\/www.sonoraenequipo.com.mx\/lleva-dif-sonora-alimento-a-mas-de-350-adultos-mayores\/"},"author":{"name":"enequipo","@id":"https:\/\/www.sonoraenequipo.com.mx\/#\/schema\/person\/50102df0fb23a8fa9e8effad8fa81386"},"headline":"Lleva DIF Sonora alimento a m\u00e1s de 350 adultos mayores","datePublished":"2020-07-30T20:45:01+00:00","dateModified":"2020-07-31T02:00:31+00:00","mainEntityOfPage":{"@id":"https:\/\/www.sonoraenequipo.com.mx\/lleva-dif-sonora-alimento-a-mas-de-350-adultos-mayores\/"},"wordCount":491,"commentCount":0,"publisher":{"@id":"https:\/\/www.sonoraenequipo.com.mx\/#organization"},"image":{"@id":"https:\/\/www.sonoraenequipo.com.mx\/lleva-dif-sonora-alimento-a-mas-de-350-adultos-mayores\/#primaryimage"},"thumbnailUrl":"https:\/\/sonmx.mx\/storage\/2020\/07\/dif-sonora-3_opt.jpg","articleSection":["Sonora"],"inLanguage":"es","potentialAction":[{"@type":"CommentAction","name":"Comment","target":["https:\/\/www.sonoraenequipo.com.mx\/lleva-dif-sonora-alimento-a-mas-de-350-adultos-mayores\/#respond"]}]},{"@type":"WebPage","@id":"https:\/\/www.sonoraenequipo.com.mx\/lleva-dif-sonora-alimento-a-mas-de-350-adultos-mayores\/","url":"https:\/\/www.sonoraenequipo.com.mx\/lleva-dif-sonora-alimento-a-mas-de-350-adultos-mayores\/","name":"Sonora en Equipo. Lleva DIF Sonora alimento a m\u00e1s de 350 adultos mayores Sonora","isPartOf":{"@id":"https:\/\/www.sonoraenequipo.com.mx\/#website"},"primaryImageOfPage":{"@id":"https:\/\/www.sonoraenequipo.com.mx\/lleva-dif-sonora-alimento-a-mas-de-350-adultos-mayores\/#primaryimage"},"image":{"@id":"https:\/\/www.sonoraenequipo.com.mx\/lleva-dif-sonora-alimento-a-mas-de-350-adultos-mayores\/#primaryimage"},"thumbnailUrl":"https:\/\/sonmx.mx\/storage\/2020\/07\/dif-sonora-3_opt.jpg","datePublished":"2020-07-30T20:45:01+00:00","dateModified":"2020-07-31T02:00:31+00:00","description":"HERMOSILLO, SONORA. MX. \u2014\u00a0 Cerca de 350 adultos mayores que son asistidos en 18 albergues y Centros de Asistencia Social recibieron de parte de DIF Sonora En Sonora en Equipo publicamos toda la informaci\u00f3n de Sonora, M\u00e9xico y el Mundo de manera oportuna y busca que la libertad de expresi\u00f3n sea real. Visita nuestro medio informativo publicado desde Hermosillo, Sonora. %","breadcrumb":{"@id":"https:\/\/www.sonoraenequipo.com.mx\/lleva-dif-sonora-alimento-a-mas-de-350-adultos-mayores\/#breadcrumb"},"inLanguage":"es","potentialAction":[{"@type":"ReadAction","target":["https:\/\/www.sonoraenequipo.com.mx\/lleva-dif-sonora-alimento-a-mas-de-350-adultos-mayores\/"]}]},{"@type":"ImageObject","inLanguage":"es","@id":"https:\/\/www.sonoraenequipo.com.mx\/lleva-dif-sonora-alimento-a-mas-de-350-adultos-mayores\/#primaryimage","url":"https:\/\/sonmx.mx\/storage\/2020\/07\/dif-sonora-3_opt.jpg","contentUrl":"https:\/\/sonmx.mx\/storage\/2020\/07\/dif-sonora-3_opt.jpg"},{"@type":"BreadcrumbList","@id":"https:\/\/www.sonoraenequipo.com.mx\/lleva-dif-sonora-alimento-a-mas-de-350-adultos-mayores\/#breadcrumb","itemListElement":[{"@type":"ListItem","position":1,"name":"Portada","item":"https:\/\/www.sonoraenequipo.com.mx\/"},{"@type":"ListItem","position":2,"name":"Lleva DIF Sonora alimento a m\u00e1s de 350 adultos mayores"}]},{"@type":"WebSite","@id":"https:\/\/www.sonoraenequipo.com.mx\/#website","url":"https:\/\/www.sonoraenequipo.com.mx\/","name":"Sonora en Equipo.","description":"Diario en l\u00ednea con Noticias desde Hermosillo, Sonora","publisher":{"@id":"https:\/\/www.sonoraenequipo.com.mx\/#organization"},"potentialAction":[{"@type":"SearchAction","target":{"@type":"EntryPoint","urlTemplate":"https:\/\/www.sonoraenequipo.com.mx\/?s={search_term_string}"},"query-input":{"@type":"PropertyValueSpecification","valueRequired":true,"valueName":"search_term_string"}}],"inLanguage":"es"},{"@type":"Organization","@id":"https:\/\/www.sonoraenequipo.com.mx\/#organization","name":"Sonoraenequipo.com.mx","url":"https:\/\/www.sonoraenequipo.com.mx\/","logo":{"@type":"ImageObject","inLanguage":"es","@id":"https:\/\/www.sonoraenequipo.com.mx\/#\/schema\/logo\/image\/","url":"https:\/\/www.sonoraenequipo.com.mx\/storage\/2019\/01\/sonoraenequipo_opt.png","contentUrl":"https:\/\/www.sonoraenequipo.com.mx\/storage\/2019\/01\/sonoraenequipo_opt.png","width":375,"height":125,"caption":"Sonoraenequipo.com.mx"},"image":{"@id":"https:\/\/www.sonoraenequipo.com.mx\/#\/schema\/logo\/image\/"},"sameAs":["https:\/\/www.facebook.com\/SonoraEE\/","https:\/\/x.com\/sonoraenequipo","https:\/\/www.youtube.com\/channel\/UC338nW-lPEYmJQs4ZABQ1SQ"]},{"@type":"Person","@id":"https:\/\/www.sonoraenequipo.com.mx\/#\/schema\/person\/50102df0fb23a8fa9e8effad8fa81386","name":"enequipo","image":{"@type":"ImageObject","inLanguage":"es","@id":"https:\/\/www.sonoraenequipo.com.mx\/#\/schema\/person\/image\/","url":"https:\/\/secure.gravatar.com\/avatar\/049821681b589dabc0bc20695993ccebb09f5b5d4d790cd9251b97faac7c652b?s=96&d=blank&r=g","contentUrl":"https:\/\/secure.gravatar.com\/avatar\/049821681b589dabc0bc20695993ccebb09f5b5d4d790cd9251b97faac7c652b?s=96&d=blank&r=g","caption":"enequipo"},"sameAs":["https:\/\/www.facebook.com\/SonoraEE"]}]}},"jetpack_featured_media_url":"","_links":{"self":[{"href":"https:\/\/www.sonoraenequipo.com.mx\/api\/wp\/v2\/posts\/91228","targetHints":{"allow":["GET"]}}],"collection":[{"href":"https:\/\/www.sonoraenequipo.com.mx\/api\/wp\/v2\/posts"}],"about":[{"href":"https:\/\/www.sonoraenequipo.com.mx\/api\/wp\/v2\/types\/post"}],"author":[{"embeddable":true,"href":"https:\/\/www.sonoraenequipo.com.mx\/api\/wp\/v2\/users\/1"}],"replies":[{"embeddable":true,"href":"https:\/\/www.sonoraenequipo.com.mx\/api\/wp\/v2\/comments?post=91228"}],"version-history":[{"count":0,"href":"https:\/\/www.sonoraenequipo.com.mx\/api\/wp\/v2\/posts\/91228\/revisions"}],"wp:attachment":[{"href":"https:\/\/www.sonoraenequipo.com.mx\/api\/wp\/v2\/media?parent=91228"}],"wp:term":[{"taxonomy":"category","embeddable":true,"href":"https:\/\/www.sonoraenequipo.com.mx\/api\/wp\/v2\/categories?post=91228"},{"taxonomy":"post_tag","embeddable":true,"href":"https:\/\/www.sonoraenequipo.com.mx\/api\/wp\/v2\/tags?post=91228"}],"curies":[{"name":"wp","href":"https:\/\/api.w.org\/{rel}","templated":true}]}}