{"id":93311,"date":"2020-08-23T07:00:46","date_gmt":"2020-08-23T14:00:46","guid":{"rendered":"https:\/\/www.sonoraenequipo.com.mx\/?p=93311"},"modified":"2020-08-23T10:00:44","modified_gmt":"2020-08-23T17:00:44","slug":"revelan-lista-de-36-periodistas-con-contratos-con-gobierno-de-epn","status":"publish","type":"post","link":"https:\/\/www.sonoraenequipo.com.mx\/revelan-lista-de-36-periodistas-con-contratos-con-gobierno-de-epn\/","title":{"rendered":"Revelan lista de 36 periodistas con contratos con gobierno de EPN"},"content":{"rendered":"<p>CIUDAD DE M\u00c9XICO.MX. \u2014\u00a0 La Presidencia de la Rep\u00fablica divulg\u00f3 una lista de 36 periodistas y sus empresas que recibieron contratos durante la administraci\u00f3n de Enrique Pe\u00f1a Nieto por un monto total de mil 81 millones 715 mil 991 pesos por publicidad y gastos de comunicaci\u00f3n.<\/p>\n<p> <\/p>\n<p>La lista se\u00f1ala el nombre del comunicador, la raz\u00f3n social a la cual se factur\u00f3 y el monto pagado de 2013 a 2018.<\/p>\n<p>Seg\u00fan la lista quien m\u00e1s recursos recibi\u00f3 fue <strong>Joaqu\u00edn L\u00f3pez D\u00f3riga<\/strong> y a trav\u00e9s de cuatro empresas recibi\u00f3 251 millones 482 mil. Las empresas contratadas fueron<strong> Ankla Comunicaci\u00f3n, Astron Publicidad, Plataforma Digital Joaqu\u00edn L\u00f3pez D\u00f3riga y Premium Digital Group.<\/strong><\/p>\n<p>El siguiente en la lista es<strong> Federico Arreola<\/strong> cuya empresa <strong>Peri\u00f3dico Digital Sendero<\/strong> obtuvo en total 153 millones 578 mil 253 pesos, 151 millones 897 mil 653 por publicidad y 1 mill\u00f3n 680 mil 600 por otros servicios.<\/p>\n<p>En el documento difundido por la Presidencia es inclu\u00eddo el historiador<strong> Enrique Krauze<\/strong>, quien es ubicado como periodista. Se le adjudica haber recibido 144 millones 80 mil 995 pesos para <strong>la revista Letras Libres,<\/strong> 87 millones 402 mil 316 pesos por publicidad para<strong> Editorial Cl\u00edo<\/strong> y 56 millones 678 mil 678 por otros servicios. Aunque los trabajos realizados en los dos \u00faltimos casos se refieren a la producci\u00f3n de documentales y programas para medios electr\u00f3nicos.<\/p>\n<p>En la lista tambi\u00e9n aparece<strong> \u00d3scar Mario Beteta<\/strong>, con 74 millones 571 mil 100 pesos; <strong>Beatriz Pag\u00e9s,<\/strong> con 57 millones 204 mil 346 pesos; <strong>Callo de Hacha<\/strong>, con 47 millones 389 mil 112 pesos; <strong>Raymundo Riva Palacio<\/strong> con 31 millones 138 mil 703 pesos. En este caso, el periodista aclar\u00f3 a que se trata de una sociedad de 22 miembros de la que \u00e9l es representante legal y que de la suma por concepto de publicidad se pagaron impuestos.<\/p>\n<p><strong>Ricardo Alem\u00e1n<\/strong> con 25 millones 851 mil 109 pesos y <strong>Adela Micha<\/strong> con 24 millones 365 mil 501 pesos.<\/p>\n<p>La Presidencia entreg\u00f3 las cifras desglosadas por a\u00f1o de 2013 a 2018, aunque aclar\u00f3 que las del \u00faltimo a\u00f1o son preliminares.<\/p>\n<p>Otros periodistas cuyas empresas recibieron dinero son<strong> Luis Soto <\/strong>con 23 millones 631 mil 357;<strong> Pablo Hiriart, <\/strong>con 22 millones 149 mil 942 pesos;<strong> Jorge Fern\u00e1ndez Men\u00e9ndez <\/strong>con 19 millones 776 mil 381 pesos;<strong> Rafael Cardona, <\/strong>con 15 millones 814 mil 265; <strong>Roberto Rock <\/strong>con 15 millones 819 mil 516 pesos o <strong>Francisco Garc\u00eda Davish <\/strong>con 14 millones 369 mil 481.<\/p>\n<p>En el listado revelado est\u00e1n, adem\u00e1s, <strong>Eunice Ortega <\/strong>por 10 millones 607 mil pesos; <strong>Maru Rojas, <\/strong>con 9 millones 554 mil 903 pesos; <strong>Guillermo Ochoa <\/strong>con 8 millones 178 mil;<strong> Francisco C\u00e1rdenas <\/strong>con 7 millones 853 mil 293; <strong>el portal Animal Pol\u00edtico <\/strong>con 7 millones 753 mil; <strong>Eduardo Ruiz Healy <\/strong>con 4 millones 242 mil; <strong>y Nino Can\u00fan <\/strong>con 1 mill\u00f3n 636 mil pesos.<\/p>\n<p>(PUBLICADO EL 22\/08\/2020\/REFORMA)<\/p>\n","protected":false},"excerpt":{"rendered":"<p>CIUDAD DE M\u00c9XICO.MX. \u2014\u00a0 La Presidencia de la Rep\u00fablica divulg\u00f3 una lista de 36 periodistas&#8230;<\/p>\n","protected":false},"author":1,"featured_media":93292,"comment_status":"open","ping_status":"open","sticky":false,"template":"","format":"standard","meta":{"_monsterinsights_skip_tracking":false,"_monsterinsights_sitenote_active":false,"_monsterinsights_sitenote_note":"","_monsterinsights_sitenote_category":0,"footnotes":""},"categories":[5],"tags":[],"class_list":["post"],"yoast_head":" \n<title>Sonora en Equipo. Revelan lista de 36 periodistas con contratos con gobierno de EPN Rep\u00fablica<\/title>\n<meta name=\"description\" content=\"CIUDAD DE M\u00c9XICO.MX. \u2014\u00a0 La Presidencia de la Rep\u00fablica divulg\u00f3 una lista de 36 periodistas y sus empresas que recibieron contratos durante la En Sonora en Equipo publicamos toda la informaci\u00f3n de Sonora, M\u00e9xico y el Mundo de manera oportuna y busca que la libertad de expresi\u00f3n sea real. Visita nuestro medio informativo publicado desde Hermosillo, Sonora. %\" \/>\n<meta name=\"robots\" content=\"index, follow, max-snippet:-1, max-image-preview:large, max-video-preview:-1\" \/>\n<link rel=\"canonical\" href=\"https:\/\/www.sonoraenequipo.com.mx\/revelan-lista-de-36-periodistas-con-contratos-con-gobierno-de-epn\/\" \/>\n<meta property=\"og:locale\" content=\"es_ES\" \/>\n<meta property=\"og:type\" content=\"article\" \/>\n<meta property=\"og:title\" content=\"Sonora en Equipo. Revelan lista de 36 periodistas con contratos con gobierno de EPN Rep\u00fablica\" \/>\n<meta property=\"og:description\" content=\"CIUDAD DE M\u00c9XICO.MX. \u2014\u00a0 La Presidencia de la Rep\u00fablica divulg\u00f3 una lista de 36 periodistas y sus empresas que recibieron contratos durante la En Sonora en Equipo publicamos toda la informaci\u00f3n de Sonora, M\u00e9xico y el Mundo de manera oportuna y busca que la libertad de expresi\u00f3n sea real. Visita nuestro medio informativo publicado desde Hermosillo, Sonora. %\" \/>\n<meta property=\"og:url\" content=\"https:\/\/www.sonoraenequipo.com.mx\/revelan-lista-de-36-periodistas-con-contratos-con-gobierno-de-epn\/\" \/>\n<meta property=\"og:site_name\" content=\"Sonora en Equipo.\" \/>\n<meta property=\"article:publisher\" content=\"https:\/\/www.facebook.com\/SonoraEE\/\" \/>\n<meta property=\"article:author\" content=\"https:\/\/www.facebook.com\/SonoraEE\" \/>\n<meta property=\"article:published_time\" content=\"2020-08-23T14:00:46+00:00\" \/>\n<meta property=\"article:modified_time\" content=\"2020-08-23T17:00:44+00:00\" \/>\n<meta property=\"og:image\" content=\"https:\/\/www.sonoraenequipo.com.mx\/storage\/2020\/08\/periodismo_opt.jpg\" \/>\n\t<meta property=\"og:image:width\" content=\"711\" \/>\n\t<meta property=\"og:image:height\" content=\"400\" \/>\n\t<meta property=\"og:image:type\" content=\"image\/jpeg\" \/>\n<meta name=\"author\" content=\"enequipo\" \/>\n<meta name=\"twitter:card\" content=\"summary_large_image\" \/>\n<meta name=\"twitter:creator\" content=\"@sonoraenequipo\" \/>\n<meta name=\"twitter:site\" content=\"@sonoraenequipo\" \/>\n<meta name=\"twitter:label1\" content=\"Escrito por\" \/>\n\t<meta name=\"twitter:data1\" content=\"enequipo\" \/>\n\t<meta name=\"twitter:label2\" content=\"Tiempo de lectura\" \/>\n\t<meta name=\"twitter:data2\" content=\"2 minutos\" \/>\n<script type=\"application\/ld+json\" class=\"yoast-schema-graph\">{\"@context\":\"https:\/\/schema.org\",\"@graph\":[{\"@type\":\"Article\",\"@id\":\"https:\/\/www.sonoraenequipo.com.mx\/revelan-lista-de-36-periodistas-con-contratos-con-gobierno-de-epn\/#article\",\"isPartOf\":{\"@id\":\"https:\/\/www.sonoraenequipo.com.mx\/revelan-lista-de-36-periodistas-con-contratos-con-gobierno-de-epn\/\"},\"author\":{\"name\":\"enequipo\",\"@id\":\"https:\/\/www.sonoraenequipo.com.mx\/#\/schema\/person\/50102df0fb23a8fa9e8effad8fa81386\"},\"headline\":\"Revelan lista de 36 periodistas con contratos con gobierno de EPN\",\"datePublished\":\"2020-08-23T14:00:46+00:00\",\"dateModified\":\"2020-08-23T17:00:44+00:00\",\"mainEntityOfPage\":{\"@id\":\"https:\/\/www.sonoraenequipo.com.mx\/revelan-lista-de-36-periodistas-con-contratos-con-gobierno-de-epn\/\"},\"wordCount\":434,\"commentCount\":0,\"publisher\":{\"@id\":\"https:\/\/www.sonoraenequipo.com.mx\/#organization\"},\"image\":{\"@id\":\"https:\/\/www.sonoraenequipo.com.mx\/revelan-lista-de-36-periodistas-con-contratos-con-gobierno-de-epn\/#primaryimage\"},\"thumbnailUrl\":\"https:\/\/www.sonoraenequipo.com.mx\/storage\/2020\/08\/periodismo_opt.jpg\",\"articleSection\":[\"Rep\u00fablica\"],\"inLanguage\":\"es\",\"potentialAction\":[{\"@type\":\"CommentAction\",\"name\":\"Comment\",\"target\":[\"https:\/\/www.sonoraenequipo.com.mx\/revelan-lista-de-36-periodistas-con-contratos-con-gobierno-de-epn\/#respond\"]}]},{\"@type\":\"WebPage\",\"@id\":\"https:\/\/www.sonoraenequipo.com.mx\/revelan-lista-de-36-periodistas-con-contratos-con-gobierno-de-epn\/\",\"url\":\"https:\/\/www.sonoraenequipo.com.mx\/revelan-lista-de-36-periodistas-con-contratos-con-gobierno-de-epn\/\",\"name\":\"Sonora en Equipo. Revelan lista de 36 periodistas con contratos con gobierno de EPN Rep\u00fablica\",\"isPartOf\":{\"@id\":\"https:\/\/www.sonoraenequipo.com.mx\/#website\"},\"primaryImageOfPage\":{\"@id\":\"https:\/\/www.sonoraenequipo.com.mx\/revelan-lista-de-36-periodistas-con-contratos-con-gobierno-de-epn\/#primaryimage\"},\"image\":{\"@id\":\"https:\/\/www.sonoraenequipo.com.mx\/revelan-lista-de-36-periodistas-con-contratos-con-gobierno-de-epn\/#primaryimage\"},\"thumbnailUrl\":\"https:\/\/www.sonoraenequipo.com.mx\/storage\/2020\/08\/periodismo_opt.jpg\",\"datePublished\":\"2020-08-23T14:00:46+00:00\",\"dateModified\":\"2020-08-23T17:00:44+00:00\",\"description\":\"CIUDAD DE M\u00c9XICO.MX. \u2014\u00a0 La Presidencia de la Rep\u00fablica divulg\u00f3 una lista de 36 periodistas y sus empresas que recibieron contratos durante la En Sonora en Equipo publicamos toda la informaci\u00f3n de Sonora, M\u00e9xico y el Mundo de manera oportuna y busca que la libertad de expresi\u00f3n sea real. Visita nuestro medio informativo publicado desde Hermosillo, Sonora. %\",\"breadcrumb\":{\"@id\":\"https:\/\/www.sonoraenequipo.com.mx\/revelan-lista-de-36-periodistas-con-contratos-con-gobierno-de-epn\/#breadcrumb\"},\"inLanguage\":\"es\",\"potentialAction\":[{\"@type\":\"ReadAction\",\"target\":[\"https:\/\/www.sonoraenequipo.com.mx\/revelan-lista-de-36-periodistas-con-contratos-con-gobierno-de-epn\/\"]}]},{\"@type\":\"ImageObject\",\"inLanguage\":\"es\",\"@id\":\"https:\/\/www.sonoraenequipo.com.mx\/revelan-lista-de-36-periodistas-con-contratos-con-gobierno-de-epn\/#primaryimage\",\"url\":\"https:\/\/www.sonoraenequipo.com.mx\/storage\/2020\/08\/periodismo_opt.jpg\",\"contentUrl\":\"https:\/\/www.sonoraenequipo.com.mx\/storage\/2020\/08\/periodismo_opt.jpg\",\"width\":711,\"height\":400},{\"@type\":\"BreadcrumbList\",\"@id\":\"https:\/\/www.sonoraenequipo.com.mx\/revelan-lista-de-36-periodistas-con-contratos-con-gobierno-de-epn\/#breadcrumb\",\"itemListElement\":[{\"@type\":\"ListItem\",\"position\":1,\"name\":\"Portada\",\"item\":\"https:\/\/www.sonoraenequipo.com.mx\/\"},{\"@type\":\"ListItem\",\"position\":2,\"name\":\"Revelan lista de 36 periodistas con contratos con gobierno de EPN\"}]},{\"@type\":\"WebSite\",\"@id\":\"https:\/\/www.sonoraenequipo.com.mx\/#website\",\"url\":\"https:\/\/www.sonoraenequipo.com.mx\/\",\"name\":\"Sonora en Equipo.\",\"description\":\"Diario en l\u00ednea con Noticias desde Hermosillo, Sonora\",\"publisher\":{\"@id\":\"https:\/\/www.sonoraenequipo.com.mx\/#organization\"},\"potentialAction\":[{\"@type\":\"SearchAction\",\"target\":{\"@type\":\"EntryPoint\",\"urlTemplate\":\"https:\/\/www.sonoraenequipo.com.mx\/?s={search_term_string}\"},\"query-input\":{\"@type\":\"PropertyValueSpecification\",\"valueRequired\":true,\"valueName\":\"search_term_string\"}}],\"inLanguage\":\"es\"},{\"@type\":\"Organization\",\"@id\":\"https:\/\/www.sonoraenequipo.com.mx\/#organization\",\"name\":\"Sonoraenequipo.com.mx\",\"url\":\"https:\/\/www.sonoraenequipo.com.mx\/\",\"logo\":{\"@type\":\"ImageObject\",\"inLanguage\":\"es\",\"@id\":\"https:\/\/www.sonoraenequipo.com.mx\/#\/schema\/logo\/image\/\",\"url\":\"https:\/\/www.sonoraenequipo.com.mx\/storage\/2019\/01\/sonoraenequipo_opt.png\",\"contentUrl\":\"https:\/\/www.sonoraenequipo.com.mx\/storage\/2019\/01\/sonoraenequipo_opt.png\",\"width\":375,\"height\":125,\"caption\":\"Sonoraenequipo.com.mx\"},\"image\":{\"@id\":\"https:\/\/www.sonoraenequipo.com.mx\/#\/schema\/logo\/image\/\"},\"sameAs\":[\"https:\/\/www.facebook.com\/SonoraEE\/\",\"https:\/\/x.com\/sonoraenequipo\",\"https:\/\/www.youtube.com\/channel\/UC338nW-lPEYmJQs4ZABQ1SQ\"]},{\"@type\":\"Person\",\"@id\":\"https:\/\/www.sonoraenequipo.com.mx\/#\/schema\/person\/50102df0fb23a8fa9e8effad8fa81386\",\"name\":\"enequipo\",\"image\":{\"@type\":\"ImageObject\",\"inLanguage\":\"es\",\"@id\":\"https:\/\/www.sonoraenequipo.com.mx\/#\/schema\/person\/image\/\",\"url\":\"https:\/\/secure.gravatar.com\/avatar\/049821681b589dabc0bc20695993ccebb09f5b5d4d790cd9251b97faac7c652b?s=96&d=blank&r=g\",\"contentUrl\":\"https:\/\/secure.gravatar.com\/avatar\/049821681b589dabc0bc20695993ccebb09f5b5d4d790cd9251b97faac7c652b?s=96&d=blank&r=g\",\"caption\":\"enequipo\"},\"sameAs\":[\"https:\/\/www.facebook.com\/SonoraEE\"]}]}<\/script>\n ","yoast_head_json":{"title":"Sonora en Equipo. Revelan lista de 36 periodistas con contratos con gobierno de EPN Rep\u00fablica","description":"CIUDAD DE M\u00c9XICO.MX. \u2014\u00a0 La Presidencia de la Rep\u00fablica divulg\u00f3 una lista de 36 periodistas y sus empresas que recibieron contratos durante la En Sonora en Equipo publicamos toda la informaci\u00f3n de Sonora, M\u00e9xico y el Mundo de manera oportuna y busca que la libertad de expresi\u00f3n sea real. Visita nuestro medio informativo publicado desde Hermosillo, Sonora. %","robots":{"index":"index","follow":"follow","max-snippet":"max-snippet:-1","max-image-preview":"max-image-preview:large","max-video-preview":"max-video-preview:-1"},"canonical":"https:\/\/www.sonoraenequipo.com.mx\/revelan-lista-de-36-periodistas-con-contratos-con-gobierno-de-epn\/","og_locale":"es_ES","og_type":"article","og_title":"Sonora en Equipo. Revelan lista de 36 periodistas con contratos con gobierno de EPN Rep\u00fablica","og_description":"CIUDAD DE M\u00c9XICO.MX. \u2014\u00a0 La Presidencia de la Rep\u00fablica divulg\u00f3 una lista de 36 periodistas y sus empresas que recibieron contratos durante la En Sonora en Equipo publicamos toda la informaci\u00f3n de Sonora, M\u00e9xico y el Mundo de manera oportuna y busca que la libertad de expresi\u00f3n sea real. Visita nuestro medio informativo publicado desde Hermosillo, Sonora. %","og_url":"https:\/\/www.sonoraenequipo.com.mx\/revelan-lista-de-36-periodistas-con-contratos-con-gobierno-de-epn\/","og_site_name":"Sonora en Equipo.","article_publisher":"https:\/\/www.facebook.com\/SonoraEE\/","article_author":"https:\/\/www.facebook.com\/SonoraEE","article_published_time":"2020-08-23T14:00:46+00:00","article_modified_time":"2020-08-23T17:00:44+00:00","og_image":[{"width":711,"height":400,"url":"https:\/\/www.sonoraenequipo.com.mx\/storage\/2020\/08\/periodismo_opt.jpg","type":"image\/jpeg"}],"author":"enequipo","twitter_card":"summary_large_image","twitter_creator":"@sonoraenequipo","twitter_site":"@sonoraenequipo","twitter_misc":{"Escrito por":"enequipo","Tiempo de lectura":"2 minutos"},"schema":{"@context":"https:\/\/schema.org","@graph":[{"@type":"Article","@id":"https:\/\/www.sonoraenequipo.com.mx\/revelan-lista-de-36-periodistas-con-contratos-con-gobierno-de-epn\/#article","isPartOf":{"@id":"https:\/\/www.sonoraenequipo.com.mx\/revelan-lista-de-36-periodistas-con-contratos-con-gobierno-de-epn\/"},"author":{"name":"enequipo","@id":"https:\/\/www.sonoraenequipo.com.mx\/#\/schema\/person\/50102df0fb23a8fa9e8effad8fa81386"},"headline":"Revelan lista de 36 periodistas con contratos con gobierno de EPN","datePublished":"2020-08-23T14:00:46+00:00","dateModified":"2020-08-23T17:00:44+00:00","mainEntityOfPage":{"@id":"https:\/\/www.sonoraenequipo.com.mx\/revelan-lista-de-36-periodistas-con-contratos-con-gobierno-de-epn\/"},"wordCount":434,"commentCount":0,"publisher":{"@id":"https:\/\/www.sonoraenequipo.com.mx\/#organization"},"image":{"@id":"https:\/\/www.sonoraenequipo.com.mx\/revelan-lista-de-36-periodistas-con-contratos-con-gobierno-de-epn\/#primaryimage"},"thumbnailUrl":"https:\/\/www.sonoraenequipo.com.mx\/storage\/2020\/08\/periodismo_opt.jpg","articleSection":["Rep\u00fablica"],"inLanguage":"es","potentialAction":[{"@type":"CommentAction","name":"Comment","target":["https:\/\/www.sonoraenequipo.com.mx\/revelan-lista-de-36-periodistas-con-contratos-con-gobierno-de-epn\/#respond"]}]},{"@type":"WebPage","@id":"https:\/\/www.sonoraenequipo.com.mx\/revelan-lista-de-36-periodistas-con-contratos-con-gobierno-de-epn\/","url":"https:\/\/www.sonoraenequipo.com.mx\/revelan-lista-de-36-periodistas-con-contratos-con-gobierno-de-epn\/","name":"Sonora en Equipo. Revelan lista de 36 periodistas con contratos con gobierno de EPN Rep\u00fablica","isPartOf":{"@id":"https:\/\/www.sonoraenequipo.com.mx\/#website"},"primaryImageOfPage":{"@id":"https:\/\/www.sonoraenequipo.com.mx\/revelan-lista-de-36-periodistas-con-contratos-con-gobierno-de-epn\/#primaryimage"},"image":{"@id":"https:\/\/www.sonoraenequipo.com.mx\/revelan-lista-de-36-periodistas-con-contratos-con-gobierno-de-epn\/#primaryimage"},"thumbnailUrl":"https:\/\/www.sonoraenequipo.com.mx\/storage\/2020\/08\/periodismo_opt.jpg","datePublished":"2020-08-23T14:00:46+00:00","dateModified":"2020-08-23T17:00:44+00:00","description":"CIUDAD DE M\u00c9XICO.MX. \u2014\u00a0 La Presidencia de la Rep\u00fablica divulg\u00f3 una lista de 36 periodistas y sus empresas que recibieron contratos durante la En Sonora en Equipo publicamos toda la informaci\u00f3n de Sonora, M\u00e9xico y el Mundo de manera oportuna y busca que la libertad de expresi\u00f3n sea real. Visita nuestro medio informativo publicado desde Hermosillo, Sonora. %","breadcrumb":{"@id":"https:\/\/www.sonoraenequipo.com.mx\/revelan-lista-de-36-periodistas-con-contratos-con-gobierno-de-epn\/#breadcrumb"},"inLanguage":"es","potentialAction":[{"@type":"ReadAction","target":["https:\/\/www.sonoraenequipo.com.mx\/revelan-lista-de-36-periodistas-con-contratos-con-gobierno-de-epn\/"]}]},{"@type":"ImageObject","inLanguage":"es","@id":"https:\/\/www.sonoraenequipo.com.mx\/revelan-lista-de-36-periodistas-con-contratos-con-gobierno-de-epn\/#primaryimage","url":"https:\/\/www.sonoraenequipo.com.mx\/storage\/2020\/08\/periodismo_opt.jpg","contentUrl":"https:\/\/www.sonoraenequipo.com.mx\/storage\/2020\/08\/periodismo_opt.jpg","width":711,"height":400},{"@type":"BreadcrumbList","@id":"https:\/\/www.sonoraenequipo.com.mx\/revelan-lista-de-36-periodistas-con-contratos-con-gobierno-de-epn\/#breadcrumb","itemListElement":[{"@type":"ListItem","position":1,"name":"Portada","item":"https:\/\/www.sonoraenequipo.com.mx\/"},{"@type":"ListItem","position":2,"name":"Revelan lista de 36 periodistas con contratos con gobierno de EPN"}]},{"@type":"WebSite","@id":"https:\/\/www.sonoraenequipo.com.mx\/#website","url":"https:\/\/www.sonoraenequipo.com.mx\/","name":"Sonora en Equipo.","description":"Diario en l\u00ednea con Noticias desde Hermosillo, Sonora","publisher":{"@id":"https:\/\/www.sonoraenequipo.com.mx\/#organization"},"potentialAction":[{"@type":"SearchAction","target":{"@type":"EntryPoint","urlTemplate":"https:\/\/www.sonoraenequipo.com.mx\/?s={search_term_string}"},"query-input":{"@type":"PropertyValueSpecification","valueRequired":true,"valueName":"search_term_string"}}],"inLanguage":"es"},{"@type":"Organization","@id":"https:\/\/www.sonoraenequipo.com.mx\/#organization","name":"Sonoraenequipo.com.mx","url":"https:\/\/www.sonoraenequipo.com.mx\/","logo":{"@type":"ImageObject","inLanguage":"es","@id":"https:\/\/www.sonoraenequipo.com.mx\/#\/schema\/logo\/image\/","url":"https:\/\/www.sonoraenequipo.com.mx\/storage\/2019\/01\/sonoraenequipo_opt.png","contentUrl":"https:\/\/www.sonoraenequipo.com.mx\/storage\/2019\/01\/sonoraenequipo_opt.png","width":375,"height":125,"caption":"Sonoraenequipo.com.mx"},"image":{"@id":"https:\/\/www.sonoraenequipo.com.mx\/#\/schema\/logo\/image\/"},"sameAs":["https:\/\/www.facebook.com\/SonoraEE\/","https:\/\/x.com\/sonoraenequipo","https:\/\/www.youtube.com\/channel\/UC338nW-lPEYmJQs4ZABQ1SQ"]},{"@type":"Person","@id":"https:\/\/www.sonoraenequipo.com.mx\/#\/schema\/person\/50102df0fb23a8fa9e8effad8fa81386","name":"enequipo","image":{"@type":"ImageObject","inLanguage":"es","@id":"https:\/\/www.sonoraenequipo.com.mx\/#\/schema\/person\/image\/","url":"https:\/\/secure.gravatar.com\/avatar\/049821681b589dabc0bc20695993ccebb09f5b5d4d790cd9251b97faac7c652b?s=96&d=blank&r=g","contentUrl":"https:\/\/secure.gravatar.com\/avatar\/049821681b589dabc0bc20695993ccebb09f5b5d4d790cd9251b97faac7c652b?s=96&d=blank&r=g","caption":"enequipo"},"sameAs":["https:\/\/www.facebook.com\/SonoraEE"]}]}},"jetpack_featured_media_url":"https:\/\/www.sonoraenequipo.com.mx\/storage\/2020\/08\/periodismo_opt.jpg","_links":{"self":[{"href":"https:\/\/www.sonoraenequipo.com.mx\/api\/wp\/v2\/posts\/93311","targetHints":{"allow":["GET"]}}],"collection":[{"href":"https:\/\/www.sonoraenequipo.com.mx\/api\/wp\/v2\/posts"}],"about":[{"href":"https:\/\/www.sonoraenequipo.com.mx\/api\/wp\/v2\/types\/post"}],"author":[{"embeddable":true,"href":"https:\/\/www.sonoraenequipo.com.mx\/api\/wp\/v2\/users\/1"}],"replies":[{"embeddable":true,"href":"https:\/\/www.sonoraenequipo.com.mx\/api\/wp\/v2\/comments?post=93311"}],"version-history":[{"count":0,"href":"https:\/\/www.sonoraenequipo.com.mx\/api\/wp\/v2\/posts\/93311\/revisions"}],"wp:featuredmedia":[{"embeddable":true,"href":"https:\/\/www.sonoraenequipo.com.mx\/api\/wp\/v2\/media\/93292"}],"wp:attachment":[{"href":"https:\/\/www.sonoraenequipo.com.mx\/api\/wp\/v2\/media?parent=93311"}],"wp:term":[{"taxonomy":"category","embeddable":true,"href":"https:\/\/www.sonoraenequipo.com.mx\/api\/wp\/v2\/categories?post=93311"},{"taxonomy":"post_tag","embeddable":true,"href":"https:\/\/www.sonoraenequipo.com.mx\/api\/wp\/v2\/tags?post=93311"}],"curies":[{"name":"wp","href":"https:\/\/api.w.org\/{rel}","templated":true}]}}