{"id":93319,"date":"2020-08-23T08:00:58","date_gmt":"2020-08-23T15:00:58","guid":{"rendered":"https:\/\/www.sonoraenequipo.com.mx\/?p=93319"},"modified":"2020-08-23T10:11:50","modified_gmt":"2020-08-23T17:11:50","slug":"el-mundo-registra-mas-de-800-000-muertos-por-covid-19","status":"publish","type":"post","link":"https:\/\/www.sonoraenequipo.com.mx\/el-mundo-registra-mas-de-800-000-muertos-por-covid-19\/","title":{"rendered":"El mundo registra m\u00e1s de 800.000 muertos por COVID-19"},"content":{"rendered":"<p>ALEMANIA. \u2014 El respiro dur\u00f3 poco. Las medidas para evitar la propagaci\u00f3n del coronavirus se multiplican cada d\u00eda, en medio de alertas por nuevos repuntes de la pandemia, que deja m\u00e1s de 800.000 muertos en el mundo, seg\u00fan el conteo de este s\u00e1bado (22.08.2020).<\/p>\n<p>&nbsp;<\/p>\n<p> <\/p>\n<p>&nbsp;<\/p>\n<p>El reconfinamiento parcial y el uso de mascarilla est\u00e1n volviendo a ser obligatorios en muchos pa\u00edses ante un virus que no para y ya mat\u00f3 a 800.800 personas y ha contagiado a m\u00e1s de 23 millones desde que surgi\u00f3 en diciembre en China, seg\u00fan un balance de AFP a partir de fuentes oficiales.<\/p>\n<p>&nbsp;<\/p>\n<p>&nbsp;<\/p>\n<p>En Europa los rebrotes son m\u00e1s que inquietantes. Italia, uno de los pa\u00edses m\u00e1s azotados por el COVID-19, registr\u00f3 en las \u00faltimas 24 horas 1.000 contagios lo que representa su peor balance cotidiano tras el fin del confinamiento en mayo.<\/p>\n<p>&nbsp;<\/p>\n<p>&nbsp;<\/p>\n<p>Alemania super\u00f3 los 2.000 nuevos casos en las \u00faltimas 24 horas, un cifra que no se alcanzaba desde finales de abril, durante el pico de la pandemia. <em>\u00abEs preocupante\u00bb<\/em>, admiti\u00f3 el portavoz de la canciller Angela Merkel, Steffen Seibert.<\/p>\n<p>&nbsp;<\/p>\n<p>&nbsp;<\/p>\n<p><img loading=\"lazy\" decoding=\"async\" class=\"size-medium  x-left\" src=\"https:\/\/www.sonoraenequipo.com.mx\/storage\/2020\/08\/coronavirus-23_opt-600x316.jpg\" alt=\"\" width=\"600\" height=\"316\" \/>En Madrid, ahora se recomienda a la poblaci\u00f3n confinarse en las zonas m\u00e1s afectadas por el coronavirus, cuando el n\u00famero total de casos diagnosticados en Espa\u00f1a ha aumentado en m\u00e1s de 8.000 en 24 horas.<\/p>\n<p>&nbsp;<\/p>\n<p>&nbsp;<\/p>\n<p>El mismo rigor llega a Inglaterra, donde el confinamiento se endureci\u00f3 en varias zonas del noroeste y la segunda ciudad m\u00e1s poblada del pa\u00eds, Birmingham, fue puesta bajo vigilancia. Hasta ahora una recomendaci\u00f3n, a partir de este s\u00e1bado la mascarilla ser\u00e1 obligatoria en los transportes p\u00fablicos en Dinamarca, que se enfrenta a un recrudecimiento de los focos y casos de contaminaci\u00f3n.<\/p>\n<p>&nbsp;<\/p>\n<p>&nbsp;<\/p>\n<p>Y m\u00e1s all\u00e1 de Europa la situaci\u00f3n tambi\u00e9n es preocupante. Corea del Sur, que fue considerado un ejemplo en la lucha contra la pandemia, registr\u00f3 m\u00e1s de 300 casos declarados en dos d\u00edas consecutivos y anunci\u00f3 este s\u00e1bado que aumentar\u00e1 las restricciones a partir de domingo.<\/p>\n<p>&nbsp;<\/p>\n<p>&nbsp;<\/p>\n<p><em>\u00abEstamos en una fase muy inestable que podr\u00eda ser el principio de una segunda ola nacional\u00bb,<\/em> estim\u00f3 el ministro de Sanidad, Park Neung-hoo.<\/p>\n<p>&nbsp;<\/p>\n<p>&nbsp;<\/p>\n<p>Los contagios siguen en incremento en muchos pa\u00edses del mundo que hacen esfuerzos por reabrir sus econom\u00edas y combatir el virus.<\/p>\n<p>&nbsp;<\/p>\n<h3>EE.UU el m\u00e1s afectado<\/h3>\n<p>&nbsp;<\/p>\n<p>En otro rinc\u00f3n del planeta, la provincia argentina de Jujuy, lim\u00edtrofe con Bolivia, sufre un aumento exponencial de casos que la tiene al borde del colapso sanitario. \u00abLa situaci\u00f3n es cr\u00edtica\u00bb, dijo a la AFP Sergio Barrera Ruiz, un m\u00e9dico de la zona.<\/p>\n<p>&nbsp;<\/p>\n<p>&nbsp;<\/p>\n<p><em>\u00abEsperamos acabar con esta pandemia en menos de dos a\u00f1os. Sobre todo, si logramos unir nuestros esfuerzos\u00bb<\/em>, se\u00f1al\u00f3 el viernes el director general de la Organizaci\u00f3n Mundial de la Salud (OMS), Tedros Adhanom Ghebreyesus.<\/p>\n<p>&nbsp;<\/p>\n<p>A menudo escasas, las buenas noticias son recibidas con esperanza en medio de la pandemia. La OMS consider\u00f3 que la situaci\u00f3n se estabiliz\u00f3 en Brasil, el m\u00e1s golpeado de Am\u00e9rica Latina, segundo pa\u00eds en n\u00fameros absolutos de infecciones (3,5 millones de casos) y decesos (113.358).<\/p>\n<p>&nbsp;<\/p>\n<p>&nbsp;<\/p>\n<p>El pa\u00eds m\u00e1s afectado del mundo, Estados Unidos, suma m\u00e1s de 5,6 millones de casos y 175.674 muertes. Pero los contagios disminuyeron en las \u00faltimas tres semanas y el n\u00famero de muertes, estable en 1.000 por d\u00eda desde fines de julio, deber\u00eda comenzar a disminuir, seg\u00fan autoridades m\u00e9dicas.<\/p>\n<p>&nbsp;<\/p>\n<p>&nbsp;<\/p>\n<p>Pero para muchos en desempleo forzado, los dos a\u00f1os de que habla la OMS pueden parecer una eternidad. Am\u00e9rica Latina, que sufre casi una tercera parte del saldo mortal de la pandemia, con 254.897 decesos (6.575.960 casos), se ha acentuado la pobreza y la desigualdad.<\/p>\n<p>&nbsp;<\/p>\n<p>&nbsp;<\/p>\n<p>S\u00f3lo en la regi\u00f3n, seg\u00fan la Comisi\u00f3n Econ\u00f3mica para Am\u00e9rica Latina y el Caribe (CEPAL), la pandemia hundir\u00e1 en la pobreza a 45 millones de personas, con lo que el total ascender\u00e1 a 231 millones, el 37,3 por ciento de la poblaci\u00f3n latinoamericana.<\/p>\n<p>&nbsp;<\/p>\n<p>&nbsp;<\/p>\n<p>Mientras tanto, los esfuerzos no cesan. Vestidos con trajes de seguridad y con equipos en la mano para detectar el virus, unos 1.800 brigadistas comenzaron un rastrillaje a pie por barrios de La Paz para tratar de evitar un desborde de la pandemia.<\/p>\n<p>&nbsp;<\/p>\n<p>&nbsp;<\/p>\n<p>Venezuela, que est\u00e1 sumergida en una colosal crisis pol\u00edtica y econ\u00f3mica, recibi\u00f3 este s\u00e1bado 73 toneladas de suministros contra el COVID-19 enviadas por Espa\u00f1a y Portugal.<\/p>\n<p>&nbsp;<\/p>\n<p>&nbsp;<\/p>\n<p>Y en vistas de que esto va para largo, mientras llega la ansiada vacuna, hay iniciativas como la de hacer mascarillas transparentes en Europa, Am\u00e9rica del Norte y otras regiones. Fundamental para la comunicaci\u00f3n de los sordos, aunque deber\u00e1n bajar de precio para ser accesibles a todos, como ha ocurrido con las quir\u00fargicas o las de tela en los \u00faltimos meses.<\/p>\n<p>&nbsp;<\/p>\n<p>&nbsp;<\/p>\n<p>Y el ocio tambi\u00e9n comienza a adaptarse a esta nueva situaci\u00f3n. En Alemania, investigadores iniciaron este s\u00e1bado un gigantesco experimento con 4.000 participantes para tratar de determinar si es posible autorizar de nuevo conciertos pop a pesar de la COVID-19.<\/p>\n<p>&nbsp;<\/p>\n<p>&nbsp;<\/p>\n<p>(PUBLICADO EL 23\/08\/2020 \/John Hopkins,DW)<\/p>\n","protected":false},"excerpt":{"rendered":"<p>ALEMANIA. \u2014 El respiro dur\u00f3 poco. Las medidas para evitar la propagaci\u00f3n del coronavirus se&#8230;<\/p>\n","protected":false},"author":1,"featured_media":93315,"comment_status":"open","ping_status":"open","sticky":false,"template":"","format":"standard","meta":{"_monsterinsights_skip_tracking":false,"_monsterinsights_sitenote_active":false,"_monsterinsights_sitenote_note":"","_monsterinsights_sitenote_category":0,"footnotes":""},"categories":[3],"tags":[],"class_list":["post"],"yoast_head":" \n<title>Sonora en Equipo. El mundo registra m\u00e1s de 800.000 muertos por COVID-19 MUNDO<\/title>\n<meta name=\"description\" content=\"ALEMANIA. \u2014 El respiro dur\u00f3 poco. Las medidas para evitar la propagaci\u00f3n del coronavirus se multiplican cada d\u00eda, en medio de alertas por nuevos repuntes En Sonora en Equipo publicamos toda la informaci\u00f3n de Sonora, M\u00e9xico y el Mundo de manera oportuna y busca que la libertad de expresi\u00f3n sea real. Visita nuestro medio informativo publicado desde Hermosillo, Sonora. %\" \/>\n<meta name=\"robots\" content=\"index, follow, max-snippet:-1, max-image-preview:large, max-video-preview:-1\" \/>\n<link rel=\"canonical\" href=\"https:\/\/www.sonoraenequipo.com.mx\/el-mundo-registra-mas-de-800-000-muertos-por-covid-19\/\" \/>\n<meta property=\"og:locale\" content=\"es_ES\" \/>\n<meta property=\"og:type\" content=\"article\" \/>\n<meta property=\"og:title\" content=\"Sonora en Equipo. El mundo registra m\u00e1s de 800.000 muertos por COVID-19 MUNDO\" \/>\n<meta property=\"og:description\" content=\"ALEMANIA. \u2014 El respiro dur\u00f3 poco. Las medidas para evitar la propagaci\u00f3n del coronavirus se multiplican cada d\u00eda, en medio de alertas por nuevos repuntes En Sonora en Equipo publicamos toda la informaci\u00f3n de Sonora, M\u00e9xico y el Mundo de manera oportuna y busca que la libertad de expresi\u00f3n sea real. Visita nuestro medio informativo publicado desde Hermosillo, Sonora. %\" \/>\n<meta property=\"og:url\" content=\"https:\/\/www.sonoraenequipo.com.mx\/el-mundo-registra-mas-de-800-000-muertos-por-covid-19\/\" \/>\n<meta property=\"og:site_name\" content=\"Sonora en Equipo.\" \/>\n<meta property=\"article:publisher\" content=\"https:\/\/www.facebook.com\/SonoraEE\/\" \/>\n<meta property=\"article:author\" content=\"https:\/\/www.facebook.com\/SonoraEE\" \/>\n<meta property=\"article:published_time\" content=\"2020-08-23T15:00:58+00:00\" \/>\n<meta property=\"article:modified_time\" content=\"2020-08-23T17:11:50+00:00\" \/>\n<meta property=\"og:image\" content=\"https:\/\/www.sonoraenequipo.com.mx\/storage\/2020\/08\/Covid-19_opt.jpg\" \/>\n\t<meta property=\"og:image:width\" content=\"751\" \/>\n\t<meta property=\"og:image:height\" content=\"500\" \/>\n\t<meta property=\"og:image:type\" content=\"image\/jpeg\" \/>\n<meta name=\"author\" content=\"enequipo\" \/>\n<meta name=\"twitter:card\" content=\"summary_large_image\" \/>\n<meta name=\"twitter:creator\" content=\"@sonoraenequipo\" \/>\n<meta name=\"twitter:site\" content=\"@sonoraenequipo\" \/>\n<meta name=\"twitter:label1\" content=\"Escrito por\" \/>\n\t<meta name=\"twitter:data1\" content=\"enequipo\" \/>\n\t<meta name=\"twitter:label2\" content=\"Tiempo de lectura\" \/>\n\t<meta name=\"twitter:data2\" content=\"4 minutos\" \/>\n<script type=\"application\/ld+json\" class=\"yoast-schema-graph\">{\"@context\":\"https:\/\/schema.org\",\"@graph\":[{\"@type\":\"Article\",\"@id\":\"https:\/\/www.sonoraenequipo.com.mx\/el-mundo-registra-mas-de-800-000-muertos-por-covid-19\/#article\",\"isPartOf\":{\"@id\":\"https:\/\/www.sonoraenequipo.com.mx\/el-mundo-registra-mas-de-800-000-muertos-por-covid-19\/\"},\"author\":{\"name\":\"enequipo\",\"@id\":\"https:\/\/www.sonoraenequipo.com.mx\/#\/schema\/person\/50102df0fb23a8fa9e8effad8fa81386\"},\"headline\":\"El mundo registra m\u00e1s de 800.000 muertos por COVID-19\",\"datePublished\":\"2020-08-23T15:00:58+00:00\",\"dateModified\":\"2020-08-23T17:11:50+00:00\",\"mainEntityOfPage\":{\"@id\":\"https:\/\/www.sonoraenequipo.com.mx\/el-mundo-registra-mas-de-800-000-muertos-por-covid-19\/\"},\"wordCount\":895,\"commentCount\":0,\"publisher\":{\"@id\":\"https:\/\/www.sonoraenequipo.com.mx\/#organization\"},\"image\":{\"@id\":\"https:\/\/www.sonoraenequipo.com.mx\/el-mundo-registra-mas-de-800-000-muertos-por-covid-19\/#primaryimage\"},\"thumbnailUrl\":\"https:\/\/www.sonoraenequipo.com.mx\/storage\/2020\/08\/Covid-19_opt.jpg\",\"articleSection\":[\"MUNDO\"],\"inLanguage\":\"es\",\"potentialAction\":[{\"@type\":\"CommentAction\",\"name\":\"Comment\",\"target\":[\"https:\/\/www.sonoraenequipo.com.mx\/el-mundo-registra-mas-de-800-000-muertos-por-covid-19\/#respond\"]}]},{\"@type\":\"WebPage\",\"@id\":\"https:\/\/www.sonoraenequipo.com.mx\/el-mundo-registra-mas-de-800-000-muertos-por-covid-19\/\",\"url\":\"https:\/\/www.sonoraenequipo.com.mx\/el-mundo-registra-mas-de-800-000-muertos-por-covid-19\/\",\"name\":\"Sonora en Equipo. El mundo registra m\u00e1s de 800.000 muertos por COVID-19 MUNDO\",\"isPartOf\":{\"@id\":\"https:\/\/www.sonoraenequipo.com.mx\/#website\"},\"primaryImageOfPage\":{\"@id\":\"https:\/\/www.sonoraenequipo.com.mx\/el-mundo-registra-mas-de-800-000-muertos-por-covid-19\/#primaryimage\"},\"image\":{\"@id\":\"https:\/\/www.sonoraenequipo.com.mx\/el-mundo-registra-mas-de-800-000-muertos-por-covid-19\/#primaryimage\"},\"thumbnailUrl\":\"https:\/\/www.sonoraenequipo.com.mx\/storage\/2020\/08\/Covid-19_opt.jpg\",\"datePublished\":\"2020-08-23T15:00:58+00:00\",\"dateModified\":\"2020-08-23T17:11:50+00:00\",\"description\":\"ALEMANIA. \u2014 El respiro dur\u00f3 poco. Las medidas para evitar la propagaci\u00f3n del coronavirus se multiplican cada d\u00eda, en medio de alertas por nuevos repuntes En Sonora en Equipo publicamos toda la informaci\u00f3n de Sonora, M\u00e9xico y el Mundo de manera oportuna y busca que la libertad de expresi\u00f3n sea real. Visita nuestro medio informativo publicado desde Hermosillo, Sonora. %\",\"breadcrumb\":{\"@id\":\"https:\/\/www.sonoraenequipo.com.mx\/el-mundo-registra-mas-de-800-000-muertos-por-covid-19\/#breadcrumb\"},\"inLanguage\":\"es\",\"potentialAction\":[{\"@type\":\"ReadAction\",\"target\":[\"https:\/\/www.sonoraenequipo.com.mx\/el-mundo-registra-mas-de-800-000-muertos-por-covid-19\/\"]}]},{\"@type\":\"ImageObject\",\"inLanguage\":\"es\",\"@id\":\"https:\/\/www.sonoraenequipo.com.mx\/el-mundo-registra-mas-de-800-000-muertos-por-covid-19\/#primaryimage\",\"url\":\"https:\/\/www.sonoraenequipo.com.mx\/storage\/2020\/08\/Covid-19_opt.jpg\",\"contentUrl\":\"https:\/\/www.sonoraenequipo.com.mx\/storage\/2020\/08\/Covid-19_opt.jpg\",\"width\":751,\"height\":500},{\"@type\":\"BreadcrumbList\",\"@id\":\"https:\/\/www.sonoraenequipo.com.mx\/el-mundo-registra-mas-de-800-000-muertos-por-covid-19\/#breadcrumb\",\"itemListElement\":[{\"@type\":\"ListItem\",\"position\":1,\"name\":\"Portada\",\"item\":\"https:\/\/www.sonoraenequipo.com.mx\/\"},{\"@type\":\"ListItem\",\"position\":2,\"name\":\"El mundo registra m\u00e1s de 800.000 muertos por COVID-19\"}]},{\"@type\":\"WebSite\",\"@id\":\"https:\/\/www.sonoraenequipo.com.mx\/#website\",\"url\":\"https:\/\/www.sonoraenequipo.com.mx\/\",\"name\":\"Sonora en Equipo.\",\"description\":\"Diario en l\u00ednea con Noticias desde Hermosillo, Sonora\",\"publisher\":{\"@id\":\"https:\/\/www.sonoraenequipo.com.mx\/#organization\"},\"potentialAction\":[{\"@type\":\"SearchAction\",\"target\":{\"@type\":\"EntryPoint\",\"urlTemplate\":\"https:\/\/www.sonoraenequipo.com.mx\/?s={search_term_string}\"},\"query-input\":{\"@type\":\"PropertyValueSpecification\",\"valueRequired\":true,\"valueName\":\"search_term_string\"}}],\"inLanguage\":\"es\"},{\"@type\":\"Organization\",\"@id\":\"https:\/\/www.sonoraenequipo.com.mx\/#organization\",\"name\":\"Sonoraenequipo.com.mx\",\"url\":\"https:\/\/www.sonoraenequipo.com.mx\/\",\"logo\":{\"@type\":\"ImageObject\",\"inLanguage\":\"es\",\"@id\":\"https:\/\/www.sonoraenequipo.com.mx\/#\/schema\/logo\/image\/\",\"url\":\"https:\/\/www.sonoraenequipo.com.mx\/storage\/2019\/01\/sonoraenequipo_opt.png\",\"contentUrl\":\"https:\/\/www.sonoraenequipo.com.mx\/storage\/2019\/01\/sonoraenequipo_opt.png\",\"width\":375,\"height\":125,\"caption\":\"Sonoraenequipo.com.mx\"},\"image\":{\"@id\":\"https:\/\/www.sonoraenequipo.com.mx\/#\/schema\/logo\/image\/\"},\"sameAs\":[\"https:\/\/www.facebook.com\/SonoraEE\/\",\"https:\/\/x.com\/sonoraenequipo\",\"https:\/\/www.youtube.com\/channel\/UC338nW-lPEYmJQs4ZABQ1SQ\"]},{\"@type\":\"Person\",\"@id\":\"https:\/\/www.sonoraenequipo.com.mx\/#\/schema\/person\/50102df0fb23a8fa9e8effad8fa81386\",\"name\":\"enequipo\",\"image\":{\"@type\":\"ImageObject\",\"inLanguage\":\"es\",\"@id\":\"https:\/\/www.sonoraenequipo.com.mx\/#\/schema\/person\/image\/\",\"url\":\"https:\/\/secure.gravatar.com\/avatar\/049821681b589dabc0bc20695993ccebb09f5b5d4d790cd9251b97faac7c652b?s=96&d=blank&r=g\",\"contentUrl\":\"https:\/\/secure.gravatar.com\/avatar\/049821681b589dabc0bc20695993ccebb09f5b5d4d790cd9251b97faac7c652b?s=96&d=blank&r=g\",\"caption\":\"enequipo\"},\"sameAs\":[\"https:\/\/www.facebook.com\/SonoraEE\"]}]}<\/script>\n ","yoast_head_json":{"title":"Sonora en Equipo. El mundo registra m\u00e1s de 800.000 muertos por COVID-19 MUNDO","description":"ALEMANIA. \u2014 El respiro dur\u00f3 poco. Las medidas para evitar la propagaci\u00f3n del coronavirus se multiplican cada d\u00eda, en medio de alertas por nuevos repuntes En Sonora en Equipo publicamos toda la informaci\u00f3n de Sonora, M\u00e9xico y el Mundo de manera oportuna y busca que la libertad de expresi\u00f3n sea real. Visita nuestro medio informativo publicado desde Hermosillo, Sonora. %","robots":{"index":"index","follow":"follow","max-snippet":"max-snippet:-1","max-image-preview":"max-image-preview:large","max-video-preview":"max-video-preview:-1"},"canonical":"https:\/\/www.sonoraenequipo.com.mx\/el-mundo-registra-mas-de-800-000-muertos-por-covid-19\/","og_locale":"es_ES","og_type":"article","og_title":"Sonora en Equipo. El mundo registra m\u00e1s de 800.000 muertos por COVID-19 MUNDO","og_description":"ALEMANIA. \u2014 El respiro dur\u00f3 poco. Las medidas para evitar la propagaci\u00f3n del coronavirus se multiplican cada d\u00eda, en medio de alertas por nuevos repuntes En Sonora en Equipo publicamos toda la informaci\u00f3n de Sonora, M\u00e9xico y el Mundo de manera oportuna y busca que la libertad de expresi\u00f3n sea real. Visita nuestro medio informativo publicado desde Hermosillo, Sonora. %","og_url":"https:\/\/www.sonoraenequipo.com.mx\/el-mundo-registra-mas-de-800-000-muertos-por-covid-19\/","og_site_name":"Sonora en Equipo.","article_publisher":"https:\/\/www.facebook.com\/SonoraEE\/","article_author":"https:\/\/www.facebook.com\/SonoraEE","article_published_time":"2020-08-23T15:00:58+00:00","article_modified_time":"2020-08-23T17:11:50+00:00","og_image":[{"width":751,"height":500,"url":"https:\/\/www.sonoraenequipo.com.mx\/storage\/2020\/08\/Covid-19_opt.jpg","type":"image\/jpeg"}],"author":"enequipo","twitter_card":"summary_large_image","twitter_creator":"@sonoraenequipo","twitter_site":"@sonoraenequipo","twitter_misc":{"Escrito por":"enequipo","Tiempo de lectura":"4 minutos"},"schema":{"@context":"https:\/\/schema.org","@graph":[{"@type":"Article","@id":"https:\/\/www.sonoraenequipo.com.mx\/el-mundo-registra-mas-de-800-000-muertos-por-covid-19\/#article","isPartOf":{"@id":"https:\/\/www.sonoraenequipo.com.mx\/el-mundo-registra-mas-de-800-000-muertos-por-covid-19\/"},"author":{"name":"enequipo","@id":"https:\/\/www.sonoraenequipo.com.mx\/#\/schema\/person\/50102df0fb23a8fa9e8effad8fa81386"},"headline":"El mundo registra m\u00e1s de 800.000 muertos por COVID-19","datePublished":"2020-08-23T15:00:58+00:00","dateModified":"2020-08-23T17:11:50+00:00","mainEntityOfPage":{"@id":"https:\/\/www.sonoraenequipo.com.mx\/el-mundo-registra-mas-de-800-000-muertos-por-covid-19\/"},"wordCount":895,"commentCount":0,"publisher":{"@id":"https:\/\/www.sonoraenequipo.com.mx\/#organization"},"image":{"@id":"https:\/\/www.sonoraenequipo.com.mx\/el-mundo-registra-mas-de-800-000-muertos-por-covid-19\/#primaryimage"},"thumbnailUrl":"https:\/\/www.sonoraenequipo.com.mx\/storage\/2020\/08\/Covid-19_opt.jpg","articleSection":["MUNDO"],"inLanguage":"es","potentialAction":[{"@type":"CommentAction","name":"Comment","target":["https:\/\/www.sonoraenequipo.com.mx\/el-mundo-registra-mas-de-800-000-muertos-por-covid-19\/#respond"]}]},{"@type":"WebPage","@id":"https:\/\/www.sonoraenequipo.com.mx\/el-mundo-registra-mas-de-800-000-muertos-por-covid-19\/","url":"https:\/\/www.sonoraenequipo.com.mx\/el-mundo-registra-mas-de-800-000-muertos-por-covid-19\/","name":"Sonora en Equipo. El mundo registra m\u00e1s de 800.000 muertos por COVID-19 MUNDO","isPartOf":{"@id":"https:\/\/www.sonoraenequipo.com.mx\/#website"},"primaryImageOfPage":{"@id":"https:\/\/www.sonoraenequipo.com.mx\/el-mundo-registra-mas-de-800-000-muertos-por-covid-19\/#primaryimage"},"image":{"@id":"https:\/\/www.sonoraenequipo.com.mx\/el-mundo-registra-mas-de-800-000-muertos-por-covid-19\/#primaryimage"},"thumbnailUrl":"https:\/\/www.sonoraenequipo.com.mx\/storage\/2020\/08\/Covid-19_opt.jpg","datePublished":"2020-08-23T15:00:58+00:00","dateModified":"2020-08-23T17:11:50+00:00","description":"ALEMANIA. \u2014 El respiro dur\u00f3 poco. Las medidas para evitar la propagaci\u00f3n del coronavirus se multiplican cada d\u00eda, en medio de alertas por nuevos repuntes En Sonora en Equipo publicamos toda la informaci\u00f3n de Sonora, M\u00e9xico y el Mundo de manera oportuna y busca que la libertad de expresi\u00f3n sea real. Visita nuestro medio informativo publicado desde Hermosillo, Sonora. %","breadcrumb":{"@id":"https:\/\/www.sonoraenequipo.com.mx\/el-mundo-registra-mas-de-800-000-muertos-por-covid-19\/#breadcrumb"},"inLanguage":"es","potentialAction":[{"@type":"ReadAction","target":["https:\/\/www.sonoraenequipo.com.mx\/el-mundo-registra-mas-de-800-000-muertos-por-covid-19\/"]}]},{"@type":"ImageObject","inLanguage":"es","@id":"https:\/\/www.sonoraenequipo.com.mx\/el-mundo-registra-mas-de-800-000-muertos-por-covid-19\/#primaryimage","url":"https:\/\/www.sonoraenequipo.com.mx\/storage\/2020\/08\/Covid-19_opt.jpg","contentUrl":"https:\/\/www.sonoraenequipo.com.mx\/storage\/2020\/08\/Covid-19_opt.jpg","width":751,"height":500},{"@type":"BreadcrumbList","@id":"https:\/\/www.sonoraenequipo.com.mx\/el-mundo-registra-mas-de-800-000-muertos-por-covid-19\/#breadcrumb","itemListElement":[{"@type":"ListItem","position":1,"name":"Portada","item":"https:\/\/www.sonoraenequipo.com.mx\/"},{"@type":"ListItem","position":2,"name":"El mundo registra m\u00e1s de 800.000 muertos por COVID-19"}]},{"@type":"WebSite","@id":"https:\/\/www.sonoraenequipo.com.mx\/#website","url":"https:\/\/www.sonoraenequipo.com.mx\/","name":"Sonora en Equipo.","description":"Diario en l\u00ednea con Noticias desde Hermosillo, Sonora","publisher":{"@id":"https:\/\/www.sonoraenequipo.com.mx\/#organization"},"potentialAction":[{"@type":"SearchAction","target":{"@type":"EntryPoint","urlTemplate":"https:\/\/www.sonoraenequipo.com.mx\/?s={search_term_string}"},"query-input":{"@type":"PropertyValueSpecification","valueRequired":true,"valueName":"search_term_string"}}],"inLanguage":"es"},{"@type":"Organization","@id":"https:\/\/www.sonoraenequipo.com.mx\/#organization","name":"Sonoraenequipo.com.mx","url":"https:\/\/www.sonoraenequipo.com.mx\/","logo":{"@type":"ImageObject","inLanguage":"es","@id":"https:\/\/www.sonoraenequipo.com.mx\/#\/schema\/logo\/image\/","url":"https:\/\/www.sonoraenequipo.com.mx\/storage\/2019\/01\/sonoraenequipo_opt.png","contentUrl":"https:\/\/www.sonoraenequipo.com.mx\/storage\/2019\/01\/sonoraenequipo_opt.png","width":375,"height":125,"caption":"Sonoraenequipo.com.mx"},"image":{"@id":"https:\/\/www.sonoraenequipo.com.mx\/#\/schema\/logo\/image\/"},"sameAs":["https:\/\/www.facebook.com\/SonoraEE\/","https:\/\/x.com\/sonoraenequipo","https:\/\/www.youtube.com\/channel\/UC338nW-lPEYmJQs4ZABQ1SQ"]},{"@type":"Person","@id":"https:\/\/www.sonoraenequipo.com.mx\/#\/schema\/person\/50102df0fb23a8fa9e8effad8fa81386","name":"enequipo","image":{"@type":"ImageObject","inLanguage":"es","@id":"https:\/\/www.sonoraenequipo.com.mx\/#\/schema\/person\/image\/","url":"https:\/\/secure.gravatar.com\/avatar\/049821681b589dabc0bc20695993ccebb09f5b5d4d790cd9251b97faac7c652b?s=96&d=blank&r=g","contentUrl":"https:\/\/secure.gravatar.com\/avatar\/049821681b589dabc0bc20695993ccebb09f5b5d4d790cd9251b97faac7c652b?s=96&d=blank&r=g","caption":"enequipo"},"sameAs":["https:\/\/www.facebook.com\/SonoraEE"]}]}},"jetpack_featured_media_url":"https:\/\/www.sonoraenequipo.com.mx\/storage\/2020\/08\/Covid-19_opt.jpg","_links":{"self":[{"href":"https:\/\/www.sonoraenequipo.com.mx\/api\/wp\/v2\/posts\/93319","targetHints":{"allow":["GET"]}}],"collection":[{"href":"https:\/\/www.sonoraenequipo.com.mx\/api\/wp\/v2\/posts"}],"about":[{"href":"https:\/\/www.sonoraenequipo.com.mx\/api\/wp\/v2\/types\/post"}],"author":[{"embeddable":true,"href":"https:\/\/www.sonoraenequipo.com.mx\/api\/wp\/v2\/users\/1"}],"replies":[{"embeddable":true,"href":"https:\/\/www.sonoraenequipo.com.mx\/api\/wp\/v2\/comments?post=93319"}],"version-history":[{"count":0,"href":"https:\/\/www.sonoraenequipo.com.mx\/api\/wp\/v2\/posts\/93319\/revisions"}],"wp:featuredmedia":[{"embeddable":true,"href":"https:\/\/www.sonoraenequipo.com.mx\/api\/wp\/v2\/media\/93315"}],"wp:attachment":[{"href":"https:\/\/www.sonoraenequipo.com.mx\/api\/wp\/v2\/media?parent=93319"}],"wp:term":[{"taxonomy":"category","embeddable":true,"href":"https:\/\/www.sonoraenequipo.com.mx\/api\/wp\/v2\/categories?post=93319"},{"taxonomy":"post_tag","embeddable":true,"href":"https:\/\/www.sonoraenequipo.com.mx\/api\/wp\/v2\/tags?post=93319"}],"curies":[{"name":"wp","href":"https:\/\/api.w.org\/{rel}","templated":true}]}}