{"id":93334,"date":"2020-08-22T23:55:14","date_gmt":"2020-08-23T06:55:14","guid":{"rendered":"https:\/\/www.sonoraenequipo.com.mx\/?p=93334"},"modified":"2020-08-23T11:59:34","modified_gmt":"2020-08-23T18:59:34","slug":"en-colombia-no-hay-masacres-sino-homicidios-colectivos-dice-el-presidente","status":"publish","type":"post","link":"https:\/\/www.sonoraenequipo.com.mx\/en-colombia-no-hay-masacres-sino-homicidios-colectivos-dice-el-presidente\/","title":{"rendered":"En Colombia no hay \u00abmasacres\u00bb sino \u00abhomicidios colectivos\u00bb dice el presidente"},"content":{"rendered":"<p>MEDELL\u00cdN, COLOMBIA.<em> \u2014 <\/em>El mandatario se traslad\u00f3 a Nari\u00f1o, donde ocho j\u00f3venes fueron masacrados. En ese mismo lugar, fue asesinada una mujer de 26 a\u00f1os, crimen que -al igual que el de los ocho j\u00f3venes- sigue sin ser esclarecido.<\/p>\n<p>&nbsp;<\/p>\n<p> <\/p>\n<p>&nbsp;<\/p>\n<p>El presidente Iv\u00e1n Duque afirm\u00f3 este s\u00e1bado (22.08.2020) que las recientes matanzas en distintas partes de Colombia, que han dejado m\u00e1s de 30 personas muertas, no son <em>\u00abmasacres\u00bb sino \u00abhomicidios colectivos\u00bb.<\/em><\/p>\n<p>&nbsp;<\/p>\n<p><em>\u00abMuchas personas han dicho: &#8216;volvieron las masacres, volvieron las masacres&#8217;, primero hablemos del nombre preciso: &#8216;homicidios colectivos&#8217;, y tristemente hay que aceptarlo como pa\u00eds, no es que volvieron, es que no se han ido tristemente estos hechos\u00bb,<\/em> dijo en Pasto, capital del departamento de Nari\u00f1o.<\/p>\n<p><a class=\"twitter-timeline\" data-width=\"640\" data-height=\"960\" data-dnt=\"true\" href=\"https:\/\/twitter.com\/infopresidencia?ref_src=twsrc%5Etfw\">Tweets by infopresidencia<\/a><script async src=\"https:\/\/platform.twitter.com\/widgets.js\" charset=\"utf-8\"><\/script><\/p>\n<p>Duque se traslad\u00f3 a la localidad de Samaniego, en Nari\u00f1o, donde una semana atr\u00e1s ocho j\u00f3venes de entre 19 y 25 a\u00f1os, algunos de ellos estudiantes universitarios, fueron masacrados en una casa rural donde hac\u00edan un asado. En ese mismo lugar, horas antes, fue asesinada una mujer de 26 a\u00f1os, crimen que -al igual que el de los ocho j\u00f3venes- sigue sin ser esclarecido.<\/p>\n<p>&nbsp;<\/p>\n<p>Esa masacre es una de las seis perpetradas en el pa\u00eds en las dos \u00faltimas semanas, la primera de las cuales fue la de cinco adolescentes, de entre 14 y 15 a\u00f1os, el 11 de agosto en un barrio de la periferia de Cali, capital del Valle del Cauca. El pasado 18 de agosto, cuando el pa\u00eds no se repon\u00eda del impacto de la matanza en Samaniego, se conoci\u00f3 el asesinato de tres ind\u00edgenas de la comunidad aw\u00e1 en una aldea del municipio de Ricaurte, tambi\u00e9n en Nari\u00f1o.<\/p>\n<p>&nbsp;<\/p>\n<p>&nbsp;<\/p>\n<p>El 21 de agosto por la tarde, la Defensor\u00eda del Pueblo inform\u00f3 del asesinato de otras cinco personas en El Caracol, un caser\u00edo de Arauca situado en la l\u00ednea de frontera con Venezuela. Las otras dos ocurrieron anoche en El Tambo (Cauca), donde fueron asesinadas seis personas, y seis m\u00e1s fueron masacradas esta madrugada en La Guayacana, caser\u00edo que hace parte de Tumaco (Nari\u00f1o).<\/p>\n<p>&nbsp;<\/p>\n<p>&nbsp;<\/p>\n<p>Duque -cuyo Gobierno culpa en parte de la situaci\u00f3n actual a su antecesor, Juan Manuel Santos- insisti\u00f3 en que las masacres siempre han ocurrido en el pa\u00eds.<em> \u00abDesde 1998 hasta hoy, a\u00f1o 2020, en Colombia se han presentado 1.361 escenas de &#8216;asesinatos colectivos&#8217;, &#8216;homicidios colectivos'\u00bb<\/em>, subray\u00f3 el presidente.<\/p>\n<p><a class=\"twitter-timeline\" data-width=\"640\" data-height=\"960\" data-dnt=\"true\" href=\"https:\/\/twitter.com\/IvanDuque?ref_src=twsrc%5Etfw\">Tweets by IvanDuque<\/a><script async src=\"https:\/\/platform.twitter.com\/widgets.js\" charset=\"utf-8\"><\/script><\/p>\n<p>Enseguida, el mandatario asegur\u00f3:<em> \u00aben nuestro Gobierno, que lleva dos a\u00f1os, tambi\u00e9n se han presentado estos hechos, se han presentado 37 &#8216;homicidios colectivos&#8217;, que equivalen al 2 por ciento de los &#8216;homicidios colectivos&#8217; de los \u00faltimos 22 a\u00f1os\u00bb.<\/em> Igualmente, declar\u00f3 que las matanzas han dejado 7.458 v\u00edctimas y que en su Gobierno, <em>\u00abproducto de estos hechos, contando los de las \u00faltimas horas, han fallecido 188 personas, lo que equivale al 22 por ciento de las v\u00edctimas de los &#8216;homicidios colectivos de los \u00faltimos 22 a\u00f1os\u00bb.<\/em><\/p>\n<p>&nbsp;<\/p>\n<p>(PUBLICADO EL 22\/08\/2020 \/ efe, Revista Semana, Noticiero Digital, El Tiempo)<\/p>\n","protected":false},"excerpt":{"rendered":"<p>MEDELL\u00cdN, COLOMBIA. \u2014 El mandatario se traslad\u00f3 a Nari\u00f1o, donde ocho j\u00f3venes fueron masacrados. En&#8230;<\/p>\n","protected":false},"author":1,"featured_media":93337,"comment_status":"open","ping_status":"open","sticky":false,"template":"","format":"standard","meta":{"_monsterinsights_skip_tracking":false,"_monsterinsights_sitenote_active":false,"_monsterinsights_sitenote_note":"","_monsterinsights_sitenote_category":0,"footnotes":""},"categories":[3],"tags":[],"class_list":["post"],"yoast_head":" \n<title>Sonora en Equipo. En Colombia no hay &quot;masacres&quot; sino &quot;homicidios colectivos&quot; dice el presidente MUNDO<\/title>\n<meta name=\"description\" content=\"MEDELL\u00cdN, COLOMBIA. \u2014 El mandatario se traslad\u00f3 a Nari\u00f1o, donde ocho j\u00f3venes fueron masacrados. En ese mismo lugar, fue asesinada una mujer de 26 a\u00f1os, En Sonora en Equipo publicamos toda la informaci\u00f3n de Sonora, M\u00e9xico y el Mundo de manera oportuna y busca que la libertad de expresi\u00f3n sea real. Visita nuestro medio informativo publicado desde Hermosillo, Sonora. %\" \/>\n<meta name=\"robots\" content=\"index, follow, max-snippet:-1, max-image-preview:large, max-video-preview:-1\" \/>\n<link rel=\"canonical\" href=\"https:\/\/www.sonoraenequipo.com.mx\/en-colombia-no-hay-masacres-sino-homicidios-colectivos-dice-el-presidente\/\" \/>\n<meta property=\"og:locale\" content=\"es_ES\" \/>\n<meta property=\"og:type\" content=\"article\" \/>\n<meta property=\"og:title\" content=\"Sonora en Equipo. En Colombia no hay &quot;masacres&quot; sino &quot;homicidios colectivos&quot; dice el presidente MUNDO\" \/>\n<meta property=\"og:description\" content=\"MEDELL\u00cdN, COLOMBIA. \u2014 El mandatario se traslad\u00f3 a Nari\u00f1o, donde ocho j\u00f3venes fueron masacrados. En ese mismo lugar, fue asesinada una mujer de 26 a\u00f1os, En Sonora en Equipo publicamos toda la informaci\u00f3n de Sonora, M\u00e9xico y el Mundo de manera oportuna y busca que la libertad de expresi\u00f3n sea real. Visita nuestro medio informativo publicado desde Hermosillo, Sonora. %\" \/>\n<meta property=\"og:url\" content=\"https:\/\/www.sonoraenequipo.com.mx\/en-colombia-no-hay-masacres-sino-homicidios-colectivos-dice-el-presidente\/\" \/>\n<meta property=\"og:site_name\" content=\"Sonora en Equipo.\" \/>\n<meta property=\"article:publisher\" content=\"https:\/\/www.facebook.com\/SonoraEE\/\" \/>\n<meta property=\"article:author\" content=\"https:\/\/www.facebook.com\/SonoraEE\" \/>\n<meta property=\"article:published_time\" content=\"2020-08-23T06:55:14+00:00\" \/>\n<meta property=\"article:modified_time\" content=\"2020-08-23T18:59:34+00:00\" \/>\n<meta property=\"og:image\" content=\"https:\/\/www.sonoraenequipo.com.mx\/storage\/2020\/08\/ivan_duke_opt.jpg\" \/>\n\t<meta property=\"og:image:width\" content=\"711\" \/>\n\t<meta property=\"og:image:height\" content=\"400\" \/>\n\t<meta property=\"og:image:type\" content=\"image\/jpeg\" \/>\n<meta name=\"author\" content=\"enequipo\" \/>\n<meta name=\"twitter:card\" content=\"summary_large_image\" \/>\n<meta name=\"twitter:creator\" content=\"@sonoraenequipo\" \/>\n<meta name=\"twitter:site\" content=\"@sonoraenequipo\" \/>\n<meta name=\"twitter:label1\" content=\"Escrito por\" \/>\n\t<meta name=\"twitter:data1\" content=\"enequipo\" \/>\n\t<meta name=\"twitter:label2\" content=\"Tiempo de lectura\" \/>\n\t<meta name=\"twitter:data2\" content=\"3 minutos\" \/>\n<script type=\"application\/ld+json\" class=\"yoast-schema-graph\">{\"@context\":\"https:\/\/schema.org\",\"@graph\":[{\"@type\":\"Article\",\"@id\":\"https:\/\/www.sonoraenequipo.com.mx\/en-colombia-no-hay-masacres-sino-homicidios-colectivos-dice-el-presidente\/#article\",\"isPartOf\":{\"@id\":\"https:\/\/www.sonoraenequipo.com.mx\/en-colombia-no-hay-masacres-sino-homicidios-colectivos-dice-el-presidente\/\"},\"author\":{\"name\":\"enequipo\",\"@id\":\"https:\/\/www.sonoraenequipo.com.mx\/#\/schema\/person\/50102df0fb23a8fa9e8effad8fa81386\"},\"headline\":\"En Colombia no hay \u00abmasacres\u00bb sino \u00abhomicidios colectivos\u00bb dice el presidente\",\"datePublished\":\"2020-08-23T06:55:14+00:00\",\"dateModified\":\"2020-08-23T18:59:34+00:00\",\"mainEntityOfPage\":{\"@id\":\"https:\/\/www.sonoraenequipo.com.mx\/en-colombia-no-hay-masacres-sino-homicidios-colectivos-dice-el-presidente\/\"},\"wordCount\":518,\"commentCount\":0,\"publisher\":{\"@id\":\"https:\/\/www.sonoraenequipo.com.mx\/#organization\"},\"image\":{\"@id\":\"https:\/\/www.sonoraenequipo.com.mx\/en-colombia-no-hay-masacres-sino-homicidios-colectivos-dice-el-presidente\/#primaryimage\"},\"thumbnailUrl\":\"https:\/\/www.sonoraenequipo.com.mx\/storage\/2020\/08\/ivan_duke_opt.jpg\",\"articleSection\":[\"MUNDO\"],\"inLanguage\":\"es\",\"potentialAction\":[{\"@type\":\"CommentAction\",\"name\":\"Comment\",\"target\":[\"https:\/\/www.sonoraenequipo.com.mx\/en-colombia-no-hay-masacres-sino-homicidios-colectivos-dice-el-presidente\/#respond\"]}]},{\"@type\":\"WebPage\",\"@id\":\"https:\/\/www.sonoraenequipo.com.mx\/en-colombia-no-hay-masacres-sino-homicidios-colectivos-dice-el-presidente\/\",\"url\":\"https:\/\/www.sonoraenequipo.com.mx\/en-colombia-no-hay-masacres-sino-homicidios-colectivos-dice-el-presidente\/\",\"name\":\"Sonora en Equipo. En Colombia no hay \\\"masacres\\\" sino \\\"homicidios colectivos\\\" dice el presidente MUNDO\",\"isPartOf\":{\"@id\":\"https:\/\/www.sonoraenequipo.com.mx\/#website\"},\"primaryImageOfPage\":{\"@id\":\"https:\/\/www.sonoraenequipo.com.mx\/en-colombia-no-hay-masacres-sino-homicidios-colectivos-dice-el-presidente\/#primaryimage\"},\"image\":{\"@id\":\"https:\/\/www.sonoraenequipo.com.mx\/en-colombia-no-hay-masacres-sino-homicidios-colectivos-dice-el-presidente\/#primaryimage\"},\"thumbnailUrl\":\"https:\/\/www.sonoraenequipo.com.mx\/storage\/2020\/08\/ivan_duke_opt.jpg\",\"datePublished\":\"2020-08-23T06:55:14+00:00\",\"dateModified\":\"2020-08-23T18:59:34+00:00\",\"description\":\"MEDELL\u00cdN, COLOMBIA. \u2014 El mandatario se traslad\u00f3 a Nari\u00f1o, donde ocho j\u00f3venes fueron masacrados. En ese mismo lugar, fue asesinada una mujer de 26 a\u00f1os, En Sonora en Equipo publicamos toda la informaci\u00f3n de Sonora, M\u00e9xico y el Mundo de manera oportuna y busca que la libertad de expresi\u00f3n sea real. Visita nuestro medio informativo publicado desde Hermosillo, Sonora. %\",\"breadcrumb\":{\"@id\":\"https:\/\/www.sonoraenequipo.com.mx\/en-colombia-no-hay-masacres-sino-homicidios-colectivos-dice-el-presidente\/#breadcrumb\"},\"inLanguage\":\"es\",\"potentialAction\":[{\"@type\":\"ReadAction\",\"target\":[\"https:\/\/www.sonoraenequipo.com.mx\/en-colombia-no-hay-masacres-sino-homicidios-colectivos-dice-el-presidente\/\"]}]},{\"@type\":\"ImageObject\",\"inLanguage\":\"es\",\"@id\":\"https:\/\/www.sonoraenequipo.com.mx\/en-colombia-no-hay-masacres-sino-homicidios-colectivos-dice-el-presidente\/#primaryimage\",\"url\":\"https:\/\/www.sonoraenequipo.com.mx\/storage\/2020\/08\/ivan_duke_opt.jpg\",\"contentUrl\":\"https:\/\/www.sonoraenequipo.com.mx\/storage\/2020\/08\/ivan_duke_opt.jpg\",\"width\":711,\"height\":400},{\"@type\":\"BreadcrumbList\",\"@id\":\"https:\/\/www.sonoraenequipo.com.mx\/en-colombia-no-hay-masacres-sino-homicidios-colectivos-dice-el-presidente\/#breadcrumb\",\"itemListElement\":[{\"@type\":\"ListItem\",\"position\":1,\"name\":\"Portada\",\"item\":\"https:\/\/www.sonoraenequipo.com.mx\/\"},{\"@type\":\"ListItem\",\"position\":2,\"name\":\"En Colombia no hay \u00abmasacres\u00bb sino \u00abhomicidios colectivos\u00bb dice el presidente\"}]},{\"@type\":\"WebSite\",\"@id\":\"https:\/\/www.sonoraenequipo.com.mx\/#website\",\"url\":\"https:\/\/www.sonoraenequipo.com.mx\/\",\"name\":\"Sonora en Equipo.\",\"description\":\"Diario en l\u00ednea con Noticias desde Hermosillo, Sonora\",\"publisher\":{\"@id\":\"https:\/\/www.sonoraenequipo.com.mx\/#organization\"},\"potentialAction\":[{\"@type\":\"SearchAction\",\"target\":{\"@type\":\"EntryPoint\",\"urlTemplate\":\"https:\/\/www.sonoraenequipo.com.mx\/?s={search_term_string}\"},\"query-input\":{\"@type\":\"PropertyValueSpecification\",\"valueRequired\":true,\"valueName\":\"search_term_string\"}}],\"inLanguage\":\"es\"},{\"@type\":\"Organization\",\"@id\":\"https:\/\/www.sonoraenequipo.com.mx\/#organization\",\"name\":\"Sonoraenequipo.com.mx\",\"url\":\"https:\/\/www.sonoraenequipo.com.mx\/\",\"logo\":{\"@type\":\"ImageObject\",\"inLanguage\":\"es\",\"@id\":\"https:\/\/www.sonoraenequipo.com.mx\/#\/schema\/logo\/image\/\",\"url\":\"https:\/\/www.sonoraenequipo.com.mx\/storage\/2019\/01\/sonoraenequipo_opt.png\",\"contentUrl\":\"https:\/\/www.sonoraenequipo.com.mx\/storage\/2019\/01\/sonoraenequipo_opt.png\",\"width\":375,\"height\":125,\"caption\":\"Sonoraenequipo.com.mx\"},\"image\":{\"@id\":\"https:\/\/www.sonoraenequipo.com.mx\/#\/schema\/logo\/image\/\"},\"sameAs\":[\"https:\/\/www.facebook.com\/SonoraEE\/\",\"https:\/\/x.com\/sonoraenequipo\",\"https:\/\/www.youtube.com\/channel\/UC338nW-lPEYmJQs4ZABQ1SQ\"]},{\"@type\":\"Person\",\"@id\":\"https:\/\/www.sonoraenequipo.com.mx\/#\/schema\/person\/50102df0fb23a8fa9e8effad8fa81386\",\"name\":\"enequipo\",\"image\":{\"@type\":\"ImageObject\",\"inLanguage\":\"es\",\"@id\":\"https:\/\/www.sonoraenequipo.com.mx\/#\/schema\/person\/image\/\",\"url\":\"https:\/\/secure.gravatar.com\/avatar\/049821681b589dabc0bc20695993ccebb09f5b5d4d790cd9251b97faac7c652b?s=96&d=blank&r=g\",\"contentUrl\":\"https:\/\/secure.gravatar.com\/avatar\/049821681b589dabc0bc20695993ccebb09f5b5d4d790cd9251b97faac7c652b?s=96&d=blank&r=g\",\"caption\":\"enequipo\"},\"sameAs\":[\"https:\/\/www.facebook.com\/SonoraEE\"]}]}<\/script>\n ","yoast_head_json":{"title":"Sonora en Equipo. En Colombia no hay \"masacres\" sino \"homicidios colectivos\" dice el presidente MUNDO","description":"MEDELL\u00cdN, COLOMBIA. \u2014 El mandatario se traslad\u00f3 a Nari\u00f1o, donde ocho j\u00f3venes fueron masacrados. En ese mismo lugar, fue asesinada una mujer de 26 a\u00f1os, En Sonora en Equipo publicamos toda la informaci\u00f3n de Sonora, M\u00e9xico y el Mundo de manera oportuna y busca que la libertad de expresi\u00f3n sea real. Visita nuestro medio informativo publicado desde Hermosillo, Sonora. %","robots":{"index":"index","follow":"follow","max-snippet":"max-snippet:-1","max-image-preview":"max-image-preview:large","max-video-preview":"max-video-preview:-1"},"canonical":"https:\/\/www.sonoraenequipo.com.mx\/en-colombia-no-hay-masacres-sino-homicidios-colectivos-dice-el-presidente\/","og_locale":"es_ES","og_type":"article","og_title":"Sonora en Equipo. En Colombia no hay \"masacres\" sino \"homicidios colectivos\" dice el presidente MUNDO","og_description":"MEDELL\u00cdN, COLOMBIA. \u2014 El mandatario se traslad\u00f3 a Nari\u00f1o, donde ocho j\u00f3venes fueron masacrados. En ese mismo lugar, fue asesinada una mujer de 26 a\u00f1os, En Sonora en Equipo publicamos toda la informaci\u00f3n de Sonora, M\u00e9xico y el Mundo de manera oportuna y busca que la libertad de expresi\u00f3n sea real. Visita nuestro medio informativo publicado desde Hermosillo, Sonora. %","og_url":"https:\/\/www.sonoraenequipo.com.mx\/en-colombia-no-hay-masacres-sino-homicidios-colectivos-dice-el-presidente\/","og_site_name":"Sonora en Equipo.","article_publisher":"https:\/\/www.facebook.com\/SonoraEE\/","article_author":"https:\/\/www.facebook.com\/SonoraEE","article_published_time":"2020-08-23T06:55:14+00:00","article_modified_time":"2020-08-23T18:59:34+00:00","og_image":[{"width":711,"height":400,"url":"https:\/\/www.sonoraenequipo.com.mx\/storage\/2020\/08\/ivan_duke_opt.jpg","type":"image\/jpeg"}],"author":"enequipo","twitter_card":"summary_large_image","twitter_creator":"@sonoraenequipo","twitter_site":"@sonoraenequipo","twitter_misc":{"Escrito por":"enequipo","Tiempo de lectura":"3 minutos"},"schema":{"@context":"https:\/\/schema.org","@graph":[{"@type":"Article","@id":"https:\/\/www.sonoraenequipo.com.mx\/en-colombia-no-hay-masacres-sino-homicidios-colectivos-dice-el-presidente\/#article","isPartOf":{"@id":"https:\/\/www.sonoraenequipo.com.mx\/en-colombia-no-hay-masacres-sino-homicidios-colectivos-dice-el-presidente\/"},"author":{"name":"enequipo","@id":"https:\/\/www.sonoraenequipo.com.mx\/#\/schema\/person\/50102df0fb23a8fa9e8effad8fa81386"},"headline":"En Colombia no hay \u00abmasacres\u00bb sino \u00abhomicidios colectivos\u00bb dice el presidente","datePublished":"2020-08-23T06:55:14+00:00","dateModified":"2020-08-23T18:59:34+00:00","mainEntityOfPage":{"@id":"https:\/\/www.sonoraenequipo.com.mx\/en-colombia-no-hay-masacres-sino-homicidios-colectivos-dice-el-presidente\/"},"wordCount":518,"commentCount":0,"publisher":{"@id":"https:\/\/www.sonoraenequipo.com.mx\/#organization"},"image":{"@id":"https:\/\/www.sonoraenequipo.com.mx\/en-colombia-no-hay-masacres-sino-homicidios-colectivos-dice-el-presidente\/#primaryimage"},"thumbnailUrl":"https:\/\/www.sonoraenequipo.com.mx\/storage\/2020\/08\/ivan_duke_opt.jpg","articleSection":["MUNDO"],"inLanguage":"es","potentialAction":[{"@type":"CommentAction","name":"Comment","target":["https:\/\/www.sonoraenequipo.com.mx\/en-colombia-no-hay-masacres-sino-homicidios-colectivos-dice-el-presidente\/#respond"]}]},{"@type":"WebPage","@id":"https:\/\/www.sonoraenequipo.com.mx\/en-colombia-no-hay-masacres-sino-homicidios-colectivos-dice-el-presidente\/","url":"https:\/\/www.sonoraenequipo.com.mx\/en-colombia-no-hay-masacres-sino-homicidios-colectivos-dice-el-presidente\/","name":"Sonora en Equipo. En Colombia no hay \"masacres\" sino \"homicidios colectivos\" dice el presidente MUNDO","isPartOf":{"@id":"https:\/\/www.sonoraenequipo.com.mx\/#website"},"primaryImageOfPage":{"@id":"https:\/\/www.sonoraenequipo.com.mx\/en-colombia-no-hay-masacres-sino-homicidios-colectivos-dice-el-presidente\/#primaryimage"},"image":{"@id":"https:\/\/www.sonoraenequipo.com.mx\/en-colombia-no-hay-masacres-sino-homicidios-colectivos-dice-el-presidente\/#primaryimage"},"thumbnailUrl":"https:\/\/www.sonoraenequipo.com.mx\/storage\/2020\/08\/ivan_duke_opt.jpg","datePublished":"2020-08-23T06:55:14+00:00","dateModified":"2020-08-23T18:59:34+00:00","description":"MEDELL\u00cdN, COLOMBIA. \u2014 El mandatario se traslad\u00f3 a Nari\u00f1o, donde ocho j\u00f3venes fueron masacrados. En ese mismo lugar, fue asesinada una mujer de 26 a\u00f1os, En Sonora en Equipo publicamos toda la informaci\u00f3n de Sonora, M\u00e9xico y el Mundo de manera oportuna y busca que la libertad de expresi\u00f3n sea real. Visita nuestro medio informativo publicado desde Hermosillo, Sonora. %","breadcrumb":{"@id":"https:\/\/www.sonoraenequipo.com.mx\/en-colombia-no-hay-masacres-sino-homicidios-colectivos-dice-el-presidente\/#breadcrumb"},"inLanguage":"es","potentialAction":[{"@type":"ReadAction","target":["https:\/\/www.sonoraenequipo.com.mx\/en-colombia-no-hay-masacres-sino-homicidios-colectivos-dice-el-presidente\/"]}]},{"@type":"ImageObject","inLanguage":"es","@id":"https:\/\/www.sonoraenequipo.com.mx\/en-colombia-no-hay-masacres-sino-homicidios-colectivos-dice-el-presidente\/#primaryimage","url":"https:\/\/www.sonoraenequipo.com.mx\/storage\/2020\/08\/ivan_duke_opt.jpg","contentUrl":"https:\/\/www.sonoraenequipo.com.mx\/storage\/2020\/08\/ivan_duke_opt.jpg","width":711,"height":400},{"@type":"BreadcrumbList","@id":"https:\/\/www.sonoraenequipo.com.mx\/en-colombia-no-hay-masacres-sino-homicidios-colectivos-dice-el-presidente\/#breadcrumb","itemListElement":[{"@type":"ListItem","position":1,"name":"Portada","item":"https:\/\/www.sonoraenequipo.com.mx\/"},{"@type":"ListItem","position":2,"name":"En Colombia no hay \u00abmasacres\u00bb sino \u00abhomicidios colectivos\u00bb dice el presidente"}]},{"@type":"WebSite","@id":"https:\/\/www.sonoraenequipo.com.mx\/#website","url":"https:\/\/www.sonoraenequipo.com.mx\/","name":"Sonora en Equipo.","description":"Diario en l\u00ednea con Noticias desde Hermosillo, Sonora","publisher":{"@id":"https:\/\/www.sonoraenequipo.com.mx\/#organization"},"potentialAction":[{"@type":"SearchAction","target":{"@type":"EntryPoint","urlTemplate":"https:\/\/www.sonoraenequipo.com.mx\/?s={search_term_string}"},"query-input":{"@type":"PropertyValueSpecification","valueRequired":true,"valueName":"search_term_string"}}],"inLanguage":"es"},{"@type":"Organization","@id":"https:\/\/www.sonoraenequipo.com.mx\/#organization","name":"Sonoraenequipo.com.mx","url":"https:\/\/www.sonoraenequipo.com.mx\/","logo":{"@type":"ImageObject","inLanguage":"es","@id":"https:\/\/www.sonoraenequipo.com.mx\/#\/schema\/logo\/image\/","url":"https:\/\/www.sonoraenequipo.com.mx\/storage\/2019\/01\/sonoraenequipo_opt.png","contentUrl":"https:\/\/www.sonoraenequipo.com.mx\/storage\/2019\/01\/sonoraenequipo_opt.png","width":375,"height":125,"caption":"Sonoraenequipo.com.mx"},"image":{"@id":"https:\/\/www.sonoraenequipo.com.mx\/#\/schema\/logo\/image\/"},"sameAs":["https:\/\/www.facebook.com\/SonoraEE\/","https:\/\/x.com\/sonoraenequipo","https:\/\/www.youtube.com\/channel\/UC338nW-lPEYmJQs4ZABQ1SQ"]},{"@type":"Person","@id":"https:\/\/www.sonoraenequipo.com.mx\/#\/schema\/person\/50102df0fb23a8fa9e8effad8fa81386","name":"enequipo","image":{"@type":"ImageObject","inLanguage":"es","@id":"https:\/\/www.sonoraenequipo.com.mx\/#\/schema\/person\/image\/","url":"https:\/\/secure.gravatar.com\/avatar\/049821681b589dabc0bc20695993ccebb09f5b5d4d790cd9251b97faac7c652b?s=96&d=blank&r=g","contentUrl":"https:\/\/secure.gravatar.com\/avatar\/049821681b589dabc0bc20695993ccebb09f5b5d4d790cd9251b97faac7c652b?s=96&d=blank&r=g","caption":"enequipo"},"sameAs":["https:\/\/www.facebook.com\/SonoraEE"]}]}},"jetpack_featured_media_url":"https:\/\/www.sonoraenequipo.com.mx\/storage\/2020\/08\/ivan_duke_opt.jpg","_links":{"self":[{"href":"https:\/\/www.sonoraenequipo.com.mx\/api\/wp\/v2\/posts\/93334","targetHints":{"allow":["GET"]}}],"collection":[{"href":"https:\/\/www.sonoraenequipo.com.mx\/api\/wp\/v2\/posts"}],"about":[{"href":"https:\/\/www.sonoraenequipo.com.mx\/api\/wp\/v2\/types\/post"}],"author":[{"embeddable":true,"href":"https:\/\/www.sonoraenequipo.com.mx\/api\/wp\/v2\/users\/1"}],"replies":[{"embeddable":true,"href":"https:\/\/www.sonoraenequipo.com.mx\/api\/wp\/v2\/comments?post=93334"}],"version-history":[{"count":0,"href":"https:\/\/www.sonoraenequipo.com.mx\/api\/wp\/v2\/posts\/93334\/revisions"}],"wp:featuredmedia":[{"embeddable":true,"href":"https:\/\/www.sonoraenequipo.com.mx\/api\/wp\/v2\/media\/93337"}],"wp:attachment":[{"href":"https:\/\/www.sonoraenequipo.com.mx\/api\/wp\/v2\/media?parent=93334"}],"wp:term":[{"taxonomy":"category","embeddable":true,"href":"https:\/\/www.sonoraenequipo.com.mx\/api\/wp\/v2\/categories?post=93334"},{"taxonomy":"post_tag","embeddable":true,"href":"https:\/\/www.sonoraenequipo.com.mx\/api\/wp\/v2\/tags?post=93334"}],"curies":[{"name":"wp","href":"https:\/\/api.w.org\/{rel}","templated":true}]}}