{"id":93339,"date":"2020-08-23T06:00:33","date_gmt":"2020-08-23T13:00:33","guid":{"rendered":"https:\/\/www.sonoraenequipo.com.mx\/?p=93339"},"modified":"2020-08-23T12:11:28","modified_gmt":"2020-08-23T19:11:28","slug":"elegimos-estrategia-correcta-contra-covid-19-stefan-lofven","status":"publish","type":"post","link":"https:\/\/www.sonoraenequipo.com.mx\/elegimos-estrategia-correcta-contra-covid-19-stefan-lofven\/","title":{"rendered":"\u00abElegimos estrategia correcta\u00bb contra COVID-19: Stefan L\u00f6fven"},"content":{"rendered":"<p>ESTOCOLMO, SUECIA. \u2014 La estrategia ha generado algunos reproches dentro del pa\u00eds, por parte de la oposici\u00f3n de derecha y de un grupo de expertos, aunque encuestas muestran que la mayor\u00eda de la poblaci\u00f3n sigue confiando en las autoridades.<\/p>\n<p>&nbsp;<\/p>\n<p> <\/p>\n<p>&nbsp;<\/p>\n<p>El primer ministro sueco, Stefan L\u00f6fven, defendi\u00f3 este s\u00e1bado (22.08.2020) que Suecia eligi\u00f3 la estrategia <em>\u00abcorrecta\u00bb<\/em> frente al coronavirus, a pesar de que la cifra de muertos por COVID-19 es muy superior a la del resto de pa\u00edses n\u00f3rdicos.<\/p>\n<p>&nbsp;<\/p>\n<p>&nbsp;<\/p>\n<p>Suecia, que apost\u00f3 por menos medidas restrictivas que la mayor\u00eda de los pa\u00edses, ha registrado 5.810 muertes, cinco veces m\u00e1s que Dinamarca y nueve m\u00e1s que Finlandia, aunque con una tasa de mortalidad inferior a la de Espa\u00f1a, Italia, Reino Unido y B\u00e9lgica.<\/p>\n<p>&nbsp;<\/p>\n<p>&nbsp;<\/p>\n<p><em>\u00abCreo que elegimos el camino correcto. La estrategia fue la correcta: proteger a los individuos, evitar la propagaci\u00f3n. Lo m\u00e1s discutido y que hicimos diferente en Suecia fue no cerrar las escuelas. Pero ahora hay muchos que piensan que fue acertado\u00bb,<\/em> se\u00f1al\u00f3 en una entrevista a Dagens Nyheter, principal rotativo sueco.<\/p>\n<p>&nbsp;<\/p>\n<p>&nbsp;<\/p>\n<p>A diferencia del resto de pa\u00edses n\u00f3rdicos, que clausuraron la vida p\u00fablica la pasada primavera, aunque no confinaron a la poblaci\u00f3n, la estrategia sueca se ha centrado en muchas recomendaciones y algunas prohibiciones, pero sin cerrar guarder\u00edas, escuelas, bares y restaurantes.<\/p>\n<p>&nbsp;<\/p>\n<p>&nbsp;<\/p>\n<p>L\u00f6fven resalt\u00f3 no obstante que la pandemia fue algo inesperado y que ser\u00eda <em>\u00abinteligente\u00bb<\/em> esperar al resultado de una comisi\u00f3n de investigaci\u00f3n creada por las autoridades suecas para sacar una conclusi\u00f3n definitiva.<\/p>\n<p>&nbsp;<\/p>\n<p>&nbsp;<\/p>\n<h3>Gran autonom\u00eda de las agencias p\u00fablicas<\/h3>\n<p>&nbsp;<\/p>\n<p>&nbsp;<\/p>\n<p>La gran autonom\u00eda de que gozan las agencias p\u00fablicas en Suecia ha hecho que el Gobierno haya adoptado un papel menos visible de cara al p\u00fablico, lo que le ha valido algunas cr\u00edticas por no asumir el liderazgo que L\u00f6fven considera injustas.<\/p>\n<p>&nbsp;<\/p>\n<p>&nbsp;<\/p>\n<p><em>\u00abEs absurdo. El 1 de febrero, el Gobierno dijo que hab\u00eda una infecci\u00f3n peligrosa para la sociedad. Es una clara se\u00f1al pol\u00edtica y entonces se les dan a las autoridades sanitarias la capacidad para actuar, pero no es el Gobierno el que hace todo\u00bb,<\/em> explic\u00f3 L\u00f6fven.<\/p>\n<p>&nbsp;<\/p>\n<p>(PUBLICADO EL 23\/08\/2020 \/ EFE )<\/p>\n","protected":false},"excerpt":{"rendered":"<p>ESTOCOLMO, SUECIA. \u2014 La estrategia ha generado algunos reproches dentro del pa\u00eds, por parte de&#8230;<\/p>\n","protected":false},"author":1,"featured_media":93340,"comment_status":"open","ping_status":"open","sticky":false,"template":"","format":"standard","meta":{"_monsterinsights_skip_tracking":false,"_monsterinsights_sitenote_active":false,"_monsterinsights_sitenote_note":"","_monsterinsights_sitenote_category":0,"footnotes":""},"categories":[3],"tags":[4673,4029,4198,2507,4674,4382,4672,835],"class_list":["post"],"yoast_head":" \n<title>Sonora en Equipo. &quot;Elegimos estrategia correcta&quot; contra COVID-19: Stefan L\u00f6fven MUNDO<\/title>\n<meta name=\"description\" content=\"ESTOCOLMO, SUECIA. \u2014 La estrategia ha generado algunos reproches dentro del pa\u00eds, por parte de la oposici\u00f3n de derecha y de un grupo de expertos, aunque En Sonora en Equipo publicamos toda la informaci\u00f3n de Sonora, M\u00e9xico y el Mundo de manera oportuna y busca que la libertad de expresi\u00f3n sea real. Visita nuestro medio informativo publicado desde Hermosillo, Sonora. %\" \/>\n<meta name=\"robots\" content=\"index, follow, max-snippet:-1, max-image-preview:large, max-video-preview:-1\" \/>\n<link rel=\"canonical\" href=\"https:\/\/www.sonoraenequipo.com.mx\/elegimos-estrategia-correcta-contra-covid-19-stefan-lofven\/\" \/>\n<meta property=\"og:locale\" content=\"es_ES\" \/>\n<meta property=\"og:type\" content=\"article\" \/>\n<meta property=\"og:title\" content=\"Sonora en Equipo. &quot;Elegimos estrategia correcta&quot; contra COVID-19: Stefan L\u00f6fven MUNDO\" \/>\n<meta property=\"og:description\" content=\"ESTOCOLMO, SUECIA. \u2014 La estrategia ha generado algunos reproches dentro del pa\u00eds, por parte de la oposici\u00f3n de derecha y de un grupo de expertos, aunque En Sonora en Equipo publicamos toda la informaci\u00f3n de Sonora, M\u00e9xico y el Mundo de manera oportuna y busca que la libertad de expresi\u00f3n sea real. Visita nuestro medio informativo publicado desde Hermosillo, Sonora. %\" \/>\n<meta property=\"og:url\" content=\"https:\/\/www.sonoraenequipo.com.mx\/elegimos-estrategia-correcta-contra-covid-19-stefan-lofven\/\" \/>\n<meta property=\"og:site_name\" content=\"Sonora en Equipo.\" \/>\n<meta property=\"article:publisher\" content=\"https:\/\/www.facebook.com\/SonoraEE\/\" \/>\n<meta property=\"article:author\" content=\"https:\/\/www.facebook.com\/SonoraEE\" \/>\n<meta property=\"article:published_time\" content=\"2020-08-23T13:00:33+00:00\" \/>\n<meta property=\"article:modified_time\" content=\"2020-08-23T19:11:28+00:00\" \/>\n<meta property=\"og:image\" content=\"https:\/\/www.sonoraenequipo.com.mx\/storage\/2020\/08\/estocolmo_disfrutando-un-dia-soleado_opt1.jpg\" \/>\n\t<meta property=\"og:image:width\" content=\"711\" \/>\n\t<meta property=\"og:image:height\" content=\"400\" \/>\n\t<meta property=\"og:image:type\" content=\"image\/jpeg\" \/>\n<meta name=\"author\" content=\"enequipo\" \/>\n<meta name=\"twitter:card\" content=\"summary_large_image\" \/>\n<meta name=\"twitter:creator\" content=\"@sonoraenequipo\" \/>\n<meta name=\"twitter:site\" content=\"@sonoraenequipo\" \/>\n<meta name=\"twitter:label1\" content=\"Escrito por\" \/>\n\t<meta name=\"twitter:data1\" content=\"enequipo\" \/>\n\t<meta name=\"twitter:label2\" content=\"Tiempo de lectura\" \/>\n\t<meta name=\"twitter:data2\" content=\"2 minutos\" \/>\n<script type=\"application\/ld+json\" class=\"yoast-schema-graph\">{\"@context\":\"https:\/\/schema.org\",\"@graph\":[{\"@type\":\"Article\",\"@id\":\"https:\/\/www.sonoraenequipo.com.mx\/elegimos-estrategia-correcta-contra-covid-19-stefan-lofven\/#article\",\"isPartOf\":{\"@id\":\"https:\/\/www.sonoraenequipo.com.mx\/elegimos-estrategia-correcta-contra-covid-19-stefan-lofven\/\"},\"author\":{\"name\":\"enequipo\",\"@id\":\"https:\/\/www.sonoraenequipo.com.mx\/#\/schema\/person\/50102df0fb23a8fa9e8effad8fa81386\"},\"headline\":\"\u00abElegimos estrategia correcta\u00bb contra COVID-19: Stefan L\u00f6fven\",\"datePublished\":\"2020-08-23T13:00:33+00:00\",\"dateModified\":\"2020-08-23T19:11:28+00:00\",\"mainEntityOfPage\":{\"@id\":\"https:\/\/www.sonoraenequipo.com.mx\/elegimos-estrategia-correcta-contra-covid-19-stefan-lofven\/\"},\"wordCount\":402,\"commentCount\":0,\"publisher\":{\"@id\":\"https:\/\/www.sonoraenequipo.com.mx\/#organization\"},\"image\":{\"@id\":\"https:\/\/www.sonoraenequipo.com.mx\/elegimos-estrategia-correcta-contra-covid-19-stefan-lofven\/#primaryimage\"},\"thumbnailUrl\":\"https:\/\/www.sonoraenequipo.com.mx\/storage\/2020\/08\/estocolmo_disfrutando-un-dia-soleado_opt1.jpg\",\"keywords\":[\"C-19\",\"Coronavirus\",\"Covid-19\",\"En Equipo\",\"M\u00e9xicco\",\"pandemia\",\"Stefan L\u00f6fven\",\"Suecia\"],\"articleSection\":[\"MUNDO\"],\"inLanguage\":\"es\",\"potentialAction\":[{\"@type\":\"CommentAction\",\"name\":\"Comment\",\"target\":[\"https:\/\/www.sonoraenequipo.com.mx\/elegimos-estrategia-correcta-contra-covid-19-stefan-lofven\/#respond\"]}]},{\"@type\":\"WebPage\",\"@id\":\"https:\/\/www.sonoraenequipo.com.mx\/elegimos-estrategia-correcta-contra-covid-19-stefan-lofven\/\",\"url\":\"https:\/\/www.sonoraenequipo.com.mx\/elegimos-estrategia-correcta-contra-covid-19-stefan-lofven\/\",\"name\":\"Sonora en Equipo. \\\"Elegimos estrategia correcta\\\" contra COVID-19: Stefan L\u00f6fven MUNDO\",\"isPartOf\":{\"@id\":\"https:\/\/www.sonoraenequipo.com.mx\/#website\"},\"primaryImageOfPage\":{\"@id\":\"https:\/\/www.sonoraenequipo.com.mx\/elegimos-estrategia-correcta-contra-covid-19-stefan-lofven\/#primaryimage\"},\"image\":{\"@id\":\"https:\/\/www.sonoraenequipo.com.mx\/elegimos-estrategia-correcta-contra-covid-19-stefan-lofven\/#primaryimage\"},\"thumbnailUrl\":\"https:\/\/www.sonoraenequipo.com.mx\/storage\/2020\/08\/estocolmo_disfrutando-un-dia-soleado_opt1.jpg\",\"datePublished\":\"2020-08-23T13:00:33+00:00\",\"dateModified\":\"2020-08-23T19:11:28+00:00\",\"description\":\"ESTOCOLMO, SUECIA. \u2014 La estrategia ha generado algunos reproches dentro del pa\u00eds, por parte de la oposici\u00f3n de derecha y de un grupo de expertos, aunque En Sonora en Equipo publicamos toda la informaci\u00f3n de Sonora, M\u00e9xico y el Mundo de manera oportuna y busca que la libertad de expresi\u00f3n sea real. Visita nuestro medio informativo publicado desde Hermosillo, Sonora. %\",\"breadcrumb\":{\"@id\":\"https:\/\/www.sonoraenequipo.com.mx\/elegimos-estrategia-correcta-contra-covid-19-stefan-lofven\/#breadcrumb\"},\"inLanguage\":\"es\",\"potentialAction\":[{\"@type\":\"ReadAction\",\"target\":[\"https:\/\/www.sonoraenequipo.com.mx\/elegimos-estrategia-correcta-contra-covid-19-stefan-lofven\/\"]}]},{\"@type\":\"ImageObject\",\"inLanguage\":\"es\",\"@id\":\"https:\/\/www.sonoraenequipo.com.mx\/elegimos-estrategia-correcta-contra-covid-19-stefan-lofven\/#primaryimage\",\"url\":\"https:\/\/www.sonoraenequipo.com.mx\/storage\/2020\/08\/estocolmo_disfrutando-un-dia-soleado_opt1.jpg\",\"contentUrl\":\"https:\/\/www.sonoraenequipo.com.mx\/storage\/2020\/08\/estocolmo_disfrutando-un-dia-soleado_opt1.jpg\",\"width\":711,\"height\":400},{\"@type\":\"BreadcrumbList\",\"@id\":\"https:\/\/www.sonoraenequipo.com.mx\/elegimos-estrategia-correcta-contra-covid-19-stefan-lofven\/#breadcrumb\",\"itemListElement\":[{\"@type\":\"ListItem\",\"position\":1,\"name\":\"Portada\",\"item\":\"https:\/\/www.sonoraenequipo.com.mx\/\"},{\"@type\":\"ListItem\",\"position\":2,\"name\":\"\u00abElegimos estrategia correcta\u00bb contra COVID-19: Stefan L\u00f6fven\"}]},{\"@type\":\"WebSite\",\"@id\":\"https:\/\/www.sonoraenequipo.com.mx\/#website\",\"url\":\"https:\/\/www.sonoraenequipo.com.mx\/\",\"name\":\"Sonora en Equipo.\",\"description\":\"Diario en l\u00ednea con Noticias desde Hermosillo, Sonora\",\"publisher\":{\"@id\":\"https:\/\/www.sonoraenequipo.com.mx\/#organization\"},\"potentialAction\":[{\"@type\":\"SearchAction\",\"target\":{\"@type\":\"EntryPoint\",\"urlTemplate\":\"https:\/\/www.sonoraenequipo.com.mx\/?s={search_term_string}\"},\"query-input\":{\"@type\":\"PropertyValueSpecification\",\"valueRequired\":true,\"valueName\":\"search_term_string\"}}],\"inLanguage\":\"es\"},{\"@type\":\"Organization\",\"@id\":\"https:\/\/www.sonoraenequipo.com.mx\/#organization\",\"name\":\"Sonoraenequipo.com.mx\",\"url\":\"https:\/\/www.sonoraenequipo.com.mx\/\",\"logo\":{\"@type\":\"ImageObject\",\"inLanguage\":\"es\",\"@id\":\"https:\/\/www.sonoraenequipo.com.mx\/#\/schema\/logo\/image\/\",\"url\":\"https:\/\/www.sonoraenequipo.com.mx\/storage\/2019\/01\/sonoraenequipo_opt.png\",\"contentUrl\":\"https:\/\/www.sonoraenequipo.com.mx\/storage\/2019\/01\/sonoraenequipo_opt.png\",\"width\":375,\"height\":125,\"caption\":\"Sonoraenequipo.com.mx\"},\"image\":{\"@id\":\"https:\/\/www.sonoraenequipo.com.mx\/#\/schema\/logo\/image\/\"},\"sameAs\":[\"https:\/\/www.facebook.com\/SonoraEE\/\",\"https:\/\/x.com\/sonoraenequipo\",\"https:\/\/www.youtube.com\/channel\/UC338nW-lPEYmJQs4ZABQ1SQ\"]},{\"@type\":\"Person\",\"@id\":\"https:\/\/www.sonoraenequipo.com.mx\/#\/schema\/person\/50102df0fb23a8fa9e8effad8fa81386\",\"name\":\"enequipo\",\"image\":{\"@type\":\"ImageObject\",\"inLanguage\":\"es\",\"@id\":\"https:\/\/www.sonoraenequipo.com.mx\/#\/schema\/person\/image\/\",\"url\":\"https:\/\/secure.gravatar.com\/avatar\/049821681b589dabc0bc20695993ccebb09f5b5d4d790cd9251b97faac7c652b?s=96&d=blank&r=g\",\"contentUrl\":\"https:\/\/secure.gravatar.com\/avatar\/049821681b589dabc0bc20695993ccebb09f5b5d4d790cd9251b97faac7c652b?s=96&d=blank&r=g\",\"caption\":\"enequipo\"},\"sameAs\":[\"https:\/\/www.facebook.com\/SonoraEE\"]}]}<\/script>\n ","yoast_head_json":{"title":"Sonora en Equipo. \"Elegimos estrategia correcta\" contra COVID-19: Stefan L\u00f6fven MUNDO","description":"ESTOCOLMO, SUECIA. \u2014 La estrategia ha generado algunos reproches dentro del pa\u00eds, por parte de la oposici\u00f3n de derecha y de un grupo de expertos, aunque En Sonora en Equipo publicamos toda la informaci\u00f3n de Sonora, M\u00e9xico y el Mundo de manera oportuna y busca que la libertad de expresi\u00f3n sea real. Visita nuestro medio informativo publicado desde Hermosillo, Sonora. %","robots":{"index":"index","follow":"follow","max-snippet":"max-snippet:-1","max-image-preview":"max-image-preview:large","max-video-preview":"max-video-preview:-1"},"canonical":"https:\/\/www.sonoraenequipo.com.mx\/elegimos-estrategia-correcta-contra-covid-19-stefan-lofven\/","og_locale":"es_ES","og_type":"article","og_title":"Sonora en Equipo. \"Elegimos estrategia correcta\" contra COVID-19: Stefan L\u00f6fven MUNDO","og_description":"ESTOCOLMO, SUECIA. \u2014 La estrategia ha generado algunos reproches dentro del pa\u00eds, por parte de la oposici\u00f3n de derecha y de un grupo de expertos, aunque En Sonora en Equipo publicamos toda la informaci\u00f3n de Sonora, M\u00e9xico y el Mundo de manera oportuna y busca que la libertad de expresi\u00f3n sea real. Visita nuestro medio informativo publicado desde Hermosillo, Sonora. %","og_url":"https:\/\/www.sonoraenequipo.com.mx\/elegimos-estrategia-correcta-contra-covid-19-stefan-lofven\/","og_site_name":"Sonora en Equipo.","article_publisher":"https:\/\/www.facebook.com\/SonoraEE\/","article_author":"https:\/\/www.facebook.com\/SonoraEE","article_published_time":"2020-08-23T13:00:33+00:00","article_modified_time":"2020-08-23T19:11:28+00:00","og_image":[{"width":711,"height":400,"url":"https:\/\/www.sonoraenequipo.com.mx\/storage\/2020\/08\/estocolmo_disfrutando-un-dia-soleado_opt1.jpg","type":"image\/jpeg"}],"author":"enequipo","twitter_card":"summary_large_image","twitter_creator":"@sonoraenequipo","twitter_site":"@sonoraenequipo","twitter_misc":{"Escrito por":"enequipo","Tiempo de lectura":"2 minutos"},"schema":{"@context":"https:\/\/schema.org","@graph":[{"@type":"Article","@id":"https:\/\/www.sonoraenequipo.com.mx\/elegimos-estrategia-correcta-contra-covid-19-stefan-lofven\/#article","isPartOf":{"@id":"https:\/\/www.sonoraenequipo.com.mx\/elegimos-estrategia-correcta-contra-covid-19-stefan-lofven\/"},"author":{"name":"enequipo","@id":"https:\/\/www.sonoraenequipo.com.mx\/#\/schema\/person\/50102df0fb23a8fa9e8effad8fa81386"},"headline":"\u00abElegimos estrategia correcta\u00bb contra COVID-19: Stefan L\u00f6fven","datePublished":"2020-08-23T13:00:33+00:00","dateModified":"2020-08-23T19:11:28+00:00","mainEntityOfPage":{"@id":"https:\/\/www.sonoraenequipo.com.mx\/elegimos-estrategia-correcta-contra-covid-19-stefan-lofven\/"},"wordCount":402,"commentCount":0,"publisher":{"@id":"https:\/\/www.sonoraenequipo.com.mx\/#organization"},"image":{"@id":"https:\/\/www.sonoraenequipo.com.mx\/elegimos-estrategia-correcta-contra-covid-19-stefan-lofven\/#primaryimage"},"thumbnailUrl":"https:\/\/www.sonoraenequipo.com.mx\/storage\/2020\/08\/estocolmo_disfrutando-un-dia-soleado_opt1.jpg","keywords":["C-19","Coronavirus","Covid-19","En Equipo","M\u00e9xicco","pandemia","Stefan L\u00f6fven","Suecia"],"articleSection":["MUNDO"],"inLanguage":"es","potentialAction":[{"@type":"CommentAction","name":"Comment","target":["https:\/\/www.sonoraenequipo.com.mx\/elegimos-estrategia-correcta-contra-covid-19-stefan-lofven\/#respond"]}]},{"@type":"WebPage","@id":"https:\/\/www.sonoraenequipo.com.mx\/elegimos-estrategia-correcta-contra-covid-19-stefan-lofven\/","url":"https:\/\/www.sonoraenequipo.com.mx\/elegimos-estrategia-correcta-contra-covid-19-stefan-lofven\/","name":"Sonora en Equipo. \"Elegimos estrategia correcta\" contra COVID-19: Stefan L\u00f6fven MUNDO","isPartOf":{"@id":"https:\/\/www.sonoraenequipo.com.mx\/#website"},"primaryImageOfPage":{"@id":"https:\/\/www.sonoraenequipo.com.mx\/elegimos-estrategia-correcta-contra-covid-19-stefan-lofven\/#primaryimage"},"image":{"@id":"https:\/\/www.sonoraenequipo.com.mx\/elegimos-estrategia-correcta-contra-covid-19-stefan-lofven\/#primaryimage"},"thumbnailUrl":"https:\/\/www.sonoraenequipo.com.mx\/storage\/2020\/08\/estocolmo_disfrutando-un-dia-soleado_opt1.jpg","datePublished":"2020-08-23T13:00:33+00:00","dateModified":"2020-08-23T19:11:28+00:00","description":"ESTOCOLMO, SUECIA. \u2014 La estrategia ha generado algunos reproches dentro del pa\u00eds, por parte de la oposici\u00f3n de derecha y de un grupo de expertos, aunque En Sonora en Equipo publicamos toda la informaci\u00f3n de Sonora, M\u00e9xico y el Mundo de manera oportuna y busca que la libertad de expresi\u00f3n sea real. Visita nuestro medio informativo publicado desde Hermosillo, Sonora. %","breadcrumb":{"@id":"https:\/\/www.sonoraenequipo.com.mx\/elegimos-estrategia-correcta-contra-covid-19-stefan-lofven\/#breadcrumb"},"inLanguage":"es","potentialAction":[{"@type":"ReadAction","target":["https:\/\/www.sonoraenequipo.com.mx\/elegimos-estrategia-correcta-contra-covid-19-stefan-lofven\/"]}]},{"@type":"ImageObject","inLanguage":"es","@id":"https:\/\/www.sonoraenequipo.com.mx\/elegimos-estrategia-correcta-contra-covid-19-stefan-lofven\/#primaryimage","url":"https:\/\/www.sonoraenequipo.com.mx\/storage\/2020\/08\/estocolmo_disfrutando-un-dia-soleado_opt1.jpg","contentUrl":"https:\/\/www.sonoraenequipo.com.mx\/storage\/2020\/08\/estocolmo_disfrutando-un-dia-soleado_opt1.jpg","width":711,"height":400},{"@type":"BreadcrumbList","@id":"https:\/\/www.sonoraenequipo.com.mx\/elegimos-estrategia-correcta-contra-covid-19-stefan-lofven\/#breadcrumb","itemListElement":[{"@type":"ListItem","position":1,"name":"Portada","item":"https:\/\/www.sonoraenequipo.com.mx\/"},{"@type":"ListItem","position":2,"name":"\u00abElegimos estrategia correcta\u00bb contra COVID-19: Stefan L\u00f6fven"}]},{"@type":"WebSite","@id":"https:\/\/www.sonoraenequipo.com.mx\/#website","url":"https:\/\/www.sonoraenequipo.com.mx\/","name":"Sonora en Equipo.","description":"Diario en l\u00ednea con Noticias desde Hermosillo, Sonora","publisher":{"@id":"https:\/\/www.sonoraenequipo.com.mx\/#organization"},"potentialAction":[{"@type":"SearchAction","target":{"@type":"EntryPoint","urlTemplate":"https:\/\/www.sonoraenequipo.com.mx\/?s={search_term_string}"},"query-input":{"@type":"PropertyValueSpecification","valueRequired":true,"valueName":"search_term_string"}}],"inLanguage":"es"},{"@type":"Organization","@id":"https:\/\/www.sonoraenequipo.com.mx\/#organization","name":"Sonoraenequipo.com.mx","url":"https:\/\/www.sonoraenequipo.com.mx\/","logo":{"@type":"ImageObject","inLanguage":"es","@id":"https:\/\/www.sonoraenequipo.com.mx\/#\/schema\/logo\/image\/","url":"https:\/\/www.sonoraenequipo.com.mx\/storage\/2019\/01\/sonoraenequipo_opt.png","contentUrl":"https:\/\/www.sonoraenequipo.com.mx\/storage\/2019\/01\/sonoraenequipo_opt.png","width":375,"height":125,"caption":"Sonoraenequipo.com.mx"},"image":{"@id":"https:\/\/www.sonoraenequipo.com.mx\/#\/schema\/logo\/image\/"},"sameAs":["https:\/\/www.facebook.com\/SonoraEE\/","https:\/\/x.com\/sonoraenequipo","https:\/\/www.youtube.com\/channel\/UC338nW-lPEYmJQs4ZABQ1SQ"]},{"@type":"Person","@id":"https:\/\/www.sonoraenequipo.com.mx\/#\/schema\/person\/50102df0fb23a8fa9e8effad8fa81386","name":"enequipo","image":{"@type":"ImageObject","inLanguage":"es","@id":"https:\/\/www.sonoraenequipo.com.mx\/#\/schema\/person\/image\/","url":"https:\/\/secure.gravatar.com\/avatar\/049821681b589dabc0bc20695993ccebb09f5b5d4d790cd9251b97faac7c652b?s=96&d=blank&r=g","contentUrl":"https:\/\/secure.gravatar.com\/avatar\/049821681b589dabc0bc20695993ccebb09f5b5d4d790cd9251b97faac7c652b?s=96&d=blank&r=g","caption":"enequipo"},"sameAs":["https:\/\/www.facebook.com\/SonoraEE"]}]}},"jetpack_featured_media_url":"https:\/\/www.sonoraenequipo.com.mx\/storage\/2020\/08\/estocolmo_disfrutando-un-dia-soleado_opt1.jpg","_links":{"self":[{"href":"https:\/\/www.sonoraenequipo.com.mx\/api\/wp\/v2\/posts\/93339","targetHints":{"allow":["GET"]}}],"collection":[{"href":"https:\/\/www.sonoraenequipo.com.mx\/api\/wp\/v2\/posts"}],"about":[{"href":"https:\/\/www.sonoraenequipo.com.mx\/api\/wp\/v2\/types\/post"}],"author":[{"embeddable":true,"href":"https:\/\/www.sonoraenequipo.com.mx\/api\/wp\/v2\/users\/1"}],"replies":[{"embeddable":true,"href":"https:\/\/www.sonoraenequipo.com.mx\/api\/wp\/v2\/comments?post=93339"}],"version-history":[{"count":0,"href":"https:\/\/www.sonoraenequipo.com.mx\/api\/wp\/v2\/posts\/93339\/revisions"}],"wp:featuredmedia":[{"embeddable":true,"href":"https:\/\/www.sonoraenequipo.com.mx\/api\/wp\/v2\/media\/93340"}],"wp:attachment":[{"href":"https:\/\/www.sonoraenequipo.com.mx\/api\/wp\/v2\/media?parent=93339"}],"wp:term":[{"taxonomy":"category","embeddable":true,"href":"https:\/\/www.sonoraenequipo.com.mx\/api\/wp\/v2\/categories?post=93339"},{"taxonomy":"post_tag","embeddable":true,"href":"https:\/\/www.sonoraenequipo.com.mx\/api\/wp\/v2\/tags?post=93339"}],"curies":[{"name":"wp","href":"https:\/\/api.w.org\/{rel}","templated":true}]}}