{"id":93342,"date":"2020-08-23T12:47:19","date_gmt":"2020-08-23T19:47:19","guid":{"rendered":"https:\/\/www.sonoraenequipo.com.mx\/?p=93342"},"modified":"2020-08-23T12:50:33","modified_gmt":"2020-08-23T19:50:33","slug":"gerardo-pozos-recibe-nombramiento-a-dirigencia-municipal-de-rsp","status":"publish","type":"post","link":"https:\/\/www.sonoraenequipo.com.mx\/gerardo-pozos-recibe-nombramiento-a-dirigencia-municipal-de-rsp\/","title":{"rendered":"Gerardo Pozos recibe nombramiento a dirigencia municipal de RSP"},"content":{"rendered":"<p>NAVOJOA, SONORA. MX. \u2014 Con el objetivo de representar a Redes Sociales Progresistas (RSP) y ser un enlace en el municipio, el empresario Gerardo Pozos Rodr\u00edguez asumi\u00f3 la dirigencia local.<\/p>\n<p> <\/p>\n<p>Siendo de manera virtual el Presidente Nacional de RSP, Jos\u00e9 Fernando Gonz\u00e1lez S\u00e1nchez realiz\u00f3 la toma de protesta oficial.<\/p>\n<p>En el acto protocolario acompa\u00f1aron al ahora nuevo dirigente municipal, el Coordinador Estatal de RSP, Francisco Bueno Ayup, la Coordinadora Estatal de Mujeres, Gema Guadalupe Flores F\u00e9lix, adem\u00e1s del Coordinador de Circunscripci\u00f3n, Hugo Rosales Badillo quien se enlaz\u00f3 v\u00eda remota, al igual que el Presidente Nacional.<\/p>\n<p><img loading=\"lazy\" decoding=\"async\" class=\"  x-left\" src=\"https:\/\/www.sonoraenequipo.com.mx\/storage\/2020\/08\/redes-sociales-progresistas_opt.jpg\" alt=\"\" width=\"376\" height=\"250\" \/>Se realizaron adem\u00e1s 40 nombramientos oficiales a voceros de Redes Sociales Progresistas de todo el Estado, a quien se les dio la nueva encomienda de trabajar en uni\u00f3n por la ciudadan\u00eda.<\/p>\n<p>C\u00f3mo parte de la sociedad civil, estuvieron presentes l\u00edderes sociales del \u00e1mbito rural y urbano, medios de comunicaci\u00f3n y personalidades locales, quienes reconocieron el nuevo compromiso asumido por el empresario.<\/p>\n<p>El Presidente Nacional de RSP, reiter\u00f3 su respaldo al empresario local, un progresista de grandes esfuerzos a quien le rindi\u00f3 protesta y llam\u00f3 a defender el r\u00e9gimen de libertades que tanto demanda el pa\u00eds.<\/p>\n<p>Gerardo Pozos Rodr\u00edguez, expres\u00f3 su entusiasmo por emprender este proyecto, con un nuevo rumbo, una nueva forma de hacer pol\u00edtica limpia y ciudadana, transparente y de cara a la gente.<\/p>\n<p><em>\u201c<img loading=\"lazy\" decoding=\"async\" class=\"x-right  \" src=\"https:\/\/www.sonoraenequipo.com.mx\/storage\/2020\/08\/redes-sociales-fco-bueno-ayup_opt-600x359.jpg\" alt=\"\" width=\"455\" height=\"272\" \/>Hoy surge una nueva propuesta con Redes Sociales Progresistas Navojoa, con gente que en verdad quiere a su municipio y sabe que la \u00fanica manera de sacarlo adelante es trabajando de la mano, formando una uni\u00f3n entre Gobierno, ciudadan\u00eda, empresarios, comerciantes y todos aquellos que conforman la familia navojoense\u201d,<\/em> destac\u00f3.<\/p>\n<p>Resalt\u00f3 que los Gobiernos Sociales Progresistas ser\u00e1n instancias de representaci\u00f3n social, m\u00e1s all\u00e1 de cualquier facci\u00f3n o matiz ideol\u00f3gico, se nutrir\u00e1n de aquellas y aquellos que acepten la responsabilidad y el honor de servir a la sociedad.<\/p>\n<p>(PUBLICADO EL 23\/08\/2020)<\/p>\n","protected":false},"excerpt":{"rendered":"<p>NAVOJOA, SONORA. MX. \u2014 Con el objetivo de representar a Redes Sociales Progresistas (RSP) y&#8230;<\/p>\n","protected":false},"author":1,"featured_media":93345,"comment_status":"open","ping_status":"open","sticky":false,"template":"","format":"standard","meta":{"_monsterinsights_skip_tracking":false,"_monsterinsights_sitenote_active":false,"_monsterinsights_sitenote_note":"","_monsterinsights_sitenote_category":0,"footnotes":""},"categories":[22],"tags":[],"class_list":["post"],"yoast_head":" \n<title>Sonora en Equipo. Gerardo Pozos recibe nombramiento a dirigencia municipal de RSP Sonora<\/title>\n<meta name=\"description\" content=\"NAVOJOA, SONORA. MX. \u2014 Con el objetivo de representar a Redes Sociales Progresistas (RSP) y ser un enlace en el municipio, el empresario Gerardo Pozos En Sonora en Equipo publicamos toda la informaci\u00f3n de Sonora, M\u00e9xico y el Mundo de manera oportuna y busca que la libertad de expresi\u00f3n sea real. Visita nuestro medio informativo publicado desde Hermosillo, Sonora. %\" \/>\n<meta name=\"robots\" content=\"index, follow, max-snippet:-1, max-image-preview:large, max-video-preview:-1\" \/>\n<link rel=\"canonical\" href=\"https:\/\/www.sonoraenequipo.com.mx\/gerardo-pozos-recibe-nombramiento-a-dirigencia-municipal-de-rsp\/\" \/>\n<meta property=\"og:locale\" content=\"es_ES\" \/>\n<meta property=\"og:type\" content=\"article\" \/>\n<meta property=\"og:title\" content=\"Sonora en Equipo. Gerardo Pozos recibe nombramiento a dirigencia municipal de RSP Sonora\" \/>\n<meta property=\"og:description\" content=\"NAVOJOA, SONORA. MX. \u2014 Con el objetivo de representar a Redes Sociales Progresistas (RSP) y ser un enlace en el municipio, el empresario Gerardo Pozos En Sonora en Equipo publicamos toda la informaci\u00f3n de Sonora, M\u00e9xico y el Mundo de manera oportuna y busca que la libertad de expresi\u00f3n sea real. Visita nuestro medio informativo publicado desde Hermosillo, Sonora. %\" \/>\n<meta property=\"og:url\" content=\"https:\/\/www.sonoraenequipo.com.mx\/gerardo-pozos-recibe-nombramiento-a-dirigencia-municipal-de-rsp\/\" \/>\n<meta property=\"og:site_name\" content=\"Sonora en Equipo.\" \/>\n<meta property=\"article:publisher\" content=\"https:\/\/www.facebook.com\/SonoraEE\/\" \/>\n<meta property=\"article:author\" content=\"https:\/\/www.facebook.com\/SonoraEE\" \/>\n<meta property=\"article:published_time\" content=\"2020-08-23T19:47:19+00:00\" \/>\n<meta property=\"article:modified_time\" content=\"2020-08-23T19:50:33+00:00\" \/>\n<meta property=\"og:image\" content=\"https:\/\/www.sonoraenequipo.com.mx\/storage\/2020\/08\/rsp_en-sonora_opt.jpg\" \/>\n\t<meta property=\"og:image:width\" content=\"601\" \/>\n\t<meta property=\"og:image:height\" content=\"400\" \/>\n\t<meta property=\"og:image:type\" content=\"image\/jpeg\" \/>\n<meta name=\"author\" content=\"enequipo\" \/>\n<meta name=\"twitter:card\" content=\"summary_large_image\" \/>\n<meta name=\"twitter:creator\" content=\"@sonoraenequipo\" \/>\n<meta name=\"twitter:site\" content=\"@sonoraenequipo\" \/>\n<meta name=\"twitter:label1\" content=\"Escrito por\" \/>\n\t<meta name=\"twitter:data1\" content=\"enequipo\" \/>\n\t<meta name=\"twitter:label2\" content=\"Tiempo de lectura\" \/>\n\t<meta name=\"twitter:data2\" content=\"2 minutos\" \/>\n<script type=\"application\/ld+json\" class=\"yoast-schema-graph\">{\"@context\":\"https:\/\/schema.org\",\"@graph\":[{\"@type\":\"Article\",\"@id\":\"https:\/\/www.sonoraenequipo.com.mx\/gerardo-pozos-recibe-nombramiento-a-dirigencia-municipal-de-rsp\/#article\",\"isPartOf\":{\"@id\":\"https:\/\/www.sonoraenequipo.com.mx\/gerardo-pozos-recibe-nombramiento-a-dirigencia-municipal-de-rsp\/\"},\"author\":{\"name\":\"enequipo\",\"@id\":\"https:\/\/www.sonoraenequipo.com.mx\/#\/schema\/person\/50102df0fb23a8fa9e8effad8fa81386\"},\"headline\":\"Gerardo Pozos recibe nombramiento a dirigencia municipal de RSP\",\"datePublished\":\"2020-08-23T19:47:19+00:00\",\"dateModified\":\"2020-08-23T19:50:33+00:00\",\"mainEntityOfPage\":{\"@id\":\"https:\/\/www.sonoraenequipo.com.mx\/gerardo-pozos-recibe-nombramiento-a-dirigencia-municipal-de-rsp\/\"},\"wordCount\":342,\"commentCount\":0,\"publisher\":{\"@id\":\"https:\/\/www.sonoraenequipo.com.mx\/#organization\"},\"image\":{\"@id\":\"https:\/\/www.sonoraenequipo.com.mx\/gerardo-pozos-recibe-nombramiento-a-dirigencia-municipal-de-rsp\/#primaryimage\"},\"thumbnailUrl\":\"https:\/\/www.sonoraenequipo.com.mx\/storage\/2020\/08\/rsp_en-sonora_opt.jpg\",\"articleSection\":[\"Sonora\"],\"inLanguage\":\"es\",\"potentialAction\":[{\"@type\":\"CommentAction\",\"name\":\"Comment\",\"target\":[\"https:\/\/www.sonoraenequipo.com.mx\/gerardo-pozos-recibe-nombramiento-a-dirigencia-municipal-de-rsp\/#respond\"]}]},{\"@type\":\"WebPage\",\"@id\":\"https:\/\/www.sonoraenequipo.com.mx\/gerardo-pozos-recibe-nombramiento-a-dirigencia-municipal-de-rsp\/\",\"url\":\"https:\/\/www.sonoraenequipo.com.mx\/gerardo-pozos-recibe-nombramiento-a-dirigencia-municipal-de-rsp\/\",\"name\":\"Sonora en Equipo. Gerardo Pozos recibe nombramiento a dirigencia municipal de RSP Sonora\",\"isPartOf\":{\"@id\":\"https:\/\/www.sonoraenequipo.com.mx\/#website\"},\"primaryImageOfPage\":{\"@id\":\"https:\/\/www.sonoraenequipo.com.mx\/gerardo-pozos-recibe-nombramiento-a-dirigencia-municipal-de-rsp\/#primaryimage\"},\"image\":{\"@id\":\"https:\/\/www.sonoraenequipo.com.mx\/gerardo-pozos-recibe-nombramiento-a-dirigencia-municipal-de-rsp\/#primaryimage\"},\"thumbnailUrl\":\"https:\/\/www.sonoraenequipo.com.mx\/storage\/2020\/08\/rsp_en-sonora_opt.jpg\",\"datePublished\":\"2020-08-23T19:47:19+00:00\",\"dateModified\":\"2020-08-23T19:50:33+00:00\",\"description\":\"NAVOJOA, SONORA. MX. \u2014 Con el objetivo de representar a Redes Sociales Progresistas (RSP) y ser un enlace en el municipio, el empresario Gerardo Pozos En Sonora en Equipo publicamos toda la informaci\u00f3n de Sonora, M\u00e9xico y el Mundo de manera oportuna y busca que la libertad de expresi\u00f3n sea real. Visita nuestro medio informativo publicado desde Hermosillo, Sonora. %\",\"breadcrumb\":{\"@id\":\"https:\/\/www.sonoraenequipo.com.mx\/gerardo-pozos-recibe-nombramiento-a-dirigencia-municipal-de-rsp\/#breadcrumb\"},\"inLanguage\":\"es\",\"potentialAction\":[{\"@type\":\"ReadAction\",\"target\":[\"https:\/\/www.sonoraenequipo.com.mx\/gerardo-pozos-recibe-nombramiento-a-dirigencia-municipal-de-rsp\/\"]}]},{\"@type\":\"ImageObject\",\"inLanguage\":\"es\",\"@id\":\"https:\/\/www.sonoraenequipo.com.mx\/gerardo-pozos-recibe-nombramiento-a-dirigencia-municipal-de-rsp\/#primaryimage\",\"url\":\"https:\/\/www.sonoraenequipo.com.mx\/storage\/2020\/08\/rsp_en-sonora_opt.jpg\",\"contentUrl\":\"https:\/\/www.sonoraenequipo.com.mx\/storage\/2020\/08\/rsp_en-sonora_opt.jpg\",\"width\":601,\"height\":400},{\"@type\":\"BreadcrumbList\",\"@id\":\"https:\/\/www.sonoraenequipo.com.mx\/gerardo-pozos-recibe-nombramiento-a-dirigencia-municipal-de-rsp\/#breadcrumb\",\"itemListElement\":[{\"@type\":\"ListItem\",\"position\":1,\"name\":\"Portada\",\"item\":\"https:\/\/www.sonoraenequipo.com.mx\/\"},{\"@type\":\"ListItem\",\"position\":2,\"name\":\"Gerardo Pozos recibe nombramiento a dirigencia municipal de RSP\"}]},{\"@type\":\"WebSite\",\"@id\":\"https:\/\/www.sonoraenequipo.com.mx\/#website\",\"url\":\"https:\/\/www.sonoraenequipo.com.mx\/\",\"name\":\"Sonora en Equipo.\",\"description\":\"Diario en l\u00ednea con Noticias desde Hermosillo, Sonora\",\"publisher\":{\"@id\":\"https:\/\/www.sonoraenequipo.com.mx\/#organization\"},\"potentialAction\":[{\"@type\":\"SearchAction\",\"target\":{\"@type\":\"EntryPoint\",\"urlTemplate\":\"https:\/\/www.sonoraenequipo.com.mx\/?s={search_term_string}\"},\"query-input\":{\"@type\":\"PropertyValueSpecification\",\"valueRequired\":true,\"valueName\":\"search_term_string\"}}],\"inLanguage\":\"es\"},{\"@type\":\"Organization\",\"@id\":\"https:\/\/www.sonoraenequipo.com.mx\/#organization\",\"name\":\"Sonoraenequipo.com.mx\",\"url\":\"https:\/\/www.sonoraenequipo.com.mx\/\",\"logo\":{\"@type\":\"ImageObject\",\"inLanguage\":\"es\",\"@id\":\"https:\/\/www.sonoraenequipo.com.mx\/#\/schema\/logo\/image\/\",\"url\":\"https:\/\/www.sonoraenequipo.com.mx\/storage\/2019\/01\/sonoraenequipo_opt.png\",\"contentUrl\":\"https:\/\/www.sonoraenequipo.com.mx\/storage\/2019\/01\/sonoraenequipo_opt.png\",\"width\":375,\"height\":125,\"caption\":\"Sonoraenequipo.com.mx\"},\"image\":{\"@id\":\"https:\/\/www.sonoraenequipo.com.mx\/#\/schema\/logo\/image\/\"},\"sameAs\":[\"https:\/\/www.facebook.com\/SonoraEE\/\",\"https:\/\/x.com\/sonoraenequipo\",\"https:\/\/www.youtube.com\/channel\/UC338nW-lPEYmJQs4ZABQ1SQ\"]},{\"@type\":\"Person\",\"@id\":\"https:\/\/www.sonoraenequipo.com.mx\/#\/schema\/person\/50102df0fb23a8fa9e8effad8fa81386\",\"name\":\"enequipo\",\"image\":{\"@type\":\"ImageObject\",\"inLanguage\":\"es\",\"@id\":\"https:\/\/www.sonoraenequipo.com.mx\/#\/schema\/person\/image\/\",\"url\":\"https:\/\/secure.gravatar.com\/avatar\/049821681b589dabc0bc20695993ccebb09f5b5d4d790cd9251b97faac7c652b?s=96&d=blank&r=g\",\"contentUrl\":\"https:\/\/secure.gravatar.com\/avatar\/049821681b589dabc0bc20695993ccebb09f5b5d4d790cd9251b97faac7c652b?s=96&d=blank&r=g\",\"caption\":\"enequipo\"},\"sameAs\":[\"https:\/\/www.facebook.com\/SonoraEE\"]}]}<\/script>\n ","yoast_head_json":{"title":"Sonora en Equipo. Gerardo Pozos recibe nombramiento a dirigencia municipal de RSP Sonora","description":"NAVOJOA, SONORA. MX. \u2014 Con el objetivo de representar a Redes Sociales Progresistas (RSP) y ser un enlace en el municipio, el empresario Gerardo Pozos En Sonora en Equipo publicamos toda la informaci\u00f3n de Sonora, M\u00e9xico y el Mundo de manera oportuna y busca que la libertad de expresi\u00f3n sea real. Visita nuestro medio informativo publicado desde Hermosillo, Sonora. %","robots":{"index":"index","follow":"follow","max-snippet":"max-snippet:-1","max-image-preview":"max-image-preview:large","max-video-preview":"max-video-preview:-1"},"canonical":"https:\/\/www.sonoraenequipo.com.mx\/gerardo-pozos-recibe-nombramiento-a-dirigencia-municipal-de-rsp\/","og_locale":"es_ES","og_type":"article","og_title":"Sonora en Equipo. Gerardo Pozos recibe nombramiento a dirigencia municipal de RSP Sonora","og_description":"NAVOJOA, SONORA. MX. \u2014 Con el objetivo de representar a Redes Sociales Progresistas (RSP) y ser un enlace en el municipio, el empresario Gerardo Pozos En Sonora en Equipo publicamos toda la informaci\u00f3n de Sonora, M\u00e9xico y el Mundo de manera oportuna y busca que la libertad de expresi\u00f3n sea real. Visita nuestro medio informativo publicado desde Hermosillo, Sonora. %","og_url":"https:\/\/www.sonoraenequipo.com.mx\/gerardo-pozos-recibe-nombramiento-a-dirigencia-municipal-de-rsp\/","og_site_name":"Sonora en Equipo.","article_publisher":"https:\/\/www.facebook.com\/SonoraEE\/","article_author":"https:\/\/www.facebook.com\/SonoraEE","article_published_time":"2020-08-23T19:47:19+00:00","article_modified_time":"2020-08-23T19:50:33+00:00","og_image":[{"width":601,"height":400,"url":"https:\/\/www.sonoraenequipo.com.mx\/storage\/2020\/08\/rsp_en-sonora_opt.jpg","type":"image\/jpeg"}],"author":"enequipo","twitter_card":"summary_large_image","twitter_creator":"@sonoraenequipo","twitter_site":"@sonoraenequipo","twitter_misc":{"Escrito por":"enequipo","Tiempo de lectura":"2 minutos"},"schema":{"@context":"https:\/\/schema.org","@graph":[{"@type":"Article","@id":"https:\/\/www.sonoraenequipo.com.mx\/gerardo-pozos-recibe-nombramiento-a-dirigencia-municipal-de-rsp\/#article","isPartOf":{"@id":"https:\/\/www.sonoraenequipo.com.mx\/gerardo-pozos-recibe-nombramiento-a-dirigencia-municipal-de-rsp\/"},"author":{"name":"enequipo","@id":"https:\/\/www.sonoraenequipo.com.mx\/#\/schema\/person\/50102df0fb23a8fa9e8effad8fa81386"},"headline":"Gerardo Pozos recibe nombramiento a dirigencia municipal de RSP","datePublished":"2020-08-23T19:47:19+00:00","dateModified":"2020-08-23T19:50:33+00:00","mainEntityOfPage":{"@id":"https:\/\/www.sonoraenequipo.com.mx\/gerardo-pozos-recibe-nombramiento-a-dirigencia-municipal-de-rsp\/"},"wordCount":342,"commentCount":0,"publisher":{"@id":"https:\/\/www.sonoraenequipo.com.mx\/#organization"},"image":{"@id":"https:\/\/www.sonoraenequipo.com.mx\/gerardo-pozos-recibe-nombramiento-a-dirigencia-municipal-de-rsp\/#primaryimage"},"thumbnailUrl":"https:\/\/www.sonoraenequipo.com.mx\/storage\/2020\/08\/rsp_en-sonora_opt.jpg","articleSection":["Sonora"],"inLanguage":"es","potentialAction":[{"@type":"CommentAction","name":"Comment","target":["https:\/\/www.sonoraenequipo.com.mx\/gerardo-pozos-recibe-nombramiento-a-dirigencia-municipal-de-rsp\/#respond"]}]},{"@type":"WebPage","@id":"https:\/\/www.sonoraenequipo.com.mx\/gerardo-pozos-recibe-nombramiento-a-dirigencia-municipal-de-rsp\/","url":"https:\/\/www.sonoraenequipo.com.mx\/gerardo-pozos-recibe-nombramiento-a-dirigencia-municipal-de-rsp\/","name":"Sonora en Equipo. Gerardo Pozos recibe nombramiento a dirigencia municipal de RSP Sonora","isPartOf":{"@id":"https:\/\/www.sonoraenequipo.com.mx\/#website"},"primaryImageOfPage":{"@id":"https:\/\/www.sonoraenequipo.com.mx\/gerardo-pozos-recibe-nombramiento-a-dirigencia-municipal-de-rsp\/#primaryimage"},"image":{"@id":"https:\/\/www.sonoraenequipo.com.mx\/gerardo-pozos-recibe-nombramiento-a-dirigencia-municipal-de-rsp\/#primaryimage"},"thumbnailUrl":"https:\/\/www.sonoraenequipo.com.mx\/storage\/2020\/08\/rsp_en-sonora_opt.jpg","datePublished":"2020-08-23T19:47:19+00:00","dateModified":"2020-08-23T19:50:33+00:00","description":"NAVOJOA, SONORA. MX. \u2014 Con el objetivo de representar a Redes Sociales Progresistas (RSP) y ser un enlace en el municipio, el empresario Gerardo Pozos En Sonora en Equipo publicamos toda la informaci\u00f3n de Sonora, M\u00e9xico y el Mundo de manera oportuna y busca que la libertad de expresi\u00f3n sea real. Visita nuestro medio informativo publicado desde Hermosillo, Sonora. %","breadcrumb":{"@id":"https:\/\/www.sonoraenequipo.com.mx\/gerardo-pozos-recibe-nombramiento-a-dirigencia-municipal-de-rsp\/#breadcrumb"},"inLanguage":"es","potentialAction":[{"@type":"ReadAction","target":["https:\/\/www.sonoraenequipo.com.mx\/gerardo-pozos-recibe-nombramiento-a-dirigencia-municipal-de-rsp\/"]}]},{"@type":"ImageObject","inLanguage":"es","@id":"https:\/\/www.sonoraenequipo.com.mx\/gerardo-pozos-recibe-nombramiento-a-dirigencia-municipal-de-rsp\/#primaryimage","url":"https:\/\/www.sonoraenequipo.com.mx\/storage\/2020\/08\/rsp_en-sonora_opt.jpg","contentUrl":"https:\/\/www.sonoraenequipo.com.mx\/storage\/2020\/08\/rsp_en-sonora_opt.jpg","width":601,"height":400},{"@type":"BreadcrumbList","@id":"https:\/\/www.sonoraenequipo.com.mx\/gerardo-pozos-recibe-nombramiento-a-dirigencia-municipal-de-rsp\/#breadcrumb","itemListElement":[{"@type":"ListItem","position":1,"name":"Portada","item":"https:\/\/www.sonoraenequipo.com.mx\/"},{"@type":"ListItem","position":2,"name":"Gerardo Pozos recibe nombramiento a dirigencia municipal de RSP"}]},{"@type":"WebSite","@id":"https:\/\/www.sonoraenequipo.com.mx\/#website","url":"https:\/\/www.sonoraenequipo.com.mx\/","name":"Sonora en Equipo.","description":"Diario en l\u00ednea con Noticias desde Hermosillo, Sonora","publisher":{"@id":"https:\/\/www.sonoraenequipo.com.mx\/#organization"},"potentialAction":[{"@type":"SearchAction","target":{"@type":"EntryPoint","urlTemplate":"https:\/\/www.sonoraenequipo.com.mx\/?s={search_term_string}"},"query-input":{"@type":"PropertyValueSpecification","valueRequired":true,"valueName":"search_term_string"}}],"inLanguage":"es"},{"@type":"Organization","@id":"https:\/\/www.sonoraenequipo.com.mx\/#organization","name":"Sonoraenequipo.com.mx","url":"https:\/\/www.sonoraenequipo.com.mx\/","logo":{"@type":"ImageObject","inLanguage":"es","@id":"https:\/\/www.sonoraenequipo.com.mx\/#\/schema\/logo\/image\/","url":"https:\/\/www.sonoraenequipo.com.mx\/storage\/2019\/01\/sonoraenequipo_opt.png","contentUrl":"https:\/\/www.sonoraenequipo.com.mx\/storage\/2019\/01\/sonoraenequipo_opt.png","width":375,"height":125,"caption":"Sonoraenequipo.com.mx"},"image":{"@id":"https:\/\/www.sonoraenequipo.com.mx\/#\/schema\/logo\/image\/"},"sameAs":["https:\/\/www.facebook.com\/SonoraEE\/","https:\/\/x.com\/sonoraenequipo","https:\/\/www.youtube.com\/channel\/UC338nW-lPEYmJQs4ZABQ1SQ"]},{"@type":"Person","@id":"https:\/\/www.sonoraenequipo.com.mx\/#\/schema\/person\/50102df0fb23a8fa9e8effad8fa81386","name":"enequipo","image":{"@type":"ImageObject","inLanguage":"es","@id":"https:\/\/www.sonoraenequipo.com.mx\/#\/schema\/person\/image\/","url":"https:\/\/secure.gravatar.com\/avatar\/049821681b589dabc0bc20695993ccebb09f5b5d4d790cd9251b97faac7c652b?s=96&d=blank&r=g","contentUrl":"https:\/\/secure.gravatar.com\/avatar\/049821681b589dabc0bc20695993ccebb09f5b5d4d790cd9251b97faac7c652b?s=96&d=blank&r=g","caption":"enequipo"},"sameAs":["https:\/\/www.facebook.com\/SonoraEE"]}]}},"jetpack_featured_media_url":"https:\/\/www.sonoraenequipo.com.mx\/storage\/2020\/08\/rsp_en-sonora_opt.jpg","_links":{"self":[{"href":"https:\/\/www.sonoraenequipo.com.mx\/api\/wp\/v2\/posts\/93342","targetHints":{"allow":["GET"]}}],"collection":[{"href":"https:\/\/www.sonoraenequipo.com.mx\/api\/wp\/v2\/posts"}],"about":[{"href":"https:\/\/www.sonoraenequipo.com.mx\/api\/wp\/v2\/types\/post"}],"author":[{"embeddable":true,"href":"https:\/\/www.sonoraenequipo.com.mx\/api\/wp\/v2\/users\/1"}],"replies":[{"embeddable":true,"href":"https:\/\/www.sonoraenequipo.com.mx\/api\/wp\/v2\/comments?post=93342"}],"version-history":[{"count":0,"href":"https:\/\/www.sonoraenequipo.com.mx\/api\/wp\/v2\/posts\/93342\/revisions"}],"wp:featuredmedia":[{"embeddable":true,"href":"https:\/\/www.sonoraenequipo.com.mx\/api\/wp\/v2\/media\/93345"}],"wp:attachment":[{"href":"https:\/\/www.sonoraenequipo.com.mx\/api\/wp\/v2\/media?parent=93342"}],"wp:term":[{"taxonomy":"category","embeddable":true,"href":"https:\/\/www.sonoraenequipo.com.mx\/api\/wp\/v2\/categories?post=93342"},{"taxonomy":"post_tag","embeddable":true,"href":"https:\/\/www.sonoraenequipo.com.mx\/api\/wp\/v2\/tags?post=93342"}],"curies":[{"name":"wp","href":"https:\/\/api.w.org\/{rel}","templated":true}]}}