{"id":93352,"date":"2020-08-23T13:10:41","date_gmt":"2020-08-23T20:10:41","guid":{"rendered":"https:\/\/www.sonoraenequipo.com.mx\/?p=93352"},"modified":"2020-08-23T13:10:41","modified_gmt":"2020-08-23T20:10:41","slug":"marco-pasa-de-tormenta-a-huracan-y-podria-llegar-al-estado-de-louisiana-el-lunes","status":"publish","type":"post","link":"https:\/\/www.sonoraenequipo.com.mx\/marco-pasa-de-tormenta-a-huracan-y-podria-llegar-al-estado-de-louisiana-el-lunes\/","title":{"rendered":"\u00abMarco\u00bb pasa de tormenta a hurac\u00e1n y podr\u00eda llegar al estado de Louisiana el lunes"},"content":{"rendered":"<p>WASHINGTON, ESTADOS UNIDOS. \u2014\u00a0 La tormenta tropical Marco se convirti\u00f3 en hurac\u00e1n este domingo, dijo el Centro Nacional de Huracanes de Estados Unidos (NHC) y se prev\u00e9 que azote al estado de Louisiana el lunes mientras tormentas gemelas amenazan la costa del Golfo de M\u00e9xico.<\/p>\n<p>&nbsp;<\/p>\n<p> <\/p>\n<p>&nbsp;<\/p>\n<p><em>\u00abLos datos (&#8230;) indican que Marco se ha convertido en un hurac\u00e1n con vientos m\u00e1ximos de 75 mph (120 km \/ h) con r\u00e1fagas m\u00e1s altas\u00bb,<\/em> dijo el centro estadounidense con sede en Miami.<\/p>\n<p>&nbsp;<\/p>\n<p>&nbsp;<\/p>\n<p>En tanto, la tormenta tropical Laura provoc\u00f3 la suspensi\u00f3n del servicio el\u00e9ctrico y de agua en la isla La Espa\u00f1ola, siguiendo una ruta que podr\u00eda llevarla a Estados Unidos con fuerza de hurac\u00e1n.<\/p>\n<p>&nbsp;<\/p>\n<p>&nbsp;<\/p>\n<p>Ser\u00eda la primera vez que hay dos huracanes de forma simult\u00e1nea en el Golfo de M\u00e9xico, seg\u00fan los datos disponibles desde al menos 1900, dijo Phil Klotzbach, investigador de huracanes de la Universidad Estatal de Colorado.<\/p>\n<p>&nbsp;<\/p>\n<p>&nbsp;<\/p>\n<p>En Hait\u00ed, una ni\u00f1a de 10 a\u00f1os muri\u00f3 cuando un \u00e1rbol cay\u00f3 sobre una casa en la ciudad costera sure\u00f1a de Anse-a-Pitres, en la frontera con Rep\u00fablica Dominicana, informaron las autoridades de protecci\u00f3n civil. Fue la primera muerte reportada por la tormenta.<\/p>\n<p>&nbsp;<\/p>\n<p>&nbsp;<\/p>\n<p>Se emiti\u00f3 una alerta de hurac\u00e1n para el \u00e1rea metropolitana de Nueva Orleans, golpeada por el hurac\u00e1n Katrina en agosto de 2005.<\/p>\n<p>&nbsp;<\/p>\n<p>&nbsp;<\/p>\n<p>El Centro Nacional de Huracanes de Estados Unidos (NHC, por sus siglas en ingl\u00e9s) pronostic\u00f3 el s\u00e1bado por la noche que ambos meteoros estar\u00e1n juntos en el Golfo de M\u00e9xico el lunes: Marco azotar\u00eda Luisiana alrededor del mediod\u00eda y Laura tocar\u00eda tierra en esa misma \u00e1rea el mi\u00e9rcoles. Pero a\u00fan hay muchas incertidumbres en los pron\u00f3sticos para las dos tormentas.<\/p>\n<p>&nbsp;<\/p>\n<p>&nbsp;<\/p>\n<p><em>\u201cEs completamente posible que los vol\u00e1tiles cambios que se han visto en los modelos pudieran continuar\u201d,<\/em> se\u00f1al\u00f3 el NHC.<\/p>\n<p>&nbsp;<\/p>\n<p>&nbsp;<\/p>\n<p>Laura se ubicaba a unos 65 kil\u00f3metros (40 millas) al nor-noreste de Puerto Pr\u00edncipe, Hait\u00ed, el domingo en la ma\u00f1ana, con vientos sostenidos m\u00e1ximos de 75 km\/h (45 mph). Se desplaza hacia el oeste-noroeste a 30 km\/h (18 mph).<\/p>\n<p>&nbsp;<\/p>\n<p>&nbsp;<\/p>\n<p>Personal con meg\u00e1fonos exhort\u00f3 a docenas de residentes en \u00e1reas propensas a inundaciones en Santo Domingo a evacuar antes de las intensas lluvias de Laura. La tormenta dej\u00f3 a m\u00e1s de 100.000 personas sin agua en la Rep\u00fablica Dominicana el s\u00e1bado por la noche, y previamente derrib\u00f3 \u00e1rboles y provoc\u00f3 un apag\u00f3n que afect\u00f3 a m\u00e1s de 200.000 hogares en el vecino Puerto Rico.<\/p>\n<p>&nbsp;<\/p>\n<p>&nbsp;<\/p>\n<p>Se prev\u00e9 que Laura avance hacia Cuba este domingo, por lo que las autoridades de la isla activaron la Defensa Civil y decretaron diferentes alertas de oriente a occidente, por donde transitar\u00e1 el meteoro.<\/p>\n<p>&nbsp;<\/p>\n<p>En las ciudades de Baracoa y Santiago se realizaban evacuaciones, mientras en el resto de las provincias se destup\u00edan tragantes y salidas de r\u00edos; se acumulaban alimentos y agua, al tiempo que se preservaba infraestructura.<\/p>\n<p>&nbsp;<\/p>\n<p>&nbsp;<\/p>\n<p>Autoridades en los Cayos de Florida, por los que Laura podr\u00eda pasar en su camino hacia el Golfo de M\u00e9xico, declararon el estado de emergencia y emitieron una orden de evacuaci\u00f3n obligatoria para cualquier persona que viva en botes, en casas m\u00f3viles y en camionetas para acampar. A los turistas que se hospedan en hoteles se les advirti\u00f3 sobre las condiciones climatol\u00f3gicas peligrosas y que sopesaran modificar sus planes a partir del domingo.<\/p>\n<p>&nbsp;<\/p>\n<p>&nbsp;<\/p>\n<p>Por su parte, Marcos se encontraba a unos 580 kil\u00f3metros (360 millas) al sur-sureste de la desembocadura del r\u00edo Mississippi y se desplaza en direcci\u00f3n norte-noroeste a 20 km\/h (13 mph). Ten\u00eda vientos sostenidos m\u00e1ximos de 110 km\/h (70 mph).<\/p>\n<p>&nbsp;<\/p>\n<p>&nbsp;<\/p>\n<p>Se pronosticaron marejadas de hasta 2 metros (6 pies) para partes de la costa de Luisiana y Mississippi.<\/p>\n<p>&nbsp;<\/p>\n<p>&nbsp;<\/p>\n<p>El NHC prev\u00e9 que las tormentas no interact\u00faen. La regi\u00f3n enfrenta una temporada de huracanes inusualmente activa.<\/p>\n<p>&nbsp;<\/p>\n<p>&nbsp;<\/p>\n<p>Se calcula que ambas tormentas generar\u00e1n de ocho a 15 cent\u00edmetros (de tres a seis pulgadas) de lluvia en las \u00e1reas por las que pasar\u00e1n, amenazando con inundaciones generalizadas.<\/p>\n<p>&nbsp;<\/p>\n<p>&nbsp;<\/p>\n<p><em>\u201cEstamos en tiempos sin precedentes\u201d,<\/em> indic\u00f3 el gobernador de Mississippi, Tate Reeves, en una conferencia de prensa el s\u00e1bado en la que declar\u00f3 el estado de emergencia. <em>\u201cNo solamente estamos enfrentando dos potenciales tormentas en las pr\u00f3ximas horas, sino que tambi\u00e9n estamos lidiando con el COVID-19\u201d.<\/em> (I)<\/p>\n<p>&nbsp;<\/p>\n<p>&nbsp;<\/p>\n<p>(PUBLICADO EL 23\/08\/2020)<\/p>\n","protected":false},"excerpt":{"rendered":"<p>WASHINGTON, ESTADOS UNIDOS. \u2014\u00a0 La tormenta tropical Marco se convirti\u00f3 en hurac\u00e1n este domingo, dijo&#8230;<\/p>\n","protected":false},"author":1,"featured_media":93353,"comment_status":"open","ping_status":"open","sticky":false,"template":"","format":"standard","meta":{"_monsterinsights_skip_tracking":false,"_monsterinsights_sitenote_active":false,"_monsterinsights_sitenote_note":"","_monsterinsights_sitenote_category":0,"footnotes":""},"categories":[3],"tags":[],"class_list":["post"],"yoast_head":" \n<title>Sonora en Equipo. &quot;Marco&quot; pasa de tormenta a hurac\u00e1n y podr\u00eda llegar al estado de Louisiana el lunes MUNDO<\/title>\n<meta name=\"description\" content=\"WASHINGTON, ESTADOS UNIDOS. \u2014\u00a0 La tormenta tropical Marco se convirti\u00f3 en hurac\u00e1n este domingo, dijo el Centro Nacional de Huracanes de Estados Unidos En Sonora en Equipo publicamos toda la informaci\u00f3n de Sonora, M\u00e9xico y el Mundo de manera oportuna y busca que la libertad de expresi\u00f3n sea real. Visita nuestro medio informativo publicado desde Hermosillo, Sonora. %\" \/>\n<meta name=\"robots\" content=\"index, follow, max-snippet:-1, max-image-preview:large, max-video-preview:-1\" \/>\n<link rel=\"canonical\" href=\"https:\/\/www.sonoraenequipo.com.mx\/marco-pasa-de-tormenta-a-huracan-y-podria-llegar-al-estado-de-louisiana-el-lunes\/\" \/>\n<meta property=\"og:locale\" content=\"es_ES\" \/>\n<meta property=\"og:type\" content=\"article\" \/>\n<meta property=\"og:title\" content=\"Sonora en Equipo. &quot;Marco&quot; pasa de tormenta a hurac\u00e1n y podr\u00eda llegar al estado de Louisiana el lunes MUNDO\" \/>\n<meta property=\"og:description\" content=\"WASHINGTON, ESTADOS UNIDOS. \u2014\u00a0 La tormenta tropical Marco se convirti\u00f3 en hurac\u00e1n este domingo, dijo el Centro Nacional de Huracanes de Estados Unidos En Sonora en Equipo publicamos toda la informaci\u00f3n de Sonora, M\u00e9xico y el Mundo de manera oportuna y busca que la libertad de expresi\u00f3n sea real. Visita nuestro medio informativo publicado desde Hermosillo, Sonora. %\" \/>\n<meta property=\"og:url\" content=\"https:\/\/www.sonoraenequipo.com.mx\/marco-pasa-de-tormenta-a-huracan-y-podria-llegar-al-estado-de-louisiana-el-lunes\/\" \/>\n<meta property=\"og:site_name\" content=\"Sonora en Equipo.\" \/>\n<meta property=\"article:publisher\" content=\"https:\/\/www.facebook.com\/SonoraEE\/\" \/>\n<meta property=\"article:author\" content=\"https:\/\/www.facebook.com\/SonoraEE\" \/>\n<meta property=\"article:published_time\" content=\"2020-08-23T20:10:41+00:00\" \/>\n<meta property=\"og:image\" content=\"https:\/\/www.sonoraenequipo.com.mx\/storage\/2020\/08\/marco_huracan_opt.jpg\" \/>\n\t<meta property=\"og:image:width\" content=\"575\" \/>\n\t<meta property=\"og:image:height\" content=\"400\" \/>\n\t<meta property=\"og:image:type\" content=\"image\/jpeg\" \/>\n<meta name=\"author\" content=\"enequipo\" \/>\n<meta name=\"twitter:card\" content=\"summary_large_image\" \/>\n<meta name=\"twitter:creator\" content=\"@sonoraenequipo\" \/>\n<meta name=\"twitter:site\" content=\"@sonoraenequipo\" \/>\n<meta name=\"twitter:label1\" content=\"Escrito por\" \/>\n\t<meta name=\"twitter:data1\" content=\"enequipo\" \/>\n\t<meta name=\"twitter:label2\" content=\"Tiempo de lectura\" \/>\n\t<meta name=\"twitter:data2\" content=\"4 minutos\" \/>\n<script type=\"application\/ld+json\" class=\"yoast-schema-graph\">{\"@context\":\"https:\/\/schema.org\",\"@graph\":[{\"@type\":\"Article\",\"@id\":\"https:\/\/www.sonoraenequipo.com.mx\/marco-pasa-de-tormenta-a-huracan-y-podria-llegar-al-estado-de-louisiana-el-lunes\/#article\",\"isPartOf\":{\"@id\":\"https:\/\/www.sonoraenequipo.com.mx\/marco-pasa-de-tormenta-a-huracan-y-podria-llegar-al-estado-de-louisiana-el-lunes\/\"},\"author\":{\"name\":\"enequipo\",\"@id\":\"https:\/\/www.sonoraenequipo.com.mx\/#\/schema\/person\/50102df0fb23a8fa9e8effad8fa81386\"},\"headline\":\"\u00abMarco\u00bb pasa de tormenta a hurac\u00e1n y podr\u00eda llegar al estado de Louisiana el lunes\",\"datePublished\":\"2020-08-23T20:10:41+00:00\",\"mainEntityOfPage\":{\"@id\":\"https:\/\/www.sonoraenequipo.com.mx\/marco-pasa-de-tormenta-a-huracan-y-podria-llegar-al-estado-de-louisiana-el-lunes\/\"},\"wordCount\":784,\"commentCount\":0,\"publisher\":{\"@id\":\"https:\/\/www.sonoraenequipo.com.mx\/#organization\"},\"image\":{\"@id\":\"https:\/\/www.sonoraenequipo.com.mx\/marco-pasa-de-tormenta-a-huracan-y-podria-llegar-al-estado-de-louisiana-el-lunes\/#primaryimage\"},\"thumbnailUrl\":\"https:\/\/www.sonoraenequipo.com.mx\/storage\/2020\/08\/marco_huracan_opt.jpg\",\"articleSection\":[\"MUNDO\"],\"inLanguage\":\"es\",\"potentialAction\":[{\"@type\":\"CommentAction\",\"name\":\"Comment\",\"target\":[\"https:\/\/www.sonoraenequipo.com.mx\/marco-pasa-de-tormenta-a-huracan-y-podria-llegar-al-estado-de-louisiana-el-lunes\/#respond\"]}]},{\"@type\":\"WebPage\",\"@id\":\"https:\/\/www.sonoraenequipo.com.mx\/marco-pasa-de-tormenta-a-huracan-y-podria-llegar-al-estado-de-louisiana-el-lunes\/\",\"url\":\"https:\/\/www.sonoraenequipo.com.mx\/marco-pasa-de-tormenta-a-huracan-y-podria-llegar-al-estado-de-louisiana-el-lunes\/\",\"name\":\"Sonora en Equipo. \\\"Marco\\\" pasa de tormenta a hurac\u00e1n y podr\u00eda llegar al estado de Louisiana el lunes MUNDO\",\"isPartOf\":{\"@id\":\"https:\/\/www.sonoraenequipo.com.mx\/#website\"},\"primaryImageOfPage\":{\"@id\":\"https:\/\/www.sonoraenequipo.com.mx\/marco-pasa-de-tormenta-a-huracan-y-podria-llegar-al-estado-de-louisiana-el-lunes\/#primaryimage\"},\"image\":{\"@id\":\"https:\/\/www.sonoraenequipo.com.mx\/marco-pasa-de-tormenta-a-huracan-y-podria-llegar-al-estado-de-louisiana-el-lunes\/#primaryimage\"},\"thumbnailUrl\":\"https:\/\/www.sonoraenequipo.com.mx\/storage\/2020\/08\/marco_huracan_opt.jpg\",\"datePublished\":\"2020-08-23T20:10:41+00:00\",\"description\":\"WASHINGTON, ESTADOS UNIDOS. \u2014\u00a0 La tormenta tropical Marco se convirti\u00f3 en hurac\u00e1n este domingo, dijo el Centro Nacional de Huracanes de Estados Unidos En Sonora en Equipo publicamos toda la informaci\u00f3n de Sonora, M\u00e9xico y el Mundo de manera oportuna y busca que la libertad de expresi\u00f3n sea real. Visita nuestro medio informativo publicado desde Hermosillo, Sonora. %\",\"breadcrumb\":{\"@id\":\"https:\/\/www.sonoraenequipo.com.mx\/marco-pasa-de-tormenta-a-huracan-y-podria-llegar-al-estado-de-louisiana-el-lunes\/#breadcrumb\"},\"inLanguage\":\"es\",\"potentialAction\":[{\"@type\":\"ReadAction\",\"target\":[\"https:\/\/www.sonoraenequipo.com.mx\/marco-pasa-de-tormenta-a-huracan-y-podria-llegar-al-estado-de-louisiana-el-lunes\/\"]}]},{\"@type\":\"ImageObject\",\"inLanguage\":\"es\",\"@id\":\"https:\/\/www.sonoraenequipo.com.mx\/marco-pasa-de-tormenta-a-huracan-y-podria-llegar-al-estado-de-louisiana-el-lunes\/#primaryimage\",\"url\":\"https:\/\/www.sonoraenequipo.com.mx\/storage\/2020\/08\/marco_huracan_opt.jpg\",\"contentUrl\":\"https:\/\/www.sonoraenequipo.com.mx\/storage\/2020\/08\/marco_huracan_opt.jpg\",\"width\":575,\"height\":400},{\"@type\":\"BreadcrumbList\",\"@id\":\"https:\/\/www.sonoraenequipo.com.mx\/marco-pasa-de-tormenta-a-huracan-y-podria-llegar-al-estado-de-louisiana-el-lunes\/#breadcrumb\",\"itemListElement\":[{\"@type\":\"ListItem\",\"position\":1,\"name\":\"Portada\",\"item\":\"https:\/\/www.sonoraenequipo.com.mx\/\"},{\"@type\":\"ListItem\",\"position\":2,\"name\":\"\u00abMarco\u00bb pasa de tormenta a hurac\u00e1n y podr\u00eda llegar al estado de Louisiana el lunes\"}]},{\"@type\":\"WebSite\",\"@id\":\"https:\/\/www.sonoraenequipo.com.mx\/#website\",\"url\":\"https:\/\/www.sonoraenequipo.com.mx\/\",\"name\":\"Sonora en Equipo.\",\"description\":\"Diario en l\u00ednea con Noticias desde Hermosillo, Sonora\",\"publisher\":{\"@id\":\"https:\/\/www.sonoraenequipo.com.mx\/#organization\"},\"potentialAction\":[{\"@type\":\"SearchAction\",\"target\":{\"@type\":\"EntryPoint\",\"urlTemplate\":\"https:\/\/www.sonoraenequipo.com.mx\/?s={search_term_string}\"},\"query-input\":{\"@type\":\"PropertyValueSpecification\",\"valueRequired\":true,\"valueName\":\"search_term_string\"}}],\"inLanguage\":\"es\"},{\"@type\":\"Organization\",\"@id\":\"https:\/\/www.sonoraenequipo.com.mx\/#organization\",\"name\":\"Sonoraenequipo.com.mx\",\"url\":\"https:\/\/www.sonoraenequipo.com.mx\/\",\"logo\":{\"@type\":\"ImageObject\",\"inLanguage\":\"es\",\"@id\":\"https:\/\/www.sonoraenequipo.com.mx\/#\/schema\/logo\/image\/\",\"url\":\"https:\/\/www.sonoraenequipo.com.mx\/storage\/2019\/01\/sonoraenequipo_opt.png\",\"contentUrl\":\"https:\/\/www.sonoraenequipo.com.mx\/storage\/2019\/01\/sonoraenequipo_opt.png\",\"width\":375,\"height\":125,\"caption\":\"Sonoraenequipo.com.mx\"},\"image\":{\"@id\":\"https:\/\/www.sonoraenequipo.com.mx\/#\/schema\/logo\/image\/\"},\"sameAs\":[\"https:\/\/www.facebook.com\/SonoraEE\/\",\"https:\/\/x.com\/sonoraenequipo\",\"https:\/\/www.youtube.com\/channel\/UC338nW-lPEYmJQs4ZABQ1SQ\"]},{\"@type\":\"Person\",\"@id\":\"https:\/\/www.sonoraenequipo.com.mx\/#\/schema\/person\/50102df0fb23a8fa9e8effad8fa81386\",\"name\":\"enequipo\",\"image\":{\"@type\":\"ImageObject\",\"inLanguage\":\"es\",\"@id\":\"https:\/\/www.sonoraenequipo.com.mx\/#\/schema\/person\/image\/\",\"url\":\"https:\/\/secure.gravatar.com\/avatar\/049821681b589dabc0bc20695993ccebb09f5b5d4d790cd9251b97faac7c652b?s=96&d=blank&r=g\",\"contentUrl\":\"https:\/\/secure.gravatar.com\/avatar\/049821681b589dabc0bc20695993ccebb09f5b5d4d790cd9251b97faac7c652b?s=96&d=blank&r=g\",\"caption\":\"enequipo\"},\"sameAs\":[\"https:\/\/www.facebook.com\/SonoraEE\"]}]}<\/script>\n ","yoast_head_json":{"title":"Sonora en Equipo. \"Marco\" pasa de tormenta a hurac\u00e1n y podr\u00eda llegar al estado de Louisiana el lunes MUNDO","description":"WASHINGTON, ESTADOS UNIDOS. \u2014\u00a0 La tormenta tropical Marco se convirti\u00f3 en hurac\u00e1n este domingo, dijo el Centro Nacional de Huracanes de Estados Unidos En Sonora en Equipo publicamos toda la informaci\u00f3n de Sonora, M\u00e9xico y el Mundo de manera oportuna y busca que la libertad de expresi\u00f3n sea real. Visita nuestro medio informativo publicado desde Hermosillo, Sonora. %","robots":{"index":"index","follow":"follow","max-snippet":"max-snippet:-1","max-image-preview":"max-image-preview:large","max-video-preview":"max-video-preview:-1"},"canonical":"https:\/\/www.sonoraenequipo.com.mx\/marco-pasa-de-tormenta-a-huracan-y-podria-llegar-al-estado-de-louisiana-el-lunes\/","og_locale":"es_ES","og_type":"article","og_title":"Sonora en Equipo. \"Marco\" pasa de tormenta a hurac\u00e1n y podr\u00eda llegar al estado de Louisiana el lunes MUNDO","og_description":"WASHINGTON, ESTADOS UNIDOS. \u2014\u00a0 La tormenta tropical Marco se convirti\u00f3 en hurac\u00e1n este domingo, dijo el Centro Nacional de Huracanes de Estados Unidos En Sonora en Equipo publicamos toda la informaci\u00f3n de Sonora, M\u00e9xico y el Mundo de manera oportuna y busca que la libertad de expresi\u00f3n sea real. Visita nuestro medio informativo publicado desde Hermosillo, Sonora. %","og_url":"https:\/\/www.sonoraenequipo.com.mx\/marco-pasa-de-tormenta-a-huracan-y-podria-llegar-al-estado-de-louisiana-el-lunes\/","og_site_name":"Sonora en Equipo.","article_publisher":"https:\/\/www.facebook.com\/SonoraEE\/","article_author":"https:\/\/www.facebook.com\/SonoraEE","article_published_time":"2020-08-23T20:10:41+00:00","og_image":[{"width":575,"height":400,"url":"https:\/\/www.sonoraenequipo.com.mx\/storage\/2020\/08\/marco_huracan_opt.jpg","type":"image\/jpeg"}],"author":"enequipo","twitter_card":"summary_large_image","twitter_creator":"@sonoraenequipo","twitter_site":"@sonoraenequipo","twitter_misc":{"Escrito por":"enequipo","Tiempo de lectura":"4 minutos"},"schema":{"@context":"https:\/\/schema.org","@graph":[{"@type":"Article","@id":"https:\/\/www.sonoraenequipo.com.mx\/marco-pasa-de-tormenta-a-huracan-y-podria-llegar-al-estado-de-louisiana-el-lunes\/#article","isPartOf":{"@id":"https:\/\/www.sonoraenequipo.com.mx\/marco-pasa-de-tormenta-a-huracan-y-podria-llegar-al-estado-de-louisiana-el-lunes\/"},"author":{"name":"enequipo","@id":"https:\/\/www.sonoraenequipo.com.mx\/#\/schema\/person\/50102df0fb23a8fa9e8effad8fa81386"},"headline":"\u00abMarco\u00bb pasa de tormenta a hurac\u00e1n y podr\u00eda llegar al estado de Louisiana el lunes","datePublished":"2020-08-23T20:10:41+00:00","mainEntityOfPage":{"@id":"https:\/\/www.sonoraenequipo.com.mx\/marco-pasa-de-tormenta-a-huracan-y-podria-llegar-al-estado-de-louisiana-el-lunes\/"},"wordCount":784,"commentCount":0,"publisher":{"@id":"https:\/\/www.sonoraenequipo.com.mx\/#organization"},"image":{"@id":"https:\/\/www.sonoraenequipo.com.mx\/marco-pasa-de-tormenta-a-huracan-y-podria-llegar-al-estado-de-louisiana-el-lunes\/#primaryimage"},"thumbnailUrl":"https:\/\/www.sonoraenequipo.com.mx\/storage\/2020\/08\/marco_huracan_opt.jpg","articleSection":["MUNDO"],"inLanguage":"es","potentialAction":[{"@type":"CommentAction","name":"Comment","target":["https:\/\/www.sonoraenequipo.com.mx\/marco-pasa-de-tormenta-a-huracan-y-podria-llegar-al-estado-de-louisiana-el-lunes\/#respond"]}]},{"@type":"WebPage","@id":"https:\/\/www.sonoraenequipo.com.mx\/marco-pasa-de-tormenta-a-huracan-y-podria-llegar-al-estado-de-louisiana-el-lunes\/","url":"https:\/\/www.sonoraenequipo.com.mx\/marco-pasa-de-tormenta-a-huracan-y-podria-llegar-al-estado-de-louisiana-el-lunes\/","name":"Sonora en Equipo. \"Marco\" pasa de tormenta a hurac\u00e1n y podr\u00eda llegar al estado de Louisiana el lunes MUNDO","isPartOf":{"@id":"https:\/\/www.sonoraenequipo.com.mx\/#website"},"primaryImageOfPage":{"@id":"https:\/\/www.sonoraenequipo.com.mx\/marco-pasa-de-tormenta-a-huracan-y-podria-llegar-al-estado-de-louisiana-el-lunes\/#primaryimage"},"image":{"@id":"https:\/\/www.sonoraenequipo.com.mx\/marco-pasa-de-tormenta-a-huracan-y-podria-llegar-al-estado-de-louisiana-el-lunes\/#primaryimage"},"thumbnailUrl":"https:\/\/www.sonoraenequipo.com.mx\/storage\/2020\/08\/marco_huracan_opt.jpg","datePublished":"2020-08-23T20:10:41+00:00","description":"WASHINGTON, ESTADOS UNIDOS. \u2014\u00a0 La tormenta tropical Marco se convirti\u00f3 en hurac\u00e1n este domingo, dijo el Centro Nacional de Huracanes de Estados Unidos En Sonora en Equipo publicamos toda la informaci\u00f3n de Sonora, M\u00e9xico y el Mundo de manera oportuna y busca que la libertad de expresi\u00f3n sea real. Visita nuestro medio informativo publicado desde Hermosillo, Sonora. %","breadcrumb":{"@id":"https:\/\/www.sonoraenequipo.com.mx\/marco-pasa-de-tormenta-a-huracan-y-podria-llegar-al-estado-de-louisiana-el-lunes\/#breadcrumb"},"inLanguage":"es","potentialAction":[{"@type":"ReadAction","target":["https:\/\/www.sonoraenequipo.com.mx\/marco-pasa-de-tormenta-a-huracan-y-podria-llegar-al-estado-de-louisiana-el-lunes\/"]}]},{"@type":"ImageObject","inLanguage":"es","@id":"https:\/\/www.sonoraenequipo.com.mx\/marco-pasa-de-tormenta-a-huracan-y-podria-llegar-al-estado-de-louisiana-el-lunes\/#primaryimage","url":"https:\/\/www.sonoraenequipo.com.mx\/storage\/2020\/08\/marco_huracan_opt.jpg","contentUrl":"https:\/\/www.sonoraenequipo.com.mx\/storage\/2020\/08\/marco_huracan_opt.jpg","width":575,"height":400},{"@type":"BreadcrumbList","@id":"https:\/\/www.sonoraenequipo.com.mx\/marco-pasa-de-tormenta-a-huracan-y-podria-llegar-al-estado-de-louisiana-el-lunes\/#breadcrumb","itemListElement":[{"@type":"ListItem","position":1,"name":"Portada","item":"https:\/\/www.sonoraenequipo.com.mx\/"},{"@type":"ListItem","position":2,"name":"\u00abMarco\u00bb pasa de tormenta a hurac\u00e1n y podr\u00eda llegar al estado de Louisiana el lunes"}]},{"@type":"WebSite","@id":"https:\/\/www.sonoraenequipo.com.mx\/#website","url":"https:\/\/www.sonoraenequipo.com.mx\/","name":"Sonora en Equipo.","description":"Diario en l\u00ednea con Noticias desde Hermosillo, Sonora","publisher":{"@id":"https:\/\/www.sonoraenequipo.com.mx\/#organization"},"potentialAction":[{"@type":"SearchAction","target":{"@type":"EntryPoint","urlTemplate":"https:\/\/www.sonoraenequipo.com.mx\/?s={search_term_string}"},"query-input":{"@type":"PropertyValueSpecification","valueRequired":true,"valueName":"search_term_string"}}],"inLanguage":"es"},{"@type":"Organization","@id":"https:\/\/www.sonoraenequipo.com.mx\/#organization","name":"Sonoraenequipo.com.mx","url":"https:\/\/www.sonoraenequipo.com.mx\/","logo":{"@type":"ImageObject","inLanguage":"es","@id":"https:\/\/www.sonoraenequipo.com.mx\/#\/schema\/logo\/image\/","url":"https:\/\/www.sonoraenequipo.com.mx\/storage\/2019\/01\/sonoraenequipo_opt.png","contentUrl":"https:\/\/www.sonoraenequipo.com.mx\/storage\/2019\/01\/sonoraenequipo_opt.png","width":375,"height":125,"caption":"Sonoraenequipo.com.mx"},"image":{"@id":"https:\/\/www.sonoraenequipo.com.mx\/#\/schema\/logo\/image\/"},"sameAs":["https:\/\/www.facebook.com\/SonoraEE\/","https:\/\/x.com\/sonoraenequipo","https:\/\/www.youtube.com\/channel\/UC338nW-lPEYmJQs4ZABQ1SQ"]},{"@type":"Person","@id":"https:\/\/www.sonoraenequipo.com.mx\/#\/schema\/person\/50102df0fb23a8fa9e8effad8fa81386","name":"enequipo","image":{"@type":"ImageObject","inLanguage":"es","@id":"https:\/\/www.sonoraenequipo.com.mx\/#\/schema\/person\/image\/","url":"https:\/\/secure.gravatar.com\/avatar\/049821681b589dabc0bc20695993ccebb09f5b5d4d790cd9251b97faac7c652b?s=96&d=blank&r=g","contentUrl":"https:\/\/secure.gravatar.com\/avatar\/049821681b589dabc0bc20695993ccebb09f5b5d4d790cd9251b97faac7c652b?s=96&d=blank&r=g","caption":"enequipo"},"sameAs":["https:\/\/www.facebook.com\/SonoraEE"]}]}},"jetpack_featured_media_url":"https:\/\/www.sonoraenequipo.com.mx\/storage\/2020\/08\/marco_huracan_opt.jpg","_links":{"self":[{"href":"https:\/\/www.sonoraenequipo.com.mx\/api\/wp\/v2\/posts\/93352","targetHints":{"allow":["GET"]}}],"collection":[{"href":"https:\/\/www.sonoraenequipo.com.mx\/api\/wp\/v2\/posts"}],"about":[{"href":"https:\/\/www.sonoraenequipo.com.mx\/api\/wp\/v2\/types\/post"}],"author":[{"embeddable":true,"href":"https:\/\/www.sonoraenequipo.com.mx\/api\/wp\/v2\/users\/1"}],"replies":[{"embeddable":true,"href":"https:\/\/www.sonoraenequipo.com.mx\/api\/wp\/v2\/comments?post=93352"}],"version-history":[{"count":0,"href":"https:\/\/www.sonoraenequipo.com.mx\/api\/wp\/v2\/posts\/93352\/revisions"}],"wp:featuredmedia":[{"embeddable":true,"href":"https:\/\/www.sonoraenequipo.com.mx\/api\/wp\/v2\/media\/93353"}],"wp:attachment":[{"href":"https:\/\/www.sonoraenequipo.com.mx\/api\/wp\/v2\/media?parent=93352"}],"wp:term":[{"taxonomy":"category","embeddable":true,"href":"https:\/\/www.sonoraenequipo.com.mx\/api\/wp\/v2\/categories?post=93352"},{"taxonomy":"post_tag","embeddable":true,"href":"https:\/\/www.sonoraenequipo.com.mx\/api\/wp\/v2\/tags?post=93352"}],"curies":[{"name":"wp","href":"https:\/\/api.w.org\/{rel}","templated":true}]}}