{"id":93355,"date":"2020-08-23T14:01:11","date_gmt":"2020-08-23T21:01:11","guid":{"rendered":"https:\/\/www.sonoraenequipo.com.mx\/?p=93355"},"modified":"2020-08-23T14:01:11","modified_gmt":"2020-08-23T21:01:11","slug":"iniciara-educacion-a-distancia-pero-nos-mantendremos-muy-cercanos-gobernadora","status":"publish","type":"post","link":"https:\/\/www.sonoraenequipo.com.mx\/iniciara-educacion-a-distancia-pero-nos-mantendremos-muy-cercanos-gobernadora\/","title":{"rendered":"Iniciar\u00e1 educaci\u00f3n a distancia, pero nos mantendremos muy cercanos: Gobernadora"},"content":{"rendered":"<p>HERMOSILLO, SONORA,MX.\u2500\u2500 Este lunes 24 de agosto comienza el ciclo escolar 2020-2021 de educaci\u00f3n b\u00e1sica con un reto muy importante para autoridades educativas, madres y padres de familia, pero, sobre todo, para las y los estudiantes, ya que las clases iniciar\u00e1n \u201ca distancia\u201d, pero nos hemos preparado con m\u00e9todos alternativos dise\u00f1ados para apoyar la ense\u00f1anza y mantenernos muy\u00a0 cercanos, enfatiz\u00f3 la gobernadora Claudia Pavlovich Arellano. <\/p>\n<p>&nbsp;<\/p>\n<p>En un mensaje a las y los sonorenses, la mandataria estatal indic\u00f3 que desde el inicio de la pandemia en Sonora, el pasado 16 de marzo, el Gobierno del Estado ha trabajado en varias aristas para hacer frente a esta emergencia sanitaria, que ya gener\u00f3 que el anterior ciclo escolar terminara a distancia, y el pr\u00f3ximo inicie de la misma forma, sin embargo, con un plan estrat\u00e9gico fortalecido.<\/p>\n<p>&nbsp;<\/p>\n<p>\u201cLa contingencia sanitaria que enfrentamos por el Covid-19 nos obliga a que este nuevo ciclo escolar inicie a distancia, pero nos hemos preparado para mantenernos cerca. Mi gobierno no solo comparte la misma preocupaci\u00f3n de los padres y madres de familia porque la educaci\u00f3n no se detenga: hemos dispuesto acciones para que las ni\u00f1as y ni\u00f1os de preescolar, primaria y las y los adolescentes que cursan la secundaria tengan m\u00e9todos alternativos a la educaci\u00f3n presencial y sigan el plan de estudios de manera satisfactoria; adem\u00e1s de clases de reforzamiento por televisi\u00f3n, se dispondr\u00e1 tambi\u00e9n de cuadernillos con ejercicios y materiales extra para la comprensi\u00f3n de los contenidos por parte de las y los estudiantes, que incluso se llevar\u00e1n impresos, adem\u00e1s de los libros de texto a donde no llega el internet o no existe otro mecanismo de comunicaci\u00f3n\u201d, afirm\u00f3.<\/p>\n<p>&nbsp;<\/p>\n<p>Lo m\u00e1s importante es que tanto los estudiantes, como madres y padres de familia tengan la certeza que todas y todos tienen un lugar asegurado en el sistema educativo estatal, recalc\u00f3 la gobernadora Pavlovich, quien afirm\u00f3 que se har\u00e1 todo lo que est\u00e9 al alcance de las autoridades educativas para que el ciclo educativo sea un \u00e9xito.<\/p>\n<p>&nbsp;<\/p>\n<p>\u201cHe girado instrucciones a la Secretar\u00eda de Educaci\u00f3n y Cultura para incrementar la capacidad de atenci\u00f3n en la L\u00ednea de la Educaci\u00f3n e implementar un sistema de comunicaci\u00f3n directa mediante la herramienta telef\u00f3nica WhatsApp, para los padres de familia que deseen registrarse, as\u00ed como un chat virtual en la p\u00e1gina web de la SEC. Estaremos practicando la educaci\u00f3n \u2018a distancia\u2019, pero muy cercana\u201d, destac\u00f3.<\/p>\n<p>&nbsp;<\/p>\n<p>La mandataria estatal invit\u00f3 a las familias a que apoyen con todo su esfuerzo y amor a las ni\u00f1as, ni\u00f1os y j\u00f3venes estudiantes para cumplir con el plan de estudios correspondiente a este ciclo escolar.<\/p>\n<p>&nbsp;<\/p>\n<p>\u201cA los docentes, les doy gracias por anticipado, porque s\u00e9 que pondr\u00e1n todo su esfuerzo, preparaci\u00f3n y capacidad para que la ense\u00f1anza de cada \u00e1rea del conocimiento se cumpla, y para que la comunicaci\u00f3n y orientaci\u00f3n que requieren estudiantes y padres de familia sea efectiva para avanzar en esta noble tarea educativa que les toca hacer realidad\u201d, subray\u00f3.<\/p>\n<p>&nbsp;<\/p>\n<p>En su mensaje, la gobernadora Pavlovich dej\u00f3 claro que colaborando todos los involucrados en el proceso de ense\u00f1anza, los objetivos que se aborden a distancia en tanto es posible regresar a la modalidad presencial, se cubrir\u00e1n puntualmente y de manera efectiva.<\/p>\n<p>&nbsp;<\/p>\n<p>\u201cEntre todos, este reto, como todos los que nos han impuesto la pandemia, tambi\u00e9n lo vamos a sortear con \u00e9xito\u201d, dijo.<\/p>\n<p>Fecha de Publicaci\u00f3n 23\/ago\/2020<\/p>\n","protected":false},"excerpt":{"rendered":"<p>HERMOSILLO, SONORA,MX.\u2500\u2500 Este lunes 24 de agosto comienza el ciclo escolar 2020-2021 de educaci\u00f3n b\u00e1sica&#8230;<\/p>\n","protected":false},"author":1,"featured_media":93356,"comment_status":"open","ping_status":"open","sticky":false,"template":"","format":"standard","meta":{"_monsterinsights_skip_tracking":false,"_monsterinsights_sitenote_active":false,"_monsterinsights_sitenote_note":"","_monsterinsights_sitenote_category":0,"footnotes":""},"categories":[22],"tags":[47,15],"class_list":["post"],"yoast_head":" \n<title>Sonora en Equipo. Iniciar\u00e1 educaci\u00f3n a distancia, pero nos mantendremos muy cercanos: Gobernadora Sonora<\/title>\n<meta name=\"description\" content=\"HERMOSILLO, SONORA,MX.\u2500\u2500 Este lunes 24 de agosto comienza el ciclo escolar 2020-2021 de educaci\u00f3n b\u00e1sica con un reto muy importante para autoridades En Sonora en Equipo publicamos toda la informaci\u00f3n de Sonora, M\u00e9xico y el Mundo de manera oportuna y busca que la libertad de expresi\u00f3n sea real. Visita nuestro medio informativo publicado desde Hermosillo, Sonora. %\" \/>\n<meta name=\"robots\" content=\"index, follow, max-snippet:-1, max-image-preview:large, max-video-preview:-1\" \/>\n<link rel=\"canonical\" href=\"https:\/\/www.sonoraenequipo.com.mx\/iniciara-educacion-a-distancia-pero-nos-mantendremos-muy-cercanos-gobernadora\/\" \/>\n<meta property=\"og:locale\" content=\"es_ES\" \/>\n<meta property=\"og:type\" content=\"article\" \/>\n<meta property=\"og:title\" content=\"Sonora en Equipo. Iniciar\u00e1 educaci\u00f3n a distancia, pero nos mantendremos muy cercanos: Gobernadora Sonora\" \/>\n<meta property=\"og:description\" content=\"HERMOSILLO, SONORA,MX.\u2500\u2500 Este lunes 24 de agosto comienza el ciclo escolar 2020-2021 de educaci\u00f3n b\u00e1sica con un reto muy importante para autoridades En Sonora en Equipo publicamos toda la informaci\u00f3n de Sonora, M\u00e9xico y el Mundo de manera oportuna y busca que la libertad de expresi\u00f3n sea real. Visita nuestro medio informativo publicado desde Hermosillo, Sonora. %\" \/>\n<meta property=\"og:url\" content=\"https:\/\/www.sonoraenequipo.com.mx\/iniciara-educacion-a-distancia-pero-nos-mantendremos-muy-cercanos-gobernadora\/\" \/>\n<meta property=\"og:site_name\" content=\"Sonora en Equipo.\" \/>\n<meta property=\"article:publisher\" content=\"https:\/\/www.facebook.com\/SonoraEE\/\" \/>\n<meta property=\"article:author\" content=\"https:\/\/www.facebook.com\/SonoraEE\" \/>\n<meta property=\"article:published_time\" content=\"2020-08-23T21:01:11+00:00\" \/>\n<meta property=\"og:image\" content=\"https:\/\/www.sonoraenequipo.com.mx\/storage\/2020\/08\/claudia-pavlovich9.jpg\" \/>\n\t<meta property=\"og:image:width\" content=\"600\" \/>\n\t<meta property=\"og:image:height\" content=\"400\" \/>\n\t<meta property=\"og:image:type\" content=\"image\/jpeg\" \/>\n<meta name=\"author\" content=\"enequipo\" \/>\n<meta name=\"twitter:card\" content=\"summary_large_image\" \/>\n<meta name=\"twitter:creator\" content=\"@sonoraenequipo\" \/>\n<meta name=\"twitter:site\" content=\"@sonoraenequipo\" \/>\n<meta name=\"twitter:label1\" content=\"Escrito por\" \/>\n\t<meta name=\"twitter:data1\" content=\"enequipo\" \/>\n\t<meta name=\"twitter:label2\" content=\"Tiempo de lectura\" \/>\n\t<meta name=\"twitter:data2\" content=\"3 minutos\" \/>\n<script type=\"application\/ld+json\" class=\"yoast-schema-graph\">{\"@context\":\"https:\/\/schema.org\",\"@graph\":[{\"@type\":\"Article\",\"@id\":\"https:\/\/www.sonoraenequipo.com.mx\/iniciara-educacion-a-distancia-pero-nos-mantendremos-muy-cercanos-gobernadora\/#article\",\"isPartOf\":{\"@id\":\"https:\/\/www.sonoraenequipo.com.mx\/iniciara-educacion-a-distancia-pero-nos-mantendremos-muy-cercanos-gobernadora\/\"},\"author\":{\"name\":\"enequipo\",\"@id\":\"https:\/\/www.sonoraenequipo.com.mx\/#\/schema\/person\/50102df0fb23a8fa9e8effad8fa81386\"},\"headline\":\"Iniciar\u00e1 educaci\u00f3n a distancia, pero nos mantendremos muy cercanos: Gobernadora\",\"datePublished\":\"2020-08-23T21:01:11+00:00\",\"mainEntityOfPage\":{\"@id\":\"https:\/\/www.sonoraenequipo.com.mx\/iniciara-educacion-a-distancia-pero-nos-mantendremos-muy-cercanos-gobernadora\/\"},\"wordCount\":613,\"commentCount\":0,\"publisher\":{\"@id\":\"https:\/\/www.sonoraenequipo.com.mx\/#organization\"},\"image\":{\"@id\":\"https:\/\/www.sonoraenequipo.com.mx\/iniciara-educacion-a-distancia-pero-nos-mantendremos-muy-cercanos-gobernadora\/#primaryimage\"},\"thumbnailUrl\":\"https:\/\/www.sonoraenequipo.com.mx\/storage\/2020\/08\/claudia-pavlovich9.jpg\",\"keywords\":[\"educaci\u00f3n\",\"Sonora\"],\"articleSection\":[\"Sonora\"],\"inLanguage\":\"es\",\"potentialAction\":[{\"@type\":\"CommentAction\",\"name\":\"Comment\",\"target\":[\"https:\/\/www.sonoraenequipo.com.mx\/iniciara-educacion-a-distancia-pero-nos-mantendremos-muy-cercanos-gobernadora\/#respond\"]}]},{\"@type\":\"WebPage\",\"@id\":\"https:\/\/www.sonoraenequipo.com.mx\/iniciara-educacion-a-distancia-pero-nos-mantendremos-muy-cercanos-gobernadora\/\",\"url\":\"https:\/\/www.sonoraenequipo.com.mx\/iniciara-educacion-a-distancia-pero-nos-mantendremos-muy-cercanos-gobernadora\/\",\"name\":\"Sonora en Equipo. Iniciar\u00e1 educaci\u00f3n a distancia, pero nos mantendremos muy cercanos: Gobernadora Sonora\",\"isPartOf\":{\"@id\":\"https:\/\/www.sonoraenequipo.com.mx\/#website\"},\"primaryImageOfPage\":{\"@id\":\"https:\/\/www.sonoraenequipo.com.mx\/iniciara-educacion-a-distancia-pero-nos-mantendremos-muy-cercanos-gobernadora\/#primaryimage\"},\"image\":{\"@id\":\"https:\/\/www.sonoraenequipo.com.mx\/iniciara-educacion-a-distancia-pero-nos-mantendremos-muy-cercanos-gobernadora\/#primaryimage\"},\"thumbnailUrl\":\"https:\/\/www.sonoraenequipo.com.mx\/storage\/2020\/08\/claudia-pavlovich9.jpg\",\"datePublished\":\"2020-08-23T21:01:11+00:00\",\"description\":\"HERMOSILLO, SONORA,MX.\u2500\u2500 Este lunes 24 de agosto comienza el ciclo escolar 2020-2021 de educaci\u00f3n b\u00e1sica con un reto muy importante para autoridades En Sonora en Equipo publicamos toda la informaci\u00f3n de Sonora, M\u00e9xico y el Mundo de manera oportuna y busca que la libertad de expresi\u00f3n sea real. Visita nuestro medio informativo publicado desde Hermosillo, Sonora. %\",\"breadcrumb\":{\"@id\":\"https:\/\/www.sonoraenequipo.com.mx\/iniciara-educacion-a-distancia-pero-nos-mantendremos-muy-cercanos-gobernadora\/#breadcrumb\"},\"inLanguage\":\"es\",\"potentialAction\":[{\"@type\":\"ReadAction\",\"target\":[\"https:\/\/www.sonoraenequipo.com.mx\/iniciara-educacion-a-distancia-pero-nos-mantendremos-muy-cercanos-gobernadora\/\"]}]},{\"@type\":\"ImageObject\",\"inLanguage\":\"es\",\"@id\":\"https:\/\/www.sonoraenequipo.com.mx\/iniciara-educacion-a-distancia-pero-nos-mantendremos-muy-cercanos-gobernadora\/#primaryimage\",\"url\":\"https:\/\/www.sonoraenequipo.com.mx\/storage\/2020\/08\/claudia-pavlovich9.jpg\",\"contentUrl\":\"https:\/\/www.sonoraenequipo.com.mx\/storage\/2020\/08\/claudia-pavlovich9.jpg\",\"width\":600,\"height\":400},{\"@type\":\"BreadcrumbList\",\"@id\":\"https:\/\/www.sonoraenequipo.com.mx\/iniciara-educacion-a-distancia-pero-nos-mantendremos-muy-cercanos-gobernadora\/#breadcrumb\",\"itemListElement\":[{\"@type\":\"ListItem\",\"position\":1,\"name\":\"Portada\",\"item\":\"https:\/\/www.sonoraenequipo.com.mx\/\"},{\"@type\":\"ListItem\",\"position\":2,\"name\":\"Iniciar\u00e1 educaci\u00f3n a distancia, pero nos mantendremos muy cercanos: Gobernadora\"}]},{\"@type\":\"WebSite\",\"@id\":\"https:\/\/www.sonoraenequipo.com.mx\/#website\",\"url\":\"https:\/\/www.sonoraenequipo.com.mx\/\",\"name\":\"Sonora en Equipo.\",\"description\":\"Diario en l\u00ednea con Noticias desde Hermosillo, Sonora\",\"publisher\":{\"@id\":\"https:\/\/www.sonoraenequipo.com.mx\/#organization\"},\"potentialAction\":[{\"@type\":\"SearchAction\",\"target\":{\"@type\":\"EntryPoint\",\"urlTemplate\":\"https:\/\/www.sonoraenequipo.com.mx\/?s={search_term_string}\"},\"query-input\":{\"@type\":\"PropertyValueSpecification\",\"valueRequired\":true,\"valueName\":\"search_term_string\"}}],\"inLanguage\":\"es\"},{\"@type\":\"Organization\",\"@id\":\"https:\/\/www.sonoraenequipo.com.mx\/#organization\",\"name\":\"Sonoraenequipo.com.mx\",\"url\":\"https:\/\/www.sonoraenequipo.com.mx\/\",\"logo\":{\"@type\":\"ImageObject\",\"inLanguage\":\"es\",\"@id\":\"https:\/\/www.sonoraenequipo.com.mx\/#\/schema\/logo\/image\/\",\"url\":\"https:\/\/www.sonoraenequipo.com.mx\/storage\/2019\/01\/sonoraenequipo_opt.png\",\"contentUrl\":\"https:\/\/www.sonoraenequipo.com.mx\/storage\/2019\/01\/sonoraenequipo_opt.png\",\"width\":375,\"height\":125,\"caption\":\"Sonoraenequipo.com.mx\"},\"image\":{\"@id\":\"https:\/\/www.sonoraenequipo.com.mx\/#\/schema\/logo\/image\/\"},\"sameAs\":[\"https:\/\/www.facebook.com\/SonoraEE\/\",\"https:\/\/x.com\/sonoraenequipo\",\"https:\/\/www.youtube.com\/channel\/UC338nW-lPEYmJQs4ZABQ1SQ\"]},{\"@type\":\"Person\",\"@id\":\"https:\/\/www.sonoraenequipo.com.mx\/#\/schema\/person\/50102df0fb23a8fa9e8effad8fa81386\",\"name\":\"enequipo\",\"image\":{\"@type\":\"ImageObject\",\"inLanguage\":\"es\",\"@id\":\"https:\/\/www.sonoraenequipo.com.mx\/#\/schema\/person\/image\/\",\"url\":\"https:\/\/secure.gravatar.com\/avatar\/049821681b589dabc0bc20695993ccebb09f5b5d4d790cd9251b97faac7c652b?s=96&d=blank&r=g\",\"contentUrl\":\"https:\/\/secure.gravatar.com\/avatar\/049821681b589dabc0bc20695993ccebb09f5b5d4d790cd9251b97faac7c652b?s=96&d=blank&r=g\",\"caption\":\"enequipo\"},\"sameAs\":[\"https:\/\/www.facebook.com\/SonoraEE\"]}]}<\/script>\n ","yoast_head_json":{"title":"Sonora en Equipo. Iniciar\u00e1 educaci\u00f3n a distancia, pero nos mantendremos muy cercanos: Gobernadora Sonora","description":"HERMOSILLO, SONORA,MX.\u2500\u2500 Este lunes 24 de agosto comienza el ciclo escolar 2020-2021 de educaci\u00f3n b\u00e1sica con un reto muy importante para autoridades En Sonora en Equipo publicamos toda la informaci\u00f3n de Sonora, M\u00e9xico y el Mundo de manera oportuna y busca que la libertad de expresi\u00f3n sea real. Visita nuestro medio informativo publicado desde Hermosillo, Sonora. %","robots":{"index":"index","follow":"follow","max-snippet":"max-snippet:-1","max-image-preview":"max-image-preview:large","max-video-preview":"max-video-preview:-1"},"canonical":"https:\/\/www.sonoraenequipo.com.mx\/iniciara-educacion-a-distancia-pero-nos-mantendremos-muy-cercanos-gobernadora\/","og_locale":"es_ES","og_type":"article","og_title":"Sonora en Equipo. Iniciar\u00e1 educaci\u00f3n a distancia, pero nos mantendremos muy cercanos: Gobernadora Sonora","og_description":"HERMOSILLO, SONORA,MX.\u2500\u2500 Este lunes 24 de agosto comienza el ciclo escolar 2020-2021 de educaci\u00f3n b\u00e1sica con un reto muy importante para autoridades En Sonora en Equipo publicamos toda la informaci\u00f3n de Sonora, M\u00e9xico y el Mundo de manera oportuna y busca que la libertad de expresi\u00f3n sea real. Visita nuestro medio informativo publicado desde Hermosillo, Sonora. %","og_url":"https:\/\/www.sonoraenequipo.com.mx\/iniciara-educacion-a-distancia-pero-nos-mantendremos-muy-cercanos-gobernadora\/","og_site_name":"Sonora en Equipo.","article_publisher":"https:\/\/www.facebook.com\/SonoraEE\/","article_author":"https:\/\/www.facebook.com\/SonoraEE","article_published_time":"2020-08-23T21:01:11+00:00","og_image":[{"width":600,"height":400,"url":"https:\/\/www.sonoraenequipo.com.mx\/storage\/2020\/08\/claudia-pavlovich9.jpg","type":"image\/jpeg"}],"author":"enequipo","twitter_card":"summary_large_image","twitter_creator":"@sonoraenequipo","twitter_site":"@sonoraenequipo","twitter_misc":{"Escrito por":"enequipo","Tiempo de lectura":"3 minutos"},"schema":{"@context":"https:\/\/schema.org","@graph":[{"@type":"Article","@id":"https:\/\/www.sonoraenequipo.com.mx\/iniciara-educacion-a-distancia-pero-nos-mantendremos-muy-cercanos-gobernadora\/#article","isPartOf":{"@id":"https:\/\/www.sonoraenequipo.com.mx\/iniciara-educacion-a-distancia-pero-nos-mantendremos-muy-cercanos-gobernadora\/"},"author":{"name":"enequipo","@id":"https:\/\/www.sonoraenequipo.com.mx\/#\/schema\/person\/50102df0fb23a8fa9e8effad8fa81386"},"headline":"Iniciar\u00e1 educaci\u00f3n a distancia, pero nos mantendremos muy cercanos: Gobernadora","datePublished":"2020-08-23T21:01:11+00:00","mainEntityOfPage":{"@id":"https:\/\/www.sonoraenequipo.com.mx\/iniciara-educacion-a-distancia-pero-nos-mantendremos-muy-cercanos-gobernadora\/"},"wordCount":613,"commentCount":0,"publisher":{"@id":"https:\/\/www.sonoraenequipo.com.mx\/#organization"},"image":{"@id":"https:\/\/www.sonoraenequipo.com.mx\/iniciara-educacion-a-distancia-pero-nos-mantendremos-muy-cercanos-gobernadora\/#primaryimage"},"thumbnailUrl":"https:\/\/www.sonoraenequipo.com.mx\/storage\/2020\/08\/claudia-pavlovich9.jpg","keywords":["educaci\u00f3n","Sonora"],"articleSection":["Sonora"],"inLanguage":"es","potentialAction":[{"@type":"CommentAction","name":"Comment","target":["https:\/\/www.sonoraenequipo.com.mx\/iniciara-educacion-a-distancia-pero-nos-mantendremos-muy-cercanos-gobernadora\/#respond"]}]},{"@type":"WebPage","@id":"https:\/\/www.sonoraenequipo.com.mx\/iniciara-educacion-a-distancia-pero-nos-mantendremos-muy-cercanos-gobernadora\/","url":"https:\/\/www.sonoraenequipo.com.mx\/iniciara-educacion-a-distancia-pero-nos-mantendremos-muy-cercanos-gobernadora\/","name":"Sonora en Equipo. Iniciar\u00e1 educaci\u00f3n a distancia, pero nos mantendremos muy cercanos: Gobernadora Sonora","isPartOf":{"@id":"https:\/\/www.sonoraenequipo.com.mx\/#website"},"primaryImageOfPage":{"@id":"https:\/\/www.sonoraenequipo.com.mx\/iniciara-educacion-a-distancia-pero-nos-mantendremos-muy-cercanos-gobernadora\/#primaryimage"},"image":{"@id":"https:\/\/www.sonoraenequipo.com.mx\/iniciara-educacion-a-distancia-pero-nos-mantendremos-muy-cercanos-gobernadora\/#primaryimage"},"thumbnailUrl":"https:\/\/www.sonoraenequipo.com.mx\/storage\/2020\/08\/claudia-pavlovich9.jpg","datePublished":"2020-08-23T21:01:11+00:00","description":"HERMOSILLO, SONORA,MX.\u2500\u2500 Este lunes 24 de agosto comienza el ciclo escolar 2020-2021 de educaci\u00f3n b\u00e1sica con un reto muy importante para autoridades En Sonora en Equipo publicamos toda la informaci\u00f3n de Sonora, M\u00e9xico y el Mundo de manera oportuna y busca que la libertad de expresi\u00f3n sea real. Visita nuestro medio informativo publicado desde Hermosillo, Sonora. %","breadcrumb":{"@id":"https:\/\/www.sonoraenequipo.com.mx\/iniciara-educacion-a-distancia-pero-nos-mantendremos-muy-cercanos-gobernadora\/#breadcrumb"},"inLanguage":"es","potentialAction":[{"@type":"ReadAction","target":["https:\/\/www.sonoraenequipo.com.mx\/iniciara-educacion-a-distancia-pero-nos-mantendremos-muy-cercanos-gobernadora\/"]}]},{"@type":"ImageObject","inLanguage":"es","@id":"https:\/\/www.sonoraenequipo.com.mx\/iniciara-educacion-a-distancia-pero-nos-mantendremos-muy-cercanos-gobernadora\/#primaryimage","url":"https:\/\/www.sonoraenequipo.com.mx\/storage\/2020\/08\/claudia-pavlovich9.jpg","contentUrl":"https:\/\/www.sonoraenequipo.com.mx\/storage\/2020\/08\/claudia-pavlovich9.jpg","width":600,"height":400},{"@type":"BreadcrumbList","@id":"https:\/\/www.sonoraenequipo.com.mx\/iniciara-educacion-a-distancia-pero-nos-mantendremos-muy-cercanos-gobernadora\/#breadcrumb","itemListElement":[{"@type":"ListItem","position":1,"name":"Portada","item":"https:\/\/www.sonoraenequipo.com.mx\/"},{"@type":"ListItem","position":2,"name":"Iniciar\u00e1 educaci\u00f3n a distancia, pero nos mantendremos muy cercanos: Gobernadora"}]},{"@type":"WebSite","@id":"https:\/\/www.sonoraenequipo.com.mx\/#website","url":"https:\/\/www.sonoraenequipo.com.mx\/","name":"Sonora en Equipo.","description":"Diario en l\u00ednea con Noticias desde Hermosillo, Sonora","publisher":{"@id":"https:\/\/www.sonoraenequipo.com.mx\/#organization"},"potentialAction":[{"@type":"SearchAction","target":{"@type":"EntryPoint","urlTemplate":"https:\/\/www.sonoraenequipo.com.mx\/?s={search_term_string}"},"query-input":{"@type":"PropertyValueSpecification","valueRequired":true,"valueName":"search_term_string"}}],"inLanguage":"es"},{"@type":"Organization","@id":"https:\/\/www.sonoraenequipo.com.mx\/#organization","name":"Sonoraenequipo.com.mx","url":"https:\/\/www.sonoraenequipo.com.mx\/","logo":{"@type":"ImageObject","inLanguage":"es","@id":"https:\/\/www.sonoraenequipo.com.mx\/#\/schema\/logo\/image\/","url":"https:\/\/www.sonoraenequipo.com.mx\/storage\/2019\/01\/sonoraenequipo_opt.png","contentUrl":"https:\/\/www.sonoraenequipo.com.mx\/storage\/2019\/01\/sonoraenequipo_opt.png","width":375,"height":125,"caption":"Sonoraenequipo.com.mx"},"image":{"@id":"https:\/\/www.sonoraenequipo.com.mx\/#\/schema\/logo\/image\/"},"sameAs":["https:\/\/www.facebook.com\/SonoraEE\/","https:\/\/x.com\/sonoraenequipo","https:\/\/www.youtube.com\/channel\/UC338nW-lPEYmJQs4ZABQ1SQ"]},{"@type":"Person","@id":"https:\/\/www.sonoraenequipo.com.mx\/#\/schema\/person\/50102df0fb23a8fa9e8effad8fa81386","name":"enequipo","image":{"@type":"ImageObject","inLanguage":"es","@id":"https:\/\/www.sonoraenequipo.com.mx\/#\/schema\/person\/image\/","url":"https:\/\/secure.gravatar.com\/avatar\/049821681b589dabc0bc20695993ccebb09f5b5d4d790cd9251b97faac7c652b?s=96&d=blank&r=g","contentUrl":"https:\/\/secure.gravatar.com\/avatar\/049821681b589dabc0bc20695993ccebb09f5b5d4d790cd9251b97faac7c652b?s=96&d=blank&r=g","caption":"enequipo"},"sameAs":["https:\/\/www.facebook.com\/SonoraEE"]}]}},"jetpack_featured_media_url":"https:\/\/www.sonoraenequipo.com.mx\/storage\/2020\/08\/claudia-pavlovich9.jpg","_links":{"self":[{"href":"https:\/\/www.sonoraenequipo.com.mx\/api\/wp\/v2\/posts\/93355","targetHints":{"allow":["GET"]}}],"collection":[{"href":"https:\/\/www.sonoraenequipo.com.mx\/api\/wp\/v2\/posts"}],"about":[{"href":"https:\/\/www.sonoraenequipo.com.mx\/api\/wp\/v2\/types\/post"}],"author":[{"embeddable":true,"href":"https:\/\/www.sonoraenequipo.com.mx\/api\/wp\/v2\/users\/1"}],"replies":[{"embeddable":true,"href":"https:\/\/www.sonoraenequipo.com.mx\/api\/wp\/v2\/comments?post=93355"}],"version-history":[{"count":0,"href":"https:\/\/www.sonoraenequipo.com.mx\/api\/wp\/v2\/posts\/93355\/revisions"}],"wp:featuredmedia":[{"embeddable":true,"href":"https:\/\/www.sonoraenequipo.com.mx\/api\/wp\/v2\/media\/93356"}],"wp:attachment":[{"href":"https:\/\/www.sonoraenequipo.com.mx\/api\/wp\/v2\/media?parent=93355"}],"wp:term":[{"taxonomy":"category","embeddable":true,"href":"https:\/\/www.sonoraenequipo.com.mx\/api\/wp\/v2\/categories?post=93355"},{"taxonomy":"post_tag","embeddable":true,"href":"https:\/\/www.sonoraenequipo.com.mx\/api\/wp\/v2\/tags?post=93355"}],"curies":[{"name":"wp","href":"https:\/\/api.w.org\/{rel}","templated":true}]}}