{"id":93362,"date":"2020-08-23T15:26:07","date_gmt":"2020-08-23T22:26:07","guid":{"rendered":"https:\/\/www.sonoraenequipo.com.mx\/?p=93362"},"modified":"2020-08-23T17:10:14","modified_gmt":"2020-08-24T00:10:14","slug":"g-n-detiene-en-guaymas-a-sujeto-conduciendo-auto-con-estrobos","status":"publish","type":"post","link":"https:\/\/www.sonoraenequipo.com.mx\/g-n-detiene-en-guaymas-a-sujeto-conduciendo-auto-con-estrobos\/","title":{"rendered":"Guardia Nacional detiene en Guaymas a sujeto conduciendo auto con estrobos"},"content":{"rendered":"<p>GUAYMAS, SONORA,MX.\u2500\u2500 Despu\u00e9s de ser sorprendido por elementos de la Guardia Nacional en un veh\u00edculo con luces estrobosc\u00f3picas, asignadas solo a unidades de seguridad p\u00fablica, un sujeto fue detenido, \u00a0y vinculado a proceso y en prisi\u00f3n preventiva por el delito de atentado contra la seguridad de la comunidad. <\/p>\n<p><img loading=\"lazy\" decoding=\"async\" class=\"x-left  \" src=\"https:\/\/www.sonoraenequipo.com.mx\/storage\/2020\/08\/estrobos-auto2-325x452.jpg\" alt=\"\" width=\"256\" height=\"356\" \/>Juan Manuel \u201cN.\u201d, de 34 a\u00f1os de edad, fue presentado ante el Juez por personal de la Fiscal\u00eda General de Justicia del Estado de Sonora (FGJE), quienes exhibieron los datos de pruebas en la audiencia inicial, celebrada el pasado 16 de agosto.<\/p>\n<p>Se control\u00f3 la detenci\u00f3n, fue imputado por el Juez y dejado en prisi\u00f3n preventiva justificada, mientras que la vinculaci\u00f3n a proceso la decret\u00f3 el viernes 21 de agosto, por el delito de atentado contra la seguridad de la comunidad.<\/p>\n<p>Dentro de la causa penal 167\/2020 se establece que el ahora imputado fue sorprendido por elementos de la Guardia Nacional el pasado 14 de agosto, cerca de la medianoche, en calle Mar de Cort\u00e9s y 7, en la colonia Sahuaripa. De esta ciudad.<\/p>\n<p>Conduc\u00eda un autom\u00f3vil Chevrolet Cavalier, color negro, modelo 2019, que ten\u00eda encendidas los faros de los cuartos delanteros con una luz roja y otra azul, aparentando a las unidades pertenecientes a seguridad p\u00fablica, una patrulla.<\/p>\n<p>Al realizar efectivos de la Guardia Nacional un control preventivo provisional m\u00ednimo, se percataron que el veh\u00edculo no pertenec\u00eda a ninguna corporaci\u00f3n, expresando Juan Manuel \u201cN.\u201d que tiene como oficio chofer, por lo que de inmediato fue asegurado.<\/p>\n<p>Personal de Servicios Periciales, de la Fiscal\u00eda de Sonora, realiz\u00f3 peritajes y se inspeccion\u00f3 a la unidad automotriz, determinando que las luces no son de origen o de agencia, que fueron instaladas posteriormente y no pertenecen a ninguna corporaci\u00f3n.<\/p>\n<p>Fecha de Publicaci\u00f3n 23\/ago\/2020<\/p>\n","protected":false},"excerpt":{"rendered":"<p>GUAYMAS, SONORA,MX.\u2500\u2500 Despu\u00e9s de ser sorprendido por elementos de la Guardia Nacional en un veh\u00edculo&#8230;<\/p>\n","protected":false},"author":1,"featured_media":93364,"comment_status":"open","ping_status":"open","sticky":false,"template":"","format":"standard","meta":{"_monsterinsights_skip_tracking":false,"_monsterinsights_sitenote_active":false,"_monsterinsights_sitenote_note":"","_monsterinsights_sitenote_category":0,"footnotes":""},"categories":[3144],"tags":[],"class_list":["post"],"yoast_head":" \n<title>Sonora en Equipo. Guardia Nacional detiene en Guaymas a sujeto conduciendo auto con estrobos Polic\u00edaca<\/title>\n<meta name=\"description\" content=\"GUAYMAS, SONORA,MX.\u2500\u2500 Despu\u00e9s de ser sorprendido por elementos de la Guardia Nacional en un veh\u00edculo con luces estrobosc\u00f3picas, asignadas solo a unidades En Sonora en Equipo publicamos toda la informaci\u00f3n de Sonora, M\u00e9xico y el Mundo de manera oportuna y busca que la libertad de expresi\u00f3n sea real. Visita nuestro medio informativo publicado desde Hermosillo, Sonora. %\" \/>\n<meta name=\"robots\" content=\"index, follow, max-snippet:-1, max-image-preview:large, max-video-preview:-1\" \/>\n<link rel=\"canonical\" href=\"https:\/\/www.sonoraenequipo.com.mx\/g-n-detiene-en-guaymas-a-sujeto-conduciendo-auto-con-estrobos\/\" \/>\n<meta property=\"og:locale\" content=\"es_ES\" \/>\n<meta property=\"og:type\" content=\"article\" \/>\n<meta property=\"og:title\" content=\"Sonora en Equipo. Guardia Nacional detiene en Guaymas a sujeto conduciendo auto con estrobos Polic\u00edaca\" \/>\n<meta property=\"og:description\" content=\"GUAYMAS, SONORA,MX.\u2500\u2500 Despu\u00e9s de ser sorprendido por elementos de la Guardia Nacional en un veh\u00edculo con luces estrobosc\u00f3picas, asignadas solo a unidades En Sonora en Equipo publicamos toda la informaci\u00f3n de Sonora, M\u00e9xico y el Mundo de manera oportuna y busca que la libertad de expresi\u00f3n sea real. Visita nuestro medio informativo publicado desde Hermosillo, Sonora. %\" \/>\n<meta property=\"og:url\" content=\"https:\/\/www.sonoraenequipo.com.mx\/g-n-detiene-en-guaymas-a-sujeto-conduciendo-auto-con-estrobos\/\" \/>\n<meta property=\"og:site_name\" content=\"Sonora en Equipo.\" \/>\n<meta property=\"article:publisher\" content=\"https:\/\/www.facebook.com\/SonoraEE\/\" \/>\n<meta property=\"article:author\" content=\"https:\/\/www.facebook.com\/SonoraEE\" \/>\n<meta property=\"article:published_time\" content=\"2020-08-23T22:26:07+00:00\" \/>\n<meta property=\"article:modified_time\" content=\"2020-08-24T00:10:14+00:00\" \/>\n<meta property=\"og:image\" content=\"https:\/\/www.sonoraenequipo.com.mx\/storage\/2020\/08\/estrobos-auto.jpg\" \/>\n\t<meta property=\"og:image:width\" content=\"600\" \/>\n\t<meta property=\"og:image:height\" content=\"398\" \/>\n\t<meta property=\"og:image:type\" content=\"image\/jpeg\" \/>\n<meta name=\"author\" content=\"enequipo\" \/>\n<meta name=\"twitter:card\" content=\"summary_large_image\" \/>\n<meta name=\"twitter:creator\" content=\"@sonoraenequipo\" \/>\n<meta name=\"twitter:site\" content=\"@sonoraenequipo\" \/>\n<meta name=\"twitter:label1\" content=\"Escrito por\" \/>\n\t<meta name=\"twitter:data1\" content=\"enequipo\" \/>\n\t<meta name=\"twitter:label2\" content=\"Tiempo de lectura\" \/>\n\t<meta name=\"twitter:data2\" content=\"2 minutos\" \/>\n<script type=\"application\/ld+json\" class=\"yoast-schema-graph\">{\"@context\":\"https:\/\/schema.org\",\"@graph\":[{\"@type\":\"Article\",\"@id\":\"https:\/\/www.sonoraenequipo.com.mx\/g-n-detiene-en-guaymas-a-sujeto-conduciendo-auto-con-estrobos\/#article\",\"isPartOf\":{\"@id\":\"https:\/\/www.sonoraenequipo.com.mx\/g-n-detiene-en-guaymas-a-sujeto-conduciendo-auto-con-estrobos\/\"},\"author\":{\"name\":\"enequipo\",\"@id\":\"https:\/\/www.sonoraenequipo.com.mx\/#\/schema\/person\/50102df0fb23a8fa9e8effad8fa81386\"},\"headline\":\"Guardia Nacional detiene en Guaymas a sujeto conduciendo auto con estrobos\",\"datePublished\":\"2020-08-23T22:26:07+00:00\",\"dateModified\":\"2020-08-24T00:10:14+00:00\",\"mainEntityOfPage\":{\"@id\":\"https:\/\/www.sonoraenequipo.com.mx\/g-n-detiene-en-guaymas-a-sujeto-conduciendo-auto-con-estrobos\/\"},\"wordCount\":315,\"commentCount\":0,\"publisher\":{\"@id\":\"https:\/\/www.sonoraenequipo.com.mx\/#organization\"},\"image\":{\"@id\":\"https:\/\/www.sonoraenequipo.com.mx\/g-n-detiene-en-guaymas-a-sujeto-conduciendo-auto-con-estrobos\/#primaryimage\"},\"thumbnailUrl\":\"https:\/\/www.sonoraenequipo.com.mx\/storage\/2020\/08\/estrobos-auto.jpg\",\"articleSection\":[\"Polic\u00edaca\"],\"inLanguage\":\"es\",\"potentialAction\":[{\"@type\":\"CommentAction\",\"name\":\"Comment\",\"target\":[\"https:\/\/www.sonoraenequipo.com.mx\/g-n-detiene-en-guaymas-a-sujeto-conduciendo-auto-con-estrobos\/#respond\"]}]},{\"@type\":\"WebPage\",\"@id\":\"https:\/\/www.sonoraenequipo.com.mx\/g-n-detiene-en-guaymas-a-sujeto-conduciendo-auto-con-estrobos\/\",\"url\":\"https:\/\/www.sonoraenequipo.com.mx\/g-n-detiene-en-guaymas-a-sujeto-conduciendo-auto-con-estrobos\/\",\"name\":\"Sonora en Equipo. Guardia Nacional detiene en Guaymas a sujeto conduciendo auto con estrobos Polic\u00edaca\",\"isPartOf\":{\"@id\":\"https:\/\/www.sonoraenequipo.com.mx\/#website\"},\"primaryImageOfPage\":{\"@id\":\"https:\/\/www.sonoraenequipo.com.mx\/g-n-detiene-en-guaymas-a-sujeto-conduciendo-auto-con-estrobos\/#primaryimage\"},\"image\":{\"@id\":\"https:\/\/www.sonoraenequipo.com.mx\/g-n-detiene-en-guaymas-a-sujeto-conduciendo-auto-con-estrobos\/#primaryimage\"},\"thumbnailUrl\":\"https:\/\/www.sonoraenequipo.com.mx\/storage\/2020\/08\/estrobos-auto.jpg\",\"datePublished\":\"2020-08-23T22:26:07+00:00\",\"dateModified\":\"2020-08-24T00:10:14+00:00\",\"description\":\"GUAYMAS, SONORA,MX.\u2500\u2500 Despu\u00e9s de ser sorprendido por elementos de la Guardia Nacional en un veh\u00edculo con luces estrobosc\u00f3picas, asignadas solo a unidades En Sonora en Equipo publicamos toda la informaci\u00f3n de Sonora, M\u00e9xico y el Mundo de manera oportuna y busca que la libertad de expresi\u00f3n sea real. Visita nuestro medio informativo publicado desde Hermosillo, Sonora. %\",\"breadcrumb\":{\"@id\":\"https:\/\/www.sonoraenequipo.com.mx\/g-n-detiene-en-guaymas-a-sujeto-conduciendo-auto-con-estrobos\/#breadcrumb\"},\"inLanguage\":\"es\",\"potentialAction\":[{\"@type\":\"ReadAction\",\"target\":[\"https:\/\/www.sonoraenequipo.com.mx\/g-n-detiene-en-guaymas-a-sujeto-conduciendo-auto-con-estrobos\/\"]}]},{\"@type\":\"ImageObject\",\"inLanguage\":\"es\",\"@id\":\"https:\/\/www.sonoraenequipo.com.mx\/g-n-detiene-en-guaymas-a-sujeto-conduciendo-auto-con-estrobos\/#primaryimage\",\"url\":\"https:\/\/www.sonoraenequipo.com.mx\/storage\/2020\/08\/estrobos-auto.jpg\",\"contentUrl\":\"https:\/\/www.sonoraenequipo.com.mx\/storage\/2020\/08\/estrobos-auto.jpg\",\"width\":600,\"height\":398},{\"@type\":\"BreadcrumbList\",\"@id\":\"https:\/\/www.sonoraenequipo.com.mx\/g-n-detiene-en-guaymas-a-sujeto-conduciendo-auto-con-estrobos\/#breadcrumb\",\"itemListElement\":[{\"@type\":\"ListItem\",\"position\":1,\"name\":\"Portada\",\"item\":\"https:\/\/www.sonoraenequipo.com.mx\/\"},{\"@type\":\"ListItem\",\"position\":2,\"name\":\"Guardia Nacional detiene en Guaymas a sujeto conduciendo auto con estrobos\"}]},{\"@type\":\"WebSite\",\"@id\":\"https:\/\/www.sonoraenequipo.com.mx\/#website\",\"url\":\"https:\/\/www.sonoraenequipo.com.mx\/\",\"name\":\"Sonora en Equipo.\",\"description\":\"Diario en l\u00ednea con Noticias desde Hermosillo, Sonora\",\"publisher\":{\"@id\":\"https:\/\/www.sonoraenequipo.com.mx\/#organization\"},\"potentialAction\":[{\"@type\":\"SearchAction\",\"target\":{\"@type\":\"EntryPoint\",\"urlTemplate\":\"https:\/\/www.sonoraenequipo.com.mx\/?s={search_term_string}\"},\"query-input\":{\"@type\":\"PropertyValueSpecification\",\"valueRequired\":true,\"valueName\":\"search_term_string\"}}],\"inLanguage\":\"es\"},{\"@type\":\"Organization\",\"@id\":\"https:\/\/www.sonoraenequipo.com.mx\/#organization\",\"name\":\"Sonoraenequipo.com.mx\",\"url\":\"https:\/\/www.sonoraenequipo.com.mx\/\",\"logo\":{\"@type\":\"ImageObject\",\"inLanguage\":\"es\",\"@id\":\"https:\/\/www.sonoraenequipo.com.mx\/#\/schema\/logo\/image\/\",\"url\":\"https:\/\/www.sonoraenequipo.com.mx\/storage\/2019\/01\/sonoraenequipo_opt.png\",\"contentUrl\":\"https:\/\/www.sonoraenequipo.com.mx\/storage\/2019\/01\/sonoraenequipo_opt.png\",\"width\":375,\"height\":125,\"caption\":\"Sonoraenequipo.com.mx\"},\"image\":{\"@id\":\"https:\/\/www.sonoraenequipo.com.mx\/#\/schema\/logo\/image\/\"},\"sameAs\":[\"https:\/\/www.facebook.com\/SonoraEE\/\",\"https:\/\/x.com\/sonoraenequipo\",\"https:\/\/www.youtube.com\/channel\/UC338nW-lPEYmJQs4ZABQ1SQ\"]},{\"@type\":\"Person\",\"@id\":\"https:\/\/www.sonoraenequipo.com.mx\/#\/schema\/person\/50102df0fb23a8fa9e8effad8fa81386\",\"name\":\"enequipo\",\"image\":{\"@type\":\"ImageObject\",\"inLanguage\":\"es\",\"@id\":\"https:\/\/www.sonoraenequipo.com.mx\/#\/schema\/person\/image\/\",\"url\":\"https:\/\/secure.gravatar.com\/avatar\/049821681b589dabc0bc20695993ccebb09f5b5d4d790cd9251b97faac7c652b?s=96&d=blank&r=g\",\"contentUrl\":\"https:\/\/secure.gravatar.com\/avatar\/049821681b589dabc0bc20695993ccebb09f5b5d4d790cd9251b97faac7c652b?s=96&d=blank&r=g\",\"caption\":\"enequipo\"},\"sameAs\":[\"https:\/\/www.facebook.com\/SonoraEE\"]}]}<\/script>\n ","yoast_head_json":{"title":"Sonora en Equipo. Guardia Nacional detiene en Guaymas a sujeto conduciendo auto con estrobos Polic\u00edaca","description":"GUAYMAS, SONORA,MX.\u2500\u2500 Despu\u00e9s de ser sorprendido por elementos de la Guardia Nacional en un veh\u00edculo con luces estrobosc\u00f3picas, asignadas solo a unidades En Sonora en Equipo publicamos toda la informaci\u00f3n de Sonora, M\u00e9xico y el Mundo de manera oportuna y busca que la libertad de expresi\u00f3n sea real. Visita nuestro medio informativo publicado desde Hermosillo, Sonora. %","robots":{"index":"index","follow":"follow","max-snippet":"max-snippet:-1","max-image-preview":"max-image-preview:large","max-video-preview":"max-video-preview:-1"},"canonical":"https:\/\/www.sonoraenequipo.com.mx\/g-n-detiene-en-guaymas-a-sujeto-conduciendo-auto-con-estrobos\/","og_locale":"es_ES","og_type":"article","og_title":"Sonora en Equipo. Guardia Nacional detiene en Guaymas a sujeto conduciendo auto con estrobos Polic\u00edaca","og_description":"GUAYMAS, SONORA,MX.\u2500\u2500 Despu\u00e9s de ser sorprendido por elementos de la Guardia Nacional en un veh\u00edculo con luces estrobosc\u00f3picas, asignadas solo a unidades En Sonora en Equipo publicamos toda la informaci\u00f3n de Sonora, M\u00e9xico y el Mundo de manera oportuna y busca que la libertad de expresi\u00f3n sea real. Visita nuestro medio informativo publicado desde Hermosillo, Sonora. %","og_url":"https:\/\/www.sonoraenequipo.com.mx\/g-n-detiene-en-guaymas-a-sujeto-conduciendo-auto-con-estrobos\/","og_site_name":"Sonora en Equipo.","article_publisher":"https:\/\/www.facebook.com\/SonoraEE\/","article_author":"https:\/\/www.facebook.com\/SonoraEE","article_published_time":"2020-08-23T22:26:07+00:00","article_modified_time":"2020-08-24T00:10:14+00:00","og_image":[{"width":600,"height":398,"url":"https:\/\/www.sonoraenequipo.com.mx\/storage\/2020\/08\/estrobos-auto.jpg","type":"image\/jpeg"}],"author":"enequipo","twitter_card":"summary_large_image","twitter_creator":"@sonoraenequipo","twitter_site":"@sonoraenequipo","twitter_misc":{"Escrito por":"enequipo","Tiempo de lectura":"2 minutos"},"schema":{"@context":"https:\/\/schema.org","@graph":[{"@type":"Article","@id":"https:\/\/www.sonoraenequipo.com.mx\/g-n-detiene-en-guaymas-a-sujeto-conduciendo-auto-con-estrobos\/#article","isPartOf":{"@id":"https:\/\/www.sonoraenequipo.com.mx\/g-n-detiene-en-guaymas-a-sujeto-conduciendo-auto-con-estrobos\/"},"author":{"name":"enequipo","@id":"https:\/\/www.sonoraenequipo.com.mx\/#\/schema\/person\/50102df0fb23a8fa9e8effad8fa81386"},"headline":"Guardia Nacional detiene en Guaymas a sujeto conduciendo auto con estrobos","datePublished":"2020-08-23T22:26:07+00:00","dateModified":"2020-08-24T00:10:14+00:00","mainEntityOfPage":{"@id":"https:\/\/www.sonoraenequipo.com.mx\/g-n-detiene-en-guaymas-a-sujeto-conduciendo-auto-con-estrobos\/"},"wordCount":315,"commentCount":0,"publisher":{"@id":"https:\/\/www.sonoraenequipo.com.mx\/#organization"},"image":{"@id":"https:\/\/www.sonoraenequipo.com.mx\/g-n-detiene-en-guaymas-a-sujeto-conduciendo-auto-con-estrobos\/#primaryimage"},"thumbnailUrl":"https:\/\/www.sonoraenequipo.com.mx\/storage\/2020\/08\/estrobos-auto.jpg","articleSection":["Polic\u00edaca"],"inLanguage":"es","potentialAction":[{"@type":"CommentAction","name":"Comment","target":["https:\/\/www.sonoraenequipo.com.mx\/g-n-detiene-en-guaymas-a-sujeto-conduciendo-auto-con-estrobos\/#respond"]}]},{"@type":"WebPage","@id":"https:\/\/www.sonoraenequipo.com.mx\/g-n-detiene-en-guaymas-a-sujeto-conduciendo-auto-con-estrobos\/","url":"https:\/\/www.sonoraenequipo.com.mx\/g-n-detiene-en-guaymas-a-sujeto-conduciendo-auto-con-estrobos\/","name":"Sonora en Equipo. Guardia Nacional detiene en Guaymas a sujeto conduciendo auto con estrobos Polic\u00edaca","isPartOf":{"@id":"https:\/\/www.sonoraenequipo.com.mx\/#website"},"primaryImageOfPage":{"@id":"https:\/\/www.sonoraenequipo.com.mx\/g-n-detiene-en-guaymas-a-sujeto-conduciendo-auto-con-estrobos\/#primaryimage"},"image":{"@id":"https:\/\/www.sonoraenequipo.com.mx\/g-n-detiene-en-guaymas-a-sujeto-conduciendo-auto-con-estrobos\/#primaryimage"},"thumbnailUrl":"https:\/\/www.sonoraenequipo.com.mx\/storage\/2020\/08\/estrobos-auto.jpg","datePublished":"2020-08-23T22:26:07+00:00","dateModified":"2020-08-24T00:10:14+00:00","description":"GUAYMAS, SONORA,MX.\u2500\u2500 Despu\u00e9s de ser sorprendido por elementos de la Guardia Nacional en un veh\u00edculo con luces estrobosc\u00f3picas, asignadas solo a unidades En Sonora en Equipo publicamos toda la informaci\u00f3n de Sonora, M\u00e9xico y el Mundo de manera oportuna y busca que la libertad de expresi\u00f3n sea real. Visita nuestro medio informativo publicado desde Hermosillo, Sonora. %","breadcrumb":{"@id":"https:\/\/www.sonoraenequipo.com.mx\/g-n-detiene-en-guaymas-a-sujeto-conduciendo-auto-con-estrobos\/#breadcrumb"},"inLanguage":"es","potentialAction":[{"@type":"ReadAction","target":["https:\/\/www.sonoraenequipo.com.mx\/g-n-detiene-en-guaymas-a-sujeto-conduciendo-auto-con-estrobos\/"]}]},{"@type":"ImageObject","inLanguage":"es","@id":"https:\/\/www.sonoraenequipo.com.mx\/g-n-detiene-en-guaymas-a-sujeto-conduciendo-auto-con-estrobos\/#primaryimage","url":"https:\/\/www.sonoraenequipo.com.mx\/storage\/2020\/08\/estrobos-auto.jpg","contentUrl":"https:\/\/www.sonoraenequipo.com.mx\/storage\/2020\/08\/estrobos-auto.jpg","width":600,"height":398},{"@type":"BreadcrumbList","@id":"https:\/\/www.sonoraenequipo.com.mx\/g-n-detiene-en-guaymas-a-sujeto-conduciendo-auto-con-estrobos\/#breadcrumb","itemListElement":[{"@type":"ListItem","position":1,"name":"Portada","item":"https:\/\/www.sonoraenequipo.com.mx\/"},{"@type":"ListItem","position":2,"name":"Guardia Nacional detiene en Guaymas a sujeto conduciendo auto con estrobos"}]},{"@type":"WebSite","@id":"https:\/\/www.sonoraenequipo.com.mx\/#website","url":"https:\/\/www.sonoraenequipo.com.mx\/","name":"Sonora en Equipo.","description":"Diario en l\u00ednea con Noticias desde Hermosillo, Sonora","publisher":{"@id":"https:\/\/www.sonoraenequipo.com.mx\/#organization"},"potentialAction":[{"@type":"SearchAction","target":{"@type":"EntryPoint","urlTemplate":"https:\/\/www.sonoraenequipo.com.mx\/?s={search_term_string}"},"query-input":{"@type":"PropertyValueSpecification","valueRequired":true,"valueName":"search_term_string"}}],"inLanguage":"es"},{"@type":"Organization","@id":"https:\/\/www.sonoraenequipo.com.mx\/#organization","name":"Sonoraenequipo.com.mx","url":"https:\/\/www.sonoraenequipo.com.mx\/","logo":{"@type":"ImageObject","inLanguage":"es","@id":"https:\/\/www.sonoraenequipo.com.mx\/#\/schema\/logo\/image\/","url":"https:\/\/www.sonoraenequipo.com.mx\/storage\/2019\/01\/sonoraenequipo_opt.png","contentUrl":"https:\/\/www.sonoraenequipo.com.mx\/storage\/2019\/01\/sonoraenequipo_opt.png","width":375,"height":125,"caption":"Sonoraenequipo.com.mx"},"image":{"@id":"https:\/\/www.sonoraenequipo.com.mx\/#\/schema\/logo\/image\/"},"sameAs":["https:\/\/www.facebook.com\/SonoraEE\/","https:\/\/x.com\/sonoraenequipo","https:\/\/www.youtube.com\/channel\/UC338nW-lPEYmJQs4ZABQ1SQ"]},{"@type":"Person","@id":"https:\/\/www.sonoraenequipo.com.mx\/#\/schema\/person\/50102df0fb23a8fa9e8effad8fa81386","name":"enequipo","image":{"@type":"ImageObject","inLanguage":"es","@id":"https:\/\/www.sonoraenequipo.com.mx\/#\/schema\/person\/image\/","url":"https:\/\/secure.gravatar.com\/avatar\/049821681b589dabc0bc20695993ccebb09f5b5d4d790cd9251b97faac7c652b?s=96&d=blank&r=g","contentUrl":"https:\/\/secure.gravatar.com\/avatar\/049821681b589dabc0bc20695993ccebb09f5b5d4d790cd9251b97faac7c652b?s=96&d=blank&r=g","caption":"enequipo"},"sameAs":["https:\/\/www.facebook.com\/SonoraEE"]}]}},"jetpack_featured_media_url":"https:\/\/www.sonoraenequipo.com.mx\/storage\/2020\/08\/estrobos-auto.jpg","_links":{"self":[{"href":"https:\/\/www.sonoraenequipo.com.mx\/api\/wp\/v2\/posts\/93362","targetHints":{"allow":["GET"]}}],"collection":[{"href":"https:\/\/www.sonoraenequipo.com.mx\/api\/wp\/v2\/posts"}],"about":[{"href":"https:\/\/www.sonoraenequipo.com.mx\/api\/wp\/v2\/types\/post"}],"author":[{"embeddable":true,"href":"https:\/\/www.sonoraenequipo.com.mx\/api\/wp\/v2\/users\/1"}],"replies":[{"embeddable":true,"href":"https:\/\/www.sonoraenequipo.com.mx\/api\/wp\/v2\/comments?post=93362"}],"version-history":[{"count":0,"href":"https:\/\/www.sonoraenequipo.com.mx\/api\/wp\/v2\/posts\/93362\/revisions"}],"wp:featuredmedia":[{"embeddable":true,"href":"https:\/\/www.sonoraenequipo.com.mx\/api\/wp\/v2\/media\/93364"}],"wp:attachment":[{"href":"https:\/\/www.sonoraenequipo.com.mx\/api\/wp\/v2\/media?parent=93362"}],"wp:term":[{"taxonomy":"category","embeddable":true,"href":"https:\/\/www.sonoraenequipo.com.mx\/api\/wp\/v2\/categories?post=93362"},{"taxonomy":"post_tag","embeddable":true,"href":"https:\/\/www.sonoraenequipo.com.mx\/api\/wp\/v2\/tags?post=93362"}],"curies":[{"name":"wp","href":"https:\/\/api.w.org\/{rel}","templated":true}]}}