{"id":93372,"date":"2020-08-23T17:48:12","date_gmt":"2020-08-24T00:48:12","guid":{"rendered":"https:\/\/www.sonoraenequipo.com.mx\/?p=93372"},"modified":"2020-08-23T17:48:12","modified_gmt":"2020-08-24T00:48:12","slug":"el-bayern-munich-conquista-su-sexta-copa-de-la-champions-league-1-0-sobre-el-psg","status":"publish","type":"post","link":"https:\/\/www.sonoraenequipo.com.mx\/el-bayern-munich-conquista-su-sexta-copa-de-la-champions-league-1-0-sobre-el-psg\/","title":{"rendered":"El Bayern M\u00fanich conquista su sexta copa de la \u00a0Champions League 1-0 sobre el PSG"},"content":{"rendered":"<h4>\u00a0\u00a0 &gt;&gt;Era la 10\u00aa final para los b\u00e1varos, la primera para el PSG<\/h4>\n<h4>\u00a0&gt;&gt;Coman, con su gol, desequilibr\u00f3 un partido igualado y emocionante<\/h4>\n<p>&nbsp;<\/p>\n<p>LISBOA, PORTUGAL.\u2500\u2500Un solitario gol de Kingsley Coman en la segunda mitad dio al Bayern de M\u00fanich su sexta Copa de Europa en una edici\u00f3n en la que los b\u00e1varos han contado todos sus partidos por victorias. El Paris Saint Germain (PSG), no obstante, no les puso las cosas f\u00e1cil en una final muy igualada y que pudo haberse decantado para cualquiera de los dos equipos. <\/p>\n<p>&nbsp;<\/p>\n<p>El Bayern tuvo m\u00e1s la pelota en la primera mitad, pero la presi\u00f3n del PSG no le permit\u00eda terminar de sentirse c\u00f3modo. Robert Lewandowski, que ha marcado 15 goles en esta edici\u00f3n de la Champions, tuvo con un un tiro al poste la m\u00e1s clara de los alemanes antes del descanso.<\/p>\n<p>&nbsp;<\/p>\n<p>Neymar, muy activo todo el partido, y un Kylian Mbapp\u00e9 algo apagado, tuvieron tambi\u00e9n buenas opciones en la primera mitad, pero Manuel Neuer demostr\u00f3 que sigue siendo uno de los mejores porteros del mundo.<\/p>\n<p>Fecha de Publicaci\u00f3n 23\/ago\/2020\/ FIFA.COM<\/p>\n","protected":false},"excerpt":{"rendered":"<p>\u00a0\u00a0 &gt;&gt;Era la 10\u00aa final para los b\u00e1varos, la primera para el PSG \u00a0&gt;&gt;Coman, con&#8230;<\/p>\n","protected":false},"author":1,"featured_media":93374,"comment_status":"open","ping_status":"open","sticky":false,"template":"","format":"standard","meta":{"_monsterinsights_skip_tracking":false,"_monsterinsights_sitenote_active":false,"_monsterinsights_sitenote_note":"","_monsterinsights_sitenote_category":0,"footnotes":""},"categories":[10],"tags":[4676],"class_list":["post"],"yoast_head":" \n<title>Sonora en Equipo. El Bayern M\u00fanich conquista su sexta copa de la \u00a0Champions League 1-0 sobre el PSG Deportes<\/title>\n<meta name=\"description\" content=\"\u00a0\u00a0 &gt;&gt;Era la 10\u00aa final para los b\u00e1varos, la primera para el PSG \u00a0&gt;&gt;Coman, con su gol, desequilibr\u00f3 un partido igualado y emocionante &nbsp; En Sonora en Equipo publicamos toda la informaci\u00f3n de Sonora, M\u00e9xico y el Mundo de manera oportuna y busca que la libertad de expresi\u00f3n sea real. Visita nuestro medio informativo publicado desde Hermosillo, Sonora. %\" \/>\n<meta name=\"robots\" content=\"index, follow, max-snippet:-1, max-image-preview:large, max-video-preview:-1\" \/>\n<link rel=\"canonical\" href=\"https:\/\/www.sonoraenequipo.com.mx\/el-bayern-munich-conquista-su-sexta-copa-de-la-champions-league-1-0-sobre-el-psg\/\" \/>\n<meta property=\"og:locale\" content=\"es_ES\" \/>\n<meta property=\"og:type\" content=\"article\" \/>\n<meta property=\"og:title\" content=\"Sonora en Equipo. El Bayern M\u00fanich conquista su sexta copa de la \u00a0Champions League 1-0 sobre el PSG Deportes\" \/>\n<meta property=\"og:description\" content=\"\u00a0\u00a0 &gt;&gt;Era la 10\u00aa final para los b\u00e1varos, la primera para el PSG \u00a0&gt;&gt;Coman, con su gol, desequilibr\u00f3 un partido igualado y emocionante &nbsp; En Sonora en Equipo publicamos toda la informaci\u00f3n de Sonora, M\u00e9xico y el Mundo de manera oportuna y busca que la libertad de expresi\u00f3n sea real. Visita nuestro medio informativo publicado desde Hermosillo, Sonora. %\" \/>\n<meta property=\"og:url\" content=\"https:\/\/www.sonoraenequipo.com.mx\/el-bayern-munich-conquista-su-sexta-copa-de-la-champions-league-1-0-sobre-el-psg\/\" \/>\n<meta property=\"og:site_name\" content=\"Sonora en Equipo.\" \/>\n<meta property=\"article:publisher\" content=\"https:\/\/www.facebook.com\/SonoraEE\/\" \/>\n<meta property=\"article:author\" content=\"https:\/\/www.facebook.com\/SonoraEE\" \/>\n<meta property=\"article:published_time\" content=\"2020-08-24T00:48:12+00:00\" \/>\n<meta property=\"og:image\" content=\"https:\/\/www.sonoraenequipo.com.mx\/storage\/2020\/08\/bayern2.jpg\" \/>\n\t<meta property=\"og:image:width\" content=\"600\" \/>\n\t<meta property=\"og:image:height\" content=\"400\" \/>\n\t<meta property=\"og:image:type\" content=\"image\/jpeg\" \/>\n<meta name=\"author\" content=\"enequipo\" \/>\n<meta name=\"twitter:card\" content=\"summary_large_image\" \/>\n<meta name=\"twitter:creator\" content=\"@sonoraenequipo\" \/>\n<meta name=\"twitter:site\" content=\"@sonoraenequipo\" \/>\n<meta name=\"twitter:label1\" content=\"Escrito por\" \/>\n\t<meta name=\"twitter:data1\" content=\"enequipo\" \/>\n\t<meta name=\"twitter:label2\" content=\"Tiempo de lectura\" \/>\n\t<meta name=\"twitter:data2\" content=\"1 minuto\" \/>\n<script type=\"application\/ld+json\" class=\"yoast-schema-graph\">{\"@context\":\"https:\/\/schema.org\",\"@graph\":[{\"@type\":\"Article\",\"@id\":\"https:\/\/www.sonoraenequipo.com.mx\/el-bayern-munich-conquista-su-sexta-copa-de-la-champions-league-1-0-sobre-el-psg\/#article\",\"isPartOf\":{\"@id\":\"https:\/\/www.sonoraenequipo.com.mx\/el-bayern-munich-conquista-su-sexta-copa-de-la-champions-league-1-0-sobre-el-psg\/\"},\"author\":{\"name\":\"enequipo\",\"@id\":\"https:\/\/www.sonoraenequipo.com.mx\/#\/schema\/person\/50102df0fb23a8fa9e8effad8fa81386\"},\"headline\":\"El Bayern M\u00fanich conquista su sexta copa de la \u00a0Champions League 1-0 sobre el PSG\",\"datePublished\":\"2020-08-24T00:48:12+00:00\",\"mainEntityOfPage\":{\"@id\":\"https:\/\/www.sonoraenequipo.com.mx\/el-bayern-munich-conquista-su-sexta-copa-de-la-champions-league-1-0-sobre-el-psg\/\"},\"wordCount\":213,\"commentCount\":0,\"publisher\":{\"@id\":\"https:\/\/www.sonoraenequipo.com.mx\/#organization\"},\"image\":{\"@id\":\"https:\/\/www.sonoraenequipo.com.mx\/el-bayern-munich-conquista-su-sexta-copa-de-la-champions-league-1-0-sobre-el-psg\/#primaryimage\"},\"thumbnailUrl\":\"https:\/\/www.sonoraenequipo.com.mx\/storage\/2020\/08\/bayern2.jpg\",\"keywords\":[\"Bayern de M\u00fanich\"],\"articleSection\":[\"Deportes\"],\"inLanguage\":\"es\",\"potentialAction\":[{\"@type\":\"CommentAction\",\"name\":\"Comment\",\"target\":[\"https:\/\/www.sonoraenequipo.com.mx\/el-bayern-munich-conquista-su-sexta-copa-de-la-champions-league-1-0-sobre-el-psg\/#respond\"]}]},{\"@type\":\"WebPage\",\"@id\":\"https:\/\/www.sonoraenequipo.com.mx\/el-bayern-munich-conquista-su-sexta-copa-de-la-champions-league-1-0-sobre-el-psg\/\",\"url\":\"https:\/\/www.sonoraenequipo.com.mx\/el-bayern-munich-conquista-su-sexta-copa-de-la-champions-league-1-0-sobre-el-psg\/\",\"name\":\"Sonora en Equipo. El Bayern M\u00fanich conquista su sexta copa de la \u00a0Champions League 1-0 sobre el PSG Deportes\",\"isPartOf\":{\"@id\":\"https:\/\/www.sonoraenequipo.com.mx\/#website\"},\"primaryImageOfPage\":{\"@id\":\"https:\/\/www.sonoraenequipo.com.mx\/el-bayern-munich-conquista-su-sexta-copa-de-la-champions-league-1-0-sobre-el-psg\/#primaryimage\"},\"image\":{\"@id\":\"https:\/\/www.sonoraenequipo.com.mx\/el-bayern-munich-conquista-su-sexta-copa-de-la-champions-league-1-0-sobre-el-psg\/#primaryimage\"},\"thumbnailUrl\":\"https:\/\/www.sonoraenequipo.com.mx\/storage\/2020\/08\/bayern2.jpg\",\"datePublished\":\"2020-08-24T00:48:12+00:00\",\"description\":\"\u00a0\u00a0 &gt;&gt;Era la 10\u00aa final para los b\u00e1varos, la primera para el PSG \u00a0&gt;&gt;Coman, con su gol, desequilibr\u00f3 un partido igualado y emocionante &nbsp; En Sonora en Equipo publicamos toda la informaci\u00f3n de Sonora, M\u00e9xico y el Mundo de manera oportuna y busca que la libertad de expresi\u00f3n sea real. Visita nuestro medio informativo publicado desde Hermosillo, Sonora. %\",\"breadcrumb\":{\"@id\":\"https:\/\/www.sonoraenequipo.com.mx\/el-bayern-munich-conquista-su-sexta-copa-de-la-champions-league-1-0-sobre-el-psg\/#breadcrumb\"},\"inLanguage\":\"es\",\"potentialAction\":[{\"@type\":\"ReadAction\",\"target\":[\"https:\/\/www.sonoraenequipo.com.mx\/el-bayern-munich-conquista-su-sexta-copa-de-la-champions-league-1-0-sobre-el-psg\/\"]}]},{\"@type\":\"ImageObject\",\"inLanguage\":\"es\",\"@id\":\"https:\/\/www.sonoraenequipo.com.mx\/el-bayern-munich-conquista-su-sexta-copa-de-la-champions-league-1-0-sobre-el-psg\/#primaryimage\",\"url\":\"https:\/\/www.sonoraenequipo.com.mx\/storage\/2020\/08\/bayern2.jpg\",\"contentUrl\":\"https:\/\/www.sonoraenequipo.com.mx\/storage\/2020\/08\/bayern2.jpg\",\"width\":600,\"height\":400},{\"@type\":\"BreadcrumbList\",\"@id\":\"https:\/\/www.sonoraenequipo.com.mx\/el-bayern-munich-conquista-su-sexta-copa-de-la-champions-league-1-0-sobre-el-psg\/#breadcrumb\",\"itemListElement\":[{\"@type\":\"ListItem\",\"position\":1,\"name\":\"Portada\",\"item\":\"https:\/\/www.sonoraenequipo.com.mx\/\"},{\"@type\":\"ListItem\",\"position\":2,\"name\":\"El Bayern M\u00fanich conquista su sexta copa de la \u00a0Champions League 1-0 sobre el PSG\"}]},{\"@type\":\"WebSite\",\"@id\":\"https:\/\/www.sonoraenequipo.com.mx\/#website\",\"url\":\"https:\/\/www.sonoraenequipo.com.mx\/\",\"name\":\"Sonora en Equipo.\",\"description\":\"Diario en l\u00ednea con Noticias desde Hermosillo, Sonora\",\"publisher\":{\"@id\":\"https:\/\/www.sonoraenequipo.com.mx\/#organization\"},\"potentialAction\":[{\"@type\":\"SearchAction\",\"target\":{\"@type\":\"EntryPoint\",\"urlTemplate\":\"https:\/\/www.sonoraenequipo.com.mx\/?s={search_term_string}\"},\"query-input\":{\"@type\":\"PropertyValueSpecification\",\"valueRequired\":true,\"valueName\":\"search_term_string\"}}],\"inLanguage\":\"es\"},{\"@type\":\"Organization\",\"@id\":\"https:\/\/www.sonoraenequipo.com.mx\/#organization\",\"name\":\"Sonoraenequipo.com.mx\",\"url\":\"https:\/\/www.sonoraenequipo.com.mx\/\",\"logo\":{\"@type\":\"ImageObject\",\"inLanguage\":\"es\",\"@id\":\"https:\/\/www.sonoraenequipo.com.mx\/#\/schema\/logo\/image\/\",\"url\":\"https:\/\/www.sonoraenequipo.com.mx\/storage\/2019\/01\/sonoraenequipo_opt.png\",\"contentUrl\":\"https:\/\/www.sonoraenequipo.com.mx\/storage\/2019\/01\/sonoraenequipo_opt.png\",\"width\":375,\"height\":125,\"caption\":\"Sonoraenequipo.com.mx\"},\"image\":{\"@id\":\"https:\/\/www.sonoraenequipo.com.mx\/#\/schema\/logo\/image\/\"},\"sameAs\":[\"https:\/\/www.facebook.com\/SonoraEE\/\",\"https:\/\/x.com\/sonoraenequipo\",\"https:\/\/www.youtube.com\/channel\/UC338nW-lPEYmJQs4ZABQ1SQ\"]},{\"@type\":\"Person\",\"@id\":\"https:\/\/www.sonoraenequipo.com.mx\/#\/schema\/person\/50102df0fb23a8fa9e8effad8fa81386\",\"name\":\"enequipo\",\"image\":{\"@type\":\"ImageObject\",\"inLanguage\":\"es\",\"@id\":\"https:\/\/www.sonoraenequipo.com.mx\/#\/schema\/person\/image\/\",\"url\":\"https:\/\/secure.gravatar.com\/avatar\/049821681b589dabc0bc20695993ccebb09f5b5d4d790cd9251b97faac7c652b?s=96&d=blank&r=g\",\"contentUrl\":\"https:\/\/secure.gravatar.com\/avatar\/049821681b589dabc0bc20695993ccebb09f5b5d4d790cd9251b97faac7c652b?s=96&d=blank&r=g\",\"caption\":\"enequipo\"},\"sameAs\":[\"https:\/\/www.facebook.com\/SonoraEE\"]}]}<\/script>\n ","yoast_head_json":{"title":"Sonora en Equipo. El Bayern M\u00fanich conquista su sexta copa de la \u00a0Champions League 1-0 sobre el PSG Deportes","description":"\u00a0\u00a0 &gt;&gt;Era la 10\u00aa final para los b\u00e1varos, la primera para el PSG \u00a0&gt;&gt;Coman, con su gol, desequilibr\u00f3 un partido igualado y emocionante &nbsp; En Sonora en Equipo publicamos toda la informaci\u00f3n de Sonora, M\u00e9xico y el Mundo de manera oportuna y busca que la libertad de expresi\u00f3n sea real. Visita nuestro medio informativo publicado desde Hermosillo, Sonora. %","robots":{"index":"index","follow":"follow","max-snippet":"max-snippet:-1","max-image-preview":"max-image-preview:large","max-video-preview":"max-video-preview:-1"},"canonical":"https:\/\/www.sonoraenequipo.com.mx\/el-bayern-munich-conquista-su-sexta-copa-de-la-champions-league-1-0-sobre-el-psg\/","og_locale":"es_ES","og_type":"article","og_title":"Sonora en Equipo. El Bayern M\u00fanich conquista su sexta copa de la \u00a0Champions League 1-0 sobre el PSG Deportes","og_description":"\u00a0\u00a0 &gt;&gt;Era la 10\u00aa final para los b\u00e1varos, la primera para el PSG \u00a0&gt;&gt;Coman, con su gol, desequilibr\u00f3 un partido igualado y emocionante &nbsp; En Sonora en Equipo publicamos toda la informaci\u00f3n de Sonora, M\u00e9xico y el Mundo de manera oportuna y busca que la libertad de expresi\u00f3n sea real. Visita nuestro medio informativo publicado desde Hermosillo, Sonora. %","og_url":"https:\/\/www.sonoraenequipo.com.mx\/el-bayern-munich-conquista-su-sexta-copa-de-la-champions-league-1-0-sobre-el-psg\/","og_site_name":"Sonora en Equipo.","article_publisher":"https:\/\/www.facebook.com\/SonoraEE\/","article_author":"https:\/\/www.facebook.com\/SonoraEE","article_published_time":"2020-08-24T00:48:12+00:00","og_image":[{"width":600,"height":400,"url":"https:\/\/www.sonoraenequipo.com.mx\/storage\/2020\/08\/bayern2.jpg","type":"image\/jpeg"}],"author":"enequipo","twitter_card":"summary_large_image","twitter_creator":"@sonoraenequipo","twitter_site":"@sonoraenequipo","twitter_misc":{"Escrito por":"enequipo","Tiempo de lectura":"1 minuto"},"schema":{"@context":"https:\/\/schema.org","@graph":[{"@type":"Article","@id":"https:\/\/www.sonoraenequipo.com.mx\/el-bayern-munich-conquista-su-sexta-copa-de-la-champions-league-1-0-sobre-el-psg\/#article","isPartOf":{"@id":"https:\/\/www.sonoraenequipo.com.mx\/el-bayern-munich-conquista-su-sexta-copa-de-la-champions-league-1-0-sobre-el-psg\/"},"author":{"name":"enequipo","@id":"https:\/\/www.sonoraenequipo.com.mx\/#\/schema\/person\/50102df0fb23a8fa9e8effad8fa81386"},"headline":"El Bayern M\u00fanich conquista su sexta copa de la \u00a0Champions League 1-0 sobre el PSG","datePublished":"2020-08-24T00:48:12+00:00","mainEntityOfPage":{"@id":"https:\/\/www.sonoraenequipo.com.mx\/el-bayern-munich-conquista-su-sexta-copa-de-la-champions-league-1-0-sobre-el-psg\/"},"wordCount":213,"commentCount":0,"publisher":{"@id":"https:\/\/www.sonoraenequipo.com.mx\/#organization"},"image":{"@id":"https:\/\/www.sonoraenequipo.com.mx\/el-bayern-munich-conquista-su-sexta-copa-de-la-champions-league-1-0-sobre-el-psg\/#primaryimage"},"thumbnailUrl":"https:\/\/www.sonoraenequipo.com.mx\/storage\/2020\/08\/bayern2.jpg","keywords":["Bayern de M\u00fanich"],"articleSection":["Deportes"],"inLanguage":"es","potentialAction":[{"@type":"CommentAction","name":"Comment","target":["https:\/\/www.sonoraenequipo.com.mx\/el-bayern-munich-conquista-su-sexta-copa-de-la-champions-league-1-0-sobre-el-psg\/#respond"]}]},{"@type":"WebPage","@id":"https:\/\/www.sonoraenequipo.com.mx\/el-bayern-munich-conquista-su-sexta-copa-de-la-champions-league-1-0-sobre-el-psg\/","url":"https:\/\/www.sonoraenequipo.com.mx\/el-bayern-munich-conquista-su-sexta-copa-de-la-champions-league-1-0-sobre-el-psg\/","name":"Sonora en Equipo. El Bayern M\u00fanich conquista su sexta copa de la \u00a0Champions League 1-0 sobre el PSG Deportes","isPartOf":{"@id":"https:\/\/www.sonoraenequipo.com.mx\/#website"},"primaryImageOfPage":{"@id":"https:\/\/www.sonoraenequipo.com.mx\/el-bayern-munich-conquista-su-sexta-copa-de-la-champions-league-1-0-sobre-el-psg\/#primaryimage"},"image":{"@id":"https:\/\/www.sonoraenequipo.com.mx\/el-bayern-munich-conquista-su-sexta-copa-de-la-champions-league-1-0-sobre-el-psg\/#primaryimage"},"thumbnailUrl":"https:\/\/www.sonoraenequipo.com.mx\/storage\/2020\/08\/bayern2.jpg","datePublished":"2020-08-24T00:48:12+00:00","description":"\u00a0\u00a0 &gt;&gt;Era la 10\u00aa final para los b\u00e1varos, la primera para el PSG \u00a0&gt;&gt;Coman, con su gol, desequilibr\u00f3 un partido igualado y emocionante &nbsp; En Sonora en Equipo publicamos toda la informaci\u00f3n de Sonora, M\u00e9xico y el Mundo de manera oportuna y busca que la libertad de expresi\u00f3n sea real. Visita nuestro medio informativo publicado desde Hermosillo, Sonora. %","breadcrumb":{"@id":"https:\/\/www.sonoraenequipo.com.mx\/el-bayern-munich-conquista-su-sexta-copa-de-la-champions-league-1-0-sobre-el-psg\/#breadcrumb"},"inLanguage":"es","potentialAction":[{"@type":"ReadAction","target":["https:\/\/www.sonoraenequipo.com.mx\/el-bayern-munich-conquista-su-sexta-copa-de-la-champions-league-1-0-sobre-el-psg\/"]}]},{"@type":"ImageObject","inLanguage":"es","@id":"https:\/\/www.sonoraenequipo.com.mx\/el-bayern-munich-conquista-su-sexta-copa-de-la-champions-league-1-0-sobre-el-psg\/#primaryimage","url":"https:\/\/www.sonoraenequipo.com.mx\/storage\/2020\/08\/bayern2.jpg","contentUrl":"https:\/\/www.sonoraenequipo.com.mx\/storage\/2020\/08\/bayern2.jpg","width":600,"height":400},{"@type":"BreadcrumbList","@id":"https:\/\/www.sonoraenequipo.com.mx\/el-bayern-munich-conquista-su-sexta-copa-de-la-champions-league-1-0-sobre-el-psg\/#breadcrumb","itemListElement":[{"@type":"ListItem","position":1,"name":"Portada","item":"https:\/\/www.sonoraenequipo.com.mx\/"},{"@type":"ListItem","position":2,"name":"El Bayern M\u00fanich conquista su sexta copa de la \u00a0Champions League 1-0 sobre el PSG"}]},{"@type":"WebSite","@id":"https:\/\/www.sonoraenequipo.com.mx\/#website","url":"https:\/\/www.sonoraenequipo.com.mx\/","name":"Sonora en Equipo.","description":"Diario en l\u00ednea con Noticias desde Hermosillo, Sonora","publisher":{"@id":"https:\/\/www.sonoraenequipo.com.mx\/#organization"},"potentialAction":[{"@type":"SearchAction","target":{"@type":"EntryPoint","urlTemplate":"https:\/\/www.sonoraenequipo.com.mx\/?s={search_term_string}"},"query-input":{"@type":"PropertyValueSpecification","valueRequired":true,"valueName":"search_term_string"}}],"inLanguage":"es"},{"@type":"Organization","@id":"https:\/\/www.sonoraenequipo.com.mx\/#organization","name":"Sonoraenequipo.com.mx","url":"https:\/\/www.sonoraenequipo.com.mx\/","logo":{"@type":"ImageObject","inLanguage":"es","@id":"https:\/\/www.sonoraenequipo.com.mx\/#\/schema\/logo\/image\/","url":"https:\/\/www.sonoraenequipo.com.mx\/storage\/2019\/01\/sonoraenequipo_opt.png","contentUrl":"https:\/\/www.sonoraenequipo.com.mx\/storage\/2019\/01\/sonoraenequipo_opt.png","width":375,"height":125,"caption":"Sonoraenequipo.com.mx"},"image":{"@id":"https:\/\/www.sonoraenequipo.com.mx\/#\/schema\/logo\/image\/"},"sameAs":["https:\/\/www.facebook.com\/SonoraEE\/","https:\/\/x.com\/sonoraenequipo","https:\/\/www.youtube.com\/channel\/UC338nW-lPEYmJQs4ZABQ1SQ"]},{"@type":"Person","@id":"https:\/\/www.sonoraenequipo.com.mx\/#\/schema\/person\/50102df0fb23a8fa9e8effad8fa81386","name":"enequipo","image":{"@type":"ImageObject","inLanguage":"es","@id":"https:\/\/www.sonoraenequipo.com.mx\/#\/schema\/person\/image\/","url":"https:\/\/secure.gravatar.com\/avatar\/049821681b589dabc0bc20695993ccebb09f5b5d4d790cd9251b97faac7c652b?s=96&d=blank&r=g","contentUrl":"https:\/\/secure.gravatar.com\/avatar\/049821681b589dabc0bc20695993ccebb09f5b5d4d790cd9251b97faac7c652b?s=96&d=blank&r=g","caption":"enequipo"},"sameAs":["https:\/\/www.facebook.com\/SonoraEE"]}]}},"jetpack_featured_media_url":"https:\/\/www.sonoraenequipo.com.mx\/storage\/2020\/08\/bayern2.jpg","_links":{"self":[{"href":"https:\/\/www.sonoraenequipo.com.mx\/api\/wp\/v2\/posts\/93372","targetHints":{"allow":["GET"]}}],"collection":[{"href":"https:\/\/www.sonoraenequipo.com.mx\/api\/wp\/v2\/posts"}],"about":[{"href":"https:\/\/www.sonoraenequipo.com.mx\/api\/wp\/v2\/types\/post"}],"author":[{"embeddable":true,"href":"https:\/\/www.sonoraenequipo.com.mx\/api\/wp\/v2\/users\/1"}],"replies":[{"embeddable":true,"href":"https:\/\/www.sonoraenequipo.com.mx\/api\/wp\/v2\/comments?post=93372"}],"version-history":[{"count":0,"href":"https:\/\/www.sonoraenequipo.com.mx\/api\/wp\/v2\/posts\/93372\/revisions"}],"wp:featuredmedia":[{"embeddable":true,"href":"https:\/\/www.sonoraenequipo.com.mx\/api\/wp\/v2\/media\/93374"}],"wp:attachment":[{"href":"https:\/\/www.sonoraenequipo.com.mx\/api\/wp\/v2\/media?parent=93372"}],"wp:term":[{"taxonomy":"category","embeddable":true,"href":"https:\/\/www.sonoraenequipo.com.mx\/api\/wp\/v2\/categories?post=93372"},{"taxonomy":"post_tag","embeddable":true,"href":"https:\/\/www.sonoraenequipo.com.mx\/api\/wp\/v2\/tags?post=93372"}],"curies":[{"name":"wp","href":"https:\/\/api.w.org\/{rel}","templated":true}]}}