{"id":93909,"date":"2020-08-29T22:24:06","date_gmt":"2020-08-30T05:24:06","guid":{"rendered":"https:\/\/www.sonoraenequipo.com.mx\/?p=93909"},"modified":"2020-08-30T11:26:04","modified_gmt":"2020-08-30T18:26:04","slug":"caso-de-reinfeccion-de-covid-19-podria-ser-una-infeccion-cronica","status":"publish","type":"post","link":"https:\/\/www.sonoraenequipo.com.mx\/caso-de-reinfeccion-de-covid-19-podria-ser-una-infeccion-cronica\/","title":{"rendered":"Caso de reinfecci\u00f3n de COVID-19 podr\u00eda ser una infecci\u00f3n cr\u00f3nica"},"content":{"rendered":"<p>CIUDAD DE M\u00c9XICO. MX. \u2014 El director de Prestaciones M\u00e9dicas del Instituto Mexicano del Seguro Social (IMSS), V\u00edctor Hugo Borja Aburto, dijo que de acuerdo con pruebas realizadas por el Laboratorio Central de Epidemiolog\u00eda del IMSS, el posible caso de reinfecci\u00f3n de COVID-19 en una residente del IMSS podr\u00eda ser una infecci\u00f3n cr\u00f3nica.<\/p>\n<p>&nbsp;<\/p>\n<p> <\/p>\n<p>&nbsp;<\/p>\n<p><em>\u201cDel inicio del cuadro cl\u00ednico a la \u00faltima prueba pasaron, despu\u00e9s de la segunda exposici\u00f3n, 52 d\u00edas, es probable que esto sea una infecci\u00f3n cr\u00f3nica\u201d,<\/em> dijo Borja Aburto.<\/p>\n<p>&nbsp;<\/p>\n<p>El especialista explic\u00f3 que la primera infecci\u00f3n de la residente del IMSS se confirm\u00f3 a trav\u00e9s de una prueba serol\u00f3gica, mientras que el segundo caso se confirm\u00f3 mediante una prueba PCR. Esto, se\u00f1al\u00f3, es importante porque la primera mide la reacci\u00f3n de anticuerpos, mientras que la segunda registra rastros del virus.<\/p>\n<p>&nbsp;<\/p>\n<p>Agreg\u00f3 que por ahora se busca recuperar las muestras ocupadas para la prueba serol\u00f3gica, pues ah\u00ed podr\u00eda haber material gen\u00e9tico del virus que, al secuenciarlo, podr\u00eda compararse con las muestras del segundo virus y definir si se trata del mismo virus y por tanto, si se trata de una reinfecci\u00f3n\u2014la paciente volvi\u00f3 a contraer la enfermedad\u2014 o una infecci\u00f3n cr\u00f3nica \u2014la paciente contin\u00faa con la enfermedad\u2014.<\/p>\n<p>&nbsp;<\/p>\n<p><em>\u201cDespu\u00e9s de esta segunda exposici\u00f3n la doctora ha sido asintom\u00e1tica, solo present\u00f3 un cuadro cl\u00ednico con la primera enfermedad, el 31 de marzo\u201d<\/em>, indic\u00f3.<\/p>\n<p>&nbsp;<\/p>\n<p>Concluy\u00f3 que hasta ahora no es posible descartar la reinfecci\u00f3n, pero tambi\u00e9n podr\u00eda tratarse de una infecci\u00f3n cr\u00f3nica.<\/p>\n<p>&nbsp;<\/p>\n<p><em>\u201cNo lo podemos descartar como reinfecci\u00f3n pero tampoco puede ser confirmado en este momento, y s\u00ed es factible que sea una infecci\u00f3n cr\u00f3nica, que se ha reportado en otros lados, as\u00ed ha sido en la comunidad cient\u00edfica, el caso de la positividad prolongada que el caso de reinfecciones\u201d<\/em>.<\/p>\n<p>&nbsp;<\/p>\n<p>&nbsp;<\/p>\n<p>(PUBLICADO EL 29\/08\/2020 \/Agencias,Televisa,Infoson)<\/p>\n","protected":false},"excerpt":{"rendered":"<p>CIUDAD DE M\u00c9XICO. MX. \u2014 El director de Prestaciones M\u00e9dicas del Instituto Mexicano del Seguro&#8230;<\/p>\n","protected":false},"author":1,"featured_media":93901,"comment_status":"open","ping_status":"open","sticky":false,"template":"","format":"standard","meta":{"_monsterinsights_skip_tracking":false,"_monsterinsights_sitenote_active":false,"_monsterinsights_sitenote_note":"","_monsterinsights_sitenote_category":0,"footnotes":""},"categories":[5],"tags":[],"class_list":["post"],"yoast_head":" \n<title>Sonora en Equipo. Caso de reinfecci\u00f3n de COVID-19 podr\u00eda ser una infecci\u00f3n cr\u00f3nica Rep\u00fablica<\/title>\n<meta name=\"description\" content=\"CIUDAD DE M\u00c9XICO. MX. \u2014 El director de Prestaciones M\u00e9dicas del Instituto Mexicano del Seguro Social (IMSS), V\u00edctor Hugo Borja Aburto, dijo que de acuerdo En Sonora en Equipo publicamos toda la informaci\u00f3n de Sonora, M\u00e9xico y el Mundo de manera oportuna y busca que la libertad de expresi\u00f3n sea real. Visita nuestro medio informativo publicado desde Hermosillo, Sonora. %\" \/>\n<meta name=\"robots\" content=\"index, follow, max-snippet:-1, max-image-preview:large, max-video-preview:-1\" \/>\n<link rel=\"canonical\" href=\"https:\/\/www.sonoraenequipo.com.mx\/caso-de-reinfeccion-de-covid-19-podria-ser-una-infeccion-cronica\/\" \/>\n<meta property=\"og:locale\" content=\"es_ES\" \/>\n<meta property=\"og:type\" content=\"article\" \/>\n<meta property=\"og:title\" content=\"Sonora en Equipo. Caso de reinfecci\u00f3n de COVID-19 podr\u00eda ser una infecci\u00f3n cr\u00f3nica Rep\u00fablica\" \/>\n<meta property=\"og:description\" content=\"CIUDAD DE M\u00c9XICO. MX. \u2014 El director de Prestaciones M\u00e9dicas del Instituto Mexicano del Seguro Social (IMSS), V\u00edctor Hugo Borja Aburto, dijo que de acuerdo En Sonora en Equipo publicamos toda la informaci\u00f3n de Sonora, M\u00e9xico y el Mundo de manera oportuna y busca que la libertad de expresi\u00f3n sea real. Visita nuestro medio informativo publicado desde Hermosillo, Sonora. %\" \/>\n<meta property=\"og:url\" content=\"https:\/\/www.sonoraenequipo.com.mx\/caso-de-reinfeccion-de-covid-19-podria-ser-una-infeccion-cronica\/\" \/>\n<meta property=\"og:site_name\" content=\"Sonora en Equipo.\" \/>\n<meta property=\"article:publisher\" content=\"https:\/\/www.facebook.com\/SonoraEE\/\" \/>\n<meta property=\"article:author\" content=\"https:\/\/www.facebook.com\/SonoraEE\" \/>\n<meta property=\"article:published_time\" content=\"2020-08-30T05:24:06+00:00\" \/>\n<meta property=\"article:modified_time\" content=\"2020-08-30T18:26:04+00:00\" \/>\n<meta property=\"og:image\" content=\"https:\/\/www.sonoraenequipo.com.mx\/storage\/2020\/08\/conferencia-covid-29-agosto_opt.jpg\" \/>\n\t<meta property=\"og:image:width\" content=\"709\" \/>\n\t<meta property=\"og:image:height\" content=\"400\" \/>\n\t<meta property=\"og:image:type\" content=\"image\/jpeg\" \/>\n<meta name=\"author\" content=\"enequipo\" \/>\n<meta name=\"twitter:card\" content=\"summary_large_image\" \/>\n<meta name=\"twitter:creator\" content=\"@sonoraenequipo\" \/>\n<meta name=\"twitter:site\" content=\"@sonoraenequipo\" \/>\n<meta name=\"twitter:label1\" content=\"Escrito por\" \/>\n\t<meta name=\"twitter:data1\" content=\"enequipo\" \/>\n\t<meta name=\"twitter:label2\" content=\"Tiempo de lectura\" \/>\n\t<meta name=\"twitter:data2\" content=\"2 minutos\" \/>\n<script type=\"application\/ld+json\" class=\"yoast-schema-graph\">{\"@context\":\"https:\/\/schema.org\",\"@graph\":[{\"@type\":\"Article\",\"@id\":\"https:\/\/www.sonoraenequipo.com.mx\/caso-de-reinfeccion-de-covid-19-podria-ser-una-infeccion-cronica\/#article\",\"isPartOf\":{\"@id\":\"https:\/\/www.sonoraenequipo.com.mx\/caso-de-reinfeccion-de-covid-19-podria-ser-una-infeccion-cronica\/\"},\"author\":{\"name\":\"enequipo\",\"@id\":\"https:\/\/www.sonoraenequipo.com.mx\/#\/schema\/person\/50102df0fb23a8fa9e8effad8fa81386\"},\"headline\":\"Caso de reinfecci\u00f3n de COVID-19 podr\u00eda ser una infecci\u00f3n cr\u00f3nica\",\"datePublished\":\"2020-08-30T05:24:06+00:00\",\"dateModified\":\"2020-08-30T18:26:04+00:00\",\"mainEntityOfPage\":{\"@id\":\"https:\/\/www.sonoraenequipo.com.mx\/caso-de-reinfeccion-de-covid-19-podria-ser-una-infeccion-cronica\/\"},\"wordCount\":354,\"commentCount\":0,\"publisher\":{\"@id\":\"https:\/\/www.sonoraenequipo.com.mx\/#organization\"},\"image\":{\"@id\":\"https:\/\/www.sonoraenequipo.com.mx\/caso-de-reinfeccion-de-covid-19-podria-ser-una-infeccion-cronica\/#primaryimage\"},\"thumbnailUrl\":\"https:\/\/www.sonoraenequipo.com.mx\/storage\/2020\/08\/conferencia-covid-29-agosto_opt.jpg\",\"articleSection\":[\"Rep\u00fablica\"],\"inLanguage\":\"es\",\"potentialAction\":[{\"@type\":\"CommentAction\",\"name\":\"Comment\",\"target\":[\"https:\/\/www.sonoraenequipo.com.mx\/caso-de-reinfeccion-de-covid-19-podria-ser-una-infeccion-cronica\/#respond\"]}]},{\"@type\":\"WebPage\",\"@id\":\"https:\/\/www.sonoraenequipo.com.mx\/caso-de-reinfeccion-de-covid-19-podria-ser-una-infeccion-cronica\/\",\"url\":\"https:\/\/www.sonoraenequipo.com.mx\/caso-de-reinfeccion-de-covid-19-podria-ser-una-infeccion-cronica\/\",\"name\":\"Sonora en Equipo. Caso de reinfecci\u00f3n de COVID-19 podr\u00eda ser una infecci\u00f3n cr\u00f3nica Rep\u00fablica\",\"isPartOf\":{\"@id\":\"https:\/\/www.sonoraenequipo.com.mx\/#website\"},\"primaryImageOfPage\":{\"@id\":\"https:\/\/www.sonoraenequipo.com.mx\/caso-de-reinfeccion-de-covid-19-podria-ser-una-infeccion-cronica\/#primaryimage\"},\"image\":{\"@id\":\"https:\/\/www.sonoraenequipo.com.mx\/caso-de-reinfeccion-de-covid-19-podria-ser-una-infeccion-cronica\/#primaryimage\"},\"thumbnailUrl\":\"https:\/\/www.sonoraenequipo.com.mx\/storage\/2020\/08\/conferencia-covid-29-agosto_opt.jpg\",\"datePublished\":\"2020-08-30T05:24:06+00:00\",\"dateModified\":\"2020-08-30T18:26:04+00:00\",\"description\":\"CIUDAD DE M\u00c9XICO. MX. \u2014 El director de Prestaciones M\u00e9dicas del Instituto Mexicano del Seguro Social (IMSS), V\u00edctor Hugo Borja Aburto, dijo que de acuerdo En Sonora en Equipo publicamos toda la informaci\u00f3n de Sonora, M\u00e9xico y el Mundo de manera oportuna y busca que la libertad de expresi\u00f3n sea real. Visita nuestro medio informativo publicado desde Hermosillo, Sonora. %\",\"breadcrumb\":{\"@id\":\"https:\/\/www.sonoraenequipo.com.mx\/caso-de-reinfeccion-de-covid-19-podria-ser-una-infeccion-cronica\/#breadcrumb\"},\"inLanguage\":\"es\",\"potentialAction\":[{\"@type\":\"ReadAction\",\"target\":[\"https:\/\/www.sonoraenequipo.com.mx\/caso-de-reinfeccion-de-covid-19-podria-ser-una-infeccion-cronica\/\"]}]},{\"@type\":\"ImageObject\",\"inLanguage\":\"es\",\"@id\":\"https:\/\/www.sonoraenequipo.com.mx\/caso-de-reinfeccion-de-covid-19-podria-ser-una-infeccion-cronica\/#primaryimage\",\"url\":\"https:\/\/www.sonoraenequipo.com.mx\/storage\/2020\/08\/conferencia-covid-29-agosto_opt.jpg\",\"contentUrl\":\"https:\/\/www.sonoraenequipo.com.mx\/storage\/2020\/08\/conferencia-covid-29-agosto_opt.jpg\",\"width\":709,\"height\":400},{\"@type\":\"BreadcrumbList\",\"@id\":\"https:\/\/www.sonoraenequipo.com.mx\/caso-de-reinfeccion-de-covid-19-podria-ser-una-infeccion-cronica\/#breadcrumb\",\"itemListElement\":[{\"@type\":\"ListItem\",\"position\":1,\"name\":\"Portada\",\"item\":\"https:\/\/www.sonoraenequipo.com.mx\/\"},{\"@type\":\"ListItem\",\"position\":2,\"name\":\"Caso de reinfecci\u00f3n de COVID-19 podr\u00eda ser una infecci\u00f3n cr\u00f3nica\"}]},{\"@type\":\"WebSite\",\"@id\":\"https:\/\/www.sonoraenequipo.com.mx\/#website\",\"url\":\"https:\/\/www.sonoraenequipo.com.mx\/\",\"name\":\"Sonora en Equipo.\",\"description\":\"Diario en l\u00ednea con Noticias desde Hermosillo, Sonora\",\"publisher\":{\"@id\":\"https:\/\/www.sonoraenequipo.com.mx\/#organization\"},\"potentialAction\":[{\"@type\":\"SearchAction\",\"target\":{\"@type\":\"EntryPoint\",\"urlTemplate\":\"https:\/\/www.sonoraenequipo.com.mx\/?s={search_term_string}\"},\"query-input\":{\"@type\":\"PropertyValueSpecification\",\"valueRequired\":true,\"valueName\":\"search_term_string\"}}],\"inLanguage\":\"es\"},{\"@type\":\"Organization\",\"@id\":\"https:\/\/www.sonoraenequipo.com.mx\/#organization\",\"name\":\"Sonoraenequipo.com.mx\",\"url\":\"https:\/\/www.sonoraenequipo.com.mx\/\",\"logo\":{\"@type\":\"ImageObject\",\"inLanguage\":\"es\",\"@id\":\"https:\/\/www.sonoraenequipo.com.mx\/#\/schema\/logo\/image\/\",\"url\":\"https:\/\/www.sonoraenequipo.com.mx\/storage\/2019\/01\/sonoraenequipo_opt.png\",\"contentUrl\":\"https:\/\/www.sonoraenequipo.com.mx\/storage\/2019\/01\/sonoraenequipo_opt.png\",\"width\":375,\"height\":125,\"caption\":\"Sonoraenequipo.com.mx\"},\"image\":{\"@id\":\"https:\/\/www.sonoraenequipo.com.mx\/#\/schema\/logo\/image\/\"},\"sameAs\":[\"https:\/\/www.facebook.com\/SonoraEE\/\",\"https:\/\/x.com\/sonoraenequipo\",\"https:\/\/www.youtube.com\/channel\/UC338nW-lPEYmJQs4ZABQ1SQ\"]},{\"@type\":\"Person\",\"@id\":\"https:\/\/www.sonoraenequipo.com.mx\/#\/schema\/person\/50102df0fb23a8fa9e8effad8fa81386\",\"name\":\"enequipo\",\"image\":{\"@type\":\"ImageObject\",\"inLanguage\":\"es\",\"@id\":\"https:\/\/www.sonoraenequipo.com.mx\/#\/schema\/person\/image\/\",\"url\":\"https:\/\/secure.gravatar.com\/avatar\/049821681b589dabc0bc20695993ccebb09f5b5d4d790cd9251b97faac7c652b?s=96&d=blank&r=g\",\"contentUrl\":\"https:\/\/secure.gravatar.com\/avatar\/049821681b589dabc0bc20695993ccebb09f5b5d4d790cd9251b97faac7c652b?s=96&d=blank&r=g\",\"caption\":\"enequipo\"},\"sameAs\":[\"https:\/\/www.facebook.com\/SonoraEE\"]}]}<\/script>\n ","yoast_head_json":{"title":"Sonora en Equipo. Caso de reinfecci\u00f3n de COVID-19 podr\u00eda ser una infecci\u00f3n cr\u00f3nica Rep\u00fablica","description":"CIUDAD DE M\u00c9XICO. MX. \u2014 El director de Prestaciones M\u00e9dicas del Instituto Mexicano del Seguro Social (IMSS), V\u00edctor Hugo Borja Aburto, dijo que de acuerdo En Sonora en Equipo publicamos toda la informaci\u00f3n de Sonora, M\u00e9xico y el Mundo de manera oportuna y busca que la libertad de expresi\u00f3n sea real. Visita nuestro medio informativo publicado desde Hermosillo, Sonora. %","robots":{"index":"index","follow":"follow","max-snippet":"max-snippet:-1","max-image-preview":"max-image-preview:large","max-video-preview":"max-video-preview:-1"},"canonical":"https:\/\/www.sonoraenequipo.com.mx\/caso-de-reinfeccion-de-covid-19-podria-ser-una-infeccion-cronica\/","og_locale":"es_ES","og_type":"article","og_title":"Sonora en Equipo. Caso de reinfecci\u00f3n de COVID-19 podr\u00eda ser una infecci\u00f3n cr\u00f3nica Rep\u00fablica","og_description":"CIUDAD DE M\u00c9XICO. MX. \u2014 El director de Prestaciones M\u00e9dicas del Instituto Mexicano del Seguro Social (IMSS), V\u00edctor Hugo Borja Aburto, dijo que de acuerdo En Sonora en Equipo publicamos toda la informaci\u00f3n de Sonora, M\u00e9xico y el Mundo de manera oportuna y busca que la libertad de expresi\u00f3n sea real. Visita nuestro medio informativo publicado desde Hermosillo, Sonora. %","og_url":"https:\/\/www.sonoraenequipo.com.mx\/caso-de-reinfeccion-de-covid-19-podria-ser-una-infeccion-cronica\/","og_site_name":"Sonora en Equipo.","article_publisher":"https:\/\/www.facebook.com\/SonoraEE\/","article_author":"https:\/\/www.facebook.com\/SonoraEE","article_published_time":"2020-08-30T05:24:06+00:00","article_modified_time":"2020-08-30T18:26:04+00:00","og_image":[{"width":709,"height":400,"url":"https:\/\/www.sonoraenequipo.com.mx\/storage\/2020\/08\/conferencia-covid-29-agosto_opt.jpg","type":"image\/jpeg"}],"author":"enequipo","twitter_card":"summary_large_image","twitter_creator":"@sonoraenequipo","twitter_site":"@sonoraenequipo","twitter_misc":{"Escrito por":"enequipo","Tiempo de lectura":"2 minutos"},"schema":{"@context":"https:\/\/schema.org","@graph":[{"@type":"Article","@id":"https:\/\/www.sonoraenequipo.com.mx\/caso-de-reinfeccion-de-covid-19-podria-ser-una-infeccion-cronica\/#article","isPartOf":{"@id":"https:\/\/www.sonoraenequipo.com.mx\/caso-de-reinfeccion-de-covid-19-podria-ser-una-infeccion-cronica\/"},"author":{"name":"enequipo","@id":"https:\/\/www.sonoraenequipo.com.mx\/#\/schema\/person\/50102df0fb23a8fa9e8effad8fa81386"},"headline":"Caso de reinfecci\u00f3n de COVID-19 podr\u00eda ser una infecci\u00f3n cr\u00f3nica","datePublished":"2020-08-30T05:24:06+00:00","dateModified":"2020-08-30T18:26:04+00:00","mainEntityOfPage":{"@id":"https:\/\/www.sonoraenequipo.com.mx\/caso-de-reinfeccion-de-covid-19-podria-ser-una-infeccion-cronica\/"},"wordCount":354,"commentCount":0,"publisher":{"@id":"https:\/\/www.sonoraenequipo.com.mx\/#organization"},"image":{"@id":"https:\/\/www.sonoraenequipo.com.mx\/caso-de-reinfeccion-de-covid-19-podria-ser-una-infeccion-cronica\/#primaryimage"},"thumbnailUrl":"https:\/\/www.sonoraenequipo.com.mx\/storage\/2020\/08\/conferencia-covid-29-agosto_opt.jpg","articleSection":["Rep\u00fablica"],"inLanguage":"es","potentialAction":[{"@type":"CommentAction","name":"Comment","target":["https:\/\/www.sonoraenequipo.com.mx\/caso-de-reinfeccion-de-covid-19-podria-ser-una-infeccion-cronica\/#respond"]}]},{"@type":"WebPage","@id":"https:\/\/www.sonoraenequipo.com.mx\/caso-de-reinfeccion-de-covid-19-podria-ser-una-infeccion-cronica\/","url":"https:\/\/www.sonoraenequipo.com.mx\/caso-de-reinfeccion-de-covid-19-podria-ser-una-infeccion-cronica\/","name":"Sonora en Equipo. Caso de reinfecci\u00f3n de COVID-19 podr\u00eda ser una infecci\u00f3n cr\u00f3nica Rep\u00fablica","isPartOf":{"@id":"https:\/\/www.sonoraenequipo.com.mx\/#website"},"primaryImageOfPage":{"@id":"https:\/\/www.sonoraenequipo.com.mx\/caso-de-reinfeccion-de-covid-19-podria-ser-una-infeccion-cronica\/#primaryimage"},"image":{"@id":"https:\/\/www.sonoraenequipo.com.mx\/caso-de-reinfeccion-de-covid-19-podria-ser-una-infeccion-cronica\/#primaryimage"},"thumbnailUrl":"https:\/\/www.sonoraenequipo.com.mx\/storage\/2020\/08\/conferencia-covid-29-agosto_opt.jpg","datePublished":"2020-08-30T05:24:06+00:00","dateModified":"2020-08-30T18:26:04+00:00","description":"CIUDAD DE M\u00c9XICO. MX. \u2014 El director de Prestaciones M\u00e9dicas del Instituto Mexicano del Seguro Social (IMSS), V\u00edctor Hugo Borja Aburto, dijo que de acuerdo En Sonora en Equipo publicamos toda la informaci\u00f3n de Sonora, M\u00e9xico y el Mundo de manera oportuna y busca que la libertad de expresi\u00f3n sea real. Visita nuestro medio informativo publicado desde Hermosillo, Sonora. %","breadcrumb":{"@id":"https:\/\/www.sonoraenequipo.com.mx\/caso-de-reinfeccion-de-covid-19-podria-ser-una-infeccion-cronica\/#breadcrumb"},"inLanguage":"es","potentialAction":[{"@type":"ReadAction","target":["https:\/\/www.sonoraenequipo.com.mx\/caso-de-reinfeccion-de-covid-19-podria-ser-una-infeccion-cronica\/"]}]},{"@type":"ImageObject","inLanguage":"es","@id":"https:\/\/www.sonoraenequipo.com.mx\/caso-de-reinfeccion-de-covid-19-podria-ser-una-infeccion-cronica\/#primaryimage","url":"https:\/\/www.sonoraenequipo.com.mx\/storage\/2020\/08\/conferencia-covid-29-agosto_opt.jpg","contentUrl":"https:\/\/www.sonoraenequipo.com.mx\/storage\/2020\/08\/conferencia-covid-29-agosto_opt.jpg","width":709,"height":400},{"@type":"BreadcrumbList","@id":"https:\/\/www.sonoraenequipo.com.mx\/caso-de-reinfeccion-de-covid-19-podria-ser-una-infeccion-cronica\/#breadcrumb","itemListElement":[{"@type":"ListItem","position":1,"name":"Portada","item":"https:\/\/www.sonoraenequipo.com.mx\/"},{"@type":"ListItem","position":2,"name":"Caso de reinfecci\u00f3n de COVID-19 podr\u00eda ser una infecci\u00f3n cr\u00f3nica"}]},{"@type":"WebSite","@id":"https:\/\/www.sonoraenequipo.com.mx\/#website","url":"https:\/\/www.sonoraenequipo.com.mx\/","name":"Sonora en Equipo.","description":"Diario en l\u00ednea con Noticias desde Hermosillo, Sonora","publisher":{"@id":"https:\/\/www.sonoraenequipo.com.mx\/#organization"},"potentialAction":[{"@type":"SearchAction","target":{"@type":"EntryPoint","urlTemplate":"https:\/\/www.sonoraenequipo.com.mx\/?s={search_term_string}"},"query-input":{"@type":"PropertyValueSpecification","valueRequired":true,"valueName":"search_term_string"}}],"inLanguage":"es"},{"@type":"Organization","@id":"https:\/\/www.sonoraenequipo.com.mx\/#organization","name":"Sonoraenequipo.com.mx","url":"https:\/\/www.sonoraenequipo.com.mx\/","logo":{"@type":"ImageObject","inLanguage":"es","@id":"https:\/\/www.sonoraenequipo.com.mx\/#\/schema\/logo\/image\/","url":"https:\/\/www.sonoraenequipo.com.mx\/storage\/2019\/01\/sonoraenequipo_opt.png","contentUrl":"https:\/\/www.sonoraenequipo.com.mx\/storage\/2019\/01\/sonoraenequipo_opt.png","width":375,"height":125,"caption":"Sonoraenequipo.com.mx"},"image":{"@id":"https:\/\/www.sonoraenequipo.com.mx\/#\/schema\/logo\/image\/"},"sameAs":["https:\/\/www.facebook.com\/SonoraEE\/","https:\/\/x.com\/sonoraenequipo","https:\/\/www.youtube.com\/channel\/UC338nW-lPEYmJQs4ZABQ1SQ"]},{"@type":"Person","@id":"https:\/\/www.sonoraenequipo.com.mx\/#\/schema\/person\/50102df0fb23a8fa9e8effad8fa81386","name":"enequipo","image":{"@type":"ImageObject","inLanguage":"es","@id":"https:\/\/www.sonoraenequipo.com.mx\/#\/schema\/person\/image\/","url":"https:\/\/secure.gravatar.com\/avatar\/049821681b589dabc0bc20695993ccebb09f5b5d4d790cd9251b97faac7c652b?s=96&d=blank&r=g","contentUrl":"https:\/\/secure.gravatar.com\/avatar\/049821681b589dabc0bc20695993ccebb09f5b5d4d790cd9251b97faac7c652b?s=96&d=blank&r=g","caption":"enequipo"},"sameAs":["https:\/\/www.facebook.com\/SonoraEE"]}]}},"jetpack_featured_media_url":"https:\/\/www.sonoraenequipo.com.mx\/storage\/2020\/08\/conferencia-covid-29-agosto_opt.jpg","_links":{"self":[{"href":"https:\/\/www.sonoraenequipo.com.mx\/api\/wp\/v2\/posts\/93909","targetHints":{"allow":["GET"]}}],"collection":[{"href":"https:\/\/www.sonoraenequipo.com.mx\/api\/wp\/v2\/posts"}],"about":[{"href":"https:\/\/www.sonoraenequipo.com.mx\/api\/wp\/v2\/types\/post"}],"author":[{"embeddable":true,"href":"https:\/\/www.sonoraenequipo.com.mx\/api\/wp\/v2\/users\/1"}],"replies":[{"embeddable":true,"href":"https:\/\/www.sonoraenequipo.com.mx\/api\/wp\/v2\/comments?post=93909"}],"version-history":[{"count":0,"href":"https:\/\/www.sonoraenequipo.com.mx\/api\/wp\/v2\/posts\/93909\/revisions"}],"wp:featuredmedia":[{"embeddable":true,"href":"https:\/\/www.sonoraenequipo.com.mx\/api\/wp\/v2\/media\/93901"}],"wp:attachment":[{"href":"https:\/\/www.sonoraenequipo.com.mx\/api\/wp\/v2\/media?parent=93909"}],"wp:term":[{"taxonomy":"category","embeddable":true,"href":"https:\/\/www.sonoraenequipo.com.mx\/api\/wp\/v2\/categories?post=93909"},{"taxonomy":"post_tag","embeddable":true,"href":"https:\/\/www.sonoraenequipo.com.mx\/api\/wp\/v2\/tags?post=93909"}],"curies":[{"name":"wp","href":"https:\/\/api.w.org\/{rel}","templated":true}]}}